{"id":73013,"date":"2024-07-16T11:45:52","date_gmt":"2024-07-16T09:45:52","guid":{"rendered":"https:\/\/www.aligro.ch\/pages\/?p=73013"},"modified":"2026-01-16T11:52:23","modified_gmt":"2026-01-16T10:52:23","slug":"fete-nationale-suisse-une-opportunite-pour-la-restauration","status":"publish","type":"post","link":"https:\/\/www.aligro.ch\/pages\/fr\/news\/fete-nationale-suisse-une-opportunite-pour-la-restauration\/","title":{"rendered":"F\u00eate nationale suisse : une opportunit\u00e9 pour la restauration"},"content":{"rendered":"<div class=\"wpb-content-wrapper\"><p>[vc_row][vc_column offset=\u00a0\u00bbvc_hidden-xs\u00a0\u00bb][vc_column_text css=\u00a0\u00bb\u00a0\u00bb]<\/p>\n<div align=\"center\"><\/div>\n<p>[\/vc_column_text][\/vc_column][\/vc_row][vc_row][vc_column offset=\u00a0\u00bbvc_hidden-lg vc_hidden-md vc_hidden-sm\u00a0\u00bb][vc_column_text css=\u00a0\u00bb\u00a0\u00bb]<\/p>\n<div align=\"center\"><\/div>\n<p>[\/vc_column_text][\/vc_column][\/vc_row]<\/p>\n<\/div>","protected":false},"excerpt":{"rendered":"<p>[vc_row][vc_column offset=\u00a0\u00bbvc_hidden-xs\u00a0\u00bb][vc_column_text css=\u00a0\u00bb\u00a0\u00bb] [\/vc_column_text][\/vc_column][\/vc_row][vc_row][vc_column offset=\u00a0\u00bbvc_hidden-lg vc_hidden-md vc_hidden-sm\u00a0\u00bb][vc_column_text css=\u00a0\u00bb\u00a0\u00bb] [\/vc_column_text][\/vc_column][\/vc_row]<\/p>\n","protected":false},"author":7,"featured_media":73085,"comment_status":"closed","ping_status":"closed","sticky":false,"template":"","format":"standard","meta":{"_acf_changed":false,"footnotes":""},"categories":[730],"tags":[],"class_list":["post-73013","post","type-post","status-publish","format-standard","has-post-thumbnail","hentry","category-tendances-et-idees"],"acf":[],"yoast_head":"<!-- This site is optimized with the Yoast SEO plugin v27.5 - https:\/\/yoast.com\/product\/yoast-seo-wordpress\/ -->\n<title>F\u00eate nationale suisse : une opportunit\u00e9 pour la restauration<\/title>\n<meta name=\"description\" content=\"La F\u00eate nationale suisse, c\u00e9l\u00e9br\u00e9e chaque ann\u00e9e le 1er ao\u00fbt, est une occasionpour les restaurateurs de se d\u00e9marquer et d&#039;attirer de nombreux clients dansleur \u00e9tablissement. Pour maximiser le succ\u00e8s de cette journ\u00e9e embl\u00e9matique,voici quelques id\u00e9es, m\u00ealant tradition et innovation, pour garantir une exp\u00e9riencem\u00e9morable \u00e0 vos clients.\" \/>\n<meta name=\"robots\" content=\"index, follow, max-snippet:-1, max-image-preview:large, max-video-preview:-1\" \/>\n<link rel=\"canonical\" href=\"https:\/\/www.aligro.ch\/pages\/fr\/news\/fete-nationale-suisse-une-opportunite-pour-la-restauration\/\" \/>\n<meta property=\"og:locale\" content=\"fr_FR\" \/>\n<meta property=\"og:type\" content=\"article\" \/>\n<meta property=\"og:title\" content=\"F\u00eate nationale suisse : une opportunit\u00e9 pour la restauration\" \/>\n<meta property=\"og:description\" content=\"La F\u00eate nationale suisse, c\u00e9l\u00e9br\u00e9e chaque ann\u00e9e le 1er ao\u00fbt, est une occasionpour les restaurateurs de se d\u00e9marquer et d&#039;attirer de nombreux clients dansleur \u00e9tablissement. Pour maximiser le succ\u00e8s de cette journ\u00e9e embl\u00e9matique,voici quelques id\u00e9es, m\u00ealant tradition et innovation, pour garantir une exp\u00e9riencem\u00e9morable \u00e0 vos clients.\" \/>\n<meta property=\"og:url\" content=\"https:\/\/www.aligro.ch\/pages\/fr\/news\/fete-nationale-suisse-une-opportunite-pour-la-restauration\/\" \/>\n<meta property=\"og:site_name\" content=\"ALIGRO\" \/>\n<meta property=\"article:publisher\" content=\"https:\/\/fb.com\/aligrosuisse\" \/>\n<meta property=\"article:published_time\" content=\"2024-07-16T09:45:52+00:00\" \/>\n<meta property=\"article:modified_time\" content=\"2026-01-16T10:52:23+00:00\" \/>\n<meta property=\"og:image\" content=\"https:\/\/www.aligro.ch\/pages\/wp-content\/uploads\/2024\/07\/fete_nationale-1.jpg\" \/>\n\t<meta property=\"og:image:width\" content=\"1080\" \/>\n\t<meta property=\"og:image:height\" content=\"700\" \/>\n\t<meta property=\"og:image:type\" content=\"image\/jpeg\" \/>\n<meta name=\"author\" content=\"Bryan.Dubuis\" \/>\n<meta name=\"twitter:card\" content=\"summary_large_image\" \/>\n<meta name=\"twitter:label1\" content=\"\u00c9crit par\" \/>\n\t<meta name=\"twitter:data1\" content=\"Bryan.Dubuis\" \/>\n\t<meta name=\"twitter:label2\" content=\"Dur\u00e9e de lecture estim\u00e9e\" \/>\n\t<meta name=\"twitter:data2\" content=\"1 minute\" \/>\n<script type=\"application\/ld+json\" class=\"yoast-schema-graph\">{\"@context\":\"https:\\\/\\\/schema.org\",\"@graph\":[{\"@type\":\"Article\",\"@id\":\"https:\\\/\\\/www.aligro.ch\\\/pages\\\/fr\\\/news\\\/fete-nationale-suisse-une-opportunite-pour-la-restauration\\\/#article\",\"isPartOf\":{\"@id\":\"https:\\\/\\\/www.aligro.ch\\\/pages\\\/fr\\\/news\\\/fete-nationale-suisse-une-opportunite-pour-la-restauration\\\/\"},\"author\":{\"name\":\"Bryan.Dubuis\",\"@id\":\"https:\\\/\\\/www.aligro.ch\\\/pages\\\/#\\\/schema\\\/person\\\/777e796cd5f5445dc18658f0b9f9f016\"},\"headline\":\"F\u00eate nationale suisse : une opportunit\u00e9 pour la restauration\",\"datePublished\":\"2024-07-16T09:45:52+00:00\",\"dateModified\":\"2026-01-16T10:52:23+00:00\",\"mainEntityOfPage\":{\"@id\":\"https:\\\/\\\/www.aligro.ch\\\/pages\\\/fr\\\/news\\\/fete-nationale-suisse-une-opportunite-pour-la-restauration\\\/\"},\"wordCount\":99,\"publisher\":{\"@id\":\"https:\\\/\\\/www.aligro.ch\\\/pages\\\/#organization\"},\"image\":{\"@id\":\"https:\\\/\\\/www.aligro.ch\\\/pages\\\/fr\\\/news\\\/fete-nationale-suisse-une-opportunite-pour-la-restauration\\\/#primaryimage\"},\"thumbnailUrl\":\"https:\\\/\\\/www.aligro.ch\\\/pages\\\/wp-content\\\/uploads\\\/2024\\\/07\\\/fete_nationale-1.jpg\",\"articleSection\":[\"Tendances et id\u00e9es\"],\"inLanguage\":\"fr-FR\"},{\"@type\":\"WebPage\",\"@id\":\"https:\\\/\\\/www.aligro.ch\\\/pages\\\/fr\\\/news\\\/fete-nationale-suisse-une-opportunite-pour-la-restauration\\\/\",\"url\":\"https:\\\/\\\/www.aligro.ch\\\/pages\\\/fr\\\/news\\\/fete-nationale-suisse-une-opportunite-pour-la-restauration\\\/\",\"name\":\"F\u00eate nationale suisse : une opportunit\u00e9 pour la restauration\",\"isPartOf\":{\"@id\":\"https:\\\/\\\/www.aligro.ch\\\/pages\\\/#website\"},\"primaryImageOfPage\":{\"@id\":\"https:\\\/\\\/www.aligro.ch\\\/pages\\\/fr\\\/news\\\/fete-nationale-suisse-une-opportunite-pour-la-restauration\\\/#primaryimage\"},\"image\":{\"@id\":\"https:\\\/\\\/www.aligro.ch\\\/pages\\\/fr\\\/news\\\/fete-nationale-suisse-une-opportunite-pour-la-restauration\\\/#primaryimage\"},\"thumbnailUrl\":\"https:\\\/\\\/www.aligro.ch\\\/pages\\\/wp-content\\\/uploads\\\/2024\\\/07\\\/fete_nationale-1.jpg\",\"datePublished\":\"2024-07-16T09:45:52+00:00\",\"dateModified\":\"2026-01-16T10:52:23+00:00\",\"description\":\"La F\u00eate nationale suisse, c\u00e9l\u00e9br\u00e9e chaque ann\u00e9e le 1er ao\u00fbt, est une occasionpour les restaurateurs de se d\u00e9marquer et d'attirer de nombreux clients dansleur \u00e9tablissement. Pour maximiser le succ\u00e8s de cette journ\u00e9e embl\u00e9matique,voici quelques id\u00e9es, m\u00ealant tradition et innovation, pour garantir une exp\u00e9riencem\u00e9morable \u00e0 vos clients.\",\"breadcrumb\":{\"@id\":\"https:\\\/\\\/www.aligro.ch\\\/pages\\\/fr\\\/news\\\/fete-nationale-suisse-une-opportunite-pour-la-restauration\\\/#breadcrumb\"},\"inLanguage\":\"fr-FR\",\"potentialAction\":[{\"@type\":\"ReadAction\",\"target\":[\"https:\\\/\\\/www.aligro.ch\\\/pages\\\/fr\\\/news\\\/fete-nationale-suisse-une-opportunite-pour-la-restauration\\\/\"]}]},{\"@type\":\"ImageObject\",\"inLanguage\":\"fr-FR\",\"@id\":\"https:\\\/\\\/www.aligro.ch\\\/pages\\\/fr\\\/news\\\/fete-nationale-suisse-une-opportunite-pour-la-restauration\\\/#primaryimage\",\"url\":\"https:\\\/\\\/www.aligro.ch\\\/pages\\\/wp-content\\\/uploads\\\/2024\\\/07\\\/fete_nationale-1.jpg\",\"contentUrl\":\"https:\\\/\\\/www.aligro.ch\\\/pages\\\/wp-content\\\/uploads\\\/2024\\\/07\\\/fete_nationale-1.jpg\",\"width\":1080,\"height\":700},{\"@type\":\"BreadcrumbList\",\"@id\":\"https:\\\/\\\/www.aligro.ch\\\/pages\\\/fr\\\/news\\\/fete-nationale-suisse-une-opportunite-pour-la-restauration\\\/#breadcrumb\",\"itemListElement\":[{\"@type\":\"ListItem\",\"position\":1,\"name\":\"Accueil\",\"item\":\"https:\\\/\\\/www.aligro.ch\\\/pages\\\/de\\\/aligro-academy\\\/\"},{\"@type\":\"ListItem\",\"position\":2,\"name\":\"F\u00eate nationale suisse : une opportunit\u00e9 pour la restauration\"}]},{\"@type\":\"WebSite\",\"@id\":\"https:\\\/\\\/www.aligro.ch\\\/pages\\\/#website\",\"url\":\"https:\\\/\\\/www.aligro.ch\\\/pages\\\/\",\"name\":\"ALIGRO\",\"description\":\"Fra\u00eecheur. Qualit\u00e9. Inspiration.\",\"publisher\":{\"@id\":\"https:\\\/\\\/www.aligro.ch\\\/pages\\\/#organization\"},\"potentialAction\":[{\"@type\":\"SearchAction\",\"target\":{\"@type\":\"EntryPoint\",\"urlTemplate\":\"https:\\\/\\\/www.aligro.ch\\\/pages\\\/?s={search_term_string}\"},\"query-input\":{\"@type\":\"PropertyValueSpecification\",\"valueRequired\":true,\"valueName\":\"search_term_string\"}}],\"inLanguage\":\"fr-FR\"},{\"@type\":\"Organization\",\"@id\":\"https:\\\/\\\/www.aligro.ch\\\/pages\\\/#organization\",\"name\":\"ALIGRO\",\"url\":\"https:\\\/\\\/www.aligro.ch\\\/pages\\\/\",\"logo\":{\"@type\":\"ImageObject\",\"inLanguage\":\"fr-FR\",\"@id\":\"https:\\\/\\\/www.aligro.ch\\\/pages\\\/#\\\/schema\\\/logo\\\/image\\\/\",\"url\":\"https:\\\/\\\/www.aligro.ch\\\/pages\\\/wp-content\\\/uploads\\\/2018\\\/10\\\/Logo@4x.png\",\"contentUrl\":\"https:\\\/\\\/www.aligro.ch\\\/pages\\\/wp-content\\\/uploads\\\/2018\\\/10\\\/Logo@4x.png\",\"width\":1831,\"height\":228,\"caption\":\"ALIGRO\"},\"image\":{\"@id\":\"https:\\\/\\\/www.aligro.ch\\\/pages\\\/#\\\/schema\\\/logo\\\/image\\\/\"},\"sameAs\":[\"https:\\\/\\\/fb.com\\\/aligrosuisse\"]},{\"@type\":\"Person\",\"@id\":\"https:\\\/\\\/www.aligro.ch\\\/pages\\\/#\\\/schema\\\/person\\\/777e796cd5f5445dc18658f0b9f9f016\",\"name\":\"Bryan.Dubuis\",\"image\":{\"@type\":\"ImageObject\",\"inLanguage\":\"fr-FR\",\"@id\":\"https:\\\/\\\/secure.gravatar.com\\\/avatar\\\/f25783eb6169c6f454c439b71266b12b0da0dcb30459ac01a1686f93320329e5?s=96&d=mm&r=g\",\"url\":\"https:\\\/\\\/secure.gravatar.com\\\/avatar\\\/f25783eb6169c6f454c439b71266b12b0da0dcb30459ac01a1686f93320329e5?s=96&d=mm&r=g\",\"contentUrl\":\"https:\\\/\\\/secure.gravatar.com\\\/avatar\\\/f25783eb6169c6f454c439b71266b12b0da0dcb30459ac01a1686f93320329e5?s=96&d=mm&r=g\",\"caption\":\"Bryan.Dubuis\"}}]}<\/script>\n<!-- \/ Yoast SEO plugin. -->","yoast_head_json":{"title":"F\u00eate nationale suisse : une opportunit\u00e9 pour la restauration","description":"La F\u00eate nationale suisse, c\u00e9l\u00e9br\u00e9e chaque ann\u00e9e le 1er ao\u00fbt, est une occasionpour les restaurateurs de se d\u00e9marquer et d'attirer de nombreux clients dansleur \u00e9tablissement. Pour maximiser le succ\u00e8s de cette journ\u00e9e embl\u00e9matique,voici quelques id\u00e9es, m\u00ealant tradition et innovation, pour garantir une exp\u00e9riencem\u00e9morable \u00e0 vos clients.","robots":{"index":"index","follow":"follow","max-snippet":"max-snippet:-1","max-image-preview":"max-image-preview:large","max-video-preview":"max-video-preview:-1"},"canonical":"https:\/\/www.aligro.ch\/pages\/fr\/news\/fete-nationale-suisse-une-opportunite-pour-la-restauration\/","og_locale":"fr_FR","og_type":"article","og_title":"F\u00eate nationale suisse : une opportunit\u00e9 pour la restauration","og_description":"La F\u00eate nationale suisse, c\u00e9l\u00e9br\u00e9e chaque ann\u00e9e le 1er ao\u00fbt, est une occasionpour les restaurateurs de se d\u00e9marquer et d'attirer de nombreux clients dansleur \u00e9tablissement. Pour maximiser le succ\u00e8s de cette journ\u00e9e embl\u00e9matique,voici quelques id\u00e9es, m\u00ealant tradition et innovation, pour garantir une exp\u00e9riencem\u00e9morable \u00e0 vos clients.","og_url":"https:\/\/www.aligro.ch\/pages\/fr\/news\/fete-nationale-suisse-une-opportunite-pour-la-restauration\/","og_site_name":"ALIGRO","article_publisher":"https:\/\/fb.com\/aligrosuisse","article_published_time":"2024-07-16T09:45:52+00:00","article_modified_time":"2026-01-16T10:52:23+00:00","og_image":[{"width":1080,"height":700,"url":"https:\/\/www.aligro.ch\/pages\/wp-content\/uploads\/2024\/07\/fete_nationale-1.jpg","type":"image\/jpeg"}],"author":"Bryan.Dubuis","twitter_card":"summary_large_image","twitter_misc":{"\u00c9crit par":"Bryan.Dubuis","Dur\u00e9e de lecture estim\u00e9e":"1 minute"},"schema":{"@context":"https:\/\/schema.org","@graph":[{"@type":"Article","@id":"https:\/\/www.aligro.ch\/pages\/fr\/news\/fete-nationale-suisse-une-opportunite-pour-la-restauration\/#article","isPartOf":{"@id":"https:\/\/www.aligro.ch\/pages\/fr\/news\/fete-nationale-suisse-une-opportunite-pour-la-restauration\/"},"author":{"name":"Bryan.Dubuis","@id":"https:\/\/www.aligro.ch\/pages\/#\/schema\/person\/777e796cd5f5445dc18658f0b9f9f016"},"headline":"F\u00eate nationale suisse : une opportunit\u00e9 pour la restauration","datePublished":"2024-07-16T09:45:52+00:00","dateModified":"2026-01-16T10:52:23+00:00","mainEntityOfPage":{"@id":"https:\/\/www.aligro.ch\/pages\/fr\/news\/fete-nationale-suisse-une-opportunite-pour-la-restauration\/"},"wordCount":99,"publisher":{"@id":"https:\/\/www.aligro.ch\/pages\/#organization"},"image":{"@id":"https:\/\/www.aligro.ch\/pages\/fr\/news\/fete-nationale-suisse-une-opportunite-pour-la-restauration\/#primaryimage"},"thumbnailUrl":"https:\/\/www.aligro.ch\/pages\/wp-content\/uploads\/2024\/07\/fete_nationale-1.jpg","articleSection":["Tendances et id\u00e9es"],"inLanguage":"fr-FR"},{"@type":"WebPage","@id":"https:\/\/www.aligro.ch\/pages\/fr\/news\/fete-nationale-suisse-une-opportunite-pour-la-restauration\/","url":"https:\/\/www.aligro.ch\/pages\/fr\/news\/fete-nationale-suisse-une-opportunite-pour-la-restauration\/","name":"F\u00eate nationale suisse : une opportunit\u00e9 pour la restauration","isPartOf":{"@id":"https:\/\/www.aligro.ch\/pages\/#website"},"primaryImageOfPage":{"@id":"https:\/\/www.aligro.ch\/pages\/fr\/news\/fete-nationale-suisse-une-opportunite-pour-la-restauration\/#primaryimage"},"image":{"@id":"https:\/\/www.aligro.ch\/pages\/fr\/news\/fete-nationale-suisse-une-opportunite-pour-la-restauration\/#primaryimage"},"thumbnailUrl":"https:\/\/www.aligro.ch\/pages\/wp-content\/uploads\/2024\/07\/fete_nationale-1.jpg","datePublished":"2024-07-16T09:45:52+00:00","dateModified":"2026-01-16T10:52:23+00:00","description":"La F\u00eate nationale suisse, c\u00e9l\u00e9br\u00e9e chaque ann\u00e9e le 1er ao\u00fbt, est une occasionpour les restaurateurs de se d\u00e9marquer et d'attirer de nombreux clients dansleur \u00e9tablissement. Pour maximiser le succ\u00e8s de cette journ\u00e9e embl\u00e9matique,voici quelques id\u00e9es, m\u00ealant tradition et innovation, pour garantir une exp\u00e9riencem\u00e9morable \u00e0 vos clients.","breadcrumb":{"@id":"https:\/\/www.aligro.ch\/pages\/fr\/news\/fete-nationale-suisse-une-opportunite-pour-la-restauration\/#breadcrumb"},"inLanguage":"fr-FR","potentialAction":[{"@type":"ReadAction","target":["https:\/\/www.aligro.ch\/pages\/fr\/news\/fete-nationale-suisse-une-opportunite-pour-la-restauration\/"]}]},{"@type":"ImageObject","inLanguage":"fr-FR","@id":"https:\/\/www.aligro.ch\/pages\/fr\/news\/fete-nationale-suisse-une-opportunite-pour-la-restauration\/#primaryimage","url":"https:\/\/www.aligro.ch\/pages\/wp-content\/uploads\/2024\/07\/fete_nationale-1.jpg","contentUrl":"https:\/\/www.aligro.ch\/pages\/wp-content\/uploads\/2024\/07\/fete_nationale-1.jpg","width":1080,"height":700},{"@type":"BreadcrumbList","@id":"https:\/\/www.aligro.ch\/pages\/fr\/news\/fete-nationale-suisse-une-opportunite-pour-la-restauration\/#breadcrumb","itemListElement":[{"@type":"ListItem","position":1,"name":"Accueil","item":"https:\/\/www.aligro.ch\/pages\/de\/aligro-academy\/"},{"@type":"ListItem","position":2,"name":"F\u00eate nationale suisse : une opportunit\u00e9 pour la restauration"}]},{"@type":"WebSite","@id":"https:\/\/www.aligro.ch\/pages\/#website","url":"https:\/\/www.aligro.ch\/pages\/","name":"ALIGRO","description":"Fra\u00eecheur. Qualit\u00e9. Inspiration.","publisher":{"@id":"https:\/\/www.aligro.ch\/pages\/#organization"},"potentialAction":[{"@type":"SearchAction","target":{"@type":"EntryPoint","urlTemplate":"https:\/\/www.aligro.ch\/pages\/?s={search_term_string}"},"query-input":{"@type":"PropertyValueSpecification","valueRequired":true,"valueName":"search_term_string"}}],"inLanguage":"fr-FR"},{"@type":"Organization","@id":"https:\/\/www.aligro.ch\/pages\/#organization","name":"ALIGRO","url":"https:\/\/www.aligro.ch\/pages\/","logo":{"@type":"ImageObject","inLanguage":"fr-FR","@id":"https:\/\/www.aligro.ch\/pages\/#\/schema\/logo\/image\/","url":"https:\/\/www.aligro.ch\/pages\/wp-content\/uploads\/2018\/10\/Logo@4x.png","contentUrl":"https:\/\/www.aligro.ch\/pages\/wp-content\/uploads\/2018\/10\/Logo@4x.png","width":1831,"height":228,"caption":"ALIGRO"},"image":{"@id":"https:\/\/www.aligro.ch\/pages\/#\/schema\/logo\/image\/"},"sameAs":["https:\/\/fb.com\/aligrosuisse"]},{"@type":"Person","@id":"https:\/\/www.aligro.ch\/pages\/#\/schema\/person\/777e796cd5f5445dc18658f0b9f9f016","name":"Bryan.Dubuis","image":{"@type":"ImageObject","inLanguage":"fr-FR","@id":"https:\/\/secure.gravatar.com\/avatar\/f25783eb6169c6f454c439b71266b12b0da0dcb30459ac01a1686f93320329e5?s=96&d=mm&r=g","url":"https:\/\/secure.gravatar.com\/avatar\/f25783eb6169c6f454c439b71266b12b0da0dcb30459ac01a1686f93320329e5?s=96&d=mm&r=g","contentUrl":"https:\/\/secure.gravatar.com\/avatar\/f25783eb6169c6f454c439b71266b12b0da0dcb30459ac01a1686f93320329e5?s=96&d=mm&r=g","caption":"Bryan.Dubuis"}}]}},"_links":{"self":[{"href":"https:\/\/www.aligro.ch\/pages\/wp-json\/wp\/v2\/posts\/73013","targetHints":{"allow":["GET"]}}],"collection":[{"href":"https:\/\/www.aligro.ch\/pages\/wp-json\/wp\/v2\/posts"}],"about":[{"href":"https:\/\/www.aligro.ch\/pages\/wp-json\/wp\/v2\/types\/post"}],"author":[{"embeddable":true,"href":"https:\/\/www.aligro.ch\/pages\/wp-json\/wp\/v2\/users\/7"}],"replies":[{"embeddable":true,"href":"https:\/\/www.aligro.ch\/pages\/wp-json\/wp\/v2\/comments?post=73013"}],"version-history":[{"count":5,"href":"https:\/\/www.aligro.ch\/pages\/wp-json\/wp\/v2\/posts\/73013\/revisions"}],"predecessor-version":[{"id":101898,"href":"https:\/\/www.aligro.ch\/pages\/wp-json\/wp\/v2\/posts\/73013\/revisions\/101898"}],"wp:featuredmedia":[{"embeddable":true,"href":"https:\/\/www.aligro.ch\/pages\/wp-json\/wp\/v2\/media\/73085"}],"wp:attachment":[{"href":"https:\/\/www.aligro.ch\/pages\/wp-json\/wp\/v2\/media?parent=73013"}],"wp:term":[{"taxonomy":"category","embeddable":true,"href":"https:\/\/www.aligro.ch\/pages\/wp-json\/wp\/v2\/categories?post=73013"},{"taxonomy":"post_tag","embeddable":true,"href":"https:\/\/www.aligro.ch\/pages\/wp-json\/wp\/v2\/tags?post=73013"}],"curies":[{"name":"wp","href":"https:\/\/api.w.org\/{rel}","templated":true}]}}