{"id":66229,"date":"2023-08-28T14:32:59","date_gmt":"2023-08-28T12:32:59","guid":{"rendered":"https:\/\/www.aligro.ch\/pages\/?p=66229"},"modified":"2024-03-20T12:05:44","modified_gmt":"2024-03-20T11:05:44","slug":"la-saison-de-la-chasse-avec-andreas-grossen","status":"publish","type":"post","link":"https:\/\/www.aligro.ch\/pages\/fr\/news\/la-saison-de-la-chasse-avec-andreas-grossen\/","title":{"rendered":"La saison de la chasse avec Andreas Grossen"},"content":{"rendered":"<div class=\"wpb-content-wrapper\"><p>[vc_row][vc_column][vc_column_text]<strong>Avec l&rsquo;arriv\u00e9e de l&rsquo;automne se profile la saison de la chasse, \u00e9veillant l&rsquo;enthousiasme des amateurs de gibier. Dans de multiples restaurants, une effervescence culinaire r\u00e8gne alors que les chefs s&rsquo;appliquent \u00e0 confectionner des mets \u00e0 base de gibier tels que le cerf, le chevreuil ou le sanglier. Le chef Andreas Grossen fait part de son exp\u00e9rience et partage ses astuces.<\/strong><\/p>\n<p>\u00c0 Adelboden (Berne), au restaurant Alpenblick, c&rsquo;est Andreas Grossen qui orchestre les fourneaux. Jeune chef de cuisine, il fait partie de l&rsquo;\u00e9quipe nationale suisse junior des cuisiniers depuis le d\u00e9but de l&rsquo;ann\u00e9e et se trouve, de ce fait, confront\u00e9 \u00e0 une mission de grande envergure aux c\u00f4t\u00e9s de ses co\u00e9quipiers. L&rsquo;ann\u00e9e prochaine, en f\u00e9vrier, se tiendra en effet la prestigieuse Olympiade de la Cuisine \u00e0 Stuttgart, o\u00f9 il esp\u00e8re briller. Un d\u00e9sir d&rsquo;autant plus intense que tout le monde cherche \u00e0 surpasser la Suisse suite \u00e0 son triomphe historique \u00e0 la Culinary World Cup 2022 au Luxembourg, lors de laquelle elle remport\u00e9 le titre de championne du monde.<\/p>\n<p>Andreas Grossen, d\u00e9sireux de renouveler ces succ\u00e8s, excelle dans divers domaines culinaires. S&rsquo;inscrivant dans une longue tradition de l&rsquo;Oberland bernois et offrant une grande palette de variations culinaires, c&rsquo;est tout particuli\u00e8rement la cuisine de la chasse qui lui pla\u00eet le plus.<\/p>\n<p><strong>Quel est votre plat de gibier favori ?<\/strong><\/p>\n<p>Sans h\u00e9sitation, mon coup de c\u0153ur culinaire est le filet de cerf r\u00f4ti, napp\u00e9 d&rsquo;une sauce \u00e0 la cr\u00e8me et accompagn\u00e9 d&rsquo;une garniture assortie.<\/p>\n<p><strong>Qu&rsquo;est-ce qui conf\u00e8re cette particularit\u00e9 aux plats de gibier ?<\/strong><\/p>\n<p>\u00c0 mon sens, la singularit\u00e9 des plats de gibier r\u00e9side dans leur saveur. D&rsquo;une tendret\u00e9 exquise, la viande de gibier se distingue par son go\u00fbt prononc\u00e9.<\/p>\n<p><strong>Comment parvenir \u00e0 une pr\u00e9paration optimale ?<\/strong><\/p>\n<p>Les m\u00e9thodes de pr\u00e9paration pour la viande de gibier sont multiples. Les morceaux de viande tendres sont d\u00e9licieux lorsqu\u2019ils sont saut\u00e9s, r\u00f4tis ou m\u00eame grill\u00e9s. Les pi\u00e8ces un peu plus \u00ab\u00a0coriaces\u00a0\u00bb peuvent \u00eatre marin\u00e9es dans du vin rouge puis brais\u00e9es.<\/p>\n<p><strong>Quelles sont les alternatives traditionnelles ou innovantes en mati\u00e8re d\u2019accompagnements ?<\/strong><\/p>\n<p>Les accompagnements classiques des plats de gibier sont sans conteste les sp\u00e4tzli, le chou rouge et les marrons. N\u00e9anmoins, \u00e0 mon avis, les \u00ab\u00a0Schupfnudeln\u00a0\u00bb (quenelles ou nouilles \u00e9paisses typiques du Sud de l\u2019Allemagne) en guise d&rsquo;accompagnement et le chou de Savoie en tant que l\u00e9gume s&rsquo;associent \u00e0 merveille avec les plats de gibier.<\/p>\n<p>Le chef se pr\u00e9pare actuellement aux Olympiades de la Cuisine, ce qui occupe une partie consid\u00e9rable de ses journ\u00e9es. Le menu en trois services qui sera pr\u00e9sent\u00e9 \u00e0 cet \u00e9v\u00e9nement doit \u00eatre soigneusement planifi\u00e9 \u00e0 l\u2019avance dans les moindres d\u00e9tails. Du 2 au 7 f\u00e9vrier se tiendra ensuite l&rsquo;Olympiade \u00e0 Stuttgart, o\u00f9 les visiteurs auront l&rsquo;opportunit\u00e9 d&rsquo;observer de pr\u00e8s de 2000 chefs issus d&rsquo;environ 70 pays, de les encourager et de savourer ces cr\u00e9ations d&rsquo;excellence venues des quatre coins du globe.[\/vc_column_text][\/vc_column][\/vc_row]<\/p>\n<\/div>","protected":false},"excerpt":{"rendered":"<p>[vc_row][vc_column][vc_column_text]Avec l&rsquo;arriv\u00e9e de l&rsquo;automne se profile la saison de la chasse, \u00e9veillant l&rsquo;enthousiasme des amateurs de gibier. Dans<a class=\"moretag\" href=\"https:\/\/www.aligro.ch\/pages\/fr\/news\/la-saison-de-la-chasse-avec-andreas-grossen\/\"> &#8230;<\/a><\/p>\n","protected":false},"author":9,"featured_media":66232,"comment_status":"closed","ping_status":"closed","sticky":false,"template":"","format":"standard","meta":{"_acf_changed":false,"footnotes":""},"categories":[1],"tags":[],"class_list":["post-66229","post","type-post","status-publish","format-standard","has-post-thumbnail","hentry","category-autre"],"acf":[],"yoast_head":"<!-- This site is optimized with the Yoast SEO plugin v27.4 - https:\/\/yoast.com\/product\/yoast-seo-wordpress\/ -->\n<title>La saison de la chasse avec Andreas Grossen<\/title>\n<meta name=\"description\" content=\"Avec l&#039;arriv\u00e9e de l&#039;automne se profile la saison de la chasse, \u00e9veillant l&#039;enthousiasme des amateurs de gibier. Le chef Andreas Grossen fait part de son exp\u00e9rience et partage ses astuces.\" \/>\n<meta name=\"robots\" content=\"index, follow, max-snippet:-1, max-image-preview:large, max-video-preview:-1\" \/>\n<link rel=\"canonical\" href=\"https:\/\/www.aligro.ch\/pages\/fr\/news\/la-saison-de-la-chasse-avec-andreas-grossen\/\" \/>\n<meta property=\"og:locale\" content=\"fr_FR\" \/>\n<meta property=\"og:type\" content=\"article\" \/>\n<meta property=\"og:title\" content=\"La saison de la chasse avec Andreas Grossen\" \/>\n<meta property=\"og:description\" content=\"Avec l&#039;arriv\u00e9e de l&#039;automne se profile la saison de la chasse, \u00e9veillant l&#039;enthousiasme des amateurs de gibier. Le chef Andreas Grossen fait part de son exp\u00e9rience et partage ses astuces.\" \/>\n<meta property=\"og:url\" content=\"https:\/\/www.aligro.ch\/pages\/fr\/news\/la-saison-de-la-chasse-avec-andreas-grossen\/\" \/>\n<meta property=\"og:site_name\" content=\"ALIGRO\" \/>\n<meta property=\"article:publisher\" content=\"https:\/\/fb.com\/aligrosuisse\" \/>\n<meta property=\"article:published_time\" content=\"2023-08-28T12:32:59+00:00\" \/>\n<meta property=\"article:modified_time\" content=\"2024-03-20T11:05:44+00:00\" \/>\n<meta property=\"og:image\" content=\"https:\/\/www.aligro.ch\/pages\/wp-content\/uploads\/2023\/08\/BANDEAU-PRO.jpg\" \/>\n\t<meta property=\"og:image:width\" content=\"1920\" \/>\n\t<meta property=\"og:image:height\" content=\"1280\" \/>\n\t<meta property=\"og:image:type\" content=\"image\/jpeg\" \/>\n<meta name=\"author\" content=\"Vincent Lavanchy\" \/>\n<meta name=\"twitter:card\" content=\"summary_large_image\" \/>\n<meta name=\"twitter:label1\" content=\"\u00c9crit par\" \/>\n\t<meta name=\"twitter:data1\" content=\"Vincent Lavanchy\" \/>\n\t<meta name=\"twitter:label2\" content=\"Dur\u00e9e de lecture estim\u00e9e\" \/>\n\t<meta name=\"twitter:data2\" content=\"3 minutes\" \/>\n<script type=\"application\/ld+json\" class=\"yoast-schema-graph\">{\"@context\":\"https:\\\/\\\/schema.org\",\"@graph\":[{\"@type\":\"Article\",\"@id\":\"https:\\\/\\\/www.aligro.ch\\\/pages\\\/fr\\\/news\\\/la-saison-de-la-chasse-avec-andreas-grossen\\\/#article\",\"isPartOf\":{\"@id\":\"https:\\\/\\\/www.aligro.ch\\\/pages\\\/fr\\\/news\\\/la-saison-de-la-chasse-avec-andreas-grossen\\\/\"},\"author\":{\"name\":\"Vincent Lavanchy\",\"@id\":\"https:\\\/\\\/www.aligro.ch\\\/pages\\\/#\\\/schema\\\/person\\\/abe4f4a53fec53a8dea10e43adbbe7e3\"},\"headline\":\"La saison de la chasse avec Andreas Grossen\",\"datePublished\":\"2023-08-28T12:32:59+00:00\",\"dateModified\":\"2024-03-20T11:05:44+00:00\",\"mainEntityOfPage\":{\"@id\":\"https:\\\/\\\/www.aligro.ch\\\/pages\\\/fr\\\/news\\\/la-saison-de-la-chasse-avec-andreas-grossen\\\/\"},\"wordCount\":540,\"publisher\":{\"@id\":\"https:\\\/\\\/www.aligro.ch\\\/pages\\\/#organization\"},\"image\":{\"@id\":\"https:\\\/\\\/www.aligro.ch\\\/pages\\\/fr\\\/news\\\/la-saison-de-la-chasse-avec-andreas-grossen\\\/#primaryimage\"},\"thumbnailUrl\":\"https:\\\/\\\/www.aligro.ch\\\/pages\\\/wp-content\\\/uploads\\\/2023\\\/08\\\/BANDEAU-PRO.jpg\",\"articleSection\":[\"Autre\"],\"inLanguage\":\"fr-FR\"},{\"@type\":\"WebPage\",\"@id\":\"https:\\\/\\\/www.aligro.ch\\\/pages\\\/fr\\\/news\\\/la-saison-de-la-chasse-avec-andreas-grossen\\\/\",\"url\":\"https:\\\/\\\/www.aligro.ch\\\/pages\\\/fr\\\/news\\\/la-saison-de-la-chasse-avec-andreas-grossen\\\/\",\"name\":\"La saison de la chasse avec Andreas Grossen\",\"isPartOf\":{\"@id\":\"https:\\\/\\\/www.aligro.ch\\\/pages\\\/#website\"},\"primaryImageOfPage\":{\"@id\":\"https:\\\/\\\/www.aligro.ch\\\/pages\\\/fr\\\/news\\\/la-saison-de-la-chasse-avec-andreas-grossen\\\/#primaryimage\"},\"image\":{\"@id\":\"https:\\\/\\\/www.aligro.ch\\\/pages\\\/fr\\\/news\\\/la-saison-de-la-chasse-avec-andreas-grossen\\\/#primaryimage\"},\"thumbnailUrl\":\"https:\\\/\\\/www.aligro.ch\\\/pages\\\/wp-content\\\/uploads\\\/2023\\\/08\\\/BANDEAU-PRO.jpg\",\"datePublished\":\"2023-08-28T12:32:59+00:00\",\"dateModified\":\"2024-03-20T11:05:44+00:00\",\"description\":\"Avec l'arriv\u00e9e de l'automne se profile la saison de la chasse, \u00e9veillant l'enthousiasme des amateurs de gibier. Le chef Andreas Grossen fait part de son exp\u00e9rience et partage ses astuces.\",\"breadcrumb\":{\"@id\":\"https:\\\/\\\/www.aligro.ch\\\/pages\\\/fr\\\/news\\\/la-saison-de-la-chasse-avec-andreas-grossen\\\/#breadcrumb\"},\"inLanguage\":\"fr-FR\",\"potentialAction\":[{\"@type\":\"ReadAction\",\"target\":[\"https:\\\/\\\/www.aligro.ch\\\/pages\\\/fr\\\/news\\\/la-saison-de-la-chasse-avec-andreas-grossen\\\/\"]}]},{\"@type\":\"ImageObject\",\"inLanguage\":\"fr-FR\",\"@id\":\"https:\\\/\\\/www.aligro.ch\\\/pages\\\/fr\\\/news\\\/la-saison-de-la-chasse-avec-andreas-grossen\\\/#primaryimage\",\"url\":\"https:\\\/\\\/www.aligro.ch\\\/pages\\\/wp-content\\\/uploads\\\/2023\\\/08\\\/BANDEAU-PRO.jpg\",\"contentUrl\":\"https:\\\/\\\/www.aligro.ch\\\/pages\\\/wp-content\\\/uploads\\\/2023\\\/08\\\/BANDEAU-PRO.jpg\",\"width\":1920,\"height\":1280,\"caption\":\"Chef at the pass preparing a dish of venison served with mushrooms, broccoli, carrots and new potatoes with a seasonal berry sauce and decorated with fresh pea shoots. Colour, horizontal format with some copy space. Photographed on location at a restaurant on the island of Moen in Denmark.\"},{\"@type\":\"BreadcrumbList\",\"@id\":\"https:\\\/\\\/www.aligro.ch\\\/pages\\\/fr\\\/news\\\/la-saison-de-la-chasse-avec-andreas-grossen\\\/#breadcrumb\",\"itemListElement\":[{\"@type\":\"ListItem\",\"position\":1,\"name\":\"Accueil\",\"item\":\"https:\\\/\\\/www.aligro.ch\\\/pages\\\/de\\\/aligro-academy\\\/\"},{\"@type\":\"ListItem\",\"position\":2,\"name\":\"La saison de la chasse avec Andreas Grossen\"}]},{\"@type\":\"WebSite\",\"@id\":\"https:\\\/\\\/www.aligro.ch\\\/pages\\\/#website\",\"url\":\"https:\\\/\\\/www.aligro.ch\\\/pages\\\/\",\"name\":\"ALIGRO\",\"description\":\"Fra\u00eecheur. Qualit\u00e9. Inspiration.\",\"publisher\":{\"@id\":\"https:\\\/\\\/www.aligro.ch\\\/pages\\\/#organization\"},\"potentialAction\":[{\"@type\":\"SearchAction\",\"target\":{\"@type\":\"EntryPoint\",\"urlTemplate\":\"https:\\\/\\\/www.aligro.ch\\\/pages\\\/?s={search_term_string}\"},\"query-input\":{\"@type\":\"PropertyValueSpecification\",\"valueRequired\":true,\"valueName\":\"search_term_string\"}}],\"inLanguage\":\"fr-FR\"},{\"@type\":\"Organization\",\"@id\":\"https:\\\/\\\/www.aligro.ch\\\/pages\\\/#organization\",\"name\":\"ALIGRO\",\"url\":\"https:\\\/\\\/www.aligro.ch\\\/pages\\\/\",\"logo\":{\"@type\":\"ImageObject\",\"inLanguage\":\"fr-FR\",\"@id\":\"https:\\\/\\\/www.aligro.ch\\\/pages\\\/#\\\/schema\\\/logo\\\/image\\\/\",\"url\":\"https:\\\/\\\/www.aligro.ch\\\/pages\\\/wp-content\\\/uploads\\\/2018\\\/10\\\/Logo@4x.png\",\"contentUrl\":\"https:\\\/\\\/www.aligro.ch\\\/pages\\\/wp-content\\\/uploads\\\/2018\\\/10\\\/Logo@4x.png\",\"width\":1831,\"height\":228,\"caption\":\"ALIGRO\"},\"image\":{\"@id\":\"https:\\\/\\\/www.aligro.ch\\\/pages\\\/#\\\/schema\\\/logo\\\/image\\\/\"},\"sameAs\":[\"https:\\\/\\\/fb.com\\\/aligrosuisse\"]},{\"@type\":\"Person\",\"@id\":\"https:\\\/\\\/www.aligro.ch\\\/pages\\\/#\\\/schema\\\/person\\\/abe4f4a53fec53a8dea10e43adbbe7e3\",\"name\":\"Vincent Lavanchy\",\"image\":{\"@type\":\"ImageObject\",\"inLanguage\":\"fr-FR\",\"@id\":\"https:\\\/\\\/secure.gravatar.com\\\/avatar\\\/0c26d4efb7d6ae3d3acfb21cea043eed07c8459ea7780b7c5d9d73543f0c4d2e?s=96&d=mm&r=g\",\"url\":\"https:\\\/\\\/secure.gravatar.com\\\/avatar\\\/0c26d4efb7d6ae3d3acfb21cea043eed07c8459ea7780b7c5d9d73543f0c4d2e?s=96&d=mm&r=g\",\"contentUrl\":\"https:\\\/\\\/secure.gravatar.com\\\/avatar\\\/0c26d4efb7d6ae3d3acfb21cea043eed07c8459ea7780b7c5d9d73543f0c4d2e?s=96&d=mm&r=g\",\"caption\":\"Vincent Lavanchy\"}}]}<\/script>\n<!-- \/ Yoast SEO plugin. -->","yoast_head_json":{"title":"La saison de la chasse avec Andreas Grossen","description":"Avec l'arriv\u00e9e de l'automne se profile la saison de la chasse, \u00e9veillant l'enthousiasme des amateurs de gibier. Le chef Andreas Grossen fait part de son exp\u00e9rience et partage ses astuces.","robots":{"index":"index","follow":"follow","max-snippet":"max-snippet:-1","max-image-preview":"max-image-preview:large","max-video-preview":"max-video-preview:-1"},"canonical":"https:\/\/www.aligro.ch\/pages\/fr\/news\/la-saison-de-la-chasse-avec-andreas-grossen\/","og_locale":"fr_FR","og_type":"article","og_title":"La saison de la chasse avec Andreas Grossen","og_description":"Avec l'arriv\u00e9e de l'automne se profile la saison de la chasse, \u00e9veillant l'enthousiasme des amateurs de gibier. Le chef Andreas Grossen fait part de son exp\u00e9rience et partage ses astuces.","og_url":"https:\/\/www.aligro.ch\/pages\/fr\/news\/la-saison-de-la-chasse-avec-andreas-grossen\/","og_site_name":"ALIGRO","article_publisher":"https:\/\/fb.com\/aligrosuisse","article_published_time":"2023-08-28T12:32:59+00:00","article_modified_time":"2024-03-20T11:05:44+00:00","og_image":[{"width":1920,"height":1280,"url":"https:\/\/www.aligro.ch\/pages\/wp-content\/uploads\/2023\/08\/BANDEAU-PRO.jpg","type":"image\/jpeg"}],"author":"Vincent Lavanchy","twitter_card":"summary_large_image","twitter_misc":{"\u00c9crit par":"Vincent Lavanchy","Dur\u00e9e de lecture estim\u00e9e":"3 minutes"},"schema":{"@context":"https:\/\/schema.org","@graph":[{"@type":"Article","@id":"https:\/\/www.aligro.ch\/pages\/fr\/news\/la-saison-de-la-chasse-avec-andreas-grossen\/#article","isPartOf":{"@id":"https:\/\/www.aligro.ch\/pages\/fr\/news\/la-saison-de-la-chasse-avec-andreas-grossen\/"},"author":{"name":"Vincent Lavanchy","@id":"https:\/\/www.aligro.ch\/pages\/#\/schema\/person\/abe4f4a53fec53a8dea10e43adbbe7e3"},"headline":"La saison de la chasse avec Andreas Grossen","datePublished":"2023-08-28T12:32:59+00:00","dateModified":"2024-03-20T11:05:44+00:00","mainEntityOfPage":{"@id":"https:\/\/www.aligro.ch\/pages\/fr\/news\/la-saison-de-la-chasse-avec-andreas-grossen\/"},"wordCount":540,"publisher":{"@id":"https:\/\/www.aligro.ch\/pages\/#organization"},"image":{"@id":"https:\/\/www.aligro.ch\/pages\/fr\/news\/la-saison-de-la-chasse-avec-andreas-grossen\/#primaryimage"},"thumbnailUrl":"https:\/\/www.aligro.ch\/pages\/wp-content\/uploads\/2023\/08\/BANDEAU-PRO.jpg","articleSection":["Autre"],"inLanguage":"fr-FR"},{"@type":"WebPage","@id":"https:\/\/www.aligro.ch\/pages\/fr\/news\/la-saison-de-la-chasse-avec-andreas-grossen\/","url":"https:\/\/www.aligro.ch\/pages\/fr\/news\/la-saison-de-la-chasse-avec-andreas-grossen\/","name":"La saison de la chasse avec Andreas Grossen","isPartOf":{"@id":"https:\/\/www.aligro.ch\/pages\/#website"},"primaryImageOfPage":{"@id":"https:\/\/www.aligro.ch\/pages\/fr\/news\/la-saison-de-la-chasse-avec-andreas-grossen\/#primaryimage"},"image":{"@id":"https:\/\/www.aligro.ch\/pages\/fr\/news\/la-saison-de-la-chasse-avec-andreas-grossen\/#primaryimage"},"thumbnailUrl":"https:\/\/www.aligro.ch\/pages\/wp-content\/uploads\/2023\/08\/BANDEAU-PRO.jpg","datePublished":"2023-08-28T12:32:59+00:00","dateModified":"2024-03-20T11:05:44+00:00","description":"Avec l'arriv\u00e9e de l'automne se profile la saison de la chasse, \u00e9veillant l'enthousiasme des amateurs de gibier. Le chef Andreas Grossen fait part de son exp\u00e9rience et partage ses astuces.","breadcrumb":{"@id":"https:\/\/www.aligro.ch\/pages\/fr\/news\/la-saison-de-la-chasse-avec-andreas-grossen\/#breadcrumb"},"inLanguage":"fr-FR","potentialAction":[{"@type":"ReadAction","target":["https:\/\/www.aligro.ch\/pages\/fr\/news\/la-saison-de-la-chasse-avec-andreas-grossen\/"]}]},{"@type":"ImageObject","inLanguage":"fr-FR","@id":"https:\/\/www.aligro.ch\/pages\/fr\/news\/la-saison-de-la-chasse-avec-andreas-grossen\/#primaryimage","url":"https:\/\/www.aligro.ch\/pages\/wp-content\/uploads\/2023\/08\/BANDEAU-PRO.jpg","contentUrl":"https:\/\/www.aligro.ch\/pages\/wp-content\/uploads\/2023\/08\/BANDEAU-PRO.jpg","width":1920,"height":1280,"caption":"Chef at the pass preparing a dish of venison served with mushrooms, broccoli, carrots and new potatoes with a seasonal berry sauce and decorated with fresh pea shoots. Colour, horizontal format with some copy space. Photographed on location at a restaurant on the island of Moen in Denmark."},{"@type":"BreadcrumbList","@id":"https:\/\/www.aligro.ch\/pages\/fr\/news\/la-saison-de-la-chasse-avec-andreas-grossen\/#breadcrumb","itemListElement":[{"@type":"ListItem","position":1,"name":"Accueil","item":"https:\/\/www.aligro.ch\/pages\/de\/aligro-academy\/"},{"@type":"ListItem","position":2,"name":"La saison de la chasse avec Andreas Grossen"}]},{"@type":"WebSite","@id":"https:\/\/www.aligro.ch\/pages\/#website","url":"https:\/\/www.aligro.ch\/pages\/","name":"ALIGRO","description":"Fra\u00eecheur. Qualit\u00e9. Inspiration.","publisher":{"@id":"https:\/\/www.aligro.ch\/pages\/#organization"},"potentialAction":[{"@type":"SearchAction","target":{"@type":"EntryPoint","urlTemplate":"https:\/\/www.aligro.ch\/pages\/?s={search_term_string}"},"query-input":{"@type":"PropertyValueSpecification","valueRequired":true,"valueName":"search_term_string"}}],"inLanguage":"fr-FR"},{"@type":"Organization","@id":"https:\/\/www.aligro.ch\/pages\/#organization","name":"ALIGRO","url":"https:\/\/www.aligro.ch\/pages\/","logo":{"@type":"ImageObject","inLanguage":"fr-FR","@id":"https:\/\/www.aligro.ch\/pages\/#\/schema\/logo\/image\/","url":"https:\/\/www.aligro.ch\/pages\/wp-content\/uploads\/2018\/10\/Logo@4x.png","contentUrl":"https:\/\/www.aligro.ch\/pages\/wp-content\/uploads\/2018\/10\/Logo@4x.png","width":1831,"height":228,"caption":"ALIGRO"},"image":{"@id":"https:\/\/www.aligro.ch\/pages\/#\/schema\/logo\/image\/"},"sameAs":["https:\/\/fb.com\/aligrosuisse"]},{"@type":"Person","@id":"https:\/\/www.aligro.ch\/pages\/#\/schema\/person\/abe4f4a53fec53a8dea10e43adbbe7e3","name":"Vincent Lavanchy","image":{"@type":"ImageObject","inLanguage":"fr-FR","@id":"https:\/\/secure.gravatar.com\/avatar\/0c26d4efb7d6ae3d3acfb21cea043eed07c8459ea7780b7c5d9d73543f0c4d2e?s=96&d=mm&r=g","url":"https:\/\/secure.gravatar.com\/avatar\/0c26d4efb7d6ae3d3acfb21cea043eed07c8459ea7780b7c5d9d73543f0c4d2e?s=96&d=mm&r=g","contentUrl":"https:\/\/secure.gravatar.com\/avatar\/0c26d4efb7d6ae3d3acfb21cea043eed07c8459ea7780b7c5d9d73543f0c4d2e?s=96&d=mm&r=g","caption":"Vincent Lavanchy"}}]}},"_links":{"self":[{"href":"https:\/\/www.aligro.ch\/pages\/wp-json\/wp\/v2\/posts\/66229","targetHints":{"allow":["GET"]}}],"collection":[{"href":"https:\/\/www.aligro.ch\/pages\/wp-json\/wp\/v2\/posts"}],"about":[{"href":"https:\/\/www.aligro.ch\/pages\/wp-json\/wp\/v2\/types\/post"}],"author":[{"embeddable":true,"href":"https:\/\/www.aligro.ch\/pages\/wp-json\/wp\/v2\/users\/9"}],"replies":[{"embeddable":true,"href":"https:\/\/www.aligro.ch\/pages\/wp-json\/wp\/v2\/comments?post=66229"}],"version-history":[{"count":3,"href":"https:\/\/www.aligro.ch\/pages\/wp-json\/wp\/v2\/posts\/66229\/revisions"}],"predecessor-version":[{"id":70234,"href":"https:\/\/www.aligro.ch\/pages\/wp-json\/wp\/v2\/posts\/66229\/revisions\/70234"}],"wp:featuredmedia":[{"embeddable":true,"href":"https:\/\/www.aligro.ch\/pages\/wp-json\/wp\/v2\/media\/66232"}],"wp:attachment":[{"href":"https:\/\/www.aligro.ch\/pages\/wp-json\/wp\/v2\/media?parent=66229"}],"wp:term":[{"taxonomy":"category","embeddable":true,"href":"https:\/\/www.aligro.ch\/pages\/wp-json\/wp\/v2\/categories?post=66229"},{"taxonomy":"post_tag","embeddable":true,"href":"https:\/\/www.aligro.ch\/pages\/wp-json\/wp\/v2\/tags?post=66229"}],"curies":[{"name":"wp","href":"https:\/\/api.w.org\/{rel}","templated":true}]}}