{"id":66142,"date":"2023-08-22T11:35:11","date_gmt":"2023-08-22T09:35:11","guid":{"rendered":"https:\/\/www.aligro.ch\/pages\/?p=66142"},"modified":"2024-03-20T12:08:03","modified_gmt":"2024-03-20T11:08:03","slug":"aligro-dabei-bei-den-vorbereitungen-auf-den-eidgenoessischen-fachausweis-der-angehenden-bereichsleiter_innen-restauration","status":"publish","type":"post","link":"https:\/\/www.aligro.ch\/pages\/de\/news\/aligro-dabei-bei-den-vorbereitungen-auf-den-eidgenoessischen-fachausweis-der-angehenden-bereichsleiter_innen-restauration\/","title":{"rendered":"ALIGRO bei den Vorbereitungen auf den eidgen\u00f6ssischen Fachausweis der angehenden Bereichsleiter_innen Restauration"},"content":{"rendered":"<div class=\"wpb-content-wrapper\"><p>[vc_row][vc_column][vc_column_text]<strong>Als langj\u00e4hriger Partner der Hotel &amp; Gastro Union (HGU) hat ALIGRO am \u00ab\u00a0Probeservice\u00a0\u00bb des Berufsverbands Service Restauration teilgenommen &#8211; ein Kursangebot zur Vorbereitung auf die praktische Abschlusspr\u00fcfung der Bereichsleiter_innen mit eidg. Fachausweis, welche im Oktober 2023 stattfinden wird. Dieses Angebot ist Teil des Auftrags der HGU, die Ausbildung von qualifizierten Fachkr\u00e4ften im Gastgewerbe zu unterst\u00fctzen. <\/strong><\/p>\n<p>Der eidgen\u00f6ssische Fachausweis \u00ab\u00a0Bereichsleiter_in Restauration\u00a0\u00bb bildet Fachkr\u00e4fte weiter aus mit dem Fokus auf F\u00fchrungsaufgaben in der Hotellerie und Gastronomie. Der Lehrgang bereitet sie darauf vor, die zahlreichen Aspekte ihres Berufes zu optimieren mit dem Fokus auf der Restauration, Marketing\/Verkauf, Betriebsorganisation und Mitarbeiterf\u00fchrung sowie Finanzen.<\/p>\n<p>Um sich optimal auf die praktische Abschlusspr\u00fcfung vorzubereiten, absolvieren die Teilnehmenden des Vorbereitungskurses des Berufsverbandes unter anderem einen \u00ab\u00a0Probeservice\u00a0\u00bb, welcher in Anlehnung zur effektiven Pr\u00fcfung mit echten Bedingungen simuliert wird und an welchem wir als G\u00e4ste teilnehmen durften.<\/p>\n<p>Die Teilnehmenden hatten drei Stunden lang Zeit, verschiedene Gerichte an jeweils einem Tisch mit zwei Personen zuzubereiten. Dabei wurden verschiedenste Aspekte wie der G\u00e4steempfang, die Kundenberatung und technische F\u00e4higkeiten (schneiden, anrichten, flambieren verschiedenster Speisen) gepr\u00fcft und dabei von Experten sorgf\u00e4ltig bewertet.[\/vc_column_text][\/vc_column][\/vc_row][vc_row][vc_column][vc_video link=\u00a0\u00bbhttps:\/\/youtu.be\/ZFZ-p4usIOc\u00a0\u00bb align=\u00a0\u00bbcenter\u00a0\u00bb][\/vc_column][\/vc_row][vc_row][vc_column][vc_column_text]Bei unserer Ankunft wurden wir von den Teilnehmenden herzlich begr\u00fcsst und zu unserem Tisch begleitet, wo uns das Men\u00fc pr\u00e4sentiert wurde. Bei jedem Gang des Men\u00fcs, kamen wir in den Genuss einer Zubereitung am Gu\u00e9ridon \u2013 ein wahres kulinarisches Spektakel \u2013 insbesondere bei den mit Pastis flambierten Scampi. W\u00e4hrend des gesamten Service konnten wir der Teilnehmenden Fragen stellen und mit ihr interagieren, auch mit dem Ziel, sie in eine Pr\u00fcfungssituation zu versetzen.<\/p>\n<p>Die beiden Experten dienten dabei als Unterst\u00fctzung und gaben den Studierenden praktische und konstruktive Tipps. Was tun, wenn der Wein beim Servieren zu kalt ist? Damit der Gast den Wein schnell geniessen kann, sollte zun\u00e4chst eine kleine Menge in das Glas eingeschenkt werden, damit sich dieser schneller erw\u00e4rmt, bis sich die Flasche ihrerseits erw\u00e4rmt hat. So kann der Gast mit dem Trinken beginnen und man schenkt ihm ein Glas nach, wenn die Flasche eine angemessene Temperatur erreicht hat. Und wie sollte man stehen, damit der Gast beim Nachschenken nicht gest\u00f6rt wird? Man stellt einfach den rechten Fuss nach vorne, so dass man auf der rechten Seite des Gastes agiert und so eine offene Haltung gegen\u00fcber dem Gast einnimmt.<\/p>\n<p>Dank der Freundlichkeit der Teilnehmenden und ihrem Top-Service sowie den verschiedensten Zubereitungsarten am Gu\u00e9ridon wurde das Mittagessen zu einem unvergesslichen Erlebnis.<\/p>\n<p>Wir gratulieren den Teilnehmenden zu ihrer hervorragenden Arbeit und w\u00fcnschen ihnen alles Gute f\u00fcr die Pr\u00fcfung sowie f\u00fcr ihre berufliche Zukunft.[\/vc_column_text][\/vc_column][\/vc_row]<\/p>\n<\/div>","protected":false},"excerpt":{"rendered":"<p>[vc_row][vc_column][vc_column_text]Als langj\u00e4hriger Partner der Hotel &amp; Gastro Union (HGU) hat ALIGRO am \u00ab\u00a0Probeservice\u00a0\u00bb des Berufsverbands Service Restauration teilgenommen<a class=\"moretag\" href=\"https:\/\/www.aligro.ch\/pages\/de\/news\/aligro-dabei-bei-den-vorbereitungen-auf-den-eidgenoessischen-fachausweis-der-angehenden-bereichsleiter_innen-restauration\/\"> &#8230;<\/a><\/p>\n","protected":false},"author":9,"featured_media":66147,"comment_status":"closed","ping_status":"closed","sticky":false,"template":"","format":"standard","meta":{"_acf_changed":false,"footnotes":""},"categories":[7],"tags":[],"class_list":["post-66142","post","type-post","status-publish","format-standard","has-post-thumbnail","hentry","category-andere"],"acf":[],"yoast_head":"<!-- This site is optimized with the Yoast SEO plugin v27.4 - https:\/\/yoast.com\/product\/yoast-seo-wordpress\/ -->\n<title>ALIGRO bei den Vorbereitungen auf den eidgen\u00f6ssischen Fachausweis der angehenden Bereichsleiter_innen Restauration<\/title>\n<meta name=\"description\" content=\"Als langj\u00e4hriger Partner der Hotel &amp; Gastro Union (HGU) hat ALIGRO am &quot;Probeservice&quot; des Berufsverbands Service Restauration teilgenommen - ein Kursangebot zur Vorbereitung auf die praktische Abschlusspr\u00fcfung der Bereichsleiter_innen mit eidg. Fachausweis, welche im Oktober 2023 stattfinden wird. Dieses Angebot ist Teil des Auftrags der HGU, die Ausbildung von qualifizierten Fachkr\u00e4ften im Gastgewerbe zu unterst\u00fctzen.\" \/>\n<meta name=\"robots\" content=\"index, follow, max-snippet:-1, max-image-preview:large, max-video-preview:-1\" \/>\n<link rel=\"canonical\" href=\"https:\/\/www.aligro.ch\/pages\/de\/news\/aligro-dabei-bei-den-vorbereitungen-auf-den-eidgenoessischen-fachausweis-der-angehenden-bereichsleiter_innen-restauration\/\" \/>\n<meta property=\"og:locale\" content=\"fr_FR\" \/>\n<meta property=\"og:type\" content=\"article\" \/>\n<meta property=\"og:title\" content=\"ALIGRO bei den Vorbereitungen auf den eidgen\u00f6ssischen Fachausweis der angehenden Bereichsleiter_innen Restauration\" \/>\n<meta property=\"og:description\" content=\"Als langj\u00e4hriger Partner der Hotel &amp; Gastro Union (HGU) hat ALIGRO am &quot;Probeservice&quot; des Berufsverbands Service Restauration teilgenommen - ein Kursangebot zur Vorbereitung auf die praktische Abschlusspr\u00fcfung der Bereichsleiter_innen mit eidg. Fachausweis, welche im Oktober 2023 stattfinden wird. Dieses Angebot ist Teil des Auftrags der HGU, die Ausbildung von qualifizierten Fachkr\u00e4ften im Gastgewerbe zu unterst\u00fctzen.\" \/>\n<meta property=\"og:url\" content=\"https:\/\/www.aligro.ch\/pages\/de\/news\/aligro-dabei-bei-den-vorbereitungen-auf-den-eidgenoessischen-fachausweis-der-angehenden-bereichsleiter_innen-restauration\/\" \/>\n<meta property=\"og:site_name\" content=\"ALIGRO\" \/>\n<meta property=\"article:publisher\" content=\"https:\/\/fb.com\/aligrosuisse\" \/>\n<meta property=\"article:published_time\" content=\"2023-08-22T09:35:11+00:00\" \/>\n<meta property=\"article:modified_time\" content=\"2024-03-20T11:08:03+00:00\" \/>\n<meta property=\"og:image\" content=\"https:\/\/www.aligro.ch\/pages\/wp-content\/uploads\/2023\/08\/BANDEAU_site-1.jpg\" \/>\n\t<meta property=\"og:image:width\" content=\"1920\" \/>\n\t<meta property=\"og:image:height\" content=\"1080\" \/>\n\t<meta property=\"og:image:type\" content=\"image\/jpeg\" \/>\n<meta name=\"author\" content=\"Vincent Lavanchy\" \/>\n<meta name=\"twitter:card\" content=\"summary_large_image\" \/>\n<meta name=\"twitter:label1\" content=\"\u00c9crit par\" \/>\n\t<meta name=\"twitter:data1\" content=\"Vincent Lavanchy\" \/>\n\t<meta name=\"twitter:label2\" content=\"Dur\u00e9e de lecture estim\u00e9e\" \/>\n\t<meta name=\"twitter:data2\" content=\"3 minutes\" \/>\n<script type=\"application\/ld+json\" class=\"yoast-schema-graph\">{\"@context\":\"https:\\\/\\\/schema.org\",\"@graph\":[{\"@type\":\"Article\",\"@id\":\"https:\\\/\\\/www.aligro.ch\\\/pages\\\/de\\\/news\\\/aligro-dabei-bei-den-vorbereitungen-auf-den-eidgenoessischen-fachausweis-der-angehenden-bereichsleiter_innen-restauration\\\/#article\",\"isPartOf\":{\"@id\":\"https:\\\/\\\/www.aligro.ch\\\/pages\\\/de\\\/news\\\/aligro-dabei-bei-den-vorbereitungen-auf-den-eidgenoessischen-fachausweis-der-angehenden-bereichsleiter_innen-restauration\\\/\"},\"author\":{\"name\":\"Vincent Lavanchy\",\"@id\":\"https:\\\/\\\/www.aligro.ch\\\/pages\\\/#\\\/schema\\\/person\\\/abe4f4a53fec53a8dea10e43adbbe7e3\"},\"headline\":\"ALIGRO bei den Vorbereitungen auf den eidgen\u00f6ssischen Fachausweis der angehenden Bereichsleiter_innen Restauration\",\"datePublished\":\"2023-08-22T09:35:11+00:00\",\"dateModified\":\"2024-03-20T11:08:03+00:00\",\"mainEntityOfPage\":{\"@id\":\"https:\\\/\\\/www.aligro.ch\\\/pages\\\/de\\\/news\\\/aligro-dabei-bei-den-vorbereitungen-auf-den-eidgenoessischen-fachausweis-der-angehenden-bereichsleiter_innen-restauration\\\/\"},\"wordCount\":502,\"publisher\":{\"@id\":\"https:\\\/\\\/www.aligro.ch\\\/pages\\\/#organization\"},\"image\":{\"@id\":\"https:\\\/\\\/www.aligro.ch\\\/pages\\\/de\\\/news\\\/aligro-dabei-bei-den-vorbereitungen-auf-den-eidgenoessischen-fachausweis-der-angehenden-bereichsleiter_innen-restauration\\\/#primaryimage\"},\"thumbnailUrl\":\"https:\\\/\\\/www.aligro.ch\\\/pages\\\/wp-content\\\/uploads\\\/2023\\\/08\\\/BANDEAU_site-1.jpg\",\"articleSection\":[\"Andere\"],\"inLanguage\":\"fr-FR\"},{\"@type\":\"WebPage\",\"@id\":\"https:\\\/\\\/www.aligro.ch\\\/pages\\\/de\\\/news\\\/aligro-dabei-bei-den-vorbereitungen-auf-den-eidgenoessischen-fachausweis-der-angehenden-bereichsleiter_innen-restauration\\\/\",\"url\":\"https:\\\/\\\/www.aligro.ch\\\/pages\\\/de\\\/news\\\/aligro-dabei-bei-den-vorbereitungen-auf-den-eidgenoessischen-fachausweis-der-angehenden-bereichsleiter_innen-restauration\\\/\",\"name\":\"ALIGRO bei den Vorbereitungen auf den eidgen\u00f6ssischen Fachausweis der angehenden Bereichsleiter_innen Restauration\",\"isPartOf\":{\"@id\":\"https:\\\/\\\/www.aligro.ch\\\/pages\\\/#website\"},\"primaryImageOfPage\":{\"@id\":\"https:\\\/\\\/www.aligro.ch\\\/pages\\\/de\\\/news\\\/aligro-dabei-bei-den-vorbereitungen-auf-den-eidgenoessischen-fachausweis-der-angehenden-bereichsleiter_innen-restauration\\\/#primaryimage\"},\"image\":{\"@id\":\"https:\\\/\\\/www.aligro.ch\\\/pages\\\/de\\\/news\\\/aligro-dabei-bei-den-vorbereitungen-auf-den-eidgenoessischen-fachausweis-der-angehenden-bereichsleiter_innen-restauration\\\/#primaryimage\"},\"thumbnailUrl\":\"https:\\\/\\\/www.aligro.ch\\\/pages\\\/wp-content\\\/uploads\\\/2023\\\/08\\\/BANDEAU_site-1.jpg\",\"datePublished\":\"2023-08-22T09:35:11+00:00\",\"dateModified\":\"2024-03-20T11:08:03+00:00\",\"description\":\"Als langj\u00e4hriger Partner der Hotel & Gastro Union (HGU) hat ALIGRO am \\\"Probeservice\\\" des Berufsverbands Service Restauration teilgenommen - ein Kursangebot zur Vorbereitung auf die praktische Abschlusspr\u00fcfung der Bereichsleiter_innen mit eidg. Fachausweis, welche im Oktober 2023 stattfinden wird. Dieses Angebot ist Teil des Auftrags der HGU, die Ausbildung von qualifizierten Fachkr\u00e4ften im Gastgewerbe zu unterst\u00fctzen.\",\"breadcrumb\":{\"@id\":\"https:\\\/\\\/www.aligro.ch\\\/pages\\\/de\\\/news\\\/aligro-dabei-bei-den-vorbereitungen-auf-den-eidgenoessischen-fachausweis-der-angehenden-bereichsleiter_innen-restauration\\\/#breadcrumb\"},\"inLanguage\":\"fr-FR\",\"potentialAction\":[{\"@type\":\"ReadAction\",\"target\":[\"https:\\\/\\\/www.aligro.ch\\\/pages\\\/de\\\/news\\\/aligro-dabei-bei-den-vorbereitungen-auf-den-eidgenoessischen-fachausweis-der-angehenden-bereichsleiter_innen-restauration\\\/\"]}]},{\"@type\":\"ImageObject\",\"inLanguage\":\"fr-FR\",\"@id\":\"https:\\\/\\\/www.aligro.ch\\\/pages\\\/de\\\/news\\\/aligro-dabei-bei-den-vorbereitungen-auf-den-eidgenoessischen-fachausweis-der-angehenden-bereichsleiter_innen-restauration\\\/#primaryimage\",\"url\":\"https:\\\/\\\/www.aligro.ch\\\/pages\\\/wp-content\\\/uploads\\\/2023\\\/08\\\/BANDEAU_site-1.jpg\",\"contentUrl\":\"https:\\\/\\\/www.aligro.ch\\\/pages\\\/wp-content\\\/uploads\\\/2023\\\/08\\\/BANDEAU_site-1.jpg\",\"width\":1920,\"height\":1080},{\"@type\":\"BreadcrumbList\",\"@id\":\"https:\\\/\\\/www.aligro.ch\\\/pages\\\/de\\\/news\\\/aligro-dabei-bei-den-vorbereitungen-auf-den-eidgenoessischen-fachausweis-der-angehenden-bereichsleiter_innen-restauration\\\/#breadcrumb\",\"itemListElement\":[{\"@type\":\"ListItem\",\"position\":1,\"name\":\"Accueil\",\"item\":\"https:\\\/\\\/www.aligro.ch\\\/pages\\\/de\\\/aligro-academy\\\/\"},{\"@type\":\"ListItem\",\"position\":2,\"name\":\"ALIGRO bei den Vorbereitungen auf den eidgen\u00f6ssischen Fachausweis der angehenden Bereichsleiter_innen Restauration\"}]},{\"@type\":\"WebSite\",\"@id\":\"https:\\\/\\\/www.aligro.ch\\\/pages\\\/#website\",\"url\":\"https:\\\/\\\/www.aligro.ch\\\/pages\\\/\",\"name\":\"ALIGRO\",\"description\":\"Fra\u00eecheur. Qualit\u00e9. Inspiration.\",\"publisher\":{\"@id\":\"https:\\\/\\\/www.aligro.ch\\\/pages\\\/#organization\"},\"potentialAction\":[{\"@type\":\"SearchAction\",\"target\":{\"@type\":\"EntryPoint\",\"urlTemplate\":\"https:\\\/\\\/www.aligro.ch\\\/pages\\\/?s={search_term_string}\"},\"query-input\":{\"@type\":\"PropertyValueSpecification\",\"valueRequired\":true,\"valueName\":\"search_term_string\"}}],\"inLanguage\":\"fr-FR\"},{\"@type\":\"Organization\",\"@id\":\"https:\\\/\\\/www.aligro.ch\\\/pages\\\/#organization\",\"name\":\"ALIGRO\",\"url\":\"https:\\\/\\\/www.aligro.ch\\\/pages\\\/\",\"logo\":{\"@type\":\"ImageObject\",\"inLanguage\":\"fr-FR\",\"@id\":\"https:\\\/\\\/www.aligro.ch\\\/pages\\\/#\\\/schema\\\/logo\\\/image\\\/\",\"url\":\"https:\\\/\\\/www.aligro.ch\\\/pages\\\/wp-content\\\/uploads\\\/2018\\\/10\\\/Logo@4x.png\",\"contentUrl\":\"https:\\\/\\\/www.aligro.ch\\\/pages\\\/wp-content\\\/uploads\\\/2018\\\/10\\\/Logo@4x.png\",\"width\":1831,\"height\":228,\"caption\":\"ALIGRO\"},\"image\":{\"@id\":\"https:\\\/\\\/www.aligro.ch\\\/pages\\\/#\\\/schema\\\/logo\\\/image\\\/\"},\"sameAs\":[\"https:\\\/\\\/fb.com\\\/aligrosuisse\"]},{\"@type\":\"Person\",\"@id\":\"https:\\\/\\\/www.aligro.ch\\\/pages\\\/#\\\/schema\\\/person\\\/abe4f4a53fec53a8dea10e43adbbe7e3\",\"name\":\"Vincent Lavanchy\",\"image\":{\"@type\":\"ImageObject\",\"inLanguage\":\"fr-FR\",\"@id\":\"https:\\\/\\\/secure.gravatar.com\\\/avatar\\\/0c26d4efb7d6ae3d3acfb21cea043eed07c8459ea7780b7c5d9d73543f0c4d2e?s=96&d=mm&r=g\",\"url\":\"https:\\\/\\\/secure.gravatar.com\\\/avatar\\\/0c26d4efb7d6ae3d3acfb21cea043eed07c8459ea7780b7c5d9d73543f0c4d2e?s=96&d=mm&r=g\",\"contentUrl\":\"https:\\\/\\\/secure.gravatar.com\\\/avatar\\\/0c26d4efb7d6ae3d3acfb21cea043eed07c8459ea7780b7c5d9d73543f0c4d2e?s=96&d=mm&r=g\",\"caption\":\"Vincent Lavanchy\"}}]}<\/script>\n<!-- \/ Yoast SEO plugin. -->","yoast_head_json":{"title":"ALIGRO bei den Vorbereitungen auf den eidgen\u00f6ssischen Fachausweis der angehenden Bereichsleiter_innen Restauration","description":"Als langj\u00e4hriger Partner der Hotel & Gastro Union (HGU) hat ALIGRO am \"Probeservice\" des Berufsverbands Service Restauration teilgenommen - ein Kursangebot zur Vorbereitung auf die praktische Abschlusspr\u00fcfung der Bereichsleiter_innen mit eidg. Fachausweis, welche im Oktober 2023 stattfinden wird. Dieses Angebot ist Teil des Auftrags der HGU, die Ausbildung von qualifizierten Fachkr\u00e4ften im Gastgewerbe zu unterst\u00fctzen.","robots":{"index":"index","follow":"follow","max-snippet":"max-snippet:-1","max-image-preview":"max-image-preview:large","max-video-preview":"max-video-preview:-1"},"canonical":"https:\/\/www.aligro.ch\/pages\/de\/news\/aligro-dabei-bei-den-vorbereitungen-auf-den-eidgenoessischen-fachausweis-der-angehenden-bereichsleiter_innen-restauration\/","og_locale":"fr_FR","og_type":"article","og_title":"ALIGRO bei den Vorbereitungen auf den eidgen\u00f6ssischen Fachausweis der angehenden Bereichsleiter_innen Restauration","og_description":"Als langj\u00e4hriger Partner der Hotel & Gastro Union (HGU) hat ALIGRO am \"Probeservice\" des Berufsverbands Service Restauration teilgenommen - ein Kursangebot zur Vorbereitung auf die praktische Abschlusspr\u00fcfung der Bereichsleiter_innen mit eidg. Fachausweis, welche im Oktober 2023 stattfinden wird. Dieses Angebot ist Teil des Auftrags der HGU, die Ausbildung von qualifizierten Fachkr\u00e4ften im Gastgewerbe zu unterst\u00fctzen.","og_url":"https:\/\/www.aligro.ch\/pages\/de\/news\/aligro-dabei-bei-den-vorbereitungen-auf-den-eidgenoessischen-fachausweis-der-angehenden-bereichsleiter_innen-restauration\/","og_site_name":"ALIGRO","article_publisher":"https:\/\/fb.com\/aligrosuisse","article_published_time":"2023-08-22T09:35:11+00:00","article_modified_time":"2024-03-20T11:08:03+00:00","og_image":[{"width":1920,"height":1080,"url":"https:\/\/www.aligro.ch\/pages\/wp-content\/uploads\/2023\/08\/BANDEAU_site-1.jpg","type":"image\/jpeg"}],"author":"Vincent Lavanchy","twitter_card":"summary_large_image","twitter_misc":{"\u00c9crit par":"Vincent Lavanchy","Dur\u00e9e de lecture estim\u00e9e":"3 minutes"},"schema":{"@context":"https:\/\/schema.org","@graph":[{"@type":"Article","@id":"https:\/\/www.aligro.ch\/pages\/de\/news\/aligro-dabei-bei-den-vorbereitungen-auf-den-eidgenoessischen-fachausweis-der-angehenden-bereichsleiter_innen-restauration\/#article","isPartOf":{"@id":"https:\/\/www.aligro.ch\/pages\/de\/news\/aligro-dabei-bei-den-vorbereitungen-auf-den-eidgenoessischen-fachausweis-der-angehenden-bereichsleiter_innen-restauration\/"},"author":{"name":"Vincent Lavanchy","@id":"https:\/\/www.aligro.ch\/pages\/#\/schema\/person\/abe4f4a53fec53a8dea10e43adbbe7e3"},"headline":"ALIGRO bei den Vorbereitungen auf den eidgen\u00f6ssischen Fachausweis der angehenden Bereichsleiter_innen Restauration","datePublished":"2023-08-22T09:35:11+00:00","dateModified":"2024-03-20T11:08:03+00:00","mainEntityOfPage":{"@id":"https:\/\/www.aligro.ch\/pages\/de\/news\/aligro-dabei-bei-den-vorbereitungen-auf-den-eidgenoessischen-fachausweis-der-angehenden-bereichsleiter_innen-restauration\/"},"wordCount":502,"publisher":{"@id":"https:\/\/www.aligro.ch\/pages\/#organization"},"image":{"@id":"https:\/\/www.aligro.ch\/pages\/de\/news\/aligro-dabei-bei-den-vorbereitungen-auf-den-eidgenoessischen-fachausweis-der-angehenden-bereichsleiter_innen-restauration\/#primaryimage"},"thumbnailUrl":"https:\/\/www.aligro.ch\/pages\/wp-content\/uploads\/2023\/08\/BANDEAU_site-1.jpg","articleSection":["Andere"],"inLanguage":"fr-FR"},{"@type":"WebPage","@id":"https:\/\/www.aligro.ch\/pages\/de\/news\/aligro-dabei-bei-den-vorbereitungen-auf-den-eidgenoessischen-fachausweis-der-angehenden-bereichsleiter_innen-restauration\/","url":"https:\/\/www.aligro.ch\/pages\/de\/news\/aligro-dabei-bei-den-vorbereitungen-auf-den-eidgenoessischen-fachausweis-der-angehenden-bereichsleiter_innen-restauration\/","name":"ALIGRO bei den Vorbereitungen auf den eidgen\u00f6ssischen Fachausweis der angehenden Bereichsleiter_innen Restauration","isPartOf":{"@id":"https:\/\/www.aligro.ch\/pages\/#website"},"primaryImageOfPage":{"@id":"https:\/\/www.aligro.ch\/pages\/de\/news\/aligro-dabei-bei-den-vorbereitungen-auf-den-eidgenoessischen-fachausweis-der-angehenden-bereichsleiter_innen-restauration\/#primaryimage"},"image":{"@id":"https:\/\/www.aligro.ch\/pages\/de\/news\/aligro-dabei-bei-den-vorbereitungen-auf-den-eidgenoessischen-fachausweis-der-angehenden-bereichsleiter_innen-restauration\/#primaryimage"},"thumbnailUrl":"https:\/\/www.aligro.ch\/pages\/wp-content\/uploads\/2023\/08\/BANDEAU_site-1.jpg","datePublished":"2023-08-22T09:35:11+00:00","dateModified":"2024-03-20T11:08:03+00:00","description":"Als langj\u00e4hriger Partner der Hotel & Gastro Union (HGU) hat ALIGRO am \"Probeservice\" des Berufsverbands Service Restauration teilgenommen - ein Kursangebot zur Vorbereitung auf die praktische Abschlusspr\u00fcfung der Bereichsleiter_innen mit eidg. Fachausweis, welche im Oktober 2023 stattfinden wird. Dieses Angebot ist Teil des Auftrags der HGU, die Ausbildung von qualifizierten Fachkr\u00e4ften im Gastgewerbe zu unterst\u00fctzen.","breadcrumb":{"@id":"https:\/\/www.aligro.ch\/pages\/de\/news\/aligro-dabei-bei-den-vorbereitungen-auf-den-eidgenoessischen-fachausweis-der-angehenden-bereichsleiter_innen-restauration\/#breadcrumb"},"inLanguage":"fr-FR","potentialAction":[{"@type":"ReadAction","target":["https:\/\/www.aligro.ch\/pages\/de\/news\/aligro-dabei-bei-den-vorbereitungen-auf-den-eidgenoessischen-fachausweis-der-angehenden-bereichsleiter_innen-restauration\/"]}]},{"@type":"ImageObject","inLanguage":"fr-FR","@id":"https:\/\/www.aligro.ch\/pages\/de\/news\/aligro-dabei-bei-den-vorbereitungen-auf-den-eidgenoessischen-fachausweis-der-angehenden-bereichsleiter_innen-restauration\/#primaryimage","url":"https:\/\/www.aligro.ch\/pages\/wp-content\/uploads\/2023\/08\/BANDEAU_site-1.jpg","contentUrl":"https:\/\/www.aligro.ch\/pages\/wp-content\/uploads\/2023\/08\/BANDEAU_site-1.jpg","width":1920,"height":1080},{"@type":"BreadcrumbList","@id":"https:\/\/www.aligro.ch\/pages\/de\/news\/aligro-dabei-bei-den-vorbereitungen-auf-den-eidgenoessischen-fachausweis-der-angehenden-bereichsleiter_innen-restauration\/#breadcrumb","itemListElement":[{"@type":"ListItem","position":1,"name":"Accueil","item":"https:\/\/www.aligro.ch\/pages\/de\/aligro-academy\/"},{"@type":"ListItem","position":2,"name":"ALIGRO bei den Vorbereitungen auf den eidgen\u00f6ssischen Fachausweis der angehenden Bereichsleiter_innen Restauration"}]},{"@type":"WebSite","@id":"https:\/\/www.aligro.ch\/pages\/#website","url":"https:\/\/www.aligro.ch\/pages\/","name":"ALIGRO","description":"Fra\u00eecheur. Qualit\u00e9. Inspiration.","publisher":{"@id":"https:\/\/www.aligro.ch\/pages\/#organization"},"potentialAction":[{"@type":"SearchAction","target":{"@type":"EntryPoint","urlTemplate":"https:\/\/www.aligro.ch\/pages\/?s={search_term_string}"},"query-input":{"@type":"PropertyValueSpecification","valueRequired":true,"valueName":"search_term_string"}}],"inLanguage":"fr-FR"},{"@type":"Organization","@id":"https:\/\/www.aligro.ch\/pages\/#organization","name":"ALIGRO","url":"https:\/\/www.aligro.ch\/pages\/","logo":{"@type":"ImageObject","inLanguage":"fr-FR","@id":"https:\/\/www.aligro.ch\/pages\/#\/schema\/logo\/image\/","url":"https:\/\/www.aligro.ch\/pages\/wp-content\/uploads\/2018\/10\/Logo@4x.png","contentUrl":"https:\/\/www.aligro.ch\/pages\/wp-content\/uploads\/2018\/10\/Logo@4x.png","width":1831,"height":228,"caption":"ALIGRO"},"image":{"@id":"https:\/\/www.aligro.ch\/pages\/#\/schema\/logo\/image\/"},"sameAs":["https:\/\/fb.com\/aligrosuisse"]},{"@type":"Person","@id":"https:\/\/www.aligro.ch\/pages\/#\/schema\/person\/abe4f4a53fec53a8dea10e43adbbe7e3","name":"Vincent Lavanchy","image":{"@type":"ImageObject","inLanguage":"fr-FR","@id":"https:\/\/secure.gravatar.com\/avatar\/0c26d4efb7d6ae3d3acfb21cea043eed07c8459ea7780b7c5d9d73543f0c4d2e?s=96&d=mm&r=g","url":"https:\/\/secure.gravatar.com\/avatar\/0c26d4efb7d6ae3d3acfb21cea043eed07c8459ea7780b7c5d9d73543f0c4d2e?s=96&d=mm&r=g","contentUrl":"https:\/\/secure.gravatar.com\/avatar\/0c26d4efb7d6ae3d3acfb21cea043eed07c8459ea7780b7c5d9d73543f0c4d2e?s=96&d=mm&r=g","caption":"Vincent Lavanchy"}}]}},"_links":{"self":[{"href":"https:\/\/www.aligro.ch\/pages\/wp-json\/wp\/v2\/posts\/66142","targetHints":{"allow":["GET"]}}],"collection":[{"href":"https:\/\/www.aligro.ch\/pages\/wp-json\/wp\/v2\/posts"}],"about":[{"href":"https:\/\/www.aligro.ch\/pages\/wp-json\/wp\/v2\/types\/post"}],"author":[{"embeddable":true,"href":"https:\/\/www.aligro.ch\/pages\/wp-json\/wp\/v2\/users\/9"}],"replies":[{"embeddable":true,"href":"https:\/\/www.aligro.ch\/pages\/wp-json\/wp\/v2\/comments?post=66142"}],"version-history":[{"count":5,"href":"https:\/\/www.aligro.ch\/pages\/wp-json\/wp\/v2\/posts\/66142\/revisions"}],"predecessor-version":[{"id":70240,"href":"https:\/\/www.aligro.ch\/pages\/wp-json\/wp\/v2\/posts\/66142\/revisions\/70240"}],"wp:featuredmedia":[{"embeddable":true,"href":"https:\/\/www.aligro.ch\/pages\/wp-json\/wp\/v2\/media\/66147"}],"wp:attachment":[{"href":"https:\/\/www.aligro.ch\/pages\/wp-json\/wp\/v2\/media?parent=66142"}],"wp:term":[{"taxonomy":"category","embeddable":true,"href":"https:\/\/www.aligro.ch\/pages\/wp-json\/wp\/v2\/categories?post=66142"},{"taxonomy":"post_tag","embeddable":true,"href":"https:\/\/www.aligro.ch\/pages\/wp-json\/wp\/v2\/tags?post=66142"}],"curies":[{"name":"wp","href":"https:\/\/api.w.org\/{rel}","templated":true}]}}