{"id":66141,"date":"2023-08-22T11:35:16","date_gmt":"2023-08-22T09:35:16","guid":{"rendered":"https:\/\/www.aligro.ch\/pages\/?p=66141"},"modified":"2024-03-20T12:07:52","modified_gmt":"2024-03-20T11:07:52","slug":"aligro-a-la-preparation-du-brevet-federal-de-responsable-de-la-restauration","status":"publish","type":"post","link":"https:\/\/www.aligro.ch\/pages\/fr\/news\/aligro-a-la-preparation-du-brevet-federal-de-responsable-de-la-restauration\/","title":{"rendered":"ALIGRO \u00e0 la pr\u00e9paration du Brevet f\u00e9d\u00e9ral de Responsable de la restauration"},"content":{"rendered":"<div class=\"wpb-content-wrapper\"><p>[vc_row][vc_column][vc_column_text]<strong>En tant que partenaire de longue date d\u2019Hotel &amp; Gastro Union (HGU), ALIGRO a pris part au \u00ab Service blanc \u00bb organis\u00e9 par la Soci\u00e9t\u00e9 professionnelle Service \u2219 Restauration Suisse, un \u00e9v\u00e9nement pr\u00e9paratoire \u00e0 l&rsquo;examen du Brevet f\u00e9d\u00e9ral de Responsable de la restauration qui se tiendra en octobre 2023. Cette initiative s&rsquo;inscrit dans la mission d&rsquo;HGU de soutenir la formation de professionnels qualifi\u00e9s dans le secteur de la restauration.<\/strong><\/p>\n<p>Le Brevet f\u00e9d\u00e9ral de \u00ab Responsable de la restauration \u00bb forme les \u00e9tudiants \u00e0 la gestion pratique des \u00e9tablissements h\u00f4teliers et de restauration. L\u2019\u00e9v\u00e9nement, organis\u00e9 par la Soci\u00e9t\u00e9 professionnelle Service \u2219 Restauration Suisse, vise \u00e0 les pr\u00e9parer \u00e0 g\u00e9rer les nombreux aspects de leur m\u00e9tier, allant de la planification \u00e0 l&rsquo;accueil en passant par la gestion du personnel et l&rsquo;administration. Pour se pr\u00e9parer \u00e0 l\u2019examen, les \u00e9tudiants sont mis en conditions r\u00e9elles gr\u00e2ce au \u00ab Service blanc \u00bb, \u00e9preuve qui simule les conditions de ce dernier et \u00e0 laquelle nous avons particip\u00e9.<\/p>\n<p>Les apprenants ont eu comme mission, 3 heures durant, de pr\u00e9parer des plats sur assiette pour des tabl\u00e9es de 2 personnes. Des aspects tels que l\u2019accueil, le conseil \u00e0 la client\u00e8le, la technique (d\u00e9coupe, m\u00e9lange, temp\u00e9rature des mets chauds, aisance) ont \u00e9t\u00e9 l\u2019objet d\u2019une \u00e9valuation minutieuse de la part des experts.[\/vc_column_text][\/vc_column][\/vc_row][vc_row][vc_column][vc_video link=\u00a0\u00bbhttps:\/\/youtu.be\/UAO2et4xzA8&Prime; align=\u00a0\u00bbcenter\u00a0\u00bb][\/vc_column][\/vc_row][vc_row][vc_column][vc_column_text]A notre arriv\u00e9e, nous avons \u00e9t\u00e9 accueillis par les \u00e9tudiants et accompagn\u00e9s \u00e0 notre table o\u00f9 nous avons d\u00e9couvert le menu qui allait nous \u00eatre servi. A chaque plat, nous avons pu profiter d\u2019une pr\u00e9paration au gu\u00e9ridon, un vrai spectacle culinaire, en particulier pour les scampis flamb\u00e9s au pastis. Tout au long du service, nous avons pos\u00e9 des questions aux \u00e9tudiants et interagir avec eux dans le but de les mettre en conditions d\u2019examen.<\/p>\n<p>Les deux experts ont fait preuve d\u2019une grande exigence. Toujours dans une optique d\u2019encouragement et de formation, ceux-ci ont promulgu\u00e9 des conseils pratiques et constructifs aux \u00e9tudiants. Que faire si, au moment du service, le vin est trop froid\u00a0? Pour permettre au client de profiter du vin de suite, il convient de commencer par verser une petite quantit\u00e9 de vin dans le verre afin que ce dernier se r\u00e9chauffe plus rapidement, en attendant que la bouteille se r\u00e9chauffe \u00e9galement de son c\u00f4t\u00e9. Ainsi, le client peut commencer \u00e0 boire et on lui ressert un verre lorsque la bouteille a atteint une temp\u00e9rature convenable. Et comment se tenir pour que le client ne soit pas d\u00e9rang\u00e9 lors du service\u00a0? Il suffit de mettre le pied droit en avant de sorte \u00e0 op\u00e9rer \u00e0 la droite du client et ainsi avoir une posture ouverte vers celui-ci.<\/p>\n<p>Avec des d\u00e9coupes sp\u00e9ciales et des plats pr\u00e9par\u00e9s au gu\u00e9ridon, la qualit\u00e9 du service et l\u2019amabilit\u00e9 des \u00e9tudiants, le repas a \u00e9t\u00e9 une exp\u00e9rience m\u00e9morable.<\/p>\n<p>Nous f\u00e9licitons les concurrents pour leur travail remarquable et leur souhaitons le meilleur pour l\u2019examen ainsi que pour leur avenir professionnel.[\/vc_column_text][\/vc_column][\/vc_row]<\/p>\n<\/div>","protected":false},"excerpt":{"rendered":"<p>[vc_row][vc_column][vc_column_text]En tant que partenaire de longue date d\u2019Hotel &amp; Gastro Union (HGU), ALIGRO a pris part au \u00ab<a class=\"moretag\" href=\"https:\/\/www.aligro.ch\/pages\/fr\/news\/aligro-a-la-preparation-du-brevet-federal-de-responsable-de-la-restauration\/\"> &#8230;<\/a><\/p>\n","protected":false},"author":9,"featured_media":66143,"comment_status":"closed","ping_status":"closed","sticky":false,"template":"","format":"standard","meta":{"_acf_changed":false,"footnotes":""},"categories":[1],"tags":[],"class_list":["post-66141","post","type-post","status-publish","format-standard","has-post-thumbnail","hentry","category-autre"],"acf":[],"yoast_head":"<!-- This site is optimized with the Yoast SEO plugin v27.4 - https:\/\/yoast.com\/product\/yoast-seo-wordpress\/ -->\n<title>ALIGRO \u00e0 la pr\u00e9paration du Brevet f\u00e9d\u00e9ral de Responsable de la restauration<\/title>\n<meta name=\"description\" content=\"En tant que partenaire de longue date d\u2019Hotel &amp; Gastro Union (HGU), ALIGRO a pris part au \u00ab Service blanc \u00bb organis\u00e9 par la Soci\u00e9t\u00e9 professionnelle Service \u2219 Restauration Suisse, un \u00e9v\u00e9nement pr\u00e9paratoire \u00e0 l&#039;examen du Brevet f\u00e9d\u00e9ral de Responsable de la restauration qui se tiendra en octobre 2023.\" \/>\n<meta name=\"robots\" content=\"index, follow, max-snippet:-1, max-image-preview:large, max-video-preview:-1\" \/>\n<link rel=\"canonical\" href=\"https:\/\/www.aligro.ch\/pages\/fr\/news\/aligro-a-la-preparation-du-brevet-federal-de-responsable-de-la-restauration\/\" \/>\n<meta property=\"og:locale\" content=\"fr_FR\" \/>\n<meta property=\"og:type\" content=\"article\" \/>\n<meta property=\"og:title\" content=\"ALIGRO \u00e0 la pr\u00e9paration du Brevet f\u00e9d\u00e9ral de Responsable de la restauration\" \/>\n<meta property=\"og:description\" content=\"En tant que partenaire de longue date d\u2019Hotel &amp; Gastro Union (HGU), ALIGRO a pris part au \u00ab Service blanc \u00bb organis\u00e9 par la Soci\u00e9t\u00e9 professionnelle Service \u2219 Restauration Suisse, un \u00e9v\u00e9nement pr\u00e9paratoire \u00e0 l&#039;examen du Brevet f\u00e9d\u00e9ral de Responsable de la restauration qui se tiendra en octobre 2023.\" \/>\n<meta property=\"og:url\" content=\"https:\/\/www.aligro.ch\/pages\/fr\/news\/aligro-a-la-preparation-du-brevet-federal-de-responsable-de-la-restauration\/\" \/>\n<meta property=\"og:site_name\" content=\"ALIGRO\" \/>\n<meta property=\"article:publisher\" content=\"https:\/\/fb.com\/aligrosuisse\" \/>\n<meta property=\"article:published_time\" content=\"2023-08-22T09:35:16+00:00\" \/>\n<meta property=\"article:modified_time\" content=\"2024-03-20T11:07:52+00:00\" \/>\n<meta property=\"og:image\" content=\"https:\/\/www.aligro.ch\/pages\/wp-content\/uploads\/2023\/08\/BANDEAU_site.jpg\" \/>\n\t<meta property=\"og:image:width\" content=\"1920\" \/>\n\t<meta property=\"og:image:height\" content=\"1080\" \/>\n\t<meta property=\"og:image:type\" content=\"image\/jpeg\" \/>\n<meta name=\"author\" content=\"Vincent Lavanchy\" \/>\n<meta name=\"twitter:card\" content=\"summary_large_image\" \/>\n<meta name=\"twitter:label1\" content=\"\u00c9crit par\" \/>\n\t<meta name=\"twitter:data1\" content=\"Vincent Lavanchy\" \/>\n\t<meta name=\"twitter:label2\" content=\"Dur\u00e9e de lecture estim\u00e9e\" \/>\n\t<meta name=\"twitter:data2\" content=\"3 minutes\" \/>\n<script type=\"application\/ld+json\" class=\"yoast-schema-graph\">{\"@context\":\"https:\\\/\\\/schema.org\",\"@graph\":[{\"@type\":\"Article\",\"@id\":\"https:\\\/\\\/www.aligro.ch\\\/pages\\\/fr\\\/news\\\/aligro-a-la-preparation-du-brevet-federal-de-responsable-de-la-restauration\\\/#article\",\"isPartOf\":{\"@id\":\"https:\\\/\\\/www.aligro.ch\\\/pages\\\/fr\\\/news\\\/aligro-a-la-preparation-du-brevet-federal-de-responsable-de-la-restauration\\\/\"},\"author\":{\"name\":\"Vincent Lavanchy\",\"@id\":\"https:\\\/\\\/www.aligro.ch\\\/pages\\\/#\\\/schema\\\/person\\\/abe4f4a53fec53a8dea10e43adbbe7e3\"},\"headline\":\"ALIGRO \u00e0 la pr\u00e9paration du Brevet f\u00e9d\u00e9ral de Responsable de la restauration\",\"datePublished\":\"2023-08-22T09:35:16+00:00\",\"dateModified\":\"2024-03-20T11:07:52+00:00\",\"mainEntityOfPage\":{\"@id\":\"https:\\\/\\\/www.aligro.ch\\\/pages\\\/fr\\\/news\\\/aligro-a-la-preparation-du-brevet-federal-de-responsable-de-la-restauration\\\/\"},\"wordCount\":574,\"publisher\":{\"@id\":\"https:\\\/\\\/www.aligro.ch\\\/pages\\\/#organization\"},\"image\":{\"@id\":\"https:\\\/\\\/www.aligro.ch\\\/pages\\\/fr\\\/news\\\/aligro-a-la-preparation-du-brevet-federal-de-responsable-de-la-restauration\\\/#primaryimage\"},\"thumbnailUrl\":\"https:\\\/\\\/www.aligro.ch\\\/pages\\\/wp-content\\\/uploads\\\/2023\\\/08\\\/BANDEAU_site.jpg\",\"articleSection\":[\"Autre\"],\"inLanguage\":\"fr-FR\"},{\"@type\":\"WebPage\",\"@id\":\"https:\\\/\\\/www.aligro.ch\\\/pages\\\/fr\\\/news\\\/aligro-a-la-preparation-du-brevet-federal-de-responsable-de-la-restauration\\\/\",\"url\":\"https:\\\/\\\/www.aligro.ch\\\/pages\\\/fr\\\/news\\\/aligro-a-la-preparation-du-brevet-federal-de-responsable-de-la-restauration\\\/\",\"name\":\"ALIGRO \u00e0 la pr\u00e9paration du Brevet f\u00e9d\u00e9ral de Responsable de la restauration\",\"isPartOf\":{\"@id\":\"https:\\\/\\\/www.aligro.ch\\\/pages\\\/#website\"},\"primaryImageOfPage\":{\"@id\":\"https:\\\/\\\/www.aligro.ch\\\/pages\\\/fr\\\/news\\\/aligro-a-la-preparation-du-brevet-federal-de-responsable-de-la-restauration\\\/#primaryimage\"},\"image\":{\"@id\":\"https:\\\/\\\/www.aligro.ch\\\/pages\\\/fr\\\/news\\\/aligro-a-la-preparation-du-brevet-federal-de-responsable-de-la-restauration\\\/#primaryimage\"},\"thumbnailUrl\":\"https:\\\/\\\/www.aligro.ch\\\/pages\\\/wp-content\\\/uploads\\\/2023\\\/08\\\/BANDEAU_site.jpg\",\"datePublished\":\"2023-08-22T09:35:16+00:00\",\"dateModified\":\"2024-03-20T11:07:52+00:00\",\"description\":\"En tant que partenaire de longue date d\u2019Hotel & Gastro Union (HGU), ALIGRO a pris part au \u00ab Service blanc \u00bb organis\u00e9 par la Soci\u00e9t\u00e9 professionnelle Service \u2219 Restauration Suisse, un \u00e9v\u00e9nement pr\u00e9paratoire \u00e0 l'examen du Brevet f\u00e9d\u00e9ral de Responsable de la restauration qui se tiendra en octobre 2023.\",\"breadcrumb\":{\"@id\":\"https:\\\/\\\/www.aligro.ch\\\/pages\\\/fr\\\/news\\\/aligro-a-la-preparation-du-brevet-federal-de-responsable-de-la-restauration\\\/#breadcrumb\"},\"inLanguage\":\"fr-FR\",\"potentialAction\":[{\"@type\":\"ReadAction\",\"target\":[\"https:\\\/\\\/www.aligro.ch\\\/pages\\\/fr\\\/news\\\/aligro-a-la-preparation-du-brevet-federal-de-responsable-de-la-restauration\\\/\"]}]},{\"@type\":\"ImageObject\",\"inLanguage\":\"fr-FR\",\"@id\":\"https:\\\/\\\/www.aligro.ch\\\/pages\\\/fr\\\/news\\\/aligro-a-la-preparation-du-brevet-federal-de-responsable-de-la-restauration\\\/#primaryimage\",\"url\":\"https:\\\/\\\/www.aligro.ch\\\/pages\\\/wp-content\\\/uploads\\\/2023\\\/08\\\/BANDEAU_site.jpg\",\"contentUrl\":\"https:\\\/\\\/www.aligro.ch\\\/pages\\\/wp-content\\\/uploads\\\/2023\\\/08\\\/BANDEAU_site.jpg\",\"width\":1920,\"height\":1080},{\"@type\":\"BreadcrumbList\",\"@id\":\"https:\\\/\\\/www.aligro.ch\\\/pages\\\/fr\\\/news\\\/aligro-a-la-preparation-du-brevet-federal-de-responsable-de-la-restauration\\\/#breadcrumb\",\"itemListElement\":[{\"@type\":\"ListItem\",\"position\":1,\"name\":\"Accueil\",\"item\":\"https:\\\/\\\/www.aligro.ch\\\/pages\\\/de\\\/aligro-academy\\\/\"},{\"@type\":\"ListItem\",\"position\":2,\"name\":\"ALIGRO \u00e0 la pr\u00e9paration du Brevet f\u00e9d\u00e9ral de Responsable de la restauration\"}]},{\"@type\":\"WebSite\",\"@id\":\"https:\\\/\\\/www.aligro.ch\\\/pages\\\/#website\",\"url\":\"https:\\\/\\\/www.aligro.ch\\\/pages\\\/\",\"name\":\"ALIGRO\",\"description\":\"Fra\u00eecheur. Qualit\u00e9. Inspiration.\",\"publisher\":{\"@id\":\"https:\\\/\\\/www.aligro.ch\\\/pages\\\/#organization\"},\"potentialAction\":[{\"@type\":\"SearchAction\",\"target\":{\"@type\":\"EntryPoint\",\"urlTemplate\":\"https:\\\/\\\/www.aligro.ch\\\/pages\\\/?s={search_term_string}\"},\"query-input\":{\"@type\":\"PropertyValueSpecification\",\"valueRequired\":true,\"valueName\":\"search_term_string\"}}],\"inLanguage\":\"fr-FR\"},{\"@type\":\"Organization\",\"@id\":\"https:\\\/\\\/www.aligro.ch\\\/pages\\\/#organization\",\"name\":\"ALIGRO\",\"url\":\"https:\\\/\\\/www.aligro.ch\\\/pages\\\/\",\"logo\":{\"@type\":\"ImageObject\",\"inLanguage\":\"fr-FR\",\"@id\":\"https:\\\/\\\/www.aligro.ch\\\/pages\\\/#\\\/schema\\\/logo\\\/image\\\/\",\"url\":\"https:\\\/\\\/www.aligro.ch\\\/pages\\\/wp-content\\\/uploads\\\/2018\\\/10\\\/Logo@4x.png\",\"contentUrl\":\"https:\\\/\\\/www.aligro.ch\\\/pages\\\/wp-content\\\/uploads\\\/2018\\\/10\\\/Logo@4x.png\",\"width\":1831,\"height\":228,\"caption\":\"ALIGRO\"},\"image\":{\"@id\":\"https:\\\/\\\/www.aligro.ch\\\/pages\\\/#\\\/schema\\\/logo\\\/image\\\/\"},\"sameAs\":[\"https:\\\/\\\/fb.com\\\/aligrosuisse\"]},{\"@type\":\"Person\",\"@id\":\"https:\\\/\\\/www.aligro.ch\\\/pages\\\/#\\\/schema\\\/person\\\/abe4f4a53fec53a8dea10e43adbbe7e3\",\"name\":\"Vincent Lavanchy\",\"image\":{\"@type\":\"ImageObject\",\"inLanguage\":\"fr-FR\",\"@id\":\"https:\\\/\\\/secure.gravatar.com\\\/avatar\\\/0c26d4efb7d6ae3d3acfb21cea043eed07c8459ea7780b7c5d9d73543f0c4d2e?s=96&d=mm&r=g\",\"url\":\"https:\\\/\\\/secure.gravatar.com\\\/avatar\\\/0c26d4efb7d6ae3d3acfb21cea043eed07c8459ea7780b7c5d9d73543f0c4d2e?s=96&d=mm&r=g\",\"contentUrl\":\"https:\\\/\\\/secure.gravatar.com\\\/avatar\\\/0c26d4efb7d6ae3d3acfb21cea043eed07c8459ea7780b7c5d9d73543f0c4d2e?s=96&d=mm&r=g\",\"caption\":\"Vincent Lavanchy\"}}]}<\/script>\n<!-- \/ Yoast SEO plugin. -->","yoast_head_json":{"title":"ALIGRO \u00e0 la pr\u00e9paration du Brevet f\u00e9d\u00e9ral de Responsable de la restauration","description":"En tant que partenaire de longue date d\u2019Hotel & Gastro Union (HGU), ALIGRO a pris part au \u00ab Service blanc \u00bb organis\u00e9 par la Soci\u00e9t\u00e9 professionnelle Service \u2219 Restauration Suisse, un \u00e9v\u00e9nement pr\u00e9paratoire \u00e0 l'examen du Brevet f\u00e9d\u00e9ral de Responsable de la restauration qui se tiendra en octobre 2023.","robots":{"index":"index","follow":"follow","max-snippet":"max-snippet:-1","max-image-preview":"max-image-preview:large","max-video-preview":"max-video-preview:-1"},"canonical":"https:\/\/www.aligro.ch\/pages\/fr\/news\/aligro-a-la-preparation-du-brevet-federal-de-responsable-de-la-restauration\/","og_locale":"fr_FR","og_type":"article","og_title":"ALIGRO \u00e0 la pr\u00e9paration du Brevet f\u00e9d\u00e9ral de Responsable de la restauration","og_description":"En tant que partenaire de longue date d\u2019Hotel & Gastro Union (HGU), ALIGRO a pris part au \u00ab Service blanc \u00bb organis\u00e9 par la Soci\u00e9t\u00e9 professionnelle Service \u2219 Restauration Suisse, un \u00e9v\u00e9nement pr\u00e9paratoire \u00e0 l'examen du Brevet f\u00e9d\u00e9ral de Responsable de la restauration qui se tiendra en octobre 2023.","og_url":"https:\/\/www.aligro.ch\/pages\/fr\/news\/aligro-a-la-preparation-du-brevet-federal-de-responsable-de-la-restauration\/","og_site_name":"ALIGRO","article_publisher":"https:\/\/fb.com\/aligrosuisse","article_published_time":"2023-08-22T09:35:16+00:00","article_modified_time":"2024-03-20T11:07:52+00:00","og_image":[{"width":1920,"height":1080,"url":"https:\/\/www.aligro.ch\/pages\/wp-content\/uploads\/2023\/08\/BANDEAU_site.jpg","type":"image\/jpeg"}],"author":"Vincent Lavanchy","twitter_card":"summary_large_image","twitter_misc":{"\u00c9crit par":"Vincent Lavanchy","Dur\u00e9e de lecture estim\u00e9e":"3 minutes"},"schema":{"@context":"https:\/\/schema.org","@graph":[{"@type":"Article","@id":"https:\/\/www.aligro.ch\/pages\/fr\/news\/aligro-a-la-preparation-du-brevet-federal-de-responsable-de-la-restauration\/#article","isPartOf":{"@id":"https:\/\/www.aligro.ch\/pages\/fr\/news\/aligro-a-la-preparation-du-brevet-federal-de-responsable-de-la-restauration\/"},"author":{"name":"Vincent Lavanchy","@id":"https:\/\/www.aligro.ch\/pages\/#\/schema\/person\/abe4f4a53fec53a8dea10e43adbbe7e3"},"headline":"ALIGRO \u00e0 la pr\u00e9paration du Brevet f\u00e9d\u00e9ral de Responsable de la restauration","datePublished":"2023-08-22T09:35:16+00:00","dateModified":"2024-03-20T11:07:52+00:00","mainEntityOfPage":{"@id":"https:\/\/www.aligro.ch\/pages\/fr\/news\/aligro-a-la-preparation-du-brevet-federal-de-responsable-de-la-restauration\/"},"wordCount":574,"publisher":{"@id":"https:\/\/www.aligro.ch\/pages\/#organization"},"image":{"@id":"https:\/\/www.aligro.ch\/pages\/fr\/news\/aligro-a-la-preparation-du-brevet-federal-de-responsable-de-la-restauration\/#primaryimage"},"thumbnailUrl":"https:\/\/www.aligro.ch\/pages\/wp-content\/uploads\/2023\/08\/BANDEAU_site.jpg","articleSection":["Autre"],"inLanguage":"fr-FR"},{"@type":"WebPage","@id":"https:\/\/www.aligro.ch\/pages\/fr\/news\/aligro-a-la-preparation-du-brevet-federal-de-responsable-de-la-restauration\/","url":"https:\/\/www.aligro.ch\/pages\/fr\/news\/aligro-a-la-preparation-du-brevet-federal-de-responsable-de-la-restauration\/","name":"ALIGRO \u00e0 la pr\u00e9paration du Brevet f\u00e9d\u00e9ral de Responsable de la restauration","isPartOf":{"@id":"https:\/\/www.aligro.ch\/pages\/#website"},"primaryImageOfPage":{"@id":"https:\/\/www.aligro.ch\/pages\/fr\/news\/aligro-a-la-preparation-du-brevet-federal-de-responsable-de-la-restauration\/#primaryimage"},"image":{"@id":"https:\/\/www.aligro.ch\/pages\/fr\/news\/aligro-a-la-preparation-du-brevet-federal-de-responsable-de-la-restauration\/#primaryimage"},"thumbnailUrl":"https:\/\/www.aligro.ch\/pages\/wp-content\/uploads\/2023\/08\/BANDEAU_site.jpg","datePublished":"2023-08-22T09:35:16+00:00","dateModified":"2024-03-20T11:07:52+00:00","description":"En tant que partenaire de longue date d\u2019Hotel & Gastro Union (HGU), ALIGRO a pris part au \u00ab Service blanc \u00bb organis\u00e9 par la Soci\u00e9t\u00e9 professionnelle Service \u2219 Restauration Suisse, un \u00e9v\u00e9nement pr\u00e9paratoire \u00e0 l'examen du Brevet f\u00e9d\u00e9ral de Responsable de la restauration qui se tiendra en octobre 2023.","breadcrumb":{"@id":"https:\/\/www.aligro.ch\/pages\/fr\/news\/aligro-a-la-preparation-du-brevet-federal-de-responsable-de-la-restauration\/#breadcrumb"},"inLanguage":"fr-FR","potentialAction":[{"@type":"ReadAction","target":["https:\/\/www.aligro.ch\/pages\/fr\/news\/aligro-a-la-preparation-du-brevet-federal-de-responsable-de-la-restauration\/"]}]},{"@type":"ImageObject","inLanguage":"fr-FR","@id":"https:\/\/www.aligro.ch\/pages\/fr\/news\/aligro-a-la-preparation-du-brevet-federal-de-responsable-de-la-restauration\/#primaryimage","url":"https:\/\/www.aligro.ch\/pages\/wp-content\/uploads\/2023\/08\/BANDEAU_site.jpg","contentUrl":"https:\/\/www.aligro.ch\/pages\/wp-content\/uploads\/2023\/08\/BANDEAU_site.jpg","width":1920,"height":1080},{"@type":"BreadcrumbList","@id":"https:\/\/www.aligro.ch\/pages\/fr\/news\/aligro-a-la-preparation-du-brevet-federal-de-responsable-de-la-restauration\/#breadcrumb","itemListElement":[{"@type":"ListItem","position":1,"name":"Accueil","item":"https:\/\/www.aligro.ch\/pages\/de\/aligro-academy\/"},{"@type":"ListItem","position":2,"name":"ALIGRO \u00e0 la pr\u00e9paration du Brevet f\u00e9d\u00e9ral de Responsable de la restauration"}]},{"@type":"WebSite","@id":"https:\/\/www.aligro.ch\/pages\/#website","url":"https:\/\/www.aligro.ch\/pages\/","name":"ALIGRO","description":"Fra\u00eecheur. Qualit\u00e9. Inspiration.","publisher":{"@id":"https:\/\/www.aligro.ch\/pages\/#organization"},"potentialAction":[{"@type":"SearchAction","target":{"@type":"EntryPoint","urlTemplate":"https:\/\/www.aligro.ch\/pages\/?s={search_term_string}"},"query-input":{"@type":"PropertyValueSpecification","valueRequired":true,"valueName":"search_term_string"}}],"inLanguage":"fr-FR"},{"@type":"Organization","@id":"https:\/\/www.aligro.ch\/pages\/#organization","name":"ALIGRO","url":"https:\/\/www.aligro.ch\/pages\/","logo":{"@type":"ImageObject","inLanguage":"fr-FR","@id":"https:\/\/www.aligro.ch\/pages\/#\/schema\/logo\/image\/","url":"https:\/\/www.aligro.ch\/pages\/wp-content\/uploads\/2018\/10\/Logo@4x.png","contentUrl":"https:\/\/www.aligro.ch\/pages\/wp-content\/uploads\/2018\/10\/Logo@4x.png","width":1831,"height":228,"caption":"ALIGRO"},"image":{"@id":"https:\/\/www.aligro.ch\/pages\/#\/schema\/logo\/image\/"},"sameAs":["https:\/\/fb.com\/aligrosuisse"]},{"@type":"Person","@id":"https:\/\/www.aligro.ch\/pages\/#\/schema\/person\/abe4f4a53fec53a8dea10e43adbbe7e3","name":"Vincent Lavanchy","image":{"@type":"ImageObject","inLanguage":"fr-FR","@id":"https:\/\/secure.gravatar.com\/avatar\/0c26d4efb7d6ae3d3acfb21cea043eed07c8459ea7780b7c5d9d73543f0c4d2e?s=96&d=mm&r=g","url":"https:\/\/secure.gravatar.com\/avatar\/0c26d4efb7d6ae3d3acfb21cea043eed07c8459ea7780b7c5d9d73543f0c4d2e?s=96&d=mm&r=g","contentUrl":"https:\/\/secure.gravatar.com\/avatar\/0c26d4efb7d6ae3d3acfb21cea043eed07c8459ea7780b7c5d9d73543f0c4d2e?s=96&d=mm&r=g","caption":"Vincent Lavanchy"}}]}},"_links":{"self":[{"href":"https:\/\/www.aligro.ch\/pages\/wp-json\/wp\/v2\/posts\/66141","targetHints":{"allow":["GET"]}}],"collection":[{"href":"https:\/\/www.aligro.ch\/pages\/wp-json\/wp\/v2\/posts"}],"about":[{"href":"https:\/\/www.aligro.ch\/pages\/wp-json\/wp\/v2\/types\/post"}],"author":[{"embeddable":true,"href":"https:\/\/www.aligro.ch\/pages\/wp-json\/wp\/v2\/users\/9"}],"replies":[{"embeddable":true,"href":"https:\/\/www.aligro.ch\/pages\/wp-json\/wp\/v2\/comments?post=66141"}],"version-history":[{"count":5,"href":"https:\/\/www.aligro.ch\/pages\/wp-json\/wp\/v2\/posts\/66141\/revisions"}],"predecessor-version":[{"id":70239,"href":"https:\/\/www.aligro.ch\/pages\/wp-json\/wp\/v2\/posts\/66141\/revisions\/70239"}],"wp:featuredmedia":[{"embeddable":true,"href":"https:\/\/www.aligro.ch\/pages\/wp-json\/wp\/v2\/media\/66143"}],"wp:attachment":[{"href":"https:\/\/www.aligro.ch\/pages\/wp-json\/wp\/v2\/media?parent=66141"}],"wp:term":[{"taxonomy":"category","embeddable":true,"href":"https:\/\/www.aligro.ch\/pages\/wp-json\/wp\/v2\/categories?post=66141"},{"taxonomy":"post_tag","embeddable":true,"href":"https:\/\/www.aligro.ch\/pages\/wp-json\/wp\/v2\/tags?post=66141"}],"curies":[{"name":"wp","href":"https:\/\/api.w.org\/{rel}","templated":true}]}}