{"id":66049,"date":"2023-08-17T13:59:00","date_gmt":"2023-08-17T11:59:00","guid":{"rendered":"https:\/\/www.aligro.ch\/pages\/?p=66049"},"modified":"2024-03-20T12:07:42","modified_gmt":"2024-03-20T11:07:42","slug":"geniessen-mit-regionalitaet","status":"publish","type":"post","link":"https:\/\/www.aligro.ch\/pages\/de\/news\/geniessen-mit-regionalitaet\/","title":{"rendered":"Geniessen mit Regionalit\u00e4t"},"content":{"rendered":"<div class=\"wpb-content-wrapper\"><p>[vc_row][vc_column][vc_column_text]<strong>Die ALIGRO-M\u00e4rkte bieten eine Vielfalt an regionalen Produkten an, von Charcuterie, Milchprodukten, Eiern, Obst und Gem\u00fcse bis hin zu Wein und Bier.\u00a0 Warum nicht die Gelegenheit nutzen, um ein Essen, einen Brunch oder einen Snack mit regionalen und saisonalen Produkten zu organisieren?<\/strong><\/p>\n<p>Dank des regionalen Angebots in den 14 ALIGRO-M\u00e4rkten k\u00f6nnen Sie eine k\u00f6stliche Mahlzeit, einen Snack, einen Ap\u00e9ro oder einen Brunch zusammenstellen! ALIGRO bietet das ganze Jahr \u00fcber regionale Produkte an und vom 21. bis 26. August gibt es Sonderaktionen auf die entsprechenden Artikel.<\/p>\n<p>Bei ALIGRO stammen die regionalen Produkte von Lieferanten aus der Region und werden nach den Vorlieben der lokalen Kundschaft ausgew\u00e4hlt.<\/p>\n<p>Das Sortiment umfasst Mineralwasser und Softdrinks aus der Region (Adelbodner, Valser, Shorley M\u00f6hl usw.), Charcuterie wie Berner Zungenwurst und Emmentaler Rauchwurst, die die kulinarische Vielfalt der Deutschschweiz widerspiegeln, aber auch Emmi-K\u00e4se, Sennenk\u00e4se oder Kaltbach sowie Felsenau-Bier und Chopfab! Ausserdem gibt es eine Vielzahl an regionalen und saisonalen Obst- und Gem\u00fcsesorten, Eiern und Wein.<\/p>\n<p>So l\u00e4sst sich eine ausgewogene und erfrischende Mahlzeit zusammenstellen, die besonders gut zur aktuellen Jahreszeit passt und gleichzeitig eine willkommene Note von Gaumenfreude enth\u00e4lt. Weitere Ideen f\u00fcr einen k\u00f6stlichen Brunch erhalten Sie von <a href=\"https:\/\/www.aligro.ch\/pages\/de\/news\/dominik-altorfers-fruehlingsbrunch-saisonal-und-regional-prive\/\">unserem Experten Dominik Altorfer<\/a>.[\/vc_column_text][\/vc_column][\/vc_row][vc_row][vc_column width=\u00a0\u00bb1\/2&Prime;][vc_single_image image=\u00a0\u00bb66051&Prime; img_size=\u00a0\u00bbfull\u00a0\u00bb][\/vc_column][vc_column width=\u00a0\u00bb1\/2&Prime;][vc_single_image image=\u00a0\u00bb66052&Prime; img_size=\u00a0\u00bbfull\u00a0\u00bb][\/vc_column][\/vc_row]<\/p>\n<\/div>","protected":false},"excerpt":{"rendered":"<p>[vc_row][vc_column][vc_column_text]Die ALIGRO-M\u00e4rkte bieten eine Vielfalt an regionalen Produkten an, von Charcuterie, Milchprodukten, Eiern, Obst und Gem\u00fcse bis hin<a class=\"moretag\" href=\"https:\/\/www.aligro.ch\/pages\/de\/news\/geniessen-mit-regionalitaet\/\"> &#8230;<\/a><\/p>\n","protected":false},"author":9,"featured_media":66053,"comment_status":"closed","ping_status":"closed","sticky":false,"template":"","format":"standard","meta":{"_acf_changed":false,"footnotes":""},"categories":[7],"tags":[],"class_list":["post-66049","post","type-post","status-publish","format-standard","has-post-thumbnail","hentry","category-andere"],"acf":[],"yoast_head":"<!-- This site is optimized with the Yoast SEO plugin v27.4 - https:\/\/yoast.com\/product\/yoast-seo-wordpress\/ -->\n<title>Geniessen mit Regionalit\u00e4t<\/title>\n<meta name=\"description\" content=\"Die ALIGRO-M\u00e4rkte bieten eine Vielfalt an regionalen Produkten an, von Charcuterie, Milchprodukten, Eiern, Obst und Gem\u00fcse bis hin zu Wein und Bier.\u00a0 Waru nicht die Gelegenheit nutzen, um ein Essen, einen Brunch oder einen Snack mit regionalen und saisonalen Produkten zu organisieren?\" \/>\n<meta name=\"robots\" content=\"index, follow, max-snippet:-1, max-image-preview:large, max-video-preview:-1\" \/>\n<link rel=\"canonical\" href=\"https:\/\/www.aligro.ch\/pages\/de\/news\/geniessen-mit-regionalitaet\/\" \/>\n<meta property=\"og:locale\" content=\"fr_FR\" \/>\n<meta property=\"og:type\" content=\"article\" \/>\n<meta property=\"og:title\" content=\"Geniessen mit Regionalit\u00e4t\" \/>\n<meta property=\"og:description\" content=\"Die ALIGRO-M\u00e4rkte bieten eine Vielfalt an regionalen Produkten an, von Charcuterie, Milchprodukten, Eiern, Obst und Gem\u00fcse bis hin zu Wein und Bier.\u00a0 Waru nicht die Gelegenheit nutzen, um ein Essen, einen Brunch oder einen Snack mit regionalen und saisonalen Produkten zu organisieren?\" \/>\n<meta property=\"og:url\" content=\"https:\/\/www.aligro.ch\/pages\/de\/news\/geniessen-mit-regionalitaet\/\" \/>\n<meta property=\"og:site_name\" content=\"ALIGRO\" \/>\n<meta property=\"article:publisher\" content=\"https:\/\/fb.com\/aligrosuisse\" \/>\n<meta property=\"article:published_time\" content=\"2023-08-17T11:59:00+00:00\" \/>\n<meta property=\"article:modified_time\" content=\"2024-03-20T11:07:42+00:00\" \/>\n<meta property=\"og:image\" content=\"https:\/\/www.aligro.ch\/pages\/wp-content\/uploads\/2023\/08\/BANDEAU-2.jpg\" \/>\n\t<meta property=\"og:image:width\" content=\"1920\" \/>\n\t<meta property=\"og:image:height\" content=\"1280\" \/>\n\t<meta property=\"og:image:type\" content=\"image\/jpeg\" \/>\n<meta name=\"author\" content=\"Vincent Lavanchy\" \/>\n<meta name=\"twitter:card\" content=\"summary_large_image\" \/>\n<meta name=\"twitter:label1\" content=\"\u00c9crit par\" \/>\n\t<meta name=\"twitter:data1\" content=\"Vincent Lavanchy\" \/>\n\t<meta name=\"twitter:label2\" content=\"Dur\u00e9e de lecture estim\u00e9e\" \/>\n\t<meta name=\"twitter:data2\" content=\"2 minutes\" \/>\n<script type=\"application\/ld+json\" class=\"yoast-schema-graph\">{\"@context\":\"https:\\\/\\\/schema.org\",\"@graph\":[{\"@type\":\"Article\",\"@id\":\"https:\\\/\\\/www.aligro.ch\\\/pages\\\/de\\\/news\\\/geniessen-mit-regionalitaet\\\/#article\",\"isPartOf\":{\"@id\":\"https:\\\/\\\/www.aligro.ch\\\/pages\\\/de\\\/news\\\/geniessen-mit-regionalitaet\\\/\"},\"author\":{\"name\":\"Vincent Lavanchy\",\"@id\":\"https:\\\/\\\/www.aligro.ch\\\/pages\\\/#\\\/schema\\\/person\\\/abe4f4a53fec53a8dea10e43adbbe7e3\"},\"headline\":\"Geniessen mit Regionalit\u00e4t\",\"datePublished\":\"2023-08-17T11:59:00+00:00\",\"dateModified\":\"2024-03-20T11:07:42+00:00\",\"mainEntityOfPage\":{\"@id\":\"https:\\\/\\\/www.aligro.ch\\\/pages\\\/de\\\/news\\\/geniessen-mit-regionalitaet\\\/\"},\"wordCount\":253,\"publisher\":{\"@id\":\"https:\\\/\\\/www.aligro.ch\\\/pages\\\/#organization\"},\"image\":{\"@id\":\"https:\\\/\\\/www.aligro.ch\\\/pages\\\/de\\\/news\\\/geniessen-mit-regionalitaet\\\/#primaryimage\"},\"thumbnailUrl\":\"https:\\\/\\\/www.aligro.ch\\\/pages\\\/wp-content\\\/uploads\\\/2023\\\/08\\\/BANDEAU-2.jpg\",\"articleSection\":[\"Andere\"],\"inLanguage\":\"fr-FR\"},{\"@type\":\"WebPage\",\"@id\":\"https:\\\/\\\/www.aligro.ch\\\/pages\\\/de\\\/news\\\/geniessen-mit-regionalitaet\\\/\",\"url\":\"https:\\\/\\\/www.aligro.ch\\\/pages\\\/de\\\/news\\\/geniessen-mit-regionalitaet\\\/\",\"name\":\"Geniessen mit Regionalit\u00e4t\",\"isPartOf\":{\"@id\":\"https:\\\/\\\/www.aligro.ch\\\/pages\\\/#website\"},\"primaryImageOfPage\":{\"@id\":\"https:\\\/\\\/www.aligro.ch\\\/pages\\\/de\\\/news\\\/geniessen-mit-regionalitaet\\\/#primaryimage\"},\"image\":{\"@id\":\"https:\\\/\\\/www.aligro.ch\\\/pages\\\/de\\\/news\\\/geniessen-mit-regionalitaet\\\/#primaryimage\"},\"thumbnailUrl\":\"https:\\\/\\\/www.aligro.ch\\\/pages\\\/wp-content\\\/uploads\\\/2023\\\/08\\\/BANDEAU-2.jpg\",\"datePublished\":\"2023-08-17T11:59:00+00:00\",\"dateModified\":\"2024-03-20T11:07:42+00:00\",\"description\":\"Die ALIGRO-M\u00e4rkte bieten eine Vielfalt an regionalen Produkten an, von Charcuterie, Milchprodukten, Eiern, Obst und Gem\u00fcse bis hin zu Wein und Bier.\u00a0 Waru nicht die Gelegenheit nutzen, um ein Essen, einen Brunch oder einen Snack mit regionalen und saisonalen Produkten zu organisieren?\",\"breadcrumb\":{\"@id\":\"https:\\\/\\\/www.aligro.ch\\\/pages\\\/de\\\/news\\\/geniessen-mit-regionalitaet\\\/#breadcrumb\"},\"inLanguage\":\"fr-FR\",\"potentialAction\":[{\"@type\":\"ReadAction\",\"target\":[\"https:\\\/\\\/www.aligro.ch\\\/pages\\\/de\\\/news\\\/geniessen-mit-regionalitaet\\\/\"]}]},{\"@type\":\"ImageObject\",\"inLanguage\":\"fr-FR\",\"@id\":\"https:\\\/\\\/www.aligro.ch\\\/pages\\\/de\\\/news\\\/geniessen-mit-regionalitaet\\\/#primaryimage\",\"url\":\"https:\\\/\\\/www.aligro.ch\\\/pages\\\/wp-content\\\/uploads\\\/2023\\\/08\\\/BANDEAU-2.jpg\",\"contentUrl\":\"https:\\\/\\\/www.aligro.ch\\\/pages\\\/wp-content\\\/uploads\\\/2023\\\/08\\\/BANDEAU-2.jpg\",\"width\":1920,\"height\":1280,\"caption\":\"White wine, grape, bread and cheese on stone table. Top view\"},{\"@type\":\"BreadcrumbList\",\"@id\":\"https:\\\/\\\/www.aligro.ch\\\/pages\\\/de\\\/news\\\/geniessen-mit-regionalitaet\\\/#breadcrumb\",\"itemListElement\":[{\"@type\":\"ListItem\",\"position\":1,\"name\":\"Accueil\",\"item\":\"https:\\\/\\\/www.aligro.ch\\\/pages\\\/de\\\/aligro-academy\\\/\"},{\"@type\":\"ListItem\",\"position\":2,\"name\":\"Geniessen mit Regionalit\u00e4t\"}]},{\"@type\":\"WebSite\",\"@id\":\"https:\\\/\\\/www.aligro.ch\\\/pages\\\/#website\",\"url\":\"https:\\\/\\\/www.aligro.ch\\\/pages\\\/\",\"name\":\"ALIGRO\",\"description\":\"Fra\u00eecheur. Qualit\u00e9. Inspiration.\",\"publisher\":{\"@id\":\"https:\\\/\\\/www.aligro.ch\\\/pages\\\/#organization\"},\"potentialAction\":[{\"@type\":\"SearchAction\",\"target\":{\"@type\":\"EntryPoint\",\"urlTemplate\":\"https:\\\/\\\/www.aligro.ch\\\/pages\\\/?s={search_term_string}\"},\"query-input\":{\"@type\":\"PropertyValueSpecification\",\"valueRequired\":true,\"valueName\":\"search_term_string\"}}],\"inLanguage\":\"fr-FR\"},{\"@type\":\"Organization\",\"@id\":\"https:\\\/\\\/www.aligro.ch\\\/pages\\\/#organization\",\"name\":\"ALIGRO\",\"url\":\"https:\\\/\\\/www.aligro.ch\\\/pages\\\/\",\"logo\":{\"@type\":\"ImageObject\",\"inLanguage\":\"fr-FR\",\"@id\":\"https:\\\/\\\/www.aligro.ch\\\/pages\\\/#\\\/schema\\\/logo\\\/image\\\/\",\"url\":\"https:\\\/\\\/www.aligro.ch\\\/pages\\\/wp-content\\\/uploads\\\/2018\\\/10\\\/Logo@4x.png\",\"contentUrl\":\"https:\\\/\\\/www.aligro.ch\\\/pages\\\/wp-content\\\/uploads\\\/2018\\\/10\\\/Logo@4x.png\",\"width\":1831,\"height\":228,\"caption\":\"ALIGRO\"},\"image\":{\"@id\":\"https:\\\/\\\/www.aligro.ch\\\/pages\\\/#\\\/schema\\\/logo\\\/image\\\/\"},\"sameAs\":[\"https:\\\/\\\/fb.com\\\/aligrosuisse\"]},{\"@type\":\"Person\",\"@id\":\"https:\\\/\\\/www.aligro.ch\\\/pages\\\/#\\\/schema\\\/person\\\/abe4f4a53fec53a8dea10e43adbbe7e3\",\"name\":\"Vincent Lavanchy\",\"image\":{\"@type\":\"ImageObject\",\"inLanguage\":\"fr-FR\",\"@id\":\"https:\\\/\\\/secure.gravatar.com\\\/avatar\\\/0c26d4efb7d6ae3d3acfb21cea043eed07c8459ea7780b7c5d9d73543f0c4d2e?s=96&d=mm&r=g\",\"url\":\"https:\\\/\\\/secure.gravatar.com\\\/avatar\\\/0c26d4efb7d6ae3d3acfb21cea043eed07c8459ea7780b7c5d9d73543f0c4d2e?s=96&d=mm&r=g\",\"contentUrl\":\"https:\\\/\\\/secure.gravatar.com\\\/avatar\\\/0c26d4efb7d6ae3d3acfb21cea043eed07c8459ea7780b7c5d9d73543f0c4d2e?s=96&d=mm&r=g\",\"caption\":\"Vincent Lavanchy\"}}]}<\/script>\n<!-- \/ Yoast SEO plugin. -->","yoast_head_json":{"title":"Geniessen mit Regionalit\u00e4t","description":"Die ALIGRO-M\u00e4rkte bieten eine Vielfalt an regionalen Produkten an, von Charcuterie, Milchprodukten, Eiern, Obst und Gem\u00fcse bis hin zu Wein und Bier.\u00a0 Waru nicht die Gelegenheit nutzen, um ein Essen, einen Brunch oder einen Snack mit regionalen und saisonalen Produkten zu organisieren?","robots":{"index":"index","follow":"follow","max-snippet":"max-snippet:-1","max-image-preview":"max-image-preview:large","max-video-preview":"max-video-preview:-1"},"canonical":"https:\/\/www.aligro.ch\/pages\/de\/news\/geniessen-mit-regionalitaet\/","og_locale":"fr_FR","og_type":"article","og_title":"Geniessen mit Regionalit\u00e4t","og_description":"Die ALIGRO-M\u00e4rkte bieten eine Vielfalt an regionalen Produkten an, von Charcuterie, Milchprodukten, Eiern, Obst und Gem\u00fcse bis hin zu Wein und Bier.\u00a0 Waru nicht die Gelegenheit nutzen, um ein Essen, einen Brunch oder einen Snack mit regionalen und saisonalen Produkten zu organisieren?","og_url":"https:\/\/www.aligro.ch\/pages\/de\/news\/geniessen-mit-regionalitaet\/","og_site_name":"ALIGRO","article_publisher":"https:\/\/fb.com\/aligrosuisse","article_published_time":"2023-08-17T11:59:00+00:00","article_modified_time":"2024-03-20T11:07:42+00:00","og_image":[{"width":1920,"height":1280,"url":"https:\/\/www.aligro.ch\/pages\/wp-content\/uploads\/2023\/08\/BANDEAU-2.jpg","type":"image\/jpeg"}],"author":"Vincent Lavanchy","twitter_card":"summary_large_image","twitter_misc":{"\u00c9crit par":"Vincent Lavanchy","Dur\u00e9e de lecture estim\u00e9e":"2 minutes"},"schema":{"@context":"https:\/\/schema.org","@graph":[{"@type":"Article","@id":"https:\/\/www.aligro.ch\/pages\/de\/news\/geniessen-mit-regionalitaet\/#article","isPartOf":{"@id":"https:\/\/www.aligro.ch\/pages\/de\/news\/geniessen-mit-regionalitaet\/"},"author":{"name":"Vincent Lavanchy","@id":"https:\/\/www.aligro.ch\/pages\/#\/schema\/person\/abe4f4a53fec53a8dea10e43adbbe7e3"},"headline":"Geniessen mit Regionalit\u00e4t","datePublished":"2023-08-17T11:59:00+00:00","dateModified":"2024-03-20T11:07:42+00:00","mainEntityOfPage":{"@id":"https:\/\/www.aligro.ch\/pages\/de\/news\/geniessen-mit-regionalitaet\/"},"wordCount":253,"publisher":{"@id":"https:\/\/www.aligro.ch\/pages\/#organization"},"image":{"@id":"https:\/\/www.aligro.ch\/pages\/de\/news\/geniessen-mit-regionalitaet\/#primaryimage"},"thumbnailUrl":"https:\/\/www.aligro.ch\/pages\/wp-content\/uploads\/2023\/08\/BANDEAU-2.jpg","articleSection":["Andere"],"inLanguage":"fr-FR"},{"@type":"WebPage","@id":"https:\/\/www.aligro.ch\/pages\/de\/news\/geniessen-mit-regionalitaet\/","url":"https:\/\/www.aligro.ch\/pages\/de\/news\/geniessen-mit-regionalitaet\/","name":"Geniessen mit Regionalit\u00e4t","isPartOf":{"@id":"https:\/\/www.aligro.ch\/pages\/#website"},"primaryImageOfPage":{"@id":"https:\/\/www.aligro.ch\/pages\/de\/news\/geniessen-mit-regionalitaet\/#primaryimage"},"image":{"@id":"https:\/\/www.aligro.ch\/pages\/de\/news\/geniessen-mit-regionalitaet\/#primaryimage"},"thumbnailUrl":"https:\/\/www.aligro.ch\/pages\/wp-content\/uploads\/2023\/08\/BANDEAU-2.jpg","datePublished":"2023-08-17T11:59:00+00:00","dateModified":"2024-03-20T11:07:42+00:00","description":"Die ALIGRO-M\u00e4rkte bieten eine Vielfalt an regionalen Produkten an, von Charcuterie, Milchprodukten, Eiern, Obst und Gem\u00fcse bis hin zu Wein und Bier.\u00a0 Waru nicht die Gelegenheit nutzen, um ein Essen, einen Brunch oder einen Snack mit regionalen und saisonalen Produkten zu organisieren?","breadcrumb":{"@id":"https:\/\/www.aligro.ch\/pages\/de\/news\/geniessen-mit-regionalitaet\/#breadcrumb"},"inLanguage":"fr-FR","potentialAction":[{"@type":"ReadAction","target":["https:\/\/www.aligro.ch\/pages\/de\/news\/geniessen-mit-regionalitaet\/"]}]},{"@type":"ImageObject","inLanguage":"fr-FR","@id":"https:\/\/www.aligro.ch\/pages\/de\/news\/geniessen-mit-regionalitaet\/#primaryimage","url":"https:\/\/www.aligro.ch\/pages\/wp-content\/uploads\/2023\/08\/BANDEAU-2.jpg","contentUrl":"https:\/\/www.aligro.ch\/pages\/wp-content\/uploads\/2023\/08\/BANDEAU-2.jpg","width":1920,"height":1280,"caption":"White wine, grape, bread and cheese on stone table. Top view"},{"@type":"BreadcrumbList","@id":"https:\/\/www.aligro.ch\/pages\/de\/news\/geniessen-mit-regionalitaet\/#breadcrumb","itemListElement":[{"@type":"ListItem","position":1,"name":"Accueil","item":"https:\/\/www.aligro.ch\/pages\/de\/aligro-academy\/"},{"@type":"ListItem","position":2,"name":"Geniessen mit Regionalit\u00e4t"}]},{"@type":"WebSite","@id":"https:\/\/www.aligro.ch\/pages\/#website","url":"https:\/\/www.aligro.ch\/pages\/","name":"ALIGRO","description":"Fra\u00eecheur. Qualit\u00e9. Inspiration.","publisher":{"@id":"https:\/\/www.aligro.ch\/pages\/#organization"},"potentialAction":[{"@type":"SearchAction","target":{"@type":"EntryPoint","urlTemplate":"https:\/\/www.aligro.ch\/pages\/?s={search_term_string}"},"query-input":{"@type":"PropertyValueSpecification","valueRequired":true,"valueName":"search_term_string"}}],"inLanguage":"fr-FR"},{"@type":"Organization","@id":"https:\/\/www.aligro.ch\/pages\/#organization","name":"ALIGRO","url":"https:\/\/www.aligro.ch\/pages\/","logo":{"@type":"ImageObject","inLanguage":"fr-FR","@id":"https:\/\/www.aligro.ch\/pages\/#\/schema\/logo\/image\/","url":"https:\/\/www.aligro.ch\/pages\/wp-content\/uploads\/2018\/10\/Logo@4x.png","contentUrl":"https:\/\/www.aligro.ch\/pages\/wp-content\/uploads\/2018\/10\/Logo@4x.png","width":1831,"height":228,"caption":"ALIGRO"},"image":{"@id":"https:\/\/www.aligro.ch\/pages\/#\/schema\/logo\/image\/"},"sameAs":["https:\/\/fb.com\/aligrosuisse"]},{"@type":"Person","@id":"https:\/\/www.aligro.ch\/pages\/#\/schema\/person\/abe4f4a53fec53a8dea10e43adbbe7e3","name":"Vincent Lavanchy","image":{"@type":"ImageObject","inLanguage":"fr-FR","@id":"https:\/\/secure.gravatar.com\/avatar\/0c26d4efb7d6ae3d3acfb21cea043eed07c8459ea7780b7c5d9d73543f0c4d2e?s=96&d=mm&r=g","url":"https:\/\/secure.gravatar.com\/avatar\/0c26d4efb7d6ae3d3acfb21cea043eed07c8459ea7780b7c5d9d73543f0c4d2e?s=96&d=mm&r=g","contentUrl":"https:\/\/secure.gravatar.com\/avatar\/0c26d4efb7d6ae3d3acfb21cea043eed07c8459ea7780b7c5d9d73543f0c4d2e?s=96&d=mm&r=g","caption":"Vincent Lavanchy"}}]}},"_links":{"self":[{"href":"https:\/\/www.aligro.ch\/pages\/wp-json\/wp\/v2\/posts\/66049","targetHints":{"allow":["GET"]}}],"collection":[{"href":"https:\/\/www.aligro.ch\/pages\/wp-json\/wp\/v2\/posts"}],"about":[{"href":"https:\/\/www.aligro.ch\/pages\/wp-json\/wp\/v2\/types\/post"}],"author":[{"embeddable":true,"href":"https:\/\/www.aligro.ch\/pages\/wp-json\/wp\/v2\/users\/9"}],"replies":[{"embeddable":true,"href":"https:\/\/www.aligro.ch\/pages\/wp-json\/wp\/v2\/comments?post=66049"}],"version-history":[{"count":5,"href":"https:\/\/www.aligro.ch\/pages\/wp-json\/wp\/v2\/posts\/66049\/revisions"}],"predecessor-version":[{"id":70238,"href":"https:\/\/www.aligro.ch\/pages\/wp-json\/wp\/v2\/posts\/66049\/revisions\/70238"}],"wp:featuredmedia":[{"embeddable":true,"href":"https:\/\/www.aligro.ch\/pages\/wp-json\/wp\/v2\/media\/66053"}],"wp:attachment":[{"href":"https:\/\/www.aligro.ch\/pages\/wp-json\/wp\/v2\/media?parent=66049"}],"wp:term":[{"taxonomy":"category","embeddable":true,"href":"https:\/\/www.aligro.ch\/pages\/wp-json\/wp\/v2\/categories?post=66049"},{"taxonomy":"post_tag","embeddable":true,"href":"https:\/\/www.aligro.ch\/pages\/wp-json\/wp\/v2\/tags?post=66049"}],"curies":[{"name":"wp","href":"https:\/\/api.w.org\/{rel}","templated":true}]}}