{"id":66035,"date":"2023-08-17T13:59:04","date_gmt":"2023-08-17T11:59:04","guid":{"rendered":"https:\/\/www.aligro.ch\/pages\/?p=66035"},"modified":"2024-03-20T12:07:15","modified_gmt":"2024-03-20T11:07:15","slug":"se-regaler-en-toute-regionalite","status":"publish","type":"post","link":"https:\/\/www.aligro.ch\/pages\/fr\/news\/se-regaler-en-toute-regionalite\/","title":{"rendered":"Se r\u00e9galer en toute r\u00e9gionalit\u00e9"},"content":{"rendered":"<div class=\"wpb-content-wrapper\"><p>[vc_row][vc_column][vc_column_text]<strong>Les march\u00e9s ALIGRO offrent une vari\u00e9t\u00e9 de produits r\u00e9gionaux, qu\u2019il s\u2019agisse de charcuterie, de produits laitiers, d\u2019\u0153ufs, de fruits et l\u00e9gumes ou encore de vins et de bi\u00e8res.\u00a0 Pourquoi ne pas en profiter pour organiser un repas, un brunch ou un en-cas avec des produits r\u00e9gionaux et de saison ?<\/strong><\/p>\n<p>Gr\u00e2ce \u00e0 l\u2019offre r\u00e9gionale propos\u00e9e par les 14 march\u00e9s ALIGRO, il est possible de composer un d\u00e9licieux repas, un go\u00fbter, un ap\u00e9ritif ou un brunch\u00a0! ALIGRO propose des produits du terroir toute l\u2019ann\u00e9e et des actions sp\u00e9ciales sur ces articles du 21 au 26 ao\u00fbt.<\/p>\n<p>Chez ALIGRO, les produits r\u00e9gionaux proviennent de fournisseurs de la r\u00e9gion et sont s\u00e9lectionn\u00e9s en fonction des pr\u00e9f\u00e9rences de la client\u00e8le locale.<\/p>\n<p>Des pains sp\u00e9ciaux, diff\u00e9rentes sortes de jambons et de viande s\u00e9ch\u00e9e, des \u0153ufs issus d\u2019\u00e9levages locaux, des fromages, des bi\u00e8res ou encore des produits lab\u00e9lis\u00e9s (par exemple \u00ab\u00a0Gen\u00e8ve R\u00e9gion Terre Avenir\u00a0\u00bb) composent notamment l\u2019assortiment r\u00e9gional. On trouve \u00e9galement diff\u00e9rents fruits et l\u00e9gumes tels que les tomates grappe et les framboises. Enfin, pour accompagner le repas, une belle s\u00e9lection de vins r\u00e9gionaux attend les clients au cellier, o\u00f9 les experts se tiennent pr\u00eat \u00e0 r\u00e9pondre \u00e0 toutes les questions. Quelques-uns des produits embl\u00e9matiques\u00a0? Les fameuses Abricotine et Williamine \u00e0 Sion, le vacherin fribourgeois, la cuchaule et les meringues \u00e0 Matran, la meule Vaudoise au march\u00e9 de Chavannes et la bi\u00e8re Calvinus \u00e0 Gen\u00e8ve.<\/p>\n<p>De quoi composer un repas \u00e9quilibr\u00e9 et rafra\u00eechissant, particuli\u00e8rement adapt\u00e9 \u00e0 la saison actuelle, tout en y ins\u00e9rant une note de gourmandise bienvenue. Pour des id\u00e9es de brunch d\u00e9licieux, <a href=\"https:\/\/www.aligro.ch\/pages\/fr\/news\/organisez-un-brunch-estival-leger-fruite-et-decontracte\/\">profitez des conseils<\/a> de notre expert Dominik Altorfer.[\/vc_column_text][\/vc_column][\/vc_row][vc_row][vc_column width=\u00a0\u00bb1\/2&Prime;][vc_single_image image=\u00a0\u00bb66042&Prime; img_size=\u00a0\u00bbfull\u00a0\u00bb][\/vc_column][vc_column width=\u00a0\u00bb1\/2&Prime;][vc_single_image image=\u00a0\u00bb66040&Prime; img_size=\u00a0\u00bbfull\u00a0\u00bb][\/vc_column][\/vc_row]<\/p>\n<\/div>","protected":false},"excerpt":{"rendered":"<p>[vc_row][vc_column][vc_column_text]Les march\u00e9s ALIGRO offrent une vari\u00e9t\u00e9 de produits r\u00e9gionaux, qu\u2019il s\u2019agisse de charcuterie, de produits laitiers, d\u2019\u0153ufs, de<a class=\"moretag\" href=\"https:\/\/www.aligro.ch\/pages\/fr\/news\/se-regaler-en-toute-regionalite\/\"> &#8230;<\/a><\/p>\n","protected":false},"author":9,"featured_media":66047,"comment_status":"closed","ping_status":"closed","sticky":false,"template":"","format":"standard","meta":{"_acf_changed":false,"footnotes":""},"categories":[1],"tags":[],"class_list":["post-66035","post","type-post","status-publish","format-standard","has-post-thumbnail","hentry","category-autre"],"acf":[],"yoast_head":"<!-- This site is optimized with the Yoast SEO plugin v27.4 - https:\/\/yoast.com\/product\/yoast-seo-wordpress\/ -->\n<title>Se r\u00e9galer en toute r\u00e9gionalit\u00e9<\/title>\n<meta name=\"description\" content=\"Les march\u00e9s ALIGRO offrent une vari\u00e9t\u00e9 de produits r\u00e9gionaux, qu\u2019il s\u2019agisse de charcuterie, de produits laitiers, d\u2019\u0153ufs, de fruits et l\u00e9gumes ou encore de vins et de bi\u00e8res.\u00a0 Pourquoi ne pas en profiter pour organiser un repas, un brunch ou un en-cas avec des produits r\u00e9gionaux et de saison ?\" \/>\n<meta name=\"robots\" content=\"index, follow, max-snippet:-1, max-image-preview:large, max-video-preview:-1\" \/>\n<link rel=\"canonical\" href=\"https:\/\/www.aligro.ch\/pages\/fr\/news\/se-regaler-en-toute-regionalite\/\" \/>\n<meta property=\"og:locale\" content=\"fr_FR\" \/>\n<meta property=\"og:type\" content=\"article\" \/>\n<meta property=\"og:title\" content=\"Se r\u00e9galer en toute r\u00e9gionalit\u00e9\" \/>\n<meta property=\"og:description\" content=\"Les march\u00e9s ALIGRO offrent une vari\u00e9t\u00e9 de produits r\u00e9gionaux, qu\u2019il s\u2019agisse de charcuterie, de produits laitiers, d\u2019\u0153ufs, de fruits et l\u00e9gumes ou encore de vins et de bi\u00e8res.\u00a0 Pourquoi ne pas en profiter pour organiser un repas, un brunch ou un en-cas avec des produits r\u00e9gionaux et de saison ?\" \/>\n<meta property=\"og:url\" content=\"https:\/\/www.aligro.ch\/pages\/fr\/news\/se-regaler-en-toute-regionalite\/\" \/>\n<meta property=\"og:site_name\" content=\"ALIGRO\" \/>\n<meta property=\"article:publisher\" content=\"https:\/\/fb.com\/aligrosuisse\" \/>\n<meta property=\"article:published_time\" content=\"2023-08-17T11:59:04+00:00\" \/>\n<meta property=\"article:modified_time\" content=\"2024-03-20T11:07:15+00:00\" \/>\n<meta property=\"og:image\" content=\"https:\/\/www.aligro.ch\/pages\/wp-content\/uploads\/2023\/08\/BANDEAU-1.jpg\" \/>\n\t<meta property=\"og:image:width\" content=\"1920\" \/>\n\t<meta property=\"og:image:height\" content=\"1280\" \/>\n\t<meta property=\"og:image:type\" content=\"image\/jpeg\" \/>\n<meta name=\"author\" content=\"Vincent Lavanchy\" \/>\n<meta name=\"twitter:card\" content=\"summary_large_image\" \/>\n<meta name=\"twitter:label1\" content=\"\u00c9crit par\" \/>\n\t<meta name=\"twitter:data1\" content=\"Vincent Lavanchy\" \/>\n\t<meta name=\"twitter:label2\" content=\"Dur\u00e9e de lecture estim\u00e9e\" \/>\n\t<meta name=\"twitter:data2\" content=\"2 minutes\" \/>\n<script type=\"application\/ld+json\" class=\"yoast-schema-graph\">{\"@context\":\"https:\\\/\\\/schema.org\",\"@graph\":[{\"@type\":\"Article\",\"@id\":\"https:\\\/\\\/www.aligro.ch\\\/pages\\\/fr\\\/news\\\/se-regaler-en-toute-regionalite\\\/#article\",\"isPartOf\":{\"@id\":\"https:\\\/\\\/www.aligro.ch\\\/pages\\\/fr\\\/news\\\/se-regaler-en-toute-regionalite\\\/\"},\"author\":{\"name\":\"Vincent Lavanchy\",\"@id\":\"https:\\\/\\\/www.aligro.ch\\\/pages\\\/#\\\/schema\\\/person\\\/abe4f4a53fec53a8dea10e43adbbe7e3\"},\"headline\":\"Se r\u00e9galer en toute r\u00e9gionalit\u00e9\",\"datePublished\":\"2023-08-17T11:59:04+00:00\",\"dateModified\":\"2024-03-20T11:07:15+00:00\",\"mainEntityOfPage\":{\"@id\":\"https:\\\/\\\/www.aligro.ch\\\/pages\\\/fr\\\/news\\\/se-regaler-en-toute-regionalite\\\/\"},\"wordCount\":358,\"publisher\":{\"@id\":\"https:\\\/\\\/www.aligro.ch\\\/pages\\\/#organization\"},\"image\":{\"@id\":\"https:\\\/\\\/www.aligro.ch\\\/pages\\\/fr\\\/news\\\/se-regaler-en-toute-regionalite\\\/#primaryimage\"},\"thumbnailUrl\":\"https:\\\/\\\/www.aligro.ch\\\/pages\\\/wp-content\\\/uploads\\\/2023\\\/08\\\/BANDEAU-1.jpg\",\"articleSection\":[\"Autre\"],\"inLanguage\":\"fr-FR\"},{\"@type\":\"WebPage\",\"@id\":\"https:\\\/\\\/www.aligro.ch\\\/pages\\\/fr\\\/news\\\/se-regaler-en-toute-regionalite\\\/\",\"url\":\"https:\\\/\\\/www.aligro.ch\\\/pages\\\/fr\\\/news\\\/se-regaler-en-toute-regionalite\\\/\",\"name\":\"Se r\u00e9galer en toute r\u00e9gionalit\u00e9\",\"isPartOf\":{\"@id\":\"https:\\\/\\\/www.aligro.ch\\\/pages\\\/#website\"},\"primaryImageOfPage\":{\"@id\":\"https:\\\/\\\/www.aligro.ch\\\/pages\\\/fr\\\/news\\\/se-regaler-en-toute-regionalite\\\/#primaryimage\"},\"image\":{\"@id\":\"https:\\\/\\\/www.aligro.ch\\\/pages\\\/fr\\\/news\\\/se-regaler-en-toute-regionalite\\\/#primaryimage\"},\"thumbnailUrl\":\"https:\\\/\\\/www.aligro.ch\\\/pages\\\/wp-content\\\/uploads\\\/2023\\\/08\\\/BANDEAU-1.jpg\",\"datePublished\":\"2023-08-17T11:59:04+00:00\",\"dateModified\":\"2024-03-20T11:07:15+00:00\",\"description\":\"Les march\u00e9s ALIGRO offrent une vari\u00e9t\u00e9 de produits r\u00e9gionaux, qu\u2019il s\u2019agisse de charcuterie, de produits laitiers, d\u2019\u0153ufs, de fruits et l\u00e9gumes ou encore de vins et de bi\u00e8res.\u00a0 Pourquoi ne pas en profiter pour organiser un repas, un brunch ou un en-cas avec des produits r\u00e9gionaux et de saison ?\",\"breadcrumb\":{\"@id\":\"https:\\\/\\\/www.aligro.ch\\\/pages\\\/fr\\\/news\\\/se-regaler-en-toute-regionalite\\\/#breadcrumb\"},\"inLanguage\":\"fr-FR\",\"potentialAction\":[{\"@type\":\"ReadAction\",\"target\":[\"https:\\\/\\\/www.aligro.ch\\\/pages\\\/fr\\\/news\\\/se-regaler-en-toute-regionalite\\\/\"]}]},{\"@type\":\"ImageObject\",\"inLanguage\":\"fr-FR\",\"@id\":\"https:\\\/\\\/www.aligro.ch\\\/pages\\\/fr\\\/news\\\/se-regaler-en-toute-regionalite\\\/#primaryimage\",\"url\":\"https:\\\/\\\/www.aligro.ch\\\/pages\\\/wp-content\\\/uploads\\\/2023\\\/08\\\/BANDEAU-1.jpg\",\"contentUrl\":\"https:\\\/\\\/www.aligro.ch\\\/pages\\\/wp-content\\\/uploads\\\/2023\\\/08\\\/BANDEAU-1.jpg\",\"width\":1920,\"height\":1280,\"caption\":\"White wine, grape, bread and cheese on stone table. Top view\"},{\"@type\":\"BreadcrumbList\",\"@id\":\"https:\\\/\\\/www.aligro.ch\\\/pages\\\/fr\\\/news\\\/se-regaler-en-toute-regionalite\\\/#breadcrumb\",\"itemListElement\":[{\"@type\":\"ListItem\",\"position\":1,\"name\":\"Accueil\",\"item\":\"https:\\\/\\\/www.aligro.ch\\\/pages\\\/de\\\/aligro-academy\\\/\"},{\"@type\":\"ListItem\",\"position\":2,\"name\":\"Se r\u00e9galer en toute r\u00e9gionalit\u00e9\"}]},{\"@type\":\"WebSite\",\"@id\":\"https:\\\/\\\/www.aligro.ch\\\/pages\\\/#website\",\"url\":\"https:\\\/\\\/www.aligro.ch\\\/pages\\\/\",\"name\":\"ALIGRO\",\"description\":\"Fra\u00eecheur. Qualit\u00e9. Inspiration.\",\"publisher\":{\"@id\":\"https:\\\/\\\/www.aligro.ch\\\/pages\\\/#organization\"},\"potentialAction\":[{\"@type\":\"SearchAction\",\"target\":{\"@type\":\"EntryPoint\",\"urlTemplate\":\"https:\\\/\\\/www.aligro.ch\\\/pages\\\/?s={search_term_string}\"},\"query-input\":{\"@type\":\"PropertyValueSpecification\",\"valueRequired\":true,\"valueName\":\"search_term_string\"}}],\"inLanguage\":\"fr-FR\"},{\"@type\":\"Organization\",\"@id\":\"https:\\\/\\\/www.aligro.ch\\\/pages\\\/#organization\",\"name\":\"ALIGRO\",\"url\":\"https:\\\/\\\/www.aligro.ch\\\/pages\\\/\",\"logo\":{\"@type\":\"ImageObject\",\"inLanguage\":\"fr-FR\",\"@id\":\"https:\\\/\\\/www.aligro.ch\\\/pages\\\/#\\\/schema\\\/logo\\\/image\\\/\",\"url\":\"https:\\\/\\\/www.aligro.ch\\\/pages\\\/wp-content\\\/uploads\\\/2018\\\/10\\\/Logo@4x.png\",\"contentUrl\":\"https:\\\/\\\/www.aligro.ch\\\/pages\\\/wp-content\\\/uploads\\\/2018\\\/10\\\/Logo@4x.png\",\"width\":1831,\"height\":228,\"caption\":\"ALIGRO\"},\"image\":{\"@id\":\"https:\\\/\\\/www.aligro.ch\\\/pages\\\/#\\\/schema\\\/logo\\\/image\\\/\"},\"sameAs\":[\"https:\\\/\\\/fb.com\\\/aligrosuisse\"]},{\"@type\":\"Person\",\"@id\":\"https:\\\/\\\/www.aligro.ch\\\/pages\\\/#\\\/schema\\\/person\\\/abe4f4a53fec53a8dea10e43adbbe7e3\",\"name\":\"Vincent Lavanchy\",\"image\":{\"@type\":\"ImageObject\",\"inLanguage\":\"fr-FR\",\"@id\":\"https:\\\/\\\/secure.gravatar.com\\\/avatar\\\/0c26d4efb7d6ae3d3acfb21cea043eed07c8459ea7780b7c5d9d73543f0c4d2e?s=96&d=mm&r=g\",\"url\":\"https:\\\/\\\/secure.gravatar.com\\\/avatar\\\/0c26d4efb7d6ae3d3acfb21cea043eed07c8459ea7780b7c5d9d73543f0c4d2e?s=96&d=mm&r=g\",\"contentUrl\":\"https:\\\/\\\/secure.gravatar.com\\\/avatar\\\/0c26d4efb7d6ae3d3acfb21cea043eed07c8459ea7780b7c5d9d73543f0c4d2e?s=96&d=mm&r=g\",\"caption\":\"Vincent Lavanchy\"}}]}<\/script>\n<!-- \/ Yoast SEO plugin. -->","yoast_head_json":{"title":"Se r\u00e9galer en toute r\u00e9gionalit\u00e9","description":"Les march\u00e9s ALIGRO offrent une vari\u00e9t\u00e9 de produits r\u00e9gionaux, qu\u2019il s\u2019agisse de charcuterie, de produits laitiers, d\u2019\u0153ufs, de fruits et l\u00e9gumes ou encore de vins et de bi\u00e8res.\u00a0 Pourquoi ne pas en profiter pour organiser un repas, un brunch ou un en-cas avec des produits r\u00e9gionaux et de saison ?","robots":{"index":"index","follow":"follow","max-snippet":"max-snippet:-1","max-image-preview":"max-image-preview:large","max-video-preview":"max-video-preview:-1"},"canonical":"https:\/\/www.aligro.ch\/pages\/fr\/news\/se-regaler-en-toute-regionalite\/","og_locale":"fr_FR","og_type":"article","og_title":"Se r\u00e9galer en toute r\u00e9gionalit\u00e9","og_description":"Les march\u00e9s ALIGRO offrent une vari\u00e9t\u00e9 de produits r\u00e9gionaux, qu\u2019il s\u2019agisse de charcuterie, de produits laitiers, d\u2019\u0153ufs, de fruits et l\u00e9gumes ou encore de vins et de bi\u00e8res.\u00a0 Pourquoi ne pas en profiter pour organiser un repas, un brunch ou un en-cas avec des produits r\u00e9gionaux et de saison ?","og_url":"https:\/\/www.aligro.ch\/pages\/fr\/news\/se-regaler-en-toute-regionalite\/","og_site_name":"ALIGRO","article_publisher":"https:\/\/fb.com\/aligrosuisse","article_published_time":"2023-08-17T11:59:04+00:00","article_modified_time":"2024-03-20T11:07:15+00:00","og_image":[{"width":1920,"height":1280,"url":"https:\/\/www.aligro.ch\/pages\/wp-content\/uploads\/2023\/08\/BANDEAU-1.jpg","type":"image\/jpeg"}],"author":"Vincent Lavanchy","twitter_card":"summary_large_image","twitter_misc":{"\u00c9crit par":"Vincent Lavanchy","Dur\u00e9e de lecture estim\u00e9e":"2 minutes"},"schema":{"@context":"https:\/\/schema.org","@graph":[{"@type":"Article","@id":"https:\/\/www.aligro.ch\/pages\/fr\/news\/se-regaler-en-toute-regionalite\/#article","isPartOf":{"@id":"https:\/\/www.aligro.ch\/pages\/fr\/news\/se-regaler-en-toute-regionalite\/"},"author":{"name":"Vincent Lavanchy","@id":"https:\/\/www.aligro.ch\/pages\/#\/schema\/person\/abe4f4a53fec53a8dea10e43adbbe7e3"},"headline":"Se r\u00e9galer en toute r\u00e9gionalit\u00e9","datePublished":"2023-08-17T11:59:04+00:00","dateModified":"2024-03-20T11:07:15+00:00","mainEntityOfPage":{"@id":"https:\/\/www.aligro.ch\/pages\/fr\/news\/se-regaler-en-toute-regionalite\/"},"wordCount":358,"publisher":{"@id":"https:\/\/www.aligro.ch\/pages\/#organization"},"image":{"@id":"https:\/\/www.aligro.ch\/pages\/fr\/news\/se-regaler-en-toute-regionalite\/#primaryimage"},"thumbnailUrl":"https:\/\/www.aligro.ch\/pages\/wp-content\/uploads\/2023\/08\/BANDEAU-1.jpg","articleSection":["Autre"],"inLanguage":"fr-FR"},{"@type":"WebPage","@id":"https:\/\/www.aligro.ch\/pages\/fr\/news\/se-regaler-en-toute-regionalite\/","url":"https:\/\/www.aligro.ch\/pages\/fr\/news\/se-regaler-en-toute-regionalite\/","name":"Se r\u00e9galer en toute r\u00e9gionalit\u00e9","isPartOf":{"@id":"https:\/\/www.aligro.ch\/pages\/#website"},"primaryImageOfPage":{"@id":"https:\/\/www.aligro.ch\/pages\/fr\/news\/se-regaler-en-toute-regionalite\/#primaryimage"},"image":{"@id":"https:\/\/www.aligro.ch\/pages\/fr\/news\/se-regaler-en-toute-regionalite\/#primaryimage"},"thumbnailUrl":"https:\/\/www.aligro.ch\/pages\/wp-content\/uploads\/2023\/08\/BANDEAU-1.jpg","datePublished":"2023-08-17T11:59:04+00:00","dateModified":"2024-03-20T11:07:15+00:00","description":"Les march\u00e9s ALIGRO offrent une vari\u00e9t\u00e9 de produits r\u00e9gionaux, qu\u2019il s\u2019agisse de charcuterie, de produits laitiers, d\u2019\u0153ufs, de fruits et l\u00e9gumes ou encore de vins et de bi\u00e8res.\u00a0 Pourquoi ne pas en profiter pour organiser un repas, un brunch ou un en-cas avec des produits r\u00e9gionaux et de saison ?","breadcrumb":{"@id":"https:\/\/www.aligro.ch\/pages\/fr\/news\/se-regaler-en-toute-regionalite\/#breadcrumb"},"inLanguage":"fr-FR","potentialAction":[{"@type":"ReadAction","target":["https:\/\/www.aligro.ch\/pages\/fr\/news\/se-regaler-en-toute-regionalite\/"]}]},{"@type":"ImageObject","inLanguage":"fr-FR","@id":"https:\/\/www.aligro.ch\/pages\/fr\/news\/se-regaler-en-toute-regionalite\/#primaryimage","url":"https:\/\/www.aligro.ch\/pages\/wp-content\/uploads\/2023\/08\/BANDEAU-1.jpg","contentUrl":"https:\/\/www.aligro.ch\/pages\/wp-content\/uploads\/2023\/08\/BANDEAU-1.jpg","width":1920,"height":1280,"caption":"White wine, grape, bread and cheese on stone table. Top view"},{"@type":"BreadcrumbList","@id":"https:\/\/www.aligro.ch\/pages\/fr\/news\/se-regaler-en-toute-regionalite\/#breadcrumb","itemListElement":[{"@type":"ListItem","position":1,"name":"Accueil","item":"https:\/\/www.aligro.ch\/pages\/de\/aligro-academy\/"},{"@type":"ListItem","position":2,"name":"Se r\u00e9galer en toute r\u00e9gionalit\u00e9"}]},{"@type":"WebSite","@id":"https:\/\/www.aligro.ch\/pages\/#website","url":"https:\/\/www.aligro.ch\/pages\/","name":"ALIGRO","description":"Fra\u00eecheur. Qualit\u00e9. Inspiration.","publisher":{"@id":"https:\/\/www.aligro.ch\/pages\/#organization"},"potentialAction":[{"@type":"SearchAction","target":{"@type":"EntryPoint","urlTemplate":"https:\/\/www.aligro.ch\/pages\/?s={search_term_string}"},"query-input":{"@type":"PropertyValueSpecification","valueRequired":true,"valueName":"search_term_string"}}],"inLanguage":"fr-FR"},{"@type":"Organization","@id":"https:\/\/www.aligro.ch\/pages\/#organization","name":"ALIGRO","url":"https:\/\/www.aligro.ch\/pages\/","logo":{"@type":"ImageObject","inLanguage":"fr-FR","@id":"https:\/\/www.aligro.ch\/pages\/#\/schema\/logo\/image\/","url":"https:\/\/www.aligro.ch\/pages\/wp-content\/uploads\/2018\/10\/Logo@4x.png","contentUrl":"https:\/\/www.aligro.ch\/pages\/wp-content\/uploads\/2018\/10\/Logo@4x.png","width":1831,"height":228,"caption":"ALIGRO"},"image":{"@id":"https:\/\/www.aligro.ch\/pages\/#\/schema\/logo\/image\/"},"sameAs":["https:\/\/fb.com\/aligrosuisse"]},{"@type":"Person","@id":"https:\/\/www.aligro.ch\/pages\/#\/schema\/person\/abe4f4a53fec53a8dea10e43adbbe7e3","name":"Vincent Lavanchy","image":{"@type":"ImageObject","inLanguage":"fr-FR","@id":"https:\/\/secure.gravatar.com\/avatar\/0c26d4efb7d6ae3d3acfb21cea043eed07c8459ea7780b7c5d9d73543f0c4d2e?s=96&d=mm&r=g","url":"https:\/\/secure.gravatar.com\/avatar\/0c26d4efb7d6ae3d3acfb21cea043eed07c8459ea7780b7c5d9d73543f0c4d2e?s=96&d=mm&r=g","contentUrl":"https:\/\/secure.gravatar.com\/avatar\/0c26d4efb7d6ae3d3acfb21cea043eed07c8459ea7780b7c5d9d73543f0c4d2e?s=96&d=mm&r=g","caption":"Vincent Lavanchy"}}]}},"_links":{"self":[{"href":"https:\/\/www.aligro.ch\/pages\/wp-json\/wp\/v2\/posts\/66035","targetHints":{"allow":["GET"]}}],"collection":[{"href":"https:\/\/www.aligro.ch\/pages\/wp-json\/wp\/v2\/posts"}],"about":[{"href":"https:\/\/www.aligro.ch\/pages\/wp-json\/wp\/v2\/types\/post"}],"author":[{"embeddable":true,"href":"https:\/\/www.aligro.ch\/pages\/wp-json\/wp\/v2\/users\/9"}],"replies":[{"embeddable":true,"href":"https:\/\/www.aligro.ch\/pages\/wp-json\/wp\/v2\/comments?post=66035"}],"version-history":[{"count":4,"href":"https:\/\/www.aligro.ch\/pages\/wp-json\/wp\/v2\/posts\/66035\/revisions"}],"predecessor-version":[{"id":70237,"href":"https:\/\/www.aligro.ch\/pages\/wp-json\/wp\/v2\/posts\/66035\/revisions\/70237"}],"wp:featuredmedia":[{"embeddable":true,"href":"https:\/\/www.aligro.ch\/pages\/wp-json\/wp\/v2\/media\/66047"}],"wp:attachment":[{"href":"https:\/\/www.aligro.ch\/pages\/wp-json\/wp\/v2\/media?parent=66035"}],"wp:term":[{"taxonomy":"category","embeddable":true,"href":"https:\/\/www.aligro.ch\/pages\/wp-json\/wp\/v2\/categories?post=66035"},{"taxonomy":"post_tag","embeddable":true,"href":"https:\/\/www.aligro.ch\/pages\/wp-json\/wp\/v2\/tags?post=66035"}],"curies":[{"name":"wp","href":"https:\/\/api.w.org\/{rel}","templated":true}]}}