{"id":65845,"date":"2023-08-10T08:00:54","date_gmt":"2023-08-10T06:00:54","guid":{"rendered":"https:\/\/www.aligro.ch\/pages\/?p=65845"},"modified":"2024-03-20T12:10:51","modified_gmt":"2024-03-20T11:10:51","slug":"grosses-angebot-an-regionalen-lebensmitteln","status":"publish","type":"post","link":"https:\/\/www.aligro.ch\/pages\/de\/news\/grosses-angebot-an-regionalen-lebensmitteln\/","title":{"rendered":"Grosses Angebot an regionalen Lebensmitteln"},"content":{"rendered":"<p><strong>In den ALIGRO-M\u00e4rkten in der Deutschen- und Westschweiz sind regionale Produkte ein wichtiger Teil im Angebot \u2013 von Getr\u00e4nken \u00fcber Fleisch und Milchprodukte bis hin zu Obst und Gem\u00fcse. Die M\u00e4rkte in Sion und Bern erz\u00e4hlen uns mehr dar\u00fcber. <\/strong><\/p>\n<p>Jeder der vierzehn ALIGRO-M\u00e4rkte w\u00e4hlt seine regionalen Produkte aus, sofern sie den Qualit\u00e4tsanforderungen entsprechen. Und dieses Angebot wird laufend weiter ausgebaut. Es umfasst beispielsweise je nach Markt Honig oder Konfitu\u0308re aus der Region, Wein, Schn\u00e4pse oder andere Getr\u00e4nke. In der Frischeabteilung findet man unter anderem Charcuterieartikel, Milchprodukte (Joghurt, K\u00e4se, Milch, Butter), Eier oder Teigwaren. Nat\u00fcrlich sind auch saisonale Obst- und Gem\u00fcsesorten gut vertreten.<\/p>\n<p>Paul-Andr\u00e9 Anthamatten, Kundenbetreuer im ALIGRO in Sitten, erkl\u00e4rt: \u00abEs ist f\u00fcr uns von Vorteil, wenn wir den Kunden \u2013 w\u00e4hrend der jeweiligen Saison \u2013 solche Produkte anbieten. Sie finden dann sowohl regionale Produkte als auch alle anderen Lebensmittel, die sie ben\u00f6tigen, und vereinfachen so ihren Einkauf an einem einzigen Ort.\u00bb<\/p>\n<p>Im regionalen Sortiment des Marktes in Sitten gibt es nat\u00fcrlich eine sch\u00f6ne Auswahl von weissen und roten Weinen, f\u00fcr die das Wallis weit herum bekannt ist. Dazu kommen aber weitere Spezialit\u00e4ten, der Obstbrand Abricotine zum Beispiel oder Williamine, ein Eau-de-Vie aus Walliser Williamsbirnen. Besonders stolz ist Paul-Andr\u00e9 Anthamatten auch darauf, dass der G\u00e9n\u00e9pi im Angebot ist. Dieser Digestif wird aus der f\u00fcrs Wallis charakteristischen Alpenpflanze Edelraute hergestellt und passt hervorragend ans Ende einer Mahlzeit, wird aber oft auch als Aperitif serviert. Wer es lieber alkoholfrei mag, kommt mit dem Mineralwasser \u00abValais\u00bb auf die Kosten, welches in Aproz produziert wird.<\/p>\n<p>Im ALIGRO-Markt in Bern orientiert sich das Angebot an regionalen Getr\u00e4nken am Bier &#8211; insbesondere das Felsenaubier erfreut sich mit seinen vier verschiedenen Sorten sehr beliebt. Bei den nicht-alkoholischen Getr\u00e4nken ist die Marke Adelbodner f\u00fchrend und sowohl als Wasser, als Citro, Orange und Wasser mit Geschmack wie Melisse erh\u00e4ltlich. Daf\u00fcr ist Michael Ehlers, Key Account Manager, stolz auf die weiteren regionalen Artikel, die im Angebot sind: \u00abIm Markt Bern f\u00fchren wir zur Zeit \u00fcber f\u00fcnfzehn verschiedene regionale K\u00e4sesorten sowie ungef\u00e4hr 40 verschiedene Kr\u00e4uter aus Riedbach. Und im Wurstbereich sind die Berner Zungenwurst und die Emmentaler Rauchwurst sehr beliebt.\u00bb<\/p>\n<p>Auch in Sitten geht das regionale Angebot weit \u00fcber Getr\u00e4nke hinaus. In der Metzgerei gibt es Trockenfleisch, Rohschinken, Trockenspeck und verschiedene Walliser W\u00fcrste. Raclettek\u00e4se, Tommes, Bergk\u00e4sli oder auch Ziger werden bei den Milchprodukten angeboten. Auch f\u00fcr Fr\u00fcchte ist das Wallis bekannt \u2013 und so findet man in der Saison Aprikosen aus der Region oder Himbeeren, die von Produzenten im Wallis angebaut wurden. \u00abUnsere Walliser Produkte verkaufen sich gut\u00bb, erkl\u00e4rt Paul-Andr\u00e9 Anthamatten, \u00absie sind bei den Profi- wie bei den Privatkunden sehr beliebt.\u00bb<\/p>\n<p>So sieht es auch der Berner Michael Ehlers, der stolz darauf ist, bei ALIGRO, einem verantwortungsvollen, unabh\u00e4ngigen und familiengef\u00fchrten Unternehmen, arbeiten zu k\u00f6nnen:\u00a0 \u00abWir haben viele Produkte aus der Schweiz und sogar aus Bern. Das ist f\u00fcr viele Kundinnen und Kunden mit ein Grund, weshalb sie gerne bei uns einkaufen.\u00bb Dar\u00fcber hinaus hat jeder ALIRGO-Markt dank der langj\u00e4hrigen Zusammenarbeit mit lokalen Lieferanten ein Sortiment entwickelt, das auf die Bed\u00fcrfnisse seiner lokalen Kundschaft zugeschnitten ist und weiter w\u00e4chst.<\/p>\n","protected":false},"excerpt":{"rendered":"<p>In den ALIGRO-M\u00e4rkten in der Deutschen- und Westschweiz sind regionale Produkte ein wichtiger Teil im Angebot \u2013 von<a class=\"moretag\" href=\"https:\/\/www.aligro.ch\/pages\/de\/news\/grosses-angebot-an-regionalen-lebensmitteln\/\"> &#8230;<\/a><\/p>\n","protected":false},"author":7,"featured_media":65841,"comment_status":"closed","ping_status":"closed","sticky":false,"template":"","format":"standard","meta":{"_acf_changed":false,"footnotes":""},"categories":[7],"tags":[],"class_list":["post-65845","post","type-post","status-publish","format-standard","has-post-thumbnail","hentry","category-andere"],"acf":[],"yoast_head":"<!-- This site is optimized with the Yoast SEO plugin v27.4 - https:\/\/yoast.com\/product\/yoast-seo-wordpress\/ -->\n<title>ALIGRO - Grosses Angebot an regionalen Lebensmitteln<\/title>\n<meta name=\"description\" content=\"In den ALIGRO-M\u00e4rkten in der Deutschen- und Westschweiz sind regionale Produkte ein wichtiger Teil im Angebot \u2013 von Getr\u00e4nken \u00fcber Fleisch und Milchprodukte bis hin zu Obst und Gem\u00fcse. Die M\u00e4rkte in Sion und Bern erz\u00e4hlen uns mehr dar\u00fcber.\" \/>\n<meta name=\"robots\" content=\"index, follow, max-snippet:-1, max-image-preview:large, max-video-preview:-1\" \/>\n<link rel=\"canonical\" href=\"https:\/\/www.aligro.ch\/pages\/de\/news\/grosses-angebot-an-regionalen-lebensmitteln\/\" \/>\n<meta property=\"og:locale\" content=\"fr_FR\" \/>\n<meta property=\"og:type\" content=\"article\" \/>\n<meta property=\"og:title\" content=\"ALIGRO - Grosses Angebot an regionalen Lebensmitteln\" \/>\n<meta property=\"og:description\" content=\"In den ALIGRO-M\u00e4rkten in der Deutschen- und Westschweiz sind regionale Produkte ein wichtiger Teil im Angebot \u2013 von Getr\u00e4nken \u00fcber Fleisch und Milchprodukte bis hin zu Obst und Gem\u00fcse. Die M\u00e4rkte in Sion und Bern erz\u00e4hlen uns mehr dar\u00fcber.\" \/>\n<meta property=\"og:url\" content=\"https:\/\/www.aligro.ch\/pages\/de\/news\/grosses-angebot-an-regionalen-lebensmitteln\/\" \/>\n<meta property=\"og:site_name\" content=\"ALIGRO\" \/>\n<meta property=\"article:publisher\" content=\"https:\/\/fb.com\/aligrosuisse\" \/>\n<meta property=\"article:published_time\" content=\"2023-08-10T06:00:54+00:00\" \/>\n<meta property=\"article:modified_time\" content=\"2024-03-20T11:10:51+00:00\" \/>\n<meta property=\"og:image\" content=\"https:\/\/www.aligro.ch\/pages\/wp-content\/uploads\/2023\/08\/suisse-produit-regional-local.jpg\" \/>\n\t<meta property=\"og:image:width\" content=\"1920\" \/>\n\t<meta property=\"og:image:height\" content=\"1280\" \/>\n\t<meta property=\"og:image:type\" content=\"image\/jpeg\" \/>\n<meta name=\"author\" content=\"Bryan.Dubuis\" \/>\n<meta name=\"twitter:card\" content=\"summary_large_image\" \/>\n<meta name=\"twitter:label1\" content=\"\u00c9crit par\" \/>\n\t<meta name=\"twitter:data1\" content=\"Bryan.Dubuis\" \/>\n\t<meta name=\"twitter:label2\" content=\"Dur\u00e9e de lecture estim\u00e9e\" \/>\n\t<meta name=\"twitter:data2\" content=\"3 minutes\" \/>\n<script type=\"application\/ld+json\" class=\"yoast-schema-graph\">{\"@context\":\"https:\\\/\\\/schema.org\",\"@graph\":[{\"@type\":\"Article\",\"@id\":\"https:\\\/\\\/www.aligro.ch\\\/pages\\\/de\\\/news\\\/grosses-angebot-an-regionalen-lebensmitteln\\\/#article\",\"isPartOf\":{\"@id\":\"https:\\\/\\\/www.aligro.ch\\\/pages\\\/de\\\/news\\\/grosses-angebot-an-regionalen-lebensmitteln\\\/\"},\"author\":{\"name\":\"Bryan.Dubuis\",\"@id\":\"https:\\\/\\\/www.aligro.ch\\\/pages\\\/#\\\/schema\\\/person\\\/777e796cd5f5445dc18658f0b9f9f016\"},\"headline\":\"Grosses Angebot an regionalen Lebensmitteln\",\"datePublished\":\"2023-08-10T06:00:54+00:00\",\"dateModified\":\"2024-03-20T11:10:51+00:00\",\"mainEntityOfPage\":{\"@id\":\"https:\\\/\\\/www.aligro.ch\\\/pages\\\/de\\\/news\\\/grosses-angebot-an-regionalen-lebensmitteln\\\/\"},\"wordCount\":559,\"publisher\":{\"@id\":\"https:\\\/\\\/www.aligro.ch\\\/pages\\\/#organization\"},\"image\":{\"@id\":\"https:\\\/\\\/www.aligro.ch\\\/pages\\\/de\\\/news\\\/grosses-angebot-an-regionalen-lebensmitteln\\\/#primaryimage\"},\"thumbnailUrl\":\"https:\\\/\\\/www.aligro.ch\\\/pages\\\/wp-content\\\/uploads\\\/2023\\\/08\\\/suisse-produit-regional-local.jpg\",\"articleSection\":[\"Andere\"],\"inLanguage\":\"fr-FR\"},{\"@type\":\"WebPage\",\"@id\":\"https:\\\/\\\/www.aligro.ch\\\/pages\\\/de\\\/news\\\/grosses-angebot-an-regionalen-lebensmitteln\\\/\",\"url\":\"https:\\\/\\\/www.aligro.ch\\\/pages\\\/de\\\/news\\\/grosses-angebot-an-regionalen-lebensmitteln\\\/\",\"name\":\"ALIGRO - Grosses Angebot an regionalen Lebensmitteln\",\"isPartOf\":{\"@id\":\"https:\\\/\\\/www.aligro.ch\\\/pages\\\/#website\"},\"primaryImageOfPage\":{\"@id\":\"https:\\\/\\\/www.aligro.ch\\\/pages\\\/de\\\/news\\\/grosses-angebot-an-regionalen-lebensmitteln\\\/#primaryimage\"},\"image\":{\"@id\":\"https:\\\/\\\/www.aligro.ch\\\/pages\\\/de\\\/news\\\/grosses-angebot-an-regionalen-lebensmitteln\\\/#primaryimage\"},\"thumbnailUrl\":\"https:\\\/\\\/www.aligro.ch\\\/pages\\\/wp-content\\\/uploads\\\/2023\\\/08\\\/suisse-produit-regional-local.jpg\",\"datePublished\":\"2023-08-10T06:00:54+00:00\",\"dateModified\":\"2024-03-20T11:10:51+00:00\",\"description\":\"In den ALIGRO-M\u00e4rkten in der Deutschen- und Westschweiz sind regionale Produkte ein wichtiger Teil im Angebot \u2013 von Getr\u00e4nken \u00fcber Fleisch und Milchprodukte bis hin zu Obst und Gem\u00fcse. Die M\u00e4rkte in Sion und Bern erz\u00e4hlen uns mehr dar\u00fcber.\",\"breadcrumb\":{\"@id\":\"https:\\\/\\\/www.aligro.ch\\\/pages\\\/de\\\/news\\\/grosses-angebot-an-regionalen-lebensmitteln\\\/#breadcrumb\"},\"inLanguage\":\"fr-FR\",\"potentialAction\":[{\"@type\":\"ReadAction\",\"target\":[\"https:\\\/\\\/www.aligro.ch\\\/pages\\\/de\\\/news\\\/grosses-angebot-an-regionalen-lebensmitteln\\\/\"]}]},{\"@type\":\"ImageObject\",\"inLanguage\":\"fr-FR\",\"@id\":\"https:\\\/\\\/www.aligro.ch\\\/pages\\\/de\\\/news\\\/grosses-angebot-an-regionalen-lebensmitteln\\\/#primaryimage\",\"url\":\"https:\\\/\\\/www.aligro.ch\\\/pages\\\/wp-content\\\/uploads\\\/2023\\\/08\\\/suisse-produit-regional-local.jpg\",\"contentUrl\":\"https:\\\/\\\/www.aligro.ch\\\/pages\\\/wp-content\\\/uploads\\\/2023\\\/08\\\/suisse-produit-regional-local.jpg\",\"width\":1920,\"height\":1280,\"caption\":\"suisse schweiz region regional local produit produkt\"},{\"@type\":\"BreadcrumbList\",\"@id\":\"https:\\\/\\\/www.aligro.ch\\\/pages\\\/de\\\/news\\\/grosses-angebot-an-regionalen-lebensmitteln\\\/#breadcrumb\",\"itemListElement\":[{\"@type\":\"ListItem\",\"position\":1,\"name\":\"Accueil\",\"item\":\"https:\\\/\\\/www.aligro.ch\\\/pages\\\/de\\\/aligro-academy\\\/\"},{\"@type\":\"ListItem\",\"position\":2,\"name\":\"Grosses Angebot an regionalen Lebensmitteln\"}]},{\"@type\":\"WebSite\",\"@id\":\"https:\\\/\\\/www.aligro.ch\\\/pages\\\/#website\",\"url\":\"https:\\\/\\\/www.aligro.ch\\\/pages\\\/\",\"name\":\"ALIGRO\",\"description\":\"Fra\u00eecheur. Qualit\u00e9. Inspiration.\",\"publisher\":{\"@id\":\"https:\\\/\\\/www.aligro.ch\\\/pages\\\/#organization\"},\"potentialAction\":[{\"@type\":\"SearchAction\",\"target\":{\"@type\":\"EntryPoint\",\"urlTemplate\":\"https:\\\/\\\/www.aligro.ch\\\/pages\\\/?s={search_term_string}\"},\"query-input\":{\"@type\":\"PropertyValueSpecification\",\"valueRequired\":true,\"valueName\":\"search_term_string\"}}],\"inLanguage\":\"fr-FR\"},{\"@type\":\"Organization\",\"@id\":\"https:\\\/\\\/www.aligro.ch\\\/pages\\\/#organization\",\"name\":\"ALIGRO\",\"url\":\"https:\\\/\\\/www.aligro.ch\\\/pages\\\/\",\"logo\":{\"@type\":\"ImageObject\",\"inLanguage\":\"fr-FR\",\"@id\":\"https:\\\/\\\/www.aligro.ch\\\/pages\\\/#\\\/schema\\\/logo\\\/image\\\/\",\"url\":\"https:\\\/\\\/www.aligro.ch\\\/pages\\\/wp-content\\\/uploads\\\/2018\\\/10\\\/Logo@4x.png\",\"contentUrl\":\"https:\\\/\\\/www.aligro.ch\\\/pages\\\/wp-content\\\/uploads\\\/2018\\\/10\\\/Logo@4x.png\",\"width\":1831,\"height\":228,\"caption\":\"ALIGRO\"},\"image\":{\"@id\":\"https:\\\/\\\/www.aligro.ch\\\/pages\\\/#\\\/schema\\\/logo\\\/image\\\/\"},\"sameAs\":[\"https:\\\/\\\/fb.com\\\/aligrosuisse\"]},{\"@type\":\"Person\",\"@id\":\"https:\\\/\\\/www.aligro.ch\\\/pages\\\/#\\\/schema\\\/person\\\/777e796cd5f5445dc18658f0b9f9f016\",\"name\":\"Bryan.Dubuis\",\"image\":{\"@type\":\"ImageObject\",\"inLanguage\":\"fr-FR\",\"@id\":\"https:\\\/\\\/secure.gravatar.com\\\/avatar\\\/f25783eb6169c6f454c439b71266b12b0da0dcb30459ac01a1686f93320329e5?s=96&d=mm&r=g\",\"url\":\"https:\\\/\\\/secure.gravatar.com\\\/avatar\\\/f25783eb6169c6f454c439b71266b12b0da0dcb30459ac01a1686f93320329e5?s=96&d=mm&r=g\",\"contentUrl\":\"https:\\\/\\\/secure.gravatar.com\\\/avatar\\\/f25783eb6169c6f454c439b71266b12b0da0dcb30459ac01a1686f93320329e5?s=96&d=mm&r=g\",\"caption\":\"Bryan.Dubuis\"}}]}<\/script>\n<!-- \/ Yoast SEO plugin. -->","yoast_head_json":{"title":"ALIGRO - Grosses Angebot an regionalen Lebensmitteln","description":"In den ALIGRO-M\u00e4rkten in der Deutschen- und Westschweiz sind regionale Produkte ein wichtiger Teil im Angebot \u2013 von Getr\u00e4nken \u00fcber Fleisch und Milchprodukte bis hin zu Obst und Gem\u00fcse. Die M\u00e4rkte in Sion und Bern erz\u00e4hlen uns mehr dar\u00fcber.","robots":{"index":"index","follow":"follow","max-snippet":"max-snippet:-1","max-image-preview":"max-image-preview:large","max-video-preview":"max-video-preview:-1"},"canonical":"https:\/\/www.aligro.ch\/pages\/de\/news\/grosses-angebot-an-regionalen-lebensmitteln\/","og_locale":"fr_FR","og_type":"article","og_title":"ALIGRO - Grosses Angebot an regionalen Lebensmitteln","og_description":"In den ALIGRO-M\u00e4rkten in der Deutschen- und Westschweiz sind regionale Produkte ein wichtiger Teil im Angebot \u2013 von Getr\u00e4nken \u00fcber Fleisch und Milchprodukte bis hin zu Obst und Gem\u00fcse. Die M\u00e4rkte in Sion und Bern erz\u00e4hlen uns mehr dar\u00fcber.","og_url":"https:\/\/www.aligro.ch\/pages\/de\/news\/grosses-angebot-an-regionalen-lebensmitteln\/","og_site_name":"ALIGRO","article_publisher":"https:\/\/fb.com\/aligrosuisse","article_published_time":"2023-08-10T06:00:54+00:00","article_modified_time":"2024-03-20T11:10:51+00:00","og_image":[{"width":1920,"height":1280,"url":"https:\/\/www.aligro.ch\/pages\/wp-content\/uploads\/2023\/08\/suisse-produit-regional-local.jpg","type":"image\/jpeg"}],"author":"Bryan.Dubuis","twitter_card":"summary_large_image","twitter_misc":{"\u00c9crit par":"Bryan.Dubuis","Dur\u00e9e de lecture estim\u00e9e":"3 minutes"},"schema":{"@context":"https:\/\/schema.org","@graph":[{"@type":"Article","@id":"https:\/\/www.aligro.ch\/pages\/de\/news\/grosses-angebot-an-regionalen-lebensmitteln\/#article","isPartOf":{"@id":"https:\/\/www.aligro.ch\/pages\/de\/news\/grosses-angebot-an-regionalen-lebensmitteln\/"},"author":{"name":"Bryan.Dubuis","@id":"https:\/\/www.aligro.ch\/pages\/#\/schema\/person\/777e796cd5f5445dc18658f0b9f9f016"},"headline":"Grosses Angebot an regionalen Lebensmitteln","datePublished":"2023-08-10T06:00:54+00:00","dateModified":"2024-03-20T11:10:51+00:00","mainEntityOfPage":{"@id":"https:\/\/www.aligro.ch\/pages\/de\/news\/grosses-angebot-an-regionalen-lebensmitteln\/"},"wordCount":559,"publisher":{"@id":"https:\/\/www.aligro.ch\/pages\/#organization"},"image":{"@id":"https:\/\/www.aligro.ch\/pages\/de\/news\/grosses-angebot-an-regionalen-lebensmitteln\/#primaryimage"},"thumbnailUrl":"https:\/\/www.aligro.ch\/pages\/wp-content\/uploads\/2023\/08\/suisse-produit-regional-local.jpg","articleSection":["Andere"],"inLanguage":"fr-FR"},{"@type":"WebPage","@id":"https:\/\/www.aligro.ch\/pages\/de\/news\/grosses-angebot-an-regionalen-lebensmitteln\/","url":"https:\/\/www.aligro.ch\/pages\/de\/news\/grosses-angebot-an-regionalen-lebensmitteln\/","name":"ALIGRO - Grosses Angebot an regionalen Lebensmitteln","isPartOf":{"@id":"https:\/\/www.aligro.ch\/pages\/#website"},"primaryImageOfPage":{"@id":"https:\/\/www.aligro.ch\/pages\/de\/news\/grosses-angebot-an-regionalen-lebensmitteln\/#primaryimage"},"image":{"@id":"https:\/\/www.aligro.ch\/pages\/de\/news\/grosses-angebot-an-regionalen-lebensmitteln\/#primaryimage"},"thumbnailUrl":"https:\/\/www.aligro.ch\/pages\/wp-content\/uploads\/2023\/08\/suisse-produit-regional-local.jpg","datePublished":"2023-08-10T06:00:54+00:00","dateModified":"2024-03-20T11:10:51+00:00","description":"In den ALIGRO-M\u00e4rkten in der Deutschen- und Westschweiz sind regionale Produkte ein wichtiger Teil im Angebot \u2013 von Getr\u00e4nken \u00fcber Fleisch und Milchprodukte bis hin zu Obst und Gem\u00fcse. Die M\u00e4rkte in Sion und Bern erz\u00e4hlen uns mehr dar\u00fcber.","breadcrumb":{"@id":"https:\/\/www.aligro.ch\/pages\/de\/news\/grosses-angebot-an-regionalen-lebensmitteln\/#breadcrumb"},"inLanguage":"fr-FR","potentialAction":[{"@type":"ReadAction","target":["https:\/\/www.aligro.ch\/pages\/de\/news\/grosses-angebot-an-regionalen-lebensmitteln\/"]}]},{"@type":"ImageObject","inLanguage":"fr-FR","@id":"https:\/\/www.aligro.ch\/pages\/de\/news\/grosses-angebot-an-regionalen-lebensmitteln\/#primaryimage","url":"https:\/\/www.aligro.ch\/pages\/wp-content\/uploads\/2023\/08\/suisse-produit-regional-local.jpg","contentUrl":"https:\/\/www.aligro.ch\/pages\/wp-content\/uploads\/2023\/08\/suisse-produit-regional-local.jpg","width":1920,"height":1280,"caption":"suisse schweiz region regional local produit produkt"},{"@type":"BreadcrumbList","@id":"https:\/\/www.aligro.ch\/pages\/de\/news\/grosses-angebot-an-regionalen-lebensmitteln\/#breadcrumb","itemListElement":[{"@type":"ListItem","position":1,"name":"Accueil","item":"https:\/\/www.aligro.ch\/pages\/de\/aligro-academy\/"},{"@type":"ListItem","position":2,"name":"Grosses Angebot an regionalen Lebensmitteln"}]},{"@type":"WebSite","@id":"https:\/\/www.aligro.ch\/pages\/#website","url":"https:\/\/www.aligro.ch\/pages\/","name":"ALIGRO","description":"Fra\u00eecheur. Qualit\u00e9. Inspiration.","publisher":{"@id":"https:\/\/www.aligro.ch\/pages\/#organization"},"potentialAction":[{"@type":"SearchAction","target":{"@type":"EntryPoint","urlTemplate":"https:\/\/www.aligro.ch\/pages\/?s={search_term_string}"},"query-input":{"@type":"PropertyValueSpecification","valueRequired":true,"valueName":"search_term_string"}}],"inLanguage":"fr-FR"},{"@type":"Organization","@id":"https:\/\/www.aligro.ch\/pages\/#organization","name":"ALIGRO","url":"https:\/\/www.aligro.ch\/pages\/","logo":{"@type":"ImageObject","inLanguage":"fr-FR","@id":"https:\/\/www.aligro.ch\/pages\/#\/schema\/logo\/image\/","url":"https:\/\/www.aligro.ch\/pages\/wp-content\/uploads\/2018\/10\/Logo@4x.png","contentUrl":"https:\/\/www.aligro.ch\/pages\/wp-content\/uploads\/2018\/10\/Logo@4x.png","width":1831,"height":228,"caption":"ALIGRO"},"image":{"@id":"https:\/\/www.aligro.ch\/pages\/#\/schema\/logo\/image\/"},"sameAs":["https:\/\/fb.com\/aligrosuisse"]},{"@type":"Person","@id":"https:\/\/www.aligro.ch\/pages\/#\/schema\/person\/777e796cd5f5445dc18658f0b9f9f016","name":"Bryan.Dubuis","image":{"@type":"ImageObject","inLanguage":"fr-FR","@id":"https:\/\/secure.gravatar.com\/avatar\/f25783eb6169c6f454c439b71266b12b0da0dcb30459ac01a1686f93320329e5?s=96&d=mm&r=g","url":"https:\/\/secure.gravatar.com\/avatar\/f25783eb6169c6f454c439b71266b12b0da0dcb30459ac01a1686f93320329e5?s=96&d=mm&r=g","contentUrl":"https:\/\/secure.gravatar.com\/avatar\/f25783eb6169c6f454c439b71266b12b0da0dcb30459ac01a1686f93320329e5?s=96&d=mm&r=g","caption":"Bryan.Dubuis"}}]}},"_links":{"self":[{"href":"https:\/\/www.aligro.ch\/pages\/wp-json\/wp\/v2\/posts\/65845","targetHints":{"allow":["GET"]}}],"collection":[{"href":"https:\/\/www.aligro.ch\/pages\/wp-json\/wp\/v2\/posts"}],"about":[{"href":"https:\/\/www.aligro.ch\/pages\/wp-json\/wp\/v2\/types\/post"}],"author":[{"embeddable":true,"href":"https:\/\/www.aligro.ch\/pages\/wp-json\/wp\/v2\/users\/7"}],"replies":[{"embeddable":true,"href":"https:\/\/www.aligro.ch\/pages\/wp-json\/wp\/v2\/comments?post=65845"}],"version-history":[{"count":3,"href":"https:\/\/www.aligro.ch\/pages\/wp-json\/wp\/v2\/posts\/65845\/revisions"}],"predecessor-version":[{"id":70244,"href":"https:\/\/www.aligro.ch\/pages\/wp-json\/wp\/v2\/posts\/65845\/revisions\/70244"}],"wp:featuredmedia":[{"embeddable":true,"href":"https:\/\/www.aligro.ch\/pages\/wp-json\/wp\/v2\/media\/65841"}],"wp:attachment":[{"href":"https:\/\/www.aligro.ch\/pages\/wp-json\/wp\/v2\/media?parent=65845"}],"wp:term":[{"taxonomy":"category","embeddable":true,"href":"https:\/\/www.aligro.ch\/pages\/wp-json\/wp\/v2\/categories?post=65845"},{"taxonomy":"post_tag","embeddable":true,"href":"https:\/\/www.aligro.ch\/pages\/wp-json\/wp\/v2\/tags?post=65845"}],"curies":[{"name":"wp","href":"https:\/\/api.w.org\/{rel}","templated":true}]}}