{"id":65844,"date":"2023-08-10T08:00:23","date_gmt":"2023-08-10T06:00:23","guid":{"rendered":"https:\/\/www.aligro.ch\/pages\/?p=65844"},"modified":"2024-03-20T12:10:56","modified_gmt":"2024-03-20T11:10:56","slug":"une-grande-offre-de-produits-regionaux","status":"publish","type":"post","link":"https:\/\/www.aligro.ch\/pages\/fr\/news\/une-grande-offre-de-produits-regionaux\/","title":{"rendered":"Une grande offre de produits r\u00e9gionaux"},"content":{"rendered":"<p><strong>Dans les march\u00e9s ALIGRO de Suisse allemande et de Suisse romande, les produits r\u00e9gionaux constituent une part importante de l\u2019offre \u2013 qu\u2019il s\u2019agisse de boissons, viandes, produits laitiers ou encore de fruits et l\u00e9gumes. Les march\u00e9s de Sion et de Berne nous en disent plus.<\/strong><\/p>\n<p>Chacun des quatorze march\u00e9s ALIGRO choisit ses articles r\u00e9gionaux pour autant qu\u2019ils r\u00e9pondent aux exigences de qualit\u00e9. Selon les march\u00e9s, l\u2019offre r\u00e9gionale, continuellement \u00e9largie, peut inclure du miel ou des confitures, du vin, des eaux-de-vie ou d&rsquo;autres boissons de la r\u00e9gion. Aux rayons frais, on retrouve notamment des articles de charcuterie, des produits laitiers tels que des yogourts, des fromages, du lait et du beurre, ainsi que des \u0153ufs ou des p\u00e2tes. Bien s\u00fbr, les fruits et les l\u00e9gumes de saison sont \u00e9galement bien repr\u00e9sent\u00e9s.<\/p>\n<p>Paul-Andr\u00e9 Anthamatten, responsable du service client\u00e8le du march\u00e9 ALIGRO de Sion, explique : \u00ab\u00a0C&rsquo;est un avantage pour nous de proposer de tels produits \u00e0 nos clients &#8211; pendant la saison concern\u00e9e. Ils trouvent alors \u00e0 la fois des produits r\u00e9gionaux et tous les autres aliments dont ils ont besoin, simplifiant ainsi leurs achats en un seul endroit.\u00a0\u00bb<\/p>\n<p>Dans l\u2019assortiment r\u00e9gional du march\u00e9 de Sion, il y a bien s\u00fbr un large choix de vins blancs et rouges qui font la r\u00e9putation du Valais. Mais il y a aussi d&rsquo;autres sp\u00e9cialit\u00e9s, telles que de l&rsquo;eau-de-vie d&rsquo;abricots (la fameuse Abricotine), ou de poires Wiliams (la Williamine), toutes deux \u00e9labor\u00e9es \u00e0 partir de fruits du Valais. Paul-Andr\u00e9 Anthamatten est aussi particuli\u00e8rement fier de la pr\u00e9sence du g\u00e9n\u00e9pi dans son offre. Ce digestif, fabriqu\u00e9 \u00e0 partir de l\u2019edelweiss, une plante alpine caract\u00e9ristique du Valais, convient parfaitement \u00e0 la fin d&rsquo;un repas ou en ap\u00e9ritif. Ceux qui pr\u00e9f\u00e8rent les boissons non alcoolis\u00e9es trouvent notamment leur bonheur avec l&rsquo;eau min\u00e9rale \u00ab\u00a0Valais\u00a0\u00bb, produite \u00e0 Aproz.<\/p>\n<p>Au march\u00e9 ALIGRO de Berne, l&rsquo;offre de boissons r\u00e9gionales s\u2019oriente vers la bi\u00e8re \u2013 notamment la Felsenaubier, avec ses quatre vari\u00e9t\u00e9s diff\u00e9rentes, qui jouit d&rsquo;une grande popularit\u00e9. Concernant les boissons non alcoolis\u00e9es, la marque leader Adelbodner est disponible sous forme d&rsquo;eau plate, d\u2019eau gazeuse, de limonade citron ou orange et d&rsquo;eau aromatis\u00e9e \u00e0 la m\u00e9lisse. Michael Ehlers, du service client\u00e8le, se r\u00e9jouit de l\u2019assortiment de produits r\u00e9gionaux propos\u00e9 : \u00ab\u00a0Nous disposons actuellement de plus de quinze sortes de fromages bernois ainsi qu&rsquo;une quarantaine d&rsquo;herbes aromatiques de Riedbach. Et dans le domaine de la charcuterie, la Berner Zungenwurst et l&rsquo;Emmentaler Rauchwurst sont tr\u00e8s appr\u00e9ci\u00e9es\u00a0\u00bb.<\/p>\n<p>A Sion aussi, l\u2019offre r\u00e9gionale s\u2019\u00e9tend bien au-del\u00e0 des boissons. En effet, la boucherie propose une vari\u00e9t\u00e9 de produits typiquement valaisans tels que de la viande s\u00e9ch\u00e9e, du jambon cru, du lard sec et diverses saucisses. Du c\u00f4t\u00e9 des produits laitiers, on retrouve le fameux fromage \u00e0 raclette, des tommes, des fromages de montagne ainsi que du s\u00e9rac. Les fruits du Valais sont \u00e9galement \u00e0 l&rsquo;honneur, avec des abricots et des framboises cultiv\u00e9es par des producteurs locaux. Paul-Andr\u00e9 Anthamatten t\u00e9moigne : \u00ab\u00a0Nos produits valaisans rencontrent un grand succ\u00e8s, aussi bien aupr\u00e8s des professionnels que des particuliers\u00a0\u00bb.<\/p>\n<p>C&rsquo;est \u00e9galement l&rsquo;avis du Bernois Michael Ehlers, qui est fier de pouvoir travailler chez ALIGRO, une entreprise responsable, ind\u00e9pendante et familiale : \u00ab\u00a0Nous avons beaucoup de produits d\u2019origine suisse, et m\u00eame bernoise. Pour de nombreux clients, c&rsquo;est une des raisons pour lesquelles ils aiment faire leurs achats chez nous\u00a0\u00bb. De plus, gr\u00e2ce \u00e0 une collaboration de longue date avec les fournisseurs locaux, chacun des march\u00e9s ALIRGO a d\u00e9velopp\u00e9 un assortiment taill\u00e9 sur mesure pour r\u00e9pondre aux besoins de sa client\u00e8le locale, qui continue \u00e0 se d\u00e9velopper.<\/p>\n","protected":false},"excerpt":{"rendered":"<p>Dans les march\u00e9s ALIGRO de Suisse allemande et de Suisse romande, les produits r\u00e9gionaux constituent une part importante<a class=\"moretag\" href=\"https:\/\/www.aligro.ch\/pages\/fr\/news\/une-grande-offre-de-produits-regionaux\/\"> &#8230;<\/a><\/p>\n","protected":false},"author":7,"featured_media":65841,"comment_status":"closed","ping_status":"closed","sticky":false,"template":"","format":"standard","meta":{"_acf_changed":false,"footnotes":""},"categories":[1],"tags":[],"class_list":["post-65844","post","type-post","status-publish","format-standard","has-post-thumbnail","hentry","category-autre"],"acf":[],"yoast_head":"<!-- This site is optimized with the Yoast SEO plugin v27.4 - https:\/\/yoast.com\/product\/yoast-seo-wordpress\/ -->\n<title>Une grande offre de produits r\u00e9gionaux<\/title>\n<meta name=\"description\" content=\"Dans les march\u00e9s ALIGRO de Suisse allemande et de Suisse romande, les produits r\u00e9gionaux constituent une part importante de l&#039;offre \u2013 qu\u2019il s\u2019agisse de boissons, viandes, produits laitiers ou encore de fruits et l\u00e9gumes. Les march\u00e9s de Sion et de Berne nous en disent plus.\" \/>\n<meta name=\"robots\" content=\"index, follow, max-snippet:-1, max-image-preview:large, max-video-preview:-1\" \/>\n<link rel=\"canonical\" href=\"https:\/\/www.aligro.ch\/pages\/fr\/news\/une-grande-offre-de-produits-regionaux\/\" \/>\n<meta property=\"og:locale\" content=\"fr_FR\" \/>\n<meta property=\"og:type\" content=\"article\" \/>\n<meta property=\"og:title\" content=\"Une grande offre de produits r\u00e9gionaux\" \/>\n<meta property=\"og:description\" content=\"Dans les march\u00e9s ALIGRO de Suisse allemande et de Suisse romande, les produits r\u00e9gionaux constituent une part importante de l&#039;offre \u2013 qu\u2019il s\u2019agisse de boissons, viandes, produits laitiers ou encore de fruits et l\u00e9gumes. Les march\u00e9s de Sion et de Berne nous en disent plus.\" \/>\n<meta property=\"og:url\" content=\"https:\/\/www.aligro.ch\/pages\/fr\/news\/une-grande-offre-de-produits-regionaux\/\" \/>\n<meta property=\"og:site_name\" content=\"ALIGRO\" \/>\n<meta property=\"article:publisher\" content=\"https:\/\/fb.com\/aligrosuisse\" \/>\n<meta property=\"article:published_time\" content=\"2023-08-10T06:00:23+00:00\" \/>\n<meta property=\"article:modified_time\" content=\"2024-03-20T11:10:56+00:00\" \/>\n<meta property=\"og:image\" content=\"https:\/\/www.aligro.ch\/pages\/wp-content\/uploads\/2023\/08\/suisse-produit-regional-local.jpg\" \/>\n\t<meta property=\"og:image:width\" content=\"1920\" \/>\n\t<meta property=\"og:image:height\" content=\"1280\" \/>\n\t<meta property=\"og:image:type\" content=\"image\/jpeg\" \/>\n<meta name=\"author\" content=\"Bryan.Dubuis\" \/>\n<meta name=\"twitter:card\" content=\"summary_large_image\" \/>\n<meta name=\"twitter:label1\" content=\"\u00c9crit par\" \/>\n\t<meta name=\"twitter:data1\" content=\"Bryan.Dubuis\" \/>\n\t<meta name=\"twitter:label2\" content=\"Dur\u00e9e de lecture estim\u00e9e\" \/>\n\t<meta name=\"twitter:data2\" content=\"4 minutes\" \/>\n<script type=\"application\/ld+json\" class=\"yoast-schema-graph\">{\"@context\":\"https:\\\/\\\/schema.org\",\"@graph\":[{\"@type\":\"Article\",\"@id\":\"https:\\\/\\\/www.aligro.ch\\\/pages\\\/fr\\\/news\\\/une-grande-offre-de-produits-regionaux\\\/#article\",\"isPartOf\":{\"@id\":\"https:\\\/\\\/www.aligro.ch\\\/pages\\\/fr\\\/news\\\/une-grande-offre-de-produits-regionaux\\\/\"},\"author\":{\"name\":\"Bryan.Dubuis\",\"@id\":\"https:\\\/\\\/www.aligro.ch\\\/pages\\\/#\\\/schema\\\/person\\\/777e796cd5f5445dc18658f0b9f9f016\"},\"headline\":\"Une grande offre de produits r\u00e9gionaux\",\"datePublished\":\"2023-08-10T06:00:23+00:00\",\"dateModified\":\"2024-03-20T11:10:56+00:00\",\"mainEntityOfPage\":{\"@id\":\"https:\\\/\\\/www.aligro.ch\\\/pages\\\/fr\\\/news\\\/une-grande-offre-de-produits-regionaux\\\/\"},\"wordCount\":670,\"publisher\":{\"@id\":\"https:\\\/\\\/www.aligro.ch\\\/pages\\\/#organization\"},\"image\":{\"@id\":\"https:\\\/\\\/www.aligro.ch\\\/pages\\\/fr\\\/news\\\/une-grande-offre-de-produits-regionaux\\\/#primaryimage\"},\"thumbnailUrl\":\"https:\\\/\\\/www.aligro.ch\\\/pages\\\/wp-content\\\/uploads\\\/2023\\\/08\\\/suisse-produit-regional-local.jpg\",\"articleSection\":[\"Autre\"],\"inLanguage\":\"fr-FR\"},{\"@type\":\"WebPage\",\"@id\":\"https:\\\/\\\/www.aligro.ch\\\/pages\\\/fr\\\/news\\\/une-grande-offre-de-produits-regionaux\\\/\",\"url\":\"https:\\\/\\\/www.aligro.ch\\\/pages\\\/fr\\\/news\\\/une-grande-offre-de-produits-regionaux\\\/\",\"name\":\"Une grande offre de produits r\u00e9gionaux\",\"isPartOf\":{\"@id\":\"https:\\\/\\\/www.aligro.ch\\\/pages\\\/#website\"},\"primaryImageOfPage\":{\"@id\":\"https:\\\/\\\/www.aligro.ch\\\/pages\\\/fr\\\/news\\\/une-grande-offre-de-produits-regionaux\\\/#primaryimage\"},\"image\":{\"@id\":\"https:\\\/\\\/www.aligro.ch\\\/pages\\\/fr\\\/news\\\/une-grande-offre-de-produits-regionaux\\\/#primaryimage\"},\"thumbnailUrl\":\"https:\\\/\\\/www.aligro.ch\\\/pages\\\/wp-content\\\/uploads\\\/2023\\\/08\\\/suisse-produit-regional-local.jpg\",\"datePublished\":\"2023-08-10T06:00:23+00:00\",\"dateModified\":\"2024-03-20T11:10:56+00:00\",\"description\":\"Dans les march\u00e9s ALIGRO de Suisse allemande et de Suisse romande, les produits r\u00e9gionaux constituent une part importante de l'offre \u2013 qu\u2019il s\u2019agisse de boissons, viandes, produits laitiers ou encore de fruits et l\u00e9gumes. Les march\u00e9s de Sion et de Berne nous en disent plus.\",\"breadcrumb\":{\"@id\":\"https:\\\/\\\/www.aligro.ch\\\/pages\\\/fr\\\/news\\\/une-grande-offre-de-produits-regionaux\\\/#breadcrumb\"},\"inLanguage\":\"fr-FR\",\"potentialAction\":[{\"@type\":\"ReadAction\",\"target\":[\"https:\\\/\\\/www.aligro.ch\\\/pages\\\/fr\\\/news\\\/une-grande-offre-de-produits-regionaux\\\/\"]}]},{\"@type\":\"ImageObject\",\"inLanguage\":\"fr-FR\",\"@id\":\"https:\\\/\\\/www.aligro.ch\\\/pages\\\/fr\\\/news\\\/une-grande-offre-de-produits-regionaux\\\/#primaryimage\",\"url\":\"https:\\\/\\\/www.aligro.ch\\\/pages\\\/wp-content\\\/uploads\\\/2023\\\/08\\\/suisse-produit-regional-local.jpg\",\"contentUrl\":\"https:\\\/\\\/www.aligro.ch\\\/pages\\\/wp-content\\\/uploads\\\/2023\\\/08\\\/suisse-produit-regional-local.jpg\",\"width\":1920,\"height\":1280,\"caption\":\"suisse schweiz region regional local produit produkt\"},{\"@type\":\"BreadcrumbList\",\"@id\":\"https:\\\/\\\/www.aligro.ch\\\/pages\\\/fr\\\/news\\\/une-grande-offre-de-produits-regionaux\\\/#breadcrumb\",\"itemListElement\":[{\"@type\":\"ListItem\",\"position\":1,\"name\":\"Accueil\",\"item\":\"https:\\\/\\\/www.aligro.ch\\\/pages\\\/de\\\/aligro-academy\\\/\"},{\"@type\":\"ListItem\",\"position\":2,\"name\":\"Une grande offre de produits r\u00e9gionaux\"}]},{\"@type\":\"WebSite\",\"@id\":\"https:\\\/\\\/www.aligro.ch\\\/pages\\\/#website\",\"url\":\"https:\\\/\\\/www.aligro.ch\\\/pages\\\/\",\"name\":\"ALIGRO\",\"description\":\"Fra\u00eecheur. Qualit\u00e9. Inspiration.\",\"publisher\":{\"@id\":\"https:\\\/\\\/www.aligro.ch\\\/pages\\\/#organization\"},\"potentialAction\":[{\"@type\":\"SearchAction\",\"target\":{\"@type\":\"EntryPoint\",\"urlTemplate\":\"https:\\\/\\\/www.aligro.ch\\\/pages\\\/?s={search_term_string}\"},\"query-input\":{\"@type\":\"PropertyValueSpecification\",\"valueRequired\":true,\"valueName\":\"search_term_string\"}}],\"inLanguage\":\"fr-FR\"},{\"@type\":\"Organization\",\"@id\":\"https:\\\/\\\/www.aligro.ch\\\/pages\\\/#organization\",\"name\":\"ALIGRO\",\"url\":\"https:\\\/\\\/www.aligro.ch\\\/pages\\\/\",\"logo\":{\"@type\":\"ImageObject\",\"inLanguage\":\"fr-FR\",\"@id\":\"https:\\\/\\\/www.aligro.ch\\\/pages\\\/#\\\/schema\\\/logo\\\/image\\\/\",\"url\":\"https:\\\/\\\/www.aligro.ch\\\/pages\\\/wp-content\\\/uploads\\\/2018\\\/10\\\/Logo@4x.png\",\"contentUrl\":\"https:\\\/\\\/www.aligro.ch\\\/pages\\\/wp-content\\\/uploads\\\/2018\\\/10\\\/Logo@4x.png\",\"width\":1831,\"height\":228,\"caption\":\"ALIGRO\"},\"image\":{\"@id\":\"https:\\\/\\\/www.aligro.ch\\\/pages\\\/#\\\/schema\\\/logo\\\/image\\\/\"},\"sameAs\":[\"https:\\\/\\\/fb.com\\\/aligrosuisse\"]},{\"@type\":\"Person\",\"@id\":\"https:\\\/\\\/www.aligro.ch\\\/pages\\\/#\\\/schema\\\/person\\\/777e796cd5f5445dc18658f0b9f9f016\",\"name\":\"Bryan.Dubuis\",\"image\":{\"@type\":\"ImageObject\",\"inLanguage\":\"fr-FR\",\"@id\":\"https:\\\/\\\/secure.gravatar.com\\\/avatar\\\/f25783eb6169c6f454c439b71266b12b0da0dcb30459ac01a1686f93320329e5?s=96&d=mm&r=g\",\"url\":\"https:\\\/\\\/secure.gravatar.com\\\/avatar\\\/f25783eb6169c6f454c439b71266b12b0da0dcb30459ac01a1686f93320329e5?s=96&d=mm&r=g\",\"contentUrl\":\"https:\\\/\\\/secure.gravatar.com\\\/avatar\\\/f25783eb6169c6f454c439b71266b12b0da0dcb30459ac01a1686f93320329e5?s=96&d=mm&r=g\",\"caption\":\"Bryan.Dubuis\"}}]}<\/script>\n<!-- \/ Yoast SEO plugin. -->","yoast_head_json":{"title":"Une grande offre de produits r\u00e9gionaux","description":"Dans les march\u00e9s ALIGRO de Suisse allemande et de Suisse romande, les produits r\u00e9gionaux constituent une part importante de l'offre \u2013 qu\u2019il s\u2019agisse de boissons, viandes, produits laitiers ou encore de fruits et l\u00e9gumes. Les march\u00e9s de Sion et de Berne nous en disent plus.","robots":{"index":"index","follow":"follow","max-snippet":"max-snippet:-1","max-image-preview":"max-image-preview:large","max-video-preview":"max-video-preview:-1"},"canonical":"https:\/\/www.aligro.ch\/pages\/fr\/news\/une-grande-offre-de-produits-regionaux\/","og_locale":"fr_FR","og_type":"article","og_title":"Une grande offre de produits r\u00e9gionaux","og_description":"Dans les march\u00e9s ALIGRO de Suisse allemande et de Suisse romande, les produits r\u00e9gionaux constituent une part importante de l'offre \u2013 qu\u2019il s\u2019agisse de boissons, viandes, produits laitiers ou encore de fruits et l\u00e9gumes. Les march\u00e9s de Sion et de Berne nous en disent plus.","og_url":"https:\/\/www.aligro.ch\/pages\/fr\/news\/une-grande-offre-de-produits-regionaux\/","og_site_name":"ALIGRO","article_publisher":"https:\/\/fb.com\/aligrosuisse","article_published_time":"2023-08-10T06:00:23+00:00","article_modified_time":"2024-03-20T11:10:56+00:00","og_image":[{"width":1920,"height":1280,"url":"https:\/\/www.aligro.ch\/pages\/wp-content\/uploads\/2023\/08\/suisse-produit-regional-local.jpg","type":"image\/jpeg"}],"author":"Bryan.Dubuis","twitter_card":"summary_large_image","twitter_misc":{"\u00c9crit par":"Bryan.Dubuis","Dur\u00e9e de lecture estim\u00e9e":"4 minutes"},"schema":{"@context":"https:\/\/schema.org","@graph":[{"@type":"Article","@id":"https:\/\/www.aligro.ch\/pages\/fr\/news\/une-grande-offre-de-produits-regionaux\/#article","isPartOf":{"@id":"https:\/\/www.aligro.ch\/pages\/fr\/news\/une-grande-offre-de-produits-regionaux\/"},"author":{"name":"Bryan.Dubuis","@id":"https:\/\/www.aligro.ch\/pages\/#\/schema\/person\/777e796cd5f5445dc18658f0b9f9f016"},"headline":"Une grande offre de produits r\u00e9gionaux","datePublished":"2023-08-10T06:00:23+00:00","dateModified":"2024-03-20T11:10:56+00:00","mainEntityOfPage":{"@id":"https:\/\/www.aligro.ch\/pages\/fr\/news\/une-grande-offre-de-produits-regionaux\/"},"wordCount":670,"publisher":{"@id":"https:\/\/www.aligro.ch\/pages\/#organization"},"image":{"@id":"https:\/\/www.aligro.ch\/pages\/fr\/news\/une-grande-offre-de-produits-regionaux\/#primaryimage"},"thumbnailUrl":"https:\/\/www.aligro.ch\/pages\/wp-content\/uploads\/2023\/08\/suisse-produit-regional-local.jpg","articleSection":["Autre"],"inLanguage":"fr-FR"},{"@type":"WebPage","@id":"https:\/\/www.aligro.ch\/pages\/fr\/news\/une-grande-offre-de-produits-regionaux\/","url":"https:\/\/www.aligro.ch\/pages\/fr\/news\/une-grande-offre-de-produits-regionaux\/","name":"Une grande offre de produits r\u00e9gionaux","isPartOf":{"@id":"https:\/\/www.aligro.ch\/pages\/#website"},"primaryImageOfPage":{"@id":"https:\/\/www.aligro.ch\/pages\/fr\/news\/une-grande-offre-de-produits-regionaux\/#primaryimage"},"image":{"@id":"https:\/\/www.aligro.ch\/pages\/fr\/news\/une-grande-offre-de-produits-regionaux\/#primaryimage"},"thumbnailUrl":"https:\/\/www.aligro.ch\/pages\/wp-content\/uploads\/2023\/08\/suisse-produit-regional-local.jpg","datePublished":"2023-08-10T06:00:23+00:00","dateModified":"2024-03-20T11:10:56+00:00","description":"Dans les march\u00e9s ALIGRO de Suisse allemande et de Suisse romande, les produits r\u00e9gionaux constituent une part importante de l'offre \u2013 qu\u2019il s\u2019agisse de boissons, viandes, produits laitiers ou encore de fruits et l\u00e9gumes. Les march\u00e9s de Sion et de Berne nous en disent plus.","breadcrumb":{"@id":"https:\/\/www.aligro.ch\/pages\/fr\/news\/une-grande-offre-de-produits-regionaux\/#breadcrumb"},"inLanguage":"fr-FR","potentialAction":[{"@type":"ReadAction","target":["https:\/\/www.aligro.ch\/pages\/fr\/news\/une-grande-offre-de-produits-regionaux\/"]}]},{"@type":"ImageObject","inLanguage":"fr-FR","@id":"https:\/\/www.aligro.ch\/pages\/fr\/news\/une-grande-offre-de-produits-regionaux\/#primaryimage","url":"https:\/\/www.aligro.ch\/pages\/wp-content\/uploads\/2023\/08\/suisse-produit-regional-local.jpg","contentUrl":"https:\/\/www.aligro.ch\/pages\/wp-content\/uploads\/2023\/08\/suisse-produit-regional-local.jpg","width":1920,"height":1280,"caption":"suisse schweiz region regional local produit produkt"},{"@type":"BreadcrumbList","@id":"https:\/\/www.aligro.ch\/pages\/fr\/news\/une-grande-offre-de-produits-regionaux\/#breadcrumb","itemListElement":[{"@type":"ListItem","position":1,"name":"Accueil","item":"https:\/\/www.aligro.ch\/pages\/de\/aligro-academy\/"},{"@type":"ListItem","position":2,"name":"Une grande offre de produits r\u00e9gionaux"}]},{"@type":"WebSite","@id":"https:\/\/www.aligro.ch\/pages\/#website","url":"https:\/\/www.aligro.ch\/pages\/","name":"ALIGRO","description":"Fra\u00eecheur. Qualit\u00e9. Inspiration.","publisher":{"@id":"https:\/\/www.aligro.ch\/pages\/#organization"},"potentialAction":[{"@type":"SearchAction","target":{"@type":"EntryPoint","urlTemplate":"https:\/\/www.aligro.ch\/pages\/?s={search_term_string}"},"query-input":{"@type":"PropertyValueSpecification","valueRequired":true,"valueName":"search_term_string"}}],"inLanguage":"fr-FR"},{"@type":"Organization","@id":"https:\/\/www.aligro.ch\/pages\/#organization","name":"ALIGRO","url":"https:\/\/www.aligro.ch\/pages\/","logo":{"@type":"ImageObject","inLanguage":"fr-FR","@id":"https:\/\/www.aligro.ch\/pages\/#\/schema\/logo\/image\/","url":"https:\/\/www.aligro.ch\/pages\/wp-content\/uploads\/2018\/10\/Logo@4x.png","contentUrl":"https:\/\/www.aligro.ch\/pages\/wp-content\/uploads\/2018\/10\/Logo@4x.png","width":1831,"height":228,"caption":"ALIGRO"},"image":{"@id":"https:\/\/www.aligro.ch\/pages\/#\/schema\/logo\/image\/"},"sameAs":["https:\/\/fb.com\/aligrosuisse"]},{"@type":"Person","@id":"https:\/\/www.aligro.ch\/pages\/#\/schema\/person\/777e796cd5f5445dc18658f0b9f9f016","name":"Bryan.Dubuis","image":{"@type":"ImageObject","inLanguage":"fr-FR","@id":"https:\/\/secure.gravatar.com\/avatar\/f25783eb6169c6f454c439b71266b12b0da0dcb30459ac01a1686f93320329e5?s=96&d=mm&r=g","url":"https:\/\/secure.gravatar.com\/avatar\/f25783eb6169c6f454c439b71266b12b0da0dcb30459ac01a1686f93320329e5?s=96&d=mm&r=g","contentUrl":"https:\/\/secure.gravatar.com\/avatar\/f25783eb6169c6f454c439b71266b12b0da0dcb30459ac01a1686f93320329e5?s=96&d=mm&r=g","caption":"Bryan.Dubuis"}}]}},"_links":{"self":[{"href":"https:\/\/www.aligro.ch\/pages\/wp-json\/wp\/v2\/posts\/65844","targetHints":{"allow":["GET"]}}],"collection":[{"href":"https:\/\/www.aligro.ch\/pages\/wp-json\/wp\/v2\/posts"}],"about":[{"href":"https:\/\/www.aligro.ch\/pages\/wp-json\/wp\/v2\/types\/post"}],"author":[{"embeddable":true,"href":"https:\/\/www.aligro.ch\/pages\/wp-json\/wp\/v2\/users\/7"}],"replies":[{"embeddable":true,"href":"https:\/\/www.aligro.ch\/pages\/wp-json\/wp\/v2\/comments?post=65844"}],"version-history":[{"count":3,"href":"https:\/\/www.aligro.ch\/pages\/wp-json\/wp\/v2\/posts\/65844\/revisions"}],"predecessor-version":[{"id":70245,"href":"https:\/\/www.aligro.ch\/pages\/wp-json\/wp\/v2\/posts\/65844\/revisions\/70245"}],"wp:featuredmedia":[{"embeddable":true,"href":"https:\/\/www.aligro.ch\/pages\/wp-json\/wp\/v2\/media\/65841"}],"wp:attachment":[{"href":"https:\/\/www.aligro.ch\/pages\/wp-json\/wp\/v2\/media?parent=65844"}],"wp:term":[{"taxonomy":"category","embeddable":true,"href":"https:\/\/www.aligro.ch\/pages\/wp-json\/wp\/v2\/categories?post=65844"},{"taxonomy":"post_tag","embeddable":true,"href":"https:\/\/www.aligro.ch\/pages\/wp-json\/wp\/v2\/tags?post=65844"}],"curies":[{"name":"wp","href":"https:\/\/api.w.org\/{rel}","templated":true}]}}