{"id":64352,"date":"2023-05-04T13:36:40","date_gmt":"2023-05-04T11:36:40","guid":{"rendered":"https:\/\/www.aligro.ch\/pages\/?p=64352"},"modified":"2023-05-04T13:41:23","modified_gmt":"2023-05-04T11:41:23","slug":"bananen-im-kuehlschrank-aufbewahren-nein-doch-vielleicht","status":"publish","type":"post","link":"https:\/\/www.aligro.ch\/pages\/de\/news\/bananen-im-kuehlschrank-aufbewahren-nein-doch-vielleicht\/","title":{"rendered":"Bananen im K\u00fchlschrank aufbewahren? Nein! Doch? Vielleicht?"},"content":{"rendered":"<div class=\"wpb-content-wrapper\"><p>[vc_row][vc_column][vc_column_text]ALIGRO kooperiert mit Too Good To Go zur Vermeidung von Lebensmittelverschwendung. Jeden Monat pr\u00e4sentieren wir euch einen \u201eAnti-Verschwendungs\u201c-Tipp, damit wir alle etwas f\u00fcr das Wohl des Planeten tun k\u00f6nnen.[\/vc_column_text][vc_row_inner equal_height=\u00a0\u00bbyes\u00a0\u00bb content_placement=\u00a0\u00bbmiddle\u00a0\u00bb css=\u00a0\u00bb.vc_custom_1661332819503{margin-bottom: 1em !important;}\u00a0\u00bb][vc_column_inner width=\u00a0\u00bb1\/3&Prime;][vc_separator color=\u00a0\u00bbcustom\u00a0\u00bb style=\u00a0\u00bbdouble\u00a0\u00bb border_width=\u00a0\u00bb2&Prime; accent_color=\u00a0\u00bb#01ccc1&Prime;][\/vc_column_inner][vc_column_inner width=\u00a0\u00bb1\/3&Prime;][vc_single_image image=\u00a0\u00bb22701&Prime; img_size=\u00a0\u00bbfull\u00a0\u00bb alignment=\u00a0\u00bbcenter\u00a0\u00bb][\/vc_column_inner][vc_column_inner width=\u00a0\u00bb1\/3&Prime;][vc_separator color=\u00a0\u00bbcustom\u00a0\u00bb style=\u00a0\u00bbdouble\u00a0\u00bb border_width=\u00a0\u00bb2&Prime; accent_color=\u00a0\u00bb#01ccc1&Prime;][\/vc_column_inner][\/vc_row_inner][vc_column_text]<\/p>\n<h2>Ein kleiner Test, um gemeinsam herauszufinden, welche Lebensmittel nicht in den K\u00fchlschrank geh\u00f6ren.<\/h2>\n<p>Mit grosser Wahrscheinlichkeit befinden sich in Ihrem K\u00fchlschrank einige Lebensmittel, die nicht dort sein m\u00fcssten. Diese Produkte aus dem K\u00fchlschrank zu entfernen, schafft nicht nur Platz, sondern verbessert auch die Qualit\u00e4t und den Geschmack der Lebensmittel, die besser bei Zimmertemperatur gelagert werden sollten.<\/p>\n<h3><strong>Testen Sie sich selbst!<\/strong><\/h3>\n<p>&nbsp;<\/p>\n<h2><strong>Welche Lebensmittel geh\u00f6ren in den K\u00fchlschrank?<\/strong><\/h2>\n<p>Welche Lebensmittel sollten nicht im K\u00fchlschrank gelagert werden?<\/p>\n<p>Lassen Sie uns einen kleinen Test machen: Nehmen Sie einen Stift und Papier und schreiben Sie auf, welche Lebensmittel Ihrer Meinung nach in den K\u00fchlschrank geh\u00f6ren und welche in einen Schrank. Am Ende des Tests finden Sie die Ergebnisse mit Erkl\u00e4rungen. F\u00fcr jede richtige Antwort k\u00f6nnen Sie einen Punkt notieren. Die Gesamtzahl der richtigen Antworten zeigt an, ob Sie ein K\u00fcchen-Experte sind oder ob Sie Oma noch nie beim Einr\u00e4umen ihrer Eink\u00e4ufe geholfen haben.<\/p>\n<p><strong>Rote Fr\u00fcchte<\/strong>: Rote Fr\u00fcchte in den K\u00fchlschrank zu legen, kann dazu f\u00fchren, dass sie aufgrund der Feuchtigkeit viel schneller verderben. Sie passen gut in eine Sch\u00fcssel auf dem K\u00fcchentisch.<\/p>\n<p><strong>Ketchup<\/strong>: Ketchup ist sauer genug, um etwa einen Monat lang ausserhalb des K\u00fchlschranks aufbewahrt werden zu k\u00f6nnen. Wenn es Ihnen aber l\u00e4nger als einen Monat dauert, um die Flasche zu leeren, schaffen Sie Platz im K\u00fchlschrank!<\/p>\n<p><strong>Butter<\/strong>: Milchprodukte sollten im K\u00fchlschrank aufbewahrt werden, bei Butter gibt es aber einen kleinen Trick. Wir alle wissen, dass Butter auf ein Toastbrot zu streichen ziemlich kompliziert sein kann, wenn die Butter gerade aus dem K\u00fchlschrank kommt. Deshalb kann man eine kleine Scheibe bei Zimmertemperatur etwa eine Woche lang aufbewahren.<\/p>\n<p><strong>Paprika<\/strong>: Die Haut von Paprika verliert ihre Textur, wenn sie bei niedrigen Temperaturen aufbewahrt wird.<\/p>\n<p><strong>Gurken<\/strong>: Wenn Sie Gurken in den K\u00fchlschrank legen, werden sie fl\u00fcssig. Wenn Sie sich aber daf\u00fcr entscheiden, sie im K\u00fchlschrank zu lassen, sollten Sie sie in Bienenwachst\u00fccher einwickeln, um die Feuchtigkeit zu minimieren.<\/p>\n<p><strong>Knoblauch<\/strong>: Knoblauch sollten Sie am besten an einem k\u00fchlen, trockenen Ort aufbewahren. Im K\u00fchlschrank wird er gummiartig.<\/p>\n<p><strong>Zwiebeln<\/strong>: Wie Knoblauch sollten auch Zwiebeln besser nicht im K\u00fchlschrank aufbewahrt werden, da sie weich und schimmelig werden. Was ist der Grund daf\u00fcr? Wegen der Feuchtigkeit. Lagern Sie sie an einem k\u00fchlen, trockenen Ort, aber auf keinen Fall in einer Plastikt\u00fcte oder in der N\u00e4he von Kartoffeln.<\/p>\n<p><strong>Tomaten<\/strong>: Wenn Sie Ihre Tomaten bei Raumtemperatur aufbewahren, erhalten sie einen optimalen saftigen Geschmack und Saft!<\/p>\n<p><strong>Bananen<\/strong>: Bananen ben\u00f6tigen zum Reifen w\u00e4rmere Temperaturen, was bedeutet, dass der K\u00fchlschrank sicherlich nicht der richtige Aufbewahrungsort f\u00fcr sie ist.<\/p>\n<p><strong>Melonen<\/strong>: Wenn sie noch ganz sind, sollten Melonen bei Raumtemperatur gelagert werden, damit sie nachreifen k\u00f6nnen. Erst nach dem Anschneiden sollten sie gek\u00fchlt werden.<\/p>\n<p><strong>Brot<\/strong>: Auf keinen Fall in den K\u00fchlschrank! Durch das K\u00fchlen wird es veraltet.<\/p>\n<p><strong>Schokolade<\/strong>: Wenn sie kalt ist, bekommt sie eine k\u00f6rnige Konsistenz und einen matten Geschmack. Eine gute Ausrede, um die ganze Tafel aufzuessen&#8230;<\/p>\n<p><strong>Kaffee<\/strong>: Wenn Kaffee im K\u00fchlschrank aufbewahrt wird, verliert er seinen Geschmack und sein Aroma. Und wir wissen alle: Wenn der Morgen mit einer schlechten Tasse Kaffee beginnt, wird der ganze Tag schwierig.<\/p>\n<p><strong>Eier<\/strong>: Befinden sie sich im Supermarkt im K\u00fchlregal, wenn man sie kauft? Nein. Das bedeutet, dass man sie bedenkenlos bei Zimmertemperatur lagern kann.<\/p>\n<h3><strong>Und nun zum Ergebnis des Tests:<\/strong><\/h3>\n<p><strong>0-3 Punkte<\/strong>: Sie haben Oma eindeutig noch nie beim Einr\u00e4umen ihrer Eink\u00e4ufe geholfen. Sie m\u00fcssen sich ranhalten!<\/p>\n<p><strong>4-7 Punkte<\/strong>: Sie haben Oma vielleicht einmal beim Einr\u00e4umen der Paprika geholfen: Es gibt noch einiges zu tun, aber noch ist nichts verloren!<\/p>\n<p><strong>8-11 Punkte<\/strong>: Sie haben gut gelernt und stellen Fragen: Super!<\/p>\n<p><strong>12-15 Punkte<\/strong>: Grossartig! Sie sind eindeutig ein Experte![\/vc_column_text][vc_column_text]Alle Anti-Verschwendungs-Tipps findet ihr auf <a href=\"https:\/\/toogoodtogo.ch\/de-ch\/movement\">toogoodtogo.ch\u00a0<\/a>[\/vc_column_text][vc_single_image image=\u00a0\u00bb22701&Prime; img_size=\u00a0\u00bblarge\u00a0\u00bb alignment=\u00a0\u00bbcenter\u00a0\u00bb][\/vc_column][\/vc_row]<\/p>\n<\/div>","protected":false},"excerpt":{"rendered":"<p>[vc_row][vc_column][vc_column_text]ALIGRO kooperiert mit Too Good To Go zur Vermeidung von Lebensmittelverschwendung. Jeden Monat pr\u00e4sentieren wir euch einen \u201eAnti-Verschwendungs\u201c-Tipp,<a class=\"moretag\" href=\"https:\/\/www.aligro.ch\/pages\/de\/news\/bananen-im-kuehlschrank-aufbewahren-nein-doch-vielleicht\/\"> &#8230;<\/a><\/p>\n","protected":false},"author":9,"featured_media":64356,"comment_status":"closed","ping_status":"closed","sticky":false,"template":"","format":"standard","meta":{"_acf_changed":false,"footnotes":""},"categories":[7],"tags":[],"class_list":["post-64352","post","type-post","status-publish","format-standard","has-post-thumbnail","hentry","category-andere"],"acf":[],"yoast_head":"<!-- This site is optimized with the Yoast SEO plugin v27.4 - https:\/\/yoast.com\/product\/yoast-seo-wordpress\/ -->\n<title>Bananen im K\u00fchlschrank aufbewahren? Nein! Doch? Vielleicht?<\/title>\n<meta name=\"description\" content=\"ALIGRO kooperiert mit Too Good To Go zur Vermeidung von Lebensmittelverschwendung. Jeden Monat pr\u00e4sentieren wir euch einen \u201eAnti-Verschwendungs\u201c-Tipp, damit wir alle etwas f\u00fcr das Wohl des Planeten tun k\u00f6nnen.\" \/>\n<meta name=\"robots\" content=\"index, follow, max-snippet:-1, max-image-preview:large, max-video-preview:-1\" \/>\n<link rel=\"canonical\" href=\"https:\/\/www.aligro.ch\/pages\/de\/news\/bananen-im-kuehlschrank-aufbewahren-nein-doch-vielleicht\/\" \/>\n<meta property=\"og:locale\" content=\"fr_FR\" \/>\n<meta property=\"og:type\" content=\"article\" \/>\n<meta property=\"og:title\" content=\"Bananen im K\u00fchlschrank aufbewahren? Nein! Doch? Vielleicht?\" \/>\n<meta property=\"og:description\" content=\"ALIGRO kooperiert mit Too Good To Go zur Vermeidung von Lebensmittelverschwendung. Jeden Monat pr\u00e4sentieren wir euch einen \u201eAnti-Verschwendungs\u201c-Tipp, damit wir alle etwas f\u00fcr das Wohl des Planeten tun k\u00f6nnen.\" \/>\n<meta property=\"og:url\" content=\"https:\/\/www.aligro.ch\/pages\/de\/news\/bananen-im-kuehlschrank-aufbewahren-nein-doch-vielleicht\/\" \/>\n<meta property=\"og:site_name\" content=\"ALIGRO\" \/>\n<meta property=\"article:publisher\" content=\"https:\/\/fb.com\/aligrosuisse\" \/>\n<meta property=\"article:published_time\" content=\"2023-05-04T11:36:40+00:00\" \/>\n<meta property=\"article:modified_time\" content=\"2023-05-04T11:41:23+00:00\" \/>\n<meta property=\"og:image\" content=\"https:\/\/www.aligro.ch\/pages\/wp-content\/uploads\/2023\/05\/Facebook-1200x628-1.jpg\" \/>\n\t<meta property=\"og:image:width\" content=\"1200\" \/>\n\t<meta property=\"og:image:height\" content=\"628\" \/>\n\t<meta property=\"og:image:type\" content=\"image\/jpeg\" \/>\n<meta name=\"author\" content=\"Vincent Lavanchy\" \/>\n<meta name=\"twitter:card\" content=\"summary_large_image\" \/>\n<meta name=\"twitter:label1\" content=\"\u00c9crit par\" \/>\n\t<meta name=\"twitter:data1\" content=\"Vincent Lavanchy\" \/>\n\t<meta name=\"twitter:label2\" content=\"Dur\u00e9e de lecture estim\u00e9e\" \/>\n\t<meta name=\"twitter:data2\" content=\"4 minutes\" \/>\n<script type=\"application\/ld+json\" class=\"yoast-schema-graph\">{\"@context\":\"https:\\\/\\\/schema.org\",\"@graph\":[{\"@type\":\"Article\",\"@id\":\"https:\\\/\\\/www.aligro.ch\\\/pages\\\/de\\\/news\\\/bananen-im-kuehlschrank-aufbewahren-nein-doch-vielleicht\\\/#article\",\"isPartOf\":{\"@id\":\"https:\\\/\\\/www.aligro.ch\\\/pages\\\/de\\\/news\\\/bananen-im-kuehlschrank-aufbewahren-nein-doch-vielleicht\\\/\"},\"author\":{\"name\":\"Vincent Lavanchy\",\"@id\":\"https:\\\/\\\/www.aligro.ch\\\/pages\\\/#\\\/schema\\\/person\\\/abe4f4a53fec53a8dea10e43adbbe7e3\"},\"headline\":\"Bananen im K\u00fchlschrank aufbewahren? Nein! Doch? Vielleicht?\",\"datePublished\":\"2023-05-04T11:36:40+00:00\",\"dateModified\":\"2023-05-04T11:41:23+00:00\",\"mainEntityOfPage\":{\"@id\":\"https:\\\/\\\/www.aligro.ch\\\/pages\\\/de\\\/news\\\/bananen-im-kuehlschrank-aufbewahren-nein-doch-vielleicht\\\/\"},\"wordCount\":799,\"publisher\":{\"@id\":\"https:\\\/\\\/www.aligro.ch\\\/pages\\\/#organization\"},\"image\":{\"@id\":\"https:\\\/\\\/www.aligro.ch\\\/pages\\\/de\\\/news\\\/bananen-im-kuehlschrank-aufbewahren-nein-doch-vielleicht\\\/#primaryimage\"},\"thumbnailUrl\":\"https:\\\/\\\/www.aligro.ch\\\/pages\\\/wp-content\\\/uploads\\\/2023\\\/05\\\/Facebook-1200x628-1.jpg\",\"articleSection\":[\"Andere\"],\"inLanguage\":\"fr-FR\"},{\"@type\":\"WebPage\",\"@id\":\"https:\\\/\\\/www.aligro.ch\\\/pages\\\/de\\\/news\\\/bananen-im-kuehlschrank-aufbewahren-nein-doch-vielleicht\\\/\",\"url\":\"https:\\\/\\\/www.aligro.ch\\\/pages\\\/de\\\/news\\\/bananen-im-kuehlschrank-aufbewahren-nein-doch-vielleicht\\\/\",\"name\":\"Bananen im K\u00fchlschrank aufbewahren? Nein! Doch? Vielleicht?\",\"isPartOf\":{\"@id\":\"https:\\\/\\\/www.aligro.ch\\\/pages\\\/#website\"},\"primaryImageOfPage\":{\"@id\":\"https:\\\/\\\/www.aligro.ch\\\/pages\\\/de\\\/news\\\/bananen-im-kuehlschrank-aufbewahren-nein-doch-vielleicht\\\/#primaryimage\"},\"image\":{\"@id\":\"https:\\\/\\\/www.aligro.ch\\\/pages\\\/de\\\/news\\\/bananen-im-kuehlschrank-aufbewahren-nein-doch-vielleicht\\\/#primaryimage\"},\"thumbnailUrl\":\"https:\\\/\\\/www.aligro.ch\\\/pages\\\/wp-content\\\/uploads\\\/2023\\\/05\\\/Facebook-1200x628-1.jpg\",\"datePublished\":\"2023-05-04T11:36:40+00:00\",\"dateModified\":\"2023-05-04T11:41:23+00:00\",\"description\":\"ALIGRO kooperiert mit Too Good To Go zur Vermeidung von Lebensmittelverschwendung. Jeden Monat pr\u00e4sentieren wir euch einen \u201eAnti-Verschwendungs\u201c-Tipp, damit wir alle etwas f\u00fcr das Wohl des Planeten tun k\u00f6nnen.\",\"breadcrumb\":{\"@id\":\"https:\\\/\\\/www.aligro.ch\\\/pages\\\/de\\\/news\\\/bananen-im-kuehlschrank-aufbewahren-nein-doch-vielleicht\\\/#breadcrumb\"},\"inLanguage\":\"fr-FR\",\"potentialAction\":[{\"@type\":\"ReadAction\",\"target\":[\"https:\\\/\\\/www.aligro.ch\\\/pages\\\/de\\\/news\\\/bananen-im-kuehlschrank-aufbewahren-nein-doch-vielleicht\\\/\"]}]},{\"@type\":\"ImageObject\",\"inLanguage\":\"fr-FR\",\"@id\":\"https:\\\/\\\/www.aligro.ch\\\/pages\\\/de\\\/news\\\/bananen-im-kuehlschrank-aufbewahren-nein-doch-vielleicht\\\/#primaryimage\",\"url\":\"https:\\\/\\\/www.aligro.ch\\\/pages\\\/wp-content\\\/uploads\\\/2023\\\/05\\\/Facebook-1200x628-1.jpg\",\"contentUrl\":\"https:\\\/\\\/www.aligro.ch\\\/pages\\\/wp-content\\\/uploads\\\/2023\\\/05\\\/Facebook-1200x628-1.jpg\",\"width\":1200,\"height\":628},{\"@type\":\"BreadcrumbList\",\"@id\":\"https:\\\/\\\/www.aligro.ch\\\/pages\\\/de\\\/news\\\/bananen-im-kuehlschrank-aufbewahren-nein-doch-vielleicht\\\/#breadcrumb\",\"itemListElement\":[{\"@type\":\"ListItem\",\"position\":1,\"name\":\"Accueil\",\"item\":\"https:\\\/\\\/www.aligro.ch\\\/pages\\\/de\\\/aligro-academy\\\/\"},{\"@type\":\"ListItem\",\"position\":2,\"name\":\"Bananen im K\u00fchlschrank aufbewahren? Nein! Doch? Vielleicht?\"}]},{\"@type\":\"WebSite\",\"@id\":\"https:\\\/\\\/www.aligro.ch\\\/pages\\\/#website\",\"url\":\"https:\\\/\\\/www.aligro.ch\\\/pages\\\/\",\"name\":\"ALIGRO\",\"description\":\"Fra\u00eecheur. Qualit\u00e9. Inspiration.\",\"publisher\":{\"@id\":\"https:\\\/\\\/www.aligro.ch\\\/pages\\\/#organization\"},\"potentialAction\":[{\"@type\":\"SearchAction\",\"target\":{\"@type\":\"EntryPoint\",\"urlTemplate\":\"https:\\\/\\\/www.aligro.ch\\\/pages\\\/?s={search_term_string}\"},\"query-input\":{\"@type\":\"PropertyValueSpecification\",\"valueRequired\":true,\"valueName\":\"search_term_string\"}}],\"inLanguage\":\"fr-FR\"},{\"@type\":\"Organization\",\"@id\":\"https:\\\/\\\/www.aligro.ch\\\/pages\\\/#organization\",\"name\":\"ALIGRO\",\"url\":\"https:\\\/\\\/www.aligro.ch\\\/pages\\\/\",\"logo\":{\"@type\":\"ImageObject\",\"inLanguage\":\"fr-FR\",\"@id\":\"https:\\\/\\\/www.aligro.ch\\\/pages\\\/#\\\/schema\\\/logo\\\/image\\\/\",\"url\":\"https:\\\/\\\/www.aligro.ch\\\/pages\\\/wp-content\\\/uploads\\\/2018\\\/10\\\/Logo@4x.png\",\"contentUrl\":\"https:\\\/\\\/www.aligro.ch\\\/pages\\\/wp-content\\\/uploads\\\/2018\\\/10\\\/Logo@4x.png\",\"width\":1831,\"height\":228,\"caption\":\"ALIGRO\"},\"image\":{\"@id\":\"https:\\\/\\\/www.aligro.ch\\\/pages\\\/#\\\/schema\\\/logo\\\/image\\\/\"},\"sameAs\":[\"https:\\\/\\\/fb.com\\\/aligrosuisse\"]},{\"@type\":\"Person\",\"@id\":\"https:\\\/\\\/www.aligro.ch\\\/pages\\\/#\\\/schema\\\/person\\\/abe4f4a53fec53a8dea10e43adbbe7e3\",\"name\":\"Vincent Lavanchy\",\"image\":{\"@type\":\"ImageObject\",\"inLanguage\":\"fr-FR\",\"@id\":\"https:\\\/\\\/secure.gravatar.com\\\/avatar\\\/0c26d4efb7d6ae3d3acfb21cea043eed07c8459ea7780b7c5d9d73543f0c4d2e?s=96&d=mm&r=g\",\"url\":\"https:\\\/\\\/secure.gravatar.com\\\/avatar\\\/0c26d4efb7d6ae3d3acfb21cea043eed07c8459ea7780b7c5d9d73543f0c4d2e?s=96&d=mm&r=g\",\"contentUrl\":\"https:\\\/\\\/secure.gravatar.com\\\/avatar\\\/0c26d4efb7d6ae3d3acfb21cea043eed07c8459ea7780b7c5d9d73543f0c4d2e?s=96&d=mm&r=g\",\"caption\":\"Vincent Lavanchy\"}}]}<\/script>\n<!-- \/ Yoast SEO plugin. -->","yoast_head_json":{"title":"Bananen im K\u00fchlschrank aufbewahren? Nein! Doch? Vielleicht?","description":"ALIGRO kooperiert mit Too Good To Go zur Vermeidung von Lebensmittelverschwendung. Jeden Monat pr\u00e4sentieren wir euch einen \u201eAnti-Verschwendungs\u201c-Tipp, damit wir alle etwas f\u00fcr das Wohl des Planeten tun k\u00f6nnen.","robots":{"index":"index","follow":"follow","max-snippet":"max-snippet:-1","max-image-preview":"max-image-preview:large","max-video-preview":"max-video-preview:-1"},"canonical":"https:\/\/www.aligro.ch\/pages\/de\/news\/bananen-im-kuehlschrank-aufbewahren-nein-doch-vielleicht\/","og_locale":"fr_FR","og_type":"article","og_title":"Bananen im K\u00fchlschrank aufbewahren? Nein! Doch? Vielleicht?","og_description":"ALIGRO kooperiert mit Too Good To Go zur Vermeidung von Lebensmittelverschwendung. Jeden Monat pr\u00e4sentieren wir euch einen \u201eAnti-Verschwendungs\u201c-Tipp, damit wir alle etwas f\u00fcr das Wohl des Planeten tun k\u00f6nnen.","og_url":"https:\/\/www.aligro.ch\/pages\/de\/news\/bananen-im-kuehlschrank-aufbewahren-nein-doch-vielleicht\/","og_site_name":"ALIGRO","article_publisher":"https:\/\/fb.com\/aligrosuisse","article_published_time":"2023-05-04T11:36:40+00:00","article_modified_time":"2023-05-04T11:41:23+00:00","og_image":[{"width":1200,"height":628,"url":"https:\/\/www.aligro.ch\/pages\/wp-content\/uploads\/2023\/05\/Facebook-1200x628-1.jpg","type":"image\/jpeg"}],"author":"Vincent Lavanchy","twitter_card":"summary_large_image","twitter_misc":{"\u00c9crit par":"Vincent Lavanchy","Dur\u00e9e de lecture estim\u00e9e":"4 minutes"},"schema":{"@context":"https:\/\/schema.org","@graph":[{"@type":"Article","@id":"https:\/\/www.aligro.ch\/pages\/de\/news\/bananen-im-kuehlschrank-aufbewahren-nein-doch-vielleicht\/#article","isPartOf":{"@id":"https:\/\/www.aligro.ch\/pages\/de\/news\/bananen-im-kuehlschrank-aufbewahren-nein-doch-vielleicht\/"},"author":{"name":"Vincent Lavanchy","@id":"https:\/\/www.aligro.ch\/pages\/#\/schema\/person\/abe4f4a53fec53a8dea10e43adbbe7e3"},"headline":"Bananen im K\u00fchlschrank aufbewahren? Nein! Doch? Vielleicht?","datePublished":"2023-05-04T11:36:40+00:00","dateModified":"2023-05-04T11:41:23+00:00","mainEntityOfPage":{"@id":"https:\/\/www.aligro.ch\/pages\/de\/news\/bananen-im-kuehlschrank-aufbewahren-nein-doch-vielleicht\/"},"wordCount":799,"publisher":{"@id":"https:\/\/www.aligro.ch\/pages\/#organization"},"image":{"@id":"https:\/\/www.aligro.ch\/pages\/de\/news\/bananen-im-kuehlschrank-aufbewahren-nein-doch-vielleicht\/#primaryimage"},"thumbnailUrl":"https:\/\/www.aligro.ch\/pages\/wp-content\/uploads\/2023\/05\/Facebook-1200x628-1.jpg","articleSection":["Andere"],"inLanguage":"fr-FR"},{"@type":"WebPage","@id":"https:\/\/www.aligro.ch\/pages\/de\/news\/bananen-im-kuehlschrank-aufbewahren-nein-doch-vielleicht\/","url":"https:\/\/www.aligro.ch\/pages\/de\/news\/bananen-im-kuehlschrank-aufbewahren-nein-doch-vielleicht\/","name":"Bananen im K\u00fchlschrank aufbewahren? Nein! Doch? Vielleicht?","isPartOf":{"@id":"https:\/\/www.aligro.ch\/pages\/#website"},"primaryImageOfPage":{"@id":"https:\/\/www.aligro.ch\/pages\/de\/news\/bananen-im-kuehlschrank-aufbewahren-nein-doch-vielleicht\/#primaryimage"},"image":{"@id":"https:\/\/www.aligro.ch\/pages\/de\/news\/bananen-im-kuehlschrank-aufbewahren-nein-doch-vielleicht\/#primaryimage"},"thumbnailUrl":"https:\/\/www.aligro.ch\/pages\/wp-content\/uploads\/2023\/05\/Facebook-1200x628-1.jpg","datePublished":"2023-05-04T11:36:40+00:00","dateModified":"2023-05-04T11:41:23+00:00","description":"ALIGRO kooperiert mit Too Good To Go zur Vermeidung von Lebensmittelverschwendung. Jeden Monat pr\u00e4sentieren wir euch einen \u201eAnti-Verschwendungs\u201c-Tipp, damit wir alle etwas f\u00fcr das Wohl des Planeten tun k\u00f6nnen.","breadcrumb":{"@id":"https:\/\/www.aligro.ch\/pages\/de\/news\/bananen-im-kuehlschrank-aufbewahren-nein-doch-vielleicht\/#breadcrumb"},"inLanguage":"fr-FR","potentialAction":[{"@type":"ReadAction","target":["https:\/\/www.aligro.ch\/pages\/de\/news\/bananen-im-kuehlschrank-aufbewahren-nein-doch-vielleicht\/"]}]},{"@type":"ImageObject","inLanguage":"fr-FR","@id":"https:\/\/www.aligro.ch\/pages\/de\/news\/bananen-im-kuehlschrank-aufbewahren-nein-doch-vielleicht\/#primaryimage","url":"https:\/\/www.aligro.ch\/pages\/wp-content\/uploads\/2023\/05\/Facebook-1200x628-1.jpg","contentUrl":"https:\/\/www.aligro.ch\/pages\/wp-content\/uploads\/2023\/05\/Facebook-1200x628-1.jpg","width":1200,"height":628},{"@type":"BreadcrumbList","@id":"https:\/\/www.aligro.ch\/pages\/de\/news\/bananen-im-kuehlschrank-aufbewahren-nein-doch-vielleicht\/#breadcrumb","itemListElement":[{"@type":"ListItem","position":1,"name":"Accueil","item":"https:\/\/www.aligro.ch\/pages\/de\/aligro-academy\/"},{"@type":"ListItem","position":2,"name":"Bananen im K\u00fchlschrank aufbewahren? Nein! Doch? Vielleicht?"}]},{"@type":"WebSite","@id":"https:\/\/www.aligro.ch\/pages\/#website","url":"https:\/\/www.aligro.ch\/pages\/","name":"ALIGRO","description":"Fra\u00eecheur. Qualit\u00e9. Inspiration.","publisher":{"@id":"https:\/\/www.aligro.ch\/pages\/#organization"},"potentialAction":[{"@type":"SearchAction","target":{"@type":"EntryPoint","urlTemplate":"https:\/\/www.aligro.ch\/pages\/?s={search_term_string}"},"query-input":{"@type":"PropertyValueSpecification","valueRequired":true,"valueName":"search_term_string"}}],"inLanguage":"fr-FR"},{"@type":"Organization","@id":"https:\/\/www.aligro.ch\/pages\/#organization","name":"ALIGRO","url":"https:\/\/www.aligro.ch\/pages\/","logo":{"@type":"ImageObject","inLanguage":"fr-FR","@id":"https:\/\/www.aligro.ch\/pages\/#\/schema\/logo\/image\/","url":"https:\/\/www.aligro.ch\/pages\/wp-content\/uploads\/2018\/10\/Logo@4x.png","contentUrl":"https:\/\/www.aligro.ch\/pages\/wp-content\/uploads\/2018\/10\/Logo@4x.png","width":1831,"height":228,"caption":"ALIGRO"},"image":{"@id":"https:\/\/www.aligro.ch\/pages\/#\/schema\/logo\/image\/"},"sameAs":["https:\/\/fb.com\/aligrosuisse"]},{"@type":"Person","@id":"https:\/\/www.aligro.ch\/pages\/#\/schema\/person\/abe4f4a53fec53a8dea10e43adbbe7e3","name":"Vincent Lavanchy","image":{"@type":"ImageObject","inLanguage":"fr-FR","@id":"https:\/\/secure.gravatar.com\/avatar\/0c26d4efb7d6ae3d3acfb21cea043eed07c8459ea7780b7c5d9d73543f0c4d2e?s=96&d=mm&r=g","url":"https:\/\/secure.gravatar.com\/avatar\/0c26d4efb7d6ae3d3acfb21cea043eed07c8459ea7780b7c5d9d73543f0c4d2e?s=96&d=mm&r=g","contentUrl":"https:\/\/secure.gravatar.com\/avatar\/0c26d4efb7d6ae3d3acfb21cea043eed07c8459ea7780b7c5d9d73543f0c4d2e?s=96&d=mm&r=g","caption":"Vincent Lavanchy"}}]}},"_links":{"self":[{"href":"https:\/\/www.aligro.ch\/pages\/wp-json\/wp\/v2\/posts\/64352","targetHints":{"allow":["GET"]}}],"collection":[{"href":"https:\/\/www.aligro.ch\/pages\/wp-json\/wp\/v2\/posts"}],"about":[{"href":"https:\/\/www.aligro.ch\/pages\/wp-json\/wp\/v2\/types\/post"}],"author":[{"embeddable":true,"href":"https:\/\/www.aligro.ch\/pages\/wp-json\/wp\/v2\/users\/9"}],"replies":[{"embeddable":true,"href":"https:\/\/www.aligro.ch\/pages\/wp-json\/wp\/v2\/comments?post=64352"}],"version-history":[{"count":5,"href":"https:\/\/www.aligro.ch\/pages\/wp-json\/wp\/v2\/posts\/64352\/revisions"}],"predecessor-version":[{"id":64360,"href":"https:\/\/www.aligro.ch\/pages\/wp-json\/wp\/v2\/posts\/64352\/revisions\/64360"}],"wp:featuredmedia":[{"embeddable":true,"href":"https:\/\/www.aligro.ch\/pages\/wp-json\/wp\/v2\/media\/64356"}],"wp:attachment":[{"href":"https:\/\/www.aligro.ch\/pages\/wp-json\/wp\/v2\/media?parent=64352"}],"wp:term":[{"taxonomy":"category","embeddable":true,"href":"https:\/\/www.aligro.ch\/pages\/wp-json\/wp\/v2\/categories?post=64352"},{"taxonomy":"post_tag","embeddable":true,"href":"https:\/\/www.aligro.ch\/pages\/wp-json\/wp\/v2\/tags?post=64352"}],"curies":[{"name":"wp","href":"https:\/\/api.w.org\/{rel}","templated":true}]}}