{"id":64270,"date":"2023-05-02T09:10:30","date_gmt":"2023-05-02T07:10:30","guid":{"rendered":"https:\/\/www.aligro.ch\/pages\/?p=64270"},"modified":"2023-05-04T11:05:34","modified_gmt":"2023-05-04T09:05:34","slug":"semaine-speciale-portugal-chez-aligro-profitez-des-conseils-avises-de-christian-oliveira","status":"publish","type":"post","link":"https:\/\/www.aligro.ch\/pages\/fr\/news\/semaine-speciale-portugal-chez-aligro-profitez-des-conseils-avises-de-christian-oliveira\/","title":{"rendered":"Semaine sp\u00e9ciale Portugal chez ALIGRO : profitez des conseils avis\u00e9s de Christian Oliveira"},"content":{"rendered":"<div class=\"wpb-content-wrapper\"><p>[vc_row][vc_column][vc_column_text]<strong>Du 8 au 13 mai chez ALIGRO, une vari\u00e9t\u00e9 de produits parfaits pour cuisiner des plats d\u2019inspiration portugaise sont en action. Christian Oliveira, ancien membre de l\u2019\u00e9quipe nationale suisse des cuisiniers, parle de sa passion pour la cuisine portugaise et fournit de pr\u00e9cieux conseils.<\/strong>[\/vc_column_text][\/vc_column][\/vc_row][vc_row][vc_column width=\u00a0\u00bb1\/2&Prime;][vc_column_text]Christian Oliveira poursuit actuellement un cursus \u00e0 l\u2019\u00e9cole Hoteli\u00e8re de Thoune et travaille en parall\u00e8le dans diff\u00e9rents \u00e9tablissements, notamment \u00e0 la Steinhalle (BE). Il est membre de l\u2019\u00e9quipe nationale suisse des cuisiniers et a travaill\u00e9 dans de nombreux restaurants, comme le Bellevue Palace, le Sch\u00f6ngr\u00fcn, le Bay ou le Wein &amp; Sein, tous situ\u00e9s dans le canton Berne. Enfant, il a su tr\u00e8s t\u00f4t quel chemin professionnel il souhaitait prendre : \u00ab la cuisine m\u2019a \u00e9t\u00e9 transmise d\u00e8s le berceau. Mon p\u00e8re est \u00e9galement cuisinier, je me suis donc familiaris\u00e9 tr\u00e8s t\u00f4t avec la cuisine portugaise, qui fait partie de mes racines. Lors des f\u00eates de famille, nous cuisinions toujours ensemble. \u00bb[\/vc_column_text][\/vc_column][vc_column width=\u00a0\u00bb1\/2&Prime;][vc_single_image image=\u00a0\u00bb64271&Prime; img_size=\u00a0\u00bbfull\u00a0\u00bb][\/vc_column][\/vc_row][vc_row][vc_column][vc_column_text]<strong>Petits d\u00e9lices \u00e0 d\u00e9guster\u00a0: les petiscos<\/strong><\/p>\n<p>Hors-d\u2019\u0153uvre savoureux et vari\u00e9s, les <em>petiscos<\/em> d\u00e9signent une collation servie g\u00e9n\u00e9ralement dans les bars et les restaurants au Portugal. C\u2019est en quelques sortes l\u2019\u00e9quivalent des tapas espagnoles ou des antipastis italiens. Ils sont souvent accompagn\u00e9s de pain frais, d\u2019huile d\u2019olive et de vin, cr\u00e9ant une exp\u00e9rience culinaire conviviale.[\/vc_column_text][\/vc_column][\/vc_row][vc_row][vc_column width=\u00a0\u00bb1\/2&Prime;][vc_single_image image=\u00a0\u00bb64272&Prime; img_size=\u00a0\u00bbfull\u00a0\u00bb css=\u00a0\u00bb.vc_custom_1683010592825{margin-top: 1em !important;}\u00a0\u00bb][\/vc_column][vc_column width=\u00a0\u00bb1\/2&Prime;][vc_column_text]Enfant d\u00e9j\u00e0, Christian avait l\u2019occasion d\u2019en manger en famille et en raffolait. Ses pr\u00e9f\u00e9r\u00e9s, ce sont sans doute les <em>peixinhos da horta<\/em> (haricots frits), mais il en existe de nombreux autres\u00a0: le <em>chourico assado<\/em> (chorizo portugais grill\u00e9), les <em>moelas<\/em> (c\u0153urs de poulet), les <em>past\u00e9is de bacalhau<\/em> (beignets de morue) ou encore les <em>carac\u00f3is<\/em> (escargots). \u00ab\u00a0Une bi\u00e8re Superbock, un vin tel qu\u2019un Vinho Verde ou un ros\u00e9 Mateus, par exemple, s\u2019accordent tr\u00e8s bien avec ces mets\u00a0\u00bb explique le chef.[\/vc_column_text][\/vc_column][\/vc_row][vc_row][vc_column][vc_column_text]Faisant partie int\u00e9grante de la cuisine portugaise, proposer sur sa carte des petiscos permettra certainement \u00e0 de nombreux clients de d\u00e9couvrir des plats traditionnels lusitaniens. De plus, ces petits mets offrent l\u2019avantage d\u2019\u00eatre adaptables \u00e0 toutes les saisons et repr\u00e9sentent un avantage financier lors de l\u2019achat des ingr\u00e9dients.<\/p>\n<p><strong>Les pr\u00e9f\u00e9r\u00e9s du chef<\/strong><\/p>\n<p>L\u2019un des plats que Christian Oliveira affectionne particuli\u00e8rement est le\u00a0<em>bitoque<\/em>, plat compos\u00e9 de viande grill\u00e9e, de riz, de frites et de salade, d\u2019un \u0153uf au plat et accompagn\u00e9 d\u2019une bi\u00e8re portugaise. Grand amateur de poisson, Christian aime particuli\u00e8rement la dorade et le maquereau\u00a0et cuisine volontiers la truite saumon\u00e9e et le sandre. \u00ab\u00a0Traditionnellement, les poissons sont grill\u00e9s entiers, et \u00e9galement employ\u00e9s dans soupes et rago\u00fbts\u00a0\u00bb explique-t-il.[\/vc_column_text][\/vc_column][\/vc_row][vc_row][vc_column width=\u00a0\u00bb1\/2&Prime;][vc_column_text]Pour un restaurant, le chef recommande \u00e0 chacun de s\u2019inspirer des plats de sa propre tradition culinaire familiale lorsque cela est possible, ou de cr\u00e9er sa propre version d\u2019un plat traditionnel.\u00a0 Il sugg\u00e8re que le <em>bitoque<\/em> figure sur la carte ainsi que de nombreuses recettes de poisson grill\u00e9s, telles que les <em>sardinhas assadas <\/em>(sardines grill\u00e9es) ou le <em>bacalhau \u00e0 Br\u00e1s <\/em>(morue \u00e0 l\u2019huile d\u2019olive et aux pommes de terre, oignons, salade et \u0153ufs).[\/vc_column_text][\/vc_column][vc_column width=\u00a0\u00bb1\/2&Prime;][vc_single_image image=\u00a0\u00bb64276&Prime; img_size=\u00a0\u00bbfull\u00a0\u00bb][\/vc_column][\/vc_row][vc_row][vc_column][vc_column_text]\u00ab\u00a0Mon conseil est de rester le plus authentique possible. D\u2019utiliser une bonne huile portugaise et de travailler des produits de qualit\u00e9. Je recommande \u00e9galement de privil\u00e9gier les plats mijot\u00e9s ou les rago\u00fbts, pour lesquels il existe une multitude de recettes\u00a0\u00bb.[\/vc_column_text][\/vc_column][\/vc_row][vc_row][vc_column width=\u00a0\u00bb1\/2&Prime;][vc_single_image image=\u00a0\u00bb64277&Prime; img_size=\u00a0\u00bbfull\u00a0\u00bb][\/vc_column][vc_column width=\u00a0\u00bb1\/2&Prime;][vc_column_text]<strong>ALIGRO, un grand choix de boissons<\/strong><\/p>\n<p>Le chef recommande des vins tels que le Vinho Verde avec les plats \u00e0 base de poisson. \u00ab\u00a0Les vins classiques de la r\u00e9gion du Douro ou du Tage s\u2019accordent bien avec les rago\u00fbts et les plats au four\u00a0\u00bb, explique-t-il. Avec un <em>bitoque<\/em>, le chef boit volontiers une bi\u00e8re. ALIGRO propose \u00e0 ce propos une tr\u00e8s grande vari\u00e9t\u00e9 de boissons[\/vc_column_text][\/vc_column][\/vc_row][vc_row][vc_column][vc_column_text]avec et sans alcools, plus de 1000 vins et spiritueux ainsi que plus de 300 sortes de bi\u00e8res. On y retrouve notamment de nombreux vins du Douro ainsi que des vins de la r\u00e9gion du Tage. N\u2019h\u00e9sitez pas \u00e0 faire un tour dans nos rayons, le personnel sp\u00e9cialis\u00e9 se tient \u00e0 disposition pour vous accompagner dans votre choix.[\/vc_column_text][\/vc_column][\/vc_row]<\/p>\n<\/div>","protected":false},"excerpt":{"rendered":"<p>[vc_row][vc_column][vc_column_text]Du 8 au 13 mai chez ALIGRO, une vari\u00e9t\u00e9 de produits parfaits pour cuisiner des plats d\u2019inspiration portugaise<a class=\"moretag\" href=\"https:\/\/www.aligro.ch\/pages\/fr\/news\/semaine-speciale-portugal-chez-aligro-profitez-des-conseils-avises-de-christian-oliveira\/\"> &#8230;<\/a><\/p>\n","protected":false},"author":9,"featured_media":64281,"comment_status":"closed","ping_status":"closed","sticky":false,"template":"","format":"standard","meta":{"_acf_changed":false,"footnotes":""},"categories":[1],"tags":[],"class_list":["post-64270","post","type-post","status-publish","format-standard","has-post-thumbnail","hentry","category-autre"],"acf":[],"yoast_head":"<!-- This site is optimized with the Yoast SEO plugin v27.4 - https:\/\/yoast.com\/product\/yoast-seo-wordpress\/ -->\n<title>Semaine sp\u00e9ciale Portugal chez ALIGRO : profitez des conseils avis\u00e9s de Christian Oliveira<\/title>\n<meta name=\"description\" content=\"Du 8 au 13 mai chez ALIGRO, une vari\u00e9t\u00e9 de produits parfaits pour cuisiner des plats d\u2019inspiration portugaise sont en action. Christian Oliveira, ancien membre de l\u2019\u00e9quipe nationale suisse des cuisiniers, parle de sa passion pour la cuisine portugaise et fournit de pr\u00e9cieux conseils.\" \/>\n<meta name=\"robots\" content=\"index, follow, max-snippet:-1, max-image-preview:large, max-video-preview:-1\" \/>\n<link rel=\"canonical\" href=\"https:\/\/www.aligro.ch\/pages\/fr\/news\/semaine-speciale-portugal-chez-aligro-profitez-des-conseils-avises-de-christian-oliveira\/\" \/>\n<meta property=\"og:locale\" content=\"fr_FR\" \/>\n<meta property=\"og:type\" content=\"article\" \/>\n<meta property=\"og:title\" content=\"Semaine sp\u00e9ciale Portugal chez ALIGRO : profitez des conseils avis\u00e9s de Christian Oliveira\" \/>\n<meta property=\"og:description\" content=\"Du 8 au 13 mai chez ALIGRO, une vari\u00e9t\u00e9 de produits parfaits pour cuisiner des plats d\u2019inspiration portugaise sont en action. Christian Oliveira, ancien membre de l\u2019\u00e9quipe nationale suisse des cuisiniers, parle de sa passion pour la cuisine portugaise et fournit de pr\u00e9cieux conseils.\" \/>\n<meta property=\"og:url\" content=\"https:\/\/www.aligro.ch\/pages\/fr\/news\/semaine-speciale-portugal-chez-aligro-profitez-des-conseils-avises-de-christian-oliveira\/\" \/>\n<meta property=\"og:site_name\" content=\"ALIGRO\" \/>\n<meta property=\"article:publisher\" content=\"https:\/\/fb.com\/aligrosuisse\" \/>\n<meta property=\"article:published_time\" content=\"2023-05-02T07:10:30+00:00\" \/>\n<meta property=\"article:modified_time\" content=\"2023-05-04T09:05:34+00:00\" \/>\n<meta property=\"og:image\" content=\"https:\/\/www.aligro.ch\/pages\/wp-content\/uploads\/2023\/05\/iStock-1084840800.jpg\" \/>\n\t<meta property=\"og:image:width\" content=\"1920\" \/>\n\t<meta property=\"og:image:height\" content=\"1280\" \/>\n\t<meta property=\"og:image:type\" content=\"image\/jpeg\" \/>\n<meta name=\"author\" content=\"Vincent Lavanchy\" \/>\n<meta name=\"twitter:card\" content=\"summary_large_image\" \/>\n<meta name=\"twitter:label1\" content=\"\u00c9crit par\" \/>\n\t<meta name=\"twitter:data1\" content=\"Vincent Lavanchy\" \/>\n\t<meta name=\"twitter:label2\" content=\"Dur\u00e9e de lecture estim\u00e9e\" \/>\n\t<meta name=\"twitter:data2\" content=\"4 minutes\" \/>\n<script type=\"application\/ld+json\" class=\"yoast-schema-graph\">{\"@context\":\"https:\\\/\\\/schema.org\",\"@graph\":[{\"@type\":\"Article\",\"@id\":\"https:\\\/\\\/www.aligro.ch\\\/pages\\\/fr\\\/news\\\/semaine-speciale-portugal-chez-aligro-profitez-des-conseils-avises-de-christian-oliveira\\\/#article\",\"isPartOf\":{\"@id\":\"https:\\\/\\\/www.aligro.ch\\\/pages\\\/fr\\\/news\\\/semaine-speciale-portugal-chez-aligro-profitez-des-conseils-avises-de-christian-oliveira\\\/\"},\"author\":{\"name\":\"Vincent Lavanchy\",\"@id\":\"https:\\\/\\\/www.aligro.ch\\\/pages\\\/#\\\/schema\\\/person\\\/abe4f4a53fec53a8dea10e43adbbe7e3\"},\"headline\":\"Semaine sp\u00e9ciale Portugal chez ALIGRO : profitez des conseils avis\u00e9s de Christian Oliveira\",\"datePublished\":\"2023-05-02T07:10:30+00:00\",\"dateModified\":\"2023-05-04T09:05:34+00:00\",\"mainEntityOfPage\":{\"@id\":\"https:\\\/\\\/www.aligro.ch\\\/pages\\\/fr\\\/news\\\/semaine-speciale-portugal-chez-aligro-profitez-des-conseils-avises-de-christian-oliveira\\\/\"},\"wordCount\":914,\"publisher\":{\"@id\":\"https:\\\/\\\/www.aligro.ch\\\/pages\\\/#organization\"},\"image\":{\"@id\":\"https:\\\/\\\/www.aligro.ch\\\/pages\\\/fr\\\/news\\\/semaine-speciale-portugal-chez-aligro-profitez-des-conseils-avises-de-christian-oliveira\\\/#primaryimage\"},\"thumbnailUrl\":\"https:\\\/\\\/www.aligro.ch\\\/pages\\\/wp-content\\\/uploads\\\/2023\\\/05\\\/iStock-1084840800.jpg\",\"articleSection\":[\"Autre\"],\"inLanguage\":\"fr-FR\"},{\"@type\":\"WebPage\",\"@id\":\"https:\\\/\\\/www.aligro.ch\\\/pages\\\/fr\\\/news\\\/semaine-speciale-portugal-chez-aligro-profitez-des-conseils-avises-de-christian-oliveira\\\/\",\"url\":\"https:\\\/\\\/www.aligro.ch\\\/pages\\\/fr\\\/news\\\/semaine-speciale-portugal-chez-aligro-profitez-des-conseils-avises-de-christian-oliveira\\\/\",\"name\":\"Semaine sp\u00e9ciale Portugal chez ALIGRO : profitez des conseils avis\u00e9s de Christian Oliveira\",\"isPartOf\":{\"@id\":\"https:\\\/\\\/www.aligro.ch\\\/pages\\\/#website\"},\"primaryImageOfPage\":{\"@id\":\"https:\\\/\\\/www.aligro.ch\\\/pages\\\/fr\\\/news\\\/semaine-speciale-portugal-chez-aligro-profitez-des-conseils-avises-de-christian-oliveira\\\/#primaryimage\"},\"image\":{\"@id\":\"https:\\\/\\\/www.aligro.ch\\\/pages\\\/fr\\\/news\\\/semaine-speciale-portugal-chez-aligro-profitez-des-conseils-avises-de-christian-oliveira\\\/#primaryimage\"},\"thumbnailUrl\":\"https:\\\/\\\/www.aligro.ch\\\/pages\\\/wp-content\\\/uploads\\\/2023\\\/05\\\/iStock-1084840800.jpg\",\"datePublished\":\"2023-05-02T07:10:30+00:00\",\"dateModified\":\"2023-05-04T09:05:34+00:00\",\"description\":\"Du 8 au 13 mai chez ALIGRO, une vari\u00e9t\u00e9 de produits parfaits pour cuisiner des plats d\u2019inspiration portugaise sont en action. Christian Oliveira, ancien membre de l\u2019\u00e9quipe nationale suisse des cuisiniers, parle de sa passion pour la cuisine portugaise et fournit de pr\u00e9cieux conseils.\",\"breadcrumb\":{\"@id\":\"https:\\\/\\\/www.aligro.ch\\\/pages\\\/fr\\\/news\\\/semaine-speciale-portugal-chez-aligro-profitez-des-conseils-avises-de-christian-oliveira\\\/#breadcrumb\"},\"inLanguage\":\"fr-FR\",\"potentialAction\":[{\"@type\":\"ReadAction\",\"target\":[\"https:\\\/\\\/www.aligro.ch\\\/pages\\\/fr\\\/news\\\/semaine-speciale-portugal-chez-aligro-profitez-des-conseils-avises-de-christian-oliveira\\\/\"]}]},{\"@type\":\"ImageObject\",\"inLanguage\":\"fr-FR\",\"@id\":\"https:\\\/\\\/www.aligro.ch\\\/pages\\\/fr\\\/news\\\/semaine-speciale-portugal-chez-aligro-profitez-des-conseils-avises-de-christian-oliveira\\\/#primaryimage\",\"url\":\"https:\\\/\\\/www.aligro.ch\\\/pages\\\/wp-content\\\/uploads\\\/2023\\\/05\\\/iStock-1084840800.jpg\",\"contentUrl\":\"https:\\\/\\\/www.aligro.ch\\\/pages\\\/wp-content\\\/uploads\\\/2023\\\/05\\\/iStock-1084840800.jpg\",\"width\":1920,\"height\":1280,\"caption\":\"Fried fishes with addition of herbs, spices and lemon slices on a wooden background. Seafood, sardines\"},{\"@type\":\"BreadcrumbList\",\"@id\":\"https:\\\/\\\/www.aligro.ch\\\/pages\\\/fr\\\/news\\\/semaine-speciale-portugal-chez-aligro-profitez-des-conseils-avises-de-christian-oliveira\\\/#breadcrumb\",\"itemListElement\":[{\"@type\":\"ListItem\",\"position\":1,\"name\":\"Accueil\",\"item\":\"https:\\\/\\\/www.aligro.ch\\\/pages\\\/de\\\/aligro-academy\\\/\"},{\"@type\":\"ListItem\",\"position\":2,\"name\":\"Semaine sp\u00e9ciale Portugal chez ALIGRO : profitez des conseils avis\u00e9s de Christian Oliveira\"}]},{\"@type\":\"WebSite\",\"@id\":\"https:\\\/\\\/www.aligro.ch\\\/pages\\\/#website\",\"url\":\"https:\\\/\\\/www.aligro.ch\\\/pages\\\/\",\"name\":\"ALIGRO\",\"description\":\"Fra\u00eecheur. Qualit\u00e9. Inspiration.\",\"publisher\":{\"@id\":\"https:\\\/\\\/www.aligro.ch\\\/pages\\\/#organization\"},\"potentialAction\":[{\"@type\":\"SearchAction\",\"target\":{\"@type\":\"EntryPoint\",\"urlTemplate\":\"https:\\\/\\\/www.aligro.ch\\\/pages\\\/?s={search_term_string}\"},\"query-input\":{\"@type\":\"PropertyValueSpecification\",\"valueRequired\":true,\"valueName\":\"search_term_string\"}}],\"inLanguage\":\"fr-FR\"},{\"@type\":\"Organization\",\"@id\":\"https:\\\/\\\/www.aligro.ch\\\/pages\\\/#organization\",\"name\":\"ALIGRO\",\"url\":\"https:\\\/\\\/www.aligro.ch\\\/pages\\\/\",\"logo\":{\"@type\":\"ImageObject\",\"inLanguage\":\"fr-FR\",\"@id\":\"https:\\\/\\\/www.aligro.ch\\\/pages\\\/#\\\/schema\\\/logo\\\/image\\\/\",\"url\":\"https:\\\/\\\/www.aligro.ch\\\/pages\\\/wp-content\\\/uploads\\\/2018\\\/10\\\/Logo@4x.png\",\"contentUrl\":\"https:\\\/\\\/www.aligro.ch\\\/pages\\\/wp-content\\\/uploads\\\/2018\\\/10\\\/Logo@4x.png\",\"width\":1831,\"height\":228,\"caption\":\"ALIGRO\"},\"image\":{\"@id\":\"https:\\\/\\\/www.aligro.ch\\\/pages\\\/#\\\/schema\\\/logo\\\/image\\\/\"},\"sameAs\":[\"https:\\\/\\\/fb.com\\\/aligrosuisse\"]},{\"@type\":\"Person\",\"@id\":\"https:\\\/\\\/www.aligro.ch\\\/pages\\\/#\\\/schema\\\/person\\\/abe4f4a53fec53a8dea10e43adbbe7e3\",\"name\":\"Vincent Lavanchy\",\"image\":{\"@type\":\"ImageObject\",\"inLanguage\":\"fr-FR\",\"@id\":\"https:\\\/\\\/secure.gravatar.com\\\/avatar\\\/0c26d4efb7d6ae3d3acfb21cea043eed07c8459ea7780b7c5d9d73543f0c4d2e?s=96&d=mm&r=g\",\"url\":\"https:\\\/\\\/secure.gravatar.com\\\/avatar\\\/0c26d4efb7d6ae3d3acfb21cea043eed07c8459ea7780b7c5d9d73543f0c4d2e?s=96&d=mm&r=g\",\"contentUrl\":\"https:\\\/\\\/secure.gravatar.com\\\/avatar\\\/0c26d4efb7d6ae3d3acfb21cea043eed07c8459ea7780b7c5d9d73543f0c4d2e?s=96&d=mm&r=g\",\"caption\":\"Vincent Lavanchy\"}}]}<\/script>\n<!-- \/ Yoast SEO plugin. -->","yoast_head_json":{"title":"Semaine sp\u00e9ciale Portugal chez ALIGRO : profitez des conseils avis\u00e9s de Christian Oliveira","description":"Du 8 au 13 mai chez ALIGRO, une vari\u00e9t\u00e9 de produits parfaits pour cuisiner des plats d\u2019inspiration portugaise sont en action. Christian Oliveira, ancien membre de l\u2019\u00e9quipe nationale suisse des cuisiniers, parle de sa passion pour la cuisine portugaise et fournit de pr\u00e9cieux conseils.","robots":{"index":"index","follow":"follow","max-snippet":"max-snippet:-1","max-image-preview":"max-image-preview:large","max-video-preview":"max-video-preview:-1"},"canonical":"https:\/\/www.aligro.ch\/pages\/fr\/news\/semaine-speciale-portugal-chez-aligro-profitez-des-conseils-avises-de-christian-oliveira\/","og_locale":"fr_FR","og_type":"article","og_title":"Semaine sp\u00e9ciale Portugal chez ALIGRO : profitez des conseils avis\u00e9s de Christian Oliveira","og_description":"Du 8 au 13 mai chez ALIGRO, une vari\u00e9t\u00e9 de produits parfaits pour cuisiner des plats d\u2019inspiration portugaise sont en action. Christian Oliveira, ancien membre de l\u2019\u00e9quipe nationale suisse des cuisiniers, parle de sa passion pour la cuisine portugaise et fournit de pr\u00e9cieux conseils.","og_url":"https:\/\/www.aligro.ch\/pages\/fr\/news\/semaine-speciale-portugal-chez-aligro-profitez-des-conseils-avises-de-christian-oliveira\/","og_site_name":"ALIGRO","article_publisher":"https:\/\/fb.com\/aligrosuisse","article_published_time":"2023-05-02T07:10:30+00:00","article_modified_time":"2023-05-04T09:05:34+00:00","og_image":[{"width":1920,"height":1280,"url":"https:\/\/www.aligro.ch\/pages\/wp-content\/uploads\/2023\/05\/iStock-1084840800.jpg","type":"image\/jpeg"}],"author":"Vincent Lavanchy","twitter_card":"summary_large_image","twitter_misc":{"\u00c9crit par":"Vincent Lavanchy","Dur\u00e9e de lecture estim\u00e9e":"4 minutes"},"schema":{"@context":"https:\/\/schema.org","@graph":[{"@type":"Article","@id":"https:\/\/www.aligro.ch\/pages\/fr\/news\/semaine-speciale-portugal-chez-aligro-profitez-des-conseils-avises-de-christian-oliveira\/#article","isPartOf":{"@id":"https:\/\/www.aligro.ch\/pages\/fr\/news\/semaine-speciale-portugal-chez-aligro-profitez-des-conseils-avises-de-christian-oliveira\/"},"author":{"name":"Vincent Lavanchy","@id":"https:\/\/www.aligro.ch\/pages\/#\/schema\/person\/abe4f4a53fec53a8dea10e43adbbe7e3"},"headline":"Semaine sp\u00e9ciale Portugal chez ALIGRO : profitez des conseils avis\u00e9s de Christian Oliveira","datePublished":"2023-05-02T07:10:30+00:00","dateModified":"2023-05-04T09:05:34+00:00","mainEntityOfPage":{"@id":"https:\/\/www.aligro.ch\/pages\/fr\/news\/semaine-speciale-portugal-chez-aligro-profitez-des-conseils-avises-de-christian-oliveira\/"},"wordCount":914,"publisher":{"@id":"https:\/\/www.aligro.ch\/pages\/#organization"},"image":{"@id":"https:\/\/www.aligro.ch\/pages\/fr\/news\/semaine-speciale-portugal-chez-aligro-profitez-des-conseils-avises-de-christian-oliveira\/#primaryimage"},"thumbnailUrl":"https:\/\/www.aligro.ch\/pages\/wp-content\/uploads\/2023\/05\/iStock-1084840800.jpg","articleSection":["Autre"],"inLanguage":"fr-FR"},{"@type":"WebPage","@id":"https:\/\/www.aligro.ch\/pages\/fr\/news\/semaine-speciale-portugal-chez-aligro-profitez-des-conseils-avises-de-christian-oliveira\/","url":"https:\/\/www.aligro.ch\/pages\/fr\/news\/semaine-speciale-portugal-chez-aligro-profitez-des-conseils-avises-de-christian-oliveira\/","name":"Semaine sp\u00e9ciale Portugal chez ALIGRO : profitez des conseils avis\u00e9s de Christian Oliveira","isPartOf":{"@id":"https:\/\/www.aligro.ch\/pages\/#website"},"primaryImageOfPage":{"@id":"https:\/\/www.aligro.ch\/pages\/fr\/news\/semaine-speciale-portugal-chez-aligro-profitez-des-conseils-avises-de-christian-oliveira\/#primaryimage"},"image":{"@id":"https:\/\/www.aligro.ch\/pages\/fr\/news\/semaine-speciale-portugal-chez-aligro-profitez-des-conseils-avises-de-christian-oliveira\/#primaryimage"},"thumbnailUrl":"https:\/\/www.aligro.ch\/pages\/wp-content\/uploads\/2023\/05\/iStock-1084840800.jpg","datePublished":"2023-05-02T07:10:30+00:00","dateModified":"2023-05-04T09:05:34+00:00","description":"Du 8 au 13 mai chez ALIGRO, une vari\u00e9t\u00e9 de produits parfaits pour cuisiner des plats d\u2019inspiration portugaise sont en action. Christian Oliveira, ancien membre de l\u2019\u00e9quipe nationale suisse des cuisiniers, parle de sa passion pour la cuisine portugaise et fournit de pr\u00e9cieux conseils.","breadcrumb":{"@id":"https:\/\/www.aligro.ch\/pages\/fr\/news\/semaine-speciale-portugal-chez-aligro-profitez-des-conseils-avises-de-christian-oliveira\/#breadcrumb"},"inLanguage":"fr-FR","potentialAction":[{"@type":"ReadAction","target":["https:\/\/www.aligro.ch\/pages\/fr\/news\/semaine-speciale-portugal-chez-aligro-profitez-des-conseils-avises-de-christian-oliveira\/"]}]},{"@type":"ImageObject","inLanguage":"fr-FR","@id":"https:\/\/www.aligro.ch\/pages\/fr\/news\/semaine-speciale-portugal-chez-aligro-profitez-des-conseils-avises-de-christian-oliveira\/#primaryimage","url":"https:\/\/www.aligro.ch\/pages\/wp-content\/uploads\/2023\/05\/iStock-1084840800.jpg","contentUrl":"https:\/\/www.aligro.ch\/pages\/wp-content\/uploads\/2023\/05\/iStock-1084840800.jpg","width":1920,"height":1280,"caption":"Fried fishes with addition of herbs, spices and lemon slices on a wooden background. Seafood, sardines"},{"@type":"BreadcrumbList","@id":"https:\/\/www.aligro.ch\/pages\/fr\/news\/semaine-speciale-portugal-chez-aligro-profitez-des-conseils-avises-de-christian-oliveira\/#breadcrumb","itemListElement":[{"@type":"ListItem","position":1,"name":"Accueil","item":"https:\/\/www.aligro.ch\/pages\/de\/aligro-academy\/"},{"@type":"ListItem","position":2,"name":"Semaine sp\u00e9ciale Portugal chez ALIGRO : profitez des conseils avis\u00e9s de Christian Oliveira"}]},{"@type":"WebSite","@id":"https:\/\/www.aligro.ch\/pages\/#website","url":"https:\/\/www.aligro.ch\/pages\/","name":"ALIGRO","description":"Fra\u00eecheur. Qualit\u00e9. Inspiration.","publisher":{"@id":"https:\/\/www.aligro.ch\/pages\/#organization"},"potentialAction":[{"@type":"SearchAction","target":{"@type":"EntryPoint","urlTemplate":"https:\/\/www.aligro.ch\/pages\/?s={search_term_string}"},"query-input":{"@type":"PropertyValueSpecification","valueRequired":true,"valueName":"search_term_string"}}],"inLanguage":"fr-FR"},{"@type":"Organization","@id":"https:\/\/www.aligro.ch\/pages\/#organization","name":"ALIGRO","url":"https:\/\/www.aligro.ch\/pages\/","logo":{"@type":"ImageObject","inLanguage":"fr-FR","@id":"https:\/\/www.aligro.ch\/pages\/#\/schema\/logo\/image\/","url":"https:\/\/www.aligro.ch\/pages\/wp-content\/uploads\/2018\/10\/Logo@4x.png","contentUrl":"https:\/\/www.aligro.ch\/pages\/wp-content\/uploads\/2018\/10\/Logo@4x.png","width":1831,"height":228,"caption":"ALIGRO"},"image":{"@id":"https:\/\/www.aligro.ch\/pages\/#\/schema\/logo\/image\/"},"sameAs":["https:\/\/fb.com\/aligrosuisse"]},{"@type":"Person","@id":"https:\/\/www.aligro.ch\/pages\/#\/schema\/person\/abe4f4a53fec53a8dea10e43adbbe7e3","name":"Vincent Lavanchy","image":{"@type":"ImageObject","inLanguage":"fr-FR","@id":"https:\/\/secure.gravatar.com\/avatar\/0c26d4efb7d6ae3d3acfb21cea043eed07c8459ea7780b7c5d9d73543f0c4d2e?s=96&d=mm&r=g","url":"https:\/\/secure.gravatar.com\/avatar\/0c26d4efb7d6ae3d3acfb21cea043eed07c8459ea7780b7c5d9d73543f0c4d2e?s=96&d=mm&r=g","contentUrl":"https:\/\/secure.gravatar.com\/avatar\/0c26d4efb7d6ae3d3acfb21cea043eed07c8459ea7780b7c5d9d73543f0c4d2e?s=96&d=mm&r=g","caption":"Vincent Lavanchy"}}]}},"_links":{"self":[{"href":"https:\/\/www.aligro.ch\/pages\/wp-json\/wp\/v2\/posts\/64270","targetHints":{"allow":["GET"]}}],"collection":[{"href":"https:\/\/www.aligro.ch\/pages\/wp-json\/wp\/v2\/posts"}],"about":[{"href":"https:\/\/www.aligro.ch\/pages\/wp-json\/wp\/v2\/types\/post"}],"author":[{"embeddable":true,"href":"https:\/\/www.aligro.ch\/pages\/wp-json\/wp\/v2\/users\/9"}],"replies":[{"embeddable":true,"href":"https:\/\/www.aligro.ch\/pages\/wp-json\/wp\/v2\/comments?post=64270"}],"version-history":[{"count":5,"href":"https:\/\/www.aligro.ch\/pages\/wp-json\/wp\/v2\/posts\/64270\/revisions"}],"predecessor-version":[{"id":64343,"href":"https:\/\/www.aligro.ch\/pages\/wp-json\/wp\/v2\/posts\/64270\/revisions\/64343"}],"wp:featuredmedia":[{"embeddable":true,"href":"https:\/\/www.aligro.ch\/pages\/wp-json\/wp\/v2\/media\/64281"}],"wp:attachment":[{"href":"https:\/\/www.aligro.ch\/pages\/wp-json\/wp\/v2\/media?parent=64270"}],"wp:term":[{"taxonomy":"category","embeddable":true,"href":"https:\/\/www.aligro.ch\/pages\/wp-json\/wp\/v2\/categories?post=64270"},{"taxonomy":"post_tag","embeddable":true,"href":"https:\/\/www.aligro.ch\/pages\/wp-json\/wp\/v2\/tags?post=64270"}],"curies":[{"name":"wp","href":"https:\/\/api.w.org\/{rel}","templated":true}]}}