{"id":64028,"date":"2023-04-19T10:39:15","date_gmt":"2023-04-19T08:39:15","guid":{"rendered":"https:\/\/www.aligro.ch\/pages\/?p=64028"},"modified":"2023-04-19T10:42:31","modified_gmt":"2023-04-19T08:42:31","slug":"ivan-capo-un-maestro-de-la-cuisine-italienne-prive","status":"publish","type":"post","link":"https:\/\/www.aligro.ch\/pages\/fr\/news\/ivan-capo-un-maestro-de-la-cuisine-italienne-prive\/","title":{"rendered":"Ivan Capo, un maestro de la cuisine italienne"},"content":{"rendered":"<div class=\"wpb-content-wrapper\"><p>[vc_row][vc_column width=\u00a0\u00bb1\/2&Prime;][vc_column_text]<strong>La <em>cucina italiana<\/em> b\u00e9n\u00e9ficie d\u2019une grande popularit\u00e9 en Suisse depuis de nombreuses ann\u00e9es. Rares sont en effet les villes et villages o\u00f9 l&rsquo;on ne trouve pas un restaurant italien avec une offre riche et vari\u00e9e, ou au moins une pizzeria. Ivan Capo, n\u00e9 en Italie dans la r\u00e9gion de Campanie, conna\u00eet cette cuisine sur le bout des doigts et en raffole. Il travaille en tant qu\u2019Executive Sous-Chef chez Gate Group \u00e0 Glattbrugg, entreprise suisse active au niveau international et sp\u00e9cialis\u00e9e dans le catering pour les compagnies a\u00e9riennes. Depuis janvier 2023, Ivan Capo est membre de l&rsquo;\u00e9quipe nationale suisse des cuisiniers.<\/strong><\/p>\n<p>Ivan est originaire de la r\u00e9gion de Campanie, dans le sud-ouest de l&rsquo;Italie, connue pour ses ruines romaines historiques et sa c\u00f4te spectaculaire. La capitale de la Campanie, Naples, ainsi que la r\u00e9gion environnante sont le berceau de nombreux mets d\u00e9licieux c\u00e9l\u00e8bres[\/vc_column_text][\/vc_column][vc_column width=\u00a0\u00bb1\/2&Prime;][vc_single_image image=\u00a0\u00bb63989&Prime; img_size=\u00a0\u00bbfull\u00a0\u00bb][\/vc_column][\/vc_row][vc_row][vc_column][vc_column_text]au-del\u00e0 de la fronti\u00e8re italienne : \u00ab La Campanie est la patrie de la pizza, de la mozzarella, des p\u00e2tes, des tomates, des glaces et de nombreux autres aliments. La grande qualit\u00e9 des produits italiens ainsi que les nombreuses fa\u00e7ons de les d\u00e9cliner en cuisine sont les deux \u00e9l\u00e9ments qui ont forg\u00e9 la r\u00e9putation de la gastronomie italienne dans le monde. Tout cela a inscrit notre cuisine au patrimoine culturel de l&rsquo;Unesco, et je ne peux qu&rsquo;en \u00eatre fier \u00bb, explique Ivan Capo lorsqu&rsquo;on lui demande ce qui, selon lui, fait de la cuisine italienne l&rsquo;une des plus appr\u00e9ci\u00e9es au monde. Dans sa cuisine, le passionn\u00e9 s\u2019inspire de ses origines et allie tradition et innovation.<\/p>\n<p>L\u2019un de ses secrets, ce sont les ingr\u00e9dients de saison : \u00ab L&rsquo;id\u00e9al est de s&rsquo;orienter vers les produits de saison. Et puis, bien s\u00fbr, il faut conna\u00eetre les bonnes techniques de pr\u00e9paration des aliments \u00bb.<\/p>\n<p>Dans le futur, le chef souhaiterait valoriser sa r\u00e9gion en proposant des plats et des produits r\u00e9gionaux en les pr\u00e9sentant de mani\u00e8re moderne. \u00ab\u00a0M\u00eame si je suis en Suisse, c&rsquo;est tout \u00e0 fait possible puisqu\u2019ALIGRO peut garantir chaque jour l&rsquo;arriv\u00e9e de produits d&rsquo;Italie et dispose d&rsquo;une large gamme de produits d\u2019inspiration italienne de pointe\u00a0\u00bb.<\/p>\n<p><strong>Recettes pour les fins gourmets <\/strong><\/p>\n<p>Lorsqu&rsquo;on lui demande quel est son plat pr\u00e9f\u00e9r\u00e9, le chef n&rsquo;arrive pas \u00e0 se d\u00e9cider\u00a0: \u00ab\u00a0Je ne peux pas dire que j&rsquo;ai un plat pr\u00e9f\u00e9r\u00e9, tellement la cuisine italienne est riche. Mais je voudrais vous parler d\u2019un plat tr\u00e8s simple, typique de la Campanie, avec une grande histoire et un go\u00fbt d\u00e9licat, que je dois pr\u00e9parer au moins une fois par semaine : &lsquo;Pasta Patate e Provola&rsquo;. Les ingr\u00e9dients (ici pour quatre personnes) ont donn\u00e9 le titre au plat :<\/p>\n<p>Pasta Mista 320 g, pommes de terre 750 g, c\u00e9leri-branche 150 g, carottes 150 g, 1 oignon blanc 1, lard ou Guanciale 130 g, Parmigiano Reggiano DOP 50 g, Pecorino 50 g, Provola affumicata 100 g, huile d\u2019olive extra vierge, sel et poivre noir.<\/p>\n<p>Ivan Capo d\u00e9crit la pr\u00e9paration ainsi :<\/p>\n<p>\u00ab\u00a0Commencez par \u00e9plucher le c\u00e9leri, la carotte et l&rsquo;oignon et hachez-les finement, puis \u00e9pluchez les pommes de terre et coupez-les en morceaux d&rsquo;environ deux centim\u00e8tres. Enfin, coupez le lard en tranches, puis en cubes. Mettez une casserole sur le feu et versez-y un filet d&rsquo;huile, puis ajoutez du saindoux et laissez chauffer doucement pendant quelques minutes. Apr\u00e8s quelques minutes, ajoutez les pommes de terre et laissez reposer quelques minutes, en remuant de temps en temps pour que le fond ne br\u00fble pas. Verser 600 ml d&rsquo;eau chaude ou de bouillon de l\u00e9gumes, poivrer et saler. Enfin, laisser cuire 30 minutes \u00e0 feu doux ; si n\u00e9cessaire, on peut ajouter un peu d&rsquo;eau. Une fois les pommes de terre ramollies, \u00e9crasez-en une partie avec le dos d&rsquo;une cuill\u00e8re, versez-la pasta mista, ajoutez imm\u00e9diatement 250 ml d&rsquo;eau chaude et portez le tout \u00e0 \u00e9bullition. Laissez cuire les p\u00e2tes en les remuant de temps en temps. Vous pouvez ajouter encore un peu d\u2019eau si besoin ; veillez \u00e0 ce que la quantit\u00e9 de sel soit adapt\u00e9e. \u00c0 la fin de la cuisson, au bout de 13 \u00e0 14 minutes, le m\u00e9lange doit \u00eatre cr\u00e9meux. \u00c0 la fin, \u00e9teignez le feu, ajoutez le parmesan, le pecorino et le fromage Provola, remuez et dressez. Buon appetito\u00a0\u00bb !<\/p>\n<p><strong>Vingt r\u00e9gions et autant de types de cuisines<\/strong><\/p>\n<p>Ivan sait qu\u2019il existe une multitude de cuisine<em>s<\/em> italienne<em>s<\/em> : \u00ab\u00a0Il y a vingt r\u00e9gions en Italie et chacune poss\u00e8de ses propres sp\u00e9cialit\u00e9s, ses produits et ses m\u00e9thodes de cuisson. La cuisine \u00e9volue constamment et les tendances modernes dans le milieu de la gastronomie durent entre six mois et un an maximum, mais une seule chose n&rsquo;a jamais chang\u00e9, c\u2019est la grande qualit\u00e9, la simplicit\u00e9 et le nombre restreint de produits utilis\u00e9s \u00bb.<\/p>\n<p>Pour \u00e9viter les surplus des ingr\u00e9dients, le chef propose une mani\u00e8re originale de les cuisiner : \u00ab Tout le monde conna\u00eet par exemple le minestrone, mais peu de gens savent qu\u2019on peut cr\u00e9er une base de soupe avec les \u00e9pluchures de pommes de terre, de carottes et de c\u00e9leri, riches en vitamines, et qu\u2019on utilise pour y faire cuire le minestrone. Si le minestrone n&rsquo;est pas enti\u00e8rement consomm\u00e9 ou si j&rsquo;en ai trop cuit, je peux faire un velout\u00e9. Si je le mets au r\u00e9frig\u00e9rateur, j\u2019utilise un r\u00e9cipient en acier avec son couvercle au lieu du film plastique. C&rsquo;est un exemple simple de la fa\u00e7on dont on peut penser diff\u00e9remment dans la cuisine pour r\u00e9duire les surplus et les d\u00e9chets \u00bb.<\/p>\n<p><strong>Du Val d&rsquo;Aoste \u00e0 la Sicile<\/strong><\/p>\n<p>En \u00e9coutant Ivan Capo \u00e9voquer son pays d\u2019origine et sa cuisine, on comprend que la Campanie n&rsquo;est pas la seule r\u00e9gion \u00e0 offrir d&rsquo;excellents ingr\u00e9dients pour un repas raffin\u00e9. Un voyage du Val d&rsquo;Aoste \u00e0 la Sicile permet de d\u00e9couvrir et d&rsquo;appr\u00e9cier la v\u00e9ritable cuisine des diff\u00e9rentes r\u00e9gions. Le vaste choix propos\u00e9 dans les quatorze march\u00e9s ALIGRO permet \u00e0 des cuisiniers comme Ivan Capo d&rsquo;apporter un peu de cette italianit\u00e0 en Suisse.[\/vc_column_text][\/vc_column][\/vc_row]<\/p>\n<\/div>","protected":false},"excerpt":{"rendered":"<p>[vc_row][vc_column width=\u00a0\u00bb1\/2&Prime;][vc_column_text]La cucina italiana b\u00e9n\u00e9ficie d\u2019une grande popularit\u00e9 en Suisse depuis de nombreuses ann\u00e9es. Rares sont en effet<a class=\"moretag\" href=\"https:\/\/www.aligro.ch\/pages\/fr\/news\/ivan-capo-un-maestro-de-la-cuisine-italienne-prive\/\"> &#8230;<\/a><\/p>\n","protected":false},"author":9,"featured_media":64035,"comment_status":"closed","ping_status":"closed","sticky":false,"template":"","format":"standard","meta":{"_acf_changed":false,"footnotes":""},"categories":[1],"tags":[],"class_list":["post-64028","post","type-post","status-publish","format-standard","has-post-thumbnail","hentry","category-autre"],"acf":[],"yoast_head":"<!-- This site is optimized with the Yoast SEO plugin v27.4 - https:\/\/yoast.com\/product\/yoast-seo-wordpress\/ -->\n<title>Ivan Capo, un maestro de la cuisine italienne<\/title>\n<meta name=\"robots\" content=\"index, follow, max-snippet:-1, max-image-preview:large, max-video-preview:-1\" \/>\n<link rel=\"canonical\" href=\"https:\/\/www.aligro.ch\/pages\/fr\/news\/ivan-capo-un-maestro-de-la-cuisine-italienne-prive\/\" \/>\n<meta property=\"og:locale\" content=\"fr_FR\" \/>\n<meta property=\"og:type\" content=\"article\" \/>\n<meta property=\"og:title\" content=\"Ivan Capo, un maestro de la cuisine italienne\" \/>\n<meta property=\"og:description\" content=\"[vc_row][vc_column width=\u00a0\u00bb1\/2&Prime;][vc_column_text]La cucina italiana b\u00e9n\u00e9ficie d\u2019une grande popularit\u00e9 en Suisse depuis de nombreuses ann\u00e9es. Rares sont en effet ...\" \/>\n<meta property=\"og:url\" content=\"https:\/\/www.aligro.ch\/pages\/fr\/news\/ivan-capo-un-maestro-de-la-cuisine-italienne-prive\/\" \/>\n<meta property=\"og:site_name\" content=\"ALIGRO\" \/>\n<meta property=\"article:publisher\" content=\"https:\/\/fb.com\/aligrosuisse\" \/>\n<meta property=\"article:published_time\" content=\"2023-04-19T08:39:15+00:00\" \/>\n<meta property=\"article:modified_time\" content=\"2023-04-19T08:42:31+00:00\" \/>\n<meta property=\"og:image\" content=\"https:\/\/www.aligro.ch\/pages\/wp-content\/uploads\/2023\/04\/bandeau_prive.jpg\" \/>\n\t<meta property=\"og:image:width\" content=\"1920\" \/>\n\t<meta property=\"og:image:height\" content=\"1277\" \/>\n\t<meta property=\"og:image:type\" content=\"image\/jpeg\" \/>\n<meta name=\"author\" content=\"Vincent Lavanchy\" \/>\n<meta name=\"twitter:card\" content=\"summary_large_image\" \/>\n<meta name=\"twitter:label1\" content=\"\u00c9crit par\" \/>\n\t<meta name=\"twitter:data1\" content=\"Vincent Lavanchy\" \/>\n\t<meta name=\"twitter:label2\" content=\"Dur\u00e9e de lecture estim\u00e9e\" \/>\n\t<meta name=\"twitter:data2\" content=\"5 minutes\" \/>\n<script type=\"application\/ld+json\" class=\"yoast-schema-graph\">{\"@context\":\"https:\\\/\\\/schema.org\",\"@graph\":[{\"@type\":\"Article\",\"@id\":\"https:\\\/\\\/www.aligro.ch\\\/pages\\\/fr\\\/news\\\/ivan-capo-un-maestro-de-la-cuisine-italienne-prive\\\/#article\",\"isPartOf\":{\"@id\":\"https:\\\/\\\/www.aligro.ch\\\/pages\\\/fr\\\/news\\\/ivan-capo-un-maestro-de-la-cuisine-italienne-prive\\\/\"},\"author\":{\"name\":\"Vincent Lavanchy\",\"@id\":\"https:\\\/\\\/www.aligro.ch\\\/pages\\\/#\\\/schema\\\/person\\\/abe4f4a53fec53a8dea10e43adbbe7e3\"},\"headline\":\"Ivan Capo, un maestro de la cuisine italienne\",\"datePublished\":\"2023-04-19T08:39:15+00:00\",\"dateModified\":\"2023-04-19T08:42:31+00:00\",\"mainEntityOfPage\":{\"@id\":\"https:\\\/\\\/www.aligro.ch\\\/pages\\\/fr\\\/news\\\/ivan-capo-un-maestro-de-la-cuisine-italienne-prive\\\/\"},\"wordCount\":1113,\"publisher\":{\"@id\":\"https:\\\/\\\/www.aligro.ch\\\/pages\\\/#organization\"},\"image\":{\"@id\":\"https:\\\/\\\/www.aligro.ch\\\/pages\\\/fr\\\/news\\\/ivan-capo-un-maestro-de-la-cuisine-italienne-prive\\\/#primaryimage\"},\"thumbnailUrl\":\"https:\\\/\\\/www.aligro.ch\\\/pages\\\/wp-content\\\/uploads\\\/2023\\\/04\\\/bandeau_prive.jpg\",\"articleSection\":[\"Autre\"],\"inLanguage\":\"fr-FR\"},{\"@type\":\"WebPage\",\"@id\":\"https:\\\/\\\/www.aligro.ch\\\/pages\\\/fr\\\/news\\\/ivan-capo-un-maestro-de-la-cuisine-italienne-prive\\\/\",\"url\":\"https:\\\/\\\/www.aligro.ch\\\/pages\\\/fr\\\/news\\\/ivan-capo-un-maestro-de-la-cuisine-italienne-prive\\\/\",\"name\":\"Ivan Capo, un maestro de la cuisine italienne\",\"isPartOf\":{\"@id\":\"https:\\\/\\\/www.aligro.ch\\\/pages\\\/#website\"},\"primaryImageOfPage\":{\"@id\":\"https:\\\/\\\/www.aligro.ch\\\/pages\\\/fr\\\/news\\\/ivan-capo-un-maestro-de-la-cuisine-italienne-prive\\\/#primaryimage\"},\"image\":{\"@id\":\"https:\\\/\\\/www.aligro.ch\\\/pages\\\/fr\\\/news\\\/ivan-capo-un-maestro-de-la-cuisine-italienne-prive\\\/#primaryimage\"},\"thumbnailUrl\":\"https:\\\/\\\/www.aligro.ch\\\/pages\\\/wp-content\\\/uploads\\\/2023\\\/04\\\/bandeau_prive.jpg\",\"datePublished\":\"2023-04-19T08:39:15+00:00\",\"dateModified\":\"2023-04-19T08:42:31+00:00\",\"breadcrumb\":{\"@id\":\"https:\\\/\\\/www.aligro.ch\\\/pages\\\/fr\\\/news\\\/ivan-capo-un-maestro-de-la-cuisine-italienne-prive\\\/#breadcrumb\"},\"inLanguage\":\"fr-FR\",\"potentialAction\":[{\"@type\":\"ReadAction\",\"target\":[\"https:\\\/\\\/www.aligro.ch\\\/pages\\\/fr\\\/news\\\/ivan-capo-un-maestro-de-la-cuisine-italienne-prive\\\/\"]}]},{\"@type\":\"ImageObject\",\"inLanguage\":\"fr-FR\",\"@id\":\"https:\\\/\\\/www.aligro.ch\\\/pages\\\/fr\\\/news\\\/ivan-capo-un-maestro-de-la-cuisine-italienne-prive\\\/#primaryimage\",\"url\":\"https:\\\/\\\/www.aligro.ch\\\/pages\\\/wp-content\\\/uploads\\\/2023\\\/04\\\/bandeau_prive.jpg\",\"contentUrl\":\"https:\\\/\\\/www.aligro.ch\\\/pages\\\/wp-content\\\/uploads\\\/2023\\\/04\\\/bandeau_prive.jpg\",\"width\":1920,\"height\":1277,\"caption\":\"Group of happy friends having dinner outdoors toasting with red wine in the backyard - People of diverse ethnic having fun together sitting around the dining table - Youthful friendship concept\"},{\"@type\":\"BreadcrumbList\",\"@id\":\"https:\\\/\\\/www.aligro.ch\\\/pages\\\/fr\\\/news\\\/ivan-capo-un-maestro-de-la-cuisine-italienne-prive\\\/#breadcrumb\",\"itemListElement\":[{\"@type\":\"ListItem\",\"position\":1,\"name\":\"Accueil\",\"item\":\"https:\\\/\\\/www.aligro.ch\\\/pages\\\/de\\\/aligro-academy\\\/\"},{\"@type\":\"ListItem\",\"position\":2,\"name\":\"Ivan Capo, un maestro de la cuisine italienne\"}]},{\"@type\":\"WebSite\",\"@id\":\"https:\\\/\\\/www.aligro.ch\\\/pages\\\/#website\",\"url\":\"https:\\\/\\\/www.aligro.ch\\\/pages\\\/\",\"name\":\"ALIGRO\",\"description\":\"Fra\u00eecheur. Qualit\u00e9. Inspiration.\",\"publisher\":{\"@id\":\"https:\\\/\\\/www.aligro.ch\\\/pages\\\/#organization\"},\"potentialAction\":[{\"@type\":\"SearchAction\",\"target\":{\"@type\":\"EntryPoint\",\"urlTemplate\":\"https:\\\/\\\/www.aligro.ch\\\/pages\\\/?s={search_term_string}\"},\"query-input\":{\"@type\":\"PropertyValueSpecification\",\"valueRequired\":true,\"valueName\":\"search_term_string\"}}],\"inLanguage\":\"fr-FR\"},{\"@type\":\"Organization\",\"@id\":\"https:\\\/\\\/www.aligro.ch\\\/pages\\\/#organization\",\"name\":\"ALIGRO\",\"url\":\"https:\\\/\\\/www.aligro.ch\\\/pages\\\/\",\"logo\":{\"@type\":\"ImageObject\",\"inLanguage\":\"fr-FR\",\"@id\":\"https:\\\/\\\/www.aligro.ch\\\/pages\\\/#\\\/schema\\\/logo\\\/image\\\/\",\"url\":\"https:\\\/\\\/www.aligro.ch\\\/pages\\\/wp-content\\\/uploads\\\/2018\\\/10\\\/Logo@4x.png\",\"contentUrl\":\"https:\\\/\\\/www.aligro.ch\\\/pages\\\/wp-content\\\/uploads\\\/2018\\\/10\\\/Logo@4x.png\",\"width\":1831,\"height\":228,\"caption\":\"ALIGRO\"},\"image\":{\"@id\":\"https:\\\/\\\/www.aligro.ch\\\/pages\\\/#\\\/schema\\\/logo\\\/image\\\/\"},\"sameAs\":[\"https:\\\/\\\/fb.com\\\/aligrosuisse\"]},{\"@type\":\"Person\",\"@id\":\"https:\\\/\\\/www.aligro.ch\\\/pages\\\/#\\\/schema\\\/person\\\/abe4f4a53fec53a8dea10e43adbbe7e3\",\"name\":\"Vincent Lavanchy\",\"image\":{\"@type\":\"ImageObject\",\"inLanguage\":\"fr-FR\",\"@id\":\"https:\\\/\\\/secure.gravatar.com\\\/avatar\\\/0c26d4efb7d6ae3d3acfb21cea043eed07c8459ea7780b7c5d9d73543f0c4d2e?s=96&d=mm&r=g\",\"url\":\"https:\\\/\\\/secure.gravatar.com\\\/avatar\\\/0c26d4efb7d6ae3d3acfb21cea043eed07c8459ea7780b7c5d9d73543f0c4d2e?s=96&d=mm&r=g\",\"contentUrl\":\"https:\\\/\\\/secure.gravatar.com\\\/avatar\\\/0c26d4efb7d6ae3d3acfb21cea043eed07c8459ea7780b7c5d9d73543f0c4d2e?s=96&d=mm&r=g\",\"caption\":\"Vincent Lavanchy\"}}]}<\/script>\n<!-- \/ Yoast SEO plugin. -->","yoast_head_json":{"title":"Ivan Capo, un maestro de la cuisine italienne","robots":{"index":"index","follow":"follow","max-snippet":"max-snippet:-1","max-image-preview":"max-image-preview:large","max-video-preview":"max-video-preview:-1"},"canonical":"https:\/\/www.aligro.ch\/pages\/fr\/news\/ivan-capo-un-maestro-de-la-cuisine-italienne-prive\/","og_locale":"fr_FR","og_type":"article","og_title":"Ivan Capo, un maestro de la cuisine italienne","og_description":"[vc_row][vc_column width=\u00a0\u00bb1\/2&Prime;][vc_column_text]La cucina italiana b\u00e9n\u00e9ficie d\u2019une grande popularit\u00e9 en Suisse depuis de nombreuses ann\u00e9es. Rares sont en effet ...","og_url":"https:\/\/www.aligro.ch\/pages\/fr\/news\/ivan-capo-un-maestro-de-la-cuisine-italienne-prive\/","og_site_name":"ALIGRO","article_publisher":"https:\/\/fb.com\/aligrosuisse","article_published_time":"2023-04-19T08:39:15+00:00","article_modified_time":"2023-04-19T08:42:31+00:00","og_image":[{"width":1920,"height":1277,"url":"https:\/\/www.aligro.ch\/pages\/wp-content\/uploads\/2023\/04\/bandeau_prive.jpg","type":"image\/jpeg"}],"author":"Vincent Lavanchy","twitter_card":"summary_large_image","twitter_misc":{"\u00c9crit par":"Vincent Lavanchy","Dur\u00e9e de lecture estim\u00e9e":"5 minutes"},"schema":{"@context":"https:\/\/schema.org","@graph":[{"@type":"Article","@id":"https:\/\/www.aligro.ch\/pages\/fr\/news\/ivan-capo-un-maestro-de-la-cuisine-italienne-prive\/#article","isPartOf":{"@id":"https:\/\/www.aligro.ch\/pages\/fr\/news\/ivan-capo-un-maestro-de-la-cuisine-italienne-prive\/"},"author":{"name":"Vincent Lavanchy","@id":"https:\/\/www.aligro.ch\/pages\/#\/schema\/person\/abe4f4a53fec53a8dea10e43adbbe7e3"},"headline":"Ivan Capo, un maestro de la cuisine italienne","datePublished":"2023-04-19T08:39:15+00:00","dateModified":"2023-04-19T08:42:31+00:00","mainEntityOfPage":{"@id":"https:\/\/www.aligro.ch\/pages\/fr\/news\/ivan-capo-un-maestro-de-la-cuisine-italienne-prive\/"},"wordCount":1113,"publisher":{"@id":"https:\/\/www.aligro.ch\/pages\/#organization"},"image":{"@id":"https:\/\/www.aligro.ch\/pages\/fr\/news\/ivan-capo-un-maestro-de-la-cuisine-italienne-prive\/#primaryimage"},"thumbnailUrl":"https:\/\/www.aligro.ch\/pages\/wp-content\/uploads\/2023\/04\/bandeau_prive.jpg","articleSection":["Autre"],"inLanguage":"fr-FR"},{"@type":"WebPage","@id":"https:\/\/www.aligro.ch\/pages\/fr\/news\/ivan-capo-un-maestro-de-la-cuisine-italienne-prive\/","url":"https:\/\/www.aligro.ch\/pages\/fr\/news\/ivan-capo-un-maestro-de-la-cuisine-italienne-prive\/","name":"Ivan Capo, un maestro de la cuisine italienne","isPartOf":{"@id":"https:\/\/www.aligro.ch\/pages\/#website"},"primaryImageOfPage":{"@id":"https:\/\/www.aligro.ch\/pages\/fr\/news\/ivan-capo-un-maestro-de-la-cuisine-italienne-prive\/#primaryimage"},"image":{"@id":"https:\/\/www.aligro.ch\/pages\/fr\/news\/ivan-capo-un-maestro-de-la-cuisine-italienne-prive\/#primaryimage"},"thumbnailUrl":"https:\/\/www.aligro.ch\/pages\/wp-content\/uploads\/2023\/04\/bandeau_prive.jpg","datePublished":"2023-04-19T08:39:15+00:00","dateModified":"2023-04-19T08:42:31+00:00","breadcrumb":{"@id":"https:\/\/www.aligro.ch\/pages\/fr\/news\/ivan-capo-un-maestro-de-la-cuisine-italienne-prive\/#breadcrumb"},"inLanguage":"fr-FR","potentialAction":[{"@type":"ReadAction","target":["https:\/\/www.aligro.ch\/pages\/fr\/news\/ivan-capo-un-maestro-de-la-cuisine-italienne-prive\/"]}]},{"@type":"ImageObject","inLanguage":"fr-FR","@id":"https:\/\/www.aligro.ch\/pages\/fr\/news\/ivan-capo-un-maestro-de-la-cuisine-italienne-prive\/#primaryimage","url":"https:\/\/www.aligro.ch\/pages\/wp-content\/uploads\/2023\/04\/bandeau_prive.jpg","contentUrl":"https:\/\/www.aligro.ch\/pages\/wp-content\/uploads\/2023\/04\/bandeau_prive.jpg","width":1920,"height":1277,"caption":"Group of happy friends having dinner outdoors toasting with red wine in the backyard - People of diverse ethnic having fun together sitting around the dining table - Youthful friendship concept"},{"@type":"BreadcrumbList","@id":"https:\/\/www.aligro.ch\/pages\/fr\/news\/ivan-capo-un-maestro-de-la-cuisine-italienne-prive\/#breadcrumb","itemListElement":[{"@type":"ListItem","position":1,"name":"Accueil","item":"https:\/\/www.aligro.ch\/pages\/de\/aligro-academy\/"},{"@type":"ListItem","position":2,"name":"Ivan Capo, un maestro de la cuisine italienne"}]},{"@type":"WebSite","@id":"https:\/\/www.aligro.ch\/pages\/#website","url":"https:\/\/www.aligro.ch\/pages\/","name":"ALIGRO","description":"Fra\u00eecheur. Qualit\u00e9. Inspiration.","publisher":{"@id":"https:\/\/www.aligro.ch\/pages\/#organization"},"potentialAction":[{"@type":"SearchAction","target":{"@type":"EntryPoint","urlTemplate":"https:\/\/www.aligro.ch\/pages\/?s={search_term_string}"},"query-input":{"@type":"PropertyValueSpecification","valueRequired":true,"valueName":"search_term_string"}}],"inLanguage":"fr-FR"},{"@type":"Organization","@id":"https:\/\/www.aligro.ch\/pages\/#organization","name":"ALIGRO","url":"https:\/\/www.aligro.ch\/pages\/","logo":{"@type":"ImageObject","inLanguage":"fr-FR","@id":"https:\/\/www.aligro.ch\/pages\/#\/schema\/logo\/image\/","url":"https:\/\/www.aligro.ch\/pages\/wp-content\/uploads\/2018\/10\/Logo@4x.png","contentUrl":"https:\/\/www.aligro.ch\/pages\/wp-content\/uploads\/2018\/10\/Logo@4x.png","width":1831,"height":228,"caption":"ALIGRO"},"image":{"@id":"https:\/\/www.aligro.ch\/pages\/#\/schema\/logo\/image\/"},"sameAs":["https:\/\/fb.com\/aligrosuisse"]},{"@type":"Person","@id":"https:\/\/www.aligro.ch\/pages\/#\/schema\/person\/abe4f4a53fec53a8dea10e43adbbe7e3","name":"Vincent Lavanchy","image":{"@type":"ImageObject","inLanguage":"fr-FR","@id":"https:\/\/secure.gravatar.com\/avatar\/0c26d4efb7d6ae3d3acfb21cea043eed07c8459ea7780b7c5d9d73543f0c4d2e?s=96&d=mm&r=g","url":"https:\/\/secure.gravatar.com\/avatar\/0c26d4efb7d6ae3d3acfb21cea043eed07c8459ea7780b7c5d9d73543f0c4d2e?s=96&d=mm&r=g","contentUrl":"https:\/\/secure.gravatar.com\/avatar\/0c26d4efb7d6ae3d3acfb21cea043eed07c8459ea7780b7c5d9d73543f0c4d2e?s=96&d=mm&r=g","caption":"Vincent Lavanchy"}}]}},"_links":{"self":[{"href":"https:\/\/www.aligro.ch\/pages\/wp-json\/wp\/v2\/posts\/64028","targetHints":{"allow":["GET"]}}],"collection":[{"href":"https:\/\/www.aligro.ch\/pages\/wp-json\/wp\/v2\/posts"}],"about":[{"href":"https:\/\/www.aligro.ch\/pages\/wp-json\/wp\/v2\/types\/post"}],"author":[{"embeddable":true,"href":"https:\/\/www.aligro.ch\/pages\/wp-json\/wp\/v2\/users\/9"}],"replies":[{"embeddable":true,"href":"https:\/\/www.aligro.ch\/pages\/wp-json\/wp\/v2\/comments?post=64028"}],"version-history":[{"count":3,"href":"https:\/\/www.aligro.ch\/pages\/wp-json\/wp\/v2\/posts\/64028\/revisions"}],"predecessor-version":[{"id":64037,"href":"https:\/\/www.aligro.ch\/pages\/wp-json\/wp\/v2\/posts\/64028\/revisions\/64037"}],"wp:featuredmedia":[{"embeddable":true,"href":"https:\/\/www.aligro.ch\/pages\/wp-json\/wp\/v2\/media\/64035"}],"wp:attachment":[{"href":"https:\/\/www.aligro.ch\/pages\/wp-json\/wp\/v2\/media?parent=64028"}],"wp:term":[{"taxonomy":"category","embeddable":true,"href":"https:\/\/www.aligro.ch\/pages\/wp-json\/wp\/v2\/categories?post=64028"},{"taxonomy":"post_tag","embeddable":true,"href":"https:\/\/www.aligro.ch\/pages\/wp-json\/wp\/v2\/tags?post=64028"}],"curies":[{"name":"wp","href":"https:\/\/api.w.org\/{rel}","templated":true}]}}