{"id":63684,"date":"2023-04-04T10:20:10","date_gmt":"2023-04-04T08:20:10","guid":{"rendered":"https:\/\/www.aligro.ch\/pages\/?p=63684"},"modified":"2023-04-04T10:20:10","modified_gmt":"2023-04-04T08:20:10","slug":"aligro-souffle-sa-centieme-bougie-cette-annee","status":"publish","type":"post","link":"https:\/\/www.aligro.ch\/pages\/fr\/news\/aligro-souffle-sa-centieme-bougie-cette-annee\/","title":{"rendered":"ALIGRO souffle sa centi\u00e8me bougie cette ann\u00e9e !"},"content":{"rendered":"<div class=\"wpb-content-wrapper\"><p>[vc_row][vc_column][vc_column_text]L\u2019histoire de l\u2019entreprise familiale remonte \u00e0 1923, lorsque Paul et Ernest Demaurex cr\u00e9ent \u00ab Demaurex Fr\u00e8res \u00bb \u00e0 Morges. Auparavant, Aline Demaurex, leur m\u00e8re, avait repris l\u2019\u00e9picerie du village de Gilly (VD) et la leur avait transmise. Cette ann\u00e9e, ALIGRO a donc le grand plaisir de souffler sa centi\u00e8me bougie\u00a0!<\/p>\n<p>C\u2019est en 1966 que le premier march\u00e9 ALIGRO voit le jour, \u00e0 Gen\u00e8ve, sous l\u2019impulsion de Pierre Demaurex, fils d\u2019Ernest et p\u00e8re des propri\u00e9taires actuels. Pourquoi \u00ab\u00a0ALIGRO\u00a0\u00bb\u00a0? Pour ALImentation de GROs. Trois ans plus tard, un second march\u00e9 voit le jour \u00e0 Chavannes-Renens (VD), si\u00e8ge actuel de l\u2019entreprise.<\/p>\n<p>Etienne et Dominique, les fils de Pierre Demaurex, reprennent l\u2019entreprise en 1992, en gardant soigneusement \u00e0 l\u2019esprit la devise familiale : \u00ab Toujours mieux servir le client \u00bb. L\u2019entreprise se modernise et agrandit les march\u00e9s ALIGRO en d\u00e9veloppant davantage les secteurs des produits frais, en ouvrant des poissonneries avec service et des boulangeries artisanales. Le march\u00e9 de Sion (VS) est ouvert en 2005 et ceux de Matran (FR) et Schlieren (ZH) en 2012.<\/p>\n<p>En 2017, ALIGRO reprend l\u2019entreprise Cash&amp;Carry Angehrn avec ses 360 collaborateurs et 9 points de ventes, tous situ\u00e9s en Suisse al\u00e9manique. Leur modernisation d\u00e9bute en 2018 et les sites de Rapperswil-Jona, Berne, Br\u00fcttisellen et derni\u00e8rement Wangs-Sargans sont aujourd\u2019hui enti\u00e8rement r\u00e9nov\u00e9s et flambant neufs.<\/p>\n<p>Avec plus de 1000 employ\u00e9s et 14 points de vente en Suisse al\u00e9manique et en Romandie, tous situ\u00e9s dans des lieux strat\u00e9giques et offrant des perspectives de croissance importantes, ALIGRO propose une gamme de produits alimentaires unique \u00e0 des prix tr\u00e8s comp\u00e9titifs. Unique en Suisse, le concept ALIGRO s\u2019adresse en priorit\u00e9 aux restaurateurs et aux d\u00e9taillants. ALIGRO a toujours port\u00e9 beaucoup de soin \u00e0 la qualit\u00e9 des conseils et des services propos\u00e9s \u00e0 la client\u00e8le. C\u2019est pourquoi la plupart des collaborateurs pr\u00e9sents dans les rayons proviennent des m\u00e9tiers de bouche : cuisinier, boucher ou boulanger. Le personnel d\u2019accueil et d\u2019encaissement se fait un plaisir d\u2019offrir un service attentionn\u00e9 et personnalis\u00e9.<\/p>\n<p>Apprenez-en davantage sur l\u2019histoire de l\u2019entreprise <a href=\"https:\/\/www.aligro.ch\/pages\/fr\/entreprise\/a-propos\/\">en visitant la page \u00ab\u00a0A propos d&rsquo;ALIGRO\u00a0\u00bb<\/a>.[\/vc_column_text][\/vc_column][\/vc_row]<\/p>\n<\/div>","protected":false},"excerpt":{"rendered":"<p>[vc_row][vc_column][vc_column_text]L\u2019histoire de l\u2019entreprise familiale remonte \u00e0 1923, lorsque Paul et Ernest Demaurex cr\u00e9ent \u00ab Demaurex Fr\u00e8res \u00bb \u00e0<a class=\"moretag\" href=\"https:\/\/www.aligro.ch\/pages\/fr\/news\/aligro-souffle-sa-centieme-bougie-cette-annee\/\"> &#8230;<\/a><\/p>\n","protected":false},"author":9,"featured_media":63689,"comment_status":"closed","ping_status":"closed","sticky":false,"template":"","format":"standard","meta":{"_acf_changed":false,"footnotes":""},"categories":[1],"tags":[],"class_list":["post-63684","post","type-post","status-publish","format-standard","has-post-thumbnail","hentry","category-autre"],"acf":[],"yoast_head":"<!-- This site is optimized with the Yoast SEO plugin v27.4 - https:\/\/yoast.com\/product\/yoast-seo-wordpress\/ -->\n<title>ALIGRO souffle sa centi\u00e8me bougie cette ann\u00e9e !<\/title>\n<meta name=\"description\" content=\"L\u2019histoire de l\u2019entreprise familiale remonte \u00e0 1923, lorsque Paul et Ernest Demaurex cr\u00e9ent \u00ab Demaurex Fr\u00e8res \u00bb \u00e0 Morges. Cette ann\u00e9e, ALIGRO a donc le grand plaisir de souffler sa centi\u00e8me bougie !\" \/>\n<meta name=\"robots\" content=\"index, follow, max-snippet:-1, max-image-preview:large, max-video-preview:-1\" \/>\n<link rel=\"canonical\" href=\"https:\/\/www.aligro.ch\/pages\/fr\/news\/aligro-souffle-sa-centieme-bougie-cette-annee\/\" \/>\n<meta property=\"og:locale\" content=\"fr_FR\" \/>\n<meta property=\"og:type\" content=\"article\" \/>\n<meta property=\"og:title\" content=\"ALIGRO souffle sa centi\u00e8me bougie cette ann\u00e9e !\" \/>\n<meta property=\"og:description\" content=\"L\u2019histoire de l\u2019entreprise familiale remonte \u00e0 1923, lorsque Paul et Ernest Demaurex cr\u00e9ent \u00ab Demaurex Fr\u00e8res \u00bb \u00e0 Morges. Cette ann\u00e9e, ALIGRO a donc le grand plaisir de souffler sa centi\u00e8me bougie !\" \/>\n<meta property=\"og:url\" content=\"https:\/\/www.aligro.ch\/pages\/fr\/news\/aligro-souffle-sa-centieme-bougie-cette-annee\/\" \/>\n<meta property=\"og:site_name\" content=\"ALIGRO\" \/>\n<meta property=\"article:publisher\" content=\"https:\/\/fb.com\/aligrosuisse\" \/>\n<meta property=\"article:published_time\" content=\"2023-04-04T08:20:10+00:00\" \/>\n<meta property=\"og:image\" content=\"https:\/\/www.aligro.ch\/pages\/wp-content\/uploads\/2023\/04\/BANDEAU_DemaurexFrereCamion-1.jpg\" \/>\n\t<meta property=\"og:image:width\" content=\"1920\" \/>\n\t<meta property=\"og:image:height\" content=\"1245\" \/>\n\t<meta property=\"og:image:type\" content=\"image\/jpeg\" \/>\n<meta name=\"author\" content=\"Vincent Lavanchy\" \/>\n<meta name=\"twitter:card\" content=\"summary_large_image\" \/>\n<meta name=\"twitter:label1\" content=\"\u00c9crit par\" \/>\n\t<meta name=\"twitter:data1\" content=\"Vincent Lavanchy\" \/>\n\t<meta name=\"twitter:label2\" content=\"Dur\u00e9e de lecture estim\u00e9e\" \/>\n\t<meta name=\"twitter:data2\" content=\"2 minutes\" \/>\n<script type=\"application\/ld+json\" class=\"yoast-schema-graph\">{\"@context\":\"https:\\\/\\\/schema.org\",\"@graph\":[{\"@type\":\"Article\",\"@id\":\"https:\\\/\\\/www.aligro.ch\\\/pages\\\/fr\\\/news\\\/aligro-souffle-sa-centieme-bougie-cette-annee\\\/#article\",\"isPartOf\":{\"@id\":\"https:\\\/\\\/www.aligro.ch\\\/pages\\\/fr\\\/news\\\/aligro-souffle-sa-centieme-bougie-cette-annee\\\/\"},\"author\":{\"name\":\"Vincent Lavanchy\",\"@id\":\"https:\\\/\\\/www.aligro.ch\\\/pages\\\/#\\\/schema\\\/person\\\/abe4f4a53fec53a8dea10e43adbbe7e3\"},\"headline\":\"ALIGRO souffle sa centi\u00e8me bougie cette ann\u00e9e !\",\"datePublished\":\"2023-04-04T08:20:10+00:00\",\"mainEntityOfPage\":{\"@id\":\"https:\\\/\\\/www.aligro.ch\\\/pages\\\/fr\\\/news\\\/aligro-souffle-sa-centieme-bougie-cette-annee\\\/\"},\"wordCount\":387,\"publisher\":{\"@id\":\"https:\\\/\\\/www.aligro.ch\\\/pages\\\/#organization\"},\"image\":{\"@id\":\"https:\\\/\\\/www.aligro.ch\\\/pages\\\/fr\\\/news\\\/aligro-souffle-sa-centieme-bougie-cette-annee\\\/#primaryimage\"},\"thumbnailUrl\":\"https:\\\/\\\/www.aligro.ch\\\/pages\\\/wp-content\\\/uploads\\\/2023\\\/04\\\/BANDEAU_DemaurexFrereCamion-1.jpg\",\"articleSection\":[\"Autre\"],\"inLanguage\":\"fr-FR\"},{\"@type\":\"WebPage\",\"@id\":\"https:\\\/\\\/www.aligro.ch\\\/pages\\\/fr\\\/news\\\/aligro-souffle-sa-centieme-bougie-cette-annee\\\/\",\"url\":\"https:\\\/\\\/www.aligro.ch\\\/pages\\\/fr\\\/news\\\/aligro-souffle-sa-centieme-bougie-cette-annee\\\/\",\"name\":\"ALIGRO souffle sa centi\u00e8me bougie cette ann\u00e9e !\",\"isPartOf\":{\"@id\":\"https:\\\/\\\/www.aligro.ch\\\/pages\\\/#website\"},\"primaryImageOfPage\":{\"@id\":\"https:\\\/\\\/www.aligro.ch\\\/pages\\\/fr\\\/news\\\/aligro-souffle-sa-centieme-bougie-cette-annee\\\/#primaryimage\"},\"image\":{\"@id\":\"https:\\\/\\\/www.aligro.ch\\\/pages\\\/fr\\\/news\\\/aligro-souffle-sa-centieme-bougie-cette-annee\\\/#primaryimage\"},\"thumbnailUrl\":\"https:\\\/\\\/www.aligro.ch\\\/pages\\\/wp-content\\\/uploads\\\/2023\\\/04\\\/BANDEAU_DemaurexFrereCamion-1.jpg\",\"datePublished\":\"2023-04-04T08:20:10+00:00\",\"description\":\"L\u2019histoire de l\u2019entreprise familiale remonte \u00e0 1923, lorsque Paul et Ernest Demaurex cr\u00e9ent \u00ab Demaurex Fr\u00e8res \u00bb \u00e0 Morges. Cette ann\u00e9e, ALIGRO a donc le grand plaisir de souffler sa centi\u00e8me bougie !\",\"breadcrumb\":{\"@id\":\"https:\\\/\\\/www.aligro.ch\\\/pages\\\/fr\\\/news\\\/aligro-souffle-sa-centieme-bougie-cette-annee\\\/#breadcrumb\"},\"inLanguage\":\"fr-FR\",\"potentialAction\":[{\"@type\":\"ReadAction\",\"target\":[\"https:\\\/\\\/www.aligro.ch\\\/pages\\\/fr\\\/news\\\/aligro-souffle-sa-centieme-bougie-cette-annee\\\/\"]}]},{\"@type\":\"ImageObject\",\"inLanguage\":\"fr-FR\",\"@id\":\"https:\\\/\\\/www.aligro.ch\\\/pages\\\/fr\\\/news\\\/aligro-souffle-sa-centieme-bougie-cette-annee\\\/#primaryimage\",\"url\":\"https:\\\/\\\/www.aligro.ch\\\/pages\\\/wp-content\\\/uploads\\\/2023\\\/04\\\/BANDEAU_DemaurexFrereCamion-1.jpg\",\"contentUrl\":\"https:\\\/\\\/www.aligro.ch\\\/pages\\\/wp-content\\\/uploads\\\/2023\\\/04\\\/BANDEAU_DemaurexFrereCamion-1.jpg\",\"width\":1920,\"height\":1245},{\"@type\":\"BreadcrumbList\",\"@id\":\"https:\\\/\\\/www.aligro.ch\\\/pages\\\/fr\\\/news\\\/aligro-souffle-sa-centieme-bougie-cette-annee\\\/#breadcrumb\",\"itemListElement\":[{\"@type\":\"ListItem\",\"position\":1,\"name\":\"Accueil\",\"item\":\"https:\\\/\\\/www.aligro.ch\\\/pages\\\/de\\\/aligro-academy\\\/\"},{\"@type\":\"ListItem\",\"position\":2,\"name\":\"ALIGRO souffle sa centi\u00e8me bougie cette ann\u00e9e !\"}]},{\"@type\":\"WebSite\",\"@id\":\"https:\\\/\\\/www.aligro.ch\\\/pages\\\/#website\",\"url\":\"https:\\\/\\\/www.aligro.ch\\\/pages\\\/\",\"name\":\"ALIGRO\",\"description\":\"Fra\u00eecheur. Qualit\u00e9. Inspiration.\",\"publisher\":{\"@id\":\"https:\\\/\\\/www.aligro.ch\\\/pages\\\/#organization\"},\"potentialAction\":[{\"@type\":\"SearchAction\",\"target\":{\"@type\":\"EntryPoint\",\"urlTemplate\":\"https:\\\/\\\/www.aligro.ch\\\/pages\\\/?s={search_term_string}\"},\"query-input\":{\"@type\":\"PropertyValueSpecification\",\"valueRequired\":true,\"valueName\":\"search_term_string\"}}],\"inLanguage\":\"fr-FR\"},{\"@type\":\"Organization\",\"@id\":\"https:\\\/\\\/www.aligro.ch\\\/pages\\\/#organization\",\"name\":\"ALIGRO\",\"url\":\"https:\\\/\\\/www.aligro.ch\\\/pages\\\/\",\"logo\":{\"@type\":\"ImageObject\",\"inLanguage\":\"fr-FR\",\"@id\":\"https:\\\/\\\/www.aligro.ch\\\/pages\\\/#\\\/schema\\\/logo\\\/image\\\/\",\"url\":\"https:\\\/\\\/www.aligro.ch\\\/pages\\\/wp-content\\\/uploads\\\/2018\\\/10\\\/Logo@4x.png\",\"contentUrl\":\"https:\\\/\\\/www.aligro.ch\\\/pages\\\/wp-content\\\/uploads\\\/2018\\\/10\\\/Logo@4x.png\",\"width\":1831,\"height\":228,\"caption\":\"ALIGRO\"},\"image\":{\"@id\":\"https:\\\/\\\/www.aligro.ch\\\/pages\\\/#\\\/schema\\\/logo\\\/image\\\/\"},\"sameAs\":[\"https:\\\/\\\/fb.com\\\/aligrosuisse\"]},{\"@type\":\"Person\",\"@id\":\"https:\\\/\\\/www.aligro.ch\\\/pages\\\/#\\\/schema\\\/person\\\/abe4f4a53fec53a8dea10e43adbbe7e3\",\"name\":\"Vincent Lavanchy\",\"image\":{\"@type\":\"ImageObject\",\"inLanguage\":\"fr-FR\",\"@id\":\"https:\\\/\\\/secure.gravatar.com\\\/avatar\\\/0c26d4efb7d6ae3d3acfb21cea043eed07c8459ea7780b7c5d9d73543f0c4d2e?s=96&d=mm&r=g\",\"url\":\"https:\\\/\\\/secure.gravatar.com\\\/avatar\\\/0c26d4efb7d6ae3d3acfb21cea043eed07c8459ea7780b7c5d9d73543f0c4d2e?s=96&d=mm&r=g\",\"contentUrl\":\"https:\\\/\\\/secure.gravatar.com\\\/avatar\\\/0c26d4efb7d6ae3d3acfb21cea043eed07c8459ea7780b7c5d9d73543f0c4d2e?s=96&d=mm&r=g\",\"caption\":\"Vincent Lavanchy\"}}]}<\/script>\n<!-- \/ Yoast SEO plugin. -->","yoast_head_json":{"title":"ALIGRO souffle sa centi\u00e8me bougie cette ann\u00e9e !","description":"L\u2019histoire de l\u2019entreprise familiale remonte \u00e0 1923, lorsque Paul et Ernest Demaurex cr\u00e9ent \u00ab Demaurex Fr\u00e8res \u00bb \u00e0 Morges. Cette ann\u00e9e, ALIGRO a donc le grand plaisir de souffler sa centi\u00e8me bougie !","robots":{"index":"index","follow":"follow","max-snippet":"max-snippet:-1","max-image-preview":"max-image-preview:large","max-video-preview":"max-video-preview:-1"},"canonical":"https:\/\/www.aligro.ch\/pages\/fr\/news\/aligro-souffle-sa-centieme-bougie-cette-annee\/","og_locale":"fr_FR","og_type":"article","og_title":"ALIGRO souffle sa centi\u00e8me bougie cette ann\u00e9e !","og_description":"L\u2019histoire de l\u2019entreprise familiale remonte \u00e0 1923, lorsque Paul et Ernest Demaurex cr\u00e9ent \u00ab Demaurex Fr\u00e8res \u00bb \u00e0 Morges. Cette ann\u00e9e, ALIGRO a donc le grand plaisir de souffler sa centi\u00e8me bougie !","og_url":"https:\/\/www.aligro.ch\/pages\/fr\/news\/aligro-souffle-sa-centieme-bougie-cette-annee\/","og_site_name":"ALIGRO","article_publisher":"https:\/\/fb.com\/aligrosuisse","article_published_time":"2023-04-04T08:20:10+00:00","og_image":[{"width":1920,"height":1245,"url":"https:\/\/www.aligro.ch\/pages\/wp-content\/uploads\/2023\/04\/BANDEAU_DemaurexFrereCamion-1.jpg","type":"image\/jpeg"}],"author":"Vincent Lavanchy","twitter_card":"summary_large_image","twitter_misc":{"\u00c9crit par":"Vincent Lavanchy","Dur\u00e9e de lecture estim\u00e9e":"2 minutes"},"schema":{"@context":"https:\/\/schema.org","@graph":[{"@type":"Article","@id":"https:\/\/www.aligro.ch\/pages\/fr\/news\/aligro-souffle-sa-centieme-bougie-cette-annee\/#article","isPartOf":{"@id":"https:\/\/www.aligro.ch\/pages\/fr\/news\/aligro-souffle-sa-centieme-bougie-cette-annee\/"},"author":{"name":"Vincent Lavanchy","@id":"https:\/\/www.aligro.ch\/pages\/#\/schema\/person\/abe4f4a53fec53a8dea10e43adbbe7e3"},"headline":"ALIGRO souffle sa centi\u00e8me bougie cette ann\u00e9e !","datePublished":"2023-04-04T08:20:10+00:00","mainEntityOfPage":{"@id":"https:\/\/www.aligro.ch\/pages\/fr\/news\/aligro-souffle-sa-centieme-bougie-cette-annee\/"},"wordCount":387,"publisher":{"@id":"https:\/\/www.aligro.ch\/pages\/#organization"},"image":{"@id":"https:\/\/www.aligro.ch\/pages\/fr\/news\/aligro-souffle-sa-centieme-bougie-cette-annee\/#primaryimage"},"thumbnailUrl":"https:\/\/www.aligro.ch\/pages\/wp-content\/uploads\/2023\/04\/BANDEAU_DemaurexFrereCamion-1.jpg","articleSection":["Autre"],"inLanguage":"fr-FR"},{"@type":"WebPage","@id":"https:\/\/www.aligro.ch\/pages\/fr\/news\/aligro-souffle-sa-centieme-bougie-cette-annee\/","url":"https:\/\/www.aligro.ch\/pages\/fr\/news\/aligro-souffle-sa-centieme-bougie-cette-annee\/","name":"ALIGRO souffle sa centi\u00e8me bougie cette ann\u00e9e !","isPartOf":{"@id":"https:\/\/www.aligro.ch\/pages\/#website"},"primaryImageOfPage":{"@id":"https:\/\/www.aligro.ch\/pages\/fr\/news\/aligro-souffle-sa-centieme-bougie-cette-annee\/#primaryimage"},"image":{"@id":"https:\/\/www.aligro.ch\/pages\/fr\/news\/aligro-souffle-sa-centieme-bougie-cette-annee\/#primaryimage"},"thumbnailUrl":"https:\/\/www.aligro.ch\/pages\/wp-content\/uploads\/2023\/04\/BANDEAU_DemaurexFrereCamion-1.jpg","datePublished":"2023-04-04T08:20:10+00:00","description":"L\u2019histoire de l\u2019entreprise familiale remonte \u00e0 1923, lorsque Paul et Ernest Demaurex cr\u00e9ent \u00ab Demaurex Fr\u00e8res \u00bb \u00e0 Morges. Cette ann\u00e9e, ALIGRO a donc le grand plaisir de souffler sa centi\u00e8me bougie !","breadcrumb":{"@id":"https:\/\/www.aligro.ch\/pages\/fr\/news\/aligro-souffle-sa-centieme-bougie-cette-annee\/#breadcrumb"},"inLanguage":"fr-FR","potentialAction":[{"@type":"ReadAction","target":["https:\/\/www.aligro.ch\/pages\/fr\/news\/aligro-souffle-sa-centieme-bougie-cette-annee\/"]}]},{"@type":"ImageObject","inLanguage":"fr-FR","@id":"https:\/\/www.aligro.ch\/pages\/fr\/news\/aligro-souffle-sa-centieme-bougie-cette-annee\/#primaryimage","url":"https:\/\/www.aligro.ch\/pages\/wp-content\/uploads\/2023\/04\/BANDEAU_DemaurexFrereCamion-1.jpg","contentUrl":"https:\/\/www.aligro.ch\/pages\/wp-content\/uploads\/2023\/04\/BANDEAU_DemaurexFrereCamion-1.jpg","width":1920,"height":1245},{"@type":"BreadcrumbList","@id":"https:\/\/www.aligro.ch\/pages\/fr\/news\/aligro-souffle-sa-centieme-bougie-cette-annee\/#breadcrumb","itemListElement":[{"@type":"ListItem","position":1,"name":"Accueil","item":"https:\/\/www.aligro.ch\/pages\/de\/aligro-academy\/"},{"@type":"ListItem","position":2,"name":"ALIGRO souffle sa centi\u00e8me bougie cette ann\u00e9e !"}]},{"@type":"WebSite","@id":"https:\/\/www.aligro.ch\/pages\/#website","url":"https:\/\/www.aligro.ch\/pages\/","name":"ALIGRO","description":"Fra\u00eecheur. Qualit\u00e9. Inspiration.","publisher":{"@id":"https:\/\/www.aligro.ch\/pages\/#organization"},"potentialAction":[{"@type":"SearchAction","target":{"@type":"EntryPoint","urlTemplate":"https:\/\/www.aligro.ch\/pages\/?s={search_term_string}"},"query-input":{"@type":"PropertyValueSpecification","valueRequired":true,"valueName":"search_term_string"}}],"inLanguage":"fr-FR"},{"@type":"Organization","@id":"https:\/\/www.aligro.ch\/pages\/#organization","name":"ALIGRO","url":"https:\/\/www.aligro.ch\/pages\/","logo":{"@type":"ImageObject","inLanguage":"fr-FR","@id":"https:\/\/www.aligro.ch\/pages\/#\/schema\/logo\/image\/","url":"https:\/\/www.aligro.ch\/pages\/wp-content\/uploads\/2018\/10\/Logo@4x.png","contentUrl":"https:\/\/www.aligro.ch\/pages\/wp-content\/uploads\/2018\/10\/Logo@4x.png","width":1831,"height":228,"caption":"ALIGRO"},"image":{"@id":"https:\/\/www.aligro.ch\/pages\/#\/schema\/logo\/image\/"},"sameAs":["https:\/\/fb.com\/aligrosuisse"]},{"@type":"Person","@id":"https:\/\/www.aligro.ch\/pages\/#\/schema\/person\/abe4f4a53fec53a8dea10e43adbbe7e3","name":"Vincent Lavanchy","image":{"@type":"ImageObject","inLanguage":"fr-FR","@id":"https:\/\/secure.gravatar.com\/avatar\/0c26d4efb7d6ae3d3acfb21cea043eed07c8459ea7780b7c5d9d73543f0c4d2e?s=96&d=mm&r=g","url":"https:\/\/secure.gravatar.com\/avatar\/0c26d4efb7d6ae3d3acfb21cea043eed07c8459ea7780b7c5d9d73543f0c4d2e?s=96&d=mm&r=g","contentUrl":"https:\/\/secure.gravatar.com\/avatar\/0c26d4efb7d6ae3d3acfb21cea043eed07c8459ea7780b7c5d9d73543f0c4d2e?s=96&d=mm&r=g","caption":"Vincent Lavanchy"}}]}},"_links":{"self":[{"href":"https:\/\/www.aligro.ch\/pages\/wp-json\/wp\/v2\/posts\/63684","targetHints":{"allow":["GET"]}}],"collection":[{"href":"https:\/\/www.aligro.ch\/pages\/wp-json\/wp\/v2\/posts"}],"about":[{"href":"https:\/\/www.aligro.ch\/pages\/wp-json\/wp\/v2\/types\/post"}],"author":[{"embeddable":true,"href":"https:\/\/www.aligro.ch\/pages\/wp-json\/wp\/v2\/users\/9"}],"replies":[{"embeddable":true,"href":"https:\/\/www.aligro.ch\/pages\/wp-json\/wp\/v2\/comments?post=63684"}],"version-history":[{"count":1,"href":"https:\/\/www.aligro.ch\/pages\/wp-json\/wp\/v2\/posts\/63684\/revisions"}],"predecessor-version":[{"id":63685,"href":"https:\/\/www.aligro.ch\/pages\/wp-json\/wp\/v2\/posts\/63684\/revisions\/63685"}],"wp:featuredmedia":[{"embeddable":true,"href":"https:\/\/www.aligro.ch\/pages\/wp-json\/wp\/v2\/media\/63689"}],"wp:attachment":[{"href":"https:\/\/www.aligro.ch\/pages\/wp-json\/wp\/v2\/media?parent=63684"}],"wp:term":[{"taxonomy":"category","embeddable":true,"href":"https:\/\/www.aligro.ch\/pages\/wp-json\/wp\/v2\/categories?post=63684"},{"taxonomy":"post_tag","embeddable":true,"href":"https:\/\/www.aligro.ch\/pages\/wp-json\/wp\/v2\/tags?post=63684"}],"curies":[{"name":"wp","href":"https:\/\/api.w.org\/{rel}","templated":true}]}}