{"id":63683,"date":"2023-04-04T10:20:12","date_gmt":"2023-04-04T08:20:12","guid":{"rendered":"https:\/\/www.aligro.ch\/pages\/?p=63683"},"modified":"2023-04-12T10:18:39","modified_gmt":"2023-04-12T08:18:39","slug":"aligro-blaest-dieses-jahr-ihre-hundertste-kerze-aus","status":"publish","type":"post","link":"https:\/\/www.aligro.ch\/pages\/de\/news\/aligro-blaest-dieses-jahr-ihre-hundertste-kerze-aus\/","title":{"rendered":"ALIGRO bl\u00e4st dieses Jahr ihre hundertste Kerze aus!"},"content":{"rendered":"<div class=\"wpb-content-wrapper\"><p>[vc_row][vc_column][vc_column_text]Die Geschichte des Familienunternehmens reicht bis ins Jahr 1923 zur\u00fcck, als Paul und Ernest Demaurex \u00ab\u00a0Demaurex Fr\u00e8res\u00a0\u00bb in Morges gr\u00fcndeten. Zuvor hatte Aline Demaurex, ihre Mutter, den Dorfladen in Gilly (VD) \u00fcbernommen und an sie weitergegeben. Dieses Jahr hat ALIGRO das grosse Vergn\u00fcgen, ihre hundertste Kerze auszublasen!<\/p>\n<p>1966 wurde der erste ALIGRO-Markt in Genf auf Initiative von Pierre Demaurex, dem Sohn von Ernest und Vater der heutigen Besitzer, ins Leben gerufen. Wof\u00fcr steht \u00ab\u00a0ALIGRO\u00a0\u00bb? F\u00fcr ALImentation de GROs auf Franz\u00f6sisch \u2013 also Lebensmittelgrosshandel auf Deutsch. Drei Jahre sp\u00e4ter entstand ein zweiter Markt in Chavannes-Renens (VD), dem heutigen Sitz des Unternehmens.<\/p>\n<p>Etienne und Dominique, die S\u00f6hne von Pierre Demaurex, \u00fcbernahmen das Unternehmen 1992, wobei sie das Familienmotto \u00ab\u00a0Wir sind immer f\u00fcr Sie da\u00a0\u00bb sorgf\u00e4ltig im Auge behielten. Das Unternehmen modernisiert sich und vergr\u00f6ssert die ALIGRO-M\u00e4rkte, indem es die Frischwarenbereiche weiter ausbaut, Fischabteilungen mit Bedienung und handwerklich betriebene B\u00e4ckereien er\u00f6ffnet. Der Markt in Sion (VS) wird 2005 und die M\u00e4rkte in Matran (FR) und Schlieren (ZH) 2012 er\u00f6ffnet.<\/p>\n<p>2017 \u00fcbernimmt ALIGRO das Unternehmen Cash&amp;Carry Angehrn mit 360 Mitarbeitenden und 9 Verkaufsstellen, die sich alle in der Deutschschweiz befinden. Deren Modernisierung beginnt 2018 und die Standorte Rapperswil-Jona, Bern, Br\u00fcttisellen und zuletzt Wangs-Sargans sind heute vollst\u00e4ndig renoviert und brandneu.<\/p>\n<p>Mit \u00fcber 1000 Mitarbeitenden und 14 Verkaufsstellen in der Deutschschweiz und der Romandie, die sich alle an strategischen Standorten mit bedeutenden Wachstumsaussichten befinden, bietet ALIGRO ein einzigartiges Sortiment an Lebensmitteln zu sehr wettbewerbsf\u00e4higen Preisen an. Das ALIGRO-Konzept ist in der Schweiz einzigartig und richtet sich in erster Linie an Gastronomen und Einzelh\u00e4ndler. ALIGRO legt seit jeher grossem Wert auf eine ausgezeichnete Kundenberatung und einen hervorragenden Service. Deshalb kommen die meisten Mitarbeitenden in den verschiedenen Abteilungen aus der Lebensmittelbranche: K\u00f6che, Metzger oder B\u00e4cker. Das Personal am Empfang und an der Kasse freut sich einen aufmerksamen und pers\u00f6nlichen Service anzubieten.<\/p>\n<p>Erfahren Sie mehr \u00fcber die Geschichte des Unternehmens, <a href=\"https:\/\/www.aligro.ch\/pages\/de\/unternehmen\/ueber-aligro-die-geschichte-eines-unabhaengigen-schweizer-familienunternehmens\/\">indem Sie die Seite \u00ab\u00a0\u00dcber ALIGRO\u00a0\u00bb besuchen.<\/a>[\/vc_column_text][\/vc_column][\/vc_row]<\/p>\n<\/div>","protected":false},"excerpt":{"rendered":"<p>[vc_row][vc_column][vc_column_text]Die Geschichte des Familienunternehmens reicht bis ins Jahr 1923 zur\u00fcck, als Paul und Ernest Demaurex \u00ab\u00a0Demaurex Fr\u00e8res\u00a0\u00bb in<a class=\"moretag\" href=\"https:\/\/www.aligro.ch\/pages\/de\/news\/aligro-blaest-dieses-jahr-ihre-hundertste-kerze-aus\/\"> &#8230;<\/a><\/p>\n","protected":false},"author":9,"featured_media":63688,"comment_status":"closed","ping_status":"closed","sticky":false,"template":"","format":"standard","meta":{"_acf_changed":false,"footnotes":""},"categories":[7],"tags":[],"class_list":["post-63683","post","type-post","status-publish","format-standard","has-post-thumbnail","hentry","category-andere"],"acf":[],"yoast_head":"<!-- This site is optimized with the Yoast SEO plugin v27.4 - https:\/\/yoast.com\/product\/yoast-seo-wordpress\/ -->\n<title>ALIGRO bl\u00e4st dieses Jahr ihre hundertste Kerze aus!<\/title>\n<meta name=\"description\" content=\"Die Geschichte des Familienunternehmens reicht bis ins Jahr 1923 zur\u00fcck, als Paul und Ernest Demaurex &quot;Demaurex Fr\u00e8res&quot; in Morges gr\u00fcndeten. Dieses Jahr hat ALIGRO das grosse Vergn\u00fcgen, ihre hundertste Kerze auszublasen!\" \/>\n<meta name=\"robots\" content=\"index, follow, max-snippet:-1, max-image-preview:large, max-video-preview:-1\" \/>\n<link rel=\"canonical\" href=\"https:\/\/www.aligro.ch\/pages\/de\/news\/aligro-blaest-dieses-jahr-ihre-hundertste-kerze-aus\/\" \/>\n<meta property=\"og:locale\" content=\"fr_FR\" \/>\n<meta property=\"og:type\" content=\"article\" \/>\n<meta property=\"og:title\" content=\"ALIGRO bl\u00e4st dieses Jahr ihre hundertste Kerze aus!\" \/>\n<meta property=\"og:description\" content=\"Die Geschichte des Familienunternehmens reicht bis ins Jahr 1923 zur\u00fcck, als Paul und Ernest Demaurex &quot;Demaurex Fr\u00e8res&quot; in Morges gr\u00fcndeten. Dieses Jahr hat ALIGRO das grosse Vergn\u00fcgen, ihre hundertste Kerze auszublasen!\" \/>\n<meta property=\"og:url\" content=\"https:\/\/www.aligro.ch\/pages\/de\/news\/aligro-blaest-dieses-jahr-ihre-hundertste-kerze-aus\/\" \/>\n<meta property=\"og:site_name\" content=\"ALIGRO\" \/>\n<meta property=\"article:publisher\" content=\"https:\/\/fb.com\/aligrosuisse\" \/>\n<meta property=\"article:published_time\" content=\"2023-04-04T08:20:12+00:00\" \/>\n<meta property=\"article:modified_time\" content=\"2023-04-12T08:18:39+00:00\" \/>\n<meta property=\"og:image\" content=\"https:\/\/www.aligro.ch\/pages\/wp-content\/uploads\/2023\/04\/BANDEAU_DemaurexFrereCamion.jpg\" \/>\n\t<meta property=\"og:image:width\" content=\"1920\" \/>\n\t<meta property=\"og:image:height\" content=\"1245\" \/>\n\t<meta property=\"og:image:type\" content=\"image\/jpeg\" \/>\n<meta name=\"author\" content=\"Vincent Lavanchy\" \/>\n<meta name=\"twitter:card\" content=\"summary_large_image\" \/>\n<meta name=\"twitter:label1\" content=\"\u00c9crit par\" \/>\n\t<meta name=\"twitter:data1\" content=\"Vincent Lavanchy\" \/>\n\t<meta name=\"twitter:label2\" content=\"Dur\u00e9e de lecture estim\u00e9e\" \/>\n\t<meta name=\"twitter:data2\" content=\"2 minutes\" \/>\n<script type=\"application\/ld+json\" class=\"yoast-schema-graph\">{\"@context\":\"https:\\\/\\\/schema.org\",\"@graph\":[{\"@type\":\"Article\",\"@id\":\"https:\\\/\\\/www.aligro.ch\\\/pages\\\/de\\\/news\\\/aligro-blaest-dieses-jahr-ihre-hundertste-kerze-aus\\\/#article\",\"isPartOf\":{\"@id\":\"https:\\\/\\\/www.aligro.ch\\\/pages\\\/de\\\/news\\\/aligro-blaest-dieses-jahr-ihre-hundertste-kerze-aus\\\/\"},\"author\":{\"name\":\"Vincent Lavanchy\",\"@id\":\"https:\\\/\\\/www.aligro.ch\\\/pages\\\/#\\\/schema\\\/person\\\/abe4f4a53fec53a8dea10e43adbbe7e3\"},\"headline\":\"ALIGRO bl\u00e4st dieses Jahr ihre hundertste Kerze aus!\",\"datePublished\":\"2023-04-04T08:20:12+00:00\",\"dateModified\":\"2023-04-12T08:18:39+00:00\",\"mainEntityOfPage\":{\"@id\":\"https:\\\/\\\/www.aligro.ch\\\/pages\\\/de\\\/news\\\/aligro-blaest-dieses-jahr-ihre-hundertste-kerze-aus\\\/\"},\"wordCount\":355,\"publisher\":{\"@id\":\"https:\\\/\\\/www.aligro.ch\\\/pages\\\/#organization\"},\"image\":{\"@id\":\"https:\\\/\\\/www.aligro.ch\\\/pages\\\/de\\\/news\\\/aligro-blaest-dieses-jahr-ihre-hundertste-kerze-aus\\\/#primaryimage\"},\"thumbnailUrl\":\"https:\\\/\\\/www.aligro.ch\\\/pages\\\/wp-content\\\/uploads\\\/2023\\\/04\\\/BANDEAU_DemaurexFrereCamion.jpg\",\"articleSection\":[\"Andere\"],\"inLanguage\":\"fr-FR\"},{\"@type\":\"WebPage\",\"@id\":\"https:\\\/\\\/www.aligro.ch\\\/pages\\\/de\\\/news\\\/aligro-blaest-dieses-jahr-ihre-hundertste-kerze-aus\\\/\",\"url\":\"https:\\\/\\\/www.aligro.ch\\\/pages\\\/de\\\/news\\\/aligro-blaest-dieses-jahr-ihre-hundertste-kerze-aus\\\/\",\"name\":\"ALIGRO bl\u00e4st dieses Jahr ihre hundertste Kerze aus!\",\"isPartOf\":{\"@id\":\"https:\\\/\\\/www.aligro.ch\\\/pages\\\/#website\"},\"primaryImageOfPage\":{\"@id\":\"https:\\\/\\\/www.aligro.ch\\\/pages\\\/de\\\/news\\\/aligro-blaest-dieses-jahr-ihre-hundertste-kerze-aus\\\/#primaryimage\"},\"image\":{\"@id\":\"https:\\\/\\\/www.aligro.ch\\\/pages\\\/de\\\/news\\\/aligro-blaest-dieses-jahr-ihre-hundertste-kerze-aus\\\/#primaryimage\"},\"thumbnailUrl\":\"https:\\\/\\\/www.aligro.ch\\\/pages\\\/wp-content\\\/uploads\\\/2023\\\/04\\\/BANDEAU_DemaurexFrereCamion.jpg\",\"datePublished\":\"2023-04-04T08:20:12+00:00\",\"dateModified\":\"2023-04-12T08:18:39+00:00\",\"description\":\"Die Geschichte des Familienunternehmens reicht bis ins Jahr 1923 zur\u00fcck, als Paul und Ernest Demaurex \\\"Demaurex Fr\u00e8res\\\" in Morges gr\u00fcndeten. Dieses Jahr hat ALIGRO das grosse Vergn\u00fcgen, ihre hundertste Kerze auszublasen!\",\"breadcrumb\":{\"@id\":\"https:\\\/\\\/www.aligro.ch\\\/pages\\\/de\\\/news\\\/aligro-blaest-dieses-jahr-ihre-hundertste-kerze-aus\\\/#breadcrumb\"},\"inLanguage\":\"fr-FR\",\"potentialAction\":[{\"@type\":\"ReadAction\",\"target\":[\"https:\\\/\\\/www.aligro.ch\\\/pages\\\/de\\\/news\\\/aligro-blaest-dieses-jahr-ihre-hundertste-kerze-aus\\\/\"]}]},{\"@type\":\"ImageObject\",\"inLanguage\":\"fr-FR\",\"@id\":\"https:\\\/\\\/www.aligro.ch\\\/pages\\\/de\\\/news\\\/aligro-blaest-dieses-jahr-ihre-hundertste-kerze-aus\\\/#primaryimage\",\"url\":\"https:\\\/\\\/www.aligro.ch\\\/pages\\\/wp-content\\\/uploads\\\/2023\\\/04\\\/BANDEAU_DemaurexFrereCamion.jpg\",\"contentUrl\":\"https:\\\/\\\/www.aligro.ch\\\/pages\\\/wp-content\\\/uploads\\\/2023\\\/04\\\/BANDEAU_DemaurexFrereCamion.jpg\",\"width\":1920,\"height\":1245},{\"@type\":\"BreadcrumbList\",\"@id\":\"https:\\\/\\\/www.aligro.ch\\\/pages\\\/de\\\/news\\\/aligro-blaest-dieses-jahr-ihre-hundertste-kerze-aus\\\/#breadcrumb\",\"itemListElement\":[{\"@type\":\"ListItem\",\"position\":1,\"name\":\"Accueil\",\"item\":\"https:\\\/\\\/www.aligro.ch\\\/pages\\\/de\\\/aligro-academy\\\/\"},{\"@type\":\"ListItem\",\"position\":2,\"name\":\"ALIGRO bl\u00e4st dieses Jahr ihre hundertste Kerze aus!\"}]},{\"@type\":\"WebSite\",\"@id\":\"https:\\\/\\\/www.aligro.ch\\\/pages\\\/#website\",\"url\":\"https:\\\/\\\/www.aligro.ch\\\/pages\\\/\",\"name\":\"ALIGRO\",\"description\":\"Fra\u00eecheur. Qualit\u00e9. Inspiration.\",\"publisher\":{\"@id\":\"https:\\\/\\\/www.aligro.ch\\\/pages\\\/#organization\"},\"potentialAction\":[{\"@type\":\"SearchAction\",\"target\":{\"@type\":\"EntryPoint\",\"urlTemplate\":\"https:\\\/\\\/www.aligro.ch\\\/pages\\\/?s={search_term_string}\"},\"query-input\":{\"@type\":\"PropertyValueSpecification\",\"valueRequired\":true,\"valueName\":\"search_term_string\"}}],\"inLanguage\":\"fr-FR\"},{\"@type\":\"Organization\",\"@id\":\"https:\\\/\\\/www.aligro.ch\\\/pages\\\/#organization\",\"name\":\"ALIGRO\",\"url\":\"https:\\\/\\\/www.aligro.ch\\\/pages\\\/\",\"logo\":{\"@type\":\"ImageObject\",\"inLanguage\":\"fr-FR\",\"@id\":\"https:\\\/\\\/www.aligro.ch\\\/pages\\\/#\\\/schema\\\/logo\\\/image\\\/\",\"url\":\"https:\\\/\\\/www.aligro.ch\\\/pages\\\/wp-content\\\/uploads\\\/2018\\\/10\\\/Logo@4x.png\",\"contentUrl\":\"https:\\\/\\\/www.aligro.ch\\\/pages\\\/wp-content\\\/uploads\\\/2018\\\/10\\\/Logo@4x.png\",\"width\":1831,\"height\":228,\"caption\":\"ALIGRO\"},\"image\":{\"@id\":\"https:\\\/\\\/www.aligro.ch\\\/pages\\\/#\\\/schema\\\/logo\\\/image\\\/\"},\"sameAs\":[\"https:\\\/\\\/fb.com\\\/aligrosuisse\"]},{\"@type\":\"Person\",\"@id\":\"https:\\\/\\\/www.aligro.ch\\\/pages\\\/#\\\/schema\\\/person\\\/abe4f4a53fec53a8dea10e43adbbe7e3\",\"name\":\"Vincent Lavanchy\",\"image\":{\"@type\":\"ImageObject\",\"inLanguage\":\"fr-FR\",\"@id\":\"https:\\\/\\\/secure.gravatar.com\\\/avatar\\\/0c26d4efb7d6ae3d3acfb21cea043eed07c8459ea7780b7c5d9d73543f0c4d2e?s=96&d=mm&r=g\",\"url\":\"https:\\\/\\\/secure.gravatar.com\\\/avatar\\\/0c26d4efb7d6ae3d3acfb21cea043eed07c8459ea7780b7c5d9d73543f0c4d2e?s=96&d=mm&r=g\",\"contentUrl\":\"https:\\\/\\\/secure.gravatar.com\\\/avatar\\\/0c26d4efb7d6ae3d3acfb21cea043eed07c8459ea7780b7c5d9d73543f0c4d2e?s=96&d=mm&r=g\",\"caption\":\"Vincent Lavanchy\"}}]}<\/script>\n<!-- \/ Yoast SEO plugin. -->","yoast_head_json":{"title":"ALIGRO bl\u00e4st dieses Jahr ihre hundertste Kerze aus!","description":"Die Geschichte des Familienunternehmens reicht bis ins Jahr 1923 zur\u00fcck, als Paul und Ernest Demaurex \"Demaurex Fr\u00e8res\" in Morges gr\u00fcndeten. Dieses Jahr hat ALIGRO das grosse Vergn\u00fcgen, ihre hundertste Kerze auszublasen!","robots":{"index":"index","follow":"follow","max-snippet":"max-snippet:-1","max-image-preview":"max-image-preview:large","max-video-preview":"max-video-preview:-1"},"canonical":"https:\/\/www.aligro.ch\/pages\/de\/news\/aligro-blaest-dieses-jahr-ihre-hundertste-kerze-aus\/","og_locale":"fr_FR","og_type":"article","og_title":"ALIGRO bl\u00e4st dieses Jahr ihre hundertste Kerze aus!","og_description":"Die Geschichte des Familienunternehmens reicht bis ins Jahr 1923 zur\u00fcck, als Paul und Ernest Demaurex \"Demaurex Fr\u00e8res\" in Morges gr\u00fcndeten. Dieses Jahr hat ALIGRO das grosse Vergn\u00fcgen, ihre hundertste Kerze auszublasen!","og_url":"https:\/\/www.aligro.ch\/pages\/de\/news\/aligro-blaest-dieses-jahr-ihre-hundertste-kerze-aus\/","og_site_name":"ALIGRO","article_publisher":"https:\/\/fb.com\/aligrosuisse","article_published_time":"2023-04-04T08:20:12+00:00","article_modified_time":"2023-04-12T08:18:39+00:00","og_image":[{"width":1920,"height":1245,"url":"https:\/\/www.aligro.ch\/pages\/wp-content\/uploads\/2023\/04\/BANDEAU_DemaurexFrereCamion.jpg","type":"image\/jpeg"}],"author":"Vincent Lavanchy","twitter_card":"summary_large_image","twitter_misc":{"\u00c9crit par":"Vincent Lavanchy","Dur\u00e9e de lecture estim\u00e9e":"2 minutes"},"schema":{"@context":"https:\/\/schema.org","@graph":[{"@type":"Article","@id":"https:\/\/www.aligro.ch\/pages\/de\/news\/aligro-blaest-dieses-jahr-ihre-hundertste-kerze-aus\/#article","isPartOf":{"@id":"https:\/\/www.aligro.ch\/pages\/de\/news\/aligro-blaest-dieses-jahr-ihre-hundertste-kerze-aus\/"},"author":{"name":"Vincent Lavanchy","@id":"https:\/\/www.aligro.ch\/pages\/#\/schema\/person\/abe4f4a53fec53a8dea10e43adbbe7e3"},"headline":"ALIGRO bl\u00e4st dieses Jahr ihre hundertste Kerze aus!","datePublished":"2023-04-04T08:20:12+00:00","dateModified":"2023-04-12T08:18:39+00:00","mainEntityOfPage":{"@id":"https:\/\/www.aligro.ch\/pages\/de\/news\/aligro-blaest-dieses-jahr-ihre-hundertste-kerze-aus\/"},"wordCount":355,"publisher":{"@id":"https:\/\/www.aligro.ch\/pages\/#organization"},"image":{"@id":"https:\/\/www.aligro.ch\/pages\/de\/news\/aligro-blaest-dieses-jahr-ihre-hundertste-kerze-aus\/#primaryimage"},"thumbnailUrl":"https:\/\/www.aligro.ch\/pages\/wp-content\/uploads\/2023\/04\/BANDEAU_DemaurexFrereCamion.jpg","articleSection":["Andere"],"inLanguage":"fr-FR"},{"@type":"WebPage","@id":"https:\/\/www.aligro.ch\/pages\/de\/news\/aligro-blaest-dieses-jahr-ihre-hundertste-kerze-aus\/","url":"https:\/\/www.aligro.ch\/pages\/de\/news\/aligro-blaest-dieses-jahr-ihre-hundertste-kerze-aus\/","name":"ALIGRO bl\u00e4st dieses Jahr ihre hundertste Kerze aus!","isPartOf":{"@id":"https:\/\/www.aligro.ch\/pages\/#website"},"primaryImageOfPage":{"@id":"https:\/\/www.aligro.ch\/pages\/de\/news\/aligro-blaest-dieses-jahr-ihre-hundertste-kerze-aus\/#primaryimage"},"image":{"@id":"https:\/\/www.aligro.ch\/pages\/de\/news\/aligro-blaest-dieses-jahr-ihre-hundertste-kerze-aus\/#primaryimage"},"thumbnailUrl":"https:\/\/www.aligro.ch\/pages\/wp-content\/uploads\/2023\/04\/BANDEAU_DemaurexFrereCamion.jpg","datePublished":"2023-04-04T08:20:12+00:00","dateModified":"2023-04-12T08:18:39+00:00","description":"Die Geschichte des Familienunternehmens reicht bis ins Jahr 1923 zur\u00fcck, als Paul und Ernest Demaurex \"Demaurex Fr\u00e8res\" in Morges gr\u00fcndeten. Dieses Jahr hat ALIGRO das grosse Vergn\u00fcgen, ihre hundertste Kerze auszublasen!","breadcrumb":{"@id":"https:\/\/www.aligro.ch\/pages\/de\/news\/aligro-blaest-dieses-jahr-ihre-hundertste-kerze-aus\/#breadcrumb"},"inLanguage":"fr-FR","potentialAction":[{"@type":"ReadAction","target":["https:\/\/www.aligro.ch\/pages\/de\/news\/aligro-blaest-dieses-jahr-ihre-hundertste-kerze-aus\/"]}]},{"@type":"ImageObject","inLanguage":"fr-FR","@id":"https:\/\/www.aligro.ch\/pages\/de\/news\/aligro-blaest-dieses-jahr-ihre-hundertste-kerze-aus\/#primaryimage","url":"https:\/\/www.aligro.ch\/pages\/wp-content\/uploads\/2023\/04\/BANDEAU_DemaurexFrereCamion.jpg","contentUrl":"https:\/\/www.aligro.ch\/pages\/wp-content\/uploads\/2023\/04\/BANDEAU_DemaurexFrereCamion.jpg","width":1920,"height":1245},{"@type":"BreadcrumbList","@id":"https:\/\/www.aligro.ch\/pages\/de\/news\/aligro-blaest-dieses-jahr-ihre-hundertste-kerze-aus\/#breadcrumb","itemListElement":[{"@type":"ListItem","position":1,"name":"Accueil","item":"https:\/\/www.aligro.ch\/pages\/de\/aligro-academy\/"},{"@type":"ListItem","position":2,"name":"ALIGRO bl\u00e4st dieses Jahr ihre hundertste Kerze aus!"}]},{"@type":"WebSite","@id":"https:\/\/www.aligro.ch\/pages\/#website","url":"https:\/\/www.aligro.ch\/pages\/","name":"ALIGRO","description":"Fra\u00eecheur. Qualit\u00e9. Inspiration.","publisher":{"@id":"https:\/\/www.aligro.ch\/pages\/#organization"},"potentialAction":[{"@type":"SearchAction","target":{"@type":"EntryPoint","urlTemplate":"https:\/\/www.aligro.ch\/pages\/?s={search_term_string}"},"query-input":{"@type":"PropertyValueSpecification","valueRequired":true,"valueName":"search_term_string"}}],"inLanguage":"fr-FR"},{"@type":"Organization","@id":"https:\/\/www.aligro.ch\/pages\/#organization","name":"ALIGRO","url":"https:\/\/www.aligro.ch\/pages\/","logo":{"@type":"ImageObject","inLanguage":"fr-FR","@id":"https:\/\/www.aligro.ch\/pages\/#\/schema\/logo\/image\/","url":"https:\/\/www.aligro.ch\/pages\/wp-content\/uploads\/2018\/10\/Logo@4x.png","contentUrl":"https:\/\/www.aligro.ch\/pages\/wp-content\/uploads\/2018\/10\/Logo@4x.png","width":1831,"height":228,"caption":"ALIGRO"},"image":{"@id":"https:\/\/www.aligro.ch\/pages\/#\/schema\/logo\/image\/"},"sameAs":["https:\/\/fb.com\/aligrosuisse"]},{"@type":"Person","@id":"https:\/\/www.aligro.ch\/pages\/#\/schema\/person\/abe4f4a53fec53a8dea10e43adbbe7e3","name":"Vincent Lavanchy","image":{"@type":"ImageObject","inLanguage":"fr-FR","@id":"https:\/\/secure.gravatar.com\/avatar\/0c26d4efb7d6ae3d3acfb21cea043eed07c8459ea7780b7c5d9d73543f0c4d2e?s=96&d=mm&r=g","url":"https:\/\/secure.gravatar.com\/avatar\/0c26d4efb7d6ae3d3acfb21cea043eed07c8459ea7780b7c5d9d73543f0c4d2e?s=96&d=mm&r=g","contentUrl":"https:\/\/secure.gravatar.com\/avatar\/0c26d4efb7d6ae3d3acfb21cea043eed07c8459ea7780b7c5d9d73543f0c4d2e?s=96&d=mm&r=g","caption":"Vincent Lavanchy"}}]}},"_links":{"self":[{"href":"https:\/\/www.aligro.ch\/pages\/wp-json\/wp\/v2\/posts\/63683","targetHints":{"allow":["GET"]}}],"collection":[{"href":"https:\/\/www.aligro.ch\/pages\/wp-json\/wp\/v2\/posts"}],"about":[{"href":"https:\/\/www.aligro.ch\/pages\/wp-json\/wp\/v2\/types\/post"}],"author":[{"embeddable":true,"href":"https:\/\/www.aligro.ch\/pages\/wp-json\/wp\/v2\/users\/9"}],"replies":[{"embeddable":true,"href":"https:\/\/www.aligro.ch\/pages\/wp-json\/wp\/v2\/comments?post=63683"}],"version-history":[{"count":3,"href":"https:\/\/www.aligro.ch\/pages\/wp-json\/wp\/v2\/posts\/63683\/revisions"}],"predecessor-version":[{"id":63859,"href":"https:\/\/www.aligro.ch\/pages\/wp-json\/wp\/v2\/posts\/63683\/revisions\/63859"}],"wp:featuredmedia":[{"embeddable":true,"href":"https:\/\/www.aligro.ch\/pages\/wp-json\/wp\/v2\/media\/63688"}],"wp:attachment":[{"href":"https:\/\/www.aligro.ch\/pages\/wp-json\/wp\/v2\/media?parent=63683"}],"wp:term":[{"taxonomy":"category","embeddable":true,"href":"https:\/\/www.aligro.ch\/pages\/wp-json\/wp\/v2\/categories?post=63683"},{"taxonomy":"post_tag","embeddable":true,"href":"https:\/\/www.aligro.ch\/pages\/wp-json\/wp\/v2\/tags?post=63683"}],"curies":[{"name":"wp","href":"https:\/\/api.w.org\/{rel}","templated":true}]}}