{"id":63405,"date":"2023-03-30T09:40:34","date_gmt":"2023-03-30T07:40:34","guid":{"rendered":"https:\/\/www.aligro.ch\/pages\/?p=63405"},"modified":"2023-05-08T09:00:44","modified_gmt":"2023-05-08T07:00:44","slug":"concours-de-cuisine-gastro-elite-gagnez-5x2-billets","status":"publish","type":"post","link":"https:\/\/www.aligro.ch\/pages\/fr\/news\/concours-de-cuisine-gastro-elite-gagnez-5x2-billets\/","title":{"rendered":"Concours de cuisine Gastro-Elite : gagnez 5&#215;2 billets"},"content":{"rendered":"<div class=\"wpb-content-wrapper\"><p>[vc_row][vc_column][vc_column_text]Gagnez 5 x 2 places pour le repas du concours de cuisine Gastro-Elite pendant l&rsquo;OFFA ! Pour participer, inscrivez-vous via le formulaire ci-dessous.<\/p>\n<p>En tant que sponsor de Gastro-Elite et du concours de cuisine, nous vous offrons chaque jour de l&rsquo;OFFA (19.4.-23.4.) 2 tickets pour le repas du concours. Il s&rsquo;agit d&rsquo;un menu \u00e0 trois plats, vin, bi\u00e8re, eau min\u00e9rale et caf\u00e9 compris &#8211; d&rsquo;une valeur de 40 francs.<\/p>\n<p>Chaque jour, deux \u00e9quipes d&rsquo;apprentis de diff\u00e9rentes \u00e9coles professionnelles s&rsquo;affrontent.<\/p>\n<p>Le menu sera servi le jour du concours dans la halle 9.1.2 \/ l&rsquo;\u00eelot de plaisir \u00e0 12h00.<\/p>\n<p>Retrouvez <a href=\"https:\/\/www.youtube.com\/watch?v=nLoIcgFUIs4&amp;t=17s\">ici<\/a> les images et les moments forts du concours de l&rsquo;ann\u00e9e derni\u00e8re.[\/vc_column_text][vc_separator color=\u00a0\u00bbcustom\u00a0\u00bb accent_color=\u00a0\u00bb#efefef\u00a0\u00bb][\/vc_column][\/vc_row]<\/p>\n<\/div>","protected":false},"excerpt":{"rendered":"<p>[vc_row][vc_column][vc_column_text]Gagnez 5 x 2 places pour le repas du concours de cuisine Gastro-Elite pendant l&rsquo;OFFA ! Pour participer,<a class=\"moretag\" href=\"https:\/\/www.aligro.ch\/pages\/fr\/news\/concours-de-cuisine-gastro-elite-gagnez-5x2-billets\/\"> &#8230;<\/a><\/p>\n","protected":false},"author":9,"featured_media":63245,"comment_status":"closed","ping_status":"closed","sticky":false,"template":"","format":"standard","meta":{"_acf_changed":false,"footnotes":""},"categories":[1],"tags":[],"class_list":["post-63405","post","type-post","status-publish","format-standard","has-post-thumbnail","hentry","category-autre"],"acf":[],"yoast_head":"<!-- This site is optimized with the Yoast SEO plugin v27.4 - https:\/\/yoast.com\/product\/yoast-seo-wordpress\/ -->\n<title>Concours de cuisine Gastro-Elite : gagnez 5x2 billets<\/title>\n<meta name=\"description\" content=\"Lors de la foire OFFA de Saint-Gall, qui se tiendra du 19 au 23 avril, ALIGRO soutiendra le concours Gastro-Elite.\" \/>\n<meta name=\"robots\" content=\"index, follow, max-snippet:-1, max-image-preview:large, max-video-preview:-1\" \/>\n<link rel=\"canonical\" href=\"https:\/\/www.aligro.ch\/pages\/fr\/news\/concours-de-cuisine-gastro-elite-gagnez-5x2-billets\/\" \/>\n<meta property=\"og:locale\" content=\"fr_FR\" \/>\n<meta property=\"og:type\" content=\"article\" \/>\n<meta property=\"og:title\" content=\"Concours de cuisine Gastro-Elite : gagnez 5x2 billets\" \/>\n<meta property=\"og:description\" content=\"Lors de la foire OFFA de Saint-Gall, qui se tiendra du 19 au 23 avril, ALIGRO soutiendra le concours Gastro-Elite.\" \/>\n<meta property=\"og:url\" content=\"https:\/\/www.aligro.ch\/pages\/fr\/news\/concours-de-cuisine-gastro-elite-gagnez-5x2-billets\/\" \/>\n<meta property=\"og:site_name\" content=\"ALIGRO\" \/>\n<meta property=\"article:publisher\" content=\"https:\/\/fb.com\/aligrosuisse\" \/>\n<meta property=\"article:published_time\" content=\"2023-03-30T07:40:34+00:00\" \/>\n<meta property=\"article:modified_time\" content=\"2023-05-08T07:00:44+00:00\" \/>\n<meta property=\"og:image\" content=\"https:\/\/www.aligro.ch\/pages\/wp-content\/uploads\/2023\/03\/OFFA23_Banner_1920_gelb-1.jpg\" \/>\n\t<meta property=\"og:image:width\" content=\"1920\" \/>\n\t<meta property=\"og:image:height\" content=\"1029\" \/>\n\t<meta property=\"og:image:type\" content=\"image\/jpeg\" \/>\n<meta name=\"author\" content=\"Vincent Lavanchy\" \/>\n<meta name=\"twitter:card\" content=\"summary_large_image\" \/>\n<meta name=\"twitter:label1\" content=\"\u00c9crit par\" \/>\n\t<meta name=\"twitter:data1\" content=\"Vincent Lavanchy\" \/>\n\t<meta name=\"twitter:label2\" content=\"Dur\u00e9e de lecture estim\u00e9e\" \/>\n\t<meta name=\"twitter:data2\" content=\"1 minute\" \/>\n<script type=\"application\/ld+json\" class=\"yoast-schema-graph\">{\"@context\":\"https:\\\/\\\/schema.org\",\"@graph\":[{\"@type\":\"Article\",\"@id\":\"https:\\\/\\\/www.aligro.ch\\\/pages\\\/fr\\\/news\\\/concours-de-cuisine-gastro-elite-gagnez-5x2-billets\\\/#article\",\"isPartOf\":{\"@id\":\"https:\\\/\\\/www.aligro.ch\\\/pages\\\/fr\\\/news\\\/concours-de-cuisine-gastro-elite-gagnez-5x2-billets\\\/\"},\"author\":{\"name\":\"Vincent Lavanchy\",\"@id\":\"https:\\\/\\\/www.aligro.ch\\\/pages\\\/#\\\/schema\\\/person\\\/abe4f4a53fec53a8dea10e43adbbe7e3\"},\"headline\":\"Concours de cuisine Gastro-Elite : gagnez 5&#215;2 billets\",\"datePublished\":\"2023-03-30T07:40:34+00:00\",\"dateModified\":\"2023-05-08T07:00:44+00:00\",\"mainEntityOfPage\":{\"@id\":\"https:\\\/\\\/www.aligro.ch\\\/pages\\\/fr\\\/news\\\/concours-de-cuisine-gastro-elite-gagnez-5x2-billets\\\/\"},\"wordCount\":143,\"publisher\":{\"@id\":\"https:\\\/\\\/www.aligro.ch\\\/pages\\\/#organization\"},\"image\":{\"@id\":\"https:\\\/\\\/www.aligro.ch\\\/pages\\\/fr\\\/news\\\/concours-de-cuisine-gastro-elite-gagnez-5x2-billets\\\/#primaryimage\"},\"thumbnailUrl\":\"https:\\\/\\\/www.aligro.ch\\\/pages\\\/wp-content\\\/uploads\\\/2023\\\/03\\\/OFFA23_Banner_1920_gelb-1.jpg\",\"articleSection\":[\"Autre\"],\"inLanguage\":\"fr-FR\"},{\"@type\":\"WebPage\",\"@id\":\"https:\\\/\\\/www.aligro.ch\\\/pages\\\/fr\\\/news\\\/concours-de-cuisine-gastro-elite-gagnez-5x2-billets\\\/\",\"url\":\"https:\\\/\\\/www.aligro.ch\\\/pages\\\/fr\\\/news\\\/concours-de-cuisine-gastro-elite-gagnez-5x2-billets\\\/\",\"name\":\"Concours de cuisine Gastro-Elite : gagnez 5x2 billets\",\"isPartOf\":{\"@id\":\"https:\\\/\\\/www.aligro.ch\\\/pages\\\/#website\"},\"primaryImageOfPage\":{\"@id\":\"https:\\\/\\\/www.aligro.ch\\\/pages\\\/fr\\\/news\\\/concours-de-cuisine-gastro-elite-gagnez-5x2-billets\\\/#primaryimage\"},\"image\":{\"@id\":\"https:\\\/\\\/www.aligro.ch\\\/pages\\\/fr\\\/news\\\/concours-de-cuisine-gastro-elite-gagnez-5x2-billets\\\/#primaryimage\"},\"thumbnailUrl\":\"https:\\\/\\\/www.aligro.ch\\\/pages\\\/wp-content\\\/uploads\\\/2023\\\/03\\\/OFFA23_Banner_1920_gelb-1.jpg\",\"datePublished\":\"2023-03-30T07:40:34+00:00\",\"dateModified\":\"2023-05-08T07:00:44+00:00\",\"description\":\"Lors de la foire OFFA de Saint-Gall, qui se tiendra du 19 au 23 avril, ALIGRO soutiendra le concours Gastro-Elite.\",\"breadcrumb\":{\"@id\":\"https:\\\/\\\/www.aligro.ch\\\/pages\\\/fr\\\/news\\\/concours-de-cuisine-gastro-elite-gagnez-5x2-billets\\\/#breadcrumb\"},\"inLanguage\":\"fr-FR\",\"potentialAction\":[{\"@type\":\"ReadAction\",\"target\":[\"https:\\\/\\\/www.aligro.ch\\\/pages\\\/fr\\\/news\\\/concours-de-cuisine-gastro-elite-gagnez-5x2-billets\\\/\"]}]},{\"@type\":\"ImageObject\",\"inLanguage\":\"fr-FR\",\"@id\":\"https:\\\/\\\/www.aligro.ch\\\/pages\\\/fr\\\/news\\\/concours-de-cuisine-gastro-elite-gagnez-5x2-billets\\\/#primaryimage\",\"url\":\"https:\\\/\\\/www.aligro.ch\\\/pages\\\/wp-content\\\/uploads\\\/2023\\\/03\\\/OFFA23_Banner_1920_gelb-1.jpg\",\"contentUrl\":\"https:\\\/\\\/www.aligro.ch\\\/pages\\\/wp-content\\\/uploads\\\/2023\\\/03\\\/OFFA23_Banner_1920_gelb-1.jpg\",\"width\":1920,\"height\":1029},{\"@type\":\"BreadcrumbList\",\"@id\":\"https:\\\/\\\/www.aligro.ch\\\/pages\\\/fr\\\/news\\\/concours-de-cuisine-gastro-elite-gagnez-5x2-billets\\\/#breadcrumb\",\"itemListElement\":[{\"@type\":\"ListItem\",\"position\":1,\"name\":\"Accueil\",\"item\":\"https:\\\/\\\/www.aligro.ch\\\/pages\\\/de\\\/aligro-academy\\\/\"},{\"@type\":\"ListItem\",\"position\":2,\"name\":\"Concours de cuisine Gastro-Elite : gagnez 5&#215;2 billets\"}]},{\"@type\":\"WebSite\",\"@id\":\"https:\\\/\\\/www.aligro.ch\\\/pages\\\/#website\",\"url\":\"https:\\\/\\\/www.aligro.ch\\\/pages\\\/\",\"name\":\"ALIGRO\",\"description\":\"Fra\u00eecheur. Qualit\u00e9. Inspiration.\",\"publisher\":{\"@id\":\"https:\\\/\\\/www.aligro.ch\\\/pages\\\/#organization\"},\"potentialAction\":[{\"@type\":\"SearchAction\",\"target\":{\"@type\":\"EntryPoint\",\"urlTemplate\":\"https:\\\/\\\/www.aligro.ch\\\/pages\\\/?s={search_term_string}\"},\"query-input\":{\"@type\":\"PropertyValueSpecification\",\"valueRequired\":true,\"valueName\":\"search_term_string\"}}],\"inLanguage\":\"fr-FR\"},{\"@type\":\"Organization\",\"@id\":\"https:\\\/\\\/www.aligro.ch\\\/pages\\\/#organization\",\"name\":\"ALIGRO\",\"url\":\"https:\\\/\\\/www.aligro.ch\\\/pages\\\/\",\"logo\":{\"@type\":\"ImageObject\",\"inLanguage\":\"fr-FR\",\"@id\":\"https:\\\/\\\/www.aligro.ch\\\/pages\\\/#\\\/schema\\\/logo\\\/image\\\/\",\"url\":\"https:\\\/\\\/www.aligro.ch\\\/pages\\\/wp-content\\\/uploads\\\/2018\\\/10\\\/Logo@4x.png\",\"contentUrl\":\"https:\\\/\\\/www.aligro.ch\\\/pages\\\/wp-content\\\/uploads\\\/2018\\\/10\\\/Logo@4x.png\",\"width\":1831,\"height\":228,\"caption\":\"ALIGRO\"},\"image\":{\"@id\":\"https:\\\/\\\/www.aligro.ch\\\/pages\\\/#\\\/schema\\\/logo\\\/image\\\/\"},\"sameAs\":[\"https:\\\/\\\/fb.com\\\/aligrosuisse\"]},{\"@type\":\"Person\",\"@id\":\"https:\\\/\\\/www.aligro.ch\\\/pages\\\/#\\\/schema\\\/person\\\/abe4f4a53fec53a8dea10e43adbbe7e3\",\"name\":\"Vincent Lavanchy\",\"image\":{\"@type\":\"ImageObject\",\"inLanguage\":\"fr-FR\",\"@id\":\"https:\\\/\\\/secure.gravatar.com\\\/avatar\\\/0c26d4efb7d6ae3d3acfb21cea043eed07c8459ea7780b7c5d9d73543f0c4d2e?s=96&d=mm&r=g\",\"url\":\"https:\\\/\\\/secure.gravatar.com\\\/avatar\\\/0c26d4efb7d6ae3d3acfb21cea043eed07c8459ea7780b7c5d9d73543f0c4d2e?s=96&d=mm&r=g\",\"contentUrl\":\"https:\\\/\\\/secure.gravatar.com\\\/avatar\\\/0c26d4efb7d6ae3d3acfb21cea043eed07c8459ea7780b7c5d9d73543f0c4d2e?s=96&d=mm&r=g\",\"caption\":\"Vincent Lavanchy\"}}]}<\/script>\n<!-- \/ Yoast SEO plugin. -->","yoast_head_json":{"title":"Concours de cuisine Gastro-Elite : gagnez 5x2 billets","description":"Lors de la foire OFFA de Saint-Gall, qui se tiendra du 19 au 23 avril, ALIGRO soutiendra le concours Gastro-Elite.","robots":{"index":"index","follow":"follow","max-snippet":"max-snippet:-1","max-image-preview":"max-image-preview:large","max-video-preview":"max-video-preview:-1"},"canonical":"https:\/\/www.aligro.ch\/pages\/fr\/news\/concours-de-cuisine-gastro-elite-gagnez-5x2-billets\/","og_locale":"fr_FR","og_type":"article","og_title":"Concours de cuisine Gastro-Elite : gagnez 5x2 billets","og_description":"Lors de la foire OFFA de Saint-Gall, qui se tiendra du 19 au 23 avril, ALIGRO soutiendra le concours Gastro-Elite.","og_url":"https:\/\/www.aligro.ch\/pages\/fr\/news\/concours-de-cuisine-gastro-elite-gagnez-5x2-billets\/","og_site_name":"ALIGRO","article_publisher":"https:\/\/fb.com\/aligrosuisse","article_published_time":"2023-03-30T07:40:34+00:00","article_modified_time":"2023-05-08T07:00:44+00:00","og_image":[{"width":1920,"height":1029,"url":"https:\/\/www.aligro.ch\/pages\/wp-content\/uploads\/2023\/03\/OFFA23_Banner_1920_gelb-1.jpg","type":"image\/jpeg"}],"author":"Vincent Lavanchy","twitter_card":"summary_large_image","twitter_misc":{"\u00c9crit par":"Vincent Lavanchy","Dur\u00e9e de lecture estim\u00e9e":"1 minute"},"schema":{"@context":"https:\/\/schema.org","@graph":[{"@type":"Article","@id":"https:\/\/www.aligro.ch\/pages\/fr\/news\/concours-de-cuisine-gastro-elite-gagnez-5x2-billets\/#article","isPartOf":{"@id":"https:\/\/www.aligro.ch\/pages\/fr\/news\/concours-de-cuisine-gastro-elite-gagnez-5x2-billets\/"},"author":{"name":"Vincent Lavanchy","@id":"https:\/\/www.aligro.ch\/pages\/#\/schema\/person\/abe4f4a53fec53a8dea10e43adbbe7e3"},"headline":"Concours de cuisine Gastro-Elite : gagnez 5&#215;2 billets","datePublished":"2023-03-30T07:40:34+00:00","dateModified":"2023-05-08T07:00:44+00:00","mainEntityOfPage":{"@id":"https:\/\/www.aligro.ch\/pages\/fr\/news\/concours-de-cuisine-gastro-elite-gagnez-5x2-billets\/"},"wordCount":143,"publisher":{"@id":"https:\/\/www.aligro.ch\/pages\/#organization"},"image":{"@id":"https:\/\/www.aligro.ch\/pages\/fr\/news\/concours-de-cuisine-gastro-elite-gagnez-5x2-billets\/#primaryimage"},"thumbnailUrl":"https:\/\/www.aligro.ch\/pages\/wp-content\/uploads\/2023\/03\/OFFA23_Banner_1920_gelb-1.jpg","articleSection":["Autre"],"inLanguage":"fr-FR"},{"@type":"WebPage","@id":"https:\/\/www.aligro.ch\/pages\/fr\/news\/concours-de-cuisine-gastro-elite-gagnez-5x2-billets\/","url":"https:\/\/www.aligro.ch\/pages\/fr\/news\/concours-de-cuisine-gastro-elite-gagnez-5x2-billets\/","name":"Concours de cuisine Gastro-Elite : gagnez 5x2 billets","isPartOf":{"@id":"https:\/\/www.aligro.ch\/pages\/#website"},"primaryImageOfPage":{"@id":"https:\/\/www.aligro.ch\/pages\/fr\/news\/concours-de-cuisine-gastro-elite-gagnez-5x2-billets\/#primaryimage"},"image":{"@id":"https:\/\/www.aligro.ch\/pages\/fr\/news\/concours-de-cuisine-gastro-elite-gagnez-5x2-billets\/#primaryimage"},"thumbnailUrl":"https:\/\/www.aligro.ch\/pages\/wp-content\/uploads\/2023\/03\/OFFA23_Banner_1920_gelb-1.jpg","datePublished":"2023-03-30T07:40:34+00:00","dateModified":"2023-05-08T07:00:44+00:00","description":"Lors de la foire OFFA de Saint-Gall, qui se tiendra du 19 au 23 avril, ALIGRO soutiendra le concours Gastro-Elite.","breadcrumb":{"@id":"https:\/\/www.aligro.ch\/pages\/fr\/news\/concours-de-cuisine-gastro-elite-gagnez-5x2-billets\/#breadcrumb"},"inLanguage":"fr-FR","potentialAction":[{"@type":"ReadAction","target":["https:\/\/www.aligro.ch\/pages\/fr\/news\/concours-de-cuisine-gastro-elite-gagnez-5x2-billets\/"]}]},{"@type":"ImageObject","inLanguage":"fr-FR","@id":"https:\/\/www.aligro.ch\/pages\/fr\/news\/concours-de-cuisine-gastro-elite-gagnez-5x2-billets\/#primaryimage","url":"https:\/\/www.aligro.ch\/pages\/wp-content\/uploads\/2023\/03\/OFFA23_Banner_1920_gelb-1.jpg","contentUrl":"https:\/\/www.aligro.ch\/pages\/wp-content\/uploads\/2023\/03\/OFFA23_Banner_1920_gelb-1.jpg","width":1920,"height":1029},{"@type":"BreadcrumbList","@id":"https:\/\/www.aligro.ch\/pages\/fr\/news\/concours-de-cuisine-gastro-elite-gagnez-5x2-billets\/#breadcrumb","itemListElement":[{"@type":"ListItem","position":1,"name":"Accueil","item":"https:\/\/www.aligro.ch\/pages\/de\/aligro-academy\/"},{"@type":"ListItem","position":2,"name":"Concours de cuisine Gastro-Elite : gagnez 5&#215;2 billets"}]},{"@type":"WebSite","@id":"https:\/\/www.aligro.ch\/pages\/#website","url":"https:\/\/www.aligro.ch\/pages\/","name":"ALIGRO","description":"Fra\u00eecheur. Qualit\u00e9. Inspiration.","publisher":{"@id":"https:\/\/www.aligro.ch\/pages\/#organization"},"potentialAction":[{"@type":"SearchAction","target":{"@type":"EntryPoint","urlTemplate":"https:\/\/www.aligro.ch\/pages\/?s={search_term_string}"},"query-input":{"@type":"PropertyValueSpecification","valueRequired":true,"valueName":"search_term_string"}}],"inLanguage":"fr-FR"},{"@type":"Organization","@id":"https:\/\/www.aligro.ch\/pages\/#organization","name":"ALIGRO","url":"https:\/\/www.aligro.ch\/pages\/","logo":{"@type":"ImageObject","inLanguage":"fr-FR","@id":"https:\/\/www.aligro.ch\/pages\/#\/schema\/logo\/image\/","url":"https:\/\/www.aligro.ch\/pages\/wp-content\/uploads\/2018\/10\/Logo@4x.png","contentUrl":"https:\/\/www.aligro.ch\/pages\/wp-content\/uploads\/2018\/10\/Logo@4x.png","width":1831,"height":228,"caption":"ALIGRO"},"image":{"@id":"https:\/\/www.aligro.ch\/pages\/#\/schema\/logo\/image\/"},"sameAs":["https:\/\/fb.com\/aligrosuisse"]},{"@type":"Person","@id":"https:\/\/www.aligro.ch\/pages\/#\/schema\/person\/abe4f4a53fec53a8dea10e43adbbe7e3","name":"Vincent Lavanchy","image":{"@type":"ImageObject","inLanguage":"fr-FR","@id":"https:\/\/secure.gravatar.com\/avatar\/0c26d4efb7d6ae3d3acfb21cea043eed07c8459ea7780b7c5d9d73543f0c4d2e?s=96&d=mm&r=g","url":"https:\/\/secure.gravatar.com\/avatar\/0c26d4efb7d6ae3d3acfb21cea043eed07c8459ea7780b7c5d9d73543f0c4d2e?s=96&d=mm&r=g","contentUrl":"https:\/\/secure.gravatar.com\/avatar\/0c26d4efb7d6ae3d3acfb21cea043eed07c8459ea7780b7c5d9d73543f0c4d2e?s=96&d=mm&r=g","caption":"Vincent Lavanchy"}}]}},"_links":{"self":[{"href":"https:\/\/www.aligro.ch\/pages\/wp-json\/wp\/v2\/posts\/63405","targetHints":{"allow":["GET"]}}],"collection":[{"href":"https:\/\/www.aligro.ch\/pages\/wp-json\/wp\/v2\/posts"}],"about":[{"href":"https:\/\/www.aligro.ch\/pages\/wp-json\/wp\/v2\/types\/post"}],"author":[{"embeddable":true,"href":"https:\/\/www.aligro.ch\/pages\/wp-json\/wp\/v2\/users\/9"}],"replies":[{"embeddable":true,"href":"https:\/\/www.aligro.ch\/pages\/wp-json\/wp\/v2\/comments?post=63405"}],"version-history":[{"count":5,"href":"https:\/\/www.aligro.ch\/pages\/wp-json\/wp\/v2\/posts\/63405\/revisions"}],"predecessor-version":[{"id":64390,"href":"https:\/\/www.aligro.ch\/pages\/wp-json\/wp\/v2\/posts\/63405\/revisions\/64390"}],"wp:featuredmedia":[{"embeddable":true,"href":"https:\/\/www.aligro.ch\/pages\/wp-json\/wp\/v2\/media\/63245"}],"wp:attachment":[{"href":"https:\/\/www.aligro.ch\/pages\/wp-json\/wp\/v2\/media?parent=63405"}],"wp:term":[{"taxonomy":"category","embeddable":true,"href":"https:\/\/www.aligro.ch\/pages\/wp-json\/wp\/v2\/categories?post=63405"},{"taxonomy":"post_tag","embeddable":true,"href":"https:\/\/www.aligro.ch\/pages\/wp-json\/wp\/v2\/tags?post=63405"}],"curies":[{"name":"wp","href":"https:\/\/api.w.org\/{rel}","templated":true}]}}