{"id":63273,"date":"2023-04-10T09:00:50","date_gmt":"2023-04-10T07:00:50","guid":{"rendered":"https:\/\/www.aligro.ch\/pages\/?p=63273"},"modified":"2023-03-29T14:04:06","modified_gmt":"2023-03-29T12:04:06","slug":"die-genusswoche-findet-dieses-jahr-vom-14-bis-24-september-statt","status":"publish","type":"post","link":"https:\/\/www.aligro.ch\/pages\/de\/news\/die-genusswoche-findet-dieses-jahr-vom-14-bis-24-september-statt\/","title":{"rendered":"Die Genusswoche findet dieses Jahr vom 14. bis 24. September statt"},"content":{"rendered":"<div class=\"wpb-content-wrapper\"><p>[vc_row][vc_column width=\u00a0\u00bb1\/2&Prime;][vc_column_text css=\u00a0\u00bb.vc_custom_1680082545183{padding-top: 1em !important;}\u00a0\u00bb]<strong>Diesen Herbst findet zum 23. Mal das gr\u00f6sste Gourmet-Event der Schweiz statt: die Genusswoche! Die Gelegenheit f\u00fcr alle, an zahlreichen kulinarischen Aktivit\u00e4ten teilzunehmen und f\u00fcr die Gastronomen, ihre G\u00e4ste mit k\u00f6stlichen Delikatessen zu verw\u00f6hnen. ALIGRO hat das Vergn\u00fcgen, die Genusswoche zu unterst\u00fctzen und freut sich schon jetzt auf die Veranstaltung.<\/strong><\/p>\n<p><strong>Ein Genussfestival mit 3000 Veranstaltungen<\/strong><\/p>\n<p>Die Genusswoche bietet seit vielen Jahren die Gelegenheit, an kulinarischen Veranstaltungen teilzunehmen, bei denen die Freude am Geschmack und der Respekt vor den Lebensmitteln im Mittelpunkt stehen.[\/vc_column_text][\/vc_column][vc_column width=\u00a0\u00bb1\/2&Prime;][vc_column_text css=\u00a0\u00bb.vc_custom_1680091308581{margin-top: 2em !important;padding-top: 0.5em !important;padding-right: 1em !important;padding-bottom: 1em !important;padding-left: 1em !important;background-color: #efefef !important;}\u00a0\u00bb]<\/p>\n<p style=\"text-align: center;\"><strong>Anmeldegeb\u00fchr f\u00fcr Profis kostenlos<\/strong><\/p>\n<p>ALIGRO unterst\u00fctzt die Genusswoche! Die Kunden aus der Gastronomie, die im Besitz der ALIGRO PROFI-Karte sind, k\u00f6nnen bis zum <strong>15. Mai<\/strong> von einer kostenlosen Registrierung auf der Plattform <a href=\"https:\/\/app.gout.ch\/signup\">www.gout.ch<\/a> profitieren, indem sie erw\u00e4hnen, dass sie von der Registrierungsgeb\u00fchr befreit sind. Um an der Veranstaltung teilnehmen zu k\u00f6nnen, ist es wichtig, dass die vorgeschlagenen Projekte mit der Charta der Veranstaltung \u00fcbereinstimmen: <a href=\"https:\/\/www.gout.ch\/de\/charta\/\">https:\/\/www.gout.ch\/de\/charta\/<\/a>[\/vc_column_text][\/vc_column][\/vc_row][vc_row][vc_column][vc_column_text]Mit dem Ziel, die Geschmacksvielfalt und die lokale und nachhaltige Produktion zu f\u00f6rdern, bietet die Genusswoche Veranstaltungen, die die Freude am Essen mit Qualit\u00e4tsprodukten aufwerten. \u00dcber <a href=\"https:\/\/www.gout.ch\/de\/programme\/\">3000 Orte<\/a> in der ganzen Schweiz werden Besucher empfangen, um ihnen die M\u00f6glichkeit bieten, zahlreiche Geschmacksrichtungen (wieder) zu entdecken und sich bei geselligen kulinarischen Aktivit\u00e4ten zu treffen.<\/p>\n<p><strong>Freiburg im Herzen des Events<\/strong><\/p>\n<p>Dieses Jahr hat die Stadt Freiburg die Ehre, zur GenussStadt 2023 ernannt worden zu sein. Der Genusspate f\u00fcr die Ausgabe 2023 ist kein Geringerer als Pierre-Andr\u00e9 Ayer &#8211; den man gerne Pierrot nennt -, Chefkoch des Restaurants Le P\u00e9rolles, einem symboltr\u00e4chtigen Ort der Freiburger Gastronomie. Der f\u00fcr sein Engagement f\u00fcr regionale Produkte bekannte K\u00fcchenchef stellt die Exzellenz in den Mittelpunkt seiner Praxis und verw\u00f6hnt die Freiburger Gaumen seit Jahrzehnten. \u00ab\u00a0Die Genusswoche ist ein wunderbares Unternehmen. Sie l\u00e4sst die Schweiz und ihr kulinarisches Erbe lebendig werden\u00a0\u00bb, freut er sich.<\/p>\n<p><strong>F\u00fcr junge Geniesser<\/strong><\/p>\n<p>In 12 Kantonen k\u00f6nnen 16- bis 25-J\u00e4hrige (18- bis 25-J\u00e4hrige im Tessin und in der Deutschschweiz) von Gourmet-Gutscheinen profitieren, mit denen sie f\u00fcr nur Fr. 60.- Spitzenrestaurants entdecken k\u00f6nnen. In den Kantonen Basel, Bern, Luzern, Zug, Z\u00fcrich, Tessin, Genf, Freiburg, Neuenburg, Wallis, Waadt und im Berner Jura werden Vier-G\u00e4nge-Men\u00fcs angeboten, die von speziell ausgew\u00e4hlten Weinen begleitet werden, welche den Geschmack des Men\u00fcs unterstreichen.[\/vc_column_text][vc_row_inner][vc_column_inner][vc_column_text]<\/p>\n<p style=\"text-align: center;\"><a class=\"CTAbtn\" href=\"https:\/\/app.gout.ch\/login\" target=\"_blank\" rel=\"noopener\">REGISTRIERUNG<\/a><\/p>\n<p>[\/vc_column_text][\/vc_column_inner][\/vc_row_inner][\/vc_column][\/vc_row][vc_row][vc_column][vc_single_image image=\u00a0\u00bb63280&Prime; img_size=\u00a0\u00bbfull\u00a0\u00bb][\/vc_column][\/vc_row]<\/p>\n<\/div>","protected":false},"excerpt":{"rendered":"<p>[vc_row][vc_column width=\u00a0\u00bb1\/2&Prime;][vc_column_text css=\u00a0\u00bb.vc_custom_1680082545183{padding-top: 1em !important;}\u00a0\u00bb]Diesen Herbst findet zum 23. Mal das gr\u00f6sste Gourmet-Event der Schweiz statt: die Genusswoche!<a class=\"moretag\" href=\"https:\/\/www.aligro.ch\/pages\/de\/news\/die-genusswoche-findet-dieses-jahr-vom-14-bis-24-september-statt\/\"> &#8230;<\/a><\/p>\n","protected":false},"author":9,"featured_media":38720,"comment_status":"closed","ping_status":"closed","sticky":false,"template":"","format":"standard","meta":{"_acf_changed":false,"footnotes":""},"categories":[7],"tags":[],"class_list":["post-63273","post","type-post","status-publish","format-standard","has-post-thumbnail","hentry","category-andere"],"acf":[],"yoast_head":"<!-- This site is optimized with the Yoast SEO plugin v27.4 - https:\/\/yoast.com\/product\/yoast-seo-wordpress\/ -->\n<title>Die Genusswoche findet dieses Jahr vom 14. bis 24. September statt<\/title>\n<meta name=\"description\" content=\"Diesen Herbst findet zum 22. Mal das gr\u00f6sste Gourmet-Event der Schweiz statt: die Genusswoche!Diesen Herbst findet zum 23. Mal das gr\u00f6sste Gourmet-Event der Schweiz statt: die Genusswoche!\" \/>\n<meta name=\"robots\" content=\"index, follow, max-snippet:-1, max-image-preview:large, max-video-preview:-1\" \/>\n<link rel=\"canonical\" href=\"https:\/\/www.aligro.ch\/pages\/de\/news\/die-genusswoche-findet-dieses-jahr-vom-14-bis-24-september-statt\/\" \/>\n<meta property=\"og:locale\" content=\"fr_FR\" \/>\n<meta property=\"og:type\" content=\"article\" \/>\n<meta property=\"og:title\" content=\"Die Genusswoche findet dieses Jahr vom 14. bis 24. September statt\" \/>\n<meta property=\"og:description\" content=\"Diesen Herbst findet zum 22. Mal das gr\u00f6sste Gourmet-Event der Schweiz statt: die Genusswoche!Diesen Herbst findet zum 23. Mal das gr\u00f6sste Gourmet-Event der Schweiz statt: die Genusswoche!\" \/>\n<meta property=\"og:url\" content=\"https:\/\/www.aligro.ch\/pages\/de\/news\/die-genusswoche-findet-dieses-jahr-vom-14-bis-24-september-statt\/\" \/>\n<meta property=\"og:site_name\" content=\"ALIGRO\" \/>\n<meta property=\"article:publisher\" content=\"https:\/\/fb.com\/aligrosuisse\" \/>\n<meta property=\"article:published_time\" content=\"2023-04-10T07:00:50+00:00\" \/>\n<meta property=\"og:image\" content=\"https:\/\/www.aligro.ch\/pages\/wp-content\/uploads\/2022\/04\/OCo-SDG_2021_Logo_3langues_Noir_RVB-1.jpg\" \/>\n\t<meta property=\"og:image:width\" content=\"1920\" \/>\n\t<meta property=\"og:image:height\" content=\"1103\" \/>\n\t<meta property=\"og:image:type\" content=\"image\/jpeg\" \/>\n<meta name=\"author\" content=\"Vincent Lavanchy\" \/>\n<meta name=\"twitter:card\" content=\"summary_large_image\" \/>\n<meta name=\"twitter:label1\" content=\"\u00c9crit par\" \/>\n\t<meta name=\"twitter:data1\" content=\"Vincent Lavanchy\" \/>\n\t<meta name=\"twitter:label2\" content=\"Dur\u00e9e de lecture estim\u00e9e\" \/>\n\t<meta name=\"twitter:data2\" content=\"2 minutes\" \/>\n<script type=\"application\/ld+json\" class=\"yoast-schema-graph\">{\"@context\":\"https:\\\/\\\/schema.org\",\"@graph\":[{\"@type\":\"Article\",\"@id\":\"https:\\\/\\\/www.aligro.ch\\\/pages\\\/de\\\/news\\\/die-genusswoche-findet-dieses-jahr-vom-14-bis-24-september-statt\\\/#article\",\"isPartOf\":{\"@id\":\"https:\\\/\\\/www.aligro.ch\\\/pages\\\/de\\\/news\\\/die-genusswoche-findet-dieses-jahr-vom-14-bis-24-september-statt\\\/\"},\"author\":{\"name\":\"Vincent Lavanchy\",\"@id\":\"https:\\\/\\\/www.aligro.ch\\\/pages\\\/#\\\/schema\\\/person\\\/abe4f4a53fec53a8dea10e43adbbe7e3\"},\"headline\":\"Die Genusswoche findet dieses Jahr vom 14. bis 24. September statt\",\"datePublished\":\"2023-04-10T07:00:50+00:00\",\"mainEntityOfPage\":{\"@id\":\"https:\\\/\\\/www.aligro.ch\\\/pages\\\/de\\\/news\\\/die-genusswoche-findet-dieses-jahr-vom-14-bis-24-september-statt\\\/\"},\"wordCount\":508,\"publisher\":{\"@id\":\"https:\\\/\\\/www.aligro.ch\\\/pages\\\/#organization\"},\"image\":{\"@id\":\"https:\\\/\\\/www.aligro.ch\\\/pages\\\/de\\\/news\\\/die-genusswoche-findet-dieses-jahr-vom-14-bis-24-september-statt\\\/#primaryimage\"},\"thumbnailUrl\":\"https:\\\/\\\/www.aligro.ch\\\/pages\\\/wp-content\\\/uploads\\\/2022\\\/04\\\/OCo-SDG_2021_Logo_3langues_Noir_RVB-1.jpg\",\"articleSection\":[\"Andere\"],\"inLanguage\":\"fr-FR\"},{\"@type\":\"WebPage\",\"@id\":\"https:\\\/\\\/www.aligro.ch\\\/pages\\\/de\\\/news\\\/die-genusswoche-findet-dieses-jahr-vom-14-bis-24-september-statt\\\/\",\"url\":\"https:\\\/\\\/www.aligro.ch\\\/pages\\\/de\\\/news\\\/die-genusswoche-findet-dieses-jahr-vom-14-bis-24-september-statt\\\/\",\"name\":\"Die Genusswoche findet dieses Jahr vom 14. bis 24. September statt\",\"isPartOf\":{\"@id\":\"https:\\\/\\\/www.aligro.ch\\\/pages\\\/#website\"},\"primaryImageOfPage\":{\"@id\":\"https:\\\/\\\/www.aligro.ch\\\/pages\\\/de\\\/news\\\/die-genusswoche-findet-dieses-jahr-vom-14-bis-24-september-statt\\\/#primaryimage\"},\"image\":{\"@id\":\"https:\\\/\\\/www.aligro.ch\\\/pages\\\/de\\\/news\\\/die-genusswoche-findet-dieses-jahr-vom-14-bis-24-september-statt\\\/#primaryimage\"},\"thumbnailUrl\":\"https:\\\/\\\/www.aligro.ch\\\/pages\\\/wp-content\\\/uploads\\\/2022\\\/04\\\/OCo-SDG_2021_Logo_3langues_Noir_RVB-1.jpg\",\"datePublished\":\"2023-04-10T07:00:50+00:00\",\"description\":\"Diesen Herbst findet zum 22. Mal das gr\u00f6sste Gourmet-Event der Schweiz statt: die Genusswoche!Diesen Herbst findet zum 23. Mal das gr\u00f6sste Gourmet-Event der Schweiz statt: die Genusswoche!\",\"breadcrumb\":{\"@id\":\"https:\\\/\\\/www.aligro.ch\\\/pages\\\/de\\\/news\\\/die-genusswoche-findet-dieses-jahr-vom-14-bis-24-september-statt\\\/#breadcrumb\"},\"inLanguage\":\"fr-FR\",\"potentialAction\":[{\"@type\":\"ReadAction\",\"target\":[\"https:\\\/\\\/www.aligro.ch\\\/pages\\\/de\\\/news\\\/die-genusswoche-findet-dieses-jahr-vom-14-bis-24-september-statt\\\/\"]}]},{\"@type\":\"ImageObject\",\"inLanguage\":\"fr-FR\",\"@id\":\"https:\\\/\\\/www.aligro.ch\\\/pages\\\/de\\\/news\\\/die-genusswoche-findet-dieses-jahr-vom-14-bis-24-september-statt\\\/#primaryimage\",\"url\":\"https:\\\/\\\/www.aligro.ch\\\/pages\\\/wp-content\\\/uploads\\\/2022\\\/04\\\/OCo-SDG_2021_Logo_3langues_Noir_RVB-1.jpg\",\"contentUrl\":\"https:\\\/\\\/www.aligro.ch\\\/pages\\\/wp-content\\\/uploads\\\/2022\\\/04\\\/OCo-SDG_2021_Logo_3langues_Noir_RVB-1.jpg\",\"width\":1920,\"height\":1103},{\"@type\":\"BreadcrumbList\",\"@id\":\"https:\\\/\\\/www.aligro.ch\\\/pages\\\/de\\\/news\\\/die-genusswoche-findet-dieses-jahr-vom-14-bis-24-september-statt\\\/#breadcrumb\",\"itemListElement\":[{\"@type\":\"ListItem\",\"position\":1,\"name\":\"Accueil\",\"item\":\"https:\\\/\\\/www.aligro.ch\\\/pages\\\/de\\\/aligro-academy\\\/\"},{\"@type\":\"ListItem\",\"position\":2,\"name\":\"Die Genusswoche findet dieses Jahr vom 14. bis 24. September statt\"}]},{\"@type\":\"WebSite\",\"@id\":\"https:\\\/\\\/www.aligro.ch\\\/pages\\\/#website\",\"url\":\"https:\\\/\\\/www.aligro.ch\\\/pages\\\/\",\"name\":\"ALIGRO\",\"description\":\"Fra\u00eecheur. Qualit\u00e9. Inspiration.\",\"publisher\":{\"@id\":\"https:\\\/\\\/www.aligro.ch\\\/pages\\\/#organization\"},\"potentialAction\":[{\"@type\":\"SearchAction\",\"target\":{\"@type\":\"EntryPoint\",\"urlTemplate\":\"https:\\\/\\\/www.aligro.ch\\\/pages\\\/?s={search_term_string}\"},\"query-input\":{\"@type\":\"PropertyValueSpecification\",\"valueRequired\":true,\"valueName\":\"search_term_string\"}}],\"inLanguage\":\"fr-FR\"},{\"@type\":\"Organization\",\"@id\":\"https:\\\/\\\/www.aligro.ch\\\/pages\\\/#organization\",\"name\":\"ALIGRO\",\"url\":\"https:\\\/\\\/www.aligro.ch\\\/pages\\\/\",\"logo\":{\"@type\":\"ImageObject\",\"inLanguage\":\"fr-FR\",\"@id\":\"https:\\\/\\\/www.aligro.ch\\\/pages\\\/#\\\/schema\\\/logo\\\/image\\\/\",\"url\":\"https:\\\/\\\/www.aligro.ch\\\/pages\\\/wp-content\\\/uploads\\\/2018\\\/10\\\/Logo@4x.png\",\"contentUrl\":\"https:\\\/\\\/www.aligro.ch\\\/pages\\\/wp-content\\\/uploads\\\/2018\\\/10\\\/Logo@4x.png\",\"width\":1831,\"height\":228,\"caption\":\"ALIGRO\"},\"image\":{\"@id\":\"https:\\\/\\\/www.aligro.ch\\\/pages\\\/#\\\/schema\\\/logo\\\/image\\\/\"},\"sameAs\":[\"https:\\\/\\\/fb.com\\\/aligrosuisse\"]},{\"@type\":\"Person\",\"@id\":\"https:\\\/\\\/www.aligro.ch\\\/pages\\\/#\\\/schema\\\/person\\\/abe4f4a53fec53a8dea10e43adbbe7e3\",\"name\":\"Vincent Lavanchy\",\"image\":{\"@type\":\"ImageObject\",\"inLanguage\":\"fr-FR\",\"@id\":\"https:\\\/\\\/secure.gravatar.com\\\/avatar\\\/0c26d4efb7d6ae3d3acfb21cea043eed07c8459ea7780b7c5d9d73543f0c4d2e?s=96&d=mm&r=g\",\"url\":\"https:\\\/\\\/secure.gravatar.com\\\/avatar\\\/0c26d4efb7d6ae3d3acfb21cea043eed07c8459ea7780b7c5d9d73543f0c4d2e?s=96&d=mm&r=g\",\"contentUrl\":\"https:\\\/\\\/secure.gravatar.com\\\/avatar\\\/0c26d4efb7d6ae3d3acfb21cea043eed07c8459ea7780b7c5d9d73543f0c4d2e?s=96&d=mm&r=g\",\"caption\":\"Vincent Lavanchy\"}}]}<\/script>\n<!-- \/ Yoast SEO plugin. -->","yoast_head_json":{"title":"Die Genusswoche findet dieses Jahr vom 14. bis 24. September statt","description":"Diesen Herbst findet zum 22. Mal das gr\u00f6sste Gourmet-Event der Schweiz statt: die Genusswoche!Diesen Herbst findet zum 23. Mal das gr\u00f6sste Gourmet-Event der Schweiz statt: die Genusswoche!","robots":{"index":"index","follow":"follow","max-snippet":"max-snippet:-1","max-image-preview":"max-image-preview:large","max-video-preview":"max-video-preview:-1"},"canonical":"https:\/\/www.aligro.ch\/pages\/de\/news\/die-genusswoche-findet-dieses-jahr-vom-14-bis-24-september-statt\/","og_locale":"fr_FR","og_type":"article","og_title":"Die Genusswoche findet dieses Jahr vom 14. bis 24. September statt","og_description":"Diesen Herbst findet zum 22. Mal das gr\u00f6sste Gourmet-Event der Schweiz statt: die Genusswoche!Diesen Herbst findet zum 23. Mal das gr\u00f6sste Gourmet-Event der Schweiz statt: die Genusswoche!","og_url":"https:\/\/www.aligro.ch\/pages\/de\/news\/die-genusswoche-findet-dieses-jahr-vom-14-bis-24-september-statt\/","og_site_name":"ALIGRO","article_publisher":"https:\/\/fb.com\/aligrosuisse","article_published_time":"2023-04-10T07:00:50+00:00","og_image":[{"width":1920,"height":1103,"url":"https:\/\/www.aligro.ch\/pages\/wp-content\/uploads\/2022\/04\/OCo-SDG_2021_Logo_3langues_Noir_RVB-1.jpg","type":"image\/jpeg"}],"author":"Vincent Lavanchy","twitter_card":"summary_large_image","twitter_misc":{"\u00c9crit par":"Vincent Lavanchy","Dur\u00e9e de lecture estim\u00e9e":"2 minutes"},"schema":{"@context":"https:\/\/schema.org","@graph":[{"@type":"Article","@id":"https:\/\/www.aligro.ch\/pages\/de\/news\/die-genusswoche-findet-dieses-jahr-vom-14-bis-24-september-statt\/#article","isPartOf":{"@id":"https:\/\/www.aligro.ch\/pages\/de\/news\/die-genusswoche-findet-dieses-jahr-vom-14-bis-24-september-statt\/"},"author":{"name":"Vincent Lavanchy","@id":"https:\/\/www.aligro.ch\/pages\/#\/schema\/person\/abe4f4a53fec53a8dea10e43adbbe7e3"},"headline":"Die Genusswoche findet dieses Jahr vom 14. bis 24. September statt","datePublished":"2023-04-10T07:00:50+00:00","mainEntityOfPage":{"@id":"https:\/\/www.aligro.ch\/pages\/de\/news\/die-genusswoche-findet-dieses-jahr-vom-14-bis-24-september-statt\/"},"wordCount":508,"publisher":{"@id":"https:\/\/www.aligro.ch\/pages\/#organization"},"image":{"@id":"https:\/\/www.aligro.ch\/pages\/de\/news\/die-genusswoche-findet-dieses-jahr-vom-14-bis-24-september-statt\/#primaryimage"},"thumbnailUrl":"https:\/\/www.aligro.ch\/pages\/wp-content\/uploads\/2022\/04\/OCo-SDG_2021_Logo_3langues_Noir_RVB-1.jpg","articleSection":["Andere"],"inLanguage":"fr-FR"},{"@type":"WebPage","@id":"https:\/\/www.aligro.ch\/pages\/de\/news\/die-genusswoche-findet-dieses-jahr-vom-14-bis-24-september-statt\/","url":"https:\/\/www.aligro.ch\/pages\/de\/news\/die-genusswoche-findet-dieses-jahr-vom-14-bis-24-september-statt\/","name":"Die Genusswoche findet dieses Jahr vom 14. bis 24. September statt","isPartOf":{"@id":"https:\/\/www.aligro.ch\/pages\/#website"},"primaryImageOfPage":{"@id":"https:\/\/www.aligro.ch\/pages\/de\/news\/die-genusswoche-findet-dieses-jahr-vom-14-bis-24-september-statt\/#primaryimage"},"image":{"@id":"https:\/\/www.aligro.ch\/pages\/de\/news\/die-genusswoche-findet-dieses-jahr-vom-14-bis-24-september-statt\/#primaryimage"},"thumbnailUrl":"https:\/\/www.aligro.ch\/pages\/wp-content\/uploads\/2022\/04\/OCo-SDG_2021_Logo_3langues_Noir_RVB-1.jpg","datePublished":"2023-04-10T07:00:50+00:00","description":"Diesen Herbst findet zum 22. Mal das gr\u00f6sste Gourmet-Event der Schweiz statt: die Genusswoche!Diesen Herbst findet zum 23. Mal das gr\u00f6sste Gourmet-Event der Schweiz statt: die Genusswoche!","breadcrumb":{"@id":"https:\/\/www.aligro.ch\/pages\/de\/news\/die-genusswoche-findet-dieses-jahr-vom-14-bis-24-september-statt\/#breadcrumb"},"inLanguage":"fr-FR","potentialAction":[{"@type":"ReadAction","target":["https:\/\/www.aligro.ch\/pages\/de\/news\/die-genusswoche-findet-dieses-jahr-vom-14-bis-24-september-statt\/"]}]},{"@type":"ImageObject","inLanguage":"fr-FR","@id":"https:\/\/www.aligro.ch\/pages\/de\/news\/die-genusswoche-findet-dieses-jahr-vom-14-bis-24-september-statt\/#primaryimage","url":"https:\/\/www.aligro.ch\/pages\/wp-content\/uploads\/2022\/04\/OCo-SDG_2021_Logo_3langues_Noir_RVB-1.jpg","contentUrl":"https:\/\/www.aligro.ch\/pages\/wp-content\/uploads\/2022\/04\/OCo-SDG_2021_Logo_3langues_Noir_RVB-1.jpg","width":1920,"height":1103},{"@type":"BreadcrumbList","@id":"https:\/\/www.aligro.ch\/pages\/de\/news\/die-genusswoche-findet-dieses-jahr-vom-14-bis-24-september-statt\/#breadcrumb","itemListElement":[{"@type":"ListItem","position":1,"name":"Accueil","item":"https:\/\/www.aligro.ch\/pages\/de\/aligro-academy\/"},{"@type":"ListItem","position":2,"name":"Die Genusswoche findet dieses Jahr vom 14. bis 24. September statt"}]},{"@type":"WebSite","@id":"https:\/\/www.aligro.ch\/pages\/#website","url":"https:\/\/www.aligro.ch\/pages\/","name":"ALIGRO","description":"Fra\u00eecheur. Qualit\u00e9. Inspiration.","publisher":{"@id":"https:\/\/www.aligro.ch\/pages\/#organization"},"potentialAction":[{"@type":"SearchAction","target":{"@type":"EntryPoint","urlTemplate":"https:\/\/www.aligro.ch\/pages\/?s={search_term_string}"},"query-input":{"@type":"PropertyValueSpecification","valueRequired":true,"valueName":"search_term_string"}}],"inLanguage":"fr-FR"},{"@type":"Organization","@id":"https:\/\/www.aligro.ch\/pages\/#organization","name":"ALIGRO","url":"https:\/\/www.aligro.ch\/pages\/","logo":{"@type":"ImageObject","inLanguage":"fr-FR","@id":"https:\/\/www.aligro.ch\/pages\/#\/schema\/logo\/image\/","url":"https:\/\/www.aligro.ch\/pages\/wp-content\/uploads\/2018\/10\/Logo@4x.png","contentUrl":"https:\/\/www.aligro.ch\/pages\/wp-content\/uploads\/2018\/10\/Logo@4x.png","width":1831,"height":228,"caption":"ALIGRO"},"image":{"@id":"https:\/\/www.aligro.ch\/pages\/#\/schema\/logo\/image\/"},"sameAs":["https:\/\/fb.com\/aligrosuisse"]},{"@type":"Person","@id":"https:\/\/www.aligro.ch\/pages\/#\/schema\/person\/abe4f4a53fec53a8dea10e43adbbe7e3","name":"Vincent Lavanchy","image":{"@type":"ImageObject","inLanguage":"fr-FR","@id":"https:\/\/secure.gravatar.com\/avatar\/0c26d4efb7d6ae3d3acfb21cea043eed07c8459ea7780b7c5d9d73543f0c4d2e?s=96&d=mm&r=g","url":"https:\/\/secure.gravatar.com\/avatar\/0c26d4efb7d6ae3d3acfb21cea043eed07c8459ea7780b7c5d9d73543f0c4d2e?s=96&d=mm&r=g","contentUrl":"https:\/\/secure.gravatar.com\/avatar\/0c26d4efb7d6ae3d3acfb21cea043eed07c8459ea7780b7c5d9d73543f0c4d2e?s=96&d=mm&r=g","caption":"Vincent Lavanchy"}}]}},"_links":{"self":[{"href":"https:\/\/www.aligro.ch\/pages\/wp-json\/wp\/v2\/posts\/63273","targetHints":{"allow":["GET"]}}],"collection":[{"href":"https:\/\/www.aligro.ch\/pages\/wp-json\/wp\/v2\/posts"}],"about":[{"href":"https:\/\/www.aligro.ch\/pages\/wp-json\/wp\/v2\/types\/post"}],"author":[{"embeddable":true,"href":"https:\/\/www.aligro.ch\/pages\/wp-json\/wp\/v2\/users\/9"}],"replies":[{"embeddable":true,"href":"https:\/\/www.aligro.ch\/pages\/wp-json\/wp\/v2\/comments?post=63273"}],"version-history":[{"count":5,"href":"https:\/\/www.aligro.ch\/pages\/wp-json\/wp\/v2\/posts\/63273\/revisions"}],"predecessor-version":[{"id":63321,"href":"https:\/\/www.aligro.ch\/pages\/wp-json\/wp\/v2\/posts\/63273\/revisions\/63321"}],"wp:featuredmedia":[{"embeddable":true,"href":"https:\/\/www.aligro.ch\/pages\/wp-json\/wp\/v2\/media\/38720"}],"wp:attachment":[{"href":"https:\/\/www.aligro.ch\/pages\/wp-json\/wp\/v2\/media?parent=63273"}],"wp:term":[{"taxonomy":"category","embeddable":true,"href":"https:\/\/www.aligro.ch\/pages\/wp-json\/wp\/v2\/categories?post=63273"},{"taxonomy":"post_tag","embeddable":true,"href":"https:\/\/www.aligro.ch\/pages\/wp-json\/wp\/v2\/tags?post=63273"}],"curies":[{"name":"wp","href":"https:\/\/api.w.org\/{rel}","templated":true}]}}