{"id":63271,"date":"2023-04-10T09:00:16","date_gmt":"2023-04-10T07:00:16","guid":{"rendered":"https:\/\/www.aligro.ch\/pages\/?p=63271"},"modified":"2023-03-29T14:03:49","modified_gmt":"2023-03-29T12:03:49","slug":"la-semaine-du-gout-a-lieu-du-14-au-24-septembre-2023","status":"publish","type":"post","link":"https:\/\/www.aligro.ch\/pages\/fr\/news\/la-semaine-du-gout-a-lieu-du-14-au-24-septembre-2023\/","title":{"rendered":"La Semaine du Go\u00fbt a lieu du 14 au 24 septembre 2023"},"content":{"rendered":"<div class=\"wpb-content-wrapper\"><p>[vc_row][vc_column width=\u00a0\u00bb1\/2&Prime;][vc_column_text]<strong>Cet automne se tiendra la 23<sup>\u00e8me<\/sup> \u00e9dition du plus grand \u00e9v\u00e9nement gourmand de Suisse\u00a0: la Semaine du Go\u00fbt\u00a0! C\u2019est l\u2019occasion pour toutes et tous de participer \u00e0 de nombreuses activit\u00e9s culinaires et pour les restaurateurs de faire d\u00e9couvrir de d\u00e9licieuses saveurs \u00e0 leurs clients. ALIGRO a le plaisir de soutenir la Semaine du Go\u00fbt et se r\u00e9jouit de pouvoir offrir l\u2019inscription \u00e0 ses clients restaurateurs. <\/strong><\/p>\n<p><strong>3000 \u00e9v\u00e9nements qui valorisent le go\u00fbt<\/strong><\/p>\n<p>La Semaine du Go\u00fbt est l\u2019occasion depuis de nombreuses ann\u00e9es de participer \u00e0 des \u00e9v\u00e9nements culinaires qui mettent au centre le plaisir du go\u00fbt et le respect de l\u2019aliment.[\/vc_column_text][\/vc_column][vc_column width=\u00a0\u00bb1\/2&Prime;][vc_column_text css=\u00a0\u00bb.vc_custom_1680091093393{border-right-width: 1px !important;border-bottom-width: 1px !important;border-left-width: 1px !important;padding-top: 10px !important;padding-right: 1em !important;padding-bottom: 1em !important;padding-left: 1em !important;background-color: #efefef !important;border-left-color: #efefef !important;border-right-color: #efefef !important;border-bottom-color: #efefef !important;}\u00a0\u00bb]<\/p>\n<p style=\"text-align: center;\"><strong>Taxe d&rsquo;inscription pour les professionnels offerte <\/strong><\/p>\n<p>ALIGRO est partenaire officiel de la semaine du go\u00fbt depuis plusieurs ann\u00e9es. Dans le cadre de ce partenariat, les clients restaurateurs d\u00e9tenteurs de la carte PRO ALIGRO profitent de l\u2019inscription gratuite sur la plateforme <a href=\"https:\/\/app.gout.ch\/signup\">www.gout.ch<\/a> <strong>jusqu\u2019au 15 mai<\/strong> en mentionnant qu\u2019ils sont exon\u00e9r\u00e9s de la finance d\u2019inscription, ainsi que le code \u00ab\u00a0ALIGRO\u00a0\u00bb et le num\u00e9ro de leur carte client. Pour participer \u00e0 l\u2019\u00e9v\u00e9nement, il est important que les projets propos\u00e9s soient en accord avec la charte de l\u2019\u00e9v\u00e9nement\u00a0: <a href=\"http:\/\/www.gout.ch\/charte-de-la-semaine-suisse-du-gout\/\">www.gout.ch\/charte-de-la-semaine-suisse-du-gout\/<\/a>[\/vc_column_text][\/vc_column][\/vc_row][vc_row][vc_column][vc_column_text]Avec l\u2019objectif de promouvoir la diversit\u00e9 des go\u00fbts et la production locale et durable, la Semaine du Go\u00fbt propose des \u00e9v\u00e9nements qui valorisent le plaisir de manger avec des produits de qualit\u00e9. Ainsi, plus de <a href=\"http:\/\/www.gout.ch\/programme\/\">3000 lieux<\/a> accueillent des visiteurs de toute la Suisse, leur offrant l\u2019occasion de (re)d\u00e9couvrir de nombreuses saveurs et de se r\u00e9unir autour d\u2019activit\u00e9s culinaires conviviales.<\/p>\n<p><strong>Fribourg au centre de l\u2019\u00e9v\u00e9nement<\/strong><\/p>\n<p>C\u2019est la ville de Fribourg qui, cette ann\u00e9e, a \u00e9t\u00e9 d\u00e9sign\u00e9e Ville du Go\u00fbt.\u00a0 Le parrain du Go\u00fbt de l\u2019\u00e9dition 2023 n\u2019est autre que Pierre-Andr\u00e9 Ayer \u2013 qu\u2019on appelle volontiers Pierrot \u2013, chef du restaurant Le P\u00e9rolles, lieu embl\u00e9matique de la gastronomie fribourgeoise. Connu pour son engagement en faveur des produits du terroir, le chef met l\u2019excellence au centre de sa pratique et r\u00e9gale les palais fribourgeois depuis des d\u00e9cennies. \u00ab\u00a0La Semaine du Go\u00fbt est une magnifique entreprise. Elle fait vivre la Suisse et son patrimoine culinaire\u00a0\u00bb s\u2019est-il r\u00e9joui.<\/p>\n<p><strong>Pour les jeunes \u00e9picuriens<\/strong><\/p>\n<p>Dans 12 cantons, les 16-25 ans (18-25 pour le Tessin et la Suisse al\u00e9manique) peuvent b\u00e9n\u00e9ficier de <a href=\"https:\/\/www.gout.ch\/bons-jeunes\/\">bons-repas gastronomiques<\/a> leur permettant d\u00e9couvrir des tables d\u2019exception pour seulement 60CHF. Ainsi, les cantons de Fribourg, Gen\u00e8ve, Jura Bernois, Neuch\u00e2tel, Valais, Vaud, B\u00e2le, Berne, Lucerne, Tessin, Zoug et Zurich proposent des menus compos\u00e9s de quatre plats, accompagn\u00e9s de vins sp\u00e9cialement s\u00e9lectionn\u00e9s pour leur capacit\u00e9 \u00e0 sublimer les saveurs du menu.[\/vc_column_text][vc_row_inner][vc_column_inner][vc_column_text]<\/p>\n<p style=\"text-align: center;\"><a class=\"CTAbtn\" href=\"https:\/\/app.gout.ch\/login\" target=\"_blank\" rel=\"noopener\">INSCRIPTION<\/a><\/p>\n<p>[\/vc_column_text][\/vc_column_inner][\/vc_row_inner][\/vc_column][\/vc_row][vc_row][vc_column][vc_single_image image=\u00a0\u00bb63277&Prime; img_size=\u00a0\u00bbfull\u00a0\u00bb][\/vc_column][\/vc_row]<\/p>\n<\/div>","protected":false},"excerpt":{"rendered":"<p>[vc_row][vc_column width=\u00a0\u00bb1\/2&Prime;][vc_column_text]Cet automne se tiendra la 23\u00e8me \u00e9dition du plus grand \u00e9v\u00e9nement gourmand de Suisse\u00a0: la Semaine du<a class=\"moretag\" href=\"https:\/\/www.aligro.ch\/pages\/fr\/news\/la-semaine-du-gout-a-lieu-du-14-au-24-septembre-2023\/\"> &#8230;<\/a><\/p>\n","protected":false},"author":9,"featured_media":38711,"comment_status":"closed","ping_status":"closed","sticky":false,"template":"","format":"standard","meta":{"_acf_changed":false,"footnotes":""},"categories":[1],"tags":[],"class_list":["post-63271","post","type-post","status-publish","format-standard","has-post-thumbnail","hentry","category-autre"],"acf":[],"yoast_head":"<!-- This site is optimized with the Yoast SEO plugin v27.4 - https:\/\/yoast.com\/product\/yoast-seo-wordpress\/ -->\n<title>La Semaine du Go\u00fbt a lieu du 14 au 24 septembre 2023<\/title>\n<meta name=\"description\" content=\"Cet automne se tiendra la 23\u00e8me \u00e9dition du plus grand \u00e9v\u00e9nement gourmand de Suisse : la Semaine du Go\u00fbt !\" \/>\n<meta name=\"robots\" content=\"index, follow, max-snippet:-1, max-image-preview:large, max-video-preview:-1\" \/>\n<link rel=\"canonical\" href=\"https:\/\/www.aligro.ch\/pages\/fr\/news\/la-semaine-du-gout-a-lieu-du-14-au-24-septembre-2023\/\" \/>\n<meta property=\"og:locale\" content=\"fr_FR\" \/>\n<meta property=\"og:type\" content=\"article\" \/>\n<meta property=\"og:title\" content=\"La Semaine du Go\u00fbt a lieu du 14 au 24 septembre 2023\" \/>\n<meta property=\"og:description\" content=\"Cet automne se tiendra la 23\u00e8me \u00e9dition du plus grand \u00e9v\u00e9nement gourmand de Suisse : la Semaine du Go\u00fbt !\" \/>\n<meta property=\"og:url\" content=\"https:\/\/www.aligro.ch\/pages\/fr\/news\/la-semaine-du-gout-a-lieu-du-14-au-24-septembre-2023\/\" \/>\n<meta property=\"og:site_name\" content=\"ALIGRO\" \/>\n<meta property=\"article:publisher\" content=\"https:\/\/fb.com\/aligrosuisse\" \/>\n<meta property=\"article:published_time\" content=\"2023-04-10T07:00:16+00:00\" \/>\n<meta property=\"og:image\" content=\"https:\/\/www.aligro.ch\/pages\/wp-content\/uploads\/2022\/04\/OCo-SDG_2021_Logo_3langues_Noir_RVB.jpg\" \/>\n\t<meta property=\"og:image:width\" content=\"1920\" \/>\n\t<meta property=\"og:image:height\" content=\"1103\" \/>\n\t<meta property=\"og:image:type\" content=\"image\/jpeg\" \/>\n<meta name=\"author\" content=\"Vincent Lavanchy\" \/>\n<meta name=\"twitter:card\" content=\"summary_large_image\" \/>\n<meta name=\"twitter:label1\" content=\"\u00c9crit par\" \/>\n\t<meta name=\"twitter:data1\" content=\"Vincent Lavanchy\" \/>\n\t<meta name=\"twitter:label2\" content=\"Dur\u00e9e de lecture estim\u00e9e\" \/>\n\t<meta name=\"twitter:data2\" content=\"3 minutes\" \/>\n<script type=\"application\/ld+json\" class=\"yoast-schema-graph\">{\"@context\":\"https:\\\/\\\/schema.org\",\"@graph\":[{\"@type\":\"Article\",\"@id\":\"https:\\\/\\\/www.aligro.ch\\\/pages\\\/fr\\\/news\\\/la-semaine-du-gout-a-lieu-du-14-au-24-septembre-2023\\\/#article\",\"isPartOf\":{\"@id\":\"https:\\\/\\\/www.aligro.ch\\\/pages\\\/fr\\\/news\\\/la-semaine-du-gout-a-lieu-du-14-au-24-septembre-2023\\\/\"},\"author\":{\"name\":\"Vincent Lavanchy\",\"@id\":\"https:\\\/\\\/www.aligro.ch\\\/pages\\\/#\\\/schema\\\/person\\\/abe4f4a53fec53a8dea10e43adbbe7e3\"},\"headline\":\"La Semaine du Go\u00fbt a lieu du 14 au 24 septembre 2023\",\"datePublished\":\"2023-04-10T07:00:16+00:00\",\"mainEntityOfPage\":{\"@id\":\"https:\\\/\\\/www.aligro.ch\\\/pages\\\/fr\\\/news\\\/la-semaine-du-gout-a-lieu-du-14-au-24-septembre-2023\\\/\"},\"wordCount\":598,\"publisher\":{\"@id\":\"https:\\\/\\\/www.aligro.ch\\\/pages\\\/#organization\"},\"image\":{\"@id\":\"https:\\\/\\\/www.aligro.ch\\\/pages\\\/fr\\\/news\\\/la-semaine-du-gout-a-lieu-du-14-au-24-septembre-2023\\\/#primaryimage\"},\"thumbnailUrl\":\"https:\\\/\\\/www.aligro.ch\\\/pages\\\/wp-content\\\/uploads\\\/2022\\\/04\\\/OCo-SDG_2021_Logo_3langues_Noir_RVB.jpg\",\"articleSection\":[\"Autre\"],\"inLanguage\":\"fr-FR\"},{\"@type\":\"WebPage\",\"@id\":\"https:\\\/\\\/www.aligro.ch\\\/pages\\\/fr\\\/news\\\/la-semaine-du-gout-a-lieu-du-14-au-24-septembre-2023\\\/\",\"url\":\"https:\\\/\\\/www.aligro.ch\\\/pages\\\/fr\\\/news\\\/la-semaine-du-gout-a-lieu-du-14-au-24-septembre-2023\\\/\",\"name\":\"La Semaine du Go\u00fbt a lieu du 14 au 24 septembre 2023\",\"isPartOf\":{\"@id\":\"https:\\\/\\\/www.aligro.ch\\\/pages\\\/#website\"},\"primaryImageOfPage\":{\"@id\":\"https:\\\/\\\/www.aligro.ch\\\/pages\\\/fr\\\/news\\\/la-semaine-du-gout-a-lieu-du-14-au-24-septembre-2023\\\/#primaryimage\"},\"image\":{\"@id\":\"https:\\\/\\\/www.aligro.ch\\\/pages\\\/fr\\\/news\\\/la-semaine-du-gout-a-lieu-du-14-au-24-septembre-2023\\\/#primaryimage\"},\"thumbnailUrl\":\"https:\\\/\\\/www.aligro.ch\\\/pages\\\/wp-content\\\/uploads\\\/2022\\\/04\\\/OCo-SDG_2021_Logo_3langues_Noir_RVB.jpg\",\"datePublished\":\"2023-04-10T07:00:16+00:00\",\"description\":\"Cet automne se tiendra la 23\u00e8me \u00e9dition du plus grand \u00e9v\u00e9nement gourmand de Suisse : la Semaine du Go\u00fbt !\",\"breadcrumb\":{\"@id\":\"https:\\\/\\\/www.aligro.ch\\\/pages\\\/fr\\\/news\\\/la-semaine-du-gout-a-lieu-du-14-au-24-septembre-2023\\\/#breadcrumb\"},\"inLanguage\":\"fr-FR\",\"potentialAction\":[{\"@type\":\"ReadAction\",\"target\":[\"https:\\\/\\\/www.aligro.ch\\\/pages\\\/fr\\\/news\\\/la-semaine-du-gout-a-lieu-du-14-au-24-septembre-2023\\\/\"]}]},{\"@type\":\"ImageObject\",\"inLanguage\":\"fr-FR\",\"@id\":\"https:\\\/\\\/www.aligro.ch\\\/pages\\\/fr\\\/news\\\/la-semaine-du-gout-a-lieu-du-14-au-24-septembre-2023\\\/#primaryimage\",\"url\":\"https:\\\/\\\/www.aligro.ch\\\/pages\\\/wp-content\\\/uploads\\\/2022\\\/04\\\/OCo-SDG_2021_Logo_3langues_Noir_RVB.jpg\",\"contentUrl\":\"https:\\\/\\\/www.aligro.ch\\\/pages\\\/wp-content\\\/uploads\\\/2022\\\/04\\\/OCo-SDG_2021_Logo_3langues_Noir_RVB.jpg\",\"width\":1920,\"height\":1103},{\"@type\":\"BreadcrumbList\",\"@id\":\"https:\\\/\\\/www.aligro.ch\\\/pages\\\/fr\\\/news\\\/la-semaine-du-gout-a-lieu-du-14-au-24-septembre-2023\\\/#breadcrumb\",\"itemListElement\":[{\"@type\":\"ListItem\",\"position\":1,\"name\":\"Accueil\",\"item\":\"https:\\\/\\\/www.aligro.ch\\\/pages\\\/de\\\/aligro-academy\\\/\"},{\"@type\":\"ListItem\",\"position\":2,\"name\":\"La Semaine du Go\u00fbt a lieu du 14 au 24 septembre 2023\"}]},{\"@type\":\"WebSite\",\"@id\":\"https:\\\/\\\/www.aligro.ch\\\/pages\\\/#website\",\"url\":\"https:\\\/\\\/www.aligro.ch\\\/pages\\\/\",\"name\":\"ALIGRO\",\"description\":\"Fra\u00eecheur. Qualit\u00e9. Inspiration.\",\"publisher\":{\"@id\":\"https:\\\/\\\/www.aligro.ch\\\/pages\\\/#organization\"},\"potentialAction\":[{\"@type\":\"SearchAction\",\"target\":{\"@type\":\"EntryPoint\",\"urlTemplate\":\"https:\\\/\\\/www.aligro.ch\\\/pages\\\/?s={search_term_string}\"},\"query-input\":{\"@type\":\"PropertyValueSpecification\",\"valueRequired\":true,\"valueName\":\"search_term_string\"}}],\"inLanguage\":\"fr-FR\"},{\"@type\":\"Organization\",\"@id\":\"https:\\\/\\\/www.aligro.ch\\\/pages\\\/#organization\",\"name\":\"ALIGRO\",\"url\":\"https:\\\/\\\/www.aligro.ch\\\/pages\\\/\",\"logo\":{\"@type\":\"ImageObject\",\"inLanguage\":\"fr-FR\",\"@id\":\"https:\\\/\\\/www.aligro.ch\\\/pages\\\/#\\\/schema\\\/logo\\\/image\\\/\",\"url\":\"https:\\\/\\\/www.aligro.ch\\\/pages\\\/wp-content\\\/uploads\\\/2018\\\/10\\\/Logo@4x.png\",\"contentUrl\":\"https:\\\/\\\/www.aligro.ch\\\/pages\\\/wp-content\\\/uploads\\\/2018\\\/10\\\/Logo@4x.png\",\"width\":1831,\"height\":228,\"caption\":\"ALIGRO\"},\"image\":{\"@id\":\"https:\\\/\\\/www.aligro.ch\\\/pages\\\/#\\\/schema\\\/logo\\\/image\\\/\"},\"sameAs\":[\"https:\\\/\\\/fb.com\\\/aligrosuisse\"]},{\"@type\":\"Person\",\"@id\":\"https:\\\/\\\/www.aligro.ch\\\/pages\\\/#\\\/schema\\\/person\\\/abe4f4a53fec53a8dea10e43adbbe7e3\",\"name\":\"Vincent Lavanchy\",\"image\":{\"@type\":\"ImageObject\",\"inLanguage\":\"fr-FR\",\"@id\":\"https:\\\/\\\/secure.gravatar.com\\\/avatar\\\/0c26d4efb7d6ae3d3acfb21cea043eed07c8459ea7780b7c5d9d73543f0c4d2e?s=96&d=mm&r=g\",\"url\":\"https:\\\/\\\/secure.gravatar.com\\\/avatar\\\/0c26d4efb7d6ae3d3acfb21cea043eed07c8459ea7780b7c5d9d73543f0c4d2e?s=96&d=mm&r=g\",\"contentUrl\":\"https:\\\/\\\/secure.gravatar.com\\\/avatar\\\/0c26d4efb7d6ae3d3acfb21cea043eed07c8459ea7780b7c5d9d73543f0c4d2e?s=96&d=mm&r=g\",\"caption\":\"Vincent Lavanchy\"}}]}<\/script>\n<!-- \/ Yoast SEO plugin. -->","yoast_head_json":{"title":"La Semaine du Go\u00fbt a lieu du 14 au 24 septembre 2023","description":"Cet automne se tiendra la 23\u00e8me \u00e9dition du plus grand \u00e9v\u00e9nement gourmand de Suisse : la Semaine du Go\u00fbt !","robots":{"index":"index","follow":"follow","max-snippet":"max-snippet:-1","max-image-preview":"max-image-preview:large","max-video-preview":"max-video-preview:-1"},"canonical":"https:\/\/www.aligro.ch\/pages\/fr\/news\/la-semaine-du-gout-a-lieu-du-14-au-24-septembre-2023\/","og_locale":"fr_FR","og_type":"article","og_title":"La Semaine du Go\u00fbt a lieu du 14 au 24 septembre 2023","og_description":"Cet automne se tiendra la 23\u00e8me \u00e9dition du plus grand \u00e9v\u00e9nement gourmand de Suisse : la Semaine du Go\u00fbt !","og_url":"https:\/\/www.aligro.ch\/pages\/fr\/news\/la-semaine-du-gout-a-lieu-du-14-au-24-septembre-2023\/","og_site_name":"ALIGRO","article_publisher":"https:\/\/fb.com\/aligrosuisse","article_published_time":"2023-04-10T07:00:16+00:00","og_image":[{"width":1920,"height":1103,"url":"https:\/\/www.aligro.ch\/pages\/wp-content\/uploads\/2022\/04\/OCo-SDG_2021_Logo_3langues_Noir_RVB.jpg","type":"image\/jpeg"}],"author":"Vincent Lavanchy","twitter_card":"summary_large_image","twitter_misc":{"\u00c9crit par":"Vincent Lavanchy","Dur\u00e9e de lecture estim\u00e9e":"3 minutes"},"schema":{"@context":"https:\/\/schema.org","@graph":[{"@type":"Article","@id":"https:\/\/www.aligro.ch\/pages\/fr\/news\/la-semaine-du-gout-a-lieu-du-14-au-24-septembre-2023\/#article","isPartOf":{"@id":"https:\/\/www.aligro.ch\/pages\/fr\/news\/la-semaine-du-gout-a-lieu-du-14-au-24-septembre-2023\/"},"author":{"name":"Vincent Lavanchy","@id":"https:\/\/www.aligro.ch\/pages\/#\/schema\/person\/abe4f4a53fec53a8dea10e43adbbe7e3"},"headline":"La Semaine du Go\u00fbt a lieu du 14 au 24 septembre 2023","datePublished":"2023-04-10T07:00:16+00:00","mainEntityOfPage":{"@id":"https:\/\/www.aligro.ch\/pages\/fr\/news\/la-semaine-du-gout-a-lieu-du-14-au-24-septembre-2023\/"},"wordCount":598,"publisher":{"@id":"https:\/\/www.aligro.ch\/pages\/#organization"},"image":{"@id":"https:\/\/www.aligro.ch\/pages\/fr\/news\/la-semaine-du-gout-a-lieu-du-14-au-24-septembre-2023\/#primaryimage"},"thumbnailUrl":"https:\/\/www.aligro.ch\/pages\/wp-content\/uploads\/2022\/04\/OCo-SDG_2021_Logo_3langues_Noir_RVB.jpg","articleSection":["Autre"],"inLanguage":"fr-FR"},{"@type":"WebPage","@id":"https:\/\/www.aligro.ch\/pages\/fr\/news\/la-semaine-du-gout-a-lieu-du-14-au-24-septembre-2023\/","url":"https:\/\/www.aligro.ch\/pages\/fr\/news\/la-semaine-du-gout-a-lieu-du-14-au-24-septembre-2023\/","name":"La Semaine du Go\u00fbt a lieu du 14 au 24 septembre 2023","isPartOf":{"@id":"https:\/\/www.aligro.ch\/pages\/#website"},"primaryImageOfPage":{"@id":"https:\/\/www.aligro.ch\/pages\/fr\/news\/la-semaine-du-gout-a-lieu-du-14-au-24-septembre-2023\/#primaryimage"},"image":{"@id":"https:\/\/www.aligro.ch\/pages\/fr\/news\/la-semaine-du-gout-a-lieu-du-14-au-24-septembre-2023\/#primaryimage"},"thumbnailUrl":"https:\/\/www.aligro.ch\/pages\/wp-content\/uploads\/2022\/04\/OCo-SDG_2021_Logo_3langues_Noir_RVB.jpg","datePublished":"2023-04-10T07:00:16+00:00","description":"Cet automne se tiendra la 23\u00e8me \u00e9dition du plus grand \u00e9v\u00e9nement gourmand de Suisse : la Semaine du Go\u00fbt !","breadcrumb":{"@id":"https:\/\/www.aligro.ch\/pages\/fr\/news\/la-semaine-du-gout-a-lieu-du-14-au-24-septembre-2023\/#breadcrumb"},"inLanguage":"fr-FR","potentialAction":[{"@type":"ReadAction","target":["https:\/\/www.aligro.ch\/pages\/fr\/news\/la-semaine-du-gout-a-lieu-du-14-au-24-septembre-2023\/"]}]},{"@type":"ImageObject","inLanguage":"fr-FR","@id":"https:\/\/www.aligro.ch\/pages\/fr\/news\/la-semaine-du-gout-a-lieu-du-14-au-24-septembre-2023\/#primaryimage","url":"https:\/\/www.aligro.ch\/pages\/wp-content\/uploads\/2022\/04\/OCo-SDG_2021_Logo_3langues_Noir_RVB.jpg","contentUrl":"https:\/\/www.aligro.ch\/pages\/wp-content\/uploads\/2022\/04\/OCo-SDG_2021_Logo_3langues_Noir_RVB.jpg","width":1920,"height":1103},{"@type":"BreadcrumbList","@id":"https:\/\/www.aligro.ch\/pages\/fr\/news\/la-semaine-du-gout-a-lieu-du-14-au-24-septembre-2023\/#breadcrumb","itemListElement":[{"@type":"ListItem","position":1,"name":"Accueil","item":"https:\/\/www.aligro.ch\/pages\/de\/aligro-academy\/"},{"@type":"ListItem","position":2,"name":"La Semaine du Go\u00fbt a lieu du 14 au 24 septembre 2023"}]},{"@type":"WebSite","@id":"https:\/\/www.aligro.ch\/pages\/#website","url":"https:\/\/www.aligro.ch\/pages\/","name":"ALIGRO","description":"Fra\u00eecheur. Qualit\u00e9. Inspiration.","publisher":{"@id":"https:\/\/www.aligro.ch\/pages\/#organization"},"potentialAction":[{"@type":"SearchAction","target":{"@type":"EntryPoint","urlTemplate":"https:\/\/www.aligro.ch\/pages\/?s={search_term_string}"},"query-input":{"@type":"PropertyValueSpecification","valueRequired":true,"valueName":"search_term_string"}}],"inLanguage":"fr-FR"},{"@type":"Organization","@id":"https:\/\/www.aligro.ch\/pages\/#organization","name":"ALIGRO","url":"https:\/\/www.aligro.ch\/pages\/","logo":{"@type":"ImageObject","inLanguage":"fr-FR","@id":"https:\/\/www.aligro.ch\/pages\/#\/schema\/logo\/image\/","url":"https:\/\/www.aligro.ch\/pages\/wp-content\/uploads\/2018\/10\/Logo@4x.png","contentUrl":"https:\/\/www.aligro.ch\/pages\/wp-content\/uploads\/2018\/10\/Logo@4x.png","width":1831,"height":228,"caption":"ALIGRO"},"image":{"@id":"https:\/\/www.aligro.ch\/pages\/#\/schema\/logo\/image\/"},"sameAs":["https:\/\/fb.com\/aligrosuisse"]},{"@type":"Person","@id":"https:\/\/www.aligro.ch\/pages\/#\/schema\/person\/abe4f4a53fec53a8dea10e43adbbe7e3","name":"Vincent Lavanchy","image":{"@type":"ImageObject","inLanguage":"fr-FR","@id":"https:\/\/secure.gravatar.com\/avatar\/0c26d4efb7d6ae3d3acfb21cea043eed07c8459ea7780b7c5d9d73543f0c4d2e?s=96&d=mm&r=g","url":"https:\/\/secure.gravatar.com\/avatar\/0c26d4efb7d6ae3d3acfb21cea043eed07c8459ea7780b7c5d9d73543f0c4d2e?s=96&d=mm&r=g","contentUrl":"https:\/\/secure.gravatar.com\/avatar\/0c26d4efb7d6ae3d3acfb21cea043eed07c8459ea7780b7c5d9d73543f0c4d2e?s=96&d=mm&r=g","caption":"Vincent Lavanchy"}}]}},"_links":{"self":[{"href":"https:\/\/www.aligro.ch\/pages\/wp-json\/wp\/v2\/posts\/63271","targetHints":{"allow":["GET"]}}],"collection":[{"href":"https:\/\/www.aligro.ch\/pages\/wp-json\/wp\/v2\/posts"}],"about":[{"href":"https:\/\/www.aligro.ch\/pages\/wp-json\/wp\/v2\/types\/post"}],"author":[{"embeddable":true,"href":"https:\/\/www.aligro.ch\/pages\/wp-json\/wp\/v2\/users\/9"}],"replies":[{"embeddable":true,"href":"https:\/\/www.aligro.ch\/pages\/wp-json\/wp\/v2\/comments?post=63271"}],"version-history":[{"count":5,"href":"https:\/\/www.aligro.ch\/pages\/wp-json\/wp\/v2\/posts\/63271\/revisions"}],"predecessor-version":[{"id":63320,"href":"https:\/\/www.aligro.ch\/pages\/wp-json\/wp\/v2\/posts\/63271\/revisions\/63320"}],"wp:featuredmedia":[{"embeddable":true,"href":"https:\/\/www.aligro.ch\/pages\/wp-json\/wp\/v2\/media\/38711"}],"wp:attachment":[{"href":"https:\/\/www.aligro.ch\/pages\/wp-json\/wp\/v2\/media?parent=63271"}],"wp:term":[{"taxonomy":"category","embeddable":true,"href":"https:\/\/www.aligro.ch\/pages\/wp-json\/wp\/v2\/categories?post=63271"},{"taxonomy":"post_tag","embeddable":true,"href":"https:\/\/www.aligro.ch\/pages\/wp-json\/wp\/v2\/tags?post=63271"}],"curies":[{"name":"wp","href":"https:\/\/api.w.org\/{rel}","templated":true}]}}