{"id":63227,"date":"2023-03-30T09:00:36","date_gmt":"2023-03-30T07:00:36","guid":{"rendered":"https:\/\/www.aligro.ch\/pages\/?p=63227"},"modified":"2023-04-12T11:29:15","modified_gmt":"2023-04-12T09:29:15","slug":"aligro-unterstuetzt-gastro-elite","status":"publish","type":"post","link":"https:\/\/www.aligro.ch\/pages\/de\/news\/aligro-unterstuetzt-gastro-elite\/","title":{"rendered":"ALIGRO unterst\u00fctzt Gastro-Elite"},"content":{"rendered":"<div class=\"wpb-content-wrapper\"><p>[vc_row][vc_column][vc_column_text]Als verantwortungsbewusstes Schweizer Familienunternehmen unterst\u00fctzt ALIGRO seit vielen Jahren die Gastronomiebranche. An der OFFA-Messe St. Gallen, die vom 19. bis 23. April stattfindet, wird ALIGRO den Gastro-Elite-Wettbewerb unterst\u00fctzen. An jedem Tag werden zwei Teams von Berufsschullehrlingen gegeneinander antreten. Es handelt sich dabei um ein 3-G\u00e4nge-Men\u00fc inkl. Wein-, Bier-, Mineral- und Kaffeebegleitung. Das Men\u00fc wird am Wettbewerbstag in der Halle 9.1.2 \/ Genussinsel um 12.00 Uhr serviert.<\/p>\n<p><a href=\"https:\/\/www.youtube.com\/watch?v=nLoIcgFUIs4&amp;t=17s\">Hier<\/a> finden Sie die Bilder und Highlights des letztj\u00e4hrigen Wettbewerbs.[\/vc_column_text][\/vc_column][\/vc_row][vc_row][vc_column][vc_single_image image=\u00a0\u00bb63864&Prime; img_size=\u00a0\u00bbfull\u00a0\u00bb][\/vc_column][\/vc_row]<\/p>\n<\/div>","protected":false},"excerpt":{"rendered":"<p>[vc_row][vc_column][vc_column_text]Als verantwortungsbewusstes Schweizer Familienunternehmen unterst\u00fctzt ALIGRO seit vielen Jahren die Gastronomiebranche. An der OFFA-Messe St. Gallen, die vom<a class=\"moretag\" href=\"https:\/\/www.aligro.ch\/pages\/de\/news\/aligro-unterstuetzt-gastro-elite\/\"> &#8230;<\/a><\/p>\n","protected":false},"author":9,"featured_media":63239,"comment_status":"closed","ping_status":"closed","sticky":false,"template":"","format":"standard","meta":{"_acf_changed":false,"footnotes":""},"categories":[7],"tags":[],"class_list":["post-63227","post","type-post","status-publish","format-standard","has-post-thumbnail","hentry","category-andere"],"acf":[],"yoast_head":"<!-- This site is optimized with the Yoast SEO plugin v27.4 - https:\/\/yoast.com\/product\/yoast-seo-wordpress\/ -->\n<title>ALIGRO unterst\u00fctzt Gastro-Elite<\/title>\n<meta name=\"description\" content=\"An der OFFA-Messe St. Gallen, die vom 19. bis 23. April stattfindet, wird ALIGRO den Gastro-Elite-Wettbewerb unterst\u00fctzen.\" \/>\n<meta name=\"robots\" content=\"index, follow, max-snippet:-1, max-image-preview:large, max-video-preview:-1\" \/>\n<link rel=\"canonical\" href=\"https:\/\/www.aligro.ch\/pages\/de\/news\/aligro-unterstuetzt-gastro-elite\/\" \/>\n<meta property=\"og:locale\" content=\"fr_FR\" \/>\n<meta property=\"og:type\" content=\"article\" \/>\n<meta property=\"og:title\" content=\"ALIGRO unterst\u00fctzt Gastro-Elite\" \/>\n<meta property=\"og:description\" content=\"An der OFFA-Messe St. Gallen, die vom 19. bis 23. April stattfindet, wird ALIGRO den Gastro-Elite-Wettbewerb unterst\u00fctzen.\" \/>\n<meta property=\"og:url\" content=\"https:\/\/www.aligro.ch\/pages\/de\/news\/aligro-unterstuetzt-gastro-elite\/\" \/>\n<meta property=\"og:site_name\" content=\"ALIGRO\" \/>\n<meta property=\"article:publisher\" content=\"https:\/\/fb.com\/aligrosuisse\" \/>\n<meta property=\"article:published_time\" content=\"2023-03-30T07:00:36+00:00\" \/>\n<meta property=\"article:modified_time\" content=\"2023-04-12T09:29:15+00:00\" \/>\n<meta property=\"og:image\" content=\"https:\/\/www.aligro.ch\/pages\/wp-content\/uploads\/2023\/03\/OFFA23_Banner_1920_gelb.jpg\" \/>\n\t<meta property=\"og:image:width\" content=\"1920\" \/>\n\t<meta property=\"og:image:height\" content=\"1029\" \/>\n\t<meta property=\"og:image:type\" content=\"image\/jpeg\" \/>\n<meta name=\"author\" content=\"Vincent Lavanchy\" \/>\n<meta name=\"twitter:card\" content=\"summary_large_image\" \/>\n<meta name=\"twitter:label1\" content=\"\u00c9crit par\" \/>\n\t<meta name=\"twitter:data1\" content=\"Vincent Lavanchy\" \/>\n\t<meta name=\"twitter:label2\" content=\"Dur\u00e9e de lecture estim\u00e9e\" \/>\n\t<meta name=\"twitter:data2\" content=\"1 minute\" \/>\n<script type=\"application\/ld+json\" class=\"yoast-schema-graph\">{\"@context\":\"https:\\\/\\\/schema.org\",\"@graph\":[{\"@type\":\"Article\",\"@id\":\"https:\\\/\\\/www.aligro.ch\\\/pages\\\/de\\\/news\\\/aligro-unterstuetzt-gastro-elite\\\/#article\",\"isPartOf\":{\"@id\":\"https:\\\/\\\/www.aligro.ch\\\/pages\\\/de\\\/news\\\/aligro-unterstuetzt-gastro-elite\\\/\"},\"author\":{\"name\":\"Vincent Lavanchy\",\"@id\":\"https:\\\/\\\/www.aligro.ch\\\/pages\\\/#\\\/schema\\\/person\\\/abe4f4a53fec53a8dea10e43adbbe7e3\"},\"headline\":\"ALIGRO unterst\u00fctzt Gastro-Elite\",\"datePublished\":\"2023-03-30T07:00:36+00:00\",\"dateModified\":\"2023-04-12T09:29:15+00:00\",\"mainEntityOfPage\":{\"@id\":\"https:\\\/\\\/www.aligro.ch\\\/pages\\\/de\\\/news\\\/aligro-unterstuetzt-gastro-elite\\\/\"},\"wordCount\":108,\"publisher\":{\"@id\":\"https:\\\/\\\/www.aligro.ch\\\/pages\\\/#organization\"},\"image\":{\"@id\":\"https:\\\/\\\/www.aligro.ch\\\/pages\\\/de\\\/news\\\/aligro-unterstuetzt-gastro-elite\\\/#primaryimage\"},\"thumbnailUrl\":\"https:\\\/\\\/www.aligro.ch\\\/pages\\\/wp-content\\\/uploads\\\/2023\\\/03\\\/OFFA23_Banner_1920_gelb.jpg\",\"articleSection\":[\"Andere\"],\"inLanguage\":\"fr-FR\"},{\"@type\":\"WebPage\",\"@id\":\"https:\\\/\\\/www.aligro.ch\\\/pages\\\/de\\\/news\\\/aligro-unterstuetzt-gastro-elite\\\/\",\"url\":\"https:\\\/\\\/www.aligro.ch\\\/pages\\\/de\\\/news\\\/aligro-unterstuetzt-gastro-elite\\\/\",\"name\":\"ALIGRO unterst\u00fctzt Gastro-Elite\",\"isPartOf\":{\"@id\":\"https:\\\/\\\/www.aligro.ch\\\/pages\\\/#website\"},\"primaryImageOfPage\":{\"@id\":\"https:\\\/\\\/www.aligro.ch\\\/pages\\\/de\\\/news\\\/aligro-unterstuetzt-gastro-elite\\\/#primaryimage\"},\"image\":{\"@id\":\"https:\\\/\\\/www.aligro.ch\\\/pages\\\/de\\\/news\\\/aligro-unterstuetzt-gastro-elite\\\/#primaryimage\"},\"thumbnailUrl\":\"https:\\\/\\\/www.aligro.ch\\\/pages\\\/wp-content\\\/uploads\\\/2023\\\/03\\\/OFFA23_Banner_1920_gelb.jpg\",\"datePublished\":\"2023-03-30T07:00:36+00:00\",\"dateModified\":\"2023-04-12T09:29:15+00:00\",\"description\":\"An der OFFA-Messe St. Gallen, die vom 19. bis 23. April stattfindet, wird ALIGRO den Gastro-Elite-Wettbewerb unterst\u00fctzen.\",\"breadcrumb\":{\"@id\":\"https:\\\/\\\/www.aligro.ch\\\/pages\\\/de\\\/news\\\/aligro-unterstuetzt-gastro-elite\\\/#breadcrumb\"},\"inLanguage\":\"fr-FR\",\"potentialAction\":[{\"@type\":\"ReadAction\",\"target\":[\"https:\\\/\\\/www.aligro.ch\\\/pages\\\/de\\\/news\\\/aligro-unterstuetzt-gastro-elite\\\/\"]}]},{\"@type\":\"ImageObject\",\"inLanguage\":\"fr-FR\",\"@id\":\"https:\\\/\\\/www.aligro.ch\\\/pages\\\/de\\\/news\\\/aligro-unterstuetzt-gastro-elite\\\/#primaryimage\",\"url\":\"https:\\\/\\\/www.aligro.ch\\\/pages\\\/wp-content\\\/uploads\\\/2023\\\/03\\\/OFFA23_Banner_1920_gelb.jpg\",\"contentUrl\":\"https:\\\/\\\/www.aligro.ch\\\/pages\\\/wp-content\\\/uploads\\\/2023\\\/03\\\/OFFA23_Banner_1920_gelb.jpg\",\"width\":1920,\"height\":1029},{\"@type\":\"BreadcrumbList\",\"@id\":\"https:\\\/\\\/www.aligro.ch\\\/pages\\\/de\\\/news\\\/aligro-unterstuetzt-gastro-elite\\\/#breadcrumb\",\"itemListElement\":[{\"@type\":\"ListItem\",\"position\":1,\"name\":\"Accueil\",\"item\":\"https:\\\/\\\/www.aligro.ch\\\/pages\\\/de\\\/aligro-academy\\\/\"},{\"@type\":\"ListItem\",\"position\":2,\"name\":\"ALIGRO unterst\u00fctzt Gastro-Elite\"}]},{\"@type\":\"WebSite\",\"@id\":\"https:\\\/\\\/www.aligro.ch\\\/pages\\\/#website\",\"url\":\"https:\\\/\\\/www.aligro.ch\\\/pages\\\/\",\"name\":\"ALIGRO\",\"description\":\"Fra\u00eecheur. Qualit\u00e9. Inspiration.\",\"publisher\":{\"@id\":\"https:\\\/\\\/www.aligro.ch\\\/pages\\\/#organization\"},\"potentialAction\":[{\"@type\":\"SearchAction\",\"target\":{\"@type\":\"EntryPoint\",\"urlTemplate\":\"https:\\\/\\\/www.aligro.ch\\\/pages\\\/?s={search_term_string}\"},\"query-input\":{\"@type\":\"PropertyValueSpecification\",\"valueRequired\":true,\"valueName\":\"search_term_string\"}}],\"inLanguage\":\"fr-FR\"},{\"@type\":\"Organization\",\"@id\":\"https:\\\/\\\/www.aligro.ch\\\/pages\\\/#organization\",\"name\":\"ALIGRO\",\"url\":\"https:\\\/\\\/www.aligro.ch\\\/pages\\\/\",\"logo\":{\"@type\":\"ImageObject\",\"inLanguage\":\"fr-FR\",\"@id\":\"https:\\\/\\\/www.aligro.ch\\\/pages\\\/#\\\/schema\\\/logo\\\/image\\\/\",\"url\":\"https:\\\/\\\/www.aligro.ch\\\/pages\\\/wp-content\\\/uploads\\\/2018\\\/10\\\/Logo@4x.png\",\"contentUrl\":\"https:\\\/\\\/www.aligro.ch\\\/pages\\\/wp-content\\\/uploads\\\/2018\\\/10\\\/Logo@4x.png\",\"width\":1831,\"height\":228,\"caption\":\"ALIGRO\"},\"image\":{\"@id\":\"https:\\\/\\\/www.aligro.ch\\\/pages\\\/#\\\/schema\\\/logo\\\/image\\\/\"},\"sameAs\":[\"https:\\\/\\\/fb.com\\\/aligrosuisse\"]},{\"@type\":\"Person\",\"@id\":\"https:\\\/\\\/www.aligro.ch\\\/pages\\\/#\\\/schema\\\/person\\\/abe4f4a53fec53a8dea10e43adbbe7e3\",\"name\":\"Vincent Lavanchy\",\"image\":{\"@type\":\"ImageObject\",\"inLanguage\":\"fr-FR\",\"@id\":\"https:\\\/\\\/secure.gravatar.com\\\/avatar\\\/0c26d4efb7d6ae3d3acfb21cea043eed07c8459ea7780b7c5d9d73543f0c4d2e?s=96&d=mm&r=g\",\"url\":\"https:\\\/\\\/secure.gravatar.com\\\/avatar\\\/0c26d4efb7d6ae3d3acfb21cea043eed07c8459ea7780b7c5d9d73543f0c4d2e?s=96&d=mm&r=g\",\"contentUrl\":\"https:\\\/\\\/secure.gravatar.com\\\/avatar\\\/0c26d4efb7d6ae3d3acfb21cea043eed07c8459ea7780b7c5d9d73543f0c4d2e?s=96&d=mm&r=g\",\"caption\":\"Vincent Lavanchy\"}}]}<\/script>\n<!-- \/ Yoast SEO plugin. -->","yoast_head_json":{"title":"ALIGRO unterst\u00fctzt Gastro-Elite","description":"An der OFFA-Messe St. Gallen, die vom 19. bis 23. April stattfindet, wird ALIGRO den Gastro-Elite-Wettbewerb unterst\u00fctzen.","robots":{"index":"index","follow":"follow","max-snippet":"max-snippet:-1","max-image-preview":"max-image-preview:large","max-video-preview":"max-video-preview:-1"},"canonical":"https:\/\/www.aligro.ch\/pages\/de\/news\/aligro-unterstuetzt-gastro-elite\/","og_locale":"fr_FR","og_type":"article","og_title":"ALIGRO unterst\u00fctzt Gastro-Elite","og_description":"An der OFFA-Messe St. Gallen, die vom 19. bis 23. April stattfindet, wird ALIGRO den Gastro-Elite-Wettbewerb unterst\u00fctzen.","og_url":"https:\/\/www.aligro.ch\/pages\/de\/news\/aligro-unterstuetzt-gastro-elite\/","og_site_name":"ALIGRO","article_publisher":"https:\/\/fb.com\/aligrosuisse","article_published_time":"2023-03-30T07:00:36+00:00","article_modified_time":"2023-04-12T09:29:15+00:00","og_image":[{"width":1920,"height":1029,"url":"https:\/\/www.aligro.ch\/pages\/wp-content\/uploads\/2023\/03\/OFFA23_Banner_1920_gelb.jpg","type":"image\/jpeg"}],"author":"Vincent Lavanchy","twitter_card":"summary_large_image","twitter_misc":{"\u00c9crit par":"Vincent Lavanchy","Dur\u00e9e de lecture estim\u00e9e":"1 minute"},"schema":{"@context":"https:\/\/schema.org","@graph":[{"@type":"Article","@id":"https:\/\/www.aligro.ch\/pages\/de\/news\/aligro-unterstuetzt-gastro-elite\/#article","isPartOf":{"@id":"https:\/\/www.aligro.ch\/pages\/de\/news\/aligro-unterstuetzt-gastro-elite\/"},"author":{"name":"Vincent Lavanchy","@id":"https:\/\/www.aligro.ch\/pages\/#\/schema\/person\/abe4f4a53fec53a8dea10e43adbbe7e3"},"headline":"ALIGRO unterst\u00fctzt Gastro-Elite","datePublished":"2023-03-30T07:00:36+00:00","dateModified":"2023-04-12T09:29:15+00:00","mainEntityOfPage":{"@id":"https:\/\/www.aligro.ch\/pages\/de\/news\/aligro-unterstuetzt-gastro-elite\/"},"wordCount":108,"publisher":{"@id":"https:\/\/www.aligro.ch\/pages\/#organization"},"image":{"@id":"https:\/\/www.aligro.ch\/pages\/de\/news\/aligro-unterstuetzt-gastro-elite\/#primaryimage"},"thumbnailUrl":"https:\/\/www.aligro.ch\/pages\/wp-content\/uploads\/2023\/03\/OFFA23_Banner_1920_gelb.jpg","articleSection":["Andere"],"inLanguage":"fr-FR"},{"@type":"WebPage","@id":"https:\/\/www.aligro.ch\/pages\/de\/news\/aligro-unterstuetzt-gastro-elite\/","url":"https:\/\/www.aligro.ch\/pages\/de\/news\/aligro-unterstuetzt-gastro-elite\/","name":"ALIGRO unterst\u00fctzt Gastro-Elite","isPartOf":{"@id":"https:\/\/www.aligro.ch\/pages\/#website"},"primaryImageOfPage":{"@id":"https:\/\/www.aligro.ch\/pages\/de\/news\/aligro-unterstuetzt-gastro-elite\/#primaryimage"},"image":{"@id":"https:\/\/www.aligro.ch\/pages\/de\/news\/aligro-unterstuetzt-gastro-elite\/#primaryimage"},"thumbnailUrl":"https:\/\/www.aligro.ch\/pages\/wp-content\/uploads\/2023\/03\/OFFA23_Banner_1920_gelb.jpg","datePublished":"2023-03-30T07:00:36+00:00","dateModified":"2023-04-12T09:29:15+00:00","description":"An der OFFA-Messe St. Gallen, die vom 19. bis 23. April stattfindet, wird ALIGRO den Gastro-Elite-Wettbewerb unterst\u00fctzen.","breadcrumb":{"@id":"https:\/\/www.aligro.ch\/pages\/de\/news\/aligro-unterstuetzt-gastro-elite\/#breadcrumb"},"inLanguage":"fr-FR","potentialAction":[{"@type":"ReadAction","target":["https:\/\/www.aligro.ch\/pages\/de\/news\/aligro-unterstuetzt-gastro-elite\/"]}]},{"@type":"ImageObject","inLanguage":"fr-FR","@id":"https:\/\/www.aligro.ch\/pages\/de\/news\/aligro-unterstuetzt-gastro-elite\/#primaryimage","url":"https:\/\/www.aligro.ch\/pages\/wp-content\/uploads\/2023\/03\/OFFA23_Banner_1920_gelb.jpg","contentUrl":"https:\/\/www.aligro.ch\/pages\/wp-content\/uploads\/2023\/03\/OFFA23_Banner_1920_gelb.jpg","width":1920,"height":1029},{"@type":"BreadcrumbList","@id":"https:\/\/www.aligro.ch\/pages\/de\/news\/aligro-unterstuetzt-gastro-elite\/#breadcrumb","itemListElement":[{"@type":"ListItem","position":1,"name":"Accueil","item":"https:\/\/www.aligro.ch\/pages\/de\/aligro-academy\/"},{"@type":"ListItem","position":2,"name":"ALIGRO unterst\u00fctzt Gastro-Elite"}]},{"@type":"WebSite","@id":"https:\/\/www.aligro.ch\/pages\/#website","url":"https:\/\/www.aligro.ch\/pages\/","name":"ALIGRO","description":"Fra\u00eecheur. Qualit\u00e9. Inspiration.","publisher":{"@id":"https:\/\/www.aligro.ch\/pages\/#organization"},"potentialAction":[{"@type":"SearchAction","target":{"@type":"EntryPoint","urlTemplate":"https:\/\/www.aligro.ch\/pages\/?s={search_term_string}"},"query-input":{"@type":"PropertyValueSpecification","valueRequired":true,"valueName":"search_term_string"}}],"inLanguage":"fr-FR"},{"@type":"Organization","@id":"https:\/\/www.aligro.ch\/pages\/#organization","name":"ALIGRO","url":"https:\/\/www.aligro.ch\/pages\/","logo":{"@type":"ImageObject","inLanguage":"fr-FR","@id":"https:\/\/www.aligro.ch\/pages\/#\/schema\/logo\/image\/","url":"https:\/\/www.aligro.ch\/pages\/wp-content\/uploads\/2018\/10\/Logo@4x.png","contentUrl":"https:\/\/www.aligro.ch\/pages\/wp-content\/uploads\/2018\/10\/Logo@4x.png","width":1831,"height":228,"caption":"ALIGRO"},"image":{"@id":"https:\/\/www.aligro.ch\/pages\/#\/schema\/logo\/image\/"},"sameAs":["https:\/\/fb.com\/aligrosuisse"]},{"@type":"Person","@id":"https:\/\/www.aligro.ch\/pages\/#\/schema\/person\/abe4f4a53fec53a8dea10e43adbbe7e3","name":"Vincent Lavanchy","image":{"@type":"ImageObject","inLanguage":"fr-FR","@id":"https:\/\/secure.gravatar.com\/avatar\/0c26d4efb7d6ae3d3acfb21cea043eed07c8459ea7780b7c5d9d73543f0c4d2e?s=96&d=mm&r=g","url":"https:\/\/secure.gravatar.com\/avatar\/0c26d4efb7d6ae3d3acfb21cea043eed07c8459ea7780b7c5d9d73543f0c4d2e?s=96&d=mm&r=g","contentUrl":"https:\/\/secure.gravatar.com\/avatar\/0c26d4efb7d6ae3d3acfb21cea043eed07c8459ea7780b7c5d9d73543f0c4d2e?s=96&d=mm&r=g","caption":"Vincent Lavanchy"}}]}},"_links":{"self":[{"href":"https:\/\/www.aligro.ch\/pages\/wp-json\/wp\/v2\/posts\/63227","targetHints":{"allow":["GET"]}}],"collection":[{"href":"https:\/\/www.aligro.ch\/pages\/wp-json\/wp\/v2\/posts"}],"about":[{"href":"https:\/\/www.aligro.ch\/pages\/wp-json\/wp\/v2\/types\/post"}],"author":[{"embeddable":true,"href":"https:\/\/www.aligro.ch\/pages\/wp-json\/wp\/v2\/users\/9"}],"replies":[{"embeddable":true,"href":"https:\/\/www.aligro.ch\/pages\/wp-json\/wp\/v2\/comments?post=63227"}],"version-history":[{"count":5,"href":"https:\/\/www.aligro.ch\/pages\/wp-json\/wp\/v2\/posts\/63227\/revisions"}],"predecessor-version":[{"id":63865,"href":"https:\/\/www.aligro.ch\/pages\/wp-json\/wp\/v2\/posts\/63227\/revisions\/63865"}],"wp:featuredmedia":[{"embeddable":true,"href":"https:\/\/www.aligro.ch\/pages\/wp-json\/wp\/v2\/media\/63239"}],"wp:attachment":[{"href":"https:\/\/www.aligro.ch\/pages\/wp-json\/wp\/v2\/media?parent=63227"}],"wp:term":[{"taxonomy":"category","embeddable":true,"href":"https:\/\/www.aligro.ch\/pages\/wp-json\/wp\/v2\/categories?post=63227"},{"taxonomy":"post_tag","embeddable":true,"href":"https:\/\/www.aligro.ch\/pages\/wp-json\/wp\/v2\/tags?post=63227"}],"curies":[{"name":"wp","href":"https:\/\/api.w.org\/{rel}","templated":true}]}}