{"id":60628,"date":"2023-01-03T10:17:10","date_gmt":"2023-01-03T09:17:10","guid":{"rendered":"https:\/\/www.aligro.ch\/pages\/?p=60628"},"modified":"2023-01-03T10:17:10","modified_gmt":"2023-01-03T09:17:10","slug":"christoph-hunziker-bringt-die-schweiz-ins-weltfinale-des-bocuse-dor-in-lyon-2023","status":"publish","type":"post","link":"https:\/\/www.aligro.ch\/pages\/de\/news\/christoph-hunziker-bringt-die-schweiz-ins-weltfinale-des-bocuse-dor-in-lyon-2023\/","title":{"rendered":"Christoph Hunziker bringt die Schweiz ins Weltfinale des Bocuse d&rsquo;Or in Lyon 2023"},"content":{"rendered":"<div class=\"wpb-content-wrapper\"><p>[vc_row][vc_column][vc_column_text]<strong>Am 22. und 23. Januar 2023 wird Christoph Hunziker als dritter Vertreter der Schweiz am Weltfinale des Bocuse d&rsquo;Or in Lyon teilnehmen! Acht Jahre nach seiner ersten Teilnahme am Wettbewerb im Jahr 2015 wird der Berner Koch gegen Kandidaten aus \u00fcber 20 L\u00e4ndern antreten. ALIGRO w\u00fcnscht dem helvetischen Champion viel Gl\u00fcck.<\/strong><\/p>\n<p>Bei der erfolgreichen Teilnahme am europ\u00e4ischen Finale in Budapest 2022, wo sie den neunten Platz erreichten, pr\u00e4sentierten Christoph Hunziker und seine Commis C\u00e9line Maier eine kulinarische Kreation, die von Rezepten aus der Heimatregion des Kochs in Sch\u00fcpberg (BE) inspiriert war. In der ersten Runde servierte das Schweizer Team eine Fr\u00fchlingskomposition aus ungarischen Kartoffeln \u00ab\u00a0nach Sch\u00fcpbergs Art\u00a0\u00bb sowie ein Morchel-Gourmet-Erbsen-Ragout mit Spargel und einer Schweizer Weinreduktion. In der zweiten Runde probierte die Jury einen Rehr\u00fccken mit Schweizer Kirschlik\u00f6r aus Sch\u00fcpberg, eine Keule glasiert mit Entenleber und Berner Alpenkr\u00e4utern, eine knusprige Tartelette sowie zwei Gem\u00fcsegerichte. Der K\u00fcchenchef wollte seiner Region Tribut zollen, indem er verschiedene typische Produkte in den Vordergrund stellte.<\/p>\n<p>Seit seinem Erfolg auf der europ\u00e4ischen Ebene bereiten sich der Koch und seine Commis intensiv auf das Weltfinale 2023 in Lyon vor. Die Schweizer Akademie Bocuse d\u2019Or hat ihnen einen Raum zur Verf\u00fcgung gestellt, in dem sie sowohl ihre Technik als auch ihr Programm perfektionieren k\u00f6nnen. Derzeit trainieren sie mit der Unterst\u00fctzung ihres Coachs Dominic Bucher und des K\u00fcchenchefs <a href=\"https:\/\/www.aligro.ch\/pages\/de\/news\/die-tipps-von-kuechenchef-mario-garcia-fuer-ein-gelungenes-weihnachtsmenue\/\">Mario Garcia<\/a>. Die Startreihenfolge f\u00fcr das Finale ist bereits bekannt: Christoph Hunziker beginnt am 22. Januar um 9.44 Uhr mit den Vorbereitungen, schickt um 14.39 Uhr einen Teller und um 15.14 Uhr den Hauptgang.<\/p>\n<p>ALIGRO <a href=\"https:\/\/www.aligro.ch\/pages\/de\/unternehmen\/unterstuetzung-der-gastronomie\/\">unterst\u00fctzt seit vielen Jahren aktiv die Gastronomie<\/a>, freut sich auf den Wettbewerb und w\u00fcnscht dem Koch und seinem Team viel Gl\u00fcck.[\/vc_column_text][\/vc_column][\/vc_row]<\/p>\n<\/div>","protected":false},"excerpt":{"rendered":"<p>[vc_row][vc_column][vc_column_text]Am 22. und 23. Januar 2023 wird Christoph Hunziker als dritter Vertreter der Schweiz am Weltfinale des Bocuse<a class=\"moretag\" href=\"https:\/\/www.aligro.ch\/pages\/de\/news\/christoph-hunziker-bringt-die-schweiz-ins-weltfinale-des-bocuse-dor-in-lyon-2023\/\"> &#8230;<\/a><\/p>\n","protected":false},"author":9,"featured_media":60631,"comment_status":"closed","ping_status":"closed","sticky":false,"template":"","format":"standard","meta":{"_acf_changed":false,"footnotes":""},"categories":[268],"tags":[],"class_list":["post-60628","post","type-post","status-publish","format-standard","has-post-thumbnail","hentry","category-news-de"],"acf":[],"yoast_head":"<!-- This site is optimized with the Yoast SEO plugin v27.4 - https:\/\/yoast.com\/product\/yoast-seo-wordpress\/ -->\n<title>Christoph Hunziker bringt die Schweiz ins Weltfinale des Bocuse d&#039;Or in Lyon 2023<\/title>\n<meta name=\"robots\" content=\"index, follow, max-snippet:-1, max-image-preview:large, max-video-preview:-1\" \/>\n<link rel=\"canonical\" href=\"https:\/\/www.aligro.ch\/pages\/de\/news\/christoph-hunziker-bringt-die-schweiz-ins-weltfinale-des-bocuse-dor-in-lyon-2023\/\" \/>\n<meta property=\"og:locale\" content=\"fr_FR\" \/>\n<meta property=\"og:type\" content=\"article\" \/>\n<meta property=\"og:title\" content=\"Christoph Hunziker bringt die Schweiz ins Weltfinale des Bocuse d&#039;Or in Lyon 2023\" \/>\n<meta property=\"og:description\" content=\"[vc_row][vc_column][vc_column_text]Am 22. und 23. Januar 2023 wird Christoph Hunziker als dritter Vertreter der Schweiz am Weltfinale des Bocuse ...\" \/>\n<meta property=\"og:url\" content=\"https:\/\/www.aligro.ch\/pages\/de\/news\/christoph-hunziker-bringt-die-schweiz-ins-weltfinale-des-bocuse-dor-in-lyon-2023\/\" \/>\n<meta property=\"og:site_name\" content=\"ALIGRO\" \/>\n<meta property=\"article:publisher\" content=\"https:\/\/fb.com\/aligrosuisse\" \/>\n<meta property=\"article:published_time\" content=\"2023-01-03T09:17:10+00:00\" \/>\n<meta property=\"og:image\" content=\"https:\/\/www.aligro.ch\/pages\/wp-content\/uploads\/2023\/01\/Bocuse-d-Or-1.jpg\" \/>\n\t<meta property=\"og:image:width\" content=\"1400\" \/>\n\t<meta property=\"og:image:height\" content=\"1031\" \/>\n\t<meta property=\"og:image:type\" content=\"image\/jpeg\" \/>\n<meta name=\"author\" content=\"Vincent Lavanchy\" \/>\n<meta name=\"twitter:card\" content=\"summary_large_image\" \/>\n<meta name=\"twitter:label1\" content=\"\u00c9crit par\" \/>\n\t<meta name=\"twitter:data1\" content=\"Vincent Lavanchy\" \/>\n\t<meta name=\"twitter:label2\" content=\"Dur\u00e9e de lecture estim\u00e9e\" \/>\n\t<meta name=\"twitter:data2\" content=\"2 minutes\" \/>\n<script type=\"application\/ld+json\" class=\"yoast-schema-graph\">{\"@context\":\"https:\\\/\\\/schema.org\",\"@graph\":[{\"@type\":\"Article\",\"@id\":\"https:\\\/\\\/www.aligro.ch\\\/pages\\\/de\\\/news\\\/christoph-hunziker-bringt-die-schweiz-ins-weltfinale-des-bocuse-dor-in-lyon-2023\\\/#article\",\"isPartOf\":{\"@id\":\"https:\\\/\\\/www.aligro.ch\\\/pages\\\/de\\\/news\\\/christoph-hunziker-bringt-die-schweiz-ins-weltfinale-des-bocuse-dor-in-lyon-2023\\\/\"},\"author\":{\"name\":\"Vincent Lavanchy\",\"@id\":\"https:\\\/\\\/www.aligro.ch\\\/pages\\\/#\\\/schema\\\/person\\\/abe4f4a53fec53a8dea10e43adbbe7e3\"},\"headline\":\"Christoph Hunziker bringt die Schweiz ins Weltfinale des Bocuse d&rsquo;Or in Lyon 2023\",\"datePublished\":\"2023-01-03T09:17:10+00:00\",\"mainEntityOfPage\":{\"@id\":\"https:\\\/\\\/www.aligro.ch\\\/pages\\\/de\\\/news\\\/christoph-hunziker-bringt-die-schweiz-ins-weltfinale-des-bocuse-dor-in-lyon-2023\\\/\"},\"wordCount\":317,\"publisher\":{\"@id\":\"https:\\\/\\\/www.aligro.ch\\\/pages\\\/#organization\"},\"image\":{\"@id\":\"https:\\\/\\\/www.aligro.ch\\\/pages\\\/de\\\/news\\\/christoph-hunziker-bringt-die-schweiz-ins-weltfinale-des-bocuse-dor-in-lyon-2023\\\/#primaryimage\"},\"thumbnailUrl\":\"https:\\\/\\\/www.aligro.ch\\\/pages\\\/wp-content\\\/uploads\\\/2023\\\/01\\\/Bocuse-d-Or-1.jpg\",\"articleSection\":[\"News\"],\"inLanguage\":\"fr-FR\"},{\"@type\":\"WebPage\",\"@id\":\"https:\\\/\\\/www.aligro.ch\\\/pages\\\/de\\\/news\\\/christoph-hunziker-bringt-die-schweiz-ins-weltfinale-des-bocuse-dor-in-lyon-2023\\\/\",\"url\":\"https:\\\/\\\/www.aligro.ch\\\/pages\\\/de\\\/news\\\/christoph-hunziker-bringt-die-schweiz-ins-weltfinale-des-bocuse-dor-in-lyon-2023\\\/\",\"name\":\"Christoph Hunziker bringt die Schweiz ins Weltfinale des Bocuse d'Or in Lyon 2023\",\"isPartOf\":{\"@id\":\"https:\\\/\\\/www.aligro.ch\\\/pages\\\/#website\"},\"primaryImageOfPage\":{\"@id\":\"https:\\\/\\\/www.aligro.ch\\\/pages\\\/de\\\/news\\\/christoph-hunziker-bringt-die-schweiz-ins-weltfinale-des-bocuse-dor-in-lyon-2023\\\/#primaryimage\"},\"image\":{\"@id\":\"https:\\\/\\\/www.aligro.ch\\\/pages\\\/de\\\/news\\\/christoph-hunziker-bringt-die-schweiz-ins-weltfinale-des-bocuse-dor-in-lyon-2023\\\/#primaryimage\"},\"thumbnailUrl\":\"https:\\\/\\\/www.aligro.ch\\\/pages\\\/wp-content\\\/uploads\\\/2023\\\/01\\\/Bocuse-d-Or-1.jpg\",\"datePublished\":\"2023-01-03T09:17:10+00:00\",\"breadcrumb\":{\"@id\":\"https:\\\/\\\/www.aligro.ch\\\/pages\\\/de\\\/news\\\/christoph-hunziker-bringt-die-schweiz-ins-weltfinale-des-bocuse-dor-in-lyon-2023\\\/#breadcrumb\"},\"inLanguage\":\"fr-FR\",\"potentialAction\":[{\"@type\":\"ReadAction\",\"target\":[\"https:\\\/\\\/www.aligro.ch\\\/pages\\\/de\\\/news\\\/christoph-hunziker-bringt-die-schweiz-ins-weltfinale-des-bocuse-dor-in-lyon-2023\\\/\"]}]},{\"@type\":\"ImageObject\",\"inLanguage\":\"fr-FR\",\"@id\":\"https:\\\/\\\/www.aligro.ch\\\/pages\\\/de\\\/news\\\/christoph-hunziker-bringt-die-schweiz-ins-weltfinale-des-bocuse-dor-in-lyon-2023\\\/#primaryimage\",\"url\":\"https:\\\/\\\/www.aligro.ch\\\/pages\\\/wp-content\\\/uploads\\\/2023\\\/01\\\/Bocuse-d-Or-1.jpg\",\"contentUrl\":\"https:\\\/\\\/www.aligro.ch\\\/pages\\\/wp-content\\\/uploads\\\/2023\\\/01\\\/Bocuse-d-Or-1.jpg\",\"width\":1400,\"height\":1031},{\"@type\":\"BreadcrumbList\",\"@id\":\"https:\\\/\\\/www.aligro.ch\\\/pages\\\/de\\\/news\\\/christoph-hunziker-bringt-die-schweiz-ins-weltfinale-des-bocuse-dor-in-lyon-2023\\\/#breadcrumb\",\"itemListElement\":[{\"@type\":\"ListItem\",\"position\":1,\"name\":\"Accueil\",\"item\":\"https:\\\/\\\/www.aligro.ch\\\/pages\\\/de\\\/aligro-academy\\\/\"},{\"@type\":\"ListItem\",\"position\":2,\"name\":\"Christoph Hunziker bringt die Schweiz ins Weltfinale des Bocuse d&rsquo;Or in Lyon 2023\"}]},{\"@type\":\"WebSite\",\"@id\":\"https:\\\/\\\/www.aligro.ch\\\/pages\\\/#website\",\"url\":\"https:\\\/\\\/www.aligro.ch\\\/pages\\\/\",\"name\":\"ALIGRO\",\"description\":\"Fra\u00eecheur. Qualit\u00e9. Inspiration.\",\"publisher\":{\"@id\":\"https:\\\/\\\/www.aligro.ch\\\/pages\\\/#organization\"},\"potentialAction\":[{\"@type\":\"SearchAction\",\"target\":{\"@type\":\"EntryPoint\",\"urlTemplate\":\"https:\\\/\\\/www.aligro.ch\\\/pages\\\/?s={search_term_string}\"},\"query-input\":{\"@type\":\"PropertyValueSpecification\",\"valueRequired\":true,\"valueName\":\"search_term_string\"}}],\"inLanguage\":\"fr-FR\"},{\"@type\":\"Organization\",\"@id\":\"https:\\\/\\\/www.aligro.ch\\\/pages\\\/#organization\",\"name\":\"ALIGRO\",\"url\":\"https:\\\/\\\/www.aligro.ch\\\/pages\\\/\",\"logo\":{\"@type\":\"ImageObject\",\"inLanguage\":\"fr-FR\",\"@id\":\"https:\\\/\\\/www.aligro.ch\\\/pages\\\/#\\\/schema\\\/logo\\\/image\\\/\",\"url\":\"https:\\\/\\\/www.aligro.ch\\\/pages\\\/wp-content\\\/uploads\\\/2018\\\/10\\\/Logo@4x.png\",\"contentUrl\":\"https:\\\/\\\/www.aligro.ch\\\/pages\\\/wp-content\\\/uploads\\\/2018\\\/10\\\/Logo@4x.png\",\"width\":1831,\"height\":228,\"caption\":\"ALIGRO\"},\"image\":{\"@id\":\"https:\\\/\\\/www.aligro.ch\\\/pages\\\/#\\\/schema\\\/logo\\\/image\\\/\"},\"sameAs\":[\"https:\\\/\\\/fb.com\\\/aligrosuisse\"]},{\"@type\":\"Person\",\"@id\":\"https:\\\/\\\/www.aligro.ch\\\/pages\\\/#\\\/schema\\\/person\\\/abe4f4a53fec53a8dea10e43adbbe7e3\",\"name\":\"Vincent Lavanchy\",\"image\":{\"@type\":\"ImageObject\",\"inLanguage\":\"fr-FR\",\"@id\":\"https:\\\/\\\/secure.gravatar.com\\\/avatar\\\/0c26d4efb7d6ae3d3acfb21cea043eed07c8459ea7780b7c5d9d73543f0c4d2e?s=96&d=mm&r=g\",\"url\":\"https:\\\/\\\/secure.gravatar.com\\\/avatar\\\/0c26d4efb7d6ae3d3acfb21cea043eed07c8459ea7780b7c5d9d73543f0c4d2e?s=96&d=mm&r=g\",\"contentUrl\":\"https:\\\/\\\/secure.gravatar.com\\\/avatar\\\/0c26d4efb7d6ae3d3acfb21cea043eed07c8459ea7780b7c5d9d73543f0c4d2e?s=96&d=mm&r=g\",\"caption\":\"Vincent Lavanchy\"}}]}<\/script>\n<!-- \/ Yoast SEO plugin. -->","yoast_head_json":{"title":"Christoph Hunziker bringt die Schweiz ins Weltfinale des Bocuse d'Or in Lyon 2023","robots":{"index":"index","follow":"follow","max-snippet":"max-snippet:-1","max-image-preview":"max-image-preview:large","max-video-preview":"max-video-preview:-1"},"canonical":"https:\/\/www.aligro.ch\/pages\/de\/news\/christoph-hunziker-bringt-die-schweiz-ins-weltfinale-des-bocuse-dor-in-lyon-2023\/","og_locale":"fr_FR","og_type":"article","og_title":"Christoph Hunziker bringt die Schweiz ins Weltfinale des Bocuse d'Or in Lyon 2023","og_description":"[vc_row][vc_column][vc_column_text]Am 22. und 23. Januar 2023 wird Christoph Hunziker als dritter Vertreter der Schweiz am Weltfinale des Bocuse ...","og_url":"https:\/\/www.aligro.ch\/pages\/de\/news\/christoph-hunziker-bringt-die-schweiz-ins-weltfinale-des-bocuse-dor-in-lyon-2023\/","og_site_name":"ALIGRO","article_publisher":"https:\/\/fb.com\/aligrosuisse","article_published_time":"2023-01-03T09:17:10+00:00","og_image":[{"width":1400,"height":1031,"url":"https:\/\/www.aligro.ch\/pages\/wp-content\/uploads\/2023\/01\/Bocuse-d-Or-1.jpg","type":"image\/jpeg"}],"author":"Vincent Lavanchy","twitter_card":"summary_large_image","twitter_misc":{"\u00c9crit par":"Vincent Lavanchy","Dur\u00e9e de lecture estim\u00e9e":"2 minutes"},"schema":{"@context":"https:\/\/schema.org","@graph":[{"@type":"Article","@id":"https:\/\/www.aligro.ch\/pages\/de\/news\/christoph-hunziker-bringt-die-schweiz-ins-weltfinale-des-bocuse-dor-in-lyon-2023\/#article","isPartOf":{"@id":"https:\/\/www.aligro.ch\/pages\/de\/news\/christoph-hunziker-bringt-die-schweiz-ins-weltfinale-des-bocuse-dor-in-lyon-2023\/"},"author":{"name":"Vincent Lavanchy","@id":"https:\/\/www.aligro.ch\/pages\/#\/schema\/person\/abe4f4a53fec53a8dea10e43adbbe7e3"},"headline":"Christoph Hunziker bringt die Schweiz ins Weltfinale des Bocuse d&rsquo;Or in Lyon 2023","datePublished":"2023-01-03T09:17:10+00:00","mainEntityOfPage":{"@id":"https:\/\/www.aligro.ch\/pages\/de\/news\/christoph-hunziker-bringt-die-schweiz-ins-weltfinale-des-bocuse-dor-in-lyon-2023\/"},"wordCount":317,"publisher":{"@id":"https:\/\/www.aligro.ch\/pages\/#organization"},"image":{"@id":"https:\/\/www.aligro.ch\/pages\/de\/news\/christoph-hunziker-bringt-die-schweiz-ins-weltfinale-des-bocuse-dor-in-lyon-2023\/#primaryimage"},"thumbnailUrl":"https:\/\/www.aligro.ch\/pages\/wp-content\/uploads\/2023\/01\/Bocuse-d-Or-1.jpg","articleSection":["News"],"inLanguage":"fr-FR"},{"@type":"WebPage","@id":"https:\/\/www.aligro.ch\/pages\/de\/news\/christoph-hunziker-bringt-die-schweiz-ins-weltfinale-des-bocuse-dor-in-lyon-2023\/","url":"https:\/\/www.aligro.ch\/pages\/de\/news\/christoph-hunziker-bringt-die-schweiz-ins-weltfinale-des-bocuse-dor-in-lyon-2023\/","name":"Christoph Hunziker bringt die Schweiz ins Weltfinale des Bocuse d'Or in Lyon 2023","isPartOf":{"@id":"https:\/\/www.aligro.ch\/pages\/#website"},"primaryImageOfPage":{"@id":"https:\/\/www.aligro.ch\/pages\/de\/news\/christoph-hunziker-bringt-die-schweiz-ins-weltfinale-des-bocuse-dor-in-lyon-2023\/#primaryimage"},"image":{"@id":"https:\/\/www.aligro.ch\/pages\/de\/news\/christoph-hunziker-bringt-die-schweiz-ins-weltfinale-des-bocuse-dor-in-lyon-2023\/#primaryimage"},"thumbnailUrl":"https:\/\/www.aligro.ch\/pages\/wp-content\/uploads\/2023\/01\/Bocuse-d-Or-1.jpg","datePublished":"2023-01-03T09:17:10+00:00","breadcrumb":{"@id":"https:\/\/www.aligro.ch\/pages\/de\/news\/christoph-hunziker-bringt-die-schweiz-ins-weltfinale-des-bocuse-dor-in-lyon-2023\/#breadcrumb"},"inLanguage":"fr-FR","potentialAction":[{"@type":"ReadAction","target":["https:\/\/www.aligro.ch\/pages\/de\/news\/christoph-hunziker-bringt-die-schweiz-ins-weltfinale-des-bocuse-dor-in-lyon-2023\/"]}]},{"@type":"ImageObject","inLanguage":"fr-FR","@id":"https:\/\/www.aligro.ch\/pages\/de\/news\/christoph-hunziker-bringt-die-schweiz-ins-weltfinale-des-bocuse-dor-in-lyon-2023\/#primaryimage","url":"https:\/\/www.aligro.ch\/pages\/wp-content\/uploads\/2023\/01\/Bocuse-d-Or-1.jpg","contentUrl":"https:\/\/www.aligro.ch\/pages\/wp-content\/uploads\/2023\/01\/Bocuse-d-Or-1.jpg","width":1400,"height":1031},{"@type":"BreadcrumbList","@id":"https:\/\/www.aligro.ch\/pages\/de\/news\/christoph-hunziker-bringt-die-schweiz-ins-weltfinale-des-bocuse-dor-in-lyon-2023\/#breadcrumb","itemListElement":[{"@type":"ListItem","position":1,"name":"Accueil","item":"https:\/\/www.aligro.ch\/pages\/de\/aligro-academy\/"},{"@type":"ListItem","position":2,"name":"Christoph Hunziker bringt die Schweiz ins Weltfinale des Bocuse d&rsquo;Or in Lyon 2023"}]},{"@type":"WebSite","@id":"https:\/\/www.aligro.ch\/pages\/#website","url":"https:\/\/www.aligro.ch\/pages\/","name":"ALIGRO","description":"Fra\u00eecheur. Qualit\u00e9. Inspiration.","publisher":{"@id":"https:\/\/www.aligro.ch\/pages\/#organization"},"potentialAction":[{"@type":"SearchAction","target":{"@type":"EntryPoint","urlTemplate":"https:\/\/www.aligro.ch\/pages\/?s={search_term_string}"},"query-input":{"@type":"PropertyValueSpecification","valueRequired":true,"valueName":"search_term_string"}}],"inLanguage":"fr-FR"},{"@type":"Organization","@id":"https:\/\/www.aligro.ch\/pages\/#organization","name":"ALIGRO","url":"https:\/\/www.aligro.ch\/pages\/","logo":{"@type":"ImageObject","inLanguage":"fr-FR","@id":"https:\/\/www.aligro.ch\/pages\/#\/schema\/logo\/image\/","url":"https:\/\/www.aligro.ch\/pages\/wp-content\/uploads\/2018\/10\/Logo@4x.png","contentUrl":"https:\/\/www.aligro.ch\/pages\/wp-content\/uploads\/2018\/10\/Logo@4x.png","width":1831,"height":228,"caption":"ALIGRO"},"image":{"@id":"https:\/\/www.aligro.ch\/pages\/#\/schema\/logo\/image\/"},"sameAs":["https:\/\/fb.com\/aligrosuisse"]},{"@type":"Person","@id":"https:\/\/www.aligro.ch\/pages\/#\/schema\/person\/abe4f4a53fec53a8dea10e43adbbe7e3","name":"Vincent Lavanchy","image":{"@type":"ImageObject","inLanguage":"fr-FR","@id":"https:\/\/secure.gravatar.com\/avatar\/0c26d4efb7d6ae3d3acfb21cea043eed07c8459ea7780b7c5d9d73543f0c4d2e?s=96&d=mm&r=g","url":"https:\/\/secure.gravatar.com\/avatar\/0c26d4efb7d6ae3d3acfb21cea043eed07c8459ea7780b7c5d9d73543f0c4d2e?s=96&d=mm&r=g","contentUrl":"https:\/\/secure.gravatar.com\/avatar\/0c26d4efb7d6ae3d3acfb21cea043eed07c8459ea7780b7c5d9d73543f0c4d2e?s=96&d=mm&r=g","caption":"Vincent Lavanchy"}}]}},"_links":{"self":[{"href":"https:\/\/www.aligro.ch\/pages\/wp-json\/wp\/v2\/posts\/60628","targetHints":{"allow":["GET"]}}],"collection":[{"href":"https:\/\/www.aligro.ch\/pages\/wp-json\/wp\/v2\/posts"}],"about":[{"href":"https:\/\/www.aligro.ch\/pages\/wp-json\/wp\/v2\/types\/post"}],"author":[{"embeddable":true,"href":"https:\/\/www.aligro.ch\/pages\/wp-json\/wp\/v2\/users\/9"}],"replies":[{"embeddable":true,"href":"https:\/\/www.aligro.ch\/pages\/wp-json\/wp\/v2\/comments?post=60628"}],"version-history":[{"count":2,"href":"https:\/\/www.aligro.ch\/pages\/wp-json\/wp\/v2\/posts\/60628\/revisions"}],"predecessor-version":[{"id":60632,"href":"https:\/\/www.aligro.ch\/pages\/wp-json\/wp\/v2\/posts\/60628\/revisions\/60632"}],"wp:featuredmedia":[{"embeddable":true,"href":"https:\/\/www.aligro.ch\/pages\/wp-json\/wp\/v2\/media\/60631"}],"wp:attachment":[{"href":"https:\/\/www.aligro.ch\/pages\/wp-json\/wp\/v2\/media?parent=60628"}],"wp:term":[{"taxonomy":"category","embeddable":true,"href":"https:\/\/www.aligro.ch\/pages\/wp-json\/wp\/v2\/categories?post=60628"},{"taxonomy":"post_tag","embeddable":true,"href":"https:\/\/www.aligro.ch\/pages\/wp-json\/wp\/v2\/tags?post=60628"}],"curies":[{"name":"wp","href":"https:\/\/api.w.org\/{rel}","templated":true}]}}