{"id":60626,"date":"2023-01-03T10:16:57","date_gmt":"2023-01-03T09:16:57","guid":{"rendered":"https:\/\/www.aligro.ch\/pages\/?p=60626"},"modified":"2023-01-03T10:16:57","modified_gmt":"2023-01-03T09:16:57","slug":"christoph-hunziker-hisse-la-suisse-en-finale-mondiale-du-bocuse-dor-a-lyon-2023","status":"publish","type":"post","link":"https:\/\/www.aligro.ch\/pages\/fr\/news\/christoph-hunziker-hisse-la-suisse-en-finale-mondiale-du-bocuse-dor-a-lyon-2023\/","title":{"rendered":"Christoph Hunziker hisse la Suisse en finale mondiale du Bocuse d\u2019Or \u00e0 Lyon 2023"},"content":{"rendered":"<div class=\"wpb-content-wrapper\"><p>[vc_row][vc_column][vc_column_text]<strong>Les 22 et 23 janvier 2023, Christoph Hunziker deviendra le 3<sup>\u00e8me<\/sup> repr\u00e9sentant de la Suisse \u00e0 la finale mondiale du Bocuse d\u2019Or \u00e0 Lyon\u00a0! Huit ans apr\u00e8s sa premi\u00e8re participation en 2015, le chef bernois affrontera des candidats issus de plus de vingt pays. ALIGRO souhaite bonne chance au champion helv\u00e9tique.<\/strong><\/p>\n<p>Lors de leur participation \u00e0 la finale europ\u00e9enne \u00e0 Budapest en 2022, \u00e0 laquelle ils ont obtenu la 9<sup>\u00e8me<\/sup> place, Christoph Hunziker et sa commise C\u00e9line Maier ont pr\u00e9sent\u00e9 une cr\u00e9ation culinaire inspir\u00e9e des recettes de la r\u00e9gion d\u2019origine du chef, Sch\u00fcpberg (BE). Pour la premi\u00e8re \u00e9preuve, l\u2019\u00e9quipe suisse a propos\u00e9 une variation de pommes de terre hongroises \u00ab\u00a0aux saveurs de Sch\u00fcpberg\u00a0\u00bb ainsi qu\u2019un rago\u00fbt de morilles et pois gourmands, accompagn\u00e9 d\u2019asperges et d\u2019une r\u00e9duction de vin suisse. Lors la seconde \u00e9preuve, le jury a pu d\u00e9guster une selle de chevreuil \u00e0 la liqueur de cerises suisses de Sch\u00fcpberg, une cuisse confite au foie de canard aux \u00e9pices des Alpes bernoises, une tartelette croustillante, ainsi que deux mets aux l\u00e9gumes. Le chef a souhait\u00e9 rendre hommage \u00e0 sa r\u00e9gion en mettant en avant diff\u00e9rents produits typiques.<\/p>\n<p>Apr\u00e8s le succ\u00e8s de la participation \u00e0 la finale europ\u00e9enne, le chef et sa commise se sont attel\u00e9s \u00e0 une pr\u00e9paration intensive en vue de la finale mondiale \u00e0 Lyon en 2023. L\u2019Acad\u00e9mie Suisse Bocuse d\u2019Or a mis \u00e0 leur disposition un espace dans lequel les champions peuvent perfectionner leur technique aussi bien que leur programme. Ils poursuivent actuellement l\u2019entrainement avec le soutien de leur coach Dominic Bucher ainsi que du chef <a href=\"https:\/\/www.aligro.ch\/pages\/fr\/news\/les-conseils-du-chef-mario-garcia-pour-un-menu-de-noel-reussi\/\">Mario Garcia<\/a>. L\u2019ordre de d\u00e9part de la finale est d\u2019ores et d\u00e9j\u00e0 connu\u00a0: Christoph d\u00e9butera les pr\u00e9parations le 22 janvier \u00e0 9h44, enverra une assiette \u00e0 14h39 puis le plat \u00e0 15h14.<\/p>\n<p>\u0152uvrant activement <a href=\"https:\/\/www.aligro.ch\/pages\/fr\/entreprise\/soutien-de-la-gastronomie\/\">au soutien du domaine de la gastronomie<\/a> depuis de nombreuses ann\u00e9es, ALIGRO se r\u00e9jouit de la comp\u00e9tition et souhaite bonne chance au chef et \u00e0 son \u00e9quipe.[\/vc_column_text][\/vc_column][\/vc_row]<\/p>\n<\/div>","protected":false},"excerpt":{"rendered":"<p>[vc_row][vc_column][vc_column_text]Les 22 et 23 janvier 2023, Christoph Hunziker deviendra le 3\u00e8me repr\u00e9sentant de la Suisse \u00e0 la finale<a class=\"moretag\" href=\"https:\/\/www.aligro.ch\/pages\/fr\/news\/christoph-hunziker-hisse-la-suisse-en-finale-mondiale-du-bocuse-dor-a-lyon-2023\/\"> &#8230;<\/a><\/p>\n","protected":false},"author":9,"featured_media":60629,"comment_status":"closed","ping_status":"closed","sticky":false,"template":"","format":"standard","meta":{"_acf_changed":false,"footnotes":""},"categories":[1,266],"tags":[],"class_list":["post-60626","post","type-post","status-publish","format-standard","has-post-thumbnail","hentry","category-autre","category-news"],"acf":[],"yoast_head":"<!-- This site is optimized with the Yoast SEO plugin v27.4 - https:\/\/yoast.com\/product\/yoast-seo-wordpress\/ -->\n<title>Christoph Hunziker hisse la Suisse en finale mondiale du Bocuse d\u2019Or \u00e0 Lyon 2023<\/title>\n<meta name=\"description\" content=\"Les 22 et 23 janvier 2023, Christoph Hunziker deviendra le 3\u00e8me repr\u00e9sentant de la Suisse \u00e0 la finale mondiale du Bocuse d\u2019Or \u00e0 Lyon\u00a0!\" \/>\n<meta name=\"robots\" content=\"index, follow, max-snippet:-1, max-image-preview:large, max-video-preview:-1\" \/>\n<link rel=\"canonical\" href=\"https:\/\/www.aligro.ch\/pages\/fr\/news\/christoph-hunziker-hisse-la-suisse-en-finale-mondiale-du-bocuse-dor-a-lyon-2023\/\" \/>\n<meta property=\"og:locale\" content=\"fr_FR\" \/>\n<meta property=\"og:type\" content=\"article\" \/>\n<meta property=\"og:title\" content=\"Christoph Hunziker hisse la Suisse en finale mondiale du Bocuse d\u2019Or \u00e0 Lyon 2023\" \/>\n<meta property=\"og:description\" content=\"Les 22 et 23 janvier 2023, Christoph Hunziker deviendra le 3\u00e8me repr\u00e9sentant de la Suisse \u00e0 la finale mondiale du Bocuse d\u2019Or \u00e0 Lyon\u00a0!\" \/>\n<meta property=\"og:url\" content=\"https:\/\/www.aligro.ch\/pages\/fr\/news\/christoph-hunziker-hisse-la-suisse-en-finale-mondiale-du-bocuse-dor-a-lyon-2023\/\" \/>\n<meta property=\"og:site_name\" content=\"ALIGRO\" \/>\n<meta property=\"article:publisher\" content=\"https:\/\/fb.com\/aligrosuisse\" \/>\n<meta property=\"article:published_time\" content=\"2023-01-03T09:16:57+00:00\" \/>\n<meta property=\"og:image\" content=\"https:\/\/www.aligro.ch\/pages\/wp-content\/uploads\/2023\/01\/Bocuse-d-Or.jpg\" \/>\n\t<meta property=\"og:image:width\" content=\"1400\" \/>\n\t<meta property=\"og:image:height\" content=\"1031\" \/>\n\t<meta property=\"og:image:type\" content=\"image\/jpeg\" \/>\n<meta name=\"author\" content=\"Vincent Lavanchy\" \/>\n<meta name=\"twitter:card\" content=\"summary_large_image\" \/>\n<meta name=\"twitter:label1\" content=\"\u00c9crit par\" \/>\n\t<meta name=\"twitter:data1\" content=\"Vincent Lavanchy\" \/>\n\t<meta name=\"twitter:label2\" content=\"Dur\u00e9e de lecture estim\u00e9e\" \/>\n\t<meta name=\"twitter:data2\" content=\"2 minutes\" \/>\n<script type=\"application\/ld+json\" class=\"yoast-schema-graph\">{\"@context\":\"https:\\\/\\\/schema.org\",\"@graph\":[{\"@type\":\"Article\",\"@id\":\"https:\\\/\\\/www.aligro.ch\\\/pages\\\/fr\\\/news\\\/christoph-hunziker-hisse-la-suisse-en-finale-mondiale-du-bocuse-dor-a-lyon-2023\\\/#article\",\"isPartOf\":{\"@id\":\"https:\\\/\\\/www.aligro.ch\\\/pages\\\/fr\\\/news\\\/christoph-hunziker-hisse-la-suisse-en-finale-mondiale-du-bocuse-dor-a-lyon-2023\\\/\"},\"author\":{\"name\":\"Vincent Lavanchy\",\"@id\":\"https:\\\/\\\/www.aligro.ch\\\/pages\\\/#\\\/schema\\\/person\\\/abe4f4a53fec53a8dea10e43adbbe7e3\"},\"headline\":\"Christoph Hunziker hisse la Suisse en finale mondiale du Bocuse d\u2019Or \u00e0 Lyon 2023\",\"datePublished\":\"2023-01-03T09:16:57+00:00\",\"mainEntityOfPage\":{\"@id\":\"https:\\\/\\\/www.aligro.ch\\\/pages\\\/fr\\\/news\\\/christoph-hunziker-hisse-la-suisse-en-finale-mondiale-du-bocuse-dor-a-lyon-2023\\\/\"},\"wordCount\":369,\"publisher\":{\"@id\":\"https:\\\/\\\/www.aligro.ch\\\/pages\\\/#organization\"},\"image\":{\"@id\":\"https:\\\/\\\/www.aligro.ch\\\/pages\\\/fr\\\/news\\\/christoph-hunziker-hisse-la-suisse-en-finale-mondiale-du-bocuse-dor-a-lyon-2023\\\/#primaryimage\"},\"thumbnailUrl\":\"https:\\\/\\\/www.aligro.ch\\\/pages\\\/wp-content\\\/uploads\\\/2023\\\/01\\\/Bocuse-d-Or.jpg\",\"articleSection\":[\"Autre\",\"News\"],\"inLanguage\":\"fr-FR\"},{\"@type\":\"WebPage\",\"@id\":\"https:\\\/\\\/www.aligro.ch\\\/pages\\\/fr\\\/news\\\/christoph-hunziker-hisse-la-suisse-en-finale-mondiale-du-bocuse-dor-a-lyon-2023\\\/\",\"url\":\"https:\\\/\\\/www.aligro.ch\\\/pages\\\/fr\\\/news\\\/christoph-hunziker-hisse-la-suisse-en-finale-mondiale-du-bocuse-dor-a-lyon-2023\\\/\",\"name\":\"Christoph Hunziker hisse la Suisse en finale mondiale du Bocuse d\u2019Or \u00e0 Lyon 2023\",\"isPartOf\":{\"@id\":\"https:\\\/\\\/www.aligro.ch\\\/pages\\\/#website\"},\"primaryImageOfPage\":{\"@id\":\"https:\\\/\\\/www.aligro.ch\\\/pages\\\/fr\\\/news\\\/christoph-hunziker-hisse-la-suisse-en-finale-mondiale-du-bocuse-dor-a-lyon-2023\\\/#primaryimage\"},\"image\":{\"@id\":\"https:\\\/\\\/www.aligro.ch\\\/pages\\\/fr\\\/news\\\/christoph-hunziker-hisse-la-suisse-en-finale-mondiale-du-bocuse-dor-a-lyon-2023\\\/#primaryimage\"},\"thumbnailUrl\":\"https:\\\/\\\/www.aligro.ch\\\/pages\\\/wp-content\\\/uploads\\\/2023\\\/01\\\/Bocuse-d-Or.jpg\",\"datePublished\":\"2023-01-03T09:16:57+00:00\",\"description\":\"Les 22 et 23 janvier 2023, Christoph Hunziker deviendra le 3\u00e8me repr\u00e9sentant de la Suisse \u00e0 la finale mondiale du Bocuse d\u2019Or \u00e0 Lyon\u00a0!\",\"breadcrumb\":{\"@id\":\"https:\\\/\\\/www.aligro.ch\\\/pages\\\/fr\\\/news\\\/christoph-hunziker-hisse-la-suisse-en-finale-mondiale-du-bocuse-dor-a-lyon-2023\\\/#breadcrumb\"},\"inLanguage\":\"fr-FR\",\"potentialAction\":[{\"@type\":\"ReadAction\",\"target\":[\"https:\\\/\\\/www.aligro.ch\\\/pages\\\/fr\\\/news\\\/christoph-hunziker-hisse-la-suisse-en-finale-mondiale-du-bocuse-dor-a-lyon-2023\\\/\"]}]},{\"@type\":\"ImageObject\",\"inLanguage\":\"fr-FR\",\"@id\":\"https:\\\/\\\/www.aligro.ch\\\/pages\\\/fr\\\/news\\\/christoph-hunziker-hisse-la-suisse-en-finale-mondiale-du-bocuse-dor-a-lyon-2023\\\/#primaryimage\",\"url\":\"https:\\\/\\\/www.aligro.ch\\\/pages\\\/wp-content\\\/uploads\\\/2023\\\/01\\\/Bocuse-d-Or.jpg\",\"contentUrl\":\"https:\\\/\\\/www.aligro.ch\\\/pages\\\/wp-content\\\/uploads\\\/2023\\\/01\\\/Bocuse-d-Or.jpg\",\"width\":1400,\"height\":1031},{\"@type\":\"BreadcrumbList\",\"@id\":\"https:\\\/\\\/www.aligro.ch\\\/pages\\\/fr\\\/news\\\/christoph-hunziker-hisse-la-suisse-en-finale-mondiale-du-bocuse-dor-a-lyon-2023\\\/#breadcrumb\",\"itemListElement\":[{\"@type\":\"ListItem\",\"position\":1,\"name\":\"Accueil\",\"item\":\"https:\\\/\\\/www.aligro.ch\\\/pages\\\/de\\\/aligro-academy\\\/\"},{\"@type\":\"ListItem\",\"position\":2,\"name\":\"Christoph Hunziker hisse la Suisse en finale mondiale du Bocuse d\u2019Or \u00e0 Lyon 2023\"}]},{\"@type\":\"WebSite\",\"@id\":\"https:\\\/\\\/www.aligro.ch\\\/pages\\\/#website\",\"url\":\"https:\\\/\\\/www.aligro.ch\\\/pages\\\/\",\"name\":\"ALIGRO\",\"description\":\"Fra\u00eecheur. Qualit\u00e9. Inspiration.\",\"publisher\":{\"@id\":\"https:\\\/\\\/www.aligro.ch\\\/pages\\\/#organization\"},\"potentialAction\":[{\"@type\":\"SearchAction\",\"target\":{\"@type\":\"EntryPoint\",\"urlTemplate\":\"https:\\\/\\\/www.aligro.ch\\\/pages\\\/?s={search_term_string}\"},\"query-input\":{\"@type\":\"PropertyValueSpecification\",\"valueRequired\":true,\"valueName\":\"search_term_string\"}}],\"inLanguage\":\"fr-FR\"},{\"@type\":\"Organization\",\"@id\":\"https:\\\/\\\/www.aligro.ch\\\/pages\\\/#organization\",\"name\":\"ALIGRO\",\"url\":\"https:\\\/\\\/www.aligro.ch\\\/pages\\\/\",\"logo\":{\"@type\":\"ImageObject\",\"inLanguage\":\"fr-FR\",\"@id\":\"https:\\\/\\\/www.aligro.ch\\\/pages\\\/#\\\/schema\\\/logo\\\/image\\\/\",\"url\":\"https:\\\/\\\/www.aligro.ch\\\/pages\\\/wp-content\\\/uploads\\\/2018\\\/10\\\/Logo@4x.png\",\"contentUrl\":\"https:\\\/\\\/www.aligro.ch\\\/pages\\\/wp-content\\\/uploads\\\/2018\\\/10\\\/Logo@4x.png\",\"width\":1831,\"height\":228,\"caption\":\"ALIGRO\"},\"image\":{\"@id\":\"https:\\\/\\\/www.aligro.ch\\\/pages\\\/#\\\/schema\\\/logo\\\/image\\\/\"},\"sameAs\":[\"https:\\\/\\\/fb.com\\\/aligrosuisse\"]},{\"@type\":\"Person\",\"@id\":\"https:\\\/\\\/www.aligro.ch\\\/pages\\\/#\\\/schema\\\/person\\\/abe4f4a53fec53a8dea10e43adbbe7e3\",\"name\":\"Vincent Lavanchy\",\"image\":{\"@type\":\"ImageObject\",\"inLanguage\":\"fr-FR\",\"@id\":\"https:\\\/\\\/secure.gravatar.com\\\/avatar\\\/0c26d4efb7d6ae3d3acfb21cea043eed07c8459ea7780b7c5d9d73543f0c4d2e?s=96&d=mm&r=g\",\"url\":\"https:\\\/\\\/secure.gravatar.com\\\/avatar\\\/0c26d4efb7d6ae3d3acfb21cea043eed07c8459ea7780b7c5d9d73543f0c4d2e?s=96&d=mm&r=g\",\"contentUrl\":\"https:\\\/\\\/secure.gravatar.com\\\/avatar\\\/0c26d4efb7d6ae3d3acfb21cea043eed07c8459ea7780b7c5d9d73543f0c4d2e?s=96&d=mm&r=g\",\"caption\":\"Vincent Lavanchy\"}}]}<\/script>\n<!-- \/ Yoast SEO plugin. -->","yoast_head_json":{"title":"Christoph Hunziker hisse la Suisse en finale mondiale du Bocuse d\u2019Or \u00e0 Lyon 2023","description":"Les 22 et 23 janvier 2023, Christoph Hunziker deviendra le 3\u00e8me repr\u00e9sentant de la Suisse \u00e0 la finale mondiale du Bocuse d\u2019Or \u00e0 Lyon\u00a0!","robots":{"index":"index","follow":"follow","max-snippet":"max-snippet:-1","max-image-preview":"max-image-preview:large","max-video-preview":"max-video-preview:-1"},"canonical":"https:\/\/www.aligro.ch\/pages\/fr\/news\/christoph-hunziker-hisse-la-suisse-en-finale-mondiale-du-bocuse-dor-a-lyon-2023\/","og_locale":"fr_FR","og_type":"article","og_title":"Christoph Hunziker hisse la Suisse en finale mondiale du Bocuse d\u2019Or \u00e0 Lyon 2023","og_description":"Les 22 et 23 janvier 2023, Christoph Hunziker deviendra le 3\u00e8me repr\u00e9sentant de la Suisse \u00e0 la finale mondiale du Bocuse d\u2019Or \u00e0 Lyon\u00a0!","og_url":"https:\/\/www.aligro.ch\/pages\/fr\/news\/christoph-hunziker-hisse-la-suisse-en-finale-mondiale-du-bocuse-dor-a-lyon-2023\/","og_site_name":"ALIGRO","article_publisher":"https:\/\/fb.com\/aligrosuisse","article_published_time":"2023-01-03T09:16:57+00:00","og_image":[{"width":1400,"height":1031,"url":"https:\/\/www.aligro.ch\/pages\/wp-content\/uploads\/2023\/01\/Bocuse-d-Or.jpg","type":"image\/jpeg"}],"author":"Vincent Lavanchy","twitter_card":"summary_large_image","twitter_misc":{"\u00c9crit par":"Vincent Lavanchy","Dur\u00e9e de lecture estim\u00e9e":"2 minutes"},"schema":{"@context":"https:\/\/schema.org","@graph":[{"@type":"Article","@id":"https:\/\/www.aligro.ch\/pages\/fr\/news\/christoph-hunziker-hisse-la-suisse-en-finale-mondiale-du-bocuse-dor-a-lyon-2023\/#article","isPartOf":{"@id":"https:\/\/www.aligro.ch\/pages\/fr\/news\/christoph-hunziker-hisse-la-suisse-en-finale-mondiale-du-bocuse-dor-a-lyon-2023\/"},"author":{"name":"Vincent Lavanchy","@id":"https:\/\/www.aligro.ch\/pages\/#\/schema\/person\/abe4f4a53fec53a8dea10e43adbbe7e3"},"headline":"Christoph Hunziker hisse la Suisse en finale mondiale du Bocuse d\u2019Or \u00e0 Lyon 2023","datePublished":"2023-01-03T09:16:57+00:00","mainEntityOfPage":{"@id":"https:\/\/www.aligro.ch\/pages\/fr\/news\/christoph-hunziker-hisse-la-suisse-en-finale-mondiale-du-bocuse-dor-a-lyon-2023\/"},"wordCount":369,"publisher":{"@id":"https:\/\/www.aligro.ch\/pages\/#organization"},"image":{"@id":"https:\/\/www.aligro.ch\/pages\/fr\/news\/christoph-hunziker-hisse-la-suisse-en-finale-mondiale-du-bocuse-dor-a-lyon-2023\/#primaryimage"},"thumbnailUrl":"https:\/\/www.aligro.ch\/pages\/wp-content\/uploads\/2023\/01\/Bocuse-d-Or.jpg","articleSection":["Autre","News"],"inLanguage":"fr-FR"},{"@type":"WebPage","@id":"https:\/\/www.aligro.ch\/pages\/fr\/news\/christoph-hunziker-hisse-la-suisse-en-finale-mondiale-du-bocuse-dor-a-lyon-2023\/","url":"https:\/\/www.aligro.ch\/pages\/fr\/news\/christoph-hunziker-hisse-la-suisse-en-finale-mondiale-du-bocuse-dor-a-lyon-2023\/","name":"Christoph Hunziker hisse la Suisse en finale mondiale du Bocuse d\u2019Or \u00e0 Lyon 2023","isPartOf":{"@id":"https:\/\/www.aligro.ch\/pages\/#website"},"primaryImageOfPage":{"@id":"https:\/\/www.aligro.ch\/pages\/fr\/news\/christoph-hunziker-hisse-la-suisse-en-finale-mondiale-du-bocuse-dor-a-lyon-2023\/#primaryimage"},"image":{"@id":"https:\/\/www.aligro.ch\/pages\/fr\/news\/christoph-hunziker-hisse-la-suisse-en-finale-mondiale-du-bocuse-dor-a-lyon-2023\/#primaryimage"},"thumbnailUrl":"https:\/\/www.aligro.ch\/pages\/wp-content\/uploads\/2023\/01\/Bocuse-d-Or.jpg","datePublished":"2023-01-03T09:16:57+00:00","description":"Les 22 et 23 janvier 2023, Christoph Hunziker deviendra le 3\u00e8me repr\u00e9sentant de la Suisse \u00e0 la finale mondiale du Bocuse d\u2019Or \u00e0 Lyon\u00a0!","breadcrumb":{"@id":"https:\/\/www.aligro.ch\/pages\/fr\/news\/christoph-hunziker-hisse-la-suisse-en-finale-mondiale-du-bocuse-dor-a-lyon-2023\/#breadcrumb"},"inLanguage":"fr-FR","potentialAction":[{"@type":"ReadAction","target":["https:\/\/www.aligro.ch\/pages\/fr\/news\/christoph-hunziker-hisse-la-suisse-en-finale-mondiale-du-bocuse-dor-a-lyon-2023\/"]}]},{"@type":"ImageObject","inLanguage":"fr-FR","@id":"https:\/\/www.aligro.ch\/pages\/fr\/news\/christoph-hunziker-hisse-la-suisse-en-finale-mondiale-du-bocuse-dor-a-lyon-2023\/#primaryimage","url":"https:\/\/www.aligro.ch\/pages\/wp-content\/uploads\/2023\/01\/Bocuse-d-Or.jpg","contentUrl":"https:\/\/www.aligro.ch\/pages\/wp-content\/uploads\/2023\/01\/Bocuse-d-Or.jpg","width":1400,"height":1031},{"@type":"BreadcrumbList","@id":"https:\/\/www.aligro.ch\/pages\/fr\/news\/christoph-hunziker-hisse-la-suisse-en-finale-mondiale-du-bocuse-dor-a-lyon-2023\/#breadcrumb","itemListElement":[{"@type":"ListItem","position":1,"name":"Accueil","item":"https:\/\/www.aligro.ch\/pages\/de\/aligro-academy\/"},{"@type":"ListItem","position":2,"name":"Christoph Hunziker hisse la Suisse en finale mondiale du Bocuse d\u2019Or \u00e0 Lyon 2023"}]},{"@type":"WebSite","@id":"https:\/\/www.aligro.ch\/pages\/#website","url":"https:\/\/www.aligro.ch\/pages\/","name":"ALIGRO","description":"Fra\u00eecheur. Qualit\u00e9. Inspiration.","publisher":{"@id":"https:\/\/www.aligro.ch\/pages\/#organization"},"potentialAction":[{"@type":"SearchAction","target":{"@type":"EntryPoint","urlTemplate":"https:\/\/www.aligro.ch\/pages\/?s={search_term_string}"},"query-input":{"@type":"PropertyValueSpecification","valueRequired":true,"valueName":"search_term_string"}}],"inLanguage":"fr-FR"},{"@type":"Organization","@id":"https:\/\/www.aligro.ch\/pages\/#organization","name":"ALIGRO","url":"https:\/\/www.aligro.ch\/pages\/","logo":{"@type":"ImageObject","inLanguage":"fr-FR","@id":"https:\/\/www.aligro.ch\/pages\/#\/schema\/logo\/image\/","url":"https:\/\/www.aligro.ch\/pages\/wp-content\/uploads\/2018\/10\/Logo@4x.png","contentUrl":"https:\/\/www.aligro.ch\/pages\/wp-content\/uploads\/2018\/10\/Logo@4x.png","width":1831,"height":228,"caption":"ALIGRO"},"image":{"@id":"https:\/\/www.aligro.ch\/pages\/#\/schema\/logo\/image\/"},"sameAs":["https:\/\/fb.com\/aligrosuisse"]},{"@type":"Person","@id":"https:\/\/www.aligro.ch\/pages\/#\/schema\/person\/abe4f4a53fec53a8dea10e43adbbe7e3","name":"Vincent Lavanchy","image":{"@type":"ImageObject","inLanguage":"fr-FR","@id":"https:\/\/secure.gravatar.com\/avatar\/0c26d4efb7d6ae3d3acfb21cea043eed07c8459ea7780b7c5d9d73543f0c4d2e?s=96&d=mm&r=g","url":"https:\/\/secure.gravatar.com\/avatar\/0c26d4efb7d6ae3d3acfb21cea043eed07c8459ea7780b7c5d9d73543f0c4d2e?s=96&d=mm&r=g","contentUrl":"https:\/\/secure.gravatar.com\/avatar\/0c26d4efb7d6ae3d3acfb21cea043eed07c8459ea7780b7c5d9d73543f0c4d2e?s=96&d=mm&r=g","caption":"Vincent Lavanchy"}}]}},"_links":{"self":[{"href":"https:\/\/www.aligro.ch\/pages\/wp-json\/wp\/v2\/posts\/60626","targetHints":{"allow":["GET"]}}],"collection":[{"href":"https:\/\/www.aligro.ch\/pages\/wp-json\/wp\/v2\/posts"}],"about":[{"href":"https:\/\/www.aligro.ch\/pages\/wp-json\/wp\/v2\/types\/post"}],"author":[{"embeddable":true,"href":"https:\/\/www.aligro.ch\/pages\/wp-json\/wp\/v2\/users\/9"}],"replies":[{"embeddable":true,"href":"https:\/\/www.aligro.ch\/pages\/wp-json\/wp\/v2\/comments?post=60626"}],"version-history":[{"count":1,"href":"https:\/\/www.aligro.ch\/pages\/wp-json\/wp\/v2\/posts\/60626\/revisions"}],"predecessor-version":[{"id":60627,"href":"https:\/\/www.aligro.ch\/pages\/wp-json\/wp\/v2\/posts\/60626\/revisions\/60627"}],"wp:featuredmedia":[{"embeddable":true,"href":"https:\/\/www.aligro.ch\/pages\/wp-json\/wp\/v2\/media\/60629"}],"wp:attachment":[{"href":"https:\/\/www.aligro.ch\/pages\/wp-json\/wp\/v2\/media?parent=60626"}],"wp:term":[{"taxonomy":"category","embeddable":true,"href":"https:\/\/www.aligro.ch\/pages\/wp-json\/wp\/v2\/categories?post=60626"},{"taxonomy":"post_tag","embeddable":true,"href":"https:\/\/www.aligro.ch\/pages\/wp-json\/wp\/v2\/tags?post=60626"}],"curies":[{"name":"wp","href":"https:\/\/api.w.org\/{rel}","templated":true}]}}