{"id":59796,"date":"2022-12-28T09:15:33","date_gmt":"2022-12-28T08:15:33","guid":{"rendered":"https:\/\/www.aligro.ch\/pages\/?p=59796"},"modified":"2022-12-28T09:08:32","modified_gmt":"2022-12-28T08:08:32","slug":"dank-ihnen-brachte-aligro-fast-fr-22000-fuer-den-wiederaufbau-beschaedigter-haeuser-zusammen","status":"publish","type":"post","link":"https:\/\/www.aligro.ch\/pages\/de\/news\/dank-ihnen-brachte-aligro-fast-fr-22000-fuer-den-wiederaufbau-beschaedigter-haeuser-zusammen\/","title":{"rendered":"Dank Ihnen brachte ALIGRO fast Fr. 22\u2019000.- f\u00fcr den Wiederaufbau besch\u00e4digter H\u00e4user zusammen"},"content":{"rendered":"<div class=\"wpb-content-wrapper\"><p>[vc_row][vc_column][vc_column_text]Vom 28. November bis zum 3. Dezember wurden in allen ALIGRO-M\u00e4rkten Kisten mit Clementinen angeboten, deren Verkaufserl\u00f6s vollst\u00e4ndig an die NGO MEDAIR gespendet wurde.<\/p>\n<p>Dank Ihrer Hilfe konnte ALIGRO fast 22\u2019000 CHF an die Organisation \u00fcberweisen &#8211; was mehr als 12\u2019000 Kilo Clementinen oder 5238 Kisten entspricht &#8211; und so zur Entwicklung ihrer Projekte beitragen. Eines davon ist der Wiederaufbau von H\u00e4usern, die vom Konflikt in der Ukraine betroffen sind.[\/vc_column_text][vc_column_text css=\u00a0\u00bb.vc_custom_1672214696325{margin-top: 2em !important;margin-bottom: 2em !important;padding-top: 1.5em !important;padding-right: 1.5em !important;padding-bottom: 2em !important;padding-left: 1.5rem !important;background-color: #f4f4f4 !important;}\u00a0\u00bb]ALIGRO unterst\u00fctzt MEDAIR seit vielen Jahren. Bei MEDAIR handelt es sich um eine Nichtregierungsorganisation f\u00fcr humanit\u00e4re Hilfe, die 1989 in der Schweiz gegr\u00fcndet wurde und ihren Sitz in Ecublens (Waadt) hat. Ihr Ziel ist es, Familien Nothilfe zu leisten, damit sie in Krisensituationen die dringendsten Bed\u00fcrfnisse abdecken k\u00f6nnen.[\/vc_column_text][vc_empty_space][\/vc_column][\/vc_row]<\/p>\n<\/div>","protected":false},"excerpt":{"rendered":"<p>[vc_row][vc_column][vc_column_text]Vom 28. November bis zum 3. Dezember wurden in allen ALIGRO-M\u00e4rkten Kisten mit Clementinen angeboten, deren Verkaufserl\u00f6s vollst\u00e4ndig<a class=\"moretag\" href=\"https:\/\/www.aligro.ch\/pages\/de\/news\/dank-ihnen-brachte-aligro-fast-fr-22000-fuer-den-wiederaufbau-beschaedigter-haeuser-zusammen\/\"> &#8230;<\/a><\/p>\n","protected":false},"author":9,"featured_media":59801,"comment_status":"closed","ping_status":"closed","sticky":false,"template":"","format":"standard","meta":{"_acf_changed":false,"footnotes":""},"categories":[268],"tags":[],"class_list":["post-59796","post","type-post","status-publish","format-standard","has-post-thumbnail","hentry","category-news-de"],"acf":[],"yoast_head":"<!-- This site is optimized with the Yoast SEO plugin v27.4 - https:\/\/yoast.com\/product\/yoast-seo-wordpress\/ -->\n<title>Dank Ihnen brachte ALIGRO fast Fr. 22\u2019000.- f\u00fcr den Wiederaufbau besch\u00e4digter H\u00e4user zusammen<\/title>\n<meta name=\"description\" content=\"Dank Ihrer Hilfe konnte ALIGRO fast 22\u2019000 CHF an die Organisation \u00fcberweisen.\" \/>\n<meta name=\"robots\" content=\"index, follow, max-snippet:-1, max-image-preview:large, max-video-preview:-1\" \/>\n<link rel=\"canonical\" href=\"https:\/\/www.aligro.ch\/pages\/de\/news\/dank-ihnen-brachte-aligro-fast-fr-22000-fuer-den-wiederaufbau-beschaedigter-haeuser-zusammen\/\" \/>\n<meta property=\"og:locale\" content=\"fr_FR\" \/>\n<meta property=\"og:type\" content=\"article\" \/>\n<meta property=\"og:title\" content=\"Dank Ihnen brachte ALIGRO fast Fr. 22\u2019000.- f\u00fcr den Wiederaufbau besch\u00e4digter H\u00e4user zusammen\" \/>\n<meta property=\"og:description\" content=\"Dank Ihrer Hilfe konnte ALIGRO fast 22\u2019000 CHF an die Organisation \u00fcberweisen.\" \/>\n<meta property=\"og:url\" content=\"https:\/\/www.aligro.ch\/pages\/de\/news\/dank-ihnen-brachte-aligro-fast-fr-22000-fuer-den-wiederaufbau-beschaedigter-haeuser-zusammen\/\" \/>\n<meta property=\"og:site_name\" content=\"ALIGRO\" \/>\n<meta property=\"article:publisher\" content=\"https:\/\/fb.com\/aligrosuisse\" \/>\n<meta property=\"article:published_time\" content=\"2022-12-28T08:15:33+00:00\" \/>\n<meta property=\"og:image\" content=\"https:\/\/www.aligro.ch\/pages\/wp-content\/uploads\/2022\/12\/iStock-174904589-1.jpg\" \/>\n\t<meta property=\"og:image:width\" content=\"1920\" \/>\n\t<meta property=\"og:image:height\" content=\"1280\" \/>\n\t<meta property=\"og:image:type\" content=\"image\/jpeg\" \/>\n<meta name=\"author\" content=\"Vincent Lavanchy\" \/>\n<meta name=\"twitter:card\" content=\"summary_large_image\" \/>\n<meta name=\"twitter:label1\" content=\"\u00c9crit par\" \/>\n\t<meta name=\"twitter:data1\" content=\"Vincent Lavanchy\" \/>\n\t<meta name=\"twitter:label2\" content=\"Dur\u00e9e de lecture estim\u00e9e\" \/>\n\t<meta name=\"twitter:data2\" content=\"1 minute\" \/>\n<script type=\"application\/ld+json\" class=\"yoast-schema-graph\">{\"@context\":\"https:\\\/\\\/schema.org\",\"@graph\":[{\"@type\":\"Article\",\"@id\":\"https:\\\/\\\/www.aligro.ch\\\/pages\\\/de\\\/news\\\/dank-ihnen-brachte-aligro-fast-fr-22000-fuer-den-wiederaufbau-beschaedigter-haeuser-zusammen\\\/#article\",\"isPartOf\":{\"@id\":\"https:\\\/\\\/www.aligro.ch\\\/pages\\\/de\\\/news\\\/dank-ihnen-brachte-aligro-fast-fr-22000-fuer-den-wiederaufbau-beschaedigter-haeuser-zusammen\\\/\"},\"author\":{\"name\":\"Vincent Lavanchy\",\"@id\":\"https:\\\/\\\/www.aligro.ch\\\/pages\\\/#\\\/schema\\\/person\\\/abe4f4a53fec53a8dea10e43adbbe7e3\"},\"headline\":\"Dank Ihnen brachte ALIGRO fast Fr. 22\u2019000.- f\u00fcr den Wiederaufbau besch\u00e4digter H\u00e4user zusammen\",\"datePublished\":\"2022-12-28T08:15:33+00:00\",\"mainEntityOfPage\":{\"@id\":\"https:\\\/\\\/www.aligro.ch\\\/pages\\\/de\\\/news\\\/dank-ihnen-brachte-aligro-fast-fr-22000-fuer-den-wiederaufbau-beschaedigter-haeuser-zusammen\\\/\"},\"wordCount\":187,\"publisher\":{\"@id\":\"https:\\\/\\\/www.aligro.ch\\\/pages\\\/#organization\"},\"image\":{\"@id\":\"https:\\\/\\\/www.aligro.ch\\\/pages\\\/de\\\/news\\\/dank-ihnen-brachte-aligro-fast-fr-22000-fuer-den-wiederaufbau-beschaedigter-haeuser-zusammen\\\/#primaryimage\"},\"thumbnailUrl\":\"https:\\\/\\\/www.aligro.ch\\\/pages\\\/wp-content\\\/uploads\\\/2022\\\/12\\\/iStock-174904589-1.jpg\",\"articleSection\":[\"News\"],\"inLanguage\":\"fr-FR\"},{\"@type\":\"WebPage\",\"@id\":\"https:\\\/\\\/www.aligro.ch\\\/pages\\\/de\\\/news\\\/dank-ihnen-brachte-aligro-fast-fr-22000-fuer-den-wiederaufbau-beschaedigter-haeuser-zusammen\\\/\",\"url\":\"https:\\\/\\\/www.aligro.ch\\\/pages\\\/de\\\/news\\\/dank-ihnen-brachte-aligro-fast-fr-22000-fuer-den-wiederaufbau-beschaedigter-haeuser-zusammen\\\/\",\"name\":\"Dank Ihnen brachte ALIGRO fast Fr. 22\u2019000.- f\u00fcr den Wiederaufbau besch\u00e4digter H\u00e4user zusammen\",\"isPartOf\":{\"@id\":\"https:\\\/\\\/www.aligro.ch\\\/pages\\\/#website\"},\"primaryImageOfPage\":{\"@id\":\"https:\\\/\\\/www.aligro.ch\\\/pages\\\/de\\\/news\\\/dank-ihnen-brachte-aligro-fast-fr-22000-fuer-den-wiederaufbau-beschaedigter-haeuser-zusammen\\\/#primaryimage\"},\"image\":{\"@id\":\"https:\\\/\\\/www.aligro.ch\\\/pages\\\/de\\\/news\\\/dank-ihnen-brachte-aligro-fast-fr-22000-fuer-den-wiederaufbau-beschaedigter-haeuser-zusammen\\\/#primaryimage\"},\"thumbnailUrl\":\"https:\\\/\\\/www.aligro.ch\\\/pages\\\/wp-content\\\/uploads\\\/2022\\\/12\\\/iStock-174904589-1.jpg\",\"datePublished\":\"2022-12-28T08:15:33+00:00\",\"description\":\"Dank Ihrer Hilfe konnte ALIGRO fast 22\u2019000 CHF an die Organisation \u00fcberweisen.\",\"breadcrumb\":{\"@id\":\"https:\\\/\\\/www.aligro.ch\\\/pages\\\/de\\\/news\\\/dank-ihnen-brachte-aligro-fast-fr-22000-fuer-den-wiederaufbau-beschaedigter-haeuser-zusammen\\\/#breadcrumb\"},\"inLanguage\":\"fr-FR\",\"potentialAction\":[{\"@type\":\"ReadAction\",\"target\":[\"https:\\\/\\\/www.aligro.ch\\\/pages\\\/de\\\/news\\\/dank-ihnen-brachte-aligro-fast-fr-22000-fuer-den-wiederaufbau-beschaedigter-haeuser-zusammen\\\/\"]}]},{\"@type\":\"ImageObject\",\"inLanguage\":\"fr-FR\",\"@id\":\"https:\\\/\\\/www.aligro.ch\\\/pages\\\/de\\\/news\\\/dank-ihnen-brachte-aligro-fast-fr-22000-fuer-den-wiederaufbau-beschaedigter-haeuser-zusammen\\\/#primaryimage\",\"url\":\"https:\\\/\\\/www.aligro.ch\\\/pages\\\/wp-content\\\/uploads\\\/2022\\\/12\\\/iStock-174904589-1.jpg\",\"contentUrl\":\"https:\\\/\\\/www.aligro.ch\\\/pages\\\/wp-content\\\/uploads\\\/2022\\\/12\\\/iStock-174904589-1.jpg\",\"width\":1920,\"height\":1280,\"caption\":\"\\\"Mandarins with leafs, focus on stem of first mandarin.\\\"\"},{\"@type\":\"BreadcrumbList\",\"@id\":\"https:\\\/\\\/www.aligro.ch\\\/pages\\\/de\\\/news\\\/dank-ihnen-brachte-aligro-fast-fr-22000-fuer-den-wiederaufbau-beschaedigter-haeuser-zusammen\\\/#breadcrumb\",\"itemListElement\":[{\"@type\":\"ListItem\",\"position\":1,\"name\":\"Accueil\",\"item\":\"https:\\\/\\\/www.aligro.ch\\\/pages\\\/de\\\/aligro-academy\\\/\"},{\"@type\":\"ListItem\",\"position\":2,\"name\":\"Dank Ihnen brachte ALIGRO fast Fr. 22\u2019000.- f\u00fcr den Wiederaufbau besch\u00e4digter H\u00e4user zusammen\"}]},{\"@type\":\"WebSite\",\"@id\":\"https:\\\/\\\/www.aligro.ch\\\/pages\\\/#website\",\"url\":\"https:\\\/\\\/www.aligro.ch\\\/pages\\\/\",\"name\":\"ALIGRO\",\"description\":\"Fra\u00eecheur. Qualit\u00e9. Inspiration.\",\"publisher\":{\"@id\":\"https:\\\/\\\/www.aligro.ch\\\/pages\\\/#organization\"},\"potentialAction\":[{\"@type\":\"SearchAction\",\"target\":{\"@type\":\"EntryPoint\",\"urlTemplate\":\"https:\\\/\\\/www.aligro.ch\\\/pages\\\/?s={search_term_string}\"},\"query-input\":{\"@type\":\"PropertyValueSpecification\",\"valueRequired\":true,\"valueName\":\"search_term_string\"}}],\"inLanguage\":\"fr-FR\"},{\"@type\":\"Organization\",\"@id\":\"https:\\\/\\\/www.aligro.ch\\\/pages\\\/#organization\",\"name\":\"ALIGRO\",\"url\":\"https:\\\/\\\/www.aligro.ch\\\/pages\\\/\",\"logo\":{\"@type\":\"ImageObject\",\"inLanguage\":\"fr-FR\",\"@id\":\"https:\\\/\\\/www.aligro.ch\\\/pages\\\/#\\\/schema\\\/logo\\\/image\\\/\",\"url\":\"https:\\\/\\\/www.aligro.ch\\\/pages\\\/wp-content\\\/uploads\\\/2018\\\/10\\\/Logo@4x.png\",\"contentUrl\":\"https:\\\/\\\/www.aligro.ch\\\/pages\\\/wp-content\\\/uploads\\\/2018\\\/10\\\/Logo@4x.png\",\"width\":1831,\"height\":228,\"caption\":\"ALIGRO\"},\"image\":{\"@id\":\"https:\\\/\\\/www.aligro.ch\\\/pages\\\/#\\\/schema\\\/logo\\\/image\\\/\"},\"sameAs\":[\"https:\\\/\\\/fb.com\\\/aligrosuisse\"]},{\"@type\":\"Person\",\"@id\":\"https:\\\/\\\/www.aligro.ch\\\/pages\\\/#\\\/schema\\\/person\\\/abe4f4a53fec53a8dea10e43adbbe7e3\",\"name\":\"Vincent Lavanchy\",\"image\":{\"@type\":\"ImageObject\",\"inLanguage\":\"fr-FR\",\"@id\":\"https:\\\/\\\/secure.gravatar.com\\\/avatar\\\/0c26d4efb7d6ae3d3acfb21cea043eed07c8459ea7780b7c5d9d73543f0c4d2e?s=96&d=mm&r=g\",\"url\":\"https:\\\/\\\/secure.gravatar.com\\\/avatar\\\/0c26d4efb7d6ae3d3acfb21cea043eed07c8459ea7780b7c5d9d73543f0c4d2e?s=96&d=mm&r=g\",\"contentUrl\":\"https:\\\/\\\/secure.gravatar.com\\\/avatar\\\/0c26d4efb7d6ae3d3acfb21cea043eed07c8459ea7780b7c5d9d73543f0c4d2e?s=96&d=mm&r=g\",\"caption\":\"Vincent Lavanchy\"}}]}<\/script>\n<!-- \/ Yoast SEO plugin. -->","yoast_head_json":{"title":"Dank Ihnen brachte ALIGRO fast Fr. 22\u2019000.- f\u00fcr den Wiederaufbau besch\u00e4digter H\u00e4user zusammen","description":"Dank Ihrer Hilfe konnte ALIGRO fast 22\u2019000 CHF an die Organisation \u00fcberweisen.","robots":{"index":"index","follow":"follow","max-snippet":"max-snippet:-1","max-image-preview":"max-image-preview:large","max-video-preview":"max-video-preview:-1"},"canonical":"https:\/\/www.aligro.ch\/pages\/de\/news\/dank-ihnen-brachte-aligro-fast-fr-22000-fuer-den-wiederaufbau-beschaedigter-haeuser-zusammen\/","og_locale":"fr_FR","og_type":"article","og_title":"Dank Ihnen brachte ALIGRO fast Fr. 22\u2019000.- f\u00fcr den Wiederaufbau besch\u00e4digter H\u00e4user zusammen","og_description":"Dank Ihrer Hilfe konnte ALIGRO fast 22\u2019000 CHF an die Organisation \u00fcberweisen.","og_url":"https:\/\/www.aligro.ch\/pages\/de\/news\/dank-ihnen-brachte-aligro-fast-fr-22000-fuer-den-wiederaufbau-beschaedigter-haeuser-zusammen\/","og_site_name":"ALIGRO","article_publisher":"https:\/\/fb.com\/aligrosuisse","article_published_time":"2022-12-28T08:15:33+00:00","og_image":[{"width":1920,"height":1280,"url":"https:\/\/www.aligro.ch\/pages\/wp-content\/uploads\/2022\/12\/iStock-174904589-1.jpg","type":"image\/jpeg"}],"author":"Vincent Lavanchy","twitter_card":"summary_large_image","twitter_misc":{"\u00c9crit par":"Vincent Lavanchy","Dur\u00e9e de lecture estim\u00e9e":"1 minute"},"schema":{"@context":"https:\/\/schema.org","@graph":[{"@type":"Article","@id":"https:\/\/www.aligro.ch\/pages\/de\/news\/dank-ihnen-brachte-aligro-fast-fr-22000-fuer-den-wiederaufbau-beschaedigter-haeuser-zusammen\/#article","isPartOf":{"@id":"https:\/\/www.aligro.ch\/pages\/de\/news\/dank-ihnen-brachte-aligro-fast-fr-22000-fuer-den-wiederaufbau-beschaedigter-haeuser-zusammen\/"},"author":{"name":"Vincent Lavanchy","@id":"https:\/\/www.aligro.ch\/pages\/#\/schema\/person\/abe4f4a53fec53a8dea10e43adbbe7e3"},"headline":"Dank Ihnen brachte ALIGRO fast Fr. 22\u2019000.- f\u00fcr den Wiederaufbau besch\u00e4digter H\u00e4user zusammen","datePublished":"2022-12-28T08:15:33+00:00","mainEntityOfPage":{"@id":"https:\/\/www.aligro.ch\/pages\/de\/news\/dank-ihnen-brachte-aligro-fast-fr-22000-fuer-den-wiederaufbau-beschaedigter-haeuser-zusammen\/"},"wordCount":187,"publisher":{"@id":"https:\/\/www.aligro.ch\/pages\/#organization"},"image":{"@id":"https:\/\/www.aligro.ch\/pages\/de\/news\/dank-ihnen-brachte-aligro-fast-fr-22000-fuer-den-wiederaufbau-beschaedigter-haeuser-zusammen\/#primaryimage"},"thumbnailUrl":"https:\/\/www.aligro.ch\/pages\/wp-content\/uploads\/2022\/12\/iStock-174904589-1.jpg","articleSection":["News"],"inLanguage":"fr-FR"},{"@type":"WebPage","@id":"https:\/\/www.aligro.ch\/pages\/de\/news\/dank-ihnen-brachte-aligro-fast-fr-22000-fuer-den-wiederaufbau-beschaedigter-haeuser-zusammen\/","url":"https:\/\/www.aligro.ch\/pages\/de\/news\/dank-ihnen-brachte-aligro-fast-fr-22000-fuer-den-wiederaufbau-beschaedigter-haeuser-zusammen\/","name":"Dank Ihnen brachte ALIGRO fast Fr. 22\u2019000.- f\u00fcr den Wiederaufbau besch\u00e4digter H\u00e4user zusammen","isPartOf":{"@id":"https:\/\/www.aligro.ch\/pages\/#website"},"primaryImageOfPage":{"@id":"https:\/\/www.aligro.ch\/pages\/de\/news\/dank-ihnen-brachte-aligro-fast-fr-22000-fuer-den-wiederaufbau-beschaedigter-haeuser-zusammen\/#primaryimage"},"image":{"@id":"https:\/\/www.aligro.ch\/pages\/de\/news\/dank-ihnen-brachte-aligro-fast-fr-22000-fuer-den-wiederaufbau-beschaedigter-haeuser-zusammen\/#primaryimage"},"thumbnailUrl":"https:\/\/www.aligro.ch\/pages\/wp-content\/uploads\/2022\/12\/iStock-174904589-1.jpg","datePublished":"2022-12-28T08:15:33+00:00","description":"Dank Ihrer Hilfe konnte ALIGRO fast 22\u2019000 CHF an die Organisation \u00fcberweisen.","breadcrumb":{"@id":"https:\/\/www.aligro.ch\/pages\/de\/news\/dank-ihnen-brachte-aligro-fast-fr-22000-fuer-den-wiederaufbau-beschaedigter-haeuser-zusammen\/#breadcrumb"},"inLanguage":"fr-FR","potentialAction":[{"@type":"ReadAction","target":["https:\/\/www.aligro.ch\/pages\/de\/news\/dank-ihnen-brachte-aligro-fast-fr-22000-fuer-den-wiederaufbau-beschaedigter-haeuser-zusammen\/"]}]},{"@type":"ImageObject","inLanguage":"fr-FR","@id":"https:\/\/www.aligro.ch\/pages\/de\/news\/dank-ihnen-brachte-aligro-fast-fr-22000-fuer-den-wiederaufbau-beschaedigter-haeuser-zusammen\/#primaryimage","url":"https:\/\/www.aligro.ch\/pages\/wp-content\/uploads\/2022\/12\/iStock-174904589-1.jpg","contentUrl":"https:\/\/www.aligro.ch\/pages\/wp-content\/uploads\/2022\/12\/iStock-174904589-1.jpg","width":1920,"height":1280,"caption":"\"Mandarins with leafs, focus on stem of first mandarin.\""},{"@type":"BreadcrumbList","@id":"https:\/\/www.aligro.ch\/pages\/de\/news\/dank-ihnen-brachte-aligro-fast-fr-22000-fuer-den-wiederaufbau-beschaedigter-haeuser-zusammen\/#breadcrumb","itemListElement":[{"@type":"ListItem","position":1,"name":"Accueil","item":"https:\/\/www.aligro.ch\/pages\/de\/aligro-academy\/"},{"@type":"ListItem","position":2,"name":"Dank Ihnen brachte ALIGRO fast Fr. 22\u2019000.- f\u00fcr den Wiederaufbau besch\u00e4digter H\u00e4user zusammen"}]},{"@type":"WebSite","@id":"https:\/\/www.aligro.ch\/pages\/#website","url":"https:\/\/www.aligro.ch\/pages\/","name":"ALIGRO","description":"Fra\u00eecheur. Qualit\u00e9. Inspiration.","publisher":{"@id":"https:\/\/www.aligro.ch\/pages\/#organization"},"potentialAction":[{"@type":"SearchAction","target":{"@type":"EntryPoint","urlTemplate":"https:\/\/www.aligro.ch\/pages\/?s={search_term_string}"},"query-input":{"@type":"PropertyValueSpecification","valueRequired":true,"valueName":"search_term_string"}}],"inLanguage":"fr-FR"},{"@type":"Organization","@id":"https:\/\/www.aligro.ch\/pages\/#organization","name":"ALIGRO","url":"https:\/\/www.aligro.ch\/pages\/","logo":{"@type":"ImageObject","inLanguage":"fr-FR","@id":"https:\/\/www.aligro.ch\/pages\/#\/schema\/logo\/image\/","url":"https:\/\/www.aligro.ch\/pages\/wp-content\/uploads\/2018\/10\/Logo@4x.png","contentUrl":"https:\/\/www.aligro.ch\/pages\/wp-content\/uploads\/2018\/10\/Logo@4x.png","width":1831,"height":228,"caption":"ALIGRO"},"image":{"@id":"https:\/\/www.aligro.ch\/pages\/#\/schema\/logo\/image\/"},"sameAs":["https:\/\/fb.com\/aligrosuisse"]},{"@type":"Person","@id":"https:\/\/www.aligro.ch\/pages\/#\/schema\/person\/abe4f4a53fec53a8dea10e43adbbe7e3","name":"Vincent Lavanchy","image":{"@type":"ImageObject","inLanguage":"fr-FR","@id":"https:\/\/secure.gravatar.com\/avatar\/0c26d4efb7d6ae3d3acfb21cea043eed07c8459ea7780b7c5d9d73543f0c4d2e?s=96&d=mm&r=g","url":"https:\/\/secure.gravatar.com\/avatar\/0c26d4efb7d6ae3d3acfb21cea043eed07c8459ea7780b7c5d9d73543f0c4d2e?s=96&d=mm&r=g","contentUrl":"https:\/\/secure.gravatar.com\/avatar\/0c26d4efb7d6ae3d3acfb21cea043eed07c8459ea7780b7c5d9d73543f0c4d2e?s=96&d=mm&r=g","caption":"Vincent Lavanchy"}}]}},"_links":{"self":[{"href":"https:\/\/www.aligro.ch\/pages\/wp-json\/wp\/v2\/posts\/59796","targetHints":{"allow":["GET"]}}],"collection":[{"href":"https:\/\/www.aligro.ch\/pages\/wp-json\/wp\/v2\/posts"}],"about":[{"href":"https:\/\/www.aligro.ch\/pages\/wp-json\/wp\/v2\/types\/post"}],"author":[{"embeddable":true,"href":"https:\/\/www.aligro.ch\/pages\/wp-json\/wp\/v2\/users\/9"}],"replies":[{"embeddable":true,"href":"https:\/\/www.aligro.ch\/pages\/wp-json\/wp\/v2\/comments?post=59796"}],"version-history":[{"count":2,"href":"https:\/\/www.aligro.ch\/pages\/wp-json\/wp\/v2\/posts\/59796\/revisions"}],"predecessor-version":[{"id":59812,"href":"https:\/\/www.aligro.ch\/pages\/wp-json\/wp\/v2\/posts\/59796\/revisions\/59812"}],"wp:featuredmedia":[{"embeddable":true,"href":"https:\/\/www.aligro.ch\/pages\/wp-json\/wp\/v2\/media\/59801"}],"wp:attachment":[{"href":"https:\/\/www.aligro.ch\/pages\/wp-json\/wp\/v2\/media?parent=59796"}],"wp:term":[{"taxonomy":"category","embeddable":true,"href":"https:\/\/www.aligro.ch\/pages\/wp-json\/wp\/v2\/categories?post=59796"},{"taxonomy":"post_tag","embeddable":true,"href":"https:\/\/www.aligro.ch\/pages\/wp-json\/wp\/v2\/tags?post=59796"}],"curies":[{"name":"wp","href":"https:\/\/api.w.org\/{rel}","templated":true}]}}