{"id":59795,"date":"2022-12-28T09:10:30","date_gmt":"2022-12-28T08:10:30","guid":{"rendered":"https:\/\/www.aligro.ch\/pages\/?p=59795"},"modified":"2022-12-28T09:11:52","modified_gmt":"2022-12-28T08:11:52","slug":"grace-a-vous-aligro-recolte-pres-de-22000-francs-pour-reconstruire-des-habitations-sinistrees","status":"publish","type":"post","link":"https:\/\/www.aligro.ch\/pages\/fr\/news\/grace-a-vous-aligro-recolte-pres-de-22000-francs-pour-reconstruire-des-habitations-sinistrees\/","title":{"rendered":"Gr\u00e2ce \u00e0 vous, ALIGRO r\u00e9colte pr\u00e8s de 22\u2019000CHF pour reconstruire des habitations sinistr\u00e9es"},"content":{"rendered":"<div class=\"wpb-content-wrapper\"><p>[vc_row][vc_column][vc_column_text]Du 28 novembre au 3 d\u00e9cembre, tous les march\u00e9s ALIGRO ont propos\u00e9 des cagettes de cl\u00e9mentines dont le produit de la vente a enti\u00e8rement \u00e9t\u00e9 revers\u00e9 \u00e0 l\u2019ONG MEDAIR.<\/p>\n<p>Gr\u00e2ce \u00e0 vous, ALIGRO a pu verser pr\u00e8s de 22&rsquo;000 CHF \u00e0 l\u2019association \u2013 ce qui repr\u00e9sente plus de 12&rsquo;000 kg de cl\u00e9mentines, soit 5238 cagettes \u2013 et contribuer ainsi au d\u00e9veloppement de ses projets, dont la reconstruction d\u2019habitations touch\u00e9es par le conflit en Ukraine.[\/vc_column_text][vc_column_text css=\u00a0\u00bb.vc_custom_1672214656451{margin-top: 2em !important;margin-bottom: 2em !important;padding-top: 1.5em !important;padding-right: 1.5em !important;padding-bottom: 2em !important;padding-left: 1.5rem !important;background-color: #f4f4f4 !important;}\u00a0\u00bb]ALIGRO soutient MEDAIR depuis de nombreuses ann\u00e9es. MEDAIR est une organisation non gouvernementale d\u2019aide humanitaire, fond\u00e9e en Suisse en 1989 et dont le si\u00e8ge se trouve \u00e0 Ecublens (VD). Son objectif est d\u2019apporter une aide d\u2019urgence aux familles pour qu\u2019elles puissent couvrir les besoins les plus urgents en situation de crise.[\/vc_column_text][vc_empty_space][\/vc_column][\/vc_row]<\/p>\n<\/div>","protected":false},"excerpt":{"rendered":"<p>[vc_row][vc_column][vc_column_text]Du 28 novembre au 3 d\u00e9cembre, tous les march\u00e9s ALIGRO ont propos\u00e9 des cagettes de cl\u00e9mentines dont le<a class=\"moretag\" href=\"https:\/\/www.aligro.ch\/pages\/fr\/news\/grace-a-vous-aligro-recolte-pres-de-22000-francs-pour-reconstruire-des-habitations-sinistrees\/\"> &#8230;<\/a><\/p>\n","protected":false},"author":9,"featured_media":59797,"comment_status":"closed","ping_status":"closed","sticky":false,"template":"","format":"standard","meta":{"_acf_changed":false,"footnotes":""},"categories":[266],"tags":[],"class_list":["post-59795","post","type-post","status-publish","format-standard","has-post-thumbnail","hentry","category-news"],"acf":[],"yoast_head":"<!-- This site is optimized with the Yoast SEO plugin v27.4 - https:\/\/yoast.com\/product\/yoast-seo-wordpress\/ -->\n<title>Gr\u00e2ce \u00e0 vous, ALIGRO r\u00e9colte pr\u00e8s de 22\u2019000CHF pour reconstruire des habitations sinistr\u00e9es<\/title>\n<meta name=\"description\" content=\"Gr\u00e2ce \u00e0 vous, ALIGRO a pu verser pr\u00e8s de 22&#039;000 CHF \u00e0 l\u2019ONG MEDAIR\" \/>\n<meta name=\"robots\" content=\"index, follow, max-snippet:-1, max-image-preview:large, max-video-preview:-1\" \/>\n<link rel=\"canonical\" href=\"https:\/\/www.aligro.ch\/pages\/fr\/news\/grace-a-vous-aligro-recolte-pres-de-22000-francs-pour-reconstruire-des-habitations-sinistrees\/\" \/>\n<meta property=\"og:locale\" content=\"fr_FR\" \/>\n<meta property=\"og:type\" content=\"article\" \/>\n<meta property=\"og:title\" content=\"Gr\u00e2ce \u00e0 vous, ALIGRO r\u00e9colte pr\u00e8s de 22\u2019000CHF pour reconstruire des habitations sinistr\u00e9es\" \/>\n<meta property=\"og:description\" content=\"Gr\u00e2ce \u00e0 vous, ALIGRO a pu verser pr\u00e8s de 22&#039;000 CHF \u00e0 l\u2019ONG MEDAIR\" \/>\n<meta property=\"og:url\" content=\"https:\/\/www.aligro.ch\/pages\/fr\/news\/grace-a-vous-aligro-recolte-pres-de-22000-francs-pour-reconstruire-des-habitations-sinistrees\/\" \/>\n<meta property=\"og:site_name\" content=\"ALIGRO\" \/>\n<meta property=\"article:publisher\" content=\"https:\/\/fb.com\/aligrosuisse\" \/>\n<meta property=\"article:published_time\" content=\"2022-12-28T08:10:30+00:00\" \/>\n<meta property=\"article:modified_time\" content=\"2022-12-28T08:11:52+00:00\" \/>\n<meta property=\"og:image\" content=\"https:\/\/www.aligro.ch\/pages\/wp-content\/uploads\/2022\/12\/iStock-174904589.jpg\" \/>\n\t<meta property=\"og:image:width\" content=\"1920\" \/>\n\t<meta property=\"og:image:height\" content=\"1280\" \/>\n\t<meta property=\"og:image:type\" content=\"image\/jpeg\" \/>\n<meta name=\"author\" content=\"Vincent Lavanchy\" \/>\n<meta name=\"twitter:card\" content=\"summary_large_image\" \/>\n<meta name=\"twitter:label1\" content=\"\u00c9crit par\" \/>\n\t<meta name=\"twitter:data1\" content=\"Vincent Lavanchy\" \/>\n\t<meta name=\"twitter:label2\" content=\"Dur\u00e9e de lecture estim\u00e9e\" \/>\n\t<meta name=\"twitter:data2\" content=\"1 minute\" \/>\n<script type=\"application\/ld+json\" class=\"yoast-schema-graph\">{\"@context\":\"https:\\\/\\\/schema.org\",\"@graph\":[{\"@type\":\"Article\",\"@id\":\"https:\\\/\\\/www.aligro.ch\\\/pages\\\/fr\\\/news\\\/grace-a-vous-aligro-recolte-pres-de-22000-francs-pour-reconstruire-des-habitations-sinistrees\\\/#article\",\"isPartOf\":{\"@id\":\"https:\\\/\\\/www.aligro.ch\\\/pages\\\/fr\\\/news\\\/grace-a-vous-aligro-recolte-pres-de-22000-francs-pour-reconstruire-des-habitations-sinistrees\\\/\"},\"author\":{\"name\":\"Vincent Lavanchy\",\"@id\":\"https:\\\/\\\/www.aligro.ch\\\/pages\\\/#\\\/schema\\\/person\\\/abe4f4a53fec53a8dea10e43adbbe7e3\"},\"headline\":\"Gr\u00e2ce \u00e0 vous, ALIGRO r\u00e9colte pr\u00e8s de 22\u2019000CHF pour reconstruire des habitations sinistr\u00e9es\",\"datePublished\":\"2022-12-28T08:10:30+00:00\",\"dateModified\":\"2022-12-28T08:11:52+00:00\",\"mainEntityOfPage\":{\"@id\":\"https:\\\/\\\/www.aligro.ch\\\/pages\\\/fr\\\/news\\\/grace-a-vous-aligro-recolte-pres-de-22000-francs-pour-reconstruire-des-habitations-sinistrees\\\/\"},\"wordCount\":198,\"publisher\":{\"@id\":\"https:\\\/\\\/www.aligro.ch\\\/pages\\\/#organization\"},\"image\":{\"@id\":\"https:\\\/\\\/www.aligro.ch\\\/pages\\\/fr\\\/news\\\/grace-a-vous-aligro-recolte-pres-de-22000-francs-pour-reconstruire-des-habitations-sinistrees\\\/#primaryimage\"},\"thumbnailUrl\":\"https:\\\/\\\/www.aligro.ch\\\/pages\\\/wp-content\\\/uploads\\\/2022\\\/12\\\/iStock-174904589.jpg\",\"articleSection\":[\"News\"],\"inLanguage\":\"fr-FR\"},{\"@type\":\"WebPage\",\"@id\":\"https:\\\/\\\/www.aligro.ch\\\/pages\\\/fr\\\/news\\\/grace-a-vous-aligro-recolte-pres-de-22000-francs-pour-reconstruire-des-habitations-sinistrees\\\/\",\"url\":\"https:\\\/\\\/www.aligro.ch\\\/pages\\\/fr\\\/news\\\/grace-a-vous-aligro-recolte-pres-de-22000-francs-pour-reconstruire-des-habitations-sinistrees\\\/\",\"name\":\"Gr\u00e2ce \u00e0 vous, ALIGRO r\u00e9colte pr\u00e8s de 22\u2019000CHF pour reconstruire des habitations sinistr\u00e9es\",\"isPartOf\":{\"@id\":\"https:\\\/\\\/www.aligro.ch\\\/pages\\\/#website\"},\"primaryImageOfPage\":{\"@id\":\"https:\\\/\\\/www.aligro.ch\\\/pages\\\/fr\\\/news\\\/grace-a-vous-aligro-recolte-pres-de-22000-francs-pour-reconstruire-des-habitations-sinistrees\\\/#primaryimage\"},\"image\":{\"@id\":\"https:\\\/\\\/www.aligro.ch\\\/pages\\\/fr\\\/news\\\/grace-a-vous-aligro-recolte-pres-de-22000-francs-pour-reconstruire-des-habitations-sinistrees\\\/#primaryimage\"},\"thumbnailUrl\":\"https:\\\/\\\/www.aligro.ch\\\/pages\\\/wp-content\\\/uploads\\\/2022\\\/12\\\/iStock-174904589.jpg\",\"datePublished\":\"2022-12-28T08:10:30+00:00\",\"dateModified\":\"2022-12-28T08:11:52+00:00\",\"description\":\"Gr\u00e2ce \u00e0 vous, ALIGRO a pu verser pr\u00e8s de 22'000 CHF \u00e0 l\u2019ONG MEDAIR\",\"breadcrumb\":{\"@id\":\"https:\\\/\\\/www.aligro.ch\\\/pages\\\/fr\\\/news\\\/grace-a-vous-aligro-recolte-pres-de-22000-francs-pour-reconstruire-des-habitations-sinistrees\\\/#breadcrumb\"},\"inLanguage\":\"fr-FR\",\"potentialAction\":[{\"@type\":\"ReadAction\",\"target\":[\"https:\\\/\\\/www.aligro.ch\\\/pages\\\/fr\\\/news\\\/grace-a-vous-aligro-recolte-pres-de-22000-francs-pour-reconstruire-des-habitations-sinistrees\\\/\"]}]},{\"@type\":\"ImageObject\",\"inLanguage\":\"fr-FR\",\"@id\":\"https:\\\/\\\/www.aligro.ch\\\/pages\\\/fr\\\/news\\\/grace-a-vous-aligro-recolte-pres-de-22000-francs-pour-reconstruire-des-habitations-sinistrees\\\/#primaryimage\",\"url\":\"https:\\\/\\\/www.aligro.ch\\\/pages\\\/wp-content\\\/uploads\\\/2022\\\/12\\\/iStock-174904589.jpg\",\"contentUrl\":\"https:\\\/\\\/www.aligro.ch\\\/pages\\\/wp-content\\\/uploads\\\/2022\\\/12\\\/iStock-174904589.jpg\",\"width\":1920,\"height\":1280,\"caption\":\"\\\"Mandarins with leafs, focus on stem of first mandarin.\\\"\"},{\"@type\":\"BreadcrumbList\",\"@id\":\"https:\\\/\\\/www.aligro.ch\\\/pages\\\/fr\\\/news\\\/grace-a-vous-aligro-recolte-pres-de-22000-francs-pour-reconstruire-des-habitations-sinistrees\\\/#breadcrumb\",\"itemListElement\":[{\"@type\":\"ListItem\",\"position\":1,\"name\":\"Accueil\",\"item\":\"https:\\\/\\\/www.aligro.ch\\\/pages\\\/de\\\/aligro-academy\\\/\"},{\"@type\":\"ListItem\",\"position\":2,\"name\":\"Gr\u00e2ce \u00e0 vous, ALIGRO r\u00e9colte pr\u00e8s de 22\u2019000CHF pour reconstruire des habitations sinistr\u00e9es\"}]},{\"@type\":\"WebSite\",\"@id\":\"https:\\\/\\\/www.aligro.ch\\\/pages\\\/#website\",\"url\":\"https:\\\/\\\/www.aligro.ch\\\/pages\\\/\",\"name\":\"ALIGRO\",\"description\":\"Fra\u00eecheur. Qualit\u00e9. Inspiration.\",\"publisher\":{\"@id\":\"https:\\\/\\\/www.aligro.ch\\\/pages\\\/#organization\"},\"potentialAction\":[{\"@type\":\"SearchAction\",\"target\":{\"@type\":\"EntryPoint\",\"urlTemplate\":\"https:\\\/\\\/www.aligro.ch\\\/pages\\\/?s={search_term_string}\"},\"query-input\":{\"@type\":\"PropertyValueSpecification\",\"valueRequired\":true,\"valueName\":\"search_term_string\"}}],\"inLanguage\":\"fr-FR\"},{\"@type\":\"Organization\",\"@id\":\"https:\\\/\\\/www.aligro.ch\\\/pages\\\/#organization\",\"name\":\"ALIGRO\",\"url\":\"https:\\\/\\\/www.aligro.ch\\\/pages\\\/\",\"logo\":{\"@type\":\"ImageObject\",\"inLanguage\":\"fr-FR\",\"@id\":\"https:\\\/\\\/www.aligro.ch\\\/pages\\\/#\\\/schema\\\/logo\\\/image\\\/\",\"url\":\"https:\\\/\\\/www.aligro.ch\\\/pages\\\/wp-content\\\/uploads\\\/2018\\\/10\\\/Logo@4x.png\",\"contentUrl\":\"https:\\\/\\\/www.aligro.ch\\\/pages\\\/wp-content\\\/uploads\\\/2018\\\/10\\\/Logo@4x.png\",\"width\":1831,\"height\":228,\"caption\":\"ALIGRO\"},\"image\":{\"@id\":\"https:\\\/\\\/www.aligro.ch\\\/pages\\\/#\\\/schema\\\/logo\\\/image\\\/\"},\"sameAs\":[\"https:\\\/\\\/fb.com\\\/aligrosuisse\"]},{\"@type\":\"Person\",\"@id\":\"https:\\\/\\\/www.aligro.ch\\\/pages\\\/#\\\/schema\\\/person\\\/abe4f4a53fec53a8dea10e43adbbe7e3\",\"name\":\"Vincent Lavanchy\",\"image\":{\"@type\":\"ImageObject\",\"inLanguage\":\"fr-FR\",\"@id\":\"https:\\\/\\\/secure.gravatar.com\\\/avatar\\\/0c26d4efb7d6ae3d3acfb21cea043eed07c8459ea7780b7c5d9d73543f0c4d2e?s=96&d=mm&r=g\",\"url\":\"https:\\\/\\\/secure.gravatar.com\\\/avatar\\\/0c26d4efb7d6ae3d3acfb21cea043eed07c8459ea7780b7c5d9d73543f0c4d2e?s=96&d=mm&r=g\",\"contentUrl\":\"https:\\\/\\\/secure.gravatar.com\\\/avatar\\\/0c26d4efb7d6ae3d3acfb21cea043eed07c8459ea7780b7c5d9d73543f0c4d2e?s=96&d=mm&r=g\",\"caption\":\"Vincent Lavanchy\"}}]}<\/script>\n<!-- \/ Yoast SEO plugin. -->","yoast_head_json":{"title":"Gr\u00e2ce \u00e0 vous, ALIGRO r\u00e9colte pr\u00e8s de 22\u2019000CHF pour reconstruire des habitations sinistr\u00e9es","description":"Gr\u00e2ce \u00e0 vous, ALIGRO a pu verser pr\u00e8s de 22'000 CHF \u00e0 l\u2019ONG MEDAIR","robots":{"index":"index","follow":"follow","max-snippet":"max-snippet:-1","max-image-preview":"max-image-preview:large","max-video-preview":"max-video-preview:-1"},"canonical":"https:\/\/www.aligro.ch\/pages\/fr\/news\/grace-a-vous-aligro-recolte-pres-de-22000-francs-pour-reconstruire-des-habitations-sinistrees\/","og_locale":"fr_FR","og_type":"article","og_title":"Gr\u00e2ce \u00e0 vous, ALIGRO r\u00e9colte pr\u00e8s de 22\u2019000CHF pour reconstruire des habitations sinistr\u00e9es","og_description":"Gr\u00e2ce \u00e0 vous, ALIGRO a pu verser pr\u00e8s de 22'000 CHF \u00e0 l\u2019ONG MEDAIR","og_url":"https:\/\/www.aligro.ch\/pages\/fr\/news\/grace-a-vous-aligro-recolte-pres-de-22000-francs-pour-reconstruire-des-habitations-sinistrees\/","og_site_name":"ALIGRO","article_publisher":"https:\/\/fb.com\/aligrosuisse","article_published_time":"2022-12-28T08:10:30+00:00","article_modified_time":"2022-12-28T08:11:52+00:00","og_image":[{"width":1920,"height":1280,"url":"https:\/\/www.aligro.ch\/pages\/wp-content\/uploads\/2022\/12\/iStock-174904589.jpg","type":"image\/jpeg"}],"author":"Vincent Lavanchy","twitter_card":"summary_large_image","twitter_misc":{"\u00c9crit par":"Vincent Lavanchy","Dur\u00e9e de lecture estim\u00e9e":"1 minute"},"schema":{"@context":"https:\/\/schema.org","@graph":[{"@type":"Article","@id":"https:\/\/www.aligro.ch\/pages\/fr\/news\/grace-a-vous-aligro-recolte-pres-de-22000-francs-pour-reconstruire-des-habitations-sinistrees\/#article","isPartOf":{"@id":"https:\/\/www.aligro.ch\/pages\/fr\/news\/grace-a-vous-aligro-recolte-pres-de-22000-francs-pour-reconstruire-des-habitations-sinistrees\/"},"author":{"name":"Vincent Lavanchy","@id":"https:\/\/www.aligro.ch\/pages\/#\/schema\/person\/abe4f4a53fec53a8dea10e43adbbe7e3"},"headline":"Gr\u00e2ce \u00e0 vous, ALIGRO r\u00e9colte pr\u00e8s de 22\u2019000CHF pour reconstruire des habitations sinistr\u00e9es","datePublished":"2022-12-28T08:10:30+00:00","dateModified":"2022-12-28T08:11:52+00:00","mainEntityOfPage":{"@id":"https:\/\/www.aligro.ch\/pages\/fr\/news\/grace-a-vous-aligro-recolte-pres-de-22000-francs-pour-reconstruire-des-habitations-sinistrees\/"},"wordCount":198,"publisher":{"@id":"https:\/\/www.aligro.ch\/pages\/#organization"},"image":{"@id":"https:\/\/www.aligro.ch\/pages\/fr\/news\/grace-a-vous-aligro-recolte-pres-de-22000-francs-pour-reconstruire-des-habitations-sinistrees\/#primaryimage"},"thumbnailUrl":"https:\/\/www.aligro.ch\/pages\/wp-content\/uploads\/2022\/12\/iStock-174904589.jpg","articleSection":["News"],"inLanguage":"fr-FR"},{"@type":"WebPage","@id":"https:\/\/www.aligro.ch\/pages\/fr\/news\/grace-a-vous-aligro-recolte-pres-de-22000-francs-pour-reconstruire-des-habitations-sinistrees\/","url":"https:\/\/www.aligro.ch\/pages\/fr\/news\/grace-a-vous-aligro-recolte-pres-de-22000-francs-pour-reconstruire-des-habitations-sinistrees\/","name":"Gr\u00e2ce \u00e0 vous, ALIGRO r\u00e9colte pr\u00e8s de 22\u2019000CHF pour reconstruire des habitations sinistr\u00e9es","isPartOf":{"@id":"https:\/\/www.aligro.ch\/pages\/#website"},"primaryImageOfPage":{"@id":"https:\/\/www.aligro.ch\/pages\/fr\/news\/grace-a-vous-aligro-recolte-pres-de-22000-francs-pour-reconstruire-des-habitations-sinistrees\/#primaryimage"},"image":{"@id":"https:\/\/www.aligro.ch\/pages\/fr\/news\/grace-a-vous-aligro-recolte-pres-de-22000-francs-pour-reconstruire-des-habitations-sinistrees\/#primaryimage"},"thumbnailUrl":"https:\/\/www.aligro.ch\/pages\/wp-content\/uploads\/2022\/12\/iStock-174904589.jpg","datePublished":"2022-12-28T08:10:30+00:00","dateModified":"2022-12-28T08:11:52+00:00","description":"Gr\u00e2ce \u00e0 vous, ALIGRO a pu verser pr\u00e8s de 22'000 CHF \u00e0 l\u2019ONG MEDAIR","breadcrumb":{"@id":"https:\/\/www.aligro.ch\/pages\/fr\/news\/grace-a-vous-aligro-recolte-pres-de-22000-francs-pour-reconstruire-des-habitations-sinistrees\/#breadcrumb"},"inLanguage":"fr-FR","potentialAction":[{"@type":"ReadAction","target":["https:\/\/www.aligro.ch\/pages\/fr\/news\/grace-a-vous-aligro-recolte-pres-de-22000-francs-pour-reconstruire-des-habitations-sinistrees\/"]}]},{"@type":"ImageObject","inLanguage":"fr-FR","@id":"https:\/\/www.aligro.ch\/pages\/fr\/news\/grace-a-vous-aligro-recolte-pres-de-22000-francs-pour-reconstruire-des-habitations-sinistrees\/#primaryimage","url":"https:\/\/www.aligro.ch\/pages\/wp-content\/uploads\/2022\/12\/iStock-174904589.jpg","contentUrl":"https:\/\/www.aligro.ch\/pages\/wp-content\/uploads\/2022\/12\/iStock-174904589.jpg","width":1920,"height":1280,"caption":"\"Mandarins with leafs, focus on stem of first mandarin.\""},{"@type":"BreadcrumbList","@id":"https:\/\/www.aligro.ch\/pages\/fr\/news\/grace-a-vous-aligro-recolte-pres-de-22000-francs-pour-reconstruire-des-habitations-sinistrees\/#breadcrumb","itemListElement":[{"@type":"ListItem","position":1,"name":"Accueil","item":"https:\/\/www.aligro.ch\/pages\/de\/aligro-academy\/"},{"@type":"ListItem","position":2,"name":"Gr\u00e2ce \u00e0 vous, ALIGRO r\u00e9colte pr\u00e8s de 22\u2019000CHF pour reconstruire des habitations sinistr\u00e9es"}]},{"@type":"WebSite","@id":"https:\/\/www.aligro.ch\/pages\/#website","url":"https:\/\/www.aligro.ch\/pages\/","name":"ALIGRO","description":"Fra\u00eecheur. Qualit\u00e9. Inspiration.","publisher":{"@id":"https:\/\/www.aligro.ch\/pages\/#organization"},"potentialAction":[{"@type":"SearchAction","target":{"@type":"EntryPoint","urlTemplate":"https:\/\/www.aligro.ch\/pages\/?s={search_term_string}"},"query-input":{"@type":"PropertyValueSpecification","valueRequired":true,"valueName":"search_term_string"}}],"inLanguage":"fr-FR"},{"@type":"Organization","@id":"https:\/\/www.aligro.ch\/pages\/#organization","name":"ALIGRO","url":"https:\/\/www.aligro.ch\/pages\/","logo":{"@type":"ImageObject","inLanguage":"fr-FR","@id":"https:\/\/www.aligro.ch\/pages\/#\/schema\/logo\/image\/","url":"https:\/\/www.aligro.ch\/pages\/wp-content\/uploads\/2018\/10\/Logo@4x.png","contentUrl":"https:\/\/www.aligro.ch\/pages\/wp-content\/uploads\/2018\/10\/Logo@4x.png","width":1831,"height":228,"caption":"ALIGRO"},"image":{"@id":"https:\/\/www.aligro.ch\/pages\/#\/schema\/logo\/image\/"},"sameAs":["https:\/\/fb.com\/aligrosuisse"]},{"@type":"Person","@id":"https:\/\/www.aligro.ch\/pages\/#\/schema\/person\/abe4f4a53fec53a8dea10e43adbbe7e3","name":"Vincent Lavanchy","image":{"@type":"ImageObject","inLanguage":"fr-FR","@id":"https:\/\/secure.gravatar.com\/avatar\/0c26d4efb7d6ae3d3acfb21cea043eed07c8459ea7780b7c5d9d73543f0c4d2e?s=96&d=mm&r=g","url":"https:\/\/secure.gravatar.com\/avatar\/0c26d4efb7d6ae3d3acfb21cea043eed07c8459ea7780b7c5d9d73543f0c4d2e?s=96&d=mm&r=g","contentUrl":"https:\/\/secure.gravatar.com\/avatar\/0c26d4efb7d6ae3d3acfb21cea043eed07c8459ea7780b7c5d9d73543f0c4d2e?s=96&d=mm&r=g","caption":"Vincent Lavanchy"}}]}},"_links":{"self":[{"href":"https:\/\/www.aligro.ch\/pages\/wp-json\/wp\/v2\/posts\/59795","targetHints":{"allow":["GET"]}}],"collection":[{"href":"https:\/\/www.aligro.ch\/pages\/wp-json\/wp\/v2\/posts"}],"about":[{"href":"https:\/\/www.aligro.ch\/pages\/wp-json\/wp\/v2\/types\/post"}],"author":[{"embeddable":true,"href":"https:\/\/www.aligro.ch\/pages\/wp-json\/wp\/v2\/users\/9"}],"replies":[{"embeddable":true,"href":"https:\/\/www.aligro.ch\/pages\/wp-json\/wp\/v2\/comments?post=59795"}],"version-history":[{"count":3,"href":"https:\/\/www.aligro.ch\/pages\/wp-json\/wp\/v2\/posts\/59795\/revisions"}],"predecessor-version":[{"id":59811,"href":"https:\/\/www.aligro.ch\/pages\/wp-json\/wp\/v2\/posts\/59795\/revisions\/59811"}],"wp:featuredmedia":[{"embeddable":true,"href":"https:\/\/www.aligro.ch\/pages\/wp-json\/wp\/v2\/media\/59797"}],"wp:attachment":[{"href":"https:\/\/www.aligro.ch\/pages\/wp-json\/wp\/v2\/media?parent=59795"}],"wp:term":[{"taxonomy":"category","embeddable":true,"href":"https:\/\/www.aligro.ch\/pages\/wp-json\/wp\/v2\/categories?post=59795"},{"taxonomy":"post_tag","embeddable":true,"href":"https:\/\/www.aligro.ch\/pages\/wp-json\/wp\/v2\/tags?post=59795"}],"curies":[{"name":"wp","href":"https:\/\/api.w.org\/{rel}","templated":true}]}}