{"id":59313,"date":"2022-12-06T09:33:40","date_gmt":"2022-12-06T08:33:40","guid":{"rendered":"https:\/\/www.aligro.ch\/pages\/?p=59313"},"modified":"2022-12-06T17:09:10","modified_gmt":"2022-12-06T16:09:10","slug":"die-kochnati-wird-beim-culinary-world-cup-2022-zum-weltmeister-gekuert","status":"publish","type":"post","link":"https:\/\/www.aligro.ch\/pages\/de\/news\/die-kochnati-wird-beim-culinary-world-cup-2022-zum-weltmeister-gekuert\/","title":{"rendered":"Die Kochnati wird beim Culinary World Cup 2022 zum Weltmeister gek\u00fcrt"},"content":{"rendered":"<div class=\"wpb-content-wrapper\"><p>[vc_row][vc_column][vc_column_text]<strong>Die Schweizer Kochnationalmannschaft gewann am Donnerstag, 1. Dezember, beim Culinary World Cup in Luxemburg den Kochweltmeister-Titel. Jorge Cardoso, Mitglied der Kochnati, wurde ebenfalls Weltmeister in der Einzelkategorie. Insgesamt gewann die Schweiz w\u00e4hrend des Wettbewerbs f\u00fcnf Medaillen. ALIGRO unterst\u00fctzt die Kochnati seit mehreren Jahren und gratuliert den Siegern zu ihrer herausragenden Leistung.\u00a0 <\/strong><\/p>\n<p>Die Schweiz gewinnt f\u00fcnf Titel beim Culinary World Cup, so viele wie noch nie zuvor in der Geschichte des Wettbewerbs. Die Schweizer Teams gewannen alle Teamwettbewerbe und den Weltmeistertitel f\u00fcr das beste Schaust\u00fcck. Die Er\u00f6ffnungszeremonie der 14. Ausgabe des Culinary World Cup fand am 25. November in einer festlichen Atmosph\u00e4re statt. W\u00e4hrend des Wettbewerbs stellten 1300 K\u00f6che aus 55 verschiedenen Nationen ihr aussergew\u00f6hnliches K\u00f6nnen unter Beweis.<\/p>\n<p>Die Kochnati pr\u00e4sentierte ihren \u00ab\u00a0Chef&rsquo;s Table\u00a0\u00bb, ein F\u00fcnfgangmen\u00fc (Fingerfood-H\u00e4ppchen, eine kalte Platte, ein veganes Gericht, ein Hauptgang, ein Schaust\u00fcck, ein Dessert und Petit Fours), welches die Jury \u00fcberzeugte. Nach seinem ersten Weltmeistertitel im Jahr 2018 hat Jorge Cardoso das Kunstst\u00fcck dieses Jahr erneut fertiggebracht. Der Freiburger Koch, Mitglied der Schweizer Kochnationalmannschaft, \u00fcberzeugte die Jury mit einer Schokoladenstatue.<\/p>\n<p>Ale Mordasini, Mitglied des Coachingteams der Kochnati, ist mit dem Verlauf der Pr\u00fcfungen sehr zufrieden: \u00abDie Stimmung im Team war sehr gut und alle arbeiteten fokussiert.\u00bb<\/p>\n<p>Reto Walther, Gesch\u00e4ftsf\u00fchrer des Schweizer Kochverbands, ist stolz auf diese beeindruckenden Ergebnisse, die er als einzigartig in der Geschichte der Schweizer Teilnahmen an Weltmeisterschaften und Olympiaden bezeichnet. \u00abWas die K\u00f6chinnen und K\u00f6che, ihre Helfer und die Coaches im Vorfeld der WM und jetzt in Luxemburg geleistet haben, ist grandios und zeigt, dass das Schweizer Kochhandwerk weltf\u00fchrend ist\u00bb, freut er sich.<\/p>\n<p>ALIGRO unterst\u00fctzt die Schweizer Kochnationalmannschaft seit mehreren Jahren und gratuliert den Siegern zu ihren hervorragenden Leistungen.[\/vc_column_text][\/vc_column][\/vc_row][vc_row][vc_column][vc_single_image image=\u00a0\u00bb59317&Prime; img_size=\u00a0\u00bbfull\u00a0\u00bb add_caption=\u00a0\u00bbyes\u00a0\u00bb alignment=\u00a0\u00bbcenter\u00a0\u00bb][\/vc_column][\/vc_row]<\/p>\n<\/div>","protected":false},"excerpt":{"rendered":"<p>[vc_row][vc_column][vc_column_text]Die Schweizer Kochnationalmannschaft gewann am Donnerstag, 1. Dezember, beim Culinary World Cup in Luxemburg den Kochweltmeister-Titel. Jorge Cardoso,<a class=\"moretag\" href=\"https:\/\/www.aligro.ch\/pages\/de\/news\/die-kochnati-wird-beim-culinary-world-cup-2022-zum-weltmeister-gekuert\/\"> &#8230;<\/a><\/p>\n","protected":false},"author":9,"featured_media":59318,"comment_status":"closed","ping_status":"closed","sticky":false,"template":"","format":"standard","meta":{"_acf_changed":false,"footnotes":""},"categories":[268,220],"tags":[],"class_list":["post-59313","post","type-post","status-publish","format-standard","has-post-thumbnail","hentry","category-news-de","category-unterstuetzung-der-gastronomie"],"acf":[],"yoast_head":"<!-- This site is optimized with the Yoast SEO plugin v27.4 - https:\/\/yoast.com\/product\/yoast-seo-wordpress\/ -->\n<title>Die Kochnati wird beim Culinary World Cup 2022 zum Weltmeister gek\u00fcrt<\/title>\n<meta name=\"description\" content=\"Die von ALIGRO unterst\u00fctzten Schweizer Kochnationalmannschaft gewann am Donnerstag, 1. Dezember, beim Culinary World Cup in Luxemburg den Kochweltmeister-Titel.\" \/>\n<meta name=\"robots\" content=\"index, follow, max-snippet:-1, max-image-preview:large, max-video-preview:-1\" \/>\n<link rel=\"canonical\" href=\"https:\/\/www.aligro.ch\/pages\/de\/news\/die-kochnati-wird-beim-culinary-world-cup-2022-zum-weltmeister-gekuert\/\" \/>\n<meta property=\"og:locale\" content=\"fr_FR\" \/>\n<meta property=\"og:type\" content=\"article\" \/>\n<meta property=\"og:title\" content=\"Die Kochnati wird beim Culinary World Cup 2022 zum Weltmeister gek\u00fcrt\" \/>\n<meta property=\"og:description\" content=\"Die von ALIGRO unterst\u00fctzten Schweizer Kochnationalmannschaft gewann am Donnerstag, 1. Dezember, beim Culinary World Cup in Luxemburg den Kochweltmeister-Titel.\" \/>\n<meta property=\"og:url\" content=\"https:\/\/www.aligro.ch\/pages\/de\/news\/die-kochnati-wird-beim-culinary-world-cup-2022-zum-weltmeister-gekuert\/\" \/>\n<meta property=\"og:site_name\" content=\"ALIGRO\" \/>\n<meta property=\"article:publisher\" content=\"https:\/\/fb.com\/aligrosuisse\" \/>\n<meta property=\"article:published_time\" content=\"2022-12-06T08:33:40+00:00\" \/>\n<meta property=\"article:modified_time\" content=\"2022-12-06T16:09:10+00:00\" \/>\n<meta property=\"og:image\" content=\"https:\/\/www.aligro.ch\/pages\/wp-content\/uploads\/2022\/12\/csm_BANDEAU_Die_Schweizer_Junioren-Kochnati_ffd6be08c4-1.jpg\" \/>\n\t<meta property=\"og:image:width\" content=\"1920\" \/>\n\t<meta property=\"og:image:height\" content=\"1280\" \/>\n\t<meta property=\"og:image:type\" content=\"image\/jpeg\" \/>\n<meta name=\"author\" content=\"Vincent Lavanchy\" \/>\n<meta name=\"twitter:card\" content=\"summary_large_image\" \/>\n<meta name=\"twitter:label1\" content=\"\u00c9crit par\" \/>\n\t<meta name=\"twitter:data1\" content=\"Vincent Lavanchy\" \/>\n\t<meta name=\"twitter:label2\" content=\"Dur\u00e9e de lecture estim\u00e9e\" \/>\n\t<meta name=\"twitter:data2\" content=\"2 minutes\" \/>\n<script type=\"application\/ld+json\" class=\"yoast-schema-graph\">{\"@context\":\"https:\\\/\\\/schema.org\",\"@graph\":[{\"@type\":\"Article\",\"@id\":\"https:\\\/\\\/www.aligro.ch\\\/pages\\\/de\\\/news\\\/die-kochnati-wird-beim-culinary-world-cup-2022-zum-weltmeister-gekuert\\\/#article\",\"isPartOf\":{\"@id\":\"https:\\\/\\\/www.aligro.ch\\\/pages\\\/de\\\/news\\\/die-kochnati-wird-beim-culinary-world-cup-2022-zum-weltmeister-gekuert\\\/\"},\"author\":{\"name\":\"Vincent Lavanchy\",\"@id\":\"https:\\\/\\\/www.aligro.ch\\\/pages\\\/#\\\/schema\\\/person\\\/abe4f4a53fec53a8dea10e43adbbe7e3\"},\"headline\":\"Die Kochnati wird beim Culinary World Cup 2022 zum Weltmeister gek\u00fcrt\",\"datePublished\":\"2022-12-06T08:33:40+00:00\",\"dateModified\":\"2022-12-06T16:09:10+00:00\",\"mainEntityOfPage\":{\"@id\":\"https:\\\/\\\/www.aligro.ch\\\/pages\\\/de\\\/news\\\/die-kochnati-wird-beim-culinary-world-cup-2022-zum-weltmeister-gekuert\\\/\"},\"wordCount\":340,\"publisher\":{\"@id\":\"https:\\\/\\\/www.aligro.ch\\\/pages\\\/#organization\"},\"image\":{\"@id\":\"https:\\\/\\\/www.aligro.ch\\\/pages\\\/de\\\/news\\\/die-kochnati-wird-beim-culinary-world-cup-2022-zum-weltmeister-gekuert\\\/#primaryimage\"},\"thumbnailUrl\":\"https:\\\/\\\/www.aligro.ch\\\/pages\\\/wp-content\\\/uploads\\\/2022\\\/12\\\/csm_BANDEAU_Die_Schweizer_Junioren-Kochnati_ffd6be08c4-1.jpg\",\"articleSection\":[\"News\",\"Unterst\u00fctzung der Gastronomie\"],\"inLanguage\":\"fr-FR\"},{\"@type\":\"WebPage\",\"@id\":\"https:\\\/\\\/www.aligro.ch\\\/pages\\\/de\\\/news\\\/die-kochnati-wird-beim-culinary-world-cup-2022-zum-weltmeister-gekuert\\\/\",\"url\":\"https:\\\/\\\/www.aligro.ch\\\/pages\\\/de\\\/news\\\/die-kochnati-wird-beim-culinary-world-cup-2022-zum-weltmeister-gekuert\\\/\",\"name\":\"Die Kochnati wird beim Culinary World Cup 2022 zum Weltmeister gek\u00fcrt\",\"isPartOf\":{\"@id\":\"https:\\\/\\\/www.aligro.ch\\\/pages\\\/#website\"},\"primaryImageOfPage\":{\"@id\":\"https:\\\/\\\/www.aligro.ch\\\/pages\\\/de\\\/news\\\/die-kochnati-wird-beim-culinary-world-cup-2022-zum-weltmeister-gekuert\\\/#primaryimage\"},\"image\":{\"@id\":\"https:\\\/\\\/www.aligro.ch\\\/pages\\\/de\\\/news\\\/die-kochnati-wird-beim-culinary-world-cup-2022-zum-weltmeister-gekuert\\\/#primaryimage\"},\"thumbnailUrl\":\"https:\\\/\\\/www.aligro.ch\\\/pages\\\/wp-content\\\/uploads\\\/2022\\\/12\\\/csm_BANDEAU_Die_Schweizer_Junioren-Kochnati_ffd6be08c4-1.jpg\",\"datePublished\":\"2022-12-06T08:33:40+00:00\",\"dateModified\":\"2022-12-06T16:09:10+00:00\",\"description\":\"Die von ALIGRO unterst\u00fctzten Schweizer Kochnationalmannschaft gewann am Donnerstag, 1. Dezember, beim Culinary World Cup in Luxemburg den Kochweltmeister-Titel.\",\"breadcrumb\":{\"@id\":\"https:\\\/\\\/www.aligro.ch\\\/pages\\\/de\\\/news\\\/die-kochnati-wird-beim-culinary-world-cup-2022-zum-weltmeister-gekuert\\\/#breadcrumb\"},\"inLanguage\":\"fr-FR\",\"potentialAction\":[{\"@type\":\"ReadAction\",\"target\":[\"https:\\\/\\\/www.aligro.ch\\\/pages\\\/de\\\/news\\\/die-kochnati-wird-beim-culinary-world-cup-2022-zum-weltmeister-gekuert\\\/\"]}]},{\"@type\":\"ImageObject\",\"inLanguage\":\"fr-FR\",\"@id\":\"https:\\\/\\\/www.aligro.ch\\\/pages\\\/de\\\/news\\\/die-kochnati-wird-beim-culinary-world-cup-2022-zum-weltmeister-gekuert\\\/#primaryimage\",\"url\":\"https:\\\/\\\/www.aligro.ch\\\/pages\\\/wp-content\\\/uploads\\\/2022\\\/12\\\/csm_BANDEAU_Die_Schweizer_Junioren-Kochnati_ffd6be08c4-1.jpg\",\"contentUrl\":\"https:\\\/\\\/www.aligro.ch\\\/pages\\\/wp-content\\\/uploads\\\/2022\\\/12\\\/csm_BANDEAU_Die_Schweizer_Junioren-Kochnati_ffd6be08c4-1.jpg\",\"width\":1920,\"height\":1280},{\"@type\":\"BreadcrumbList\",\"@id\":\"https:\\\/\\\/www.aligro.ch\\\/pages\\\/de\\\/news\\\/die-kochnati-wird-beim-culinary-world-cup-2022-zum-weltmeister-gekuert\\\/#breadcrumb\",\"itemListElement\":[{\"@type\":\"ListItem\",\"position\":1,\"name\":\"Accueil\",\"item\":\"https:\\\/\\\/www.aligro.ch\\\/pages\\\/de\\\/aligro-academy\\\/\"},{\"@type\":\"ListItem\",\"position\":2,\"name\":\"Die Kochnati wird beim Culinary World Cup 2022 zum Weltmeister gek\u00fcrt\"}]},{\"@type\":\"WebSite\",\"@id\":\"https:\\\/\\\/www.aligro.ch\\\/pages\\\/#website\",\"url\":\"https:\\\/\\\/www.aligro.ch\\\/pages\\\/\",\"name\":\"ALIGRO\",\"description\":\"Fra\u00eecheur. Qualit\u00e9. Inspiration.\",\"publisher\":{\"@id\":\"https:\\\/\\\/www.aligro.ch\\\/pages\\\/#organization\"},\"potentialAction\":[{\"@type\":\"SearchAction\",\"target\":{\"@type\":\"EntryPoint\",\"urlTemplate\":\"https:\\\/\\\/www.aligro.ch\\\/pages\\\/?s={search_term_string}\"},\"query-input\":{\"@type\":\"PropertyValueSpecification\",\"valueRequired\":true,\"valueName\":\"search_term_string\"}}],\"inLanguage\":\"fr-FR\"},{\"@type\":\"Organization\",\"@id\":\"https:\\\/\\\/www.aligro.ch\\\/pages\\\/#organization\",\"name\":\"ALIGRO\",\"url\":\"https:\\\/\\\/www.aligro.ch\\\/pages\\\/\",\"logo\":{\"@type\":\"ImageObject\",\"inLanguage\":\"fr-FR\",\"@id\":\"https:\\\/\\\/www.aligro.ch\\\/pages\\\/#\\\/schema\\\/logo\\\/image\\\/\",\"url\":\"https:\\\/\\\/www.aligro.ch\\\/pages\\\/wp-content\\\/uploads\\\/2018\\\/10\\\/Logo@4x.png\",\"contentUrl\":\"https:\\\/\\\/www.aligro.ch\\\/pages\\\/wp-content\\\/uploads\\\/2018\\\/10\\\/Logo@4x.png\",\"width\":1831,\"height\":228,\"caption\":\"ALIGRO\"},\"image\":{\"@id\":\"https:\\\/\\\/www.aligro.ch\\\/pages\\\/#\\\/schema\\\/logo\\\/image\\\/\"},\"sameAs\":[\"https:\\\/\\\/fb.com\\\/aligrosuisse\"]},{\"@type\":\"Person\",\"@id\":\"https:\\\/\\\/www.aligro.ch\\\/pages\\\/#\\\/schema\\\/person\\\/abe4f4a53fec53a8dea10e43adbbe7e3\",\"name\":\"Vincent Lavanchy\",\"image\":{\"@type\":\"ImageObject\",\"inLanguage\":\"fr-FR\",\"@id\":\"https:\\\/\\\/secure.gravatar.com\\\/avatar\\\/0c26d4efb7d6ae3d3acfb21cea043eed07c8459ea7780b7c5d9d73543f0c4d2e?s=96&d=mm&r=g\",\"url\":\"https:\\\/\\\/secure.gravatar.com\\\/avatar\\\/0c26d4efb7d6ae3d3acfb21cea043eed07c8459ea7780b7c5d9d73543f0c4d2e?s=96&d=mm&r=g\",\"contentUrl\":\"https:\\\/\\\/secure.gravatar.com\\\/avatar\\\/0c26d4efb7d6ae3d3acfb21cea043eed07c8459ea7780b7c5d9d73543f0c4d2e?s=96&d=mm&r=g\",\"caption\":\"Vincent Lavanchy\"}}]}<\/script>\n<!-- \/ Yoast SEO plugin. -->","yoast_head_json":{"title":"Die Kochnati wird beim Culinary World Cup 2022 zum Weltmeister gek\u00fcrt","description":"Die von ALIGRO unterst\u00fctzten Schweizer Kochnationalmannschaft gewann am Donnerstag, 1. Dezember, beim Culinary World Cup in Luxemburg den Kochweltmeister-Titel.","robots":{"index":"index","follow":"follow","max-snippet":"max-snippet:-1","max-image-preview":"max-image-preview:large","max-video-preview":"max-video-preview:-1"},"canonical":"https:\/\/www.aligro.ch\/pages\/de\/news\/die-kochnati-wird-beim-culinary-world-cup-2022-zum-weltmeister-gekuert\/","og_locale":"fr_FR","og_type":"article","og_title":"Die Kochnati wird beim Culinary World Cup 2022 zum Weltmeister gek\u00fcrt","og_description":"Die von ALIGRO unterst\u00fctzten Schweizer Kochnationalmannschaft gewann am Donnerstag, 1. Dezember, beim Culinary World Cup in Luxemburg den Kochweltmeister-Titel.","og_url":"https:\/\/www.aligro.ch\/pages\/de\/news\/die-kochnati-wird-beim-culinary-world-cup-2022-zum-weltmeister-gekuert\/","og_site_name":"ALIGRO","article_publisher":"https:\/\/fb.com\/aligrosuisse","article_published_time":"2022-12-06T08:33:40+00:00","article_modified_time":"2022-12-06T16:09:10+00:00","og_image":[{"width":1920,"height":1280,"url":"https:\/\/www.aligro.ch\/pages\/wp-content\/uploads\/2022\/12\/csm_BANDEAU_Die_Schweizer_Junioren-Kochnati_ffd6be08c4-1.jpg","type":"image\/jpeg"}],"author":"Vincent Lavanchy","twitter_card":"summary_large_image","twitter_misc":{"\u00c9crit par":"Vincent Lavanchy","Dur\u00e9e de lecture estim\u00e9e":"2 minutes"},"schema":{"@context":"https:\/\/schema.org","@graph":[{"@type":"Article","@id":"https:\/\/www.aligro.ch\/pages\/de\/news\/die-kochnati-wird-beim-culinary-world-cup-2022-zum-weltmeister-gekuert\/#article","isPartOf":{"@id":"https:\/\/www.aligro.ch\/pages\/de\/news\/die-kochnati-wird-beim-culinary-world-cup-2022-zum-weltmeister-gekuert\/"},"author":{"name":"Vincent Lavanchy","@id":"https:\/\/www.aligro.ch\/pages\/#\/schema\/person\/abe4f4a53fec53a8dea10e43adbbe7e3"},"headline":"Die Kochnati wird beim Culinary World Cup 2022 zum Weltmeister gek\u00fcrt","datePublished":"2022-12-06T08:33:40+00:00","dateModified":"2022-12-06T16:09:10+00:00","mainEntityOfPage":{"@id":"https:\/\/www.aligro.ch\/pages\/de\/news\/die-kochnati-wird-beim-culinary-world-cup-2022-zum-weltmeister-gekuert\/"},"wordCount":340,"publisher":{"@id":"https:\/\/www.aligro.ch\/pages\/#organization"},"image":{"@id":"https:\/\/www.aligro.ch\/pages\/de\/news\/die-kochnati-wird-beim-culinary-world-cup-2022-zum-weltmeister-gekuert\/#primaryimage"},"thumbnailUrl":"https:\/\/www.aligro.ch\/pages\/wp-content\/uploads\/2022\/12\/csm_BANDEAU_Die_Schweizer_Junioren-Kochnati_ffd6be08c4-1.jpg","articleSection":["News","Unterst\u00fctzung der Gastronomie"],"inLanguage":"fr-FR"},{"@type":"WebPage","@id":"https:\/\/www.aligro.ch\/pages\/de\/news\/die-kochnati-wird-beim-culinary-world-cup-2022-zum-weltmeister-gekuert\/","url":"https:\/\/www.aligro.ch\/pages\/de\/news\/die-kochnati-wird-beim-culinary-world-cup-2022-zum-weltmeister-gekuert\/","name":"Die Kochnati wird beim Culinary World Cup 2022 zum Weltmeister gek\u00fcrt","isPartOf":{"@id":"https:\/\/www.aligro.ch\/pages\/#website"},"primaryImageOfPage":{"@id":"https:\/\/www.aligro.ch\/pages\/de\/news\/die-kochnati-wird-beim-culinary-world-cup-2022-zum-weltmeister-gekuert\/#primaryimage"},"image":{"@id":"https:\/\/www.aligro.ch\/pages\/de\/news\/die-kochnati-wird-beim-culinary-world-cup-2022-zum-weltmeister-gekuert\/#primaryimage"},"thumbnailUrl":"https:\/\/www.aligro.ch\/pages\/wp-content\/uploads\/2022\/12\/csm_BANDEAU_Die_Schweizer_Junioren-Kochnati_ffd6be08c4-1.jpg","datePublished":"2022-12-06T08:33:40+00:00","dateModified":"2022-12-06T16:09:10+00:00","description":"Die von ALIGRO unterst\u00fctzten Schweizer Kochnationalmannschaft gewann am Donnerstag, 1. Dezember, beim Culinary World Cup in Luxemburg den Kochweltmeister-Titel.","breadcrumb":{"@id":"https:\/\/www.aligro.ch\/pages\/de\/news\/die-kochnati-wird-beim-culinary-world-cup-2022-zum-weltmeister-gekuert\/#breadcrumb"},"inLanguage":"fr-FR","potentialAction":[{"@type":"ReadAction","target":["https:\/\/www.aligro.ch\/pages\/de\/news\/die-kochnati-wird-beim-culinary-world-cup-2022-zum-weltmeister-gekuert\/"]}]},{"@type":"ImageObject","inLanguage":"fr-FR","@id":"https:\/\/www.aligro.ch\/pages\/de\/news\/die-kochnati-wird-beim-culinary-world-cup-2022-zum-weltmeister-gekuert\/#primaryimage","url":"https:\/\/www.aligro.ch\/pages\/wp-content\/uploads\/2022\/12\/csm_BANDEAU_Die_Schweizer_Junioren-Kochnati_ffd6be08c4-1.jpg","contentUrl":"https:\/\/www.aligro.ch\/pages\/wp-content\/uploads\/2022\/12\/csm_BANDEAU_Die_Schweizer_Junioren-Kochnati_ffd6be08c4-1.jpg","width":1920,"height":1280},{"@type":"BreadcrumbList","@id":"https:\/\/www.aligro.ch\/pages\/de\/news\/die-kochnati-wird-beim-culinary-world-cup-2022-zum-weltmeister-gekuert\/#breadcrumb","itemListElement":[{"@type":"ListItem","position":1,"name":"Accueil","item":"https:\/\/www.aligro.ch\/pages\/de\/aligro-academy\/"},{"@type":"ListItem","position":2,"name":"Die Kochnati wird beim Culinary World Cup 2022 zum Weltmeister gek\u00fcrt"}]},{"@type":"WebSite","@id":"https:\/\/www.aligro.ch\/pages\/#website","url":"https:\/\/www.aligro.ch\/pages\/","name":"ALIGRO","description":"Fra\u00eecheur. Qualit\u00e9. Inspiration.","publisher":{"@id":"https:\/\/www.aligro.ch\/pages\/#organization"},"potentialAction":[{"@type":"SearchAction","target":{"@type":"EntryPoint","urlTemplate":"https:\/\/www.aligro.ch\/pages\/?s={search_term_string}"},"query-input":{"@type":"PropertyValueSpecification","valueRequired":true,"valueName":"search_term_string"}}],"inLanguage":"fr-FR"},{"@type":"Organization","@id":"https:\/\/www.aligro.ch\/pages\/#organization","name":"ALIGRO","url":"https:\/\/www.aligro.ch\/pages\/","logo":{"@type":"ImageObject","inLanguage":"fr-FR","@id":"https:\/\/www.aligro.ch\/pages\/#\/schema\/logo\/image\/","url":"https:\/\/www.aligro.ch\/pages\/wp-content\/uploads\/2018\/10\/Logo@4x.png","contentUrl":"https:\/\/www.aligro.ch\/pages\/wp-content\/uploads\/2018\/10\/Logo@4x.png","width":1831,"height":228,"caption":"ALIGRO"},"image":{"@id":"https:\/\/www.aligro.ch\/pages\/#\/schema\/logo\/image\/"},"sameAs":["https:\/\/fb.com\/aligrosuisse"]},{"@type":"Person","@id":"https:\/\/www.aligro.ch\/pages\/#\/schema\/person\/abe4f4a53fec53a8dea10e43adbbe7e3","name":"Vincent Lavanchy","image":{"@type":"ImageObject","inLanguage":"fr-FR","@id":"https:\/\/secure.gravatar.com\/avatar\/0c26d4efb7d6ae3d3acfb21cea043eed07c8459ea7780b7c5d9d73543f0c4d2e?s=96&d=mm&r=g","url":"https:\/\/secure.gravatar.com\/avatar\/0c26d4efb7d6ae3d3acfb21cea043eed07c8459ea7780b7c5d9d73543f0c4d2e?s=96&d=mm&r=g","contentUrl":"https:\/\/secure.gravatar.com\/avatar\/0c26d4efb7d6ae3d3acfb21cea043eed07c8459ea7780b7c5d9d73543f0c4d2e?s=96&d=mm&r=g","caption":"Vincent Lavanchy"}}]}},"_links":{"self":[{"href":"https:\/\/www.aligro.ch\/pages\/wp-json\/wp\/v2\/posts\/59313","targetHints":{"allow":["GET"]}}],"collection":[{"href":"https:\/\/www.aligro.ch\/pages\/wp-json\/wp\/v2\/posts"}],"about":[{"href":"https:\/\/www.aligro.ch\/pages\/wp-json\/wp\/v2\/types\/post"}],"author":[{"embeddable":true,"href":"https:\/\/www.aligro.ch\/pages\/wp-json\/wp\/v2\/users\/9"}],"replies":[{"embeddable":true,"href":"https:\/\/www.aligro.ch\/pages\/wp-json\/wp\/v2\/comments?post=59313"}],"version-history":[{"count":4,"href":"https:\/\/www.aligro.ch\/pages\/wp-json\/wp\/v2\/posts\/59313\/revisions"}],"predecessor-version":[{"id":59361,"href":"https:\/\/www.aligro.ch\/pages\/wp-json\/wp\/v2\/posts\/59313\/revisions\/59361"}],"wp:featuredmedia":[{"embeddable":true,"href":"https:\/\/www.aligro.ch\/pages\/wp-json\/wp\/v2\/media\/59318"}],"wp:attachment":[{"href":"https:\/\/www.aligro.ch\/pages\/wp-json\/wp\/v2\/media?parent=59313"}],"wp:term":[{"taxonomy":"category","embeddable":true,"href":"https:\/\/www.aligro.ch\/pages\/wp-json\/wp\/v2\/categories?post=59313"},{"taxonomy":"post_tag","embeddable":true,"href":"https:\/\/www.aligro.ch\/pages\/wp-json\/wp\/v2\/tags?post=59313"}],"curies":[{"name":"wp","href":"https:\/\/api.w.org\/{rel}","templated":true}]}}