{"id":59312,"date":"2022-12-06T09:33:35","date_gmt":"2022-12-06T08:33:35","guid":{"rendered":"https:\/\/www.aligro.ch\/pages\/?p=59312"},"modified":"2022-12-06T17:07:45","modified_gmt":"2022-12-06T16:07:45","slug":"la-kochnati-sacree-championne-du-monde-lors-de-la-culinary-world-cup-2022","status":"publish","type":"post","link":"https:\/\/www.aligro.ch\/pages\/fr\/news\/la-kochnati-sacree-championne-du-monde-lors-de-la-culinary-world-cup-2022\/","title":{"rendered":"La Kochnati sacr\u00e9e championne du monde \u00e0 la Culinary World Cup 2022"},"content":{"rendered":"<div class=\"wpb-content-wrapper\"><p>[vc_row][vc_column][vc_column_text]<strong>L\u2019\u00e9quipe nationale suisse des cuisiniers (Kochnati) a remport\u00e9 le jeudi 1<sup>er<\/sup> d\u00e9cembre le titre de championne du monde de cuisine lors de la Culinary World Cup au Luxembourg. Membre de la Kochnati, Jorge Cardoso a \u00e9galement \u00e9t\u00e9 sacr\u00e9 champion du monde en cat\u00e9gorie individuelle. Au total, la Suisse obtient cinq m\u00e9dailles durant la comp\u00e9tition. Soutenant la <em>Kochnati<\/em> depuis plusieurs ann\u00e9es, ALIGRO f\u00e9licite les vainqueurs pour leur travail exceptionnel.\u00a0 <\/strong><\/p>\n<p>La Suisse remporte cinq titres durant la Culinary World Cup, du jamais vu dans l\u2019histoire du concours. Les \u00e9quipes helv\u00e9tiques raflent toutes les comp\u00e9titions par \u00e9quipe ainsi que le titre de championne du monde de la meilleure pi\u00e8ce d\u2019exposition. La c\u00e9r\u00e9monie d\u2019ouverture de la 14\u00e8me \u00e9dition de la Culinary World Cup a eu lieu le 25 novembre dans un climat festif. Durant la comp\u00e9tition, 1300 chefs issus de 55 nations diff\u00e9rentes ont d\u00e9montr\u00e9 leur savoir-faire hors-norme.<\/p>\n<p>La Kochnati a pr\u00e9sent\u00e9 sa\u00a0\u00ab\u00a0Chef\u2019s Table \u00bb, un menu compos\u00e9 de cinq plats (des pi\u00e8ces de finger food, une assiette froide, un plat v\u00e9gane, un plat principal, une pi\u00e8ce d\u2019exposition, un dessert et des petits fours) qui a convaincu le jury. Apr\u00e8s un premier titre de champion du monde en 2018, Jorge Cardoso a r\u00e9it\u00e9r\u00e9 l\u2019exploit cette ann\u00e9e. Membre de l\u2019\u00e9quipe nationale suisse des cuisiniers, le chef fribourgeois a su convaincre le jury avec une statue en chocolat.<\/p>\n<p>Ale Mordasini, membre de l&rsquo;\u00e9quipe de coaching des \u00e9quipes nationales suisses de cuisine se dit tr\u00e8s satisfait du d\u00e9roul\u00e9 des \u00e9preuves : \u00ab\u00a0L&rsquo;ambiance au sein des \u00e9quipes \u00e9tait tr\u00e8s bonne et tout le monde a fait preuve de la plus grande concentration\u00a0\u00bb.<\/p>\n<p>Reto Walther, Secr\u00e9taire g\u00e9n\u00e9ral de la Soci\u00e9t\u00e9 suisse des cuisiniers, est fier de ces r\u00e9sultats impressionnants, qu\u2019il juge uniques dans l&rsquo;histoire des participations suisses aux championnats du monde et aux Jeux Olympiques. \u00ab\u00a0Ce que les cuisiniers, leurs assistants et les coachs ont accompli est grandiose et place la Suisse en leader mondial de l\u2019art culinaire\u00a0\u00bb, se r\u00e9jouit-il.<\/p>\n<p>ALIGRO soutient l\u2019\u00e9quipe nationale suisse des cuisiniers depuis plusieurs ann\u00e9es et f\u00e9licite les vainqueurs pour leurs performances remarquables.[\/vc_column_text][\/vc_column][\/vc_row][vc_row][vc_column][vc_single_image image=\u00a0\u00bb59314&Prime; img_size=\u00a0\u00bbfull\u00a0\u00bb add_caption=\u00a0\u00bbyes\u00a0\u00bb alignment=\u00a0\u00bbcenter\u00a0\u00bb el_class=\u00a0\u00bbBild : https:\/\/www.hotelgastrounion.ch\/de\/hgu\/media\/medienmitteilungen\/2022\/fuenf-wm-titel-fuer-die-schweiz\u00a0\u00bb][\/vc_column][\/vc_row]<\/p>\n<\/div>","protected":false},"excerpt":{"rendered":"<p>[vc_row][vc_column][vc_column_text]L\u2019\u00e9quipe nationale suisse des cuisiniers (Kochnati) a remport\u00e9 le jeudi 1er d\u00e9cembre le titre de championne du monde<a class=\"moretag\" href=\"https:\/\/www.aligro.ch\/pages\/fr\/news\/la-kochnati-sacree-championne-du-monde-lors-de-la-culinary-world-cup-2022\/\"> &#8230;<\/a><\/p>\n","protected":false},"author":9,"featured_media":59315,"comment_status":"closed","ping_status":"closed","sticky":false,"template":"","format":"standard","meta":{"_acf_changed":false,"footnotes":""},"categories":[266,209],"tags":[],"class_list":["post-59312","post","type-post","status-publish","format-standard","has-post-thumbnail","hentry","category-news","category-soutien-de-la-gastronomie"],"acf":[],"yoast_head":"<!-- This site is optimized with the Yoast SEO plugin v27.4 - https:\/\/yoast.com\/product\/yoast-seo-wordpress\/ -->\n<title>La Kochnati sacr\u00e9e championne du monde \u00e0 la Culinary World Cup 2022<\/title>\n<meta name=\"description\" content=\"La Kochnati, soutenue par ALIGRO, a remport\u00e9 le jeudi 1er d\u00e9cembre le titre de championne du monde de cuisine lors de la Culinary World Cup au Luxembourg.\" \/>\n<meta name=\"robots\" content=\"index, follow, max-snippet:-1, max-image-preview:large, max-video-preview:-1\" \/>\n<link rel=\"canonical\" href=\"https:\/\/www.aligro.ch\/pages\/fr\/news\/la-kochnati-sacree-championne-du-monde-lors-de-la-culinary-world-cup-2022\/\" \/>\n<meta property=\"og:locale\" content=\"fr_FR\" \/>\n<meta property=\"og:type\" content=\"article\" \/>\n<meta property=\"og:title\" content=\"La Kochnati sacr\u00e9e championne du monde \u00e0 la Culinary World Cup 2022\" \/>\n<meta property=\"og:description\" content=\"La Kochnati, soutenue par ALIGRO, a remport\u00e9 le jeudi 1er d\u00e9cembre le titre de championne du monde de cuisine lors de la Culinary World Cup au Luxembourg.\" \/>\n<meta property=\"og:url\" content=\"https:\/\/www.aligro.ch\/pages\/fr\/news\/la-kochnati-sacree-championne-du-monde-lors-de-la-culinary-world-cup-2022\/\" \/>\n<meta property=\"og:site_name\" content=\"ALIGRO\" \/>\n<meta property=\"article:publisher\" content=\"https:\/\/fb.com\/aligrosuisse\" \/>\n<meta property=\"article:published_time\" content=\"2022-12-06T08:33:35+00:00\" \/>\n<meta property=\"article:modified_time\" content=\"2022-12-06T16:07:45+00:00\" \/>\n<meta property=\"og:image\" content=\"https:\/\/www.aligro.ch\/pages\/wp-content\/uploads\/2022\/12\/csm_BANDEAU_Die_Schweizer_Junioren-Kochnati_ffd6be08c4.jpg\" \/>\n\t<meta property=\"og:image:width\" content=\"1920\" \/>\n\t<meta property=\"og:image:height\" content=\"1280\" \/>\n\t<meta property=\"og:image:type\" content=\"image\/jpeg\" \/>\n<meta name=\"author\" content=\"Vincent Lavanchy\" \/>\n<meta name=\"twitter:card\" content=\"summary_large_image\" \/>\n<meta name=\"twitter:label1\" content=\"\u00c9crit par\" \/>\n\t<meta name=\"twitter:data1\" content=\"Vincent Lavanchy\" \/>\n\t<meta name=\"twitter:label2\" content=\"Dur\u00e9e de lecture estim\u00e9e\" \/>\n\t<meta name=\"twitter:data2\" content=\"2 minutes\" \/>\n<script type=\"application\/ld+json\" class=\"yoast-schema-graph\">{\"@context\":\"https:\\\/\\\/schema.org\",\"@graph\":[{\"@type\":\"Article\",\"@id\":\"https:\\\/\\\/www.aligro.ch\\\/pages\\\/fr\\\/news\\\/la-kochnati-sacree-championne-du-monde-lors-de-la-culinary-world-cup-2022\\\/#article\",\"isPartOf\":{\"@id\":\"https:\\\/\\\/www.aligro.ch\\\/pages\\\/fr\\\/news\\\/la-kochnati-sacree-championne-du-monde-lors-de-la-culinary-world-cup-2022\\\/\"},\"author\":{\"name\":\"Vincent Lavanchy\",\"@id\":\"https:\\\/\\\/www.aligro.ch\\\/pages\\\/#\\\/schema\\\/person\\\/abe4f4a53fec53a8dea10e43adbbe7e3\"},\"headline\":\"La Kochnati sacr\u00e9e championne du monde \u00e0 la Culinary World Cup 2022\",\"datePublished\":\"2022-12-06T08:33:35+00:00\",\"dateModified\":\"2022-12-06T16:07:45+00:00\",\"mainEntityOfPage\":{\"@id\":\"https:\\\/\\\/www.aligro.ch\\\/pages\\\/fr\\\/news\\\/la-kochnati-sacree-championne-du-monde-lors-de-la-culinary-world-cup-2022\\\/\"},\"wordCount\":438,\"publisher\":{\"@id\":\"https:\\\/\\\/www.aligro.ch\\\/pages\\\/#organization\"},\"image\":{\"@id\":\"https:\\\/\\\/www.aligro.ch\\\/pages\\\/fr\\\/news\\\/la-kochnati-sacree-championne-du-monde-lors-de-la-culinary-world-cup-2022\\\/#primaryimage\"},\"thumbnailUrl\":\"https:\\\/\\\/www.aligro.ch\\\/pages\\\/wp-content\\\/uploads\\\/2022\\\/12\\\/csm_BANDEAU_Die_Schweizer_Junioren-Kochnati_ffd6be08c4.jpg\",\"articleSection\":[\"News\",\"Soutien de la gastronomie\"],\"inLanguage\":\"fr-FR\"},{\"@type\":\"WebPage\",\"@id\":\"https:\\\/\\\/www.aligro.ch\\\/pages\\\/fr\\\/news\\\/la-kochnati-sacree-championne-du-monde-lors-de-la-culinary-world-cup-2022\\\/\",\"url\":\"https:\\\/\\\/www.aligro.ch\\\/pages\\\/fr\\\/news\\\/la-kochnati-sacree-championne-du-monde-lors-de-la-culinary-world-cup-2022\\\/\",\"name\":\"La Kochnati sacr\u00e9e championne du monde \u00e0 la Culinary World Cup 2022\",\"isPartOf\":{\"@id\":\"https:\\\/\\\/www.aligro.ch\\\/pages\\\/#website\"},\"primaryImageOfPage\":{\"@id\":\"https:\\\/\\\/www.aligro.ch\\\/pages\\\/fr\\\/news\\\/la-kochnati-sacree-championne-du-monde-lors-de-la-culinary-world-cup-2022\\\/#primaryimage\"},\"image\":{\"@id\":\"https:\\\/\\\/www.aligro.ch\\\/pages\\\/fr\\\/news\\\/la-kochnati-sacree-championne-du-monde-lors-de-la-culinary-world-cup-2022\\\/#primaryimage\"},\"thumbnailUrl\":\"https:\\\/\\\/www.aligro.ch\\\/pages\\\/wp-content\\\/uploads\\\/2022\\\/12\\\/csm_BANDEAU_Die_Schweizer_Junioren-Kochnati_ffd6be08c4.jpg\",\"datePublished\":\"2022-12-06T08:33:35+00:00\",\"dateModified\":\"2022-12-06T16:07:45+00:00\",\"description\":\"La Kochnati, soutenue par ALIGRO, a remport\u00e9 le jeudi 1er d\u00e9cembre le titre de championne du monde de cuisine lors de la Culinary World Cup au Luxembourg.\",\"breadcrumb\":{\"@id\":\"https:\\\/\\\/www.aligro.ch\\\/pages\\\/fr\\\/news\\\/la-kochnati-sacree-championne-du-monde-lors-de-la-culinary-world-cup-2022\\\/#breadcrumb\"},\"inLanguage\":\"fr-FR\",\"potentialAction\":[{\"@type\":\"ReadAction\",\"target\":[\"https:\\\/\\\/www.aligro.ch\\\/pages\\\/fr\\\/news\\\/la-kochnati-sacree-championne-du-monde-lors-de-la-culinary-world-cup-2022\\\/\"]}]},{\"@type\":\"ImageObject\",\"inLanguage\":\"fr-FR\",\"@id\":\"https:\\\/\\\/www.aligro.ch\\\/pages\\\/fr\\\/news\\\/la-kochnati-sacree-championne-du-monde-lors-de-la-culinary-world-cup-2022\\\/#primaryimage\",\"url\":\"https:\\\/\\\/www.aligro.ch\\\/pages\\\/wp-content\\\/uploads\\\/2022\\\/12\\\/csm_BANDEAU_Die_Schweizer_Junioren-Kochnati_ffd6be08c4.jpg\",\"contentUrl\":\"https:\\\/\\\/www.aligro.ch\\\/pages\\\/wp-content\\\/uploads\\\/2022\\\/12\\\/csm_BANDEAU_Die_Schweizer_Junioren-Kochnati_ffd6be08c4.jpg\",\"width\":1920,\"height\":1280},{\"@type\":\"BreadcrumbList\",\"@id\":\"https:\\\/\\\/www.aligro.ch\\\/pages\\\/fr\\\/news\\\/la-kochnati-sacree-championne-du-monde-lors-de-la-culinary-world-cup-2022\\\/#breadcrumb\",\"itemListElement\":[{\"@type\":\"ListItem\",\"position\":1,\"name\":\"Accueil\",\"item\":\"https:\\\/\\\/www.aligro.ch\\\/pages\\\/de\\\/aligro-academy\\\/\"},{\"@type\":\"ListItem\",\"position\":2,\"name\":\"La Kochnati sacr\u00e9e championne du monde \u00e0 la Culinary World Cup 2022\"}]},{\"@type\":\"WebSite\",\"@id\":\"https:\\\/\\\/www.aligro.ch\\\/pages\\\/#website\",\"url\":\"https:\\\/\\\/www.aligro.ch\\\/pages\\\/\",\"name\":\"ALIGRO\",\"description\":\"Fra\u00eecheur. Qualit\u00e9. Inspiration.\",\"publisher\":{\"@id\":\"https:\\\/\\\/www.aligro.ch\\\/pages\\\/#organization\"},\"potentialAction\":[{\"@type\":\"SearchAction\",\"target\":{\"@type\":\"EntryPoint\",\"urlTemplate\":\"https:\\\/\\\/www.aligro.ch\\\/pages\\\/?s={search_term_string}\"},\"query-input\":{\"@type\":\"PropertyValueSpecification\",\"valueRequired\":true,\"valueName\":\"search_term_string\"}}],\"inLanguage\":\"fr-FR\"},{\"@type\":\"Organization\",\"@id\":\"https:\\\/\\\/www.aligro.ch\\\/pages\\\/#organization\",\"name\":\"ALIGRO\",\"url\":\"https:\\\/\\\/www.aligro.ch\\\/pages\\\/\",\"logo\":{\"@type\":\"ImageObject\",\"inLanguage\":\"fr-FR\",\"@id\":\"https:\\\/\\\/www.aligro.ch\\\/pages\\\/#\\\/schema\\\/logo\\\/image\\\/\",\"url\":\"https:\\\/\\\/www.aligro.ch\\\/pages\\\/wp-content\\\/uploads\\\/2018\\\/10\\\/Logo@4x.png\",\"contentUrl\":\"https:\\\/\\\/www.aligro.ch\\\/pages\\\/wp-content\\\/uploads\\\/2018\\\/10\\\/Logo@4x.png\",\"width\":1831,\"height\":228,\"caption\":\"ALIGRO\"},\"image\":{\"@id\":\"https:\\\/\\\/www.aligro.ch\\\/pages\\\/#\\\/schema\\\/logo\\\/image\\\/\"},\"sameAs\":[\"https:\\\/\\\/fb.com\\\/aligrosuisse\"]},{\"@type\":\"Person\",\"@id\":\"https:\\\/\\\/www.aligro.ch\\\/pages\\\/#\\\/schema\\\/person\\\/abe4f4a53fec53a8dea10e43adbbe7e3\",\"name\":\"Vincent Lavanchy\",\"image\":{\"@type\":\"ImageObject\",\"inLanguage\":\"fr-FR\",\"@id\":\"https:\\\/\\\/secure.gravatar.com\\\/avatar\\\/0c26d4efb7d6ae3d3acfb21cea043eed07c8459ea7780b7c5d9d73543f0c4d2e?s=96&d=mm&r=g\",\"url\":\"https:\\\/\\\/secure.gravatar.com\\\/avatar\\\/0c26d4efb7d6ae3d3acfb21cea043eed07c8459ea7780b7c5d9d73543f0c4d2e?s=96&d=mm&r=g\",\"contentUrl\":\"https:\\\/\\\/secure.gravatar.com\\\/avatar\\\/0c26d4efb7d6ae3d3acfb21cea043eed07c8459ea7780b7c5d9d73543f0c4d2e?s=96&d=mm&r=g\",\"caption\":\"Vincent Lavanchy\"}}]}<\/script>\n<!-- \/ Yoast SEO plugin. -->","yoast_head_json":{"title":"La Kochnati sacr\u00e9e championne du monde \u00e0 la Culinary World Cup 2022","description":"La Kochnati, soutenue par ALIGRO, a remport\u00e9 le jeudi 1er d\u00e9cembre le titre de championne du monde de cuisine lors de la Culinary World Cup au Luxembourg.","robots":{"index":"index","follow":"follow","max-snippet":"max-snippet:-1","max-image-preview":"max-image-preview:large","max-video-preview":"max-video-preview:-1"},"canonical":"https:\/\/www.aligro.ch\/pages\/fr\/news\/la-kochnati-sacree-championne-du-monde-lors-de-la-culinary-world-cup-2022\/","og_locale":"fr_FR","og_type":"article","og_title":"La Kochnati sacr\u00e9e championne du monde \u00e0 la Culinary World Cup 2022","og_description":"La Kochnati, soutenue par ALIGRO, a remport\u00e9 le jeudi 1er d\u00e9cembre le titre de championne du monde de cuisine lors de la Culinary World Cup au Luxembourg.","og_url":"https:\/\/www.aligro.ch\/pages\/fr\/news\/la-kochnati-sacree-championne-du-monde-lors-de-la-culinary-world-cup-2022\/","og_site_name":"ALIGRO","article_publisher":"https:\/\/fb.com\/aligrosuisse","article_published_time":"2022-12-06T08:33:35+00:00","article_modified_time":"2022-12-06T16:07:45+00:00","og_image":[{"width":1920,"height":1280,"url":"https:\/\/www.aligro.ch\/pages\/wp-content\/uploads\/2022\/12\/csm_BANDEAU_Die_Schweizer_Junioren-Kochnati_ffd6be08c4.jpg","type":"image\/jpeg"}],"author":"Vincent Lavanchy","twitter_card":"summary_large_image","twitter_misc":{"\u00c9crit par":"Vincent Lavanchy","Dur\u00e9e de lecture estim\u00e9e":"2 minutes"},"schema":{"@context":"https:\/\/schema.org","@graph":[{"@type":"Article","@id":"https:\/\/www.aligro.ch\/pages\/fr\/news\/la-kochnati-sacree-championne-du-monde-lors-de-la-culinary-world-cup-2022\/#article","isPartOf":{"@id":"https:\/\/www.aligro.ch\/pages\/fr\/news\/la-kochnati-sacree-championne-du-monde-lors-de-la-culinary-world-cup-2022\/"},"author":{"name":"Vincent Lavanchy","@id":"https:\/\/www.aligro.ch\/pages\/#\/schema\/person\/abe4f4a53fec53a8dea10e43adbbe7e3"},"headline":"La Kochnati sacr\u00e9e championne du monde \u00e0 la Culinary World Cup 2022","datePublished":"2022-12-06T08:33:35+00:00","dateModified":"2022-12-06T16:07:45+00:00","mainEntityOfPage":{"@id":"https:\/\/www.aligro.ch\/pages\/fr\/news\/la-kochnati-sacree-championne-du-monde-lors-de-la-culinary-world-cup-2022\/"},"wordCount":438,"publisher":{"@id":"https:\/\/www.aligro.ch\/pages\/#organization"},"image":{"@id":"https:\/\/www.aligro.ch\/pages\/fr\/news\/la-kochnati-sacree-championne-du-monde-lors-de-la-culinary-world-cup-2022\/#primaryimage"},"thumbnailUrl":"https:\/\/www.aligro.ch\/pages\/wp-content\/uploads\/2022\/12\/csm_BANDEAU_Die_Schweizer_Junioren-Kochnati_ffd6be08c4.jpg","articleSection":["News","Soutien de la gastronomie"],"inLanguage":"fr-FR"},{"@type":"WebPage","@id":"https:\/\/www.aligro.ch\/pages\/fr\/news\/la-kochnati-sacree-championne-du-monde-lors-de-la-culinary-world-cup-2022\/","url":"https:\/\/www.aligro.ch\/pages\/fr\/news\/la-kochnati-sacree-championne-du-monde-lors-de-la-culinary-world-cup-2022\/","name":"La Kochnati sacr\u00e9e championne du monde \u00e0 la Culinary World Cup 2022","isPartOf":{"@id":"https:\/\/www.aligro.ch\/pages\/#website"},"primaryImageOfPage":{"@id":"https:\/\/www.aligro.ch\/pages\/fr\/news\/la-kochnati-sacree-championne-du-monde-lors-de-la-culinary-world-cup-2022\/#primaryimage"},"image":{"@id":"https:\/\/www.aligro.ch\/pages\/fr\/news\/la-kochnati-sacree-championne-du-monde-lors-de-la-culinary-world-cup-2022\/#primaryimage"},"thumbnailUrl":"https:\/\/www.aligro.ch\/pages\/wp-content\/uploads\/2022\/12\/csm_BANDEAU_Die_Schweizer_Junioren-Kochnati_ffd6be08c4.jpg","datePublished":"2022-12-06T08:33:35+00:00","dateModified":"2022-12-06T16:07:45+00:00","description":"La Kochnati, soutenue par ALIGRO, a remport\u00e9 le jeudi 1er d\u00e9cembre le titre de championne du monde de cuisine lors de la Culinary World Cup au Luxembourg.","breadcrumb":{"@id":"https:\/\/www.aligro.ch\/pages\/fr\/news\/la-kochnati-sacree-championne-du-monde-lors-de-la-culinary-world-cup-2022\/#breadcrumb"},"inLanguage":"fr-FR","potentialAction":[{"@type":"ReadAction","target":["https:\/\/www.aligro.ch\/pages\/fr\/news\/la-kochnati-sacree-championne-du-monde-lors-de-la-culinary-world-cup-2022\/"]}]},{"@type":"ImageObject","inLanguage":"fr-FR","@id":"https:\/\/www.aligro.ch\/pages\/fr\/news\/la-kochnati-sacree-championne-du-monde-lors-de-la-culinary-world-cup-2022\/#primaryimage","url":"https:\/\/www.aligro.ch\/pages\/wp-content\/uploads\/2022\/12\/csm_BANDEAU_Die_Schweizer_Junioren-Kochnati_ffd6be08c4.jpg","contentUrl":"https:\/\/www.aligro.ch\/pages\/wp-content\/uploads\/2022\/12\/csm_BANDEAU_Die_Schweizer_Junioren-Kochnati_ffd6be08c4.jpg","width":1920,"height":1280},{"@type":"BreadcrumbList","@id":"https:\/\/www.aligro.ch\/pages\/fr\/news\/la-kochnati-sacree-championne-du-monde-lors-de-la-culinary-world-cup-2022\/#breadcrumb","itemListElement":[{"@type":"ListItem","position":1,"name":"Accueil","item":"https:\/\/www.aligro.ch\/pages\/de\/aligro-academy\/"},{"@type":"ListItem","position":2,"name":"La Kochnati sacr\u00e9e championne du monde \u00e0 la Culinary World Cup 2022"}]},{"@type":"WebSite","@id":"https:\/\/www.aligro.ch\/pages\/#website","url":"https:\/\/www.aligro.ch\/pages\/","name":"ALIGRO","description":"Fra\u00eecheur. Qualit\u00e9. Inspiration.","publisher":{"@id":"https:\/\/www.aligro.ch\/pages\/#organization"},"potentialAction":[{"@type":"SearchAction","target":{"@type":"EntryPoint","urlTemplate":"https:\/\/www.aligro.ch\/pages\/?s={search_term_string}"},"query-input":{"@type":"PropertyValueSpecification","valueRequired":true,"valueName":"search_term_string"}}],"inLanguage":"fr-FR"},{"@type":"Organization","@id":"https:\/\/www.aligro.ch\/pages\/#organization","name":"ALIGRO","url":"https:\/\/www.aligro.ch\/pages\/","logo":{"@type":"ImageObject","inLanguage":"fr-FR","@id":"https:\/\/www.aligro.ch\/pages\/#\/schema\/logo\/image\/","url":"https:\/\/www.aligro.ch\/pages\/wp-content\/uploads\/2018\/10\/Logo@4x.png","contentUrl":"https:\/\/www.aligro.ch\/pages\/wp-content\/uploads\/2018\/10\/Logo@4x.png","width":1831,"height":228,"caption":"ALIGRO"},"image":{"@id":"https:\/\/www.aligro.ch\/pages\/#\/schema\/logo\/image\/"},"sameAs":["https:\/\/fb.com\/aligrosuisse"]},{"@type":"Person","@id":"https:\/\/www.aligro.ch\/pages\/#\/schema\/person\/abe4f4a53fec53a8dea10e43adbbe7e3","name":"Vincent Lavanchy","image":{"@type":"ImageObject","inLanguage":"fr-FR","@id":"https:\/\/secure.gravatar.com\/avatar\/0c26d4efb7d6ae3d3acfb21cea043eed07c8459ea7780b7c5d9d73543f0c4d2e?s=96&d=mm&r=g","url":"https:\/\/secure.gravatar.com\/avatar\/0c26d4efb7d6ae3d3acfb21cea043eed07c8459ea7780b7c5d9d73543f0c4d2e?s=96&d=mm&r=g","contentUrl":"https:\/\/secure.gravatar.com\/avatar\/0c26d4efb7d6ae3d3acfb21cea043eed07c8459ea7780b7c5d9d73543f0c4d2e?s=96&d=mm&r=g","caption":"Vincent Lavanchy"}}]}},"_links":{"self":[{"href":"https:\/\/www.aligro.ch\/pages\/wp-json\/wp\/v2\/posts\/59312","targetHints":{"allow":["GET"]}}],"collection":[{"href":"https:\/\/www.aligro.ch\/pages\/wp-json\/wp\/v2\/posts"}],"about":[{"href":"https:\/\/www.aligro.ch\/pages\/wp-json\/wp\/v2\/types\/post"}],"author":[{"embeddable":true,"href":"https:\/\/www.aligro.ch\/pages\/wp-json\/wp\/v2\/users\/9"}],"replies":[{"embeddable":true,"href":"https:\/\/www.aligro.ch\/pages\/wp-json\/wp\/v2\/comments?post=59312"}],"version-history":[{"count":5,"href":"https:\/\/www.aligro.ch\/pages\/wp-json\/wp\/v2\/posts\/59312\/revisions"}],"predecessor-version":[{"id":59354,"href":"https:\/\/www.aligro.ch\/pages\/wp-json\/wp\/v2\/posts\/59312\/revisions\/59354"}],"wp:featuredmedia":[{"embeddable":true,"href":"https:\/\/www.aligro.ch\/pages\/wp-json\/wp\/v2\/media\/59315"}],"wp:attachment":[{"href":"https:\/\/www.aligro.ch\/pages\/wp-json\/wp\/v2\/media?parent=59312"}],"wp:term":[{"taxonomy":"category","embeddable":true,"href":"https:\/\/www.aligro.ch\/pages\/wp-json\/wp\/v2\/categories?post=59312"},{"taxonomy":"post_tag","embeddable":true,"href":"https:\/\/www.aligro.ch\/pages\/wp-json\/wp\/v2\/tags?post=59312"}],"curies":[{"name":"wp","href":"https:\/\/api.w.org\/{rel}","templated":true}]}}