{"id":59278,"date":"2022-12-05T10:08:48","date_gmt":"2022-12-05T09:08:48","guid":{"rendered":"https:\/\/www.aligro.ch\/pages\/?p=59278"},"modified":"2022-12-05T10:08:48","modified_gmt":"2022-12-05T09:08:48","slug":"die-tipps-von-kuechenchef-mario-garcia-fuer-ein-gelungenes-weihnachtsmenue","status":"publish","type":"post","link":"https:\/\/www.aligro.ch\/pages\/de\/news\/die-tipps-von-kuechenchef-mario-garcia-fuer-ein-gelungenes-weihnachtsmenue\/","title":{"rendered":"Die Tipps von K\u00fcchenchef Mario Garcia f\u00fcr ein gelungenes Weihnachtsmen\u00fc"},"content":{"rendered":"<div class=\"wpb-content-wrapper\"><p>[vc_row][vc_column][vc_column_text]<strong>\u00abWenn man etwas erreichen will, muss man mit Hingabe dabei sein. Ich liebe es, meine ganze Liebe in jedes Gericht zu stecken und Emotionen zu wecken.\u00bb Die Einstiegss\u00e4tze auf der Website von Mario Garcia machen Lust auf mehr: Wer ist dieser junge Koch aus Luzern, der schon in der von ALIGRO unterst\u00fctzten Kochnationalmannschaft war und heute seine eigene Firma f\u00fchrt? Mario Garcia gibt Auskunft \u2013 und auch Tipps zum Weihnachtsbraten.<\/strong><\/p>\n<p>Leidenschaftlich, kreativ und erfolgreich: Mario Garcia z\u00e4hlt zu den gr\u00f6ssten Schweizer Kochtalenten. Trotz eines gastronomischen Senkrechtstarts und seiner kulinarischen H\u00f6henfl\u00fcge steht der junge Spitzenkoch mit beiden Beinen auf dem Boden: \u00abKochen ist meine Passion und ein grosser Teil meines Lebens\u00bb erkl\u00e4rt der 32-j\u00e4hrige Luzerner.[\/vc_column_text][\/vc_column][\/vc_row][vc_row][vc_column width=\u00a0\u00bb1\/2&Prime;][vc_column_text]Im Gespr\u00e4ch merkt man seine grosse Erfahrung an, die er teils national, teils auch auf internationalem Parkett sammeln durfte. Einige Marksteine seiner Karriere: 2010 in die Schweizer Junioren-Kochnationalmannschaft aufgenommen wurde er mit ihr Kochweltmeister. 2014 erschien sein Kochbuch \u00abeinfach genial\u00bb \u2013 und im gleichen Jahr wurde er wieder Kochweltmeister. Zwei Jahre sp\u00e4ter: Kochbuch \u00abSuppen mit Style\u00bb \u2013 mit der Schweizer Kochnationalmannschaft 3. Platz an der Olympiade der K\u00f6che. Und 2019 erreichte er am Weltfinale des Bocuse d\u2019Or den 5. Platz!<\/p>\n<p>Heute hat der Koch sein eigenes Unternehmen, das exklusive Events und Kochkurse organisiert und bei denen er seine Rezepte entwickeln und verfeinern kann. Seine Lieblingst\u00e4tigkeit ist und bleibt aber das Kochen selber.[\/vc_column_text][\/vc_column][vc_column width=\u00a0\u00bb1\/2&Prime;][vc_single_image image=\u00a0\u00bb59280&Prime; img_size=\u00a0\u00bbfull\u00a0\u00bb][\/vc_column][\/vc_row][vc_row][vc_column][vc_column_text]Mit Blick auf die kommenden Feiertage meint er, beim Fleisch gehe er zur\u00fcck zum \u00abNose to Tail\u00bb. Er will nicht nur die Edelst\u00fccke verarbeiten, sondern m\u00f6glichst das ganze Tier: \u00abDas braucht zwar mehr Kochskills, man muss gerne und manchmal auch l\u00e4nger in der K\u00fcche stehen \u2013 aber es lohnt sich.\u00bb<\/p>\n<p><strong>Second Cuts<\/strong><\/p>\n<p>Auf die Frage nach Neuigkeiten auf diesem Gebiet verneint er: \u00abBei den Festtagsessen sind die Schweizer noch immer sehr traditionell.\u00bb Er denkt deshalb, dass in vielen Haushalten auch dieses Jahr wieder Fondue Chinoise oder Filet im Teig auf der Speisekarte stehen werden. Und welches Fleisch bevorzugt er selber? Er arbeitet sehr gerne \u2013 auch mit Blick auf die Feiertage \u2013 mit Rind oder Lamm. \u00abWichtig ist, dass es ethisch vertretbar ist und Sinn macht. Heisst: Es muss nicht immer Filet, es kann auch gerne und gut \u2018Second Cut\u2019 sein. Wichtig ist f\u00fcr mich immer: Ich verfolge meinen eigenen Kochstil.\u00bb<\/p>\n<p><strong>Aktionen in der Metzgerei<\/strong><\/p>\n<p>ALIGRO hat f\u00fcr kommende Wochen zahlreiche Aktionen auf sein Gefl\u00fcgelsortiment geplant. Das trifft sich gut, denn Gefl\u00fcgel wird seit vielen Jahren in den unterschiedlichsten K\u00fcchen verwendet, erkl\u00e4rt Mario Garcia. Aber Truthahn hat einen Sonderstatus, vor allem in der Deutschschweiz: \u00abDer Truthahn wird nach wie vor mit Amerika in Verbindung gebracht. In der Westschweiz ist er als Weihnachtsessen weit verbreitet, in der Deutschschweiz noch nicht.\u00bb Neben Gefl\u00fcgel bieten die ALIGRO-Metzgereien eine grosse Auswahl an Schweinefleisch, Rindfleisch, Pferdefleisch, Kaninchen, Lamm, Gitzi, Wildschwein und zahlreichen anderen, darunter auch viele in Aktion. Die Gelegenheit, abwechslungsreiche und originelle Men\u00fcs zu kreieren!<\/p>\n<p><strong>Einfaches und effektives W\u00fcrzen <\/strong><\/p>\n<p>Gibt es bestimmte Gew\u00fcrze oder Marinaden, die er speziell empfiehlt? \u00abIch bin immer noch der \u00dcberzeugung, mit Salz und Pfeffer gelingt das beste und unverf\u00e4lschteste W\u00fcrzen. Aber nat\u00fcrlich probiere ich auch Neues aus. Dabei arbeite ich h\u00e4ufig mit Gew\u00fcrzen aus anderen L\u00e4ndern \u2013 zum Beispiel beim Schwein zu Kreuzk\u00fcmmel oder beim Rind zu Harissa-Paste, also einer W\u00fcrzpaste aus Chili, Knoblauch, Oliven\u00f6l und Gew\u00fcrzen. Man braucht manchmal ein wenig Fantasie \u2013 und sollte das Gew\u00fcrz situativ anpassen.\u00bb<\/p>\n<p><strong>Bei ALIGRO findet man alles<\/strong><\/p>\n<p>Mario Garcia ist langj\u00e4hriger Kunde des ALIGRO-Markts Emmen. Schon w\u00e4hrend seiner Zeit in der Kochnationalmannschaft hatte er erste Kontakte, da ALIGRO seit Jahren als Sponsor der Kochnati aktiv ist. F\u00fcr seine Bed\u00fcrfnisse findet er bei ALIGRO viel, seien es Food- oder Non-Food-Produkte. \u00abBei ALIGRO findet man alles, man erh\u00e4lt das, was man braucht\u00bb.[\/vc_column_text][\/vc_column][\/vc_row]<\/p>\n<\/div>","protected":false},"excerpt":{"rendered":"<p>[vc_row][vc_column][vc_column_text]\u00abWenn man etwas erreichen will, muss man mit Hingabe dabei sein. Ich liebe es, meine ganze Liebe in<a class=\"moretag\" href=\"https:\/\/www.aligro.ch\/pages\/de\/news\/die-tipps-von-kuechenchef-mario-garcia-fuer-ein-gelungenes-weihnachtsmenue\/\"> &#8230;<\/a><\/p>\n","protected":false},"author":9,"featured_media":59281,"comment_status":"closed","ping_status":"closed","sticky":false,"template":"","format":"standard","meta":{"_acf_changed":false,"footnotes":""},"categories":[7],"tags":[],"class_list":["post-59278","post","type-post","status-publish","format-standard","has-post-thumbnail","hentry","category-andere"],"acf":[],"yoast_head":"<!-- This site is optimized with the Yoast SEO plugin v27.4 - https:\/\/yoast.com\/product\/yoast-seo-wordpress\/ -->\n<title>Die Tipps von K\u00fcchenchef Mario Garcia f\u00fcr ein gelungenes Weihnachtsmen\u00fc<\/title>\n<meta name=\"description\" content=\"Sternekoch Mario Garcia erz\u00e4hlt von seinem erfolgreichen Werdegang und verr\u00e4t seine besten Tipps f\u00fcr ein gelungenes Weihnachtsessen.\" \/>\n<meta name=\"robots\" content=\"index, follow, max-snippet:-1, max-image-preview:large, max-video-preview:-1\" \/>\n<link rel=\"canonical\" href=\"https:\/\/www.aligro.ch\/pages\/de\/news\/die-tipps-von-kuechenchef-mario-garcia-fuer-ein-gelungenes-weihnachtsmenue\/\" \/>\n<meta property=\"og:locale\" content=\"fr_FR\" \/>\n<meta property=\"og:type\" content=\"article\" \/>\n<meta property=\"og:title\" content=\"Die Tipps von K\u00fcchenchef Mario Garcia f\u00fcr ein gelungenes Weihnachtsmen\u00fc\" \/>\n<meta property=\"og:description\" content=\"Sternekoch Mario Garcia erz\u00e4hlt von seinem erfolgreichen Werdegang und verr\u00e4t seine besten Tipps f\u00fcr ein gelungenes Weihnachtsessen.\" \/>\n<meta property=\"og:url\" content=\"https:\/\/www.aligro.ch\/pages\/de\/news\/die-tipps-von-kuechenchef-mario-garcia-fuer-ein-gelungenes-weihnachtsmenue\/\" \/>\n<meta property=\"og:site_name\" content=\"ALIGRO\" \/>\n<meta property=\"article:publisher\" content=\"https:\/\/fb.com\/aligrosuisse\" \/>\n<meta property=\"article:published_time\" content=\"2022-12-05T09:08:48+00:00\" \/>\n<meta property=\"og:image\" content=\"https:\/\/www.aligro.ch\/pages\/wp-content\/uploads\/2022\/12\/BANDEAU_SITE__iStock-1024716010-2.jpg\" \/>\n\t<meta property=\"og:image:width\" content=\"1920\" \/>\n\t<meta property=\"og:image:height\" content=\"1280\" \/>\n\t<meta property=\"og:image:type\" content=\"image\/jpeg\" \/>\n<meta name=\"author\" content=\"Vincent Lavanchy\" \/>\n<meta name=\"twitter:card\" content=\"summary_large_image\" \/>\n<meta name=\"twitter:label1\" content=\"\u00c9crit par\" \/>\n\t<meta name=\"twitter:data1\" content=\"Vincent Lavanchy\" \/>\n\t<meta name=\"twitter:label2\" content=\"Dur\u00e9e de lecture estim\u00e9e\" \/>\n\t<meta name=\"twitter:data2\" content=\"4 minutes\" \/>\n<script type=\"application\/ld+json\" class=\"yoast-schema-graph\">{\"@context\":\"https:\\\/\\\/schema.org\",\"@graph\":[{\"@type\":\"Article\",\"@id\":\"https:\\\/\\\/www.aligro.ch\\\/pages\\\/de\\\/news\\\/die-tipps-von-kuechenchef-mario-garcia-fuer-ein-gelungenes-weihnachtsmenue\\\/#article\",\"isPartOf\":{\"@id\":\"https:\\\/\\\/www.aligro.ch\\\/pages\\\/de\\\/news\\\/die-tipps-von-kuechenchef-mario-garcia-fuer-ein-gelungenes-weihnachtsmenue\\\/\"},\"author\":{\"name\":\"Vincent Lavanchy\",\"@id\":\"https:\\\/\\\/www.aligro.ch\\\/pages\\\/#\\\/schema\\\/person\\\/abe4f4a53fec53a8dea10e43adbbe7e3\"},\"headline\":\"Die Tipps von K\u00fcchenchef Mario Garcia f\u00fcr ein gelungenes Weihnachtsmen\u00fc\",\"datePublished\":\"2022-12-05T09:08:48+00:00\",\"mainEntityOfPage\":{\"@id\":\"https:\\\/\\\/www.aligro.ch\\\/pages\\\/de\\\/news\\\/die-tipps-von-kuechenchef-mario-garcia-fuer-ein-gelungenes-weihnachtsmenue\\\/\"},\"wordCount\":714,\"publisher\":{\"@id\":\"https:\\\/\\\/www.aligro.ch\\\/pages\\\/#organization\"},\"image\":{\"@id\":\"https:\\\/\\\/www.aligro.ch\\\/pages\\\/de\\\/news\\\/die-tipps-von-kuechenchef-mario-garcia-fuer-ein-gelungenes-weihnachtsmenue\\\/#primaryimage\"},\"thumbnailUrl\":\"https:\\\/\\\/www.aligro.ch\\\/pages\\\/wp-content\\\/uploads\\\/2022\\\/12\\\/BANDEAU_SITE__iStock-1024716010-2.jpg\",\"articleSection\":[\"Andere\"],\"inLanguage\":\"fr-FR\"},{\"@type\":\"WebPage\",\"@id\":\"https:\\\/\\\/www.aligro.ch\\\/pages\\\/de\\\/news\\\/die-tipps-von-kuechenchef-mario-garcia-fuer-ein-gelungenes-weihnachtsmenue\\\/\",\"url\":\"https:\\\/\\\/www.aligro.ch\\\/pages\\\/de\\\/news\\\/die-tipps-von-kuechenchef-mario-garcia-fuer-ein-gelungenes-weihnachtsmenue\\\/\",\"name\":\"Die Tipps von K\u00fcchenchef Mario Garcia f\u00fcr ein gelungenes Weihnachtsmen\u00fc\",\"isPartOf\":{\"@id\":\"https:\\\/\\\/www.aligro.ch\\\/pages\\\/#website\"},\"primaryImageOfPage\":{\"@id\":\"https:\\\/\\\/www.aligro.ch\\\/pages\\\/de\\\/news\\\/die-tipps-von-kuechenchef-mario-garcia-fuer-ein-gelungenes-weihnachtsmenue\\\/#primaryimage\"},\"image\":{\"@id\":\"https:\\\/\\\/www.aligro.ch\\\/pages\\\/de\\\/news\\\/die-tipps-von-kuechenchef-mario-garcia-fuer-ein-gelungenes-weihnachtsmenue\\\/#primaryimage\"},\"thumbnailUrl\":\"https:\\\/\\\/www.aligro.ch\\\/pages\\\/wp-content\\\/uploads\\\/2022\\\/12\\\/BANDEAU_SITE__iStock-1024716010-2.jpg\",\"datePublished\":\"2022-12-05T09:08:48+00:00\",\"description\":\"Sternekoch Mario Garcia erz\u00e4hlt von seinem erfolgreichen Werdegang und verr\u00e4t seine besten Tipps f\u00fcr ein gelungenes Weihnachtsessen.\",\"breadcrumb\":{\"@id\":\"https:\\\/\\\/www.aligro.ch\\\/pages\\\/de\\\/news\\\/die-tipps-von-kuechenchef-mario-garcia-fuer-ein-gelungenes-weihnachtsmenue\\\/#breadcrumb\"},\"inLanguage\":\"fr-FR\",\"potentialAction\":[{\"@type\":\"ReadAction\",\"target\":[\"https:\\\/\\\/www.aligro.ch\\\/pages\\\/de\\\/news\\\/die-tipps-von-kuechenchef-mario-garcia-fuer-ein-gelungenes-weihnachtsmenue\\\/\"]}]},{\"@type\":\"ImageObject\",\"inLanguage\":\"fr-FR\",\"@id\":\"https:\\\/\\\/www.aligro.ch\\\/pages\\\/de\\\/news\\\/die-tipps-von-kuechenchef-mario-garcia-fuer-ein-gelungenes-weihnachtsmenue\\\/#primaryimage\",\"url\":\"https:\\\/\\\/www.aligro.ch\\\/pages\\\/wp-content\\\/uploads\\\/2022\\\/12\\\/BANDEAU_SITE__iStock-1024716010-2.jpg\",\"contentUrl\":\"https:\\\/\\\/www.aligro.ch\\\/pages\\\/wp-content\\\/uploads\\\/2022\\\/12\\\/BANDEAU_SITE__iStock-1024716010-2.jpg\",\"width\":1920,\"height\":1280},{\"@type\":\"BreadcrumbList\",\"@id\":\"https:\\\/\\\/www.aligro.ch\\\/pages\\\/de\\\/news\\\/die-tipps-von-kuechenchef-mario-garcia-fuer-ein-gelungenes-weihnachtsmenue\\\/#breadcrumb\",\"itemListElement\":[{\"@type\":\"ListItem\",\"position\":1,\"name\":\"Accueil\",\"item\":\"https:\\\/\\\/www.aligro.ch\\\/pages\\\/de\\\/aligro-academy\\\/\"},{\"@type\":\"ListItem\",\"position\":2,\"name\":\"Die Tipps von K\u00fcchenchef Mario Garcia f\u00fcr ein gelungenes Weihnachtsmen\u00fc\"}]},{\"@type\":\"WebSite\",\"@id\":\"https:\\\/\\\/www.aligro.ch\\\/pages\\\/#website\",\"url\":\"https:\\\/\\\/www.aligro.ch\\\/pages\\\/\",\"name\":\"ALIGRO\",\"description\":\"Fra\u00eecheur. Qualit\u00e9. Inspiration.\",\"publisher\":{\"@id\":\"https:\\\/\\\/www.aligro.ch\\\/pages\\\/#organization\"},\"potentialAction\":[{\"@type\":\"SearchAction\",\"target\":{\"@type\":\"EntryPoint\",\"urlTemplate\":\"https:\\\/\\\/www.aligro.ch\\\/pages\\\/?s={search_term_string}\"},\"query-input\":{\"@type\":\"PropertyValueSpecification\",\"valueRequired\":true,\"valueName\":\"search_term_string\"}}],\"inLanguage\":\"fr-FR\"},{\"@type\":\"Organization\",\"@id\":\"https:\\\/\\\/www.aligro.ch\\\/pages\\\/#organization\",\"name\":\"ALIGRO\",\"url\":\"https:\\\/\\\/www.aligro.ch\\\/pages\\\/\",\"logo\":{\"@type\":\"ImageObject\",\"inLanguage\":\"fr-FR\",\"@id\":\"https:\\\/\\\/www.aligro.ch\\\/pages\\\/#\\\/schema\\\/logo\\\/image\\\/\",\"url\":\"https:\\\/\\\/www.aligro.ch\\\/pages\\\/wp-content\\\/uploads\\\/2018\\\/10\\\/Logo@4x.png\",\"contentUrl\":\"https:\\\/\\\/www.aligro.ch\\\/pages\\\/wp-content\\\/uploads\\\/2018\\\/10\\\/Logo@4x.png\",\"width\":1831,\"height\":228,\"caption\":\"ALIGRO\"},\"image\":{\"@id\":\"https:\\\/\\\/www.aligro.ch\\\/pages\\\/#\\\/schema\\\/logo\\\/image\\\/\"},\"sameAs\":[\"https:\\\/\\\/fb.com\\\/aligrosuisse\"]},{\"@type\":\"Person\",\"@id\":\"https:\\\/\\\/www.aligro.ch\\\/pages\\\/#\\\/schema\\\/person\\\/abe4f4a53fec53a8dea10e43adbbe7e3\",\"name\":\"Vincent Lavanchy\",\"image\":{\"@type\":\"ImageObject\",\"inLanguage\":\"fr-FR\",\"@id\":\"https:\\\/\\\/secure.gravatar.com\\\/avatar\\\/0c26d4efb7d6ae3d3acfb21cea043eed07c8459ea7780b7c5d9d73543f0c4d2e?s=96&d=mm&r=g\",\"url\":\"https:\\\/\\\/secure.gravatar.com\\\/avatar\\\/0c26d4efb7d6ae3d3acfb21cea043eed07c8459ea7780b7c5d9d73543f0c4d2e?s=96&d=mm&r=g\",\"contentUrl\":\"https:\\\/\\\/secure.gravatar.com\\\/avatar\\\/0c26d4efb7d6ae3d3acfb21cea043eed07c8459ea7780b7c5d9d73543f0c4d2e?s=96&d=mm&r=g\",\"caption\":\"Vincent Lavanchy\"}}]}<\/script>\n<!-- \/ Yoast SEO plugin. -->","yoast_head_json":{"title":"Die Tipps von K\u00fcchenchef Mario Garcia f\u00fcr ein gelungenes Weihnachtsmen\u00fc","description":"Sternekoch Mario Garcia erz\u00e4hlt von seinem erfolgreichen Werdegang und verr\u00e4t seine besten Tipps f\u00fcr ein gelungenes Weihnachtsessen.","robots":{"index":"index","follow":"follow","max-snippet":"max-snippet:-1","max-image-preview":"max-image-preview:large","max-video-preview":"max-video-preview:-1"},"canonical":"https:\/\/www.aligro.ch\/pages\/de\/news\/die-tipps-von-kuechenchef-mario-garcia-fuer-ein-gelungenes-weihnachtsmenue\/","og_locale":"fr_FR","og_type":"article","og_title":"Die Tipps von K\u00fcchenchef Mario Garcia f\u00fcr ein gelungenes Weihnachtsmen\u00fc","og_description":"Sternekoch Mario Garcia erz\u00e4hlt von seinem erfolgreichen Werdegang und verr\u00e4t seine besten Tipps f\u00fcr ein gelungenes Weihnachtsessen.","og_url":"https:\/\/www.aligro.ch\/pages\/de\/news\/die-tipps-von-kuechenchef-mario-garcia-fuer-ein-gelungenes-weihnachtsmenue\/","og_site_name":"ALIGRO","article_publisher":"https:\/\/fb.com\/aligrosuisse","article_published_time":"2022-12-05T09:08:48+00:00","og_image":[{"width":1920,"height":1280,"url":"https:\/\/www.aligro.ch\/pages\/wp-content\/uploads\/2022\/12\/BANDEAU_SITE__iStock-1024716010-2.jpg","type":"image\/jpeg"}],"author":"Vincent Lavanchy","twitter_card":"summary_large_image","twitter_misc":{"\u00c9crit par":"Vincent Lavanchy","Dur\u00e9e de lecture estim\u00e9e":"4 minutes"},"schema":{"@context":"https:\/\/schema.org","@graph":[{"@type":"Article","@id":"https:\/\/www.aligro.ch\/pages\/de\/news\/die-tipps-von-kuechenchef-mario-garcia-fuer-ein-gelungenes-weihnachtsmenue\/#article","isPartOf":{"@id":"https:\/\/www.aligro.ch\/pages\/de\/news\/die-tipps-von-kuechenchef-mario-garcia-fuer-ein-gelungenes-weihnachtsmenue\/"},"author":{"name":"Vincent Lavanchy","@id":"https:\/\/www.aligro.ch\/pages\/#\/schema\/person\/abe4f4a53fec53a8dea10e43adbbe7e3"},"headline":"Die Tipps von K\u00fcchenchef Mario Garcia f\u00fcr ein gelungenes Weihnachtsmen\u00fc","datePublished":"2022-12-05T09:08:48+00:00","mainEntityOfPage":{"@id":"https:\/\/www.aligro.ch\/pages\/de\/news\/die-tipps-von-kuechenchef-mario-garcia-fuer-ein-gelungenes-weihnachtsmenue\/"},"wordCount":714,"publisher":{"@id":"https:\/\/www.aligro.ch\/pages\/#organization"},"image":{"@id":"https:\/\/www.aligro.ch\/pages\/de\/news\/die-tipps-von-kuechenchef-mario-garcia-fuer-ein-gelungenes-weihnachtsmenue\/#primaryimage"},"thumbnailUrl":"https:\/\/www.aligro.ch\/pages\/wp-content\/uploads\/2022\/12\/BANDEAU_SITE__iStock-1024716010-2.jpg","articleSection":["Andere"],"inLanguage":"fr-FR"},{"@type":"WebPage","@id":"https:\/\/www.aligro.ch\/pages\/de\/news\/die-tipps-von-kuechenchef-mario-garcia-fuer-ein-gelungenes-weihnachtsmenue\/","url":"https:\/\/www.aligro.ch\/pages\/de\/news\/die-tipps-von-kuechenchef-mario-garcia-fuer-ein-gelungenes-weihnachtsmenue\/","name":"Die Tipps von K\u00fcchenchef Mario Garcia f\u00fcr ein gelungenes Weihnachtsmen\u00fc","isPartOf":{"@id":"https:\/\/www.aligro.ch\/pages\/#website"},"primaryImageOfPage":{"@id":"https:\/\/www.aligro.ch\/pages\/de\/news\/die-tipps-von-kuechenchef-mario-garcia-fuer-ein-gelungenes-weihnachtsmenue\/#primaryimage"},"image":{"@id":"https:\/\/www.aligro.ch\/pages\/de\/news\/die-tipps-von-kuechenchef-mario-garcia-fuer-ein-gelungenes-weihnachtsmenue\/#primaryimage"},"thumbnailUrl":"https:\/\/www.aligro.ch\/pages\/wp-content\/uploads\/2022\/12\/BANDEAU_SITE__iStock-1024716010-2.jpg","datePublished":"2022-12-05T09:08:48+00:00","description":"Sternekoch Mario Garcia erz\u00e4hlt von seinem erfolgreichen Werdegang und verr\u00e4t seine besten Tipps f\u00fcr ein gelungenes Weihnachtsessen.","breadcrumb":{"@id":"https:\/\/www.aligro.ch\/pages\/de\/news\/die-tipps-von-kuechenchef-mario-garcia-fuer-ein-gelungenes-weihnachtsmenue\/#breadcrumb"},"inLanguage":"fr-FR","potentialAction":[{"@type":"ReadAction","target":["https:\/\/www.aligro.ch\/pages\/de\/news\/die-tipps-von-kuechenchef-mario-garcia-fuer-ein-gelungenes-weihnachtsmenue\/"]}]},{"@type":"ImageObject","inLanguage":"fr-FR","@id":"https:\/\/www.aligro.ch\/pages\/de\/news\/die-tipps-von-kuechenchef-mario-garcia-fuer-ein-gelungenes-weihnachtsmenue\/#primaryimage","url":"https:\/\/www.aligro.ch\/pages\/wp-content\/uploads\/2022\/12\/BANDEAU_SITE__iStock-1024716010-2.jpg","contentUrl":"https:\/\/www.aligro.ch\/pages\/wp-content\/uploads\/2022\/12\/BANDEAU_SITE__iStock-1024716010-2.jpg","width":1920,"height":1280},{"@type":"BreadcrumbList","@id":"https:\/\/www.aligro.ch\/pages\/de\/news\/die-tipps-von-kuechenchef-mario-garcia-fuer-ein-gelungenes-weihnachtsmenue\/#breadcrumb","itemListElement":[{"@type":"ListItem","position":1,"name":"Accueil","item":"https:\/\/www.aligro.ch\/pages\/de\/aligro-academy\/"},{"@type":"ListItem","position":2,"name":"Die Tipps von K\u00fcchenchef Mario Garcia f\u00fcr ein gelungenes Weihnachtsmen\u00fc"}]},{"@type":"WebSite","@id":"https:\/\/www.aligro.ch\/pages\/#website","url":"https:\/\/www.aligro.ch\/pages\/","name":"ALIGRO","description":"Fra\u00eecheur. Qualit\u00e9. Inspiration.","publisher":{"@id":"https:\/\/www.aligro.ch\/pages\/#organization"},"potentialAction":[{"@type":"SearchAction","target":{"@type":"EntryPoint","urlTemplate":"https:\/\/www.aligro.ch\/pages\/?s={search_term_string}"},"query-input":{"@type":"PropertyValueSpecification","valueRequired":true,"valueName":"search_term_string"}}],"inLanguage":"fr-FR"},{"@type":"Organization","@id":"https:\/\/www.aligro.ch\/pages\/#organization","name":"ALIGRO","url":"https:\/\/www.aligro.ch\/pages\/","logo":{"@type":"ImageObject","inLanguage":"fr-FR","@id":"https:\/\/www.aligro.ch\/pages\/#\/schema\/logo\/image\/","url":"https:\/\/www.aligro.ch\/pages\/wp-content\/uploads\/2018\/10\/Logo@4x.png","contentUrl":"https:\/\/www.aligro.ch\/pages\/wp-content\/uploads\/2018\/10\/Logo@4x.png","width":1831,"height":228,"caption":"ALIGRO"},"image":{"@id":"https:\/\/www.aligro.ch\/pages\/#\/schema\/logo\/image\/"},"sameAs":["https:\/\/fb.com\/aligrosuisse"]},{"@type":"Person","@id":"https:\/\/www.aligro.ch\/pages\/#\/schema\/person\/abe4f4a53fec53a8dea10e43adbbe7e3","name":"Vincent Lavanchy","image":{"@type":"ImageObject","inLanguage":"fr-FR","@id":"https:\/\/secure.gravatar.com\/avatar\/0c26d4efb7d6ae3d3acfb21cea043eed07c8459ea7780b7c5d9d73543f0c4d2e?s=96&d=mm&r=g","url":"https:\/\/secure.gravatar.com\/avatar\/0c26d4efb7d6ae3d3acfb21cea043eed07c8459ea7780b7c5d9d73543f0c4d2e?s=96&d=mm&r=g","contentUrl":"https:\/\/secure.gravatar.com\/avatar\/0c26d4efb7d6ae3d3acfb21cea043eed07c8459ea7780b7c5d9d73543f0c4d2e?s=96&d=mm&r=g","caption":"Vincent Lavanchy"}}]}},"_links":{"self":[{"href":"https:\/\/www.aligro.ch\/pages\/wp-json\/wp\/v2\/posts\/59278","targetHints":{"allow":["GET"]}}],"collection":[{"href":"https:\/\/www.aligro.ch\/pages\/wp-json\/wp\/v2\/posts"}],"about":[{"href":"https:\/\/www.aligro.ch\/pages\/wp-json\/wp\/v2\/types\/post"}],"author":[{"embeddable":true,"href":"https:\/\/www.aligro.ch\/pages\/wp-json\/wp\/v2\/users\/9"}],"replies":[{"embeddable":true,"href":"https:\/\/www.aligro.ch\/pages\/wp-json\/wp\/v2\/comments?post=59278"}],"version-history":[{"count":4,"href":"https:\/\/www.aligro.ch\/pages\/wp-json\/wp\/v2\/posts\/59278\/revisions"}],"predecessor-version":[{"id":59284,"href":"https:\/\/www.aligro.ch\/pages\/wp-json\/wp\/v2\/posts\/59278\/revisions\/59284"}],"wp:featuredmedia":[{"embeddable":true,"href":"https:\/\/www.aligro.ch\/pages\/wp-json\/wp\/v2\/media\/59281"}],"wp:attachment":[{"href":"https:\/\/www.aligro.ch\/pages\/wp-json\/wp\/v2\/media?parent=59278"}],"wp:term":[{"taxonomy":"category","embeddable":true,"href":"https:\/\/www.aligro.ch\/pages\/wp-json\/wp\/v2\/categories?post=59278"},{"taxonomy":"post_tag","embeddable":true,"href":"https:\/\/www.aligro.ch\/pages\/wp-json\/wp\/v2\/tags?post=59278"}],"curies":[{"name":"wp","href":"https:\/\/api.w.org\/{rel}","templated":true}]}}