{"id":59221,"date":"2022-12-05T10:08:51","date_gmt":"2022-12-05T09:08:51","guid":{"rendered":"https:\/\/www.aligro.ch\/pages\/?p=59221"},"modified":"2022-12-07T11:34:40","modified_gmt":"2022-12-07T10:34:40","slug":"les-conseils-du-chef-mario-garcia-pour-un-menu-de-noel-reussi","status":"publish","type":"post","link":"https:\/\/www.aligro.ch\/pages\/fr\/news\/les-conseils-du-chef-mario-garcia-pour-un-menu-de-noel-reussi\/","title":{"rendered":"Les conseils du chef Mario Garcia pour un menu de No\u00ebl r\u00e9ussi"},"content":{"rendered":"<div class=\"wpb-content-wrapper\"><p>[vc_row][vc_column][vc_column_text]<strong>\u00ab Si l&rsquo;on veut obtenir quelque chose, il faut s&rsquo;y consacrer avec d\u00e9vouement. J\u2019investis tout mon amour dans chaque plat et j\u2019aime susciter des \u00e9motions \u00bb. Les phrases d&rsquo;introduction du site internet de Mario Garcia \u00e9veillent la curiosit\u00e9 : qui est ce jeune cuisinier de Lucerne, qui a d\u00e9j\u00e0 fait partie de l&rsquo;\u00e9quipe nationale de cuisine soutenue par ALIGRO et qui dirige aujourd&rsquo;hui sa propre entreprise ? Mario Garcia confie son parcours empreint de succ\u00e8s et fournit ses meilleurs conseils pour un repas de No\u00ebl r\u00e9ussi.<\/strong><\/p>\n<p>Passionn\u00e9, cr\u00e9atif et talentueux : Mario Garcia compte parmi les plus grands talents culinaires suisses. Le chef de 32 ans conna\u00eet une ascension fulgurante mais garde les pieds sur terre : \u00ab la cuisine est ma passion et une grande partie de ma vie \u00bb.[\/vc_column_text][\/vc_column][\/vc_row][vc_row][vc_column width=\u00a0\u00bb1\/2&Prime;][vc_column_text]<strong>Un chef accompli<\/strong><\/p>\n<p>Aujourd&rsquo;hui, le chef poss\u00e8de sa propre entreprise, o\u00f9 il organise des \u00e9v\u00e9nements exclusifs, des cours de cuisine et o\u00f9 il peut d\u00e9velopper et peaufiner ses recettes. Son activit\u00e9 pr\u00e9f\u00e9r\u00e9e reste toutefois la cuisine. En vue des f\u00eates de fin d&rsquo;ann\u00e9e, il pr\u00e9voit d\u2019appliquer \u00e0 la viande une m\u00e9thode appel\u00e9e le \u00ab nose to tail \u00bb, qui consiste \u00e0 travailler non seulement les morceaux nobles mais l&rsquo;animal dans sa totalit\u00e9 : \u00ab Cela demande certes davantage de comp\u00e9tences culinaires ; il faut aussi aimer \u00eatre aux fourneaux et ce pendant un temps long, voire tr\u00e8s long, mais cela en vaut vraiment la peine \u00bb.<\/p>\n<p>En 2010, le chef a int\u00e9gr\u00e9 l&rsquo;\u00e9quipe nationale suisse junior de cuisine avec laquelle il est devenu champion du monde. En 2014 para\u00eet son livre de cuisine \u00ab einfach genial \u00bb (\u00ab simplement g\u00e9nial \u00bb) ; la m\u00eame ann\u00e9e, il est \u00e0 nouveau sacr\u00e9 champion du monde de cuisine. Deux ans plus tard sort son second livre de cuisine[\/vc_column_text][\/vc_column][vc_column width=\u00a0\u00bb1\/2&Prime;][vc_single_image image=\u00a0\u00bb59222&Prime; img_size=\u00a0\u00bbfull\u00a0\u00bb css=\u00a0\u00bb.vc_custom_1669905561061{margin-top: 4em !important;}\u00a0\u00bb][\/vc_column][\/vc_row][vc_row][vc_column][vc_column_text]\u00ab Suppen mit Style \u00bb (\u00ab\u00a0Des soupes qui ont du style\u00a0\u00bb) et il arrive \u00e0 la 3<sup>\u00e8me<\/sup> place aux Olympiades des cuisiniers avec l&rsquo;\u00e9quipe nationale suisse de cuisine. En 2019, il a atteint la 5<sup>\u00e8me<\/sup> place \u00e0 la finale mondiale du Bocuse d&rsquo;Or !<\/p>\n<p><strong>Second Cuts<\/strong><\/p>\n<p>Lorsqu&rsquo;on lui demande s&rsquo;il y a des nouveaut\u00e9s dans son domaine, il r\u00e9pond : \u00ab\u00a0pour les repas des f\u00eates, les Suisses sont encore tr\u00e8s traditionnels\u00a0\u00bb. Il pr\u00e9voit que dans de nombreux foyers, la fondue chinoise ou le filet en cro\u00fbte seront \u00e0 nouveau au menu cette ann\u00e9e. En vue des f\u00eates de fin d&rsquo;ann\u00e9e, le chef travaille volontiers la viande de b\u0153uf ou d\u2019agneau. \u00ab\u00a0J\u2019accorde une grande importance au c\u00f4t\u00e9 \u00e9thique, je ne mise donc pas forc\u00e9ment sur du filet mais plut\u00f4t sur les \u00ab\u00a0second cuts\u00a0\u00bb (<em>ndlr<\/em> morceaux provenant de parties de l\u2019animal moins exploit\u00e9es). Il me tient \u00e0 c\u0153ur de rester fid\u00e8le \u00e0 mon propre style de cuisine\u00a0\u00bb.<\/p>\n<p><strong>Actions au rayon boucherie<\/strong><\/p>\n<p>ALIGRO a pr\u00e9vu de nombreuses actions sur son assortiment de volaille pour les semaines \u00e0 venir. Cela tombe bien, la volaille est utilis\u00e9e depuis de nombreuses ann\u00e9es dans les cuisines les plus diverses, explique Mario Garcia. Mais la dinde a un statut particulier, surtout en Suisse al\u00e9manique : \u00ab\u00a0La dinde est toujours associ\u00e9e \u00e0 l&rsquo;Am\u00e9rique. En Suisse romande, elle est tr\u00e8s r\u00e9pandue comme repas de No\u00ebl, mais pas encore chez son voisin al\u00e9manique\u00a0\u00bb. Outre la volaille, les boucheries ALIGRO proposent un vaste choix dans le porc, le b\u0153uf, le cheval, le lapin, l\u2019agneau, le cabri, le sanglier et bien d\u2019autres, dont de nombreux morceaux en action. C\u2019est donc l\u2019occasion de cr\u00e9er des menus vari\u00e9s et originaux\u00a0!<\/p>\n<p><strong>Assaisonnement simple et efficace<\/strong><\/p>\n<p>En mati\u00e8re d\u2019assaisonnement, que recommande le chef ? \u00ab\u00a0Je suis toujours convaincu que le sel et le poivre sont les meilleurs assaisonnements possibles. Bien entendu, j\u2019aime \u00e9galement exp\u00e9rimenter de nouvelles choses. Pour cela, je travaille souvent avec des \u00e9pices en provenance d&rsquo;autres pays \u2013 par exemple, je travaille le porc avec du cumin ou le b\u0153uf avec de la p\u00e2te d\u2019harissa, c&rsquo;est-\u00e0-dire une p\u00e2te d&rsquo;\u00e9pices \u00e0 base de piment, d&rsquo;ail, d&rsquo;huile d&rsquo;olive et d&rsquo;\u00e9pices. Il faut parfois faire preuve d&rsquo;un peu d&rsquo;imagination et adapter l&rsquo;\u00e9pice \u00e0 la situation\u00a0\u00bb.<\/p>\n<p><strong>On trouve tout chez ALIGRO<\/strong><\/p>\n<p>Mario Garcia est un client de longue date du march\u00e9 ALIGRO d&rsquo;Emmen. Il s\u2019y rendait d\u00e9j\u00e0 lorsqu&rsquo;il faisait partie de l&rsquo;\u00e9quipe nationale de cuisine, ALIGRO \u00e9tant actif depuis des ann\u00e9es en tant que sponsor de la <em>Kochnati<\/em>. Pour ses nombreux plats, il trouve les produits n\u00e9cessaires chez ALIGRO\u00a0: \u00ab\u00a0Chez ALIGRO, on trouve tout ce dont on a besoin\u00a0!\u00bb.[\/vc_column_text][\/vc_column][\/vc_row]<\/p>\n<\/div>","protected":false},"excerpt":{"rendered":"<p>[vc_row][vc_column][vc_column_text]\u00ab Si l&rsquo;on veut obtenir quelque chose, il faut s&rsquo;y consacrer avec d\u00e9vouement. J\u2019investis tout mon amour dans<a class=\"moretag\" href=\"https:\/\/www.aligro.ch\/pages\/fr\/news\/les-conseils-du-chef-mario-garcia-pour-un-menu-de-noel-reussi\/\"> &#8230;<\/a><\/p>\n","protected":false},"author":9,"featured_media":59229,"comment_status":"closed","ping_status":"closed","sticky":false,"template":"","format":"standard","meta":{"_acf_changed":false,"footnotes":""},"categories":[1],"tags":[],"class_list":["post-59221","post","type-post","status-publish","format-standard","has-post-thumbnail","hentry","category-autre"],"acf":[],"yoast_head":"<!-- This site is optimized with the Yoast SEO plugin v27.4 - https:\/\/yoast.com\/product\/yoast-seo-wordpress\/ -->\n<title>Les conseils du chef Mario Garcia pour un menu de No\u00ebl r\u00e9ussi<\/title>\n<meta name=\"description\" content=\"Le chef Mario Garcia confie son parcours empreint de succ\u00e8s et fournit ses meilleurs conseils pour un repas de No\u00ebl r\u00e9ussi\" \/>\n<meta name=\"robots\" content=\"index, follow, max-snippet:-1, max-image-preview:large, max-video-preview:-1\" \/>\n<link rel=\"canonical\" href=\"https:\/\/www.aligro.ch\/pages\/fr\/news\/les-conseils-du-chef-mario-garcia-pour-un-menu-de-noel-reussi\/\" \/>\n<meta property=\"og:locale\" content=\"fr_FR\" \/>\n<meta property=\"og:type\" content=\"article\" \/>\n<meta property=\"og:title\" content=\"Les conseils du chef Mario Garcia pour un menu de No\u00ebl r\u00e9ussi\" \/>\n<meta property=\"og:description\" content=\"Le chef Mario Garcia confie son parcours empreint de succ\u00e8s et fournit ses meilleurs conseils pour un repas de No\u00ebl r\u00e9ussi\" \/>\n<meta property=\"og:url\" content=\"https:\/\/www.aligro.ch\/pages\/fr\/news\/les-conseils-du-chef-mario-garcia-pour-un-menu-de-noel-reussi\/\" \/>\n<meta property=\"og:site_name\" content=\"ALIGRO\" \/>\n<meta property=\"article:publisher\" content=\"https:\/\/fb.com\/aligrosuisse\" \/>\n<meta property=\"article:published_time\" content=\"2022-12-05T09:08:51+00:00\" \/>\n<meta property=\"article:modified_time\" content=\"2022-12-07T10:34:40+00:00\" \/>\n<meta property=\"og:image\" content=\"https:\/\/www.aligro.ch\/pages\/wp-content\/uploads\/2022\/12\/BANDEAU_SITE__iStock-1024716010-1.jpg\" \/>\n\t<meta property=\"og:image:width\" content=\"1920\" \/>\n\t<meta property=\"og:image:height\" content=\"1280\" \/>\n\t<meta property=\"og:image:type\" content=\"image\/jpeg\" \/>\n<meta name=\"author\" content=\"Vincent Lavanchy\" \/>\n<meta name=\"twitter:card\" content=\"summary_large_image\" \/>\n<meta name=\"twitter:label1\" content=\"\u00c9crit par\" \/>\n\t<meta name=\"twitter:data1\" content=\"Vincent Lavanchy\" \/>\n\t<meta name=\"twitter:label2\" content=\"Dur\u00e9e de lecture estim\u00e9e\" \/>\n\t<meta name=\"twitter:data2\" content=\"4 minutes\" \/>\n<script type=\"application\/ld+json\" class=\"yoast-schema-graph\">{\"@context\":\"https:\\\/\\\/schema.org\",\"@graph\":[{\"@type\":\"Article\",\"@id\":\"https:\\\/\\\/www.aligro.ch\\\/pages\\\/fr\\\/news\\\/les-conseils-du-chef-mario-garcia-pour-un-menu-de-noel-reussi\\\/#article\",\"isPartOf\":{\"@id\":\"https:\\\/\\\/www.aligro.ch\\\/pages\\\/fr\\\/news\\\/les-conseils-du-chef-mario-garcia-pour-un-menu-de-noel-reussi\\\/\"},\"author\":{\"name\":\"Vincent Lavanchy\",\"@id\":\"https:\\\/\\\/www.aligro.ch\\\/pages\\\/#\\\/schema\\\/person\\\/abe4f4a53fec53a8dea10e43adbbe7e3\"},\"headline\":\"Les conseils du chef Mario Garcia pour un menu de No\u00ebl r\u00e9ussi\",\"datePublished\":\"2022-12-05T09:08:51+00:00\",\"dateModified\":\"2022-12-07T10:34:40+00:00\",\"mainEntityOfPage\":{\"@id\":\"https:\\\/\\\/www.aligro.ch\\\/pages\\\/fr\\\/news\\\/les-conseils-du-chef-mario-garcia-pour-un-menu-de-noel-reussi\\\/\"},\"wordCount\":864,\"publisher\":{\"@id\":\"https:\\\/\\\/www.aligro.ch\\\/pages\\\/#organization\"},\"image\":{\"@id\":\"https:\\\/\\\/www.aligro.ch\\\/pages\\\/fr\\\/news\\\/les-conseils-du-chef-mario-garcia-pour-un-menu-de-noel-reussi\\\/#primaryimage\"},\"thumbnailUrl\":\"https:\\\/\\\/www.aligro.ch\\\/pages\\\/wp-content\\\/uploads\\\/2022\\\/12\\\/BANDEAU_SITE__iStock-1024716010-1.jpg\",\"articleSection\":[\"Autre\"],\"inLanguage\":\"fr-FR\"},{\"@type\":\"WebPage\",\"@id\":\"https:\\\/\\\/www.aligro.ch\\\/pages\\\/fr\\\/news\\\/les-conseils-du-chef-mario-garcia-pour-un-menu-de-noel-reussi\\\/\",\"url\":\"https:\\\/\\\/www.aligro.ch\\\/pages\\\/fr\\\/news\\\/les-conseils-du-chef-mario-garcia-pour-un-menu-de-noel-reussi\\\/\",\"name\":\"Les conseils du chef Mario Garcia pour un menu de No\u00ebl r\u00e9ussi\",\"isPartOf\":{\"@id\":\"https:\\\/\\\/www.aligro.ch\\\/pages\\\/#website\"},\"primaryImageOfPage\":{\"@id\":\"https:\\\/\\\/www.aligro.ch\\\/pages\\\/fr\\\/news\\\/les-conseils-du-chef-mario-garcia-pour-un-menu-de-noel-reussi\\\/#primaryimage\"},\"image\":{\"@id\":\"https:\\\/\\\/www.aligro.ch\\\/pages\\\/fr\\\/news\\\/les-conseils-du-chef-mario-garcia-pour-un-menu-de-noel-reussi\\\/#primaryimage\"},\"thumbnailUrl\":\"https:\\\/\\\/www.aligro.ch\\\/pages\\\/wp-content\\\/uploads\\\/2022\\\/12\\\/BANDEAU_SITE__iStock-1024716010-1.jpg\",\"datePublished\":\"2022-12-05T09:08:51+00:00\",\"dateModified\":\"2022-12-07T10:34:40+00:00\",\"description\":\"Le chef Mario Garcia confie son parcours empreint de succ\u00e8s et fournit ses meilleurs conseils pour un repas de No\u00ebl r\u00e9ussi\",\"breadcrumb\":{\"@id\":\"https:\\\/\\\/www.aligro.ch\\\/pages\\\/fr\\\/news\\\/les-conseils-du-chef-mario-garcia-pour-un-menu-de-noel-reussi\\\/#breadcrumb\"},\"inLanguage\":\"fr-FR\",\"potentialAction\":[{\"@type\":\"ReadAction\",\"target\":[\"https:\\\/\\\/www.aligro.ch\\\/pages\\\/fr\\\/news\\\/les-conseils-du-chef-mario-garcia-pour-un-menu-de-noel-reussi\\\/\"]}]},{\"@type\":\"ImageObject\",\"inLanguage\":\"fr-FR\",\"@id\":\"https:\\\/\\\/www.aligro.ch\\\/pages\\\/fr\\\/news\\\/les-conseils-du-chef-mario-garcia-pour-un-menu-de-noel-reussi\\\/#primaryimage\",\"url\":\"https:\\\/\\\/www.aligro.ch\\\/pages\\\/wp-content\\\/uploads\\\/2022\\\/12\\\/BANDEAU_SITE__iStock-1024716010-1.jpg\",\"contentUrl\":\"https:\\\/\\\/www.aligro.ch\\\/pages\\\/wp-content\\\/uploads\\\/2022\\\/12\\\/BANDEAU_SITE__iStock-1024716010-1.jpg\",\"width\":1920,\"height\":1280},{\"@type\":\"BreadcrumbList\",\"@id\":\"https:\\\/\\\/www.aligro.ch\\\/pages\\\/fr\\\/news\\\/les-conseils-du-chef-mario-garcia-pour-un-menu-de-noel-reussi\\\/#breadcrumb\",\"itemListElement\":[{\"@type\":\"ListItem\",\"position\":1,\"name\":\"Accueil\",\"item\":\"https:\\\/\\\/www.aligro.ch\\\/pages\\\/de\\\/aligro-academy\\\/\"},{\"@type\":\"ListItem\",\"position\":2,\"name\":\"Les conseils du chef Mario Garcia pour un menu de No\u00ebl r\u00e9ussi\"}]},{\"@type\":\"WebSite\",\"@id\":\"https:\\\/\\\/www.aligro.ch\\\/pages\\\/#website\",\"url\":\"https:\\\/\\\/www.aligro.ch\\\/pages\\\/\",\"name\":\"ALIGRO\",\"description\":\"Fra\u00eecheur. Qualit\u00e9. Inspiration.\",\"publisher\":{\"@id\":\"https:\\\/\\\/www.aligro.ch\\\/pages\\\/#organization\"},\"potentialAction\":[{\"@type\":\"SearchAction\",\"target\":{\"@type\":\"EntryPoint\",\"urlTemplate\":\"https:\\\/\\\/www.aligro.ch\\\/pages\\\/?s={search_term_string}\"},\"query-input\":{\"@type\":\"PropertyValueSpecification\",\"valueRequired\":true,\"valueName\":\"search_term_string\"}}],\"inLanguage\":\"fr-FR\"},{\"@type\":\"Organization\",\"@id\":\"https:\\\/\\\/www.aligro.ch\\\/pages\\\/#organization\",\"name\":\"ALIGRO\",\"url\":\"https:\\\/\\\/www.aligro.ch\\\/pages\\\/\",\"logo\":{\"@type\":\"ImageObject\",\"inLanguage\":\"fr-FR\",\"@id\":\"https:\\\/\\\/www.aligro.ch\\\/pages\\\/#\\\/schema\\\/logo\\\/image\\\/\",\"url\":\"https:\\\/\\\/www.aligro.ch\\\/pages\\\/wp-content\\\/uploads\\\/2018\\\/10\\\/Logo@4x.png\",\"contentUrl\":\"https:\\\/\\\/www.aligro.ch\\\/pages\\\/wp-content\\\/uploads\\\/2018\\\/10\\\/Logo@4x.png\",\"width\":1831,\"height\":228,\"caption\":\"ALIGRO\"},\"image\":{\"@id\":\"https:\\\/\\\/www.aligro.ch\\\/pages\\\/#\\\/schema\\\/logo\\\/image\\\/\"},\"sameAs\":[\"https:\\\/\\\/fb.com\\\/aligrosuisse\"]},{\"@type\":\"Person\",\"@id\":\"https:\\\/\\\/www.aligro.ch\\\/pages\\\/#\\\/schema\\\/person\\\/abe4f4a53fec53a8dea10e43adbbe7e3\",\"name\":\"Vincent Lavanchy\",\"image\":{\"@type\":\"ImageObject\",\"inLanguage\":\"fr-FR\",\"@id\":\"https:\\\/\\\/secure.gravatar.com\\\/avatar\\\/0c26d4efb7d6ae3d3acfb21cea043eed07c8459ea7780b7c5d9d73543f0c4d2e?s=96&d=mm&r=g\",\"url\":\"https:\\\/\\\/secure.gravatar.com\\\/avatar\\\/0c26d4efb7d6ae3d3acfb21cea043eed07c8459ea7780b7c5d9d73543f0c4d2e?s=96&d=mm&r=g\",\"contentUrl\":\"https:\\\/\\\/secure.gravatar.com\\\/avatar\\\/0c26d4efb7d6ae3d3acfb21cea043eed07c8459ea7780b7c5d9d73543f0c4d2e?s=96&d=mm&r=g\",\"caption\":\"Vincent Lavanchy\"}}]}<\/script>\n<!-- \/ Yoast SEO plugin. -->","yoast_head_json":{"title":"Les conseils du chef Mario Garcia pour un menu de No\u00ebl r\u00e9ussi","description":"Le chef Mario Garcia confie son parcours empreint de succ\u00e8s et fournit ses meilleurs conseils pour un repas de No\u00ebl r\u00e9ussi","robots":{"index":"index","follow":"follow","max-snippet":"max-snippet:-1","max-image-preview":"max-image-preview:large","max-video-preview":"max-video-preview:-1"},"canonical":"https:\/\/www.aligro.ch\/pages\/fr\/news\/les-conseils-du-chef-mario-garcia-pour-un-menu-de-noel-reussi\/","og_locale":"fr_FR","og_type":"article","og_title":"Les conseils du chef Mario Garcia pour un menu de No\u00ebl r\u00e9ussi","og_description":"Le chef Mario Garcia confie son parcours empreint de succ\u00e8s et fournit ses meilleurs conseils pour un repas de No\u00ebl r\u00e9ussi","og_url":"https:\/\/www.aligro.ch\/pages\/fr\/news\/les-conseils-du-chef-mario-garcia-pour-un-menu-de-noel-reussi\/","og_site_name":"ALIGRO","article_publisher":"https:\/\/fb.com\/aligrosuisse","article_published_time":"2022-12-05T09:08:51+00:00","article_modified_time":"2022-12-07T10:34:40+00:00","og_image":[{"width":1920,"height":1280,"url":"https:\/\/www.aligro.ch\/pages\/wp-content\/uploads\/2022\/12\/BANDEAU_SITE__iStock-1024716010-1.jpg","type":"image\/jpeg"}],"author":"Vincent Lavanchy","twitter_card":"summary_large_image","twitter_misc":{"\u00c9crit par":"Vincent Lavanchy","Dur\u00e9e de lecture estim\u00e9e":"4 minutes"},"schema":{"@context":"https:\/\/schema.org","@graph":[{"@type":"Article","@id":"https:\/\/www.aligro.ch\/pages\/fr\/news\/les-conseils-du-chef-mario-garcia-pour-un-menu-de-noel-reussi\/#article","isPartOf":{"@id":"https:\/\/www.aligro.ch\/pages\/fr\/news\/les-conseils-du-chef-mario-garcia-pour-un-menu-de-noel-reussi\/"},"author":{"name":"Vincent Lavanchy","@id":"https:\/\/www.aligro.ch\/pages\/#\/schema\/person\/abe4f4a53fec53a8dea10e43adbbe7e3"},"headline":"Les conseils du chef Mario Garcia pour un menu de No\u00ebl r\u00e9ussi","datePublished":"2022-12-05T09:08:51+00:00","dateModified":"2022-12-07T10:34:40+00:00","mainEntityOfPage":{"@id":"https:\/\/www.aligro.ch\/pages\/fr\/news\/les-conseils-du-chef-mario-garcia-pour-un-menu-de-noel-reussi\/"},"wordCount":864,"publisher":{"@id":"https:\/\/www.aligro.ch\/pages\/#organization"},"image":{"@id":"https:\/\/www.aligro.ch\/pages\/fr\/news\/les-conseils-du-chef-mario-garcia-pour-un-menu-de-noel-reussi\/#primaryimage"},"thumbnailUrl":"https:\/\/www.aligro.ch\/pages\/wp-content\/uploads\/2022\/12\/BANDEAU_SITE__iStock-1024716010-1.jpg","articleSection":["Autre"],"inLanguage":"fr-FR"},{"@type":"WebPage","@id":"https:\/\/www.aligro.ch\/pages\/fr\/news\/les-conseils-du-chef-mario-garcia-pour-un-menu-de-noel-reussi\/","url":"https:\/\/www.aligro.ch\/pages\/fr\/news\/les-conseils-du-chef-mario-garcia-pour-un-menu-de-noel-reussi\/","name":"Les conseils du chef Mario Garcia pour un menu de No\u00ebl r\u00e9ussi","isPartOf":{"@id":"https:\/\/www.aligro.ch\/pages\/#website"},"primaryImageOfPage":{"@id":"https:\/\/www.aligro.ch\/pages\/fr\/news\/les-conseils-du-chef-mario-garcia-pour-un-menu-de-noel-reussi\/#primaryimage"},"image":{"@id":"https:\/\/www.aligro.ch\/pages\/fr\/news\/les-conseils-du-chef-mario-garcia-pour-un-menu-de-noel-reussi\/#primaryimage"},"thumbnailUrl":"https:\/\/www.aligro.ch\/pages\/wp-content\/uploads\/2022\/12\/BANDEAU_SITE__iStock-1024716010-1.jpg","datePublished":"2022-12-05T09:08:51+00:00","dateModified":"2022-12-07T10:34:40+00:00","description":"Le chef Mario Garcia confie son parcours empreint de succ\u00e8s et fournit ses meilleurs conseils pour un repas de No\u00ebl r\u00e9ussi","breadcrumb":{"@id":"https:\/\/www.aligro.ch\/pages\/fr\/news\/les-conseils-du-chef-mario-garcia-pour-un-menu-de-noel-reussi\/#breadcrumb"},"inLanguage":"fr-FR","potentialAction":[{"@type":"ReadAction","target":["https:\/\/www.aligro.ch\/pages\/fr\/news\/les-conseils-du-chef-mario-garcia-pour-un-menu-de-noel-reussi\/"]}]},{"@type":"ImageObject","inLanguage":"fr-FR","@id":"https:\/\/www.aligro.ch\/pages\/fr\/news\/les-conseils-du-chef-mario-garcia-pour-un-menu-de-noel-reussi\/#primaryimage","url":"https:\/\/www.aligro.ch\/pages\/wp-content\/uploads\/2022\/12\/BANDEAU_SITE__iStock-1024716010-1.jpg","contentUrl":"https:\/\/www.aligro.ch\/pages\/wp-content\/uploads\/2022\/12\/BANDEAU_SITE__iStock-1024716010-1.jpg","width":1920,"height":1280},{"@type":"BreadcrumbList","@id":"https:\/\/www.aligro.ch\/pages\/fr\/news\/les-conseils-du-chef-mario-garcia-pour-un-menu-de-noel-reussi\/#breadcrumb","itemListElement":[{"@type":"ListItem","position":1,"name":"Accueil","item":"https:\/\/www.aligro.ch\/pages\/de\/aligro-academy\/"},{"@type":"ListItem","position":2,"name":"Les conseils du chef Mario Garcia pour un menu de No\u00ebl r\u00e9ussi"}]},{"@type":"WebSite","@id":"https:\/\/www.aligro.ch\/pages\/#website","url":"https:\/\/www.aligro.ch\/pages\/","name":"ALIGRO","description":"Fra\u00eecheur. Qualit\u00e9. Inspiration.","publisher":{"@id":"https:\/\/www.aligro.ch\/pages\/#organization"},"potentialAction":[{"@type":"SearchAction","target":{"@type":"EntryPoint","urlTemplate":"https:\/\/www.aligro.ch\/pages\/?s={search_term_string}"},"query-input":{"@type":"PropertyValueSpecification","valueRequired":true,"valueName":"search_term_string"}}],"inLanguage":"fr-FR"},{"@type":"Organization","@id":"https:\/\/www.aligro.ch\/pages\/#organization","name":"ALIGRO","url":"https:\/\/www.aligro.ch\/pages\/","logo":{"@type":"ImageObject","inLanguage":"fr-FR","@id":"https:\/\/www.aligro.ch\/pages\/#\/schema\/logo\/image\/","url":"https:\/\/www.aligro.ch\/pages\/wp-content\/uploads\/2018\/10\/Logo@4x.png","contentUrl":"https:\/\/www.aligro.ch\/pages\/wp-content\/uploads\/2018\/10\/Logo@4x.png","width":1831,"height":228,"caption":"ALIGRO"},"image":{"@id":"https:\/\/www.aligro.ch\/pages\/#\/schema\/logo\/image\/"},"sameAs":["https:\/\/fb.com\/aligrosuisse"]},{"@type":"Person","@id":"https:\/\/www.aligro.ch\/pages\/#\/schema\/person\/abe4f4a53fec53a8dea10e43adbbe7e3","name":"Vincent Lavanchy","image":{"@type":"ImageObject","inLanguage":"fr-FR","@id":"https:\/\/secure.gravatar.com\/avatar\/0c26d4efb7d6ae3d3acfb21cea043eed07c8459ea7780b7c5d9d73543f0c4d2e?s=96&d=mm&r=g","url":"https:\/\/secure.gravatar.com\/avatar\/0c26d4efb7d6ae3d3acfb21cea043eed07c8459ea7780b7c5d9d73543f0c4d2e?s=96&d=mm&r=g","contentUrl":"https:\/\/secure.gravatar.com\/avatar\/0c26d4efb7d6ae3d3acfb21cea043eed07c8459ea7780b7c5d9d73543f0c4d2e?s=96&d=mm&r=g","caption":"Vincent Lavanchy"}}]}},"_links":{"self":[{"href":"https:\/\/www.aligro.ch\/pages\/wp-json\/wp\/v2\/posts\/59221","targetHints":{"allow":["GET"]}}],"collection":[{"href":"https:\/\/www.aligro.ch\/pages\/wp-json\/wp\/v2\/posts"}],"about":[{"href":"https:\/\/www.aligro.ch\/pages\/wp-json\/wp\/v2\/types\/post"}],"author":[{"embeddable":true,"href":"https:\/\/www.aligro.ch\/pages\/wp-json\/wp\/v2\/users\/9"}],"replies":[{"embeddable":true,"href":"https:\/\/www.aligro.ch\/pages\/wp-json\/wp\/v2\/comments?post=59221"}],"version-history":[{"count":5,"href":"https:\/\/www.aligro.ch\/pages\/wp-json\/wp\/v2\/posts\/59221\/revisions"}],"predecessor-version":[{"id":59388,"href":"https:\/\/www.aligro.ch\/pages\/wp-json\/wp\/v2\/posts\/59221\/revisions\/59388"}],"wp:featuredmedia":[{"embeddable":true,"href":"https:\/\/www.aligro.ch\/pages\/wp-json\/wp\/v2\/media\/59229"}],"wp:attachment":[{"href":"https:\/\/www.aligro.ch\/pages\/wp-json\/wp\/v2\/media?parent=59221"}],"wp:term":[{"taxonomy":"category","embeddable":true,"href":"https:\/\/www.aligro.ch\/pages\/wp-json\/wp\/v2\/categories?post=59221"},{"taxonomy":"post_tag","embeddable":true,"href":"https:\/\/www.aligro.ch\/pages\/wp-json\/wp\/v2\/tags?post=59221"}],"curies":[{"name":"wp","href":"https:\/\/api.w.org\/{rel}","templated":true}]}}