{"id":59202,"date":"2022-12-01T15:12:29","date_gmt":"2022-12-01T14:12:29","guid":{"rendered":"https:\/\/www.aligro.ch\/pages\/?p=59202"},"modified":"2022-12-01T15:17:57","modified_gmt":"2022-12-01T14:17:57","slug":"ein-festlicher-cocktail-fuer-die-festtage","status":"publish","type":"post","link":"https:\/\/www.aligro.ch\/pages\/de\/news\/ein-festlicher-cocktail-fuer-die-festtage\/","title":{"rendered":"Ein festlicher Cocktail f\u00fcr die Festtage"},"content":{"rendered":"<div class=\"wpb-content-wrapper\"><p>[vc_row][vc_column][vc_column_text]<strong>Die Weihnachtszeit steht vor der T\u00fcr und Sie m\u00f6chten mit Ihren Mitarbeitenden feiern? ALIGRO hat alles, was Sie brauchen, um einen gem\u00fctlichen und festlichen Ap\u00e9ro zu organisieren!<\/strong><\/p>\n<p><strong>Eine Vielzahl von M\u00f6glichkeiten<\/strong><\/p>\n<p>Das Sortiment von ALIGRO bietet Produkte in kleinen und grossen Mengen an, welche bestens f\u00fcr eine variable Anzahl von G\u00e4sten geeignet sind. Schauen Sie vorbei, bestimmt werden Sie finden, was Ihnen am besten passt.[\/vc_column_text][\/vc_column][\/vc_row][vc_row][vc_column width=\u00a0\u00bb1\/2&Prime;][vc_single_image image=\u00a0\u00bb59204&Prime; img_size=\u00a0\u00bbfull\u00a0\u00bb css=\u00a0\u00bb.vc_custom_1669904024112{border-top-width: 1em !important;}\u00a0\u00bb][\/vc_column][vc_column width=\u00a0\u00bb1\/2&Prime;][vc_column_text]F\u00fcr die Grundzutaten bietet ALIGRO eine Vielfalt an Pommes-Chips, Sabl\u00e9s, Brezel und Grissini aller Art an. In der Traiteurabteilung finden Sie eine grosse Auswahl an Foie gras und Confits, aber auch Terrinen (mit Pfeffer, Ente mit Orangen, Fasan, Gefl\u00fcgel, Hase, Reh, mit Morcheln usw.) und Pasteten (mit Armagnac, Haseln\u00fcssen, B\u00e4rlauch, Bauernpasteten, Tr\u00fcffel, Morcheln, Portwein oder Spargel),[\/vc_column_text][\/vc_column][\/vc_row][vc_row][vc_column][vc_column_text]sowie Canap\u00e9s (mit Lachs oder Crevetten, Salami usw.) oder Entenmousse, Rilletten vom Schwein oder gegrilltem Poulet. Nicht zu vergessen sind die Party-Brote, die das absolute Muss f\u00fcr einen Ap\u00e9ro sind.[\/vc_column_text][\/vc_column][\/vc_row][vc_row][vc_column width=\u00a0\u00bb1\/2&Prime;][vc_column_text]Ebenfalls erh\u00e4ltlich sind alle Zutaten f\u00fcr k\u00f6stliche Blinis, z. B. R\u00e4ucherlachs, Seehasen- und Lachsrogen sowie Kabeljau-Eiercreme. Und vergessen wir nicht die Unverzichtbaren: Das Sortiment umfasst auch eine sehr grosse Auswahl an Charcuterie sowie sehr viele K\u00e4sesorten. Die ALIGRO-Regale sind voll mit vielen weiteren Produkten, die sich ideal f\u00fcr die originellsten Ap\u00e9ro-H\u00e4ppchen eignen.[\/vc_column_text][\/vc_column][vc_column width=\u00a0\u00bb1\/2&Prime;][vc_single_image image=\u00a0\u00bb59205&Prime; img_size=\u00a0\u00bbfull\u00a0\u00bb][\/vc_column][\/vc_row][vc_row][vc_column width=\u00a0\u00bb1\/2&Prime;][vc_single_image image=\u00a0\u00bb59206&Prime; img_size=\u00a0\u00bbfull\u00a0\u00bb css=\u00a0\u00bb.vc_custom_1669902032165{margin-top: 3em !important;border-top-width: 4em !important;}\u00a0\u00bb][\/vc_column][vc_column width=\u00a0\u00bb1\/2&Prime;][vc_column_text]<strong>Meeresbrise<\/strong><strong> zum Ap\u00e9ro <\/strong><\/p>\n<p>Viele Menschen sch\u00e4tzen es, zum Weihnachts-Ap\u00e9ro ein paar frische Austern geniessen zu k\u00f6nnen. Das trifft sich gut, denn ALIGRO bietet vom 5. bis 31. Dezember Aktionen auf frische Langaustern aus dem Atlantik, Cancale-Austern vom Mont St. Michel sowie Austern aus Marennes d&rsquo;Ol\u00e9ron an. Auch gibt es verschiedene Kaviarsorten sowie ger\u00e4ucherter Lachs in Aktion.[\/vc_column_text][\/vc_column][\/vc_row][vc_row][vc_column width=\u00a0\u00bb1\/2&Prime;][vc_column_text]<strong>Eine unvergleichliche Auswahl an Getr\u00e4nken f\u00fcr einen festlichen Moment<\/strong><\/p>\n<p>Was w\u00e4re ein Ap\u00e9ro <span style=\"text-decoration: line-through;\">o<\/span>hne ein paar Drinks, welche die Stimmung auflockern? ALIGROs Weinkeller bietet ein umfassendes und hochqualitatives Sortiment an: es umfasst \u00fcber 1000 Weiss-, Ros\u00e9- und Rotweine sowie fast 200 Champagner und Schaumweine und 700 Spirituosen. Ausserdem gibt es eine sehr grosse Auswahl an handwerklich oder industriell gebrauten Biersorten aus dem In- und Ausland, die jedem Geschmack gerecht werden.[\/vc_column_text][\/vc_column][vc_column width=\u00a0\u00bb1\/2&Prime;][vc_single_image image=\u00a0\u00bb59200&Prime; img_size=\u00a0\u00bbfull\u00a0\u00bb css=\u00a0\u00bb.vc_custom_1669902286227{margin-top: 5em !important;border-top-width: 3em !important;}\u00a0\u00bb][\/vc_column][\/vc_row][vc_row][vc_column][vc_column_text]Das Fachpersonal von ALIGRO steht Ihnen gerne zur Verf\u00fcgung, beantwortet alle Ihre Fragen und stellt Ihnen die Produkte vor, welche Ihren Bed\u00fcrfnissen entsprechen.[\/vc_column_text][\/vc_column][\/vc_row]<\/p>\n<\/div>","protected":false},"excerpt":{"rendered":"<p>[vc_row][vc_column][vc_column_text]Die Weihnachtszeit steht vor der T\u00fcr und Sie m\u00f6chten mit Ihren Mitarbeitenden feiern? ALIGRO hat alles, was Sie<a class=\"moretag\" href=\"https:\/\/www.aligro.ch\/pages\/de\/news\/ein-festlicher-cocktail-fuer-die-festtage\/\"> &#8230;<\/a><\/p>\n","protected":false},"author":9,"featured_media":59187,"comment_status":"closed","ping_status":"closed","sticky":false,"template":"","format":"standard","meta":{"_acf_changed":false,"footnotes":""},"categories":[7],"tags":[],"class_list":["post-59202","post","type-post","status-publish","format-standard","has-post-thumbnail","hentry","category-andere"],"acf":[],"yoast_head":"<!-- This site is optimized with the Yoast SEO plugin v27.4 - https:\/\/yoast.com\/product\/yoast-seo-wordpress\/ -->\n<title>Ein festlicher Cocktail f\u00fcr die Festtage<\/title>\n<meta name=\"description\" content=\"Die Weihnachtszeit steht vor der T\u00fcr und Sie m\u00f6chten mit Ihren Mitarbeitenden feiern? ALIGRO hat alles, was Sie brauchen, um einen gem\u00fctlichen und festlichen Ap\u00e9ro zu organisieren!\" \/>\n<meta name=\"robots\" content=\"index, follow, max-snippet:-1, max-image-preview:large, max-video-preview:-1\" \/>\n<link rel=\"canonical\" href=\"https:\/\/www.aligro.ch\/pages\/de\/news\/ein-festlicher-cocktail-fuer-die-festtage\/\" \/>\n<meta property=\"og:locale\" content=\"fr_FR\" \/>\n<meta property=\"og:type\" content=\"article\" \/>\n<meta property=\"og:title\" content=\"Ein festlicher Cocktail f\u00fcr die Festtage\" \/>\n<meta property=\"og:description\" content=\"Die Weihnachtszeit steht vor der T\u00fcr und Sie m\u00f6chten mit Ihren Mitarbeitenden feiern? ALIGRO hat alles, was Sie brauchen, um einen gem\u00fctlichen und festlichen Ap\u00e9ro zu organisieren!\" \/>\n<meta property=\"og:url\" content=\"https:\/\/www.aligro.ch\/pages\/de\/news\/ein-festlicher-cocktail-fuer-die-festtage\/\" \/>\n<meta property=\"og:site_name\" content=\"ALIGRO\" \/>\n<meta property=\"article:publisher\" content=\"https:\/\/fb.com\/aligrosuisse\" \/>\n<meta property=\"article:published_time\" content=\"2022-12-01T14:12:29+00:00\" \/>\n<meta property=\"article:modified_time\" content=\"2022-12-01T14:17:57+00:00\" \/>\n<meta property=\"og:image\" content=\"https:\/\/www.aligro.ch\/pages\/wp-content\/uploads\/2022\/12\/BANDEAU_SITE__iStock-1024716010.jpg\" \/>\n\t<meta property=\"og:image:width\" content=\"1920\" \/>\n\t<meta property=\"og:image:height\" content=\"1280\" \/>\n\t<meta property=\"og:image:type\" content=\"image\/jpeg\" \/>\n<meta name=\"author\" content=\"Vincent Lavanchy\" \/>\n<meta name=\"twitter:card\" content=\"summary_large_image\" \/>\n<meta name=\"twitter:label1\" content=\"\u00c9crit par\" \/>\n\t<meta name=\"twitter:data1\" content=\"Vincent Lavanchy\" \/>\n\t<meta name=\"twitter:label2\" content=\"Dur\u00e9e de lecture estim\u00e9e\" \/>\n\t<meta name=\"twitter:data2\" content=\"2 minutes\" \/>\n<script type=\"application\/ld+json\" class=\"yoast-schema-graph\">{\"@context\":\"https:\\\/\\\/schema.org\",\"@graph\":[{\"@type\":\"Article\",\"@id\":\"https:\\\/\\\/www.aligro.ch\\\/pages\\\/de\\\/news\\\/ein-festlicher-cocktail-fuer-die-festtage\\\/#article\",\"isPartOf\":{\"@id\":\"https:\\\/\\\/www.aligro.ch\\\/pages\\\/de\\\/news\\\/ein-festlicher-cocktail-fuer-die-festtage\\\/\"},\"author\":{\"name\":\"Vincent Lavanchy\",\"@id\":\"https:\\\/\\\/www.aligro.ch\\\/pages\\\/#\\\/schema\\\/person\\\/abe4f4a53fec53a8dea10e43adbbe7e3\"},\"headline\":\"Ein festlicher Cocktail f\u00fcr die Festtage\",\"datePublished\":\"2022-12-01T14:12:29+00:00\",\"dateModified\":\"2022-12-01T14:17:57+00:00\",\"mainEntityOfPage\":{\"@id\":\"https:\\\/\\\/www.aligro.ch\\\/pages\\\/de\\\/news\\\/ein-festlicher-cocktail-fuer-die-festtage\\\/\"},\"wordCount\":566,\"publisher\":{\"@id\":\"https:\\\/\\\/www.aligro.ch\\\/pages\\\/#organization\"},\"image\":{\"@id\":\"https:\\\/\\\/www.aligro.ch\\\/pages\\\/de\\\/news\\\/ein-festlicher-cocktail-fuer-die-festtage\\\/#primaryimage\"},\"thumbnailUrl\":\"https:\\\/\\\/www.aligro.ch\\\/pages\\\/wp-content\\\/uploads\\\/2022\\\/12\\\/BANDEAU_SITE__iStock-1024716010.jpg\",\"articleSection\":[\"Andere\"],\"inLanguage\":\"fr-FR\"},{\"@type\":\"WebPage\",\"@id\":\"https:\\\/\\\/www.aligro.ch\\\/pages\\\/de\\\/news\\\/ein-festlicher-cocktail-fuer-die-festtage\\\/\",\"url\":\"https:\\\/\\\/www.aligro.ch\\\/pages\\\/de\\\/news\\\/ein-festlicher-cocktail-fuer-die-festtage\\\/\",\"name\":\"Ein festlicher Cocktail f\u00fcr die Festtage\",\"isPartOf\":{\"@id\":\"https:\\\/\\\/www.aligro.ch\\\/pages\\\/#website\"},\"primaryImageOfPage\":{\"@id\":\"https:\\\/\\\/www.aligro.ch\\\/pages\\\/de\\\/news\\\/ein-festlicher-cocktail-fuer-die-festtage\\\/#primaryimage\"},\"image\":{\"@id\":\"https:\\\/\\\/www.aligro.ch\\\/pages\\\/de\\\/news\\\/ein-festlicher-cocktail-fuer-die-festtage\\\/#primaryimage\"},\"thumbnailUrl\":\"https:\\\/\\\/www.aligro.ch\\\/pages\\\/wp-content\\\/uploads\\\/2022\\\/12\\\/BANDEAU_SITE__iStock-1024716010.jpg\",\"datePublished\":\"2022-12-01T14:12:29+00:00\",\"dateModified\":\"2022-12-01T14:17:57+00:00\",\"description\":\"Die Weihnachtszeit steht vor der T\u00fcr und Sie m\u00f6chten mit Ihren Mitarbeitenden feiern? ALIGRO hat alles, was Sie brauchen, um einen gem\u00fctlichen und festlichen Ap\u00e9ro zu organisieren!\",\"breadcrumb\":{\"@id\":\"https:\\\/\\\/www.aligro.ch\\\/pages\\\/de\\\/news\\\/ein-festlicher-cocktail-fuer-die-festtage\\\/#breadcrumb\"},\"inLanguage\":\"fr-FR\",\"potentialAction\":[{\"@type\":\"ReadAction\",\"target\":[\"https:\\\/\\\/www.aligro.ch\\\/pages\\\/de\\\/news\\\/ein-festlicher-cocktail-fuer-die-festtage\\\/\"]}]},{\"@type\":\"ImageObject\",\"inLanguage\":\"fr-FR\",\"@id\":\"https:\\\/\\\/www.aligro.ch\\\/pages\\\/de\\\/news\\\/ein-festlicher-cocktail-fuer-die-festtage\\\/#primaryimage\",\"url\":\"https:\\\/\\\/www.aligro.ch\\\/pages\\\/wp-content\\\/uploads\\\/2022\\\/12\\\/BANDEAU_SITE__iStock-1024716010.jpg\",\"contentUrl\":\"https:\\\/\\\/www.aligro.ch\\\/pages\\\/wp-content\\\/uploads\\\/2022\\\/12\\\/BANDEAU_SITE__iStock-1024716010.jpg\",\"width\":1920,\"height\":1280,\"caption\":\"Group of friends celebrating New Year's eve, everyone enjoy in party dinner, drinking and smiling\"},{\"@type\":\"BreadcrumbList\",\"@id\":\"https:\\\/\\\/www.aligro.ch\\\/pages\\\/de\\\/news\\\/ein-festlicher-cocktail-fuer-die-festtage\\\/#breadcrumb\",\"itemListElement\":[{\"@type\":\"ListItem\",\"position\":1,\"name\":\"Accueil\",\"item\":\"https:\\\/\\\/www.aligro.ch\\\/pages\\\/de\\\/aligro-academy\\\/\"},{\"@type\":\"ListItem\",\"position\":2,\"name\":\"Ein festlicher Cocktail f\u00fcr die Festtage\"}]},{\"@type\":\"WebSite\",\"@id\":\"https:\\\/\\\/www.aligro.ch\\\/pages\\\/#website\",\"url\":\"https:\\\/\\\/www.aligro.ch\\\/pages\\\/\",\"name\":\"ALIGRO\",\"description\":\"Fra\u00eecheur. Qualit\u00e9. Inspiration.\",\"publisher\":{\"@id\":\"https:\\\/\\\/www.aligro.ch\\\/pages\\\/#organization\"},\"potentialAction\":[{\"@type\":\"SearchAction\",\"target\":{\"@type\":\"EntryPoint\",\"urlTemplate\":\"https:\\\/\\\/www.aligro.ch\\\/pages\\\/?s={search_term_string}\"},\"query-input\":{\"@type\":\"PropertyValueSpecification\",\"valueRequired\":true,\"valueName\":\"search_term_string\"}}],\"inLanguage\":\"fr-FR\"},{\"@type\":\"Organization\",\"@id\":\"https:\\\/\\\/www.aligro.ch\\\/pages\\\/#organization\",\"name\":\"ALIGRO\",\"url\":\"https:\\\/\\\/www.aligro.ch\\\/pages\\\/\",\"logo\":{\"@type\":\"ImageObject\",\"inLanguage\":\"fr-FR\",\"@id\":\"https:\\\/\\\/www.aligro.ch\\\/pages\\\/#\\\/schema\\\/logo\\\/image\\\/\",\"url\":\"https:\\\/\\\/www.aligro.ch\\\/pages\\\/wp-content\\\/uploads\\\/2018\\\/10\\\/Logo@4x.png\",\"contentUrl\":\"https:\\\/\\\/www.aligro.ch\\\/pages\\\/wp-content\\\/uploads\\\/2018\\\/10\\\/Logo@4x.png\",\"width\":1831,\"height\":228,\"caption\":\"ALIGRO\"},\"image\":{\"@id\":\"https:\\\/\\\/www.aligro.ch\\\/pages\\\/#\\\/schema\\\/logo\\\/image\\\/\"},\"sameAs\":[\"https:\\\/\\\/fb.com\\\/aligrosuisse\"]},{\"@type\":\"Person\",\"@id\":\"https:\\\/\\\/www.aligro.ch\\\/pages\\\/#\\\/schema\\\/person\\\/abe4f4a53fec53a8dea10e43adbbe7e3\",\"name\":\"Vincent Lavanchy\",\"image\":{\"@type\":\"ImageObject\",\"inLanguage\":\"fr-FR\",\"@id\":\"https:\\\/\\\/secure.gravatar.com\\\/avatar\\\/0c26d4efb7d6ae3d3acfb21cea043eed07c8459ea7780b7c5d9d73543f0c4d2e?s=96&d=mm&r=g\",\"url\":\"https:\\\/\\\/secure.gravatar.com\\\/avatar\\\/0c26d4efb7d6ae3d3acfb21cea043eed07c8459ea7780b7c5d9d73543f0c4d2e?s=96&d=mm&r=g\",\"contentUrl\":\"https:\\\/\\\/secure.gravatar.com\\\/avatar\\\/0c26d4efb7d6ae3d3acfb21cea043eed07c8459ea7780b7c5d9d73543f0c4d2e?s=96&d=mm&r=g\",\"caption\":\"Vincent Lavanchy\"}}]}<\/script>\n<!-- \/ Yoast SEO plugin. -->","yoast_head_json":{"title":"Ein festlicher Cocktail f\u00fcr die Festtage","description":"Die Weihnachtszeit steht vor der T\u00fcr und Sie m\u00f6chten mit Ihren Mitarbeitenden feiern? ALIGRO hat alles, was Sie brauchen, um einen gem\u00fctlichen und festlichen Ap\u00e9ro zu organisieren!","robots":{"index":"index","follow":"follow","max-snippet":"max-snippet:-1","max-image-preview":"max-image-preview:large","max-video-preview":"max-video-preview:-1"},"canonical":"https:\/\/www.aligro.ch\/pages\/de\/news\/ein-festlicher-cocktail-fuer-die-festtage\/","og_locale":"fr_FR","og_type":"article","og_title":"Ein festlicher Cocktail f\u00fcr die Festtage","og_description":"Die Weihnachtszeit steht vor der T\u00fcr und Sie m\u00f6chten mit Ihren Mitarbeitenden feiern? ALIGRO hat alles, was Sie brauchen, um einen gem\u00fctlichen und festlichen Ap\u00e9ro zu organisieren!","og_url":"https:\/\/www.aligro.ch\/pages\/de\/news\/ein-festlicher-cocktail-fuer-die-festtage\/","og_site_name":"ALIGRO","article_publisher":"https:\/\/fb.com\/aligrosuisse","article_published_time":"2022-12-01T14:12:29+00:00","article_modified_time":"2022-12-01T14:17:57+00:00","og_image":[{"width":1920,"height":1280,"url":"https:\/\/www.aligro.ch\/pages\/wp-content\/uploads\/2022\/12\/BANDEAU_SITE__iStock-1024716010.jpg","type":"image\/jpeg"}],"author":"Vincent Lavanchy","twitter_card":"summary_large_image","twitter_misc":{"\u00c9crit par":"Vincent Lavanchy","Dur\u00e9e de lecture estim\u00e9e":"2 minutes"},"schema":{"@context":"https:\/\/schema.org","@graph":[{"@type":"Article","@id":"https:\/\/www.aligro.ch\/pages\/de\/news\/ein-festlicher-cocktail-fuer-die-festtage\/#article","isPartOf":{"@id":"https:\/\/www.aligro.ch\/pages\/de\/news\/ein-festlicher-cocktail-fuer-die-festtage\/"},"author":{"name":"Vincent Lavanchy","@id":"https:\/\/www.aligro.ch\/pages\/#\/schema\/person\/abe4f4a53fec53a8dea10e43adbbe7e3"},"headline":"Ein festlicher Cocktail f\u00fcr die Festtage","datePublished":"2022-12-01T14:12:29+00:00","dateModified":"2022-12-01T14:17:57+00:00","mainEntityOfPage":{"@id":"https:\/\/www.aligro.ch\/pages\/de\/news\/ein-festlicher-cocktail-fuer-die-festtage\/"},"wordCount":566,"publisher":{"@id":"https:\/\/www.aligro.ch\/pages\/#organization"},"image":{"@id":"https:\/\/www.aligro.ch\/pages\/de\/news\/ein-festlicher-cocktail-fuer-die-festtage\/#primaryimage"},"thumbnailUrl":"https:\/\/www.aligro.ch\/pages\/wp-content\/uploads\/2022\/12\/BANDEAU_SITE__iStock-1024716010.jpg","articleSection":["Andere"],"inLanguage":"fr-FR"},{"@type":"WebPage","@id":"https:\/\/www.aligro.ch\/pages\/de\/news\/ein-festlicher-cocktail-fuer-die-festtage\/","url":"https:\/\/www.aligro.ch\/pages\/de\/news\/ein-festlicher-cocktail-fuer-die-festtage\/","name":"Ein festlicher Cocktail f\u00fcr die Festtage","isPartOf":{"@id":"https:\/\/www.aligro.ch\/pages\/#website"},"primaryImageOfPage":{"@id":"https:\/\/www.aligro.ch\/pages\/de\/news\/ein-festlicher-cocktail-fuer-die-festtage\/#primaryimage"},"image":{"@id":"https:\/\/www.aligro.ch\/pages\/de\/news\/ein-festlicher-cocktail-fuer-die-festtage\/#primaryimage"},"thumbnailUrl":"https:\/\/www.aligro.ch\/pages\/wp-content\/uploads\/2022\/12\/BANDEAU_SITE__iStock-1024716010.jpg","datePublished":"2022-12-01T14:12:29+00:00","dateModified":"2022-12-01T14:17:57+00:00","description":"Die Weihnachtszeit steht vor der T\u00fcr und Sie m\u00f6chten mit Ihren Mitarbeitenden feiern? ALIGRO hat alles, was Sie brauchen, um einen gem\u00fctlichen und festlichen Ap\u00e9ro zu organisieren!","breadcrumb":{"@id":"https:\/\/www.aligro.ch\/pages\/de\/news\/ein-festlicher-cocktail-fuer-die-festtage\/#breadcrumb"},"inLanguage":"fr-FR","potentialAction":[{"@type":"ReadAction","target":["https:\/\/www.aligro.ch\/pages\/de\/news\/ein-festlicher-cocktail-fuer-die-festtage\/"]}]},{"@type":"ImageObject","inLanguage":"fr-FR","@id":"https:\/\/www.aligro.ch\/pages\/de\/news\/ein-festlicher-cocktail-fuer-die-festtage\/#primaryimage","url":"https:\/\/www.aligro.ch\/pages\/wp-content\/uploads\/2022\/12\/BANDEAU_SITE__iStock-1024716010.jpg","contentUrl":"https:\/\/www.aligro.ch\/pages\/wp-content\/uploads\/2022\/12\/BANDEAU_SITE__iStock-1024716010.jpg","width":1920,"height":1280,"caption":"Group of friends celebrating New Year's eve, everyone enjoy in party dinner, drinking and smiling"},{"@type":"BreadcrumbList","@id":"https:\/\/www.aligro.ch\/pages\/de\/news\/ein-festlicher-cocktail-fuer-die-festtage\/#breadcrumb","itemListElement":[{"@type":"ListItem","position":1,"name":"Accueil","item":"https:\/\/www.aligro.ch\/pages\/de\/aligro-academy\/"},{"@type":"ListItem","position":2,"name":"Ein festlicher Cocktail f\u00fcr die Festtage"}]},{"@type":"WebSite","@id":"https:\/\/www.aligro.ch\/pages\/#website","url":"https:\/\/www.aligro.ch\/pages\/","name":"ALIGRO","description":"Fra\u00eecheur. Qualit\u00e9. Inspiration.","publisher":{"@id":"https:\/\/www.aligro.ch\/pages\/#organization"},"potentialAction":[{"@type":"SearchAction","target":{"@type":"EntryPoint","urlTemplate":"https:\/\/www.aligro.ch\/pages\/?s={search_term_string}"},"query-input":{"@type":"PropertyValueSpecification","valueRequired":true,"valueName":"search_term_string"}}],"inLanguage":"fr-FR"},{"@type":"Organization","@id":"https:\/\/www.aligro.ch\/pages\/#organization","name":"ALIGRO","url":"https:\/\/www.aligro.ch\/pages\/","logo":{"@type":"ImageObject","inLanguage":"fr-FR","@id":"https:\/\/www.aligro.ch\/pages\/#\/schema\/logo\/image\/","url":"https:\/\/www.aligro.ch\/pages\/wp-content\/uploads\/2018\/10\/Logo@4x.png","contentUrl":"https:\/\/www.aligro.ch\/pages\/wp-content\/uploads\/2018\/10\/Logo@4x.png","width":1831,"height":228,"caption":"ALIGRO"},"image":{"@id":"https:\/\/www.aligro.ch\/pages\/#\/schema\/logo\/image\/"},"sameAs":["https:\/\/fb.com\/aligrosuisse"]},{"@type":"Person","@id":"https:\/\/www.aligro.ch\/pages\/#\/schema\/person\/abe4f4a53fec53a8dea10e43adbbe7e3","name":"Vincent Lavanchy","image":{"@type":"ImageObject","inLanguage":"fr-FR","@id":"https:\/\/secure.gravatar.com\/avatar\/0c26d4efb7d6ae3d3acfb21cea043eed07c8459ea7780b7c5d9d73543f0c4d2e?s=96&d=mm&r=g","url":"https:\/\/secure.gravatar.com\/avatar\/0c26d4efb7d6ae3d3acfb21cea043eed07c8459ea7780b7c5d9d73543f0c4d2e?s=96&d=mm&r=g","contentUrl":"https:\/\/secure.gravatar.com\/avatar\/0c26d4efb7d6ae3d3acfb21cea043eed07c8459ea7780b7c5d9d73543f0c4d2e?s=96&d=mm&r=g","caption":"Vincent Lavanchy"}}]}},"_links":{"self":[{"href":"https:\/\/www.aligro.ch\/pages\/wp-json\/wp\/v2\/posts\/59202","targetHints":{"allow":["GET"]}}],"collection":[{"href":"https:\/\/www.aligro.ch\/pages\/wp-json\/wp\/v2\/posts"}],"about":[{"href":"https:\/\/www.aligro.ch\/pages\/wp-json\/wp\/v2\/types\/post"}],"author":[{"embeddable":true,"href":"https:\/\/www.aligro.ch\/pages\/wp-json\/wp\/v2\/users\/9"}],"replies":[{"embeddable":true,"href":"https:\/\/www.aligro.ch\/pages\/wp-json\/wp\/v2\/comments?post=59202"}],"version-history":[{"count":5,"href":"https:\/\/www.aligro.ch\/pages\/wp-json\/wp\/v2\/posts\/59202\/revisions"}],"predecessor-version":[{"id":59216,"href":"https:\/\/www.aligro.ch\/pages\/wp-json\/wp\/v2\/posts\/59202\/revisions\/59216"}],"wp:featuredmedia":[{"embeddable":true,"href":"https:\/\/www.aligro.ch\/pages\/wp-json\/wp\/v2\/media\/59187"}],"wp:attachment":[{"href":"https:\/\/www.aligro.ch\/pages\/wp-json\/wp\/v2\/media?parent=59202"}],"wp:term":[{"taxonomy":"category","embeddable":true,"href":"https:\/\/www.aligro.ch\/pages\/wp-json\/wp\/v2\/categories?post=59202"},{"taxonomy":"post_tag","embeddable":true,"href":"https:\/\/www.aligro.ch\/pages\/wp-json\/wp\/v2\/tags?post=59202"}],"curies":[{"name":"wp","href":"https:\/\/api.w.org\/{rel}","templated":true}]}}