{"id":59180,"date":"2022-12-01T15:12:27","date_gmt":"2022-12-01T14:12:27","guid":{"rendered":"https:\/\/www.aligro.ch\/pages\/?p=59180"},"modified":"2022-12-01T15:17:56","modified_gmt":"2022-12-01T14:17:56","slug":"un-cocktail-festif-pour-les-fetes-de-fin-dannee","status":"publish","type":"post","link":"https:\/\/www.aligro.ch\/pages\/fr\/news\/un-cocktail-festif-pour-les-fetes-de-fin-dannee\/","title":{"rendered":"Un cocktail festif pour les f\u00eates de fin d\u2019ann\u00e9e"},"content":{"rendered":"<div class=\"wpb-content-wrapper\"><p>[vc_row][vc_column][vc_column_text]<strong>La p\u00e9riode des f\u00eates de fin d\u2019ann\u00e9e approche \u00e0 grands pas et vous souhaitez c\u00e9l\u00e9brer avec vos collaborateurs\u00a0? ALIGRO a tout ce qu\u2019il faut pour organiser un ap\u00e9ro chaleureux et convivial\u00a0!<\/strong><\/p>\n<p><strong>Une multitude de possibilit\u00e9s<\/strong><\/p>\n<p>L\u2019assortiment d\u2019ALIGRO offre des produits en petites et grandes quantit\u00e9s, id\u00e9ales pour un nombre de convives variable. Faites-y un tour et trouvez ce qui vous convient le mieux.[\/vc_column_text][\/vc_column][\/vc_row][vc_row][vc_column width=\u00a0\u00bb1\/2&Prime;][vc_single_image image=\u00a0\u00bb59182&Prime; img_size=\u00a0\u00bbfull\u00a0\u00bb css=\u00a0\u00bb.vc_custom_1669901563349{margin-top: 1em !important;border-top-width: 1em !important;}\u00a0\u00bb][\/vc_column][vc_column width=\u00a0\u00bb1\/2&Prime;][vc_column_text]Pour les ingr\u00e9dients de base, ALIGRO propose une vari\u00e9t\u00e9 de chips, de sabl\u00e9s, de bretzels et de grissinis en tous genres. Au rayon traiteur, vous trouvez un grand choix de foie gras et de confits, mais \u00e9galement de terrines (au poivre, au canard \u00e0 l\u2019orange, de faisan, de volaille, de li\u00e8vre, de chevreuil, aux morilles, etc.) et de p\u00e2t\u00e9s (\u00e0 l\u2019Armagnac, aux noisettes, ail des ours, paysan, \u00e0 la truffe, aux morilles, au porto ou encore aux asperges),[\/vc_column_text][\/vc_column][\/vc_row][vc_row][vc_column][vc_column_text]ainsi que des canap\u00e9s (saumon ou aux crevettes, salami, etc.), ou encore de la mousse de canard, des rillettes de porc et de poulet r\u00f4ti. Sans oublier les pains-surprises qui sont souvent les incontournables de l\u2019ap\u00e9ritif.[\/vc_column_text][\/vc_column][\/vc_row][vc_row][vc_column width=\u00a0\u00bb1\/2&Prime;][vc_column_text]Tous les ingr\u00e9dients n\u00e9cessaires aux blinis sont \u00e9galement disponibles, tels que le saumon fum\u00e9, les \u0153ufs de lompe et de saumon ainsi que la cr\u00e8me d\u2019\u0153ufs de cabillaud. Et n\u2019oublions pas les indispensables : l\u2019assortiment comprend \u00e9galement un tr\u00e8s grand choix de saucisses et de saucissons ainsi que de tr\u00e8s nombreux fromages. Les rayons d\u2019ALIGRO regorgent de nombreux autres produits id\u00e9aux pour les amuse-bouche les plus originaux.[\/vc_column_text][\/vc_column][vc_column width=\u00a0\u00bb1\/2&Prime;][vc_single_image image=\u00a0\u00bb59183&Prime; img_size=\u00a0\u00bbfull\u00a0\u00bb][\/vc_column][\/vc_row][vc_row][vc_column width=\u00a0\u00bb1\/2&Prime;][vc_single_image image=\u00a0\u00bb59181&Prime; img_size=\u00a0\u00bbfull\u00a0\u00bb css=\u00a0\u00bb.vc_custom_1669901347146{margin-top: 3em !important;border-top-width: 4em !important;}\u00a0\u00bb][\/vc_column][vc_column width=\u00a0\u00bb1\/2&Prime;][vc_column_text]<strong>L\u2019(i)ode \u00e0 l\u2019ap\u00e9ro<\/strong><\/p>\n<p>De nombreuses personnes appr\u00e9cient de pouvoir d\u00e9guster quelques hu\u00eetres fra\u00eeches \u00e0 l\u2019ap\u00e9ritif de No\u00ebl. Cela tombe bien, du 5 au 31 d\u00e9cembre, ALIGRO propose des actions sur les hu\u00eetres longues fra\u00eeches de l\u2019Atlantique, les hu\u00eetres Cancale du Mont St-Michel ainsi que sur les hu\u00eetres Marennes d\u2019Ol\u00e9ron. On trouve \u00e9galement diff\u00e9rentes sortes de caviar ainsi que du saumon fum\u00e9 en action.[\/vc_column_text][\/vc_column][\/vc_row][vc_row][vc_column width=\u00a0\u00bb1\/2&Prime;][vc_column_text]<strong>Un choix incomparable de boissons pour un moment festif<\/strong><\/p>\n<p>Que serait un ap\u00e9ritif sans quelques verres pour d\u00e9tendre l\u2019atmosph\u00e8re ? Le cellier d\u2019ALIGRO compte plus de 1000 vins blancs, ros\u00e9s, rouges, ainsi que pr\u00e8s de 200 champagnes et mousseux, 700 spiritueux qui forment un assortiment complet et hautement qualitatif. On y trouve \u00e9galement un tr\u00e8s grand choix de bi\u00e8res, artisanales et industrielles, locales et \u00e9trang\u00e8res, qui sauront r\u00e9pondre \u00e0 tous les go\u00fbts.[\/vc_column_text][\/vc_column][vc_column width=\u00a0\u00bb1\/2&Prime;][vc_single_image image=\u00a0\u00bb59200&Prime; img_size=\u00a0\u00bbfull\u00a0\u00bb css=\u00a0\u00bb.vc_custom_1669901858079{margin-top: 4em !important;border-top-width: 3em !important;}\u00a0\u00bb][\/vc_column][\/vc_row][vc_row][vc_column][vc_column_text]Le personnel sp\u00e9cialis\u00e9 d\u2019ALIGRO se tient \u00e0 votre disposition pour r\u00e9pondre \u00e0 toutes vos questions et vous orienter sur les produits correspondant \u00e0 vos besoins.[\/vc_column_text][\/vc_column][\/vc_row]<\/p>\n<\/div>","protected":false},"excerpt":{"rendered":"<p>[vc_row][vc_column][vc_column_text]La p\u00e9riode des f\u00eates de fin d\u2019ann\u00e9e approche \u00e0 grands pas et vous souhaitez c\u00e9l\u00e9brer avec vos collaborateurs\u00a0?<a class=\"moretag\" href=\"https:\/\/www.aligro.ch\/pages\/fr\/news\/un-cocktail-festif-pour-les-fetes-de-fin-dannee\/\"> &#8230;<\/a><\/p>\n","protected":false},"author":9,"featured_media":59187,"comment_status":"closed","ping_status":"closed","sticky":false,"template":"","format":"standard","meta":{"_acf_changed":false,"footnotes":""},"categories":[1],"tags":[],"class_list":["post-59180","post","type-post","status-publish","format-standard","has-post-thumbnail","hentry","category-autre"],"acf":[],"yoast_head":"<!-- This site is optimized with the Yoast SEO plugin v27.4 - https:\/\/yoast.com\/product\/yoast-seo-wordpress\/ -->\n<title>Un cocktail festif pour les f\u00eates de fin d\u2019ann\u00e9e<\/title>\n<meta name=\"description\" content=\"La p\u00e9riode des f\u00eates de fin d\u2019ann\u00e9e approche \u00e0 grands pas et vous souhaitez c\u00e9l\u00e9brer avec vos collaborateurs ? ALIGRO a tout ce qu\u2019il faut pour organiser un ap\u00e9ro chaleureux et convivial !\" \/>\n<meta name=\"robots\" content=\"index, follow, max-snippet:-1, max-image-preview:large, max-video-preview:-1\" \/>\n<link rel=\"canonical\" href=\"https:\/\/www.aligro.ch\/pages\/fr\/news\/un-cocktail-festif-pour-les-fetes-de-fin-dannee\/\" \/>\n<meta property=\"og:locale\" content=\"fr_FR\" \/>\n<meta property=\"og:type\" content=\"article\" \/>\n<meta property=\"og:title\" content=\"Un cocktail festif pour les f\u00eates de fin d\u2019ann\u00e9e\" \/>\n<meta property=\"og:description\" content=\"La p\u00e9riode des f\u00eates de fin d\u2019ann\u00e9e approche \u00e0 grands pas et vous souhaitez c\u00e9l\u00e9brer avec vos collaborateurs ? ALIGRO a tout ce qu\u2019il faut pour organiser un ap\u00e9ro chaleureux et convivial !\" \/>\n<meta property=\"og:url\" content=\"https:\/\/www.aligro.ch\/pages\/fr\/news\/un-cocktail-festif-pour-les-fetes-de-fin-dannee\/\" \/>\n<meta property=\"og:site_name\" content=\"ALIGRO\" \/>\n<meta property=\"article:publisher\" content=\"https:\/\/fb.com\/aligrosuisse\" \/>\n<meta property=\"article:published_time\" content=\"2022-12-01T14:12:27+00:00\" \/>\n<meta property=\"article:modified_time\" content=\"2022-12-01T14:17:56+00:00\" \/>\n<meta property=\"og:image\" content=\"https:\/\/www.aligro.ch\/pages\/wp-content\/uploads\/2022\/12\/BANDEAU_SITE__iStock-1024716010.jpg\" \/>\n\t<meta property=\"og:image:width\" content=\"1920\" \/>\n\t<meta property=\"og:image:height\" content=\"1280\" \/>\n\t<meta property=\"og:image:type\" content=\"image\/jpeg\" \/>\n<meta name=\"author\" content=\"Vincent Lavanchy\" \/>\n<meta name=\"twitter:card\" content=\"summary_large_image\" \/>\n<meta name=\"twitter:label1\" content=\"\u00c9crit par\" \/>\n\t<meta name=\"twitter:data1\" content=\"Vincent Lavanchy\" \/>\n\t<meta name=\"twitter:label2\" content=\"Dur\u00e9e de lecture estim\u00e9e\" \/>\n\t<meta name=\"twitter:data2\" content=\"3 minutes\" \/>\n<script type=\"application\/ld+json\" class=\"yoast-schema-graph\">{\"@context\":\"https:\\\/\\\/schema.org\",\"@graph\":[{\"@type\":\"Article\",\"@id\":\"https:\\\/\\\/www.aligro.ch\\\/pages\\\/fr\\\/news\\\/un-cocktail-festif-pour-les-fetes-de-fin-dannee\\\/#article\",\"isPartOf\":{\"@id\":\"https:\\\/\\\/www.aligro.ch\\\/pages\\\/fr\\\/news\\\/un-cocktail-festif-pour-les-fetes-de-fin-dannee\\\/\"},\"author\":{\"name\":\"Vincent Lavanchy\",\"@id\":\"https:\\\/\\\/www.aligro.ch\\\/pages\\\/#\\\/schema\\\/person\\\/abe4f4a53fec53a8dea10e43adbbe7e3\"},\"headline\":\"Un cocktail festif pour les f\u00eates de fin d\u2019ann\u00e9e\",\"datePublished\":\"2022-12-01T14:12:27+00:00\",\"dateModified\":\"2022-12-01T14:17:56+00:00\",\"mainEntityOfPage\":{\"@id\":\"https:\\\/\\\/www.aligro.ch\\\/pages\\\/fr\\\/news\\\/un-cocktail-festif-pour-les-fetes-de-fin-dannee\\\/\"},\"wordCount\":646,\"publisher\":{\"@id\":\"https:\\\/\\\/www.aligro.ch\\\/pages\\\/#organization\"},\"image\":{\"@id\":\"https:\\\/\\\/www.aligro.ch\\\/pages\\\/fr\\\/news\\\/un-cocktail-festif-pour-les-fetes-de-fin-dannee\\\/#primaryimage\"},\"thumbnailUrl\":\"https:\\\/\\\/www.aligro.ch\\\/pages\\\/wp-content\\\/uploads\\\/2022\\\/12\\\/BANDEAU_SITE__iStock-1024716010.jpg\",\"articleSection\":[\"Autre\"],\"inLanguage\":\"fr-FR\"},{\"@type\":\"WebPage\",\"@id\":\"https:\\\/\\\/www.aligro.ch\\\/pages\\\/fr\\\/news\\\/un-cocktail-festif-pour-les-fetes-de-fin-dannee\\\/\",\"url\":\"https:\\\/\\\/www.aligro.ch\\\/pages\\\/fr\\\/news\\\/un-cocktail-festif-pour-les-fetes-de-fin-dannee\\\/\",\"name\":\"Un cocktail festif pour les f\u00eates de fin d\u2019ann\u00e9e\",\"isPartOf\":{\"@id\":\"https:\\\/\\\/www.aligro.ch\\\/pages\\\/#website\"},\"primaryImageOfPage\":{\"@id\":\"https:\\\/\\\/www.aligro.ch\\\/pages\\\/fr\\\/news\\\/un-cocktail-festif-pour-les-fetes-de-fin-dannee\\\/#primaryimage\"},\"image\":{\"@id\":\"https:\\\/\\\/www.aligro.ch\\\/pages\\\/fr\\\/news\\\/un-cocktail-festif-pour-les-fetes-de-fin-dannee\\\/#primaryimage\"},\"thumbnailUrl\":\"https:\\\/\\\/www.aligro.ch\\\/pages\\\/wp-content\\\/uploads\\\/2022\\\/12\\\/BANDEAU_SITE__iStock-1024716010.jpg\",\"datePublished\":\"2022-12-01T14:12:27+00:00\",\"dateModified\":\"2022-12-01T14:17:56+00:00\",\"description\":\"La p\u00e9riode des f\u00eates de fin d\u2019ann\u00e9e approche \u00e0 grands pas et vous souhaitez c\u00e9l\u00e9brer avec vos collaborateurs ? ALIGRO a tout ce qu\u2019il faut pour organiser un ap\u00e9ro chaleureux et convivial !\",\"breadcrumb\":{\"@id\":\"https:\\\/\\\/www.aligro.ch\\\/pages\\\/fr\\\/news\\\/un-cocktail-festif-pour-les-fetes-de-fin-dannee\\\/#breadcrumb\"},\"inLanguage\":\"fr-FR\",\"potentialAction\":[{\"@type\":\"ReadAction\",\"target\":[\"https:\\\/\\\/www.aligro.ch\\\/pages\\\/fr\\\/news\\\/un-cocktail-festif-pour-les-fetes-de-fin-dannee\\\/\"]}]},{\"@type\":\"ImageObject\",\"inLanguage\":\"fr-FR\",\"@id\":\"https:\\\/\\\/www.aligro.ch\\\/pages\\\/fr\\\/news\\\/un-cocktail-festif-pour-les-fetes-de-fin-dannee\\\/#primaryimage\",\"url\":\"https:\\\/\\\/www.aligro.ch\\\/pages\\\/wp-content\\\/uploads\\\/2022\\\/12\\\/BANDEAU_SITE__iStock-1024716010.jpg\",\"contentUrl\":\"https:\\\/\\\/www.aligro.ch\\\/pages\\\/wp-content\\\/uploads\\\/2022\\\/12\\\/BANDEAU_SITE__iStock-1024716010.jpg\",\"width\":1920,\"height\":1280,\"caption\":\"Group of friends celebrating New Year's eve, everyone enjoy in party dinner, drinking and smiling\"},{\"@type\":\"BreadcrumbList\",\"@id\":\"https:\\\/\\\/www.aligro.ch\\\/pages\\\/fr\\\/news\\\/un-cocktail-festif-pour-les-fetes-de-fin-dannee\\\/#breadcrumb\",\"itemListElement\":[{\"@type\":\"ListItem\",\"position\":1,\"name\":\"Accueil\",\"item\":\"https:\\\/\\\/www.aligro.ch\\\/pages\\\/de\\\/aligro-academy\\\/\"},{\"@type\":\"ListItem\",\"position\":2,\"name\":\"Un cocktail festif pour les f\u00eates de fin d\u2019ann\u00e9e\"}]},{\"@type\":\"WebSite\",\"@id\":\"https:\\\/\\\/www.aligro.ch\\\/pages\\\/#website\",\"url\":\"https:\\\/\\\/www.aligro.ch\\\/pages\\\/\",\"name\":\"ALIGRO\",\"description\":\"Fra\u00eecheur. Qualit\u00e9. Inspiration.\",\"publisher\":{\"@id\":\"https:\\\/\\\/www.aligro.ch\\\/pages\\\/#organization\"},\"potentialAction\":[{\"@type\":\"SearchAction\",\"target\":{\"@type\":\"EntryPoint\",\"urlTemplate\":\"https:\\\/\\\/www.aligro.ch\\\/pages\\\/?s={search_term_string}\"},\"query-input\":{\"@type\":\"PropertyValueSpecification\",\"valueRequired\":true,\"valueName\":\"search_term_string\"}}],\"inLanguage\":\"fr-FR\"},{\"@type\":\"Organization\",\"@id\":\"https:\\\/\\\/www.aligro.ch\\\/pages\\\/#organization\",\"name\":\"ALIGRO\",\"url\":\"https:\\\/\\\/www.aligro.ch\\\/pages\\\/\",\"logo\":{\"@type\":\"ImageObject\",\"inLanguage\":\"fr-FR\",\"@id\":\"https:\\\/\\\/www.aligro.ch\\\/pages\\\/#\\\/schema\\\/logo\\\/image\\\/\",\"url\":\"https:\\\/\\\/www.aligro.ch\\\/pages\\\/wp-content\\\/uploads\\\/2018\\\/10\\\/Logo@4x.png\",\"contentUrl\":\"https:\\\/\\\/www.aligro.ch\\\/pages\\\/wp-content\\\/uploads\\\/2018\\\/10\\\/Logo@4x.png\",\"width\":1831,\"height\":228,\"caption\":\"ALIGRO\"},\"image\":{\"@id\":\"https:\\\/\\\/www.aligro.ch\\\/pages\\\/#\\\/schema\\\/logo\\\/image\\\/\"},\"sameAs\":[\"https:\\\/\\\/fb.com\\\/aligrosuisse\"]},{\"@type\":\"Person\",\"@id\":\"https:\\\/\\\/www.aligro.ch\\\/pages\\\/#\\\/schema\\\/person\\\/abe4f4a53fec53a8dea10e43adbbe7e3\",\"name\":\"Vincent Lavanchy\",\"image\":{\"@type\":\"ImageObject\",\"inLanguage\":\"fr-FR\",\"@id\":\"https:\\\/\\\/secure.gravatar.com\\\/avatar\\\/0c26d4efb7d6ae3d3acfb21cea043eed07c8459ea7780b7c5d9d73543f0c4d2e?s=96&d=mm&r=g\",\"url\":\"https:\\\/\\\/secure.gravatar.com\\\/avatar\\\/0c26d4efb7d6ae3d3acfb21cea043eed07c8459ea7780b7c5d9d73543f0c4d2e?s=96&d=mm&r=g\",\"contentUrl\":\"https:\\\/\\\/secure.gravatar.com\\\/avatar\\\/0c26d4efb7d6ae3d3acfb21cea043eed07c8459ea7780b7c5d9d73543f0c4d2e?s=96&d=mm&r=g\",\"caption\":\"Vincent Lavanchy\"}}]}<\/script>\n<!-- \/ Yoast SEO plugin. -->","yoast_head_json":{"title":"Un cocktail festif pour les f\u00eates de fin d\u2019ann\u00e9e","description":"La p\u00e9riode des f\u00eates de fin d\u2019ann\u00e9e approche \u00e0 grands pas et vous souhaitez c\u00e9l\u00e9brer avec vos collaborateurs ? ALIGRO a tout ce qu\u2019il faut pour organiser un ap\u00e9ro chaleureux et convivial !","robots":{"index":"index","follow":"follow","max-snippet":"max-snippet:-1","max-image-preview":"max-image-preview:large","max-video-preview":"max-video-preview:-1"},"canonical":"https:\/\/www.aligro.ch\/pages\/fr\/news\/un-cocktail-festif-pour-les-fetes-de-fin-dannee\/","og_locale":"fr_FR","og_type":"article","og_title":"Un cocktail festif pour les f\u00eates de fin d\u2019ann\u00e9e","og_description":"La p\u00e9riode des f\u00eates de fin d\u2019ann\u00e9e approche \u00e0 grands pas et vous souhaitez c\u00e9l\u00e9brer avec vos collaborateurs ? ALIGRO a tout ce qu\u2019il faut pour organiser un ap\u00e9ro chaleureux et convivial !","og_url":"https:\/\/www.aligro.ch\/pages\/fr\/news\/un-cocktail-festif-pour-les-fetes-de-fin-dannee\/","og_site_name":"ALIGRO","article_publisher":"https:\/\/fb.com\/aligrosuisse","article_published_time":"2022-12-01T14:12:27+00:00","article_modified_time":"2022-12-01T14:17:56+00:00","og_image":[{"width":1920,"height":1280,"url":"https:\/\/www.aligro.ch\/pages\/wp-content\/uploads\/2022\/12\/BANDEAU_SITE__iStock-1024716010.jpg","type":"image\/jpeg"}],"author":"Vincent Lavanchy","twitter_card":"summary_large_image","twitter_misc":{"\u00c9crit par":"Vincent Lavanchy","Dur\u00e9e de lecture estim\u00e9e":"3 minutes"},"schema":{"@context":"https:\/\/schema.org","@graph":[{"@type":"Article","@id":"https:\/\/www.aligro.ch\/pages\/fr\/news\/un-cocktail-festif-pour-les-fetes-de-fin-dannee\/#article","isPartOf":{"@id":"https:\/\/www.aligro.ch\/pages\/fr\/news\/un-cocktail-festif-pour-les-fetes-de-fin-dannee\/"},"author":{"name":"Vincent Lavanchy","@id":"https:\/\/www.aligro.ch\/pages\/#\/schema\/person\/abe4f4a53fec53a8dea10e43adbbe7e3"},"headline":"Un cocktail festif pour les f\u00eates de fin d\u2019ann\u00e9e","datePublished":"2022-12-01T14:12:27+00:00","dateModified":"2022-12-01T14:17:56+00:00","mainEntityOfPage":{"@id":"https:\/\/www.aligro.ch\/pages\/fr\/news\/un-cocktail-festif-pour-les-fetes-de-fin-dannee\/"},"wordCount":646,"publisher":{"@id":"https:\/\/www.aligro.ch\/pages\/#organization"},"image":{"@id":"https:\/\/www.aligro.ch\/pages\/fr\/news\/un-cocktail-festif-pour-les-fetes-de-fin-dannee\/#primaryimage"},"thumbnailUrl":"https:\/\/www.aligro.ch\/pages\/wp-content\/uploads\/2022\/12\/BANDEAU_SITE__iStock-1024716010.jpg","articleSection":["Autre"],"inLanguage":"fr-FR"},{"@type":"WebPage","@id":"https:\/\/www.aligro.ch\/pages\/fr\/news\/un-cocktail-festif-pour-les-fetes-de-fin-dannee\/","url":"https:\/\/www.aligro.ch\/pages\/fr\/news\/un-cocktail-festif-pour-les-fetes-de-fin-dannee\/","name":"Un cocktail festif pour les f\u00eates de fin d\u2019ann\u00e9e","isPartOf":{"@id":"https:\/\/www.aligro.ch\/pages\/#website"},"primaryImageOfPage":{"@id":"https:\/\/www.aligro.ch\/pages\/fr\/news\/un-cocktail-festif-pour-les-fetes-de-fin-dannee\/#primaryimage"},"image":{"@id":"https:\/\/www.aligro.ch\/pages\/fr\/news\/un-cocktail-festif-pour-les-fetes-de-fin-dannee\/#primaryimage"},"thumbnailUrl":"https:\/\/www.aligro.ch\/pages\/wp-content\/uploads\/2022\/12\/BANDEAU_SITE__iStock-1024716010.jpg","datePublished":"2022-12-01T14:12:27+00:00","dateModified":"2022-12-01T14:17:56+00:00","description":"La p\u00e9riode des f\u00eates de fin d\u2019ann\u00e9e approche \u00e0 grands pas et vous souhaitez c\u00e9l\u00e9brer avec vos collaborateurs ? ALIGRO a tout ce qu\u2019il faut pour organiser un ap\u00e9ro chaleureux et convivial !","breadcrumb":{"@id":"https:\/\/www.aligro.ch\/pages\/fr\/news\/un-cocktail-festif-pour-les-fetes-de-fin-dannee\/#breadcrumb"},"inLanguage":"fr-FR","potentialAction":[{"@type":"ReadAction","target":["https:\/\/www.aligro.ch\/pages\/fr\/news\/un-cocktail-festif-pour-les-fetes-de-fin-dannee\/"]}]},{"@type":"ImageObject","inLanguage":"fr-FR","@id":"https:\/\/www.aligro.ch\/pages\/fr\/news\/un-cocktail-festif-pour-les-fetes-de-fin-dannee\/#primaryimage","url":"https:\/\/www.aligro.ch\/pages\/wp-content\/uploads\/2022\/12\/BANDEAU_SITE__iStock-1024716010.jpg","contentUrl":"https:\/\/www.aligro.ch\/pages\/wp-content\/uploads\/2022\/12\/BANDEAU_SITE__iStock-1024716010.jpg","width":1920,"height":1280,"caption":"Group of friends celebrating New Year's eve, everyone enjoy in party dinner, drinking and smiling"},{"@type":"BreadcrumbList","@id":"https:\/\/www.aligro.ch\/pages\/fr\/news\/un-cocktail-festif-pour-les-fetes-de-fin-dannee\/#breadcrumb","itemListElement":[{"@type":"ListItem","position":1,"name":"Accueil","item":"https:\/\/www.aligro.ch\/pages\/de\/aligro-academy\/"},{"@type":"ListItem","position":2,"name":"Un cocktail festif pour les f\u00eates de fin d\u2019ann\u00e9e"}]},{"@type":"WebSite","@id":"https:\/\/www.aligro.ch\/pages\/#website","url":"https:\/\/www.aligro.ch\/pages\/","name":"ALIGRO","description":"Fra\u00eecheur. Qualit\u00e9. Inspiration.","publisher":{"@id":"https:\/\/www.aligro.ch\/pages\/#organization"},"potentialAction":[{"@type":"SearchAction","target":{"@type":"EntryPoint","urlTemplate":"https:\/\/www.aligro.ch\/pages\/?s={search_term_string}"},"query-input":{"@type":"PropertyValueSpecification","valueRequired":true,"valueName":"search_term_string"}}],"inLanguage":"fr-FR"},{"@type":"Organization","@id":"https:\/\/www.aligro.ch\/pages\/#organization","name":"ALIGRO","url":"https:\/\/www.aligro.ch\/pages\/","logo":{"@type":"ImageObject","inLanguage":"fr-FR","@id":"https:\/\/www.aligro.ch\/pages\/#\/schema\/logo\/image\/","url":"https:\/\/www.aligro.ch\/pages\/wp-content\/uploads\/2018\/10\/Logo@4x.png","contentUrl":"https:\/\/www.aligro.ch\/pages\/wp-content\/uploads\/2018\/10\/Logo@4x.png","width":1831,"height":228,"caption":"ALIGRO"},"image":{"@id":"https:\/\/www.aligro.ch\/pages\/#\/schema\/logo\/image\/"},"sameAs":["https:\/\/fb.com\/aligrosuisse"]},{"@type":"Person","@id":"https:\/\/www.aligro.ch\/pages\/#\/schema\/person\/abe4f4a53fec53a8dea10e43adbbe7e3","name":"Vincent Lavanchy","image":{"@type":"ImageObject","inLanguage":"fr-FR","@id":"https:\/\/secure.gravatar.com\/avatar\/0c26d4efb7d6ae3d3acfb21cea043eed07c8459ea7780b7c5d9d73543f0c4d2e?s=96&d=mm&r=g","url":"https:\/\/secure.gravatar.com\/avatar\/0c26d4efb7d6ae3d3acfb21cea043eed07c8459ea7780b7c5d9d73543f0c4d2e?s=96&d=mm&r=g","contentUrl":"https:\/\/secure.gravatar.com\/avatar\/0c26d4efb7d6ae3d3acfb21cea043eed07c8459ea7780b7c5d9d73543f0c4d2e?s=96&d=mm&r=g","caption":"Vincent Lavanchy"}}]}},"_links":{"self":[{"href":"https:\/\/www.aligro.ch\/pages\/wp-json\/wp\/v2\/posts\/59180","targetHints":{"allow":["GET"]}}],"collection":[{"href":"https:\/\/www.aligro.ch\/pages\/wp-json\/wp\/v2\/posts"}],"about":[{"href":"https:\/\/www.aligro.ch\/pages\/wp-json\/wp\/v2\/types\/post"}],"author":[{"embeddable":true,"href":"https:\/\/www.aligro.ch\/pages\/wp-json\/wp\/v2\/users\/9"}],"replies":[{"embeddable":true,"href":"https:\/\/www.aligro.ch\/pages\/wp-json\/wp\/v2\/comments?post=59180"}],"version-history":[{"count":5,"href":"https:\/\/www.aligro.ch\/pages\/wp-json\/wp\/v2\/posts\/59180\/revisions"}],"predecessor-version":[{"id":59209,"href":"https:\/\/www.aligro.ch\/pages\/wp-json\/wp\/v2\/posts\/59180\/revisions\/59209"}],"wp:featuredmedia":[{"embeddable":true,"href":"https:\/\/www.aligro.ch\/pages\/wp-json\/wp\/v2\/media\/59187"}],"wp:attachment":[{"href":"https:\/\/www.aligro.ch\/pages\/wp-json\/wp\/v2\/media?parent=59180"}],"wp:term":[{"taxonomy":"category","embeddable":true,"href":"https:\/\/www.aligro.ch\/pages\/wp-json\/wp\/v2\/categories?post=59180"},{"taxonomy":"post_tag","embeddable":true,"href":"https:\/\/www.aligro.ch\/pages\/wp-json\/wp\/v2\/tags?post=59180"}],"curies":[{"name":"wp","href":"https:\/\/api.w.org\/{rel}","templated":true}]}}