{"id":59089,"date":"2022-11-29T08:45:28","date_gmt":"2022-11-29T07:45:28","guid":{"rendered":"https:\/\/www.aligro.ch\/pages\/?p=59089"},"modified":"2022-11-29T08:45:28","modified_gmt":"2022-11-29T07:45:28","slug":"bringen-sie-meeresstimmung-in-ihre-festtagsmenues","status":"publish","type":"post","link":"https:\/\/www.aligro.ch\/pages\/de\/news\/bringen-sie-meeresstimmung-in-ihre-festtagsmenues\/","title":{"rendered":"Bringen Sie Meeresstimmung in Ihre Festtagsmen\u00fcs"},"content":{"rendered":"<div class=\"wpb-content-wrapper\"><p>[vc_row][vc_column][vc_column_text]<strong>Damit die Kunden die ganze Frische des Meeres in ihre Festtagsmen\u00fcs einbringen k\u00f6nnen, bietet ALIGRO\u2019s Fischabteilung eine Vielzahl von Meeresprodukten an, die sich sowohl f\u00fcr die kreativsten als auch f\u00fcr die klassischsten Gerichte eignen. Vom 5. Bis 10. Dezember bietet das Sortiment Aktionen auf Fischprodukten.<\/strong><\/p>\n<p>Wie w\u00e4re es, wenn Sie sich f\u00fcr das Festtagsmen\u00fc von Meeresprodukten verf\u00fchren lassen? In der ALIGRO-Fischabteilung gibt es verschiedene Fischsorten wie Lachs, Rotbarsch, Thunfisch, Kabeljaufilet Royal, Dunkles Seelachsfilet Royal, sowie Meeresfr\u00fcchte und Kaviar. So kommt ein bisschen Jod in die Mahlzeit!<\/p>\n<p>In den grossen ALIGRO-Fischabteilungen (Bern, Rapperswil-Jona, Sargans, Schlieren und Br\u00fcttisellen) sind auch viele andere Produkte erh\u00e4ltlich: Hummer und Langusten, Krebse, Taschenkrebse, zahlreiche Austernsorten, Muscheln, Vongole und vieles mehr! Z\u00f6gern Sie nicht, bei Gelegenheit einen Blick hinein zu werfen, das Fachpersonal freut sich auf Ihren Besuch.<\/p>\n<p>Die Getr\u00e4nkeabteilung bietet eine grosse Auswahl an Champagner, Schaumweine und Weissweine an, die perfekt zu den Meeresprodukten passen.<\/p>\n<p>Den Mitarbeitenden der Fischabteilungen, die alle Experten sind, ist es wichtig, dass die Kunden Spass daran haben, in ihre Abteilung zu kommen, um ihre Produkte auszuw\u00e4hlen. Die Fischh\u00e4ndler stehen den Kunden f\u00fcr Fragen und Beratung gerne zur Verf\u00fcgung.[\/vc_column_text][\/vc_column][\/vc_row]<\/p>\n<\/div>","protected":false},"excerpt":{"rendered":"<p>[vc_row][vc_column][vc_column_text]Damit die Kunden die ganze Frische des Meeres in ihre Festtagsmen\u00fcs einbringen k\u00f6nnen, bietet ALIGRO\u2019s Fischabteilung eine Vielzahl<a class=\"moretag\" href=\"https:\/\/www.aligro.ch\/pages\/de\/news\/bringen-sie-meeresstimmung-in-ihre-festtagsmenues\/\"> &#8230;<\/a><\/p>\n","protected":false},"author":9,"featured_media":59093,"comment_status":"closed","ping_status":"closed","sticky":false,"template":"","format":"standard","meta":{"_acf_changed":false,"footnotes":""},"categories":[7],"tags":[],"class_list":["post-59089","post","type-post","status-publish","format-standard","has-post-thumbnail","hentry","category-andere"],"acf":[],"yoast_head":"<!-- This site is optimized with the Yoast SEO plugin v27.4 - https:\/\/yoast.com\/product\/yoast-seo-wordpress\/ -->\n<title>Bringen Sie Meeresstimmung in Ihre Festtagsmen\u00fcs<\/title>\n<meta name=\"description\" content=\"Damit die Kunden die ganze Frische des Meeres in ihre Festtagsmen\u00fcs einbringen k\u00f6nnen, bietet ALIGRO\u2019s Fischabteilung eine Vielzahl von Meeresprodukten an. Einige davon sind vom 5. bis 10. Dezember in Aktion.\" \/>\n<meta name=\"robots\" content=\"index, follow, max-snippet:-1, max-image-preview:large, max-video-preview:-1\" \/>\n<link rel=\"canonical\" href=\"https:\/\/www.aligro.ch\/pages\/de\/news\/bringen-sie-meeresstimmung-in-ihre-festtagsmenues\/\" \/>\n<meta property=\"og:locale\" content=\"fr_FR\" \/>\n<meta property=\"og:type\" content=\"article\" \/>\n<meta property=\"og:title\" content=\"Bringen Sie Meeresstimmung in Ihre Festtagsmen\u00fcs\" \/>\n<meta property=\"og:description\" content=\"Damit die Kunden die ganze Frische des Meeres in ihre Festtagsmen\u00fcs einbringen k\u00f6nnen, bietet ALIGRO\u2019s Fischabteilung eine Vielzahl von Meeresprodukten an. Einige davon sind vom 5. bis 10. Dezember in Aktion.\" \/>\n<meta property=\"og:url\" content=\"https:\/\/www.aligro.ch\/pages\/de\/news\/bringen-sie-meeresstimmung-in-ihre-festtagsmenues\/\" \/>\n<meta property=\"og:site_name\" content=\"ALIGRO\" \/>\n<meta property=\"article:publisher\" content=\"https:\/\/fb.com\/aligrosuisse\" \/>\n<meta property=\"article:published_time\" content=\"2022-11-29T07:45:28+00:00\" \/>\n<meta property=\"og:image\" content=\"https:\/\/www.aligro.ch\/pages\/wp-content\/uploads\/2022\/11\/DCH_iStock-478663945.jpg\" \/>\n\t<meta property=\"og:image:width\" content=\"1920\" \/>\n\t<meta property=\"og:image:height\" content=\"1280\" \/>\n\t<meta property=\"og:image:type\" content=\"image\/jpeg\" \/>\n<meta name=\"author\" content=\"Vincent Lavanchy\" \/>\n<meta name=\"twitter:card\" content=\"summary_large_image\" \/>\n<meta name=\"twitter:label1\" content=\"\u00c9crit par\" \/>\n\t<meta name=\"twitter:data1\" content=\"Vincent Lavanchy\" \/>\n\t<meta name=\"twitter:label2\" content=\"Dur\u00e9e de lecture estim\u00e9e\" \/>\n\t<meta name=\"twitter:data2\" content=\"1 minute\" \/>\n<script type=\"application\/ld+json\" class=\"yoast-schema-graph\">{\"@context\":\"https:\\\/\\\/schema.org\",\"@graph\":[{\"@type\":\"Article\",\"@id\":\"https:\\\/\\\/www.aligro.ch\\\/pages\\\/de\\\/news\\\/bringen-sie-meeresstimmung-in-ihre-festtagsmenues\\\/#article\",\"isPartOf\":{\"@id\":\"https:\\\/\\\/www.aligro.ch\\\/pages\\\/de\\\/news\\\/bringen-sie-meeresstimmung-in-ihre-festtagsmenues\\\/\"},\"author\":{\"name\":\"Vincent Lavanchy\",\"@id\":\"https:\\\/\\\/www.aligro.ch\\\/pages\\\/#\\\/schema\\\/person\\\/abe4f4a53fec53a8dea10e43adbbe7e3\"},\"headline\":\"Bringen Sie Meeresstimmung in Ihre Festtagsmen\u00fcs\",\"datePublished\":\"2022-11-29T07:45:28+00:00\",\"mainEntityOfPage\":{\"@id\":\"https:\\\/\\\/www.aligro.ch\\\/pages\\\/de\\\/news\\\/bringen-sie-meeresstimmung-in-ihre-festtagsmenues\\\/\"},\"wordCount\":223,\"publisher\":{\"@id\":\"https:\\\/\\\/www.aligro.ch\\\/pages\\\/#organization\"},\"image\":{\"@id\":\"https:\\\/\\\/www.aligro.ch\\\/pages\\\/de\\\/news\\\/bringen-sie-meeresstimmung-in-ihre-festtagsmenues\\\/#primaryimage\"},\"thumbnailUrl\":\"https:\\\/\\\/www.aligro.ch\\\/pages\\\/wp-content\\\/uploads\\\/2022\\\/11\\\/DCH_iStock-478663945.jpg\",\"articleSection\":[\"Andere\"],\"inLanguage\":\"fr-FR\"},{\"@type\":\"WebPage\",\"@id\":\"https:\\\/\\\/www.aligro.ch\\\/pages\\\/de\\\/news\\\/bringen-sie-meeresstimmung-in-ihre-festtagsmenues\\\/\",\"url\":\"https:\\\/\\\/www.aligro.ch\\\/pages\\\/de\\\/news\\\/bringen-sie-meeresstimmung-in-ihre-festtagsmenues\\\/\",\"name\":\"Bringen Sie Meeresstimmung in Ihre Festtagsmen\u00fcs\",\"isPartOf\":{\"@id\":\"https:\\\/\\\/www.aligro.ch\\\/pages\\\/#website\"},\"primaryImageOfPage\":{\"@id\":\"https:\\\/\\\/www.aligro.ch\\\/pages\\\/de\\\/news\\\/bringen-sie-meeresstimmung-in-ihre-festtagsmenues\\\/#primaryimage\"},\"image\":{\"@id\":\"https:\\\/\\\/www.aligro.ch\\\/pages\\\/de\\\/news\\\/bringen-sie-meeresstimmung-in-ihre-festtagsmenues\\\/#primaryimage\"},\"thumbnailUrl\":\"https:\\\/\\\/www.aligro.ch\\\/pages\\\/wp-content\\\/uploads\\\/2022\\\/11\\\/DCH_iStock-478663945.jpg\",\"datePublished\":\"2022-11-29T07:45:28+00:00\",\"description\":\"Damit die Kunden die ganze Frische des Meeres in ihre Festtagsmen\u00fcs einbringen k\u00f6nnen, bietet ALIGRO\u2019s Fischabteilung eine Vielzahl von Meeresprodukten an. Einige davon sind vom 5. bis 10. Dezember in Aktion.\",\"breadcrumb\":{\"@id\":\"https:\\\/\\\/www.aligro.ch\\\/pages\\\/de\\\/news\\\/bringen-sie-meeresstimmung-in-ihre-festtagsmenues\\\/#breadcrumb\"},\"inLanguage\":\"fr-FR\",\"potentialAction\":[{\"@type\":\"ReadAction\",\"target\":[\"https:\\\/\\\/www.aligro.ch\\\/pages\\\/de\\\/news\\\/bringen-sie-meeresstimmung-in-ihre-festtagsmenues\\\/\"]}]},{\"@type\":\"ImageObject\",\"inLanguage\":\"fr-FR\",\"@id\":\"https:\\\/\\\/www.aligro.ch\\\/pages\\\/de\\\/news\\\/bringen-sie-meeresstimmung-in-ihre-festtagsmenues\\\/#primaryimage\",\"url\":\"https:\\\/\\\/www.aligro.ch\\\/pages\\\/wp-content\\\/uploads\\\/2022\\\/11\\\/DCH_iStock-478663945.jpg\",\"contentUrl\":\"https:\\\/\\\/www.aligro.ch\\\/pages\\\/wp-content\\\/uploads\\\/2022\\\/11\\\/DCH_iStock-478663945.jpg\",\"width\":1920,\"height\":1280,\"caption\":\"Seafood on ice at the fish market\"},{\"@type\":\"BreadcrumbList\",\"@id\":\"https:\\\/\\\/www.aligro.ch\\\/pages\\\/de\\\/news\\\/bringen-sie-meeresstimmung-in-ihre-festtagsmenues\\\/#breadcrumb\",\"itemListElement\":[{\"@type\":\"ListItem\",\"position\":1,\"name\":\"Accueil\",\"item\":\"https:\\\/\\\/www.aligro.ch\\\/pages\\\/de\\\/aligro-academy\\\/\"},{\"@type\":\"ListItem\",\"position\":2,\"name\":\"Bringen Sie Meeresstimmung in Ihre Festtagsmen\u00fcs\"}]},{\"@type\":\"WebSite\",\"@id\":\"https:\\\/\\\/www.aligro.ch\\\/pages\\\/#website\",\"url\":\"https:\\\/\\\/www.aligro.ch\\\/pages\\\/\",\"name\":\"ALIGRO\",\"description\":\"Fra\u00eecheur. Qualit\u00e9. Inspiration.\",\"publisher\":{\"@id\":\"https:\\\/\\\/www.aligro.ch\\\/pages\\\/#organization\"},\"potentialAction\":[{\"@type\":\"SearchAction\",\"target\":{\"@type\":\"EntryPoint\",\"urlTemplate\":\"https:\\\/\\\/www.aligro.ch\\\/pages\\\/?s={search_term_string}\"},\"query-input\":{\"@type\":\"PropertyValueSpecification\",\"valueRequired\":true,\"valueName\":\"search_term_string\"}}],\"inLanguage\":\"fr-FR\"},{\"@type\":\"Organization\",\"@id\":\"https:\\\/\\\/www.aligro.ch\\\/pages\\\/#organization\",\"name\":\"ALIGRO\",\"url\":\"https:\\\/\\\/www.aligro.ch\\\/pages\\\/\",\"logo\":{\"@type\":\"ImageObject\",\"inLanguage\":\"fr-FR\",\"@id\":\"https:\\\/\\\/www.aligro.ch\\\/pages\\\/#\\\/schema\\\/logo\\\/image\\\/\",\"url\":\"https:\\\/\\\/www.aligro.ch\\\/pages\\\/wp-content\\\/uploads\\\/2018\\\/10\\\/Logo@4x.png\",\"contentUrl\":\"https:\\\/\\\/www.aligro.ch\\\/pages\\\/wp-content\\\/uploads\\\/2018\\\/10\\\/Logo@4x.png\",\"width\":1831,\"height\":228,\"caption\":\"ALIGRO\"},\"image\":{\"@id\":\"https:\\\/\\\/www.aligro.ch\\\/pages\\\/#\\\/schema\\\/logo\\\/image\\\/\"},\"sameAs\":[\"https:\\\/\\\/fb.com\\\/aligrosuisse\"]},{\"@type\":\"Person\",\"@id\":\"https:\\\/\\\/www.aligro.ch\\\/pages\\\/#\\\/schema\\\/person\\\/abe4f4a53fec53a8dea10e43adbbe7e3\",\"name\":\"Vincent Lavanchy\",\"image\":{\"@type\":\"ImageObject\",\"inLanguage\":\"fr-FR\",\"@id\":\"https:\\\/\\\/secure.gravatar.com\\\/avatar\\\/0c26d4efb7d6ae3d3acfb21cea043eed07c8459ea7780b7c5d9d73543f0c4d2e?s=96&d=mm&r=g\",\"url\":\"https:\\\/\\\/secure.gravatar.com\\\/avatar\\\/0c26d4efb7d6ae3d3acfb21cea043eed07c8459ea7780b7c5d9d73543f0c4d2e?s=96&d=mm&r=g\",\"contentUrl\":\"https:\\\/\\\/secure.gravatar.com\\\/avatar\\\/0c26d4efb7d6ae3d3acfb21cea043eed07c8459ea7780b7c5d9d73543f0c4d2e?s=96&d=mm&r=g\",\"caption\":\"Vincent Lavanchy\"}}]}<\/script>\n<!-- \/ Yoast SEO plugin. -->","yoast_head_json":{"title":"Bringen Sie Meeresstimmung in Ihre Festtagsmen\u00fcs","description":"Damit die Kunden die ganze Frische des Meeres in ihre Festtagsmen\u00fcs einbringen k\u00f6nnen, bietet ALIGRO\u2019s Fischabteilung eine Vielzahl von Meeresprodukten an. Einige davon sind vom 5. bis 10. Dezember in Aktion.","robots":{"index":"index","follow":"follow","max-snippet":"max-snippet:-1","max-image-preview":"max-image-preview:large","max-video-preview":"max-video-preview:-1"},"canonical":"https:\/\/www.aligro.ch\/pages\/de\/news\/bringen-sie-meeresstimmung-in-ihre-festtagsmenues\/","og_locale":"fr_FR","og_type":"article","og_title":"Bringen Sie Meeresstimmung in Ihre Festtagsmen\u00fcs","og_description":"Damit die Kunden die ganze Frische des Meeres in ihre Festtagsmen\u00fcs einbringen k\u00f6nnen, bietet ALIGRO\u2019s Fischabteilung eine Vielzahl von Meeresprodukten an. Einige davon sind vom 5. bis 10. Dezember in Aktion.","og_url":"https:\/\/www.aligro.ch\/pages\/de\/news\/bringen-sie-meeresstimmung-in-ihre-festtagsmenues\/","og_site_name":"ALIGRO","article_publisher":"https:\/\/fb.com\/aligrosuisse","article_published_time":"2022-11-29T07:45:28+00:00","og_image":[{"width":1920,"height":1280,"url":"https:\/\/www.aligro.ch\/pages\/wp-content\/uploads\/2022\/11\/DCH_iStock-478663945.jpg","type":"image\/jpeg"}],"author":"Vincent Lavanchy","twitter_card":"summary_large_image","twitter_misc":{"\u00c9crit par":"Vincent Lavanchy","Dur\u00e9e de lecture estim\u00e9e":"1 minute"},"schema":{"@context":"https:\/\/schema.org","@graph":[{"@type":"Article","@id":"https:\/\/www.aligro.ch\/pages\/de\/news\/bringen-sie-meeresstimmung-in-ihre-festtagsmenues\/#article","isPartOf":{"@id":"https:\/\/www.aligro.ch\/pages\/de\/news\/bringen-sie-meeresstimmung-in-ihre-festtagsmenues\/"},"author":{"name":"Vincent Lavanchy","@id":"https:\/\/www.aligro.ch\/pages\/#\/schema\/person\/abe4f4a53fec53a8dea10e43adbbe7e3"},"headline":"Bringen Sie Meeresstimmung in Ihre Festtagsmen\u00fcs","datePublished":"2022-11-29T07:45:28+00:00","mainEntityOfPage":{"@id":"https:\/\/www.aligro.ch\/pages\/de\/news\/bringen-sie-meeresstimmung-in-ihre-festtagsmenues\/"},"wordCount":223,"publisher":{"@id":"https:\/\/www.aligro.ch\/pages\/#organization"},"image":{"@id":"https:\/\/www.aligro.ch\/pages\/de\/news\/bringen-sie-meeresstimmung-in-ihre-festtagsmenues\/#primaryimage"},"thumbnailUrl":"https:\/\/www.aligro.ch\/pages\/wp-content\/uploads\/2022\/11\/DCH_iStock-478663945.jpg","articleSection":["Andere"],"inLanguage":"fr-FR"},{"@type":"WebPage","@id":"https:\/\/www.aligro.ch\/pages\/de\/news\/bringen-sie-meeresstimmung-in-ihre-festtagsmenues\/","url":"https:\/\/www.aligro.ch\/pages\/de\/news\/bringen-sie-meeresstimmung-in-ihre-festtagsmenues\/","name":"Bringen Sie Meeresstimmung in Ihre Festtagsmen\u00fcs","isPartOf":{"@id":"https:\/\/www.aligro.ch\/pages\/#website"},"primaryImageOfPage":{"@id":"https:\/\/www.aligro.ch\/pages\/de\/news\/bringen-sie-meeresstimmung-in-ihre-festtagsmenues\/#primaryimage"},"image":{"@id":"https:\/\/www.aligro.ch\/pages\/de\/news\/bringen-sie-meeresstimmung-in-ihre-festtagsmenues\/#primaryimage"},"thumbnailUrl":"https:\/\/www.aligro.ch\/pages\/wp-content\/uploads\/2022\/11\/DCH_iStock-478663945.jpg","datePublished":"2022-11-29T07:45:28+00:00","description":"Damit die Kunden die ganze Frische des Meeres in ihre Festtagsmen\u00fcs einbringen k\u00f6nnen, bietet ALIGRO\u2019s Fischabteilung eine Vielzahl von Meeresprodukten an. Einige davon sind vom 5. bis 10. Dezember in Aktion.","breadcrumb":{"@id":"https:\/\/www.aligro.ch\/pages\/de\/news\/bringen-sie-meeresstimmung-in-ihre-festtagsmenues\/#breadcrumb"},"inLanguage":"fr-FR","potentialAction":[{"@type":"ReadAction","target":["https:\/\/www.aligro.ch\/pages\/de\/news\/bringen-sie-meeresstimmung-in-ihre-festtagsmenues\/"]}]},{"@type":"ImageObject","inLanguage":"fr-FR","@id":"https:\/\/www.aligro.ch\/pages\/de\/news\/bringen-sie-meeresstimmung-in-ihre-festtagsmenues\/#primaryimage","url":"https:\/\/www.aligro.ch\/pages\/wp-content\/uploads\/2022\/11\/DCH_iStock-478663945.jpg","contentUrl":"https:\/\/www.aligro.ch\/pages\/wp-content\/uploads\/2022\/11\/DCH_iStock-478663945.jpg","width":1920,"height":1280,"caption":"Seafood on ice at the fish market"},{"@type":"BreadcrumbList","@id":"https:\/\/www.aligro.ch\/pages\/de\/news\/bringen-sie-meeresstimmung-in-ihre-festtagsmenues\/#breadcrumb","itemListElement":[{"@type":"ListItem","position":1,"name":"Accueil","item":"https:\/\/www.aligro.ch\/pages\/de\/aligro-academy\/"},{"@type":"ListItem","position":2,"name":"Bringen Sie Meeresstimmung in Ihre Festtagsmen\u00fcs"}]},{"@type":"WebSite","@id":"https:\/\/www.aligro.ch\/pages\/#website","url":"https:\/\/www.aligro.ch\/pages\/","name":"ALIGRO","description":"Fra\u00eecheur. Qualit\u00e9. Inspiration.","publisher":{"@id":"https:\/\/www.aligro.ch\/pages\/#organization"},"potentialAction":[{"@type":"SearchAction","target":{"@type":"EntryPoint","urlTemplate":"https:\/\/www.aligro.ch\/pages\/?s={search_term_string}"},"query-input":{"@type":"PropertyValueSpecification","valueRequired":true,"valueName":"search_term_string"}}],"inLanguage":"fr-FR"},{"@type":"Organization","@id":"https:\/\/www.aligro.ch\/pages\/#organization","name":"ALIGRO","url":"https:\/\/www.aligro.ch\/pages\/","logo":{"@type":"ImageObject","inLanguage":"fr-FR","@id":"https:\/\/www.aligro.ch\/pages\/#\/schema\/logo\/image\/","url":"https:\/\/www.aligro.ch\/pages\/wp-content\/uploads\/2018\/10\/Logo@4x.png","contentUrl":"https:\/\/www.aligro.ch\/pages\/wp-content\/uploads\/2018\/10\/Logo@4x.png","width":1831,"height":228,"caption":"ALIGRO"},"image":{"@id":"https:\/\/www.aligro.ch\/pages\/#\/schema\/logo\/image\/"},"sameAs":["https:\/\/fb.com\/aligrosuisse"]},{"@type":"Person","@id":"https:\/\/www.aligro.ch\/pages\/#\/schema\/person\/abe4f4a53fec53a8dea10e43adbbe7e3","name":"Vincent Lavanchy","image":{"@type":"ImageObject","inLanguage":"fr-FR","@id":"https:\/\/secure.gravatar.com\/avatar\/0c26d4efb7d6ae3d3acfb21cea043eed07c8459ea7780b7c5d9d73543f0c4d2e?s=96&d=mm&r=g","url":"https:\/\/secure.gravatar.com\/avatar\/0c26d4efb7d6ae3d3acfb21cea043eed07c8459ea7780b7c5d9d73543f0c4d2e?s=96&d=mm&r=g","contentUrl":"https:\/\/secure.gravatar.com\/avatar\/0c26d4efb7d6ae3d3acfb21cea043eed07c8459ea7780b7c5d9d73543f0c4d2e?s=96&d=mm&r=g","caption":"Vincent Lavanchy"}}]}},"_links":{"self":[{"href":"https:\/\/www.aligro.ch\/pages\/wp-json\/wp\/v2\/posts\/59089","targetHints":{"allow":["GET"]}}],"collection":[{"href":"https:\/\/www.aligro.ch\/pages\/wp-json\/wp\/v2\/posts"}],"about":[{"href":"https:\/\/www.aligro.ch\/pages\/wp-json\/wp\/v2\/types\/post"}],"author":[{"embeddable":true,"href":"https:\/\/www.aligro.ch\/pages\/wp-json\/wp\/v2\/users\/9"}],"replies":[{"embeddable":true,"href":"https:\/\/www.aligro.ch\/pages\/wp-json\/wp\/v2\/comments?post=59089"}],"version-history":[{"count":1,"href":"https:\/\/www.aligro.ch\/pages\/wp-json\/wp\/v2\/posts\/59089\/revisions"}],"predecessor-version":[{"id":59094,"href":"https:\/\/www.aligro.ch\/pages\/wp-json\/wp\/v2\/posts\/59089\/revisions\/59094"}],"wp:featuredmedia":[{"embeddable":true,"href":"https:\/\/www.aligro.ch\/pages\/wp-json\/wp\/v2\/media\/59093"}],"wp:attachment":[{"href":"https:\/\/www.aligro.ch\/pages\/wp-json\/wp\/v2\/media?parent=59089"}],"wp:term":[{"taxonomy":"category","embeddable":true,"href":"https:\/\/www.aligro.ch\/pages\/wp-json\/wp\/v2\/categories?post=59089"},{"taxonomy":"post_tag","embeddable":true,"href":"https:\/\/www.aligro.ch\/pages\/wp-json\/wp\/v2\/tags?post=59089"}],"curies":[{"name":"wp","href":"https:\/\/api.w.org\/{rel}","templated":true}]}}