{"id":59088,"date":"2022-11-29T08:45:17","date_gmt":"2022-11-29T07:45:17","guid":{"rendered":"https:\/\/www.aligro.ch\/pages\/?p=59088"},"modified":"2022-11-29T08:45:17","modified_gmt":"2022-11-29T07:45:17","slug":"invitez-la-mer-dans-vos-menus-de-fin-dannee","status":"publish","type":"post","link":"https:\/\/www.aligro.ch\/pages\/fr\/news\/invitez-la-mer-dans-vos-menus-de-fin-dannee\/","title":{"rendered":"Invitez la mer dans vos menus de fin d\u2019ann\u00e9e"},"content":{"rendered":"<div class=\"wpb-content-wrapper\"><p>[vc_row][vc_column][vc_column_text]<strong>Pour permettre aux clients d\u2019amener toute la fra\u00eecheur de la mer dans leurs menus de fin d\u2019ann\u00e9e, la poissonnerie d\u2019ALIGRO propose des actions sur son assortiment de poissons du 5 au 10 d\u00e9cembre et offre \u00e9galement une vari\u00e9t\u00e9 incomparable de crustac\u00e9s et de coquillages \u2013 parfaits pour les menus les plus cr\u00e9atifs comme les plus classiques \u2013 dont des actions sur les hu\u00eetres jusqu\u2019\u00e0 la fin de l\u2019ann\u00e9e.<\/strong><\/p>\n<p><strong>Produits nobles \u00e0 l\u2019honneur pour un ap\u00e9ritif festif<\/strong><\/p>\n<p>Et si vous ajoutiez des hu\u00eetres\u00a0au menu de fin d\u2019ann\u00e9e ? Du 5 au 31 d\u00e9cembre, les clients profitent d\u2019actions sur les hu\u00eetres longues fra\u00eeches de l\u2019Atlantique, les hu\u00eetres Cancale du Mont St-Michel ainsi que sur les hu\u00eetres Marennes d\u2019Ol\u00e9ron. On trouve \u00e9galement diff\u00e9rentes sortes de Caviar ainsi que du saumon fum\u00e9 en action. De quoi ajouter un peu d\u2019iode au menu\u00a0!<\/p>\n<p>Le rayon boissons offre une vari\u00e9t\u00e9 importante de champagnes, mousseux et vins blancs qui se marieront parfaitement avec les produits marins.<\/p>\n<p>J\u00e9r\u00f4me Ranieri, responsable de la poissonnerie du march\u00e9 de Chavannes et sp\u00e9cialiste en production aquacole, propose m\u00eame d\u2019oser les hu\u00eetres cuites\u00a0: \u00ab\u00a0Pour sortir de l\u2019ordinaire, je conseille de les manger cuites au four avec du champagne, une fine tranche de gruy\u00e8re vieux ou des l\u00e9gumes en julienne.\u00a0\u00bb<\/p>\n<p><strong>Un tr\u00e8s grand choix de produits de la mer<\/strong><\/p>\n<p>La poissonnerie d\u2019ALIGRO propose aux clients un choix in\u00e9gal\u00e9. On y trouve une multitude de crustac\u00e9s, allant des crevettes aux tourteaux en passant par les homards et les langoustines. Les coquillages ne sont pas en reste\u00a0: couteaux, amandes de mer, boulots, clams, noix de St-Jacques, palourdes ou encore vongoles (et bien plus\u00a0!), il y en a pour tous les go\u00fbts et tous les plats.<\/p>\n<p>Plusieurs crit\u00e8res entrent dans le choix de ces coquillages, explique J\u00e9r\u00f4me Ranieri, comme par exemple la salinit\u00e9, la taille, le lieu du bassin et le niveau d\u2019affinage. \u00ab\u00a0Le coquillage, c\u2019est presque comme un fromage\u00a0\u00bb s\u2019amuse le poissonnier, avant de reprendre\u00a0: \u00ab\u00a0plus s\u00e9rieusement, ces crit\u00e8res permettent de conseiller avec pr\u00e9cision nos clients \u00bb.<\/p>\n<p>Il est important pour le personnel des poissonneries, compos\u00e9 d\u2019experts, que les clients prennent du plaisir \u00e0 se rendre dans leur secteur et \u00e0 choisir leurs produits. Les poissonniers se tiennent \u00e0 la disposition des clients pour r\u00e9pondre \u00e0 toutes leurs questions et les conseiller.[\/vc_column_text][\/vc_column][\/vc_row]<\/p>\n<\/div>","protected":false},"excerpt":{"rendered":"<p>[vc_row][vc_column][vc_column_text]Pour permettre aux clients d\u2019amener toute la fra\u00eecheur de la mer dans leurs menus de fin d\u2019ann\u00e9e, la<a class=\"moretag\" href=\"https:\/\/www.aligro.ch\/pages\/fr\/news\/invitez-la-mer-dans-vos-menus-de-fin-dannee\/\"> &#8230;<\/a><\/p>\n","protected":false},"author":9,"featured_media":59091,"comment_status":"closed","ping_status":"closed","sticky":false,"template":"","format":"standard","meta":{"_acf_changed":false,"footnotes":""},"categories":[1],"tags":[],"class_list":["post-59088","post","type-post","status-publish","format-standard","has-post-thumbnail","hentry","category-autre"],"acf":[],"yoast_head":"<!-- This site is optimized with the Yoast SEO plugin v27.4 - https:\/\/yoast.com\/product\/yoast-seo-wordpress\/ -->\n<title>Invitez la mer dans vos menus de fin d\u2019ann\u00e9e<\/title>\n<meta name=\"description\" content=\"ALIGRO propose des actions sur son assortiment de poissons du 5 au 10 d\u00e9cembre, sur les hu\u00eetres jusqu&#039;\u00e0 la fin de l&#039;ann\u00e9e.\" \/>\n<meta name=\"robots\" content=\"index, follow, max-snippet:-1, max-image-preview:large, max-video-preview:-1\" \/>\n<link rel=\"canonical\" href=\"https:\/\/www.aligro.ch\/pages\/fr\/news\/invitez-la-mer-dans-vos-menus-de-fin-dannee\/\" \/>\n<meta property=\"og:locale\" content=\"fr_FR\" \/>\n<meta property=\"og:type\" content=\"article\" \/>\n<meta property=\"og:title\" content=\"Invitez la mer dans vos menus de fin d\u2019ann\u00e9e\" \/>\n<meta property=\"og:description\" content=\"ALIGRO propose des actions sur son assortiment de poissons du 5 au 10 d\u00e9cembre, sur les hu\u00eetres jusqu&#039;\u00e0 la fin de l&#039;ann\u00e9e.\" \/>\n<meta property=\"og:url\" content=\"https:\/\/www.aligro.ch\/pages\/fr\/news\/invitez-la-mer-dans-vos-menus-de-fin-dannee\/\" \/>\n<meta property=\"og:site_name\" content=\"ALIGRO\" \/>\n<meta property=\"article:publisher\" content=\"https:\/\/fb.com\/aligrosuisse\" \/>\n<meta property=\"article:published_time\" content=\"2022-11-29T07:45:17+00:00\" \/>\n<meta property=\"og:image\" content=\"https:\/\/www.aligro.ch\/pages\/wp-content\/uploads\/2022\/11\/FCH_iStock-1285929756.jpg\" \/>\n\t<meta property=\"og:image:width\" content=\"1920\" \/>\n\t<meta property=\"og:image:height\" content=\"1253\" \/>\n\t<meta property=\"og:image:type\" content=\"image\/jpeg\" \/>\n<meta name=\"author\" content=\"Vincent Lavanchy\" \/>\n<meta name=\"twitter:card\" content=\"summary_large_image\" \/>\n<meta name=\"twitter:label1\" content=\"\u00c9crit par\" \/>\n\t<meta name=\"twitter:data1\" content=\"Vincent Lavanchy\" \/>\n\t<meta name=\"twitter:label2\" content=\"Dur\u00e9e de lecture estim\u00e9e\" \/>\n\t<meta name=\"twitter:data2\" content=\"2 minutes\" \/>\n<script type=\"application\/ld+json\" class=\"yoast-schema-graph\">{\"@context\":\"https:\\\/\\\/schema.org\",\"@graph\":[{\"@type\":\"Article\",\"@id\":\"https:\\\/\\\/www.aligro.ch\\\/pages\\\/fr\\\/news\\\/invitez-la-mer-dans-vos-menus-de-fin-dannee\\\/#article\",\"isPartOf\":{\"@id\":\"https:\\\/\\\/www.aligro.ch\\\/pages\\\/fr\\\/news\\\/invitez-la-mer-dans-vos-menus-de-fin-dannee\\\/\"},\"author\":{\"name\":\"Vincent Lavanchy\",\"@id\":\"https:\\\/\\\/www.aligro.ch\\\/pages\\\/#\\\/schema\\\/person\\\/abe4f4a53fec53a8dea10e43adbbe7e3\"},\"headline\":\"Invitez la mer dans vos menus de fin d\u2019ann\u00e9e\",\"datePublished\":\"2022-11-29T07:45:17+00:00\",\"mainEntityOfPage\":{\"@id\":\"https:\\\/\\\/www.aligro.ch\\\/pages\\\/fr\\\/news\\\/invitez-la-mer-dans-vos-menus-de-fin-dannee\\\/\"},\"wordCount\":443,\"publisher\":{\"@id\":\"https:\\\/\\\/www.aligro.ch\\\/pages\\\/#organization\"},\"image\":{\"@id\":\"https:\\\/\\\/www.aligro.ch\\\/pages\\\/fr\\\/news\\\/invitez-la-mer-dans-vos-menus-de-fin-dannee\\\/#primaryimage\"},\"thumbnailUrl\":\"https:\\\/\\\/www.aligro.ch\\\/pages\\\/wp-content\\\/uploads\\\/2022\\\/11\\\/FCH_iStock-1285929756.jpg\",\"articleSection\":[\"Autre\"],\"inLanguage\":\"fr-FR\"},{\"@type\":\"WebPage\",\"@id\":\"https:\\\/\\\/www.aligro.ch\\\/pages\\\/fr\\\/news\\\/invitez-la-mer-dans-vos-menus-de-fin-dannee\\\/\",\"url\":\"https:\\\/\\\/www.aligro.ch\\\/pages\\\/fr\\\/news\\\/invitez-la-mer-dans-vos-menus-de-fin-dannee\\\/\",\"name\":\"Invitez la mer dans vos menus de fin d\u2019ann\u00e9e\",\"isPartOf\":{\"@id\":\"https:\\\/\\\/www.aligro.ch\\\/pages\\\/#website\"},\"primaryImageOfPage\":{\"@id\":\"https:\\\/\\\/www.aligro.ch\\\/pages\\\/fr\\\/news\\\/invitez-la-mer-dans-vos-menus-de-fin-dannee\\\/#primaryimage\"},\"image\":{\"@id\":\"https:\\\/\\\/www.aligro.ch\\\/pages\\\/fr\\\/news\\\/invitez-la-mer-dans-vos-menus-de-fin-dannee\\\/#primaryimage\"},\"thumbnailUrl\":\"https:\\\/\\\/www.aligro.ch\\\/pages\\\/wp-content\\\/uploads\\\/2022\\\/11\\\/FCH_iStock-1285929756.jpg\",\"datePublished\":\"2022-11-29T07:45:17+00:00\",\"description\":\"ALIGRO propose des actions sur son assortiment de poissons du 5 au 10 d\u00e9cembre, sur les hu\u00eetres jusqu'\u00e0 la fin de l'ann\u00e9e.\",\"breadcrumb\":{\"@id\":\"https:\\\/\\\/www.aligro.ch\\\/pages\\\/fr\\\/news\\\/invitez-la-mer-dans-vos-menus-de-fin-dannee\\\/#breadcrumb\"},\"inLanguage\":\"fr-FR\",\"potentialAction\":[{\"@type\":\"ReadAction\",\"target\":[\"https:\\\/\\\/www.aligro.ch\\\/pages\\\/fr\\\/news\\\/invitez-la-mer-dans-vos-menus-de-fin-dannee\\\/\"]}]},{\"@type\":\"ImageObject\",\"inLanguage\":\"fr-FR\",\"@id\":\"https:\\\/\\\/www.aligro.ch\\\/pages\\\/fr\\\/news\\\/invitez-la-mer-dans-vos-menus-de-fin-dannee\\\/#primaryimage\",\"url\":\"https:\\\/\\\/www.aligro.ch\\\/pages\\\/wp-content\\\/uploads\\\/2022\\\/11\\\/FCH_iStock-1285929756.jpg\",\"contentUrl\":\"https:\\\/\\\/www.aligro.ch\\\/pages\\\/wp-content\\\/uploads\\\/2022\\\/11\\\/FCH_iStock-1285929756.jpg\",\"width\":1920,\"height\":1253,\"caption\":\"Oysters with lemon, ice and white wine on concrete background with a festive decor. Christmas dinner\"},{\"@type\":\"BreadcrumbList\",\"@id\":\"https:\\\/\\\/www.aligro.ch\\\/pages\\\/fr\\\/news\\\/invitez-la-mer-dans-vos-menus-de-fin-dannee\\\/#breadcrumb\",\"itemListElement\":[{\"@type\":\"ListItem\",\"position\":1,\"name\":\"Accueil\",\"item\":\"https:\\\/\\\/www.aligro.ch\\\/pages\\\/de\\\/aligro-academy\\\/\"},{\"@type\":\"ListItem\",\"position\":2,\"name\":\"Invitez la mer dans vos menus de fin d\u2019ann\u00e9e\"}]},{\"@type\":\"WebSite\",\"@id\":\"https:\\\/\\\/www.aligro.ch\\\/pages\\\/#website\",\"url\":\"https:\\\/\\\/www.aligro.ch\\\/pages\\\/\",\"name\":\"ALIGRO\",\"description\":\"Fra\u00eecheur. Qualit\u00e9. Inspiration.\",\"publisher\":{\"@id\":\"https:\\\/\\\/www.aligro.ch\\\/pages\\\/#organization\"},\"potentialAction\":[{\"@type\":\"SearchAction\",\"target\":{\"@type\":\"EntryPoint\",\"urlTemplate\":\"https:\\\/\\\/www.aligro.ch\\\/pages\\\/?s={search_term_string}\"},\"query-input\":{\"@type\":\"PropertyValueSpecification\",\"valueRequired\":true,\"valueName\":\"search_term_string\"}}],\"inLanguage\":\"fr-FR\"},{\"@type\":\"Organization\",\"@id\":\"https:\\\/\\\/www.aligro.ch\\\/pages\\\/#organization\",\"name\":\"ALIGRO\",\"url\":\"https:\\\/\\\/www.aligro.ch\\\/pages\\\/\",\"logo\":{\"@type\":\"ImageObject\",\"inLanguage\":\"fr-FR\",\"@id\":\"https:\\\/\\\/www.aligro.ch\\\/pages\\\/#\\\/schema\\\/logo\\\/image\\\/\",\"url\":\"https:\\\/\\\/www.aligro.ch\\\/pages\\\/wp-content\\\/uploads\\\/2018\\\/10\\\/Logo@4x.png\",\"contentUrl\":\"https:\\\/\\\/www.aligro.ch\\\/pages\\\/wp-content\\\/uploads\\\/2018\\\/10\\\/Logo@4x.png\",\"width\":1831,\"height\":228,\"caption\":\"ALIGRO\"},\"image\":{\"@id\":\"https:\\\/\\\/www.aligro.ch\\\/pages\\\/#\\\/schema\\\/logo\\\/image\\\/\"},\"sameAs\":[\"https:\\\/\\\/fb.com\\\/aligrosuisse\"]},{\"@type\":\"Person\",\"@id\":\"https:\\\/\\\/www.aligro.ch\\\/pages\\\/#\\\/schema\\\/person\\\/abe4f4a53fec53a8dea10e43adbbe7e3\",\"name\":\"Vincent Lavanchy\",\"image\":{\"@type\":\"ImageObject\",\"inLanguage\":\"fr-FR\",\"@id\":\"https:\\\/\\\/secure.gravatar.com\\\/avatar\\\/0c26d4efb7d6ae3d3acfb21cea043eed07c8459ea7780b7c5d9d73543f0c4d2e?s=96&d=mm&r=g\",\"url\":\"https:\\\/\\\/secure.gravatar.com\\\/avatar\\\/0c26d4efb7d6ae3d3acfb21cea043eed07c8459ea7780b7c5d9d73543f0c4d2e?s=96&d=mm&r=g\",\"contentUrl\":\"https:\\\/\\\/secure.gravatar.com\\\/avatar\\\/0c26d4efb7d6ae3d3acfb21cea043eed07c8459ea7780b7c5d9d73543f0c4d2e?s=96&d=mm&r=g\",\"caption\":\"Vincent Lavanchy\"}}]}<\/script>\n<!-- \/ Yoast SEO plugin. -->","yoast_head_json":{"title":"Invitez la mer dans vos menus de fin d\u2019ann\u00e9e","description":"ALIGRO propose des actions sur son assortiment de poissons du 5 au 10 d\u00e9cembre, sur les hu\u00eetres jusqu'\u00e0 la fin de l'ann\u00e9e.","robots":{"index":"index","follow":"follow","max-snippet":"max-snippet:-1","max-image-preview":"max-image-preview:large","max-video-preview":"max-video-preview:-1"},"canonical":"https:\/\/www.aligro.ch\/pages\/fr\/news\/invitez-la-mer-dans-vos-menus-de-fin-dannee\/","og_locale":"fr_FR","og_type":"article","og_title":"Invitez la mer dans vos menus de fin d\u2019ann\u00e9e","og_description":"ALIGRO propose des actions sur son assortiment de poissons du 5 au 10 d\u00e9cembre, sur les hu\u00eetres jusqu'\u00e0 la fin de l'ann\u00e9e.","og_url":"https:\/\/www.aligro.ch\/pages\/fr\/news\/invitez-la-mer-dans-vos-menus-de-fin-dannee\/","og_site_name":"ALIGRO","article_publisher":"https:\/\/fb.com\/aligrosuisse","article_published_time":"2022-11-29T07:45:17+00:00","og_image":[{"width":1920,"height":1253,"url":"https:\/\/www.aligro.ch\/pages\/wp-content\/uploads\/2022\/11\/FCH_iStock-1285929756.jpg","type":"image\/jpeg"}],"author":"Vincent Lavanchy","twitter_card":"summary_large_image","twitter_misc":{"\u00c9crit par":"Vincent Lavanchy","Dur\u00e9e de lecture estim\u00e9e":"2 minutes"},"schema":{"@context":"https:\/\/schema.org","@graph":[{"@type":"Article","@id":"https:\/\/www.aligro.ch\/pages\/fr\/news\/invitez-la-mer-dans-vos-menus-de-fin-dannee\/#article","isPartOf":{"@id":"https:\/\/www.aligro.ch\/pages\/fr\/news\/invitez-la-mer-dans-vos-menus-de-fin-dannee\/"},"author":{"name":"Vincent Lavanchy","@id":"https:\/\/www.aligro.ch\/pages\/#\/schema\/person\/abe4f4a53fec53a8dea10e43adbbe7e3"},"headline":"Invitez la mer dans vos menus de fin d\u2019ann\u00e9e","datePublished":"2022-11-29T07:45:17+00:00","mainEntityOfPage":{"@id":"https:\/\/www.aligro.ch\/pages\/fr\/news\/invitez-la-mer-dans-vos-menus-de-fin-dannee\/"},"wordCount":443,"publisher":{"@id":"https:\/\/www.aligro.ch\/pages\/#organization"},"image":{"@id":"https:\/\/www.aligro.ch\/pages\/fr\/news\/invitez-la-mer-dans-vos-menus-de-fin-dannee\/#primaryimage"},"thumbnailUrl":"https:\/\/www.aligro.ch\/pages\/wp-content\/uploads\/2022\/11\/FCH_iStock-1285929756.jpg","articleSection":["Autre"],"inLanguage":"fr-FR"},{"@type":"WebPage","@id":"https:\/\/www.aligro.ch\/pages\/fr\/news\/invitez-la-mer-dans-vos-menus-de-fin-dannee\/","url":"https:\/\/www.aligro.ch\/pages\/fr\/news\/invitez-la-mer-dans-vos-menus-de-fin-dannee\/","name":"Invitez la mer dans vos menus de fin d\u2019ann\u00e9e","isPartOf":{"@id":"https:\/\/www.aligro.ch\/pages\/#website"},"primaryImageOfPage":{"@id":"https:\/\/www.aligro.ch\/pages\/fr\/news\/invitez-la-mer-dans-vos-menus-de-fin-dannee\/#primaryimage"},"image":{"@id":"https:\/\/www.aligro.ch\/pages\/fr\/news\/invitez-la-mer-dans-vos-menus-de-fin-dannee\/#primaryimage"},"thumbnailUrl":"https:\/\/www.aligro.ch\/pages\/wp-content\/uploads\/2022\/11\/FCH_iStock-1285929756.jpg","datePublished":"2022-11-29T07:45:17+00:00","description":"ALIGRO propose des actions sur son assortiment de poissons du 5 au 10 d\u00e9cembre, sur les hu\u00eetres jusqu'\u00e0 la fin de l'ann\u00e9e.","breadcrumb":{"@id":"https:\/\/www.aligro.ch\/pages\/fr\/news\/invitez-la-mer-dans-vos-menus-de-fin-dannee\/#breadcrumb"},"inLanguage":"fr-FR","potentialAction":[{"@type":"ReadAction","target":["https:\/\/www.aligro.ch\/pages\/fr\/news\/invitez-la-mer-dans-vos-menus-de-fin-dannee\/"]}]},{"@type":"ImageObject","inLanguage":"fr-FR","@id":"https:\/\/www.aligro.ch\/pages\/fr\/news\/invitez-la-mer-dans-vos-menus-de-fin-dannee\/#primaryimage","url":"https:\/\/www.aligro.ch\/pages\/wp-content\/uploads\/2022\/11\/FCH_iStock-1285929756.jpg","contentUrl":"https:\/\/www.aligro.ch\/pages\/wp-content\/uploads\/2022\/11\/FCH_iStock-1285929756.jpg","width":1920,"height":1253,"caption":"Oysters with lemon, ice and white wine on concrete background with a festive decor. Christmas dinner"},{"@type":"BreadcrumbList","@id":"https:\/\/www.aligro.ch\/pages\/fr\/news\/invitez-la-mer-dans-vos-menus-de-fin-dannee\/#breadcrumb","itemListElement":[{"@type":"ListItem","position":1,"name":"Accueil","item":"https:\/\/www.aligro.ch\/pages\/de\/aligro-academy\/"},{"@type":"ListItem","position":2,"name":"Invitez la mer dans vos menus de fin d\u2019ann\u00e9e"}]},{"@type":"WebSite","@id":"https:\/\/www.aligro.ch\/pages\/#website","url":"https:\/\/www.aligro.ch\/pages\/","name":"ALIGRO","description":"Fra\u00eecheur. Qualit\u00e9. Inspiration.","publisher":{"@id":"https:\/\/www.aligro.ch\/pages\/#organization"},"potentialAction":[{"@type":"SearchAction","target":{"@type":"EntryPoint","urlTemplate":"https:\/\/www.aligro.ch\/pages\/?s={search_term_string}"},"query-input":{"@type":"PropertyValueSpecification","valueRequired":true,"valueName":"search_term_string"}}],"inLanguage":"fr-FR"},{"@type":"Organization","@id":"https:\/\/www.aligro.ch\/pages\/#organization","name":"ALIGRO","url":"https:\/\/www.aligro.ch\/pages\/","logo":{"@type":"ImageObject","inLanguage":"fr-FR","@id":"https:\/\/www.aligro.ch\/pages\/#\/schema\/logo\/image\/","url":"https:\/\/www.aligro.ch\/pages\/wp-content\/uploads\/2018\/10\/Logo@4x.png","contentUrl":"https:\/\/www.aligro.ch\/pages\/wp-content\/uploads\/2018\/10\/Logo@4x.png","width":1831,"height":228,"caption":"ALIGRO"},"image":{"@id":"https:\/\/www.aligro.ch\/pages\/#\/schema\/logo\/image\/"},"sameAs":["https:\/\/fb.com\/aligrosuisse"]},{"@type":"Person","@id":"https:\/\/www.aligro.ch\/pages\/#\/schema\/person\/abe4f4a53fec53a8dea10e43adbbe7e3","name":"Vincent Lavanchy","image":{"@type":"ImageObject","inLanguage":"fr-FR","@id":"https:\/\/secure.gravatar.com\/avatar\/0c26d4efb7d6ae3d3acfb21cea043eed07c8459ea7780b7c5d9d73543f0c4d2e?s=96&d=mm&r=g","url":"https:\/\/secure.gravatar.com\/avatar\/0c26d4efb7d6ae3d3acfb21cea043eed07c8459ea7780b7c5d9d73543f0c4d2e?s=96&d=mm&r=g","contentUrl":"https:\/\/secure.gravatar.com\/avatar\/0c26d4efb7d6ae3d3acfb21cea043eed07c8459ea7780b7c5d9d73543f0c4d2e?s=96&d=mm&r=g","caption":"Vincent Lavanchy"}}]}},"_links":{"self":[{"href":"https:\/\/www.aligro.ch\/pages\/wp-json\/wp\/v2\/posts\/59088","targetHints":{"allow":["GET"]}}],"collection":[{"href":"https:\/\/www.aligro.ch\/pages\/wp-json\/wp\/v2\/posts"}],"about":[{"href":"https:\/\/www.aligro.ch\/pages\/wp-json\/wp\/v2\/types\/post"}],"author":[{"embeddable":true,"href":"https:\/\/www.aligro.ch\/pages\/wp-json\/wp\/v2\/users\/9"}],"replies":[{"embeddable":true,"href":"https:\/\/www.aligro.ch\/pages\/wp-json\/wp\/v2\/comments?post=59088"}],"version-history":[{"count":2,"href":"https:\/\/www.aligro.ch\/pages\/wp-json\/wp\/v2\/posts\/59088\/revisions"}],"predecessor-version":[{"id":59096,"href":"https:\/\/www.aligro.ch\/pages\/wp-json\/wp\/v2\/posts\/59088\/revisions\/59096"}],"wp:featuredmedia":[{"embeddable":true,"href":"https:\/\/www.aligro.ch\/pages\/wp-json\/wp\/v2\/media\/59091"}],"wp:attachment":[{"href":"https:\/\/www.aligro.ch\/pages\/wp-json\/wp\/v2\/media?parent=59088"}],"wp:term":[{"taxonomy":"category","embeddable":true,"href":"https:\/\/www.aligro.ch\/pages\/wp-json\/wp\/v2\/categories?post=59088"},{"taxonomy":"post_tag","embeddable":true,"href":"https:\/\/www.aligro.ch\/pages\/wp-json\/wp\/v2\/tags?post=59088"}],"curies":[{"name":"wp","href":"https:\/\/api.w.org\/{rel}","templated":true}]}}