{"id":58972,"date":"2022-11-24T10:27:27","date_gmt":"2022-11-24T09:27:27","guid":{"rendered":"https:\/\/www.aligro.ch\/pages\/?p=58972"},"modified":"2022-11-30T10:24:31","modified_gmt":"2022-11-30T09:24:31","slug":"grillen-im-winter-originelle-festtagsmenues","status":"publish","type":"post","link":"https:\/\/www.aligro.ch\/pages\/de\/news\/grillen-im-winter-originelle-festtagsmenues\/","title":{"rendered":"Grillen im Winter: originelle Festtagsmen\u00fcs"},"content":{"rendered":"<div class=\"wpb-content-wrapper\"><p>[vc_row][vc_column][vc_column_text]<strong>Die Metzgerei von ALIGRO bietet jede Woche aussergew\u00f6hnliche Aktionen an. Die ideale Gelegenheit f\u00fcr Kunden, ihrer Kreativit\u00e4t freien Lauf zu lassen und, warum nicht, den Festtagsgerichten einen Hauch von Originalit\u00e4t zu verleihen. Chefkoch Philipp Glauser, Vize-Grillweltmeister und Schweizermeister, verr\u00e4t einige Tricks, um k\u00f6stliche Grillspeisen zuzubereiten.\u00a0<\/strong><\/p>\n<p><strong>Zahlreiche Wahlst\u00fccke<\/strong><\/p>\n<p>Das ALIGRO-Sortiment umfasst eine sehr grosse Auswahl an Qualit\u00e4tsfleisch, darunter auch St\u00fccke aus lokaler Produktion, und bietet seine Produkte auch in verschiedenen Mengen an. Jede Woche profitieren die Kunden von aussergew\u00f6hnlichen Aktionen auf zahlreiche Fleischst\u00fccke.<\/p>\n<p>Der Sektorleiter Metzgerei im ALIGRO Br\u00fcttisellen, Antonio Vecchione, weiss, dass die Metzgerei von ALIGRO eine unvergleichliche Vielfalt bietet: \u00ab Wir haben zum Beispiel vom Rind alle Fleischst\u00fccke im Angebot (Entrec\u00f4te, Huft, Filet, Hohr\u00fccken, Schulter, Brust, Hals, Voressen und Geschnetzeltes, aber auch Rindskutteln oder Rindsleistenfleisch), und nat\u00fcrlich findet man bei uns auch Kalb-, Schweine-, Pferde und Gefl\u00fcgelfleisch \u2013 alles in unterschiedlichen Packungsgr\u00f6ssen. \u00bb So ist f\u00fcr jeden Geschmack und jede Vorliebe etwas dabei!<\/p>\n<p>Zu den k\u00f6stlichen Fleischgerichten bietet der Weinkeller von ALIGRO eine zahlreiche Auswahl, die mehr als 1000 Weiss-, Ros\u00e9- und Rotweine, fast 200 Schaumweine und Champagner sowie 700 Spirituosen umfasst.<\/p>\n<p><strong>Grillen zu Weihnachten<\/strong><\/p>\n<p>Es ist ungew\u00f6hnlich, aber vielleicht umso origineller, im Winter gegrillte Speisen anzubieten!<\/p>\n<p>Chefkoch Philipp Glauser, Vize-Grillweltmeister und Schweizermeister, verr\u00e4t einige Tricks, um k\u00f6stliche Grillspeisen zuzubereiten. Klassiker wie Rindsfilet oder -Entrec\u00f4te sind immer noch ein sicherer Wert. Derzeit geht der Trend beim Grillen zu Second Cuts (geschmorte und als Braten zubereitete St\u00fccke) und zu sogenannten Langgarst\u00fccken wie dem Brisket (ein St\u00fcck, das sich im Brustbereich des Rinds befindet).<\/p>\n<p>Und wer noch mehr Geschmack will, kann auf Gew\u00fcrze setzen: Bei der feuchten Marinade, die aus frischen Zutaten und einer fl\u00fcssigen oder fettigen Zutat besteht, nimmt das Fleisch alle Aromen tief in sich auf und wird so bis in die Mitte gew\u00fcrzt. Die Trockenmarinade (oder \u00ab\u00a0dry rub\u00a0\u00bb, was im Englischen \u00ab\u00a0trocken reiben\u00a0\u00bb bedeutet) besteht aus einer Gew\u00fcrzmischung und ist in der Gastronomie ebenfalls sehr beliebt. Sie verleiht dem Fleisch ein kr\u00e4ftiges Aroma, wobei der Saft erhalten bleibt.<\/p>\n<p>Der K\u00fcchenchef empfiehlt, keine Fleischst\u00fccke zuzubereiten, deren ideale Garzeit die Zeit, die man f\u00fcr die Zubereitung zur Verf\u00fcgung hat, \u00fcbersteigt. Der Schl\u00fcssel zum Erfolg, so erkl\u00e4rt er, liegt in den Grundzutaten, der Zeit, die in die Zubereitung investiert wird und der Art des Garens, um die richtige Kerntemperatur zu erreichen.<\/p>\n<p><strong>Fleisch f\u00fcr die Festtage<\/strong><\/p>\n<p>ALIGRO bietet viele w\u00f6chentliche Aktionen auf Fleisch an. Nutzen Sie diese Gelegenheit, um etwas Neues in Ihre Men\u00fcs zum Jahresende zu bringen &#8211; warum nicht Pferdefleisch ? Marc-Alain Huguet, Metzger im Markt Chavannes und mit 20 Jahren Erfahrung als Traiteur, liebt es, im Winter Pferdebraten zuzubereiten. Zusammen mit einer Rotweinsauce ist dieses Gericht ein wahrer Genuss und sorgt f\u00fcr die richtige W\u00e4rme w\u00e4hrend den Festtagen.<\/p>\n<p>Entdecken Sie die St\u00fccke, die Sie begeistern werden und profitieren Sie von der fachkundigen Beratung unserer Spezialisten.[\/vc_column_text][\/vc_column][\/vc_row]<\/p>\n<\/div>","protected":false},"excerpt":{"rendered":"<p>[vc_row][vc_column][vc_column_text]Die Metzgerei von ALIGRO bietet jede Woche aussergew\u00f6hnliche Aktionen an. Die ideale Gelegenheit f\u00fcr Kunden, ihrer Kreativit\u00e4t freien<a class=\"moretag\" href=\"https:\/\/www.aligro.ch\/pages\/de\/news\/grillen-im-winter-originelle-festtagsmenues\/\"> &#8230;<\/a><\/p>\n","protected":false},"author":9,"featured_media":58980,"comment_status":"closed","ping_status":"closed","sticky":false,"template":"","format":"standard","meta":{"_acf_changed":false,"footnotes":""},"categories":[7],"tags":[],"class_list":["post-58972","post","type-post","status-publish","format-standard","has-post-thumbnail","hentry","category-andere"],"acf":[],"yoast_head":"<!-- This site is optimized with the Yoast SEO plugin v27.4 - https:\/\/yoast.com\/product\/yoast-seo-wordpress\/ -->\n<title>Grillen im Winter: originelle Festtagsmen\u00fcs<\/title>\n<meta name=\"description\" content=\"Die Metzgerei von ALIGRO bietet jede Woche aussergew\u00f6hnliche Aktionen an.\" \/>\n<meta name=\"robots\" content=\"index, follow, max-snippet:-1, max-image-preview:large, max-video-preview:-1\" \/>\n<link rel=\"canonical\" href=\"https:\/\/www.aligro.ch\/pages\/de\/news\/grillen-im-winter-originelle-festtagsmenues\/\" \/>\n<meta property=\"og:locale\" content=\"fr_FR\" \/>\n<meta property=\"og:type\" content=\"article\" \/>\n<meta property=\"og:title\" content=\"Grillen im Winter: originelle Festtagsmen\u00fcs\" \/>\n<meta property=\"og:description\" content=\"Die Metzgerei von ALIGRO bietet jede Woche aussergew\u00f6hnliche Aktionen an.\" \/>\n<meta property=\"og:url\" content=\"https:\/\/www.aligro.ch\/pages\/de\/news\/grillen-im-winter-originelle-festtagsmenues\/\" \/>\n<meta property=\"og:site_name\" content=\"ALIGRO\" \/>\n<meta property=\"article:publisher\" content=\"https:\/\/fb.com\/aligrosuisse\" \/>\n<meta property=\"article:published_time\" content=\"2022-11-24T09:27:27+00:00\" \/>\n<meta property=\"article:modified_time\" content=\"2022-11-30T09:24:31+00:00\" \/>\n<meta property=\"og:image\" content=\"https:\/\/www.aligro.ch\/pages\/wp-content\/uploads\/2022\/11\/iStock-875198002-1.jpg\" \/>\n\t<meta property=\"og:image:width\" content=\"1920\" \/>\n\t<meta property=\"og:image:height\" content=\"1288\" \/>\n\t<meta property=\"og:image:type\" content=\"image\/jpeg\" \/>\n<meta name=\"author\" content=\"Vincent Lavanchy\" \/>\n<meta name=\"twitter:card\" content=\"summary_large_image\" \/>\n<meta name=\"twitter:label1\" content=\"\u00c9crit par\" \/>\n\t<meta name=\"twitter:data1\" content=\"Vincent Lavanchy\" \/>\n\t<meta name=\"twitter:label2\" content=\"Dur\u00e9e de lecture estim\u00e9e\" \/>\n\t<meta name=\"twitter:data2\" content=\"3 minutes\" \/>\n<script type=\"application\/ld+json\" class=\"yoast-schema-graph\">{\"@context\":\"https:\\\/\\\/schema.org\",\"@graph\":[{\"@type\":\"Article\",\"@id\":\"https:\\\/\\\/www.aligro.ch\\\/pages\\\/de\\\/news\\\/grillen-im-winter-originelle-festtagsmenues\\\/#article\",\"isPartOf\":{\"@id\":\"https:\\\/\\\/www.aligro.ch\\\/pages\\\/de\\\/news\\\/grillen-im-winter-originelle-festtagsmenues\\\/\"},\"author\":{\"name\":\"Vincent Lavanchy\",\"@id\":\"https:\\\/\\\/www.aligro.ch\\\/pages\\\/#\\\/schema\\\/person\\\/abe4f4a53fec53a8dea10e43adbbe7e3\"},\"headline\":\"Grillen im Winter: originelle Festtagsmen\u00fcs\",\"datePublished\":\"2022-11-24T09:27:27+00:00\",\"dateModified\":\"2022-11-30T09:24:31+00:00\",\"mainEntityOfPage\":{\"@id\":\"https:\\\/\\\/www.aligro.ch\\\/pages\\\/de\\\/news\\\/grillen-im-winter-originelle-festtagsmenues\\\/\"},\"wordCount\":524,\"publisher\":{\"@id\":\"https:\\\/\\\/www.aligro.ch\\\/pages\\\/#organization\"},\"image\":{\"@id\":\"https:\\\/\\\/www.aligro.ch\\\/pages\\\/de\\\/news\\\/grillen-im-winter-originelle-festtagsmenues\\\/#primaryimage\"},\"thumbnailUrl\":\"https:\\\/\\\/www.aligro.ch\\\/pages\\\/wp-content\\\/uploads\\\/2022\\\/11\\\/iStock-875198002-1.jpg\",\"articleSection\":[\"Andere\"],\"inLanguage\":\"fr-FR\"},{\"@type\":\"WebPage\",\"@id\":\"https:\\\/\\\/www.aligro.ch\\\/pages\\\/de\\\/news\\\/grillen-im-winter-originelle-festtagsmenues\\\/\",\"url\":\"https:\\\/\\\/www.aligro.ch\\\/pages\\\/de\\\/news\\\/grillen-im-winter-originelle-festtagsmenues\\\/\",\"name\":\"Grillen im Winter: originelle Festtagsmen\u00fcs\",\"isPartOf\":{\"@id\":\"https:\\\/\\\/www.aligro.ch\\\/pages\\\/#website\"},\"primaryImageOfPage\":{\"@id\":\"https:\\\/\\\/www.aligro.ch\\\/pages\\\/de\\\/news\\\/grillen-im-winter-originelle-festtagsmenues\\\/#primaryimage\"},\"image\":{\"@id\":\"https:\\\/\\\/www.aligro.ch\\\/pages\\\/de\\\/news\\\/grillen-im-winter-originelle-festtagsmenues\\\/#primaryimage\"},\"thumbnailUrl\":\"https:\\\/\\\/www.aligro.ch\\\/pages\\\/wp-content\\\/uploads\\\/2022\\\/11\\\/iStock-875198002-1.jpg\",\"datePublished\":\"2022-11-24T09:27:27+00:00\",\"dateModified\":\"2022-11-30T09:24:31+00:00\",\"description\":\"Die Metzgerei von ALIGRO bietet jede Woche aussergew\u00f6hnliche Aktionen an.\",\"breadcrumb\":{\"@id\":\"https:\\\/\\\/www.aligro.ch\\\/pages\\\/de\\\/news\\\/grillen-im-winter-originelle-festtagsmenues\\\/#breadcrumb\"},\"inLanguage\":\"fr-FR\",\"potentialAction\":[{\"@type\":\"ReadAction\",\"target\":[\"https:\\\/\\\/www.aligro.ch\\\/pages\\\/de\\\/news\\\/grillen-im-winter-originelle-festtagsmenues\\\/\"]}]},{\"@type\":\"ImageObject\",\"inLanguage\":\"fr-FR\",\"@id\":\"https:\\\/\\\/www.aligro.ch\\\/pages\\\/de\\\/news\\\/grillen-im-winter-originelle-festtagsmenues\\\/#primaryimage\",\"url\":\"https:\\\/\\\/www.aligro.ch\\\/pages\\\/wp-content\\\/uploads\\\/2022\\\/11\\\/iStock-875198002-1.jpg\",\"contentUrl\":\"https:\\\/\\\/www.aligro.ch\\\/pages\\\/wp-content\\\/uploads\\\/2022\\\/11\\\/iStock-875198002-1.jpg\",\"width\":1920,\"height\":1288,\"caption\":\"Family having a Christmas dinner\"},{\"@type\":\"BreadcrumbList\",\"@id\":\"https:\\\/\\\/www.aligro.ch\\\/pages\\\/de\\\/news\\\/grillen-im-winter-originelle-festtagsmenues\\\/#breadcrumb\",\"itemListElement\":[{\"@type\":\"ListItem\",\"position\":1,\"name\":\"Accueil\",\"item\":\"https:\\\/\\\/www.aligro.ch\\\/pages\\\/de\\\/aligro-academy\\\/\"},{\"@type\":\"ListItem\",\"position\":2,\"name\":\"Grillen im Winter: originelle Festtagsmen\u00fcs\"}]},{\"@type\":\"WebSite\",\"@id\":\"https:\\\/\\\/www.aligro.ch\\\/pages\\\/#website\",\"url\":\"https:\\\/\\\/www.aligro.ch\\\/pages\\\/\",\"name\":\"ALIGRO\",\"description\":\"Fra\u00eecheur. Qualit\u00e9. Inspiration.\",\"publisher\":{\"@id\":\"https:\\\/\\\/www.aligro.ch\\\/pages\\\/#organization\"},\"potentialAction\":[{\"@type\":\"SearchAction\",\"target\":{\"@type\":\"EntryPoint\",\"urlTemplate\":\"https:\\\/\\\/www.aligro.ch\\\/pages\\\/?s={search_term_string}\"},\"query-input\":{\"@type\":\"PropertyValueSpecification\",\"valueRequired\":true,\"valueName\":\"search_term_string\"}}],\"inLanguage\":\"fr-FR\"},{\"@type\":\"Organization\",\"@id\":\"https:\\\/\\\/www.aligro.ch\\\/pages\\\/#organization\",\"name\":\"ALIGRO\",\"url\":\"https:\\\/\\\/www.aligro.ch\\\/pages\\\/\",\"logo\":{\"@type\":\"ImageObject\",\"inLanguage\":\"fr-FR\",\"@id\":\"https:\\\/\\\/www.aligro.ch\\\/pages\\\/#\\\/schema\\\/logo\\\/image\\\/\",\"url\":\"https:\\\/\\\/www.aligro.ch\\\/pages\\\/wp-content\\\/uploads\\\/2018\\\/10\\\/Logo@4x.png\",\"contentUrl\":\"https:\\\/\\\/www.aligro.ch\\\/pages\\\/wp-content\\\/uploads\\\/2018\\\/10\\\/Logo@4x.png\",\"width\":1831,\"height\":228,\"caption\":\"ALIGRO\"},\"image\":{\"@id\":\"https:\\\/\\\/www.aligro.ch\\\/pages\\\/#\\\/schema\\\/logo\\\/image\\\/\"},\"sameAs\":[\"https:\\\/\\\/fb.com\\\/aligrosuisse\"]},{\"@type\":\"Person\",\"@id\":\"https:\\\/\\\/www.aligro.ch\\\/pages\\\/#\\\/schema\\\/person\\\/abe4f4a53fec53a8dea10e43adbbe7e3\",\"name\":\"Vincent Lavanchy\",\"image\":{\"@type\":\"ImageObject\",\"inLanguage\":\"fr-FR\",\"@id\":\"https:\\\/\\\/secure.gravatar.com\\\/avatar\\\/0c26d4efb7d6ae3d3acfb21cea043eed07c8459ea7780b7c5d9d73543f0c4d2e?s=96&d=mm&r=g\",\"url\":\"https:\\\/\\\/secure.gravatar.com\\\/avatar\\\/0c26d4efb7d6ae3d3acfb21cea043eed07c8459ea7780b7c5d9d73543f0c4d2e?s=96&d=mm&r=g\",\"contentUrl\":\"https:\\\/\\\/secure.gravatar.com\\\/avatar\\\/0c26d4efb7d6ae3d3acfb21cea043eed07c8459ea7780b7c5d9d73543f0c4d2e?s=96&d=mm&r=g\",\"caption\":\"Vincent Lavanchy\"}}]}<\/script>\n<!-- \/ Yoast SEO plugin. -->","yoast_head_json":{"title":"Grillen im Winter: originelle Festtagsmen\u00fcs","description":"Die Metzgerei von ALIGRO bietet jede Woche aussergew\u00f6hnliche Aktionen an.","robots":{"index":"index","follow":"follow","max-snippet":"max-snippet:-1","max-image-preview":"max-image-preview:large","max-video-preview":"max-video-preview:-1"},"canonical":"https:\/\/www.aligro.ch\/pages\/de\/news\/grillen-im-winter-originelle-festtagsmenues\/","og_locale":"fr_FR","og_type":"article","og_title":"Grillen im Winter: originelle Festtagsmen\u00fcs","og_description":"Die Metzgerei von ALIGRO bietet jede Woche aussergew\u00f6hnliche Aktionen an.","og_url":"https:\/\/www.aligro.ch\/pages\/de\/news\/grillen-im-winter-originelle-festtagsmenues\/","og_site_name":"ALIGRO","article_publisher":"https:\/\/fb.com\/aligrosuisse","article_published_time":"2022-11-24T09:27:27+00:00","article_modified_time":"2022-11-30T09:24:31+00:00","og_image":[{"width":1920,"height":1288,"url":"https:\/\/www.aligro.ch\/pages\/wp-content\/uploads\/2022\/11\/iStock-875198002-1.jpg","type":"image\/jpeg"}],"author":"Vincent Lavanchy","twitter_card":"summary_large_image","twitter_misc":{"\u00c9crit par":"Vincent Lavanchy","Dur\u00e9e de lecture estim\u00e9e":"3 minutes"},"schema":{"@context":"https:\/\/schema.org","@graph":[{"@type":"Article","@id":"https:\/\/www.aligro.ch\/pages\/de\/news\/grillen-im-winter-originelle-festtagsmenues\/#article","isPartOf":{"@id":"https:\/\/www.aligro.ch\/pages\/de\/news\/grillen-im-winter-originelle-festtagsmenues\/"},"author":{"name":"Vincent Lavanchy","@id":"https:\/\/www.aligro.ch\/pages\/#\/schema\/person\/abe4f4a53fec53a8dea10e43adbbe7e3"},"headline":"Grillen im Winter: originelle Festtagsmen\u00fcs","datePublished":"2022-11-24T09:27:27+00:00","dateModified":"2022-11-30T09:24:31+00:00","mainEntityOfPage":{"@id":"https:\/\/www.aligro.ch\/pages\/de\/news\/grillen-im-winter-originelle-festtagsmenues\/"},"wordCount":524,"publisher":{"@id":"https:\/\/www.aligro.ch\/pages\/#organization"},"image":{"@id":"https:\/\/www.aligro.ch\/pages\/de\/news\/grillen-im-winter-originelle-festtagsmenues\/#primaryimage"},"thumbnailUrl":"https:\/\/www.aligro.ch\/pages\/wp-content\/uploads\/2022\/11\/iStock-875198002-1.jpg","articleSection":["Andere"],"inLanguage":"fr-FR"},{"@type":"WebPage","@id":"https:\/\/www.aligro.ch\/pages\/de\/news\/grillen-im-winter-originelle-festtagsmenues\/","url":"https:\/\/www.aligro.ch\/pages\/de\/news\/grillen-im-winter-originelle-festtagsmenues\/","name":"Grillen im Winter: originelle Festtagsmen\u00fcs","isPartOf":{"@id":"https:\/\/www.aligro.ch\/pages\/#website"},"primaryImageOfPage":{"@id":"https:\/\/www.aligro.ch\/pages\/de\/news\/grillen-im-winter-originelle-festtagsmenues\/#primaryimage"},"image":{"@id":"https:\/\/www.aligro.ch\/pages\/de\/news\/grillen-im-winter-originelle-festtagsmenues\/#primaryimage"},"thumbnailUrl":"https:\/\/www.aligro.ch\/pages\/wp-content\/uploads\/2022\/11\/iStock-875198002-1.jpg","datePublished":"2022-11-24T09:27:27+00:00","dateModified":"2022-11-30T09:24:31+00:00","description":"Die Metzgerei von ALIGRO bietet jede Woche aussergew\u00f6hnliche Aktionen an.","breadcrumb":{"@id":"https:\/\/www.aligro.ch\/pages\/de\/news\/grillen-im-winter-originelle-festtagsmenues\/#breadcrumb"},"inLanguage":"fr-FR","potentialAction":[{"@type":"ReadAction","target":["https:\/\/www.aligro.ch\/pages\/de\/news\/grillen-im-winter-originelle-festtagsmenues\/"]}]},{"@type":"ImageObject","inLanguage":"fr-FR","@id":"https:\/\/www.aligro.ch\/pages\/de\/news\/grillen-im-winter-originelle-festtagsmenues\/#primaryimage","url":"https:\/\/www.aligro.ch\/pages\/wp-content\/uploads\/2022\/11\/iStock-875198002-1.jpg","contentUrl":"https:\/\/www.aligro.ch\/pages\/wp-content\/uploads\/2022\/11\/iStock-875198002-1.jpg","width":1920,"height":1288,"caption":"Family having a Christmas dinner"},{"@type":"BreadcrumbList","@id":"https:\/\/www.aligro.ch\/pages\/de\/news\/grillen-im-winter-originelle-festtagsmenues\/#breadcrumb","itemListElement":[{"@type":"ListItem","position":1,"name":"Accueil","item":"https:\/\/www.aligro.ch\/pages\/de\/aligro-academy\/"},{"@type":"ListItem","position":2,"name":"Grillen im Winter: originelle Festtagsmen\u00fcs"}]},{"@type":"WebSite","@id":"https:\/\/www.aligro.ch\/pages\/#website","url":"https:\/\/www.aligro.ch\/pages\/","name":"ALIGRO","description":"Fra\u00eecheur. Qualit\u00e9. Inspiration.","publisher":{"@id":"https:\/\/www.aligro.ch\/pages\/#organization"},"potentialAction":[{"@type":"SearchAction","target":{"@type":"EntryPoint","urlTemplate":"https:\/\/www.aligro.ch\/pages\/?s={search_term_string}"},"query-input":{"@type":"PropertyValueSpecification","valueRequired":true,"valueName":"search_term_string"}}],"inLanguage":"fr-FR"},{"@type":"Organization","@id":"https:\/\/www.aligro.ch\/pages\/#organization","name":"ALIGRO","url":"https:\/\/www.aligro.ch\/pages\/","logo":{"@type":"ImageObject","inLanguage":"fr-FR","@id":"https:\/\/www.aligro.ch\/pages\/#\/schema\/logo\/image\/","url":"https:\/\/www.aligro.ch\/pages\/wp-content\/uploads\/2018\/10\/Logo@4x.png","contentUrl":"https:\/\/www.aligro.ch\/pages\/wp-content\/uploads\/2018\/10\/Logo@4x.png","width":1831,"height":228,"caption":"ALIGRO"},"image":{"@id":"https:\/\/www.aligro.ch\/pages\/#\/schema\/logo\/image\/"},"sameAs":["https:\/\/fb.com\/aligrosuisse"]},{"@type":"Person","@id":"https:\/\/www.aligro.ch\/pages\/#\/schema\/person\/abe4f4a53fec53a8dea10e43adbbe7e3","name":"Vincent Lavanchy","image":{"@type":"ImageObject","inLanguage":"fr-FR","@id":"https:\/\/secure.gravatar.com\/avatar\/0c26d4efb7d6ae3d3acfb21cea043eed07c8459ea7780b7c5d9d73543f0c4d2e?s=96&d=mm&r=g","url":"https:\/\/secure.gravatar.com\/avatar\/0c26d4efb7d6ae3d3acfb21cea043eed07c8459ea7780b7c5d9d73543f0c4d2e?s=96&d=mm&r=g","contentUrl":"https:\/\/secure.gravatar.com\/avatar\/0c26d4efb7d6ae3d3acfb21cea043eed07c8459ea7780b7c5d9d73543f0c4d2e?s=96&d=mm&r=g","caption":"Vincent Lavanchy"}}]}},"_links":{"self":[{"href":"https:\/\/www.aligro.ch\/pages\/wp-json\/wp\/v2\/posts\/58972","targetHints":{"allow":["GET"]}}],"collection":[{"href":"https:\/\/www.aligro.ch\/pages\/wp-json\/wp\/v2\/posts"}],"about":[{"href":"https:\/\/www.aligro.ch\/pages\/wp-json\/wp\/v2\/types\/post"}],"author":[{"embeddable":true,"href":"https:\/\/www.aligro.ch\/pages\/wp-json\/wp\/v2\/users\/9"}],"replies":[{"embeddable":true,"href":"https:\/\/www.aligro.ch\/pages\/wp-json\/wp\/v2\/comments?post=58972"}],"version-history":[{"count":5,"href":"https:\/\/www.aligro.ch\/pages\/wp-json\/wp\/v2\/posts\/58972\/revisions"}],"predecessor-version":[{"id":59141,"href":"https:\/\/www.aligro.ch\/pages\/wp-json\/wp\/v2\/posts\/58972\/revisions\/59141"}],"wp:featuredmedia":[{"embeddable":true,"href":"https:\/\/www.aligro.ch\/pages\/wp-json\/wp\/v2\/media\/58980"}],"wp:attachment":[{"href":"https:\/\/www.aligro.ch\/pages\/wp-json\/wp\/v2\/media?parent=58972"}],"wp:term":[{"taxonomy":"category","embeddable":true,"href":"https:\/\/www.aligro.ch\/pages\/wp-json\/wp\/v2\/categories?post=58972"},{"taxonomy":"post_tag","embeddable":true,"href":"https:\/\/www.aligro.ch\/pages\/wp-json\/wp\/v2\/tags?post=58972"}],"curies":[{"name":"wp","href":"https:\/\/api.w.org\/{rel}","templated":true}]}}