{"id":58971,"date":"2022-11-24T10:27:29","date_gmt":"2022-11-24T09:27:29","guid":{"rendered":"https:\/\/www.aligro.ch\/pages\/?p=58971"},"modified":"2022-11-30T10:23:50","modified_gmt":"2022-11-30T09:23:50","slug":"grillades-en-hiver-apportez-de-loriginalite-aux-fetes-de-fin-dannee","status":"publish","type":"post","link":"https:\/\/www.aligro.ch\/pages\/fr\/news\/grillades-en-hiver-apportez-de-loriginalite-aux-fetes-de-fin-dannee\/","title":{"rendered":"Grillades en hiver: apportez de l&rsquo;originalit\u00e9 aux f\u00eates de fin d\u2019ann\u00e9e"},"content":{"rendered":"<div class=\"wpb-content-wrapper\"><p>[vc_row][vc_column][vc_column_text]<strong>Chaque semaine, ALIGRO propose des actions exceptionnelles sur son rayon boucherie. C\u2019est l\u2019occasion id\u00e9ale pour les clients de laisser libre cours \u00e0 leur cr\u00e9ativit\u00e9 et, pourquoi pas, d\u2019amener une touche d\u2019originalit\u00e9 aux repas de fin d\u2019ann\u00e9e. Le chef Philipp Glauser, vice-champion du monde et champion de Suisse de barbecue, livre quelques astuces pour ex\u00e9cuter de d\u00e9licieuses grillades.\u00a0<\/strong><\/p>\n<p><strong>De nombreuses pi\u00e8ces de choix <\/strong><\/p>\n<p>L\u2019assortiment ALIGRO compte un tr\u00e8s grand choix de viande de qualit\u00e9, dont des pi\u00e8ces issues d\u2019une production locale, et propose \u00e9galement ses produits en diff\u00e9rentes quantit\u00e9s. Chaque semaine, les clients b\u00e9n\u00e9ficient d\u2019actions exceptionnelles sur de nombreux morceaux de viande.<\/p>\n<p>Le responsable du secteur boucherie d\u2019ALIGRO Br\u00fcttisellen, Antonio Vecchione, souligne que la boucherie d\u2019ALIGRO propose une vari\u00e9t\u00e9 incomparable : \u00ab\u00a0Nous proposons tous les morceaux de viande de b\u0153uf \u2013 entrec\u00f4te, gigot, filet, c\u00f4te de b\u0153uf, \u00e9paule, poitrine, cou, rago\u00fbt et \u00e9minc\u00e9 ou encore tripes de b\u0153uf \u2013, ainsi que de la viande de veau, de porc, de cheval et de volaille \u2013 la plupart provenant de Suisse\u00a0\u00bb. De quoi satisfaire tous les go\u00fbts et toutes les envies\u00a0!<\/p>\n<p>Pour accompagner les d\u00e9licieux plats de viande, le cellier d\u2019ALIGRO propose une grande diversit\u00e9 de choix, comptant plus de 1000 vins blancs, ros\u00e9s et rouges, pr\u00e8s de 200 champagnes et de mousseux, ainsi que 700 spiritueux.<\/p>\n<p><strong>Grillades \u00e0 No\u00ebl<\/strong><\/p>\n<p>C\u2019est inhabituel, mais peut-\u00eatre d\u2019autant plus original, de proposer des grillades en hiver\u00a0!<\/p>\n<p>Le chef Philipp Glauser, vice-champion du monde et champion de Suisse de barbecue, livre quelques astuces pour ex\u00e9cuter de d\u00e9licieuses grillades. Les classiques, tels que le filet ou l\u2019entrec\u00f4te de b\u0153uf, sont toujours une valeur s\u00fbre. En mati\u00e8re de grillades, la tendance\u00a0 est actuellement aux Second Cuts (morceaux mijot\u00e9s et pr\u00e9par\u00e9s sous forme de r\u00f4ti). On rencontre \u00e9galement de plus en plus souvent le Brisket, une pi\u00e8ce se situant dans la zone de poitrine du b\u0153uf.<\/p>\n<p>Et pour ajouter de la saveur, on peut miser sur les \u00e9pices\u00a0: la marinade dite humide, compos\u00e9e d\u2019ingr\u00e9dients frais et d\u2019un ingr\u00e9dient liquide ou gras, permet \u00e0 la viande de s\u2019impr\u00e9gner en profondeur de toutes les saveurs et l\u2019assaisonner ainsi jusqu\u2019en son centre. La marinade dite s\u00e8che (ou \u00ab\u00a0dry rub\u00a0\u00bb, qui, en anglais, signifie \u00ab\u00a0frottement \u00e0 sec\u00a0\u00bb) est compos\u00e9e d\u2019un m\u00e9lange d\u2019\u00e9pices, est \u00e9galement tr\u00e8s en vogue dans la restauration, et conf\u00e8re de fortes saveurs tout en lui permettant de conserver son jus.<\/p>\n<p>Le chef d\u00e9conseille la pr\u00e9paration de morceaux de viande dont le temps de cuisson id\u00e9ale d\u00e9passe le temps dont on dispose pour sa pr\u00e9paration. La cl\u00e9 du succ\u00e8s, explique-t-il, r\u00e9side dans les ingr\u00e9dients de base, le temps investi dans la pr\u00e9paration et une cuisson qui permet d\u2019obtenir une temp\u00e9rature \u00e0 c\u0153ur ad\u00e9quate.<\/p>\n<p><strong>Pour les f\u00eates de fin d\u2019ann\u00e9e, honneur \u00e0 la viande<\/strong><\/p>\n<p>ALIGRO propose de nombreuses actions hebdomadaires sur son rayon boucherie. Pourquoi ne pas en profiter pour amener de la nouveaut\u00e9 dans vos menus de fin d\u2019ann\u00e9e, en misant par exemple sur la viande de cheval ? Marc-Alain Huguet, boucher au march\u00e9 de Chavannes et au b\u00e9n\u00e9fice de 20 ans d\u2019exp\u00e9rience comme traiteur, appr\u00e9cie particuli\u00e8rement cuisiner du r\u00f4ti de cheval en p\u00e9riode hivernale. Accompagn\u00e9 de sauce au vin rouge, ce plat est un v\u00e9ritable d\u00e9lice et permet d\u2019amener la touche de chaleur id\u00e9ale pour les f\u00eates de fin d\u2019ann\u00e9e.<\/p>\n<p>Alors vous aussi, d\u00e9couvrez les morceaux qui vous feront plaisir et profitez des conseils avis\u00e9s de nos sp\u00e9cialistes.[\/vc_column_text][\/vc_column][\/vc_row]<\/p>\n<\/div>","protected":false},"excerpt":{"rendered":"<p>[vc_row][vc_column][vc_column_text]Chaque semaine, ALIGRO propose des actions exceptionnelles sur son rayon boucherie. C\u2019est l\u2019occasion id\u00e9ale pour les clients de<a class=\"moretag\" href=\"https:\/\/www.aligro.ch\/pages\/fr\/news\/grillades-en-hiver-apportez-de-loriginalite-aux-fetes-de-fin-dannee\/\"> &#8230;<\/a><\/p>\n","protected":false},"author":9,"featured_media":58979,"comment_status":"closed","ping_status":"closed","sticky":false,"template":"","format":"standard","meta":{"_acf_changed":false,"footnotes":""},"categories":[1],"tags":[],"class_list":["post-58971","post","type-post","status-publish","format-standard","has-post-thumbnail","hentry","category-autre"],"acf":[],"yoast_head":"<!-- This site is optimized with the Yoast SEO plugin v27.4 - https:\/\/yoast.com\/product\/yoast-seo-wordpress\/ -->\n<title>Grillades en hiver: apportez de l&#039;originalit\u00e9 aux f\u00eates de fin d\u2019ann\u00e9e<\/title>\n<meta name=\"description\" content=\"ALIGRO propose chaque semaine des actions exceptionnelles sur son rayon boucherie.\" \/>\n<meta name=\"robots\" content=\"index, follow, max-snippet:-1, max-image-preview:large, max-video-preview:-1\" \/>\n<link rel=\"canonical\" href=\"https:\/\/www.aligro.ch\/pages\/fr\/news\/grillades-en-hiver-apportez-de-loriginalite-aux-fetes-de-fin-dannee\/\" \/>\n<meta property=\"og:locale\" content=\"fr_FR\" \/>\n<meta property=\"og:type\" content=\"article\" \/>\n<meta property=\"og:title\" content=\"Grillades en hiver: apportez de l&#039;originalit\u00e9 aux f\u00eates de fin d\u2019ann\u00e9e\" \/>\n<meta property=\"og:description\" content=\"ALIGRO propose chaque semaine des actions exceptionnelles sur son rayon boucherie.\" \/>\n<meta property=\"og:url\" content=\"https:\/\/www.aligro.ch\/pages\/fr\/news\/grillades-en-hiver-apportez-de-loriginalite-aux-fetes-de-fin-dannee\/\" \/>\n<meta property=\"og:site_name\" content=\"ALIGRO\" \/>\n<meta property=\"article:publisher\" content=\"https:\/\/fb.com\/aligrosuisse\" \/>\n<meta property=\"article:published_time\" content=\"2022-11-24T09:27:29+00:00\" \/>\n<meta property=\"article:modified_time\" content=\"2022-11-30T09:23:50+00:00\" \/>\n<meta property=\"og:image\" content=\"https:\/\/www.aligro.ch\/pages\/wp-content\/uploads\/2022\/11\/iStock-875198002.jpg\" \/>\n\t<meta property=\"og:image:width\" content=\"1920\" \/>\n\t<meta property=\"og:image:height\" content=\"1288\" \/>\n\t<meta property=\"og:image:type\" content=\"image\/jpeg\" \/>\n<meta name=\"author\" content=\"Vincent Lavanchy\" \/>\n<meta name=\"twitter:card\" content=\"summary_large_image\" \/>\n<meta name=\"twitter:label1\" content=\"\u00c9crit par\" \/>\n\t<meta name=\"twitter:data1\" content=\"Vincent Lavanchy\" \/>\n\t<meta name=\"twitter:label2\" content=\"Dur\u00e9e de lecture estim\u00e9e\" \/>\n\t<meta name=\"twitter:data2\" content=\"3 minutes\" \/>\n<script type=\"application\/ld+json\" class=\"yoast-schema-graph\">{\"@context\":\"https:\\\/\\\/schema.org\",\"@graph\":[{\"@type\":\"Article\",\"@id\":\"https:\\\/\\\/www.aligro.ch\\\/pages\\\/fr\\\/news\\\/grillades-en-hiver-apportez-de-loriginalite-aux-fetes-de-fin-dannee\\\/#article\",\"isPartOf\":{\"@id\":\"https:\\\/\\\/www.aligro.ch\\\/pages\\\/fr\\\/news\\\/grillades-en-hiver-apportez-de-loriginalite-aux-fetes-de-fin-dannee\\\/\"},\"author\":{\"name\":\"Vincent Lavanchy\",\"@id\":\"https:\\\/\\\/www.aligro.ch\\\/pages\\\/#\\\/schema\\\/person\\\/abe4f4a53fec53a8dea10e43adbbe7e3\"},\"headline\":\"Grillades en hiver: apportez de l&rsquo;originalit\u00e9 aux f\u00eates de fin d\u2019ann\u00e9e\",\"datePublished\":\"2022-11-24T09:27:29+00:00\",\"dateModified\":\"2022-11-30T09:23:50+00:00\",\"mainEntityOfPage\":{\"@id\":\"https:\\\/\\\/www.aligro.ch\\\/pages\\\/fr\\\/news\\\/grillades-en-hiver-apportez-de-loriginalite-aux-fetes-de-fin-dannee\\\/\"},\"wordCount\":675,\"publisher\":{\"@id\":\"https:\\\/\\\/www.aligro.ch\\\/pages\\\/#organization\"},\"image\":{\"@id\":\"https:\\\/\\\/www.aligro.ch\\\/pages\\\/fr\\\/news\\\/grillades-en-hiver-apportez-de-loriginalite-aux-fetes-de-fin-dannee\\\/#primaryimage\"},\"thumbnailUrl\":\"https:\\\/\\\/www.aligro.ch\\\/pages\\\/wp-content\\\/uploads\\\/2022\\\/11\\\/iStock-875198002.jpg\",\"articleSection\":[\"Autre\"],\"inLanguage\":\"fr-FR\"},{\"@type\":\"WebPage\",\"@id\":\"https:\\\/\\\/www.aligro.ch\\\/pages\\\/fr\\\/news\\\/grillades-en-hiver-apportez-de-loriginalite-aux-fetes-de-fin-dannee\\\/\",\"url\":\"https:\\\/\\\/www.aligro.ch\\\/pages\\\/fr\\\/news\\\/grillades-en-hiver-apportez-de-loriginalite-aux-fetes-de-fin-dannee\\\/\",\"name\":\"Grillades en hiver: apportez de l'originalit\u00e9 aux f\u00eates de fin d\u2019ann\u00e9e\",\"isPartOf\":{\"@id\":\"https:\\\/\\\/www.aligro.ch\\\/pages\\\/#website\"},\"primaryImageOfPage\":{\"@id\":\"https:\\\/\\\/www.aligro.ch\\\/pages\\\/fr\\\/news\\\/grillades-en-hiver-apportez-de-loriginalite-aux-fetes-de-fin-dannee\\\/#primaryimage\"},\"image\":{\"@id\":\"https:\\\/\\\/www.aligro.ch\\\/pages\\\/fr\\\/news\\\/grillades-en-hiver-apportez-de-loriginalite-aux-fetes-de-fin-dannee\\\/#primaryimage\"},\"thumbnailUrl\":\"https:\\\/\\\/www.aligro.ch\\\/pages\\\/wp-content\\\/uploads\\\/2022\\\/11\\\/iStock-875198002.jpg\",\"datePublished\":\"2022-11-24T09:27:29+00:00\",\"dateModified\":\"2022-11-30T09:23:50+00:00\",\"description\":\"ALIGRO propose chaque semaine des actions exceptionnelles sur son rayon boucherie.\",\"breadcrumb\":{\"@id\":\"https:\\\/\\\/www.aligro.ch\\\/pages\\\/fr\\\/news\\\/grillades-en-hiver-apportez-de-loriginalite-aux-fetes-de-fin-dannee\\\/#breadcrumb\"},\"inLanguage\":\"fr-FR\",\"potentialAction\":[{\"@type\":\"ReadAction\",\"target\":[\"https:\\\/\\\/www.aligro.ch\\\/pages\\\/fr\\\/news\\\/grillades-en-hiver-apportez-de-loriginalite-aux-fetes-de-fin-dannee\\\/\"]}]},{\"@type\":\"ImageObject\",\"inLanguage\":\"fr-FR\",\"@id\":\"https:\\\/\\\/www.aligro.ch\\\/pages\\\/fr\\\/news\\\/grillades-en-hiver-apportez-de-loriginalite-aux-fetes-de-fin-dannee\\\/#primaryimage\",\"url\":\"https:\\\/\\\/www.aligro.ch\\\/pages\\\/wp-content\\\/uploads\\\/2022\\\/11\\\/iStock-875198002.jpg\",\"contentUrl\":\"https:\\\/\\\/www.aligro.ch\\\/pages\\\/wp-content\\\/uploads\\\/2022\\\/11\\\/iStock-875198002.jpg\",\"width\":1920,\"height\":1288,\"caption\":\"Family having a Christmas dinner\"},{\"@type\":\"BreadcrumbList\",\"@id\":\"https:\\\/\\\/www.aligro.ch\\\/pages\\\/fr\\\/news\\\/grillades-en-hiver-apportez-de-loriginalite-aux-fetes-de-fin-dannee\\\/#breadcrumb\",\"itemListElement\":[{\"@type\":\"ListItem\",\"position\":1,\"name\":\"Accueil\",\"item\":\"https:\\\/\\\/www.aligro.ch\\\/pages\\\/de\\\/aligro-academy\\\/\"},{\"@type\":\"ListItem\",\"position\":2,\"name\":\"Grillades en hiver: apportez de l&rsquo;originalit\u00e9 aux f\u00eates de fin d\u2019ann\u00e9e\"}]},{\"@type\":\"WebSite\",\"@id\":\"https:\\\/\\\/www.aligro.ch\\\/pages\\\/#website\",\"url\":\"https:\\\/\\\/www.aligro.ch\\\/pages\\\/\",\"name\":\"ALIGRO\",\"description\":\"Fra\u00eecheur. Qualit\u00e9. Inspiration.\",\"publisher\":{\"@id\":\"https:\\\/\\\/www.aligro.ch\\\/pages\\\/#organization\"},\"potentialAction\":[{\"@type\":\"SearchAction\",\"target\":{\"@type\":\"EntryPoint\",\"urlTemplate\":\"https:\\\/\\\/www.aligro.ch\\\/pages\\\/?s={search_term_string}\"},\"query-input\":{\"@type\":\"PropertyValueSpecification\",\"valueRequired\":true,\"valueName\":\"search_term_string\"}}],\"inLanguage\":\"fr-FR\"},{\"@type\":\"Organization\",\"@id\":\"https:\\\/\\\/www.aligro.ch\\\/pages\\\/#organization\",\"name\":\"ALIGRO\",\"url\":\"https:\\\/\\\/www.aligro.ch\\\/pages\\\/\",\"logo\":{\"@type\":\"ImageObject\",\"inLanguage\":\"fr-FR\",\"@id\":\"https:\\\/\\\/www.aligro.ch\\\/pages\\\/#\\\/schema\\\/logo\\\/image\\\/\",\"url\":\"https:\\\/\\\/www.aligro.ch\\\/pages\\\/wp-content\\\/uploads\\\/2018\\\/10\\\/Logo@4x.png\",\"contentUrl\":\"https:\\\/\\\/www.aligro.ch\\\/pages\\\/wp-content\\\/uploads\\\/2018\\\/10\\\/Logo@4x.png\",\"width\":1831,\"height\":228,\"caption\":\"ALIGRO\"},\"image\":{\"@id\":\"https:\\\/\\\/www.aligro.ch\\\/pages\\\/#\\\/schema\\\/logo\\\/image\\\/\"},\"sameAs\":[\"https:\\\/\\\/fb.com\\\/aligrosuisse\"]},{\"@type\":\"Person\",\"@id\":\"https:\\\/\\\/www.aligro.ch\\\/pages\\\/#\\\/schema\\\/person\\\/abe4f4a53fec53a8dea10e43adbbe7e3\",\"name\":\"Vincent Lavanchy\",\"image\":{\"@type\":\"ImageObject\",\"inLanguage\":\"fr-FR\",\"@id\":\"https:\\\/\\\/secure.gravatar.com\\\/avatar\\\/0c26d4efb7d6ae3d3acfb21cea043eed07c8459ea7780b7c5d9d73543f0c4d2e?s=96&d=mm&r=g\",\"url\":\"https:\\\/\\\/secure.gravatar.com\\\/avatar\\\/0c26d4efb7d6ae3d3acfb21cea043eed07c8459ea7780b7c5d9d73543f0c4d2e?s=96&d=mm&r=g\",\"contentUrl\":\"https:\\\/\\\/secure.gravatar.com\\\/avatar\\\/0c26d4efb7d6ae3d3acfb21cea043eed07c8459ea7780b7c5d9d73543f0c4d2e?s=96&d=mm&r=g\",\"caption\":\"Vincent Lavanchy\"}}]}<\/script>\n<!-- \/ Yoast SEO plugin. -->","yoast_head_json":{"title":"Grillades en hiver: apportez de l'originalit\u00e9 aux f\u00eates de fin d\u2019ann\u00e9e","description":"ALIGRO propose chaque semaine des actions exceptionnelles sur son rayon boucherie.","robots":{"index":"index","follow":"follow","max-snippet":"max-snippet:-1","max-image-preview":"max-image-preview:large","max-video-preview":"max-video-preview:-1"},"canonical":"https:\/\/www.aligro.ch\/pages\/fr\/news\/grillades-en-hiver-apportez-de-loriginalite-aux-fetes-de-fin-dannee\/","og_locale":"fr_FR","og_type":"article","og_title":"Grillades en hiver: apportez de l'originalit\u00e9 aux f\u00eates de fin d\u2019ann\u00e9e","og_description":"ALIGRO propose chaque semaine des actions exceptionnelles sur son rayon boucherie.","og_url":"https:\/\/www.aligro.ch\/pages\/fr\/news\/grillades-en-hiver-apportez-de-loriginalite-aux-fetes-de-fin-dannee\/","og_site_name":"ALIGRO","article_publisher":"https:\/\/fb.com\/aligrosuisse","article_published_time":"2022-11-24T09:27:29+00:00","article_modified_time":"2022-11-30T09:23:50+00:00","og_image":[{"width":1920,"height":1288,"url":"https:\/\/www.aligro.ch\/pages\/wp-content\/uploads\/2022\/11\/iStock-875198002.jpg","type":"image\/jpeg"}],"author":"Vincent Lavanchy","twitter_card":"summary_large_image","twitter_misc":{"\u00c9crit par":"Vincent Lavanchy","Dur\u00e9e de lecture estim\u00e9e":"3 minutes"},"schema":{"@context":"https:\/\/schema.org","@graph":[{"@type":"Article","@id":"https:\/\/www.aligro.ch\/pages\/fr\/news\/grillades-en-hiver-apportez-de-loriginalite-aux-fetes-de-fin-dannee\/#article","isPartOf":{"@id":"https:\/\/www.aligro.ch\/pages\/fr\/news\/grillades-en-hiver-apportez-de-loriginalite-aux-fetes-de-fin-dannee\/"},"author":{"name":"Vincent Lavanchy","@id":"https:\/\/www.aligro.ch\/pages\/#\/schema\/person\/abe4f4a53fec53a8dea10e43adbbe7e3"},"headline":"Grillades en hiver: apportez de l&rsquo;originalit\u00e9 aux f\u00eates de fin d\u2019ann\u00e9e","datePublished":"2022-11-24T09:27:29+00:00","dateModified":"2022-11-30T09:23:50+00:00","mainEntityOfPage":{"@id":"https:\/\/www.aligro.ch\/pages\/fr\/news\/grillades-en-hiver-apportez-de-loriginalite-aux-fetes-de-fin-dannee\/"},"wordCount":675,"publisher":{"@id":"https:\/\/www.aligro.ch\/pages\/#organization"},"image":{"@id":"https:\/\/www.aligro.ch\/pages\/fr\/news\/grillades-en-hiver-apportez-de-loriginalite-aux-fetes-de-fin-dannee\/#primaryimage"},"thumbnailUrl":"https:\/\/www.aligro.ch\/pages\/wp-content\/uploads\/2022\/11\/iStock-875198002.jpg","articleSection":["Autre"],"inLanguage":"fr-FR"},{"@type":"WebPage","@id":"https:\/\/www.aligro.ch\/pages\/fr\/news\/grillades-en-hiver-apportez-de-loriginalite-aux-fetes-de-fin-dannee\/","url":"https:\/\/www.aligro.ch\/pages\/fr\/news\/grillades-en-hiver-apportez-de-loriginalite-aux-fetes-de-fin-dannee\/","name":"Grillades en hiver: apportez de l'originalit\u00e9 aux f\u00eates de fin d\u2019ann\u00e9e","isPartOf":{"@id":"https:\/\/www.aligro.ch\/pages\/#website"},"primaryImageOfPage":{"@id":"https:\/\/www.aligro.ch\/pages\/fr\/news\/grillades-en-hiver-apportez-de-loriginalite-aux-fetes-de-fin-dannee\/#primaryimage"},"image":{"@id":"https:\/\/www.aligro.ch\/pages\/fr\/news\/grillades-en-hiver-apportez-de-loriginalite-aux-fetes-de-fin-dannee\/#primaryimage"},"thumbnailUrl":"https:\/\/www.aligro.ch\/pages\/wp-content\/uploads\/2022\/11\/iStock-875198002.jpg","datePublished":"2022-11-24T09:27:29+00:00","dateModified":"2022-11-30T09:23:50+00:00","description":"ALIGRO propose chaque semaine des actions exceptionnelles sur son rayon boucherie.","breadcrumb":{"@id":"https:\/\/www.aligro.ch\/pages\/fr\/news\/grillades-en-hiver-apportez-de-loriginalite-aux-fetes-de-fin-dannee\/#breadcrumb"},"inLanguage":"fr-FR","potentialAction":[{"@type":"ReadAction","target":["https:\/\/www.aligro.ch\/pages\/fr\/news\/grillades-en-hiver-apportez-de-loriginalite-aux-fetes-de-fin-dannee\/"]}]},{"@type":"ImageObject","inLanguage":"fr-FR","@id":"https:\/\/www.aligro.ch\/pages\/fr\/news\/grillades-en-hiver-apportez-de-loriginalite-aux-fetes-de-fin-dannee\/#primaryimage","url":"https:\/\/www.aligro.ch\/pages\/wp-content\/uploads\/2022\/11\/iStock-875198002.jpg","contentUrl":"https:\/\/www.aligro.ch\/pages\/wp-content\/uploads\/2022\/11\/iStock-875198002.jpg","width":1920,"height":1288,"caption":"Family having a Christmas dinner"},{"@type":"BreadcrumbList","@id":"https:\/\/www.aligro.ch\/pages\/fr\/news\/grillades-en-hiver-apportez-de-loriginalite-aux-fetes-de-fin-dannee\/#breadcrumb","itemListElement":[{"@type":"ListItem","position":1,"name":"Accueil","item":"https:\/\/www.aligro.ch\/pages\/de\/aligro-academy\/"},{"@type":"ListItem","position":2,"name":"Grillades en hiver: apportez de l&rsquo;originalit\u00e9 aux f\u00eates de fin d\u2019ann\u00e9e"}]},{"@type":"WebSite","@id":"https:\/\/www.aligro.ch\/pages\/#website","url":"https:\/\/www.aligro.ch\/pages\/","name":"ALIGRO","description":"Fra\u00eecheur. Qualit\u00e9. Inspiration.","publisher":{"@id":"https:\/\/www.aligro.ch\/pages\/#organization"},"potentialAction":[{"@type":"SearchAction","target":{"@type":"EntryPoint","urlTemplate":"https:\/\/www.aligro.ch\/pages\/?s={search_term_string}"},"query-input":{"@type":"PropertyValueSpecification","valueRequired":true,"valueName":"search_term_string"}}],"inLanguage":"fr-FR"},{"@type":"Organization","@id":"https:\/\/www.aligro.ch\/pages\/#organization","name":"ALIGRO","url":"https:\/\/www.aligro.ch\/pages\/","logo":{"@type":"ImageObject","inLanguage":"fr-FR","@id":"https:\/\/www.aligro.ch\/pages\/#\/schema\/logo\/image\/","url":"https:\/\/www.aligro.ch\/pages\/wp-content\/uploads\/2018\/10\/Logo@4x.png","contentUrl":"https:\/\/www.aligro.ch\/pages\/wp-content\/uploads\/2018\/10\/Logo@4x.png","width":1831,"height":228,"caption":"ALIGRO"},"image":{"@id":"https:\/\/www.aligro.ch\/pages\/#\/schema\/logo\/image\/"},"sameAs":["https:\/\/fb.com\/aligrosuisse"]},{"@type":"Person","@id":"https:\/\/www.aligro.ch\/pages\/#\/schema\/person\/abe4f4a53fec53a8dea10e43adbbe7e3","name":"Vincent Lavanchy","image":{"@type":"ImageObject","inLanguage":"fr-FR","@id":"https:\/\/secure.gravatar.com\/avatar\/0c26d4efb7d6ae3d3acfb21cea043eed07c8459ea7780b7c5d9d73543f0c4d2e?s=96&d=mm&r=g","url":"https:\/\/secure.gravatar.com\/avatar\/0c26d4efb7d6ae3d3acfb21cea043eed07c8459ea7780b7c5d9d73543f0c4d2e?s=96&d=mm&r=g","contentUrl":"https:\/\/secure.gravatar.com\/avatar\/0c26d4efb7d6ae3d3acfb21cea043eed07c8459ea7780b7c5d9d73543f0c4d2e?s=96&d=mm&r=g","caption":"Vincent Lavanchy"}}]}},"_links":{"self":[{"href":"https:\/\/www.aligro.ch\/pages\/wp-json\/wp\/v2\/posts\/58971","targetHints":{"allow":["GET"]}}],"collection":[{"href":"https:\/\/www.aligro.ch\/pages\/wp-json\/wp\/v2\/posts"}],"about":[{"href":"https:\/\/www.aligro.ch\/pages\/wp-json\/wp\/v2\/types\/post"}],"author":[{"embeddable":true,"href":"https:\/\/www.aligro.ch\/pages\/wp-json\/wp\/v2\/users\/9"}],"replies":[{"embeddable":true,"href":"https:\/\/www.aligro.ch\/pages\/wp-json\/wp\/v2\/comments?post=58971"}],"version-history":[{"count":5,"href":"https:\/\/www.aligro.ch\/pages\/wp-json\/wp\/v2\/posts\/58971\/revisions"}],"predecessor-version":[{"id":59140,"href":"https:\/\/www.aligro.ch\/pages\/wp-json\/wp\/v2\/posts\/58971\/revisions\/59140"}],"wp:featuredmedia":[{"embeddable":true,"href":"https:\/\/www.aligro.ch\/pages\/wp-json\/wp\/v2\/media\/58979"}],"wp:attachment":[{"href":"https:\/\/www.aligro.ch\/pages\/wp-json\/wp\/v2\/media?parent=58971"}],"wp:term":[{"taxonomy":"category","embeddable":true,"href":"https:\/\/www.aligro.ch\/pages\/wp-json\/wp\/v2\/categories?post=58971"},{"taxonomy":"post_tag","embeddable":true,"href":"https:\/\/www.aligro.ch\/pages\/wp-json\/wp\/v2\/tags?post=58971"}],"curies":[{"name":"wp","href":"https:\/\/api.w.org\/{rel}","templated":true}]}}