{"id":58857,"date":"2022-11-21T09:43:40","date_gmt":"2022-11-21T08:43:40","guid":{"rendered":"https:\/\/www.aligro.ch\/pages\/?p=58857"},"modified":"2022-11-21T09:43:40","modified_gmt":"2022-11-21T08:43:40","slug":"vente-de-clementines-en-faveur-de-laide-humanitaire","status":"publish","type":"post","link":"https:\/\/www.aligro.ch\/pages\/fr\/news\/vente-de-clementines-en-faveur-de-laide-humanitaire\/","title":{"rendered":"Vente de cl\u00e9mentines en faveur de l\u2019aide humanitaire"},"content":{"rendered":"<div class=\"wpb-content-wrapper\"><p>[vc_row][vc_column][vc_column_text]Du 28 novembre au 3 d\u00e9cembre, tous les march\u00e9s ALIGRO proposent des cagettes de cl\u00e9mentines dont le produit de la vente sera enti\u00e8rement revers\u00e9 \u00e0 MEDAIR et contribuera au d\u00e9veloppement de ses projets.<\/p>\n<p>ALIGRO soutient MEDAIR depuis de nombreuses ann\u00e9es. Il s\u2019agit d\u2019une organisation non gouvernementale d\u2019aide humanitaire, fond\u00e9e en Suisse en 1989, dont l\u2019objectif est d\u2019apporter une aide d\u2019urgence et de reconstruction.<\/p>\n<p>Gr\u00e2ce \u00e0 vos achats, vous participez notamment \u00e0 la r\u00e9habilitation des habitations en Ukraine touch\u00e9es par le conflit et \u00e0 l\u2019approvisionnement de soins m\u00e9dicaux.[\/vc_column_text][\/vc_column][\/vc_row][vc_row][vc_column][vc_single_image image=\u00a0\u00bb58869&Prime; img_size=\u00a0\u00bbfull\u00a0\u00bb][\/vc_column][\/vc_row]<\/p>\n<\/div>","protected":false},"excerpt":{"rendered":"<p>[vc_row][vc_column][vc_column_text]Du 28 novembre au 3 d\u00e9cembre, tous les march\u00e9s ALIGRO proposent des cagettes de cl\u00e9mentines dont le produit<a class=\"moretag\" href=\"https:\/\/www.aligro.ch\/pages\/fr\/news\/vente-de-clementines-en-faveur-de-laide-humanitaire\/\"> &#8230;<\/a><\/p>\n","protected":false},"author":9,"featured_media":58859,"comment_status":"closed","ping_status":"closed","sticky":false,"template":"","format":"standard","meta":{"_acf_changed":false,"footnotes":""},"categories":[1],"tags":[],"class_list":["post-58857","post","type-post","status-publish","format-standard","has-post-thumbnail","hentry","category-autre"],"acf":[],"yoast_head":"<!-- This site is optimized with the Yoast SEO plugin v27.4 - https:\/\/yoast.com\/product\/yoast-seo-wordpress\/ -->\n<title>Vente de cl\u00e9mentines en faveur de l\u2019aide humanitaire<\/title>\n<meta name=\"description\" content=\"Du 28 novembre au 3 d\u00e9cembre, tous les march\u00e9s ALIGRO proposent des cagettes de cl\u00e9mentines dont le produit de la vente sera enti\u00e8rement revers\u00e9 \u00e0 MEDAIR.\" \/>\n<meta name=\"robots\" content=\"index, follow, max-snippet:-1, max-image-preview:large, max-video-preview:-1\" \/>\n<link rel=\"canonical\" href=\"https:\/\/www.aligro.ch\/pages\/fr\/news\/vente-de-clementines-en-faveur-de-laide-humanitaire\/\" \/>\n<meta property=\"og:locale\" content=\"fr_FR\" \/>\n<meta property=\"og:type\" content=\"article\" \/>\n<meta property=\"og:title\" content=\"Vente de cl\u00e9mentines en faveur de l\u2019aide humanitaire\" \/>\n<meta property=\"og:description\" content=\"Du 28 novembre au 3 d\u00e9cembre, tous les march\u00e9s ALIGRO proposent des cagettes de cl\u00e9mentines dont le produit de la vente sera enti\u00e8rement revers\u00e9 \u00e0 MEDAIR.\" \/>\n<meta property=\"og:url\" content=\"https:\/\/www.aligro.ch\/pages\/fr\/news\/vente-de-clementines-en-faveur-de-laide-humanitaire\/\" \/>\n<meta property=\"og:site_name\" content=\"ALIGRO\" \/>\n<meta property=\"article:publisher\" content=\"https:\/\/fb.com\/aligrosuisse\" \/>\n<meta property=\"article:published_time\" content=\"2022-11-21T08:43:40+00:00\" \/>\n<meta property=\"og:image\" content=\"https:\/\/www.aligro.ch\/pages\/wp-content\/uploads\/2022\/11\/iStock-174904589.jpg\" \/>\n\t<meta property=\"og:image:width\" content=\"1920\" \/>\n\t<meta property=\"og:image:height\" content=\"1280\" \/>\n\t<meta property=\"og:image:type\" content=\"image\/jpeg\" \/>\n<meta name=\"author\" content=\"Vincent Lavanchy\" \/>\n<meta name=\"twitter:card\" content=\"summary_large_image\" \/>\n<meta name=\"twitter:label1\" content=\"\u00c9crit par\" \/>\n\t<meta name=\"twitter:data1\" content=\"Vincent Lavanchy\" \/>\n\t<meta name=\"twitter:label2\" content=\"Dur\u00e9e de lecture estim\u00e9e\" \/>\n\t<meta name=\"twitter:data2\" content=\"1 minute\" \/>\n<script type=\"application\/ld+json\" class=\"yoast-schema-graph\">{\"@context\":\"https:\\\/\\\/schema.org\",\"@graph\":[{\"@type\":\"Article\",\"@id\":\"https:\\\/\\\/www.aligro.ch\\\/pages\\\/fr\\\/news\\\/vente-de-clementines-en-faveur-de-laide-humanitaire\\\/#article\",\"isPartOf\":{\"@id\":\"https:\\\/\\\/www.aligro.ch\\\/pages\\\/fr\\\/news\\\/vente-de-clementines-en-faveur-de-laide-humanitaire\\\/\"},\"author\":{\"name\":\"Vincent Lavanchy\",\"@id\":\"https:\\\/\\\/www.aligro.ch\\\/pages\\\/#\\\/schema\\\/person\\\/abe4f4a53fec53a8dea10e43adbbe7e3\"},\"headline\":\"Vente de cl\u00e9mentines en faveur de l\u2019aide humanitaire\",\"datePublished\":\"2022-11-21T08:43:40+00:00\",\"mainEntityOfPage\":{\"@id\":\"https:\\\/\\\/www.aligro.ch\\\/pages\\\/fr\\\/news\\\/vente-de-clementines-en-faveur-de-laide-humanitaire\\\/\"},\"wordCount\":137,\"publisher\":{\"@id\":\"https:\\\/\\\/www.aligro.ch\\\/pages\\\/#organization\"},\"image\":{\"@id\":\"https:\\\/\\\/www.aligro.ch\\\/pages\\\/fr\\\/news\\\/vente-de-clementines-en-faveur-de-laide-humanitaire\\\/#primaryimage\"},\"thumbnailUrl\":\"https:\\\/\\\/www.aligro.ch\\\/pages\\\/wp-content\\\/uploads\\\/2022\\\/11\\\/iStock-174904589.jpg\",\"articleSection\":[\"Autre\"],\"inLanguage\":\"fr-FR\"},{\"@type\":\"WebPage\",\"@id\":\"https:\\\/\\\/www.aligro.ch\\\/pages\\\/fr\\\/news\\\/vente-de-clementines-en-faveur-de-laide-humanitaire\\\/\",\"url\":\"https:\\\/\\\/www.aligro.ch\\\/pages\\\/fr\\\/news\\\/vente-de-clementines-en-faveur-de-laide-humanitaire\\\/\",\"name\":\"Vente de cl\u00e9mentines en faveur de l\u2019aide humanitaire\",\"isPartOf\":{\"@id\":\"https:\\\/\\\/www.aligro.ch\\\/pages\\\/#website\"},\"primaryImageOfPage\":{\"@id\":\"https:\\\/\\\/www.aligro.ch\\\/pages\\\/fr\\\/news\\\/vente-de-clementines-en-faveur-de-laide-humanitaire\\\/#primaryimage\"},\"image\":{\"@id\":\"https:\\\/\\\/www.aligro.ch\\\/pages\\\/fr\\\/news\\\/vente-de-clementines-en-faveur-de-laide-humanitaire\\\/#primaryimage\"},\"thumbnailUrl\":\"https:\\\/\\\/www.aligro.ch\\\/pages\\\/wp-content\\\/uploads\\\/2022\\\/11\\\/iStock-174904589.jpg\",\"datePublished\":\"2022-11-21T08:43:40+00:00\",\"description\":\"Du 28 novembre au 3 d\u00e9cembre, tous les march\u00e9s ALIGRO proposent des cagettes de cl\u00e9mentines dont le produit de la vente sera enti\u00e8rement revers\u00e9 \u00e0 MEDAIR.\",\"breadcrumb\":{\"@id\":\"https:\\\/\\\/www.aligro.ch\\\/pages\\\/fr\\\/news\\\/vente-de-clementines-en-faveur-de-laide-humanitaire\\\/#breadcrumb\"},\"inLanguage\":\"fr-FR\",\"potentialAction\":[{\"@type\":\"ReadAction\",\"target\":[\"https:\\\/\\\/www.aligro.ch\\\/pages\\\/fr\\\/news\\\/vente-de-clementines-en-faveur-de-laide-humanitaire\\\/\"]}]},{\"@type\":\"ImageObject\",\"inLanguage\":\"fr-FR\",\"@id\":\"https:\\\/\\\/www.aligro.ch\\\/pages\\\/fr\\\/news\\\/vente-de-clementines-en-faveur-de-laide-humanitaire\\\/#primaryimage\",\"url\":\"https:\\\/\\\/www.aligro.ch\\\/pages\\\/wp-content\\\/uploads\\\/2022\\\/11\\\/iStock-174904589.jpg\",\"contentUrl\":\"https:\\\/\\\/www.aligro.ch\\\/pages\\\/wp-content\\\/uploads\\\/2022\\\/11\\\/iStock-174904589.jpg\",\"width\":1920,\"height\":1280,\"caption\":\"\\\"Mandarins with leafs, focus on stem of first mandarin.\\\"\"},{\"@type\":\"BreadcrumbList\",\"@id\":\"https:\\\/\\\/www.aligro.ch\\\/pages\\\/fr\\\/news\\\/vente-de-clementines-en-faveur-de-laide-humanitaire\\\/#breadcrumb\",\"itemListElement\":[{\"@type\":\"ListItem\",\"position\":1,\"name\":\"Accueil\",\"item\":\"https:\\\/\\\/www.aligro.ch\\\/pages\\\/de\\\/aligro-academy\\\/\"},{\"@type\":\"ListItem\",\"position\":2,\"name\":\"Vente de cl\u00e9mentines en faveur de l\u2019aide humanitaire\"}]},{\"@type\":\"WebSite\",\"@id\":\"https:\\\/\\\/www.aligro.ch\\\/pages\\\/#website\",\"url\":\"https:\\\/\\\/www.aligro.ch\\\/pages\\\/\",\"name\":\"ALIGRO\",\"description\":\"Fra\u00eecheur. Qualit\u00e9. Inspiration.\",\"publisher\":{\"@id\":\"https:\\\/\\\/www.aligro.ch\\\/pages\\\/#organization\"},\"potentialAction\":[{\"@type\":\"SearchAction\",\"target\":{\"@type\":\"EntryPoint\",\"urlTemplate\":\"https:\\\/\\\/www.aligro.ch\\\/pages\\\/?s={search_term_string}\"},\"query-input\":{\"@type\":\"PropertyValueSpecification\",\"valueRequired\":true,\"valueName\":\"search_term_string\"}}],\"inLanguage\":\"fr-FR\"},{\"@type\":\"Organization\",\"@id\":\"https:\\\/\\\/www.aligro.ch\\\/pages\\\/#organization\",\"name\":\"ALIGRO\",\"url\":\"https:\\\/\\\/www.aligro.ch\\\/pages\\\/\",\"logo\":{\"@type\":\"ImageObject\",\"inLanguage\":\"fr-FR\",\"@id\":\"https:\\\/\\\/www.aligro.ch\\\/pages\\\/#\\\/schema\\\/logo\\\/image\\\/\",\"url\":\"https:\\\/\\\/www.aligro.ch\\\/pages\\\/wp-content\\\/uploads\\\/2018\\\/10\\\/Logo@4x.png\",\"contentUrl\":\"https:\\\/\\\/www.aligro.ch\\\/pages\\\/wp-content\\\/uploads\\\/2018\\\/10\\\/Logo@4x.png\",\"width\":1831,\"height\":228,\"caption\":\"ALIGRO\"},\"image\":{\"@id\":\"https:\\\/\\\/www.aligro.ch\\\/pages\\\/#\\\/schema\\\/logo\\\/image\\\/\"},\"sameAs\":[\"https:\\\/\\\/fb.com\\\/aligrosuisse\"]},{\"@type\":\"Person\",\"@id\":\"https:\\\/\\\/www.aligro.ch\\\/pages\\\/#\\\/schema\\\/person\\\/abe4f4a53fec53a8dea10e43adbbe7e3\",\"name\":\"Vincent Lavanchy\",\"image\":{\"@type\":\"ImageObject\",\"inLanguage\":\"fr-FR\",\"@id\":\"https:\\\/\\\/secure.gravatar.com\\\/avatar\\\/0c26d4efb7d6ae3d3acfb21cea043eed07c8459ea7780b7c5d9d73543f0c4d2e?s=96&d=mm&r=g\",\"url\":\"https:\\\/\\\/secure.gravatar.com\\\/avatar\\\/0c26d4efb7d6ae3d3acfb21cea043eed07c8459ea7780b7c5d9d73543f0c4d2e?s=96&d=mm&r=g\",\"contentUrl\":\"https:\\\/\\\/secure.gravatar.com\\\/avatar\\\/0c26d4efb7d6ae3d3acfb21cea043eed07c8459ea7780b7c5d9d73543f0c4d2e?s=96&d=mm&r=g\",\"caption\":\"Vincent Lavanchy\"}}]}<\/script>\n<!-- \/ Yoast SEO plugin. -->","yoast_head_json":{"title":"Vente de cl\u00e9mentines en faveur de l\u2019aide humanitaire","description":"Du 28 novembre au 3 d\u00e9cembre, tous les march\u00e9s ALIGRO proposent des cagettes de cl\u00e9mentines dont le produit de la vente sera enti\u00e8rement revers\u00e9 \u00e0 MEDAIR.","robots":{"index":"index","follow":"follow","max-snippet":"max-snippet:-1","max-image-preview":"max-image-preview:large","max-video-preview":"max-video-preview:-1"},"canonical":"https:\/\/www.aligro.ch\/pages\/fr\/news\/vente-de-clementines-en-faveur-de-laide-humanitaire\/","og_locale":"fr_FR","og_type":"article","og_title":"Vente de cl\u00e9mentines en faveur de l\u2019aide humanitaire","og_description":"Du 28 novembre au 3 d\u00e9cembre, tous les march\u00e9s ALIGRO proposent des cagettes de cl\u00e9mentines dont le produit de la vente sera enti\u00e8rement revers\u00e9 \u00e0 MEDAIR.","og_url":"https:\/\/www.aligro.ch\/pages\/fr\/news\/vente-de-clementines-en-faveur-de-laide-humanitaire\/","og_site_name":"ALIGRO","article_publisher":"https:\/\/fb.com\/aligrosuisse","article_published_time":"2022-11-21T08:43:40+00:00","og_image":[{"width":1920,"height":1280,"url":"https:\/\/www.aligro.ch\/pages\/wp-content\/uploads\/2022\/11\/iStock-174904589.jpg","type":"image\/jpeg"}],"author":"Vincent Lavanchy","twitter_card":"summary_large_image","twitter_misc":{"\u00c9crit par":"Vincent Lavanchy","Dur\u00e9e de lecture estim\u00e9e":"1 minute"},"schema":{"@context":"https:\/\/schema.org","@graph":[{"@type":"Article","@id":"https:\/\/www.aligro.ch\/pages\/fr\/news\/vente-de-clementines-en-faveur-de-laide-humanitaire\/#article","isPartOf":{"@id":"https:\/\/www.aligro.ch\/pages\/fr\/news\/vente-de-clementines-en-faveur-de-laide-humanitaire\/"},"author":{"name":"Vincent Lavanchy","@id":"https:\/\/www.aligro.ch\/pages\/#\/schema\/person\/abe4f4a53fec53a8dea10e43adbbe7e3"},"headline":"Vente de cl\u00e9mentines en faveur de l\u2019aide humanitaire","datePublished":"2022-11-21T08:43:40+00:00","mainEntityOfPage":{"@id":"https:\/\/www.aligro.ch\/pages\/fr\/news\/vente-de-clementines-en-faveur-de-laide-humanitaire\/"},"wordCount":137,"publisher":{"@id":"https:\/\/www.aligro.ch\/pages\/#organization"},"image":{"@id":"https:\/\/www.aligro.ch\/pages\/fr\/news\/vente-de-clementines-en-faveur-de-laide-humanitaire\/#primaryimage"},"thumbnailUrl":"https:\/\/www.aligro.ch\/pages\/wp-content\/uploads\/2022\/11\/iStock-174904589.jpg","articleSection":["Autre"],"inLanguage":"fr-FR"},{"@type":"WebPage","@id":"https:\/\/www.aligro.ch\/pages\/fr\/news\/vente-de-clementines-en-faveur-de-laide-humanitaire\/","url":"https:\/\/www.aligro.ch\/pages\/fr\/news\/vente-de-clementines-en-faveur-de-laide-humanitaire\/","name":"Vente de cl\u00e9mentines en faveur de l\u2019aide humanitaire","isPartOf":{"@id":"https:\/\/www.aligro.ch\/pages\/#website"},"primaryImageOfPage":{"@id":"https:\/\/www.aligro.ch\/pages\/fr\/news\/vente-de-clementines-en-faveur-de-laide-humanitaire\/#primaryimage"},"image":{"@id":"https:\/\/www.aligro.ch\/pages\/fr\/news\/vente-de-clementines-en-faveur-de-laide-humanitaire\/#primaryimage"},"thumbnailUrl":"https:\/\/www.aligro.ch\/pages\/wp-content\/uploads\/2022\/11\/iStock-174904589.jpg","datePublished":"2022-11-21T08:43:40+00:00","description":"Du 28 novembre au 3 d\u00e9cembre, tous les march\u00e9s ALIGRO proposent des cagettes de cl\u00e9mentines dont le produit de la vente sera enti\u00e8rement revers\u00e9 \u00e0 MEDAIR.","breadcrumb":{"@id":"https:\/\/www.aligro.ch\/pages\/fr\/news\/vente-de-clementines-en-faveur-de-laide-humanitaire\/#breadcrumb"},"inLanguage":"fr-FR","potentialAction":[{"@type":"ReadAction","target":["https:\/\/www.aligro.ch\/pages\/fr\/news\/vente-de-clementines-en-faveur-de-laide-humanitaire\/"]}]},{"@type":"ImageObject","inLanguage":"fr-FR","@id":"https:\/\/www.aligro.ch\/pages\/fr\/news\/vente-de-clementines-en-faveur-de-laide-humanitaire\/#primaryimage","url":"https:\/\/www.aligro.ch\/pages\/wp-content\/uploads\/2022\/11\/iStock-174904589.jpg","contentUrl":"https:\/\/www.aligro.ch\/pages\/wp-content\/uploads\/2022\/11\/iStock-174904589.jpg","width":1920,"height":1280,"caption":"\"Mandarins with leafs, focus on stem of first mandarin.\""},{"@type":"BreadcrumbList","@id":"https:\/\/www.aligro.ch\/pages\/fr\/news\/vente-de-clementines-en-faveur-de-laide-humanitaire\/#breadcrumb","itemListElement":[{"@type":"ListItem","position":1,"name":"Accueil","item":"https:\/\/www.aligro.ch\/pages\/de\/aligro-academy\/"},{"@type":"ListItem","position":2,"name":"Vente de cl\u00e9mentines en faveur de l\u2019aide humanitaire"}]},{"@type":"WebSite","@id":"https:\/\/www.aligro.ch\/pages\/#website","url":"https:\/\/www.aligro.ch\/pages\/","name":"ALIGRO","description":"Fra\u00eecheur. Qualit\u00e9. Inspiration.","publisher":{"@id":"https:\/\/www.aligro.ch\/pages\/#organization"},"potentialAction":[{"@type":"SearchAction","target":{"@type":"EntryPoint","urlTemplate":"https:\/\/www.aligro.ch\/pages\/?s={search_term_string}"},"query-input":{"@type":"PropertyValueSpecification","valueRequired":true,"valueName":"search_term_string"}}],"inLanguage":"fr-FR"},{"@type":"Organization","@id":"https:\/\/www.aligro.ch\/pages\/#organization","name":"ALIGRO","url":"https:\/\/www.aligro.ch\/pages\/","logo":{"@type":"ImageObject","inLanguage":"fr-FR","@id":"https:\/\/www.aligro.ch\/pages\/#\/schema\/logo\/image\/","url":"https:\/\/www.aligro.ch\/pages\/wp-content\/uploads\/2018\/10\/Logo@4x.png","contentUrl":"https:\/\/www.aligro.ch\/pages\/wp-content\/uploads\/2018\/10\/Logo@4x.png","width":1831,"height":228,"caption":"ALIGRO"},"image":{"@id":"https:\/\/www.aligro.ch\/pages\/#\/schema\/logo\/image\/"},"sameAs":["https:\/\/fb.com\/aligrosuisse"]},{"@type":"Person","@id":"https:\/\/www.aligro.ch\/pages\/#\/schema\/person\/abe4f4a53fec53a8dea10e43adbbe7e3","name":"Vincent Lavanchy","image":{"@type":"ImageObject","inLanguage":"fr-FR","@id":"https:\/\/secure.gravatar.com\/avatar\/0c26d4efb7d6ae3d3acfb21cea043eed07c8459ea7780b7c5d9d73543f0c4d2e?s=96&d=mm&r=g","url":"https:\/\/secure.gravatar.com\/avatar\/0c26d4efb7d6ae3d3acfb21cea043eed07c8459ea7780b7c5d9d73543f0c4d2e?s=96&d=mm&r=g","contentUrl":"https:\/\/secure.gravatar.com\/avatar\/0c26d4efb7d6ae3d3acfb21cea043eed07c8459ea7780b7c5d9d73543f0c4d2e?s=96&d=mm&r=g","caption":"Vincent Lavanchy"}}]}},"_links":{"self":[{"href":"https:\/\/www.aligro.ch\/pages\/wp-json\/wp\/v2\/posts\/58857","targetHints":{"allow":["GET"]}}],"collection":[{"href":"https:\/\/www.aligro.ch\/pages\/wp-json\/wp\/v2\/posts"}],"about":[{"href":"https:\/\/www.aligro.ch\/pages\/wp-json\/wp\/v2\/types\/post"}],"author":[{"embeddable":true,"href":"https:\/\/www.aligro.ch\/pages\/wp-json\/wp\/v2\/users\/9"}],"replies":[{"embeddable":true,"href":"https:\/\/www.aligro.ch\/pages\/wp-json\/wp\/v2\/comments?post=58857"}],"version-history":[{"count":2,"href":"https:\/\/www.aligro.ch\/pages\/wp-json\/wp\/v2\/posts\/58857\/revisions"}],"predecessor-version":[{"id":58870,"href":"https:\/\/www.aligro.ch\/pages\/wp-json\/wp\/v2\/posts\/58857\/revisions\/58870"}],"wp:featuredmedia":[{"embeddable":true,"href":"https:\/\/www.aligro.ch\/pages\/wp-json\/wp\/v2\/media\/58859"}],"wp:attachment":[{"href":"https:\/\/www.aligro.ch\/pages\/wp-json\/wp\/v2\/media?parent=58857"}],"wp:term":[{"taxonomy":"category","embeddable":true,"href":"https:\/\/www.aligro.ch\/pages\/wp-json\/wp\/v2\/categories?post=58857"},{"taxonomy":"post_tag","embeddable":true,"href":"https:\/\/www.aligro.ch\/pages\/wp-json\/wp\/v2\/tags?post=58857"}],"curies":[{"name":"wp","href":"https:\/\/api.w.org\/{rel}","templated":true}]}}