{"id":58645,"date":"2022-11-17T11:23:03","date_gmt":"2022-11-17T10:23:03","guid":{"rendered":"https:\/\/www.aligro.ch\/pages\/?p=58645"},"modified":"2022-11-17T11:24:20","modified_gmt":"2022-11-17T10:24:20","slug":"aligro-10-ans-de-succes-a-schlieren-prive","status":"publish","type":"post","link":"https:\/\/www.aligro.ch\/pages\/fr\/news\/aligro-10-ans-de-succes-a-schlieren-prive\/","title":{"rendered":"ALIGRO &#8211; 10 ans de succ\u00e8s \u00e0 Schlieren"},"content":{"rendered":"<div class=\"wpb-content-wrapper\"><p>[vc_row][vc_column][vc_column_text]<strong>Cela fait aujourd\u2019hui plus de dix ans qu\u2019ALIGRO a ouvert son premier march\u00e9 en Suisse al\u00e9manique. Depuis la reprise des neuf march\u00e9s CC Anghern par ALIGRO en automne 2017, l\u2019entreprise a fortement renforc\u00e9 sa position sur le march\u00e9 al\u00e9manique, la r\u00e9gion de Z\u00fcrich comptant d\u00e9j\u00e0, \u00e0 elle seule, trois march\u00e9s.<\/strong><\/p>\n<p>Michael Durante, directeur r\u00e9gional et ancien responsable du march\u00e9, se souvient que le premier march\u00e9 ALIGRO de Suisse al\u00e9manique a ouvert \u00e0 l&rsquo;automne 2012. Le chiffre d&rsquo;affaires a pu \u00eatre fortement augment\u00e9 durant cette p\u00e9riode, pour doubler d\u00e8s 2013. Il continue aujourd&rsquo;hui de cro\u00eetre chaque ann\u00e9e. Les clients professionnels aussi bien que priv\u00e9s apportent leur contribution au chiffre d&rsquo;affaires, participant ainsi au succ\u00e8s d\u2019ALIGRO.<\/p>\n<p>Abdulah Hirkic dirige le march\u00e9 depuis quelques semaines. Le responsable est particuli\u00e8rement fier que l\u2019entreprise ait pu s\u2019\u00e9tablir sur le march\u00e9, notamment gr\u00e2ce \u00e0 son offre importante et vari\u00e9e et \u00e0 la grande qualit\u00e9 des produits. Il se r\u00e9jouit du cercle vertueux d\u00fb \u00e0 la pr\u00e9sence des trois march\u00e9s dans la r\u00e9gion de Z\u00fcrich ainsi que de la prosp\u00e9rit\u00e9 du march\u00e9 de Schlieren. \u00ab\u00a0Chaque nouveau responsable de march\u00e9 donne un nouvel \u00e9lan \u00e0 l&rsquo;entreprise. L\u2019un de nos objectifs est d\u2019\u00eatre encore plus \u00e0 l&rsquo;\u00e9coute de notre client\u00e8le \u00bb, explique Hirkic.<\/p>\n<p>Le march\u00e9 de Schlieren est un p\u00f4le important du d\u00e9veloppement de l\u2019entreprise sur le plan national. Il accueille en effet les collaborateurs pour de nombreuses formations, par exemple dans le domaine de la gestion des Actifs Logiciels, dans la gestion de la relation-client\u00e8le ou encore concernant l\u2019aspect technique de l\u2019utilisation des caisses. Pour Michael Durante, une des forces du march\u00e9 se situe \u00e0 ce niveau. Comme pour beaucoup d\u2019entreprises, la crise sanitaire n\u2019a pas facilit\u00e9 le quotidien au march\u00e9. Cependant, l\u2019exploitation a pu \u00eatre maintenue, en grande partie gr\u00e2ce \u00e0 la motivation et au travail des collaborateurs, qui ont \u00e9t\u00e9 pr\u00e9cieux.<\/p>\n<p>Certains clients ne parlant pas forc\u00e9ment couramment l\u2019allemand ou le suisse-allemand, Abdulah Hirkic est toujours tr\u00e8s content de pouvoir compter sur les comp\u00e9tences linguistiques multiples du personnel du march\u00e9. Ainsi, chaque client peut trouver son compte, aussi bien sur le plan de la communication qu\u2019au niveau des produits recherch\u00e9s. \u00ab\u00a0Nous nous nous effor\u00e7ons de toujours mieux servir notre client\u00e8le. Il me tient tr\u00e8s \u00e0 c\u0153ur que les clients soient satisfaits de nos services, de l\u2019expertise des collaborateurs et de nos produits de mani\u00e8re g\u00e9n\u00e9rale\u00a0\u00bb, poursuit Abdulah Hirkic.<\/p>\n<p>Liliane Zimmermann, du service client\u00e8le, d\u2019ajouter : \u00ab\u00a0Ce que nos clients appr\u00e9cient le plus, ce sont nos services dans les secteurs de la poissonnerie et de notre boulangerie artisanale, car notre offre est unique dans la r\u00e9gion. Sans oublier tous les autres secteurs qui proposent un large assortiment \u2013 en particulier celui de la boucherie et des boissons\u00a0\u00bb.<\/p>\n<p>En effet, plus de 30&rsquo;000 articles sont disponibles dans le march\u00e9, avec une grande offre en mati\u00e8re de produits frais et plus de 2000 actions chaque semaine.[\/vc_column_text][vc_column_text css=\u00a0\u00bb.vc_custom_1668680581243{margin-top: 1em !important;margin-right: 1em !important;margin-bottom: 1em !important;margin-left: 1em !important;border-top-width: 1em !important;border-right-width: 1em !important;border-bottom-width: 1em !important;border-left-width: 1em !important;padding-top: 1em !important;padding-right: 1em !important;padding-bottom: 1em !important;padding-left: 1em !important;background-color: #efefef !important;border-left-color: #efefef !important;border-right-color: #efefef !important;border-top-color: #efefef !important;border-bottom-color: #efefef !important;}\u00a0\u00bb]<strong>Du lundi 28 novembre au samedi 3 d\u00e9cembre, le march\u00e9 ALIGRO de Schlieren vous invite \u00e0 venir c\u00e9l\u00e9brer ses 10 ans\u00a0! Un stand grillades sera install\u00e9, et nous vous offrirons un bon vin chaud. En plus, des animations vous permettront de gagner de jolis cadeaux. Nous nous r\u00e9jouissons de vous accueillir et de f\u00eater cet anniversaire avec vous\u00a0!<\/strong>[\/vc_column_text][vc_toggle title=\u00a0\u00bbL&rsquo;histoire d&rsquo;ALIGRO Schlieren\u00a0\u00bb use_custom_heading=\u00a0\u00bbtrue\u00a0\u00bb]<strong>1860\u2009: <\/strong>L\u2019arri\u00e8re-grand-m\u00e8re des propri\u00e9taires actuels reprend l\u2019\u00e9picerie du village de Gilly (VD) et transmet \u00e0 deux de ses fils, Paul et Ernest, la passion de l\u2019alimentation et des affaires.<\/p>\n<p><strong>1923 <\/strong>Paul et Ernest Demaurex cr\u00e9ent la soci\u00e9t\u00e9 \u00ab\u2009Demaurex Fr\u00e8res\u2009\u00bb<\/p>\n<p><strong>1960\u00a0: <\/strong>De nouvelles m\u00e9thodes de vente dans le secteur alimentaire voient le jour, notamment la formule \u00ab\u2009Cash &amp; Carry\u2009\u00bb. Le dynamisme toujours \u00e0 l\u2019honneur dans l\u2019entreprise incite \u00e0 tenter l\u2019exp\u00e9rience en terre romande, \u00e0 Gen\u00e8ve puis Lausanne.<\/p>\n<p><strong>1966\u00a0:\u00a0 <\/strong>Le premier march\u00e9 ALIGRO ouvre aux Vernets, \u00e0 Gen\u00e8ve.<\/p>\n<p><strong>1969\u00a0: <\/strong>Le deuxi\u00e8me march\u00e9 ouvre \u00e0 Chavannes-Renens, actuellement si\u00e8ge administratif de la soci\u00e9t\u00e9.<\/p>\n<p><strong>1992\u00a0: <\/strong>Etienne et Dominique, les fils de Pierre Demaurex, reprennent l\u2019entreprise en gardant soigneusement \u00e0 l\u2019esprit la devise familiale\u00a0: <strong>\u00ab\u2009Toujours mieux vous servir\u2009\u00bb<\/strong>. Sous leur impulsion, l\u2019entreprise modernise et agrandit les march\u00e9s ALIGRO en d\u00e9veloppant davantage les secteurs des produits frais.<\/p>\n<p><strong>2005\u00a0: <\/strong>Un troisi\u00e8me march\u00e9, \u00e0 Sion (VS), est construit.<\/p>\n<p><strong>2012\u00a0: <\/strong>Deux nouveaux march\u00e9s sont inaugur\u00e9s \u00e0 Matran (FR) et \u00e0 Schlieren (ZH).<\/p>\n<p><strong>2017\u00a0: <\/strong>ALIGRO, leader de son secteur en suisse romande, reprend l\u2019entreprise <em>Cash&amp;Carry Angehrn<\/em> fin 2017. En int\u00e9grant ses 360 collaborateurs ainsi que ses 9 points de ventes, tous situ\u00e9s en Suisse al\u00e9manique, ALIGRO conforte sa position sur le march\u00e9 suisse.<\/p>\n<p><strong>2022\u00a0: <\/strong>ALIGRO Schlieren f\u00eate ses 10 ans\u00a0![\/vc_toggle][\/vc_column][\/vc_row][vc_row][vc_column][vc_single_image image=\u00a0\u00bb58370&Prime; img_size=\u00a0\u00bbfull\u00a0\u00bb alignment=\u00a0\u00bbcenter\u00a0\u00bb][\/vc_column][\/vc_row][vc_row][vc_column][\/vc_column][\/vc_row]<\/p>\n<\/div>","protected":false},"excerpt":{"rendered":"<p>[vc_row][vc_column][vc_column_text]Cela fait aujourd\u2019hui plus de dix ans qu\u2019ALIGRO a ouvert son premier march\u00e9 en Suisse al\u00e9manique. Depuis la<a class=\"moretag\" href=\"https:\/\/www.aligro.ch\/pages\/fr\/news\/aligro-10-ans-de-succes-a-schlieren-prive\/\"> &#8230;<\/a><\/p>\n","protected":false},"author":9,"featured_media":58372,"comment_status":"closed","ping_status":"closed","sticky":false,"template":"","format":"standard","meta":{"_acf_changed":false,"footnotes":""},"categories":[1],"tags":[],"class_list":["post-58645","post","type-post","status-publish","format-standard","has-post-thumbnail","hentry","category-autre"],"acf":[],"yoast_head":"<!-- This site is optimized with the Yoast SEO plugin v27.4 - https:\/\/yoast.com\/product\/yoast-seo-wordpress\/ -->\n<title>ALIGRO - 10 ans de succ\u00e8s \u00e0 Schlieren<\/title>\n<meta name=\"description\" content=\"Cela fait aujourd\u2019hui plus de dix ans qu\u2019ALIGRO a ouvert son premier march\u00e9 en Suisse al\u00e9manique, \u00e0 Schlieren.\" \/>\n<meta name=\"robots\" content=\"index, follow, max-snippet:-1, max-image-preview:large, max-video-preview:-1\" \/>\n<link rel=\"canonical\" href=\"https:\/\/www.aligro.ch\/pages\/fr\/news\/aligro-10-ans-de-succes-a-schlieren-prive\/\" \/>\n<meta property=\"og:locale\" content=\"fr_FR\" \/>\n<meta property=\"og:type\" content=\"article\" \/>\n<meta property=\"og:title\" content=\"ALIGRO - 10 ans de succ\u00e8s \u00e0 Schlieren\" \/>\n<meta property=\"og:description\" content=\"Cela fait aujourd\u2019hui plus de dix ans qu\u2019ALIGRO a ouvert son premier march\u00e9 en Suisse al\u00e9manique, \u00e0 Schlieren.\" \/>\n<meta property=\"og:url\" content=\"https:\/\/www.aligro.ch\/pages\/fr\/news\/aligro-10-ans-de-succes-a-schlieren-prive\/\" \/>\n<meta property=\"og:site_name\" content=\"ALIGRO\" \/>\n<meta property=\"article:publisher\" content=\"https:\/\/fb.com\/aligrosuisse\" \/>\n<meta property=\"article:published_time\" content=\"2022-11-17T10:23:03+00:00\" \/>\n<meta property=\"article:modified_time\" content=\"2022-11-17T10:24:20+00:00\" \/>\n<meta property=\"og:image\" content=\"https:\/\/www.aligro.ch\/pages\/wp-content\/uploads\/2022\/11\/photo-de-groupe-Schlieren_redimensionne.jpg\" \/>\n\t<meta property=\"og:image:width\" content=\"1920\" \/>\n\t<meta property=\"og:image:height\" content=\"1223\" \/>\n\t<meta property=\"og:image:type\" content=\"image\/jpeg\" \/>\n<meta name=\"author\" content=\"Vincent Lavanchy\" \/>\n<meta name=\"twitter:card\" content=\"summary_large_image\" \/>\n<meta name=\"twitter:label1\" content=\"\u00c9crit par\" \/>\n\t<meta name=\"twitter:data1\" content=\"Vincent Lavanchy\" \/>\n\t<meta name=\"twitter:label2\" content=\"Dur\u00e9e de lecture estim\u00e9e\" \/>\n\t<meta name=\"twitter:data2\" content=\"5 minutes\" \/>\n<script type=\"application\/ld+json\" class=\"yoast-schema-graph\">{\"@context\":\"https:\\\/\\\/schema.org\",\"@graph\":[{\"@type\":\"Article\",\"@id\":\"https:\\\/\\\/www.aligro.ch\\\/pages\\\/fr\\\/news\\\/aligro-10-ans-de-succes-a-schlieren-prive\\\/#article\",\"isPartOf\":{\"@id\":\"https:\\\/\\\/www.aligro.ch\\\/pages\\\/fr\\\/news\\\/aligro-10-ans-de-succes-a-schlieren-prive\\\/\"},\"author\":{\"name\":\"Vincent Lavanchy\",\"@id\":\"https:\\\/\\\/www.aligro.ch\\\/pages\\\/#\\\/schema\\\/person\\\/abe4f4a53fec53a8dea10e43adbbe7e3\"},\"headline\":\"ALIGRO &#8211; 10 ans de succ\u00e8s \u00e0 Schlieren\",\"datePublished\":\"2022-11-17T10:23:03+00:00\",\"dateModified\":\"2022-11-17T10:24:20+00:00\",\"mainEntityOfPage\":{\"@id\":\"https:\\\/\\\/www.aligro.ch\\\/pages\\\/fr\\\/news\\\/aligro-10-ans-de-succes-a-schlieren-prive\\\/\"},\"wordCount\":926,\"publisher\":{\"@id\":\"https:\\\/\\\/www.aligro.ch\\\/pages\\\/#organization\"},\"image\":{\"@id\":\"https:\\\/\\\/www.aligro.ch\\\/pages\\\/fr\\\/news\\\/aligro-10-ans-de-succes-a-schlieren-prive\\\/#primaryimage\"},\"thumbnailUrl\":\"https:\\\/\\\/www.aligro.ch\\\/pages\\\/wp-content\\\/uploads\\\/2022\\\/11\\\/photo-de-groupe-Schlieren_redimensionne.jpg\",\"articleSection\":[\"Autre\"],\"inLanguage\":\"fr-FR\"},{\"@type\":\"WebPage\",\"@id\":\"https:\\\/\\\/www.aligro.ch\\\/pages\\\/fr\\\/news\\\/aligro-10-ans-de-succes-a-schlieren-prive\\\/\",\"url\":\"https:\\\/\\\/www.aligro.ch\\\/pages\\\/fr\\\/news\\\/aligro-10-ans-de-succes-a-schlieren-prive\\\/\",\"name\":\"ALIGRO - 10 ans de succ\u00e8s \u00e0 Schlieren\",\"isPartOf\":{\"@id\":\"https:\\\/\\\/www.aligro.ch\\\/pages\\\/#website\"},\"primaryImageOfPage\":{\"@id\":\"https:\\\/\\\/www.aligro.ch\\\/pages\\\/fr\\\/news\\\/aligro-10-ans-de-succes-a-schlieren-prive\\\/#primaryimage\"},\"image\":{\"@id\":\"https:\\\/\\\/www.aligro.ch\\\/pages\\\/fr\\\/news\\\/aligro-10-ans-de-succes-a-schlieren-prive\\\/#primaryimage\"},\"thumbnailUrl\":\"https:\\\/\\\/www.aligro.ch\\\/pages\\\/wp-content\\\/uploads\\\/2022\\\/11\\\/photo-de-groupe-Schlieren_redimensionne.jpg\",\"datePublished\":\"2022-11-17T10:23:03+00:00\",\"dateModified\":\"2022-11-17T10:24:20+00:00\",\"description\":\"Cela fait aujourd\u2019hui plus de dix ans qu\u2019ALIGRO a ouvert son premier march\u00e9 en Suisse al\u00e9manique, \u00e0 Schlieren.\",\"breadcrumb\":{\"@id\":\"https:\\\/\\\/www.aligro.ch\\\/pages\\\/fr\\\/news\\\/aligro-10-ans-de-succes-a-schlieren-prive\\\/#breadcrumb\"},\"inLanguage\":\"fr-FR\",\"potentialAction\":[{\"@type\":\"ReadAction\",\"target\":[\"https:\\\/\\\/www.aligro.ch\\\/pages\\\/fr\\\/news\\\/aligro-10-ans-de-succes-a-schlieren-prive\\\/\"]}]},{\"@type\":\"ImageObject\",\"inLanguage\":\"fr-FR\",\"@id\":\"https:\\\/\\\/www.aligro.ch\\\/pages\\\/fr\\\/news\\\/aligro-10-ans-de-succes-a-schlieren-prive\\\/#primaryimage\",\"url\":\"https:\\\/\\\/www.aligro.ch\\\/pages\\\/wp-content\\\/uploads\\\/2022\\\/11\\\/photo-de-groupe-Schlieren_redimensionne.jpg\",\"contentUrl\":\"https:\\\/\\\/www.aligro.ch\\\/pages\\\/wp-content\\\/uploads\\\/2022\\\/11\\\/photo-de-groupe-Schlieren_redimensionne.jpg\",\"width\":1920,\"height\":1223},{\"@type\":\"BreadcrumbList\",\"@id\":\"https:\\\/\\\/www.aligro.ch\\\/pages\\\/fr\\\/news\\\/aligro-10-ans-de-succes-a-schlieren-prive\\\/#breadcrumb\",\"itemListElement\":[{\"@type\":\"ListItem\",\"position\":1,\"name\":\"Accueil\",\"item\":\"https:\\\/\\\/www.aligro.ch\\\/pages\\\/de\\\/aligro-academy\\\/\"},{\"@type\":\"ListItem\",\"position\":2,\"name\":\"ALIGRO &#8211; 10 ans de succ\u00e8s \u00e0 Schlieren\"}]},{\"@type\":\"WebSite\",\"@id\":\"https:\\\/\\\/www.aligro.ch\\\/pages\\\/#website\",\"url\":\"https:\\\/\\\/www.aligro.ch\\\/pages\\\/\",\"name\":\"ALIGRO\",\"description\":\"Fra\u00eecheur. Qualit\u00e9. Inspiration.\",\"publisher\":{\"@id\":\"https:\\\/\\\/www.aligro.ch\\\/pages\\\/#organization\"},\"potentialAction\":[{\"@type\":\"SearchAction\",\"target\":{\"@type\":\"EntryPoint\",\"urlTemplate\":\"https:\\\/\\\/www.aligro.ch\\\/pages\\\/?s={search_term_string}\"},\"query-input\":{\"@type\":\"PropertyValueSpecification\",\"valueRequired\":true,\"valueName\":\"search_term_string\"}}],\"inLanguage\":\"fr-FR\"},{\"@type\":\"Organization\",\"@id\":\"https:\\\/\\\/www.aligro.ch\\\/pages\\\/#organization\",\"name\":\"ALIGRO\",\"url\":\"https:\\\/\\\/www.aligro.ch\\\/pages\\\/\",\"logo\":{\"@type\":\"ImageObject\",\"inLanguage\":\"fr-FR\",\"@id\":\"https:\\\/\\\/www.aligro.ch\\\/pages\\\/#\\\/schema\\\/logo\\\/image\\\/\",\"url\":\"https:\\\/\\\/www.aligro.ch\\\/pages\\\/wp-content\\\/uploads\\\/2018\\\/10\\\/Logo@4x.png\",\"contentUrl\":\"https:\\\/\\\/www.aligro.ch\\\/pages\\\/wp-content\\\/uploads\\\/2018\\\/10\\\/Logo@4x.png\",\"width\":1831,\"height\":228,\"caption\":\"ALIGRO\"},\"image\":{\"@id\":\"https:\\\/\\\/www.aligro.ch\\\/pages\\\/#\\\/schema\\\/logo\\\/image\\\/\"},\"sameAs\":[\"https:\\\/\\\/fb.com\\\/aligrosuisse\"]},{\"@type\":\"Person\",\"@id\":\"https:\\\/\\\/www.aligro.ch\\\/pages\\\/#\\\/schema\\\/person\\\/abe4f4a53fec53a8dea10e43adbbe7e3\",\"name\":\"Vincent Lavanchy\",\"image\":{\"@type\":\"ImageObject\",\"inLanguage\":\"fr-FR\",\"@id\":\"https:\\\/\\\/secure.gravatar.com\\\/avatar\\\/0c26d4efb7d6ae3d3acfb21cea043eed07c8459ea7780b7c5d9d73543f0c4d2e?s=96&d=mm&r=g\",\"url\":\"https:\\\/\\\/secure.gravatar.com\\\/avatar\\\/0c26d4efb7d6ae3d3acfb21cea043eed07c8459ea7780b7c5d9d73543f0c4d2e?s=96&d=mm&r=g\",\"contentUrl\":\"https:\\\/\\\/secure.gravatar.com\\\/avatar\\\/0c26d4efb7d6ae3d3acfb21cea043eed07c8459ea7780b7c5d9d73543f0c4d2e?s=96&d=mm&r=g\",\"caption\":\"Vincent Lavanchy\"}}]}<\/script>\n<!-- \/ Yoast SEO plugin. -->","yoast_head_json":{"title":"ALIGRO - 10 ans de succ\u00e8s \u00e0 Schlieren","description":"Cela fait aujourd\u2019hui plus de dix ans qu\u2019ALIGRO a ouvert son premier march\u00e9 en Suisse al\u00e9manique, \u00e0 Schlieren.","robots":{"index":"index","follow":"follow","max-snippet":"max-snippet:-1","max-image-preview":"max-image-preview:large","max-video-preview":"max-video-preview:-1"},"canonical":"https:\/\/www.aligro.ch\/pages\/fr\/news\/aligro-10-ans-de-succes-a-schlieren-prive\/","og_locale":"fr_FR","og_type":"article","og_title":"ALIGRO - 10 ans de succ\u00e8s \u00e0 Schlieren","og_description":"Cela fait aujourd\u2019hui plus de dix ans qu\u2019ALIGRO a ouvert son premier march\u00e9 en Suisse al\u00e9manique, \u00e0 Schlieren.","og_url":"https:\/\/www.aligro.ch\/pages\/fr\/news\/aligro-10-ans-de-succes-a-schlieren-prive\/","og_site_name":"ALIGRO","article_publisher":"https:\/\/fb.com\/aligrosuisse","article_published_time":"2022-11-17T10:23:03+00:00","article_modified_time":"2022-11-17T10:24:20+00:00","og_image":[{"width":1920,"height":1223,"url":"https:\/\/www.aligro.ch\/pages\/wp-content\/uploads\/2022\/11\/photo-de-groupe-Schlieren_redimensionne.jpg","type":"image\/jpeg"}],"author":"Vincent Lavanchy","twitter_card":"summary_large_image","twitter_misc":{"\u00c9crit par":"Vincent Lavanchy","Dur\u00e9e de lecture estim\u00e9e":"5 minutes"},"schema":{"@context":"https:\/\/schema.org","@graph":[{"@type":"Article","@id":"https:\/\/www.aligro.ch\/pages\/fr\/news\/aligro-10-ans-de-succes-a-schlieren-prive\/#article","isPartOf":{"@id":"https:\/\/www.aligro.ch\/pages\/fr\/news\/aligro-10-ans-de-succes-a-schlieren-prive\/"},"author":{"name":"Vincent Lavanchy","@id":"https:\/\/www.aligro.ch\/pages\/#\/schema\/person\/abe4f4a53fec53a8dea10e43adbbe7e3"},"headline":"ALIGRO &#8211; 10 ans de succ\u00e8s \u00e0 Schlieren","datePublished":"2022-11-17T10:23:03+00:00","dateModified":"2022-11-17T10:24:20+00:00","mainEntityOfPage":{"@id":"https:\/\/www.aligro.ch\/pages\/fr\/news\/aligro-10-ans-de-succes-a-schlieren-prive\/"},"wordCount":926,"publisher":{"@id":"https:\/\/www.aligro.ch\/pages\/#organization"},"image":{"@id":"https:\/\/www.aligro.ch\/pages\/fr\/news\/aligro-10-ans-de-succes-a-schlieren-prive\/#primaryimage"},"thumbnailUrl":"https:\/\/www.aligro.ch\/pages\/wp-content\/uploads\/2022\/11\/photo-de-groupe-Schlieren_redimensionne.jpg","articleSection":["Autre"],"inLanguage":"fr-FR"},{"@type":"WebPage","@id":"https:\/\/www.aligro.ch\/pages\/fr\/news\/aligro-10-ans-de-succes-a-schlieren-prive\/","url":"https:\/\/www.aligro.ch\/pages\/fr\/news\/aligro-10-ans-de-succes-a-schlieren-prive\/","name":"ALIGRO - 10 ans de succ\u00e8s \u00e0 Schlieren","isPartOf":{"@id":"https:\/\/www.aligro.ch\/pages\/#website"},"primaryImageOfPage":{"@id":"https:\/\/www.aligro.ch\/pages\/fr\/news\/aligro-10-ans-de-succes-a-schlieren-prive\/#primaryimage"},"image":{"@id":"https:\/\/www.aligro.ch\/pages\/fr\/news\/aligro-10-ans-de-succes-a-schlieren-prive\/#primaryimage"},"thumbnailUrl":"https:\/\/www.aligro.ch\/pages\/wp-content\/uploads\/2022\/11\/photo-de-groupe-Schlieren_redimensionne.jpg","datePublished":"2022-11-17T10:23:03+00:00","dateModified":"2022-11-17T10:24:20+00:00","description":"Cela fait aujourd\u2019hui plus de dix ans qu\u2019ALIGRO a ouvert son premier march\u00e9 en Suisse al\u00e9manique, \u00e0 Schlieren.","breadcrumb":{"@id":"https:\/\/www.aligro.ch\/pages\/fr\/news\/aligro-10-ans-de-succes-a-schlieren-prive\/#breadcrumb"},"inLanguage":"fr-FR","potentialAction":[{"@type":"ReadAction","target":["https:\/\/www.aligro.ch\/pages\/fr\/news\/aligro-10-ans-de-succes-a-schlieren-prive\/"]}]},{"@type":"ImageObject","inLanguage":"fr-FR","@id":"https:\/\/www.aligro.ch\/pages\/fr\/news\/aligro-10-ans-de-succes-a-schlieren-prive\/#primaryimage","url":"https:\/\/www.aligro.ch\/pages\/wp-content\/uploads\/2022\/11\/photo-de-groupe-Schlieren_redimensionne.jpg","contentUrl":"https:\/\/www.aligro.ch\/pages\/wp-content\/uploads\/2022\/11\/photo-de-groupe-Schlieren_redimensionne.jpg","width":1920,"height":1223},{"@type":"BreadcrumbList","@id":"https:\/\/www.aligro.ch\/pages\/fr\/news\/aligro-10-ans-de-succes-a-schlieren-prive\/#breadcrumb","itemListElement":[{"@type":"ListItem","position":1,"name":"Accueil","item":"https:\/\/www.aligro.ch\/pages\/de\/aligro-academy\/"},{"@type":"ListItem","position":2,"name":"ALIGRO &#8211; 10 ans de succ\u00e8s \u00e0 Schlieren"}]},{"@type":"WebSite","@id":"https:\/\/www.aligro.ch\/pages\/#website","url":"https:\/\/www.aligro.ch\/pages\/","name":"ALIGRO","description":"Fra\u00eecheur. Qualit\u00e9. Inspiration.","publisher":{"@id":"https:\/\/www.aligro.ch\/pages\/#organization"},"potentialAction":[{"@type":"SearchAction","target":{"@type":"EntryPoint","urlTemplate":"https:\/\/www.aligro.ch\/pages\/?s={search_term_string}"},"query-input":{"@type":"PropertyValueSpecification","valueRequired":true,"valueName":"search_term_string"}}],"inLanguage":"fr-FR"},{"@type":"Organization","@id":"https:\/\/www.aligro.ch\/pages\/#organization","name":"ALIGRO","url":"https:\/\/www.aligro.ch\/pages\/","logo":{"@type":"ImageObject","inLanguage":"fr-FR","@id":"https:\/\/www.aligro.ch\/pages\/#\/schema\/logo\/image\/","url":"https:\/\/www.aligro.ch\/pages\/wp-content\/uploads\/2018\/10\/Logo@4x.png","contentUrl":"https:\/\/www.aligro.ch\/pages\/wp-content\/uploads\/2018\/10\/Logo@4x.png","width":1831,"height":228,"caption":"ALIGRO"},"image":{"@id":"https:\/\/www.aligro.ch\/pages\/#\/schema\/logo\/image\/"},"sameAs":["https:\/\/fb.com\/aligrosuisse"]},{"@type":"Person","@id":"https:\/\/www.aligro.ch\/pages\/#\/schema\/person\/abe4f4a53fec53a8dea10e43adbbe7e3","name":"Vincent Lavanchy","image":{"@type":"ImageObject","inLanguage":"fr-FR","@id":"https:\/\/secure.gravatar.com\/avatar\/0c26d4efb7d6ae3d3acfb21cea043eed07c8459ea7780b7c5d9d73543f0c4d2e?s=96&d=mm&r=g","url":"https:\/\/secure.gravatar.com\/avatar\/0c26d4efb7d6ae3d3acfb21cea043eed07c8459ea7780b7c5d9d73543f0c4d2e?s=96&d=mm&r=g","contentUrl":"https:\/\/secure.gravatar.com\/avatar\/0c26d4efb7d6ae3d3acfb21cea043eed07c8459ea7780b7c5d9d73543f0c4d2e?s=96&d=mm&r=g","caption":"Vincent Lavanchy"}}]}},"_links":{"self":[{"href":"https:\/\/www.aligro.ch\/pages\/wp-json\/wp\/v2\/posts\/58645","targetHints":{"allow":["GET"]}}],"collection":[{"href":"https:\/\/www.aligro.ch\/pages\/wp-json\/wp\/v2\/posts"}],"about":[{"href":"https:\/\/www.aligro.ch\/pages\/wp-json\/wp\/v2\/types\/post"}],"author":[{"embeddable":true,"href":"https:\/\/www.aligro.ch\/pages\/wp-json\/wp\/v2\/users\/9"}],"replies":[{"embeddable":true,"href":"https:\/\/www.aligro.ch\/pages\/wp-json\/wp\/v2\/comments?post=58645"}],"version-history":[{"count":2,"href":"https:\/\/www.aligro.ch\/pages\/wp-json\/wp\/v2\/posts\/58645\/revisions"}],"predecessor-version":[{"id":58647,"href":"https:\/\/www.aligro.ch\/pages\/wp-json\/wp\/v2\/posts\/58645\/revisions\/58647"}],"wp:featuredmedia":[{"embeddable":true,"href":"https:\/\/www.aligro.ch\/pages\/wp-json\/wp\/v2\/media\/58372"}],"wp:attachment":[{"href":"https:\/\/www.aligro.ch\/pages\/wp-json\/wp\/v2\/media?parent=58645"}],"wp:term":[{"taxonomy":"category","embeddable":true,"href":"https:\/\/www.aligro.ch\/pages\/wp-json\/wp\/v2\/categories?post=58645"},{"taxonomy":"post_tag","embeddable":true,"href":"https:\/\/www.aligro.ch\/pages\/wp-json\/wp\/v2\/tags?post=58645"}],"curies":[{"name":"wp","href":"https:\/\/api.w.org\/{rel}","templated":true}]}}