{"id":58631,"date":"2022-11-17T10:59:39","date_gmt":"2022-11-17T09:59:39","guid":{"rendered":"https:\/\/www.aligro.ch\/pages\/?p=58631"},"modified":"2022-11-17T11:24:45","modified_gmt":"2022-11-17T10:24:45","slug":"aligro-seit-zehn-jahren-erfolgreich-in-schlieren-gourmet","status":"publish","type":"post","link":"https:\/\/www.aligro.ch\/pages\/de\/news\/aligro-seit-zehn-jahren-erfolgreich-in-schlieren-gourmet\/","title":{"rendered":"ALIGRO \u2013 Seit zehn Jahren erfolgreich in Schlieren"},"content":{"rendered":"<div class=\"wpb-content-wrapper\"><p>[vc_row][vc_column][vc_column_text]<strong>Zehn Jahre sind es her, dass ALIGRO seinen ersten Markt in der Deutschschweiz er\u00f6ffnete. Mit der \u00dcbernahme der neun M\u00e4rkte der Firma Cash and Carry Angehrn hat ALIGRO im Herbst 2017 seine Marktstellung in der Deutschschweiz auf einen Schlag stark vergr\u00f6ssert, in der Region Z\u00fcrich gibt es nun drei ALIGRO-M\u00e4rkte.<\/strong><\/p>\n<p>Im Herbst 2012 wurde der erste ALIGRO-Markt in der Deutschschweiz er\u00f6ffnet, weiss der Regionalleiter Michael Durante, ehemaliger Marktleiter im ALIGRO in Schlieren zu berichten. Er \u00fcbernahm das Szepter des Marktes 2016. Der Umsatz des Marktes konnte in dieser Zeit stark erh\u00f6ht werden, seit 2013 bis heute hat er sich verdoppelt und w\u00e4chst j\u00e4hrlich weiter. Das Erfolgsmodell ALIGRO konnte sich damit auch hier beweisen: Sowohl die Profi-, als auch die Privatkunden tragen zum stolzen Umsatz ihren Teil bei.<\/p>\n<p>Seit einigen Wochen f\u00fchrt Abdulah Hirkic den Markt Schlieren. Er ist stolz darauf, dass ALIGRO sich im Markt \u2013 durch das grosse Angebot und die immer sehr gute Qualit\u00e4t der verkauften Produkte \u2013 etablieren konnte. Es entsteht \u00ab immer mehr ein Miteinander anstatt ein Gegeneinander \u00bb unter den drei M\u00e4rkten der Region Z\u00fcrich. Und er weiss weiter: \u00abMit jedem neuen Marktleiter kommt neuer Schwung ins Unternehmen. Wir m\u00f6chten, das ist eines unserer grossen Ziele, in Zukunft noch mehr auf unsere Kundschaft eingehen.\u00bb<\/p>\n<p>Bei der Weiterentwicklung der Gruppe spielte Schlieren eine wichtige Rolle: Von dort aus wurden in diversen Schulungen die Mitarbeiter ausgebildet. In der Verwaltung von Softwarebest\u00e4nden, die innerhalb der nun vierzehn M\u00e4rkte vereinheitlicht wurde, bei den Bestellungen der Frischprodukte, in dem Kundenbeziehungsmanagement, oder bei den Kassen. Michael Durante erl\u00e4utert, dass der Markt Schlieren hier st\u00e4ndig im Fokus ist.<\/p>\n<p>Die letzten Jahre, unter dem Einfluss der Corona-Pandemie, waren aber auch f\u00fcr den ALIGRO Schlieren keine einfache Zeit. Aber die Mitarbeitenden durften und konnten w\u00e4hrend der ganzen Zeit arbeiten, der Betrieb der M\u00e4rkte wurde, wenn auch teils mit Einschr\u00e4nkungen, aufrecht gehalten.<\/p>\n<p>Da einige Kunden nicht unbedingt fliessend Deutsch oder Schweizerdeutsch sprechen, ist Abdulah Hirkic immer sehr froh, auf die vielf\u00e4ltigen Sprachkenntnisse des Marktpersonals zur\u00fcckgreifen zu k\u00f6nnen. So kommt jeder Kunde auf seine Kosten, sowohl was die Kommunikation als auch die gesuchten Produkte betrifft. \u00a0\u00abBesser geht es immer. Wir geben uns deshalb stets M\u00fche, unser Bestes und Herzlichstes f\u00fcr unsere Kundschaft zu tun. Die Zufriedenheit der Kunden mit unseren Dienstleistungen, der Beratung und den Produkten liegt mir und all meinen Mitarbeitenden sehr am Herzen\u00bb, f\u00fchrt Abdulah Hirkic weiter aus.<\/p>\n<p>Und was sch\u00e4tzen die Kunden am meisten? Liliane Zimmermann vom Kundendienst meint dazu: \u00ab Am meisten wird von unserer Kundschaft die Dienstleitung in den Sektoren Fisch und von der eigenen B\u00e4ckerei gesch\u00e4tzt, da unser Angebot in der Region einzigartig ist. Nicht vergessen d\u00fcrfen wir nat\u00fcrlich all die anderen Abteilungen mit dem breiten Sortiment \u2013 besonders Fleischprodukte und Getr\u00e4nke. \u00bb<\/p>\n<p>Ein breites Sortiment \u2013 das heisst auch im ALIGRO Schlieren: Es umfasst 30&rsquo;000 Artikel aus allen Sektoren, insbesondere aus dem Bereich Frischprodukte, und w\u00f6chentlich \u00fcber 2000 Aktionen im Angebot.[\/vc_column_text][vc_column_text css=\u00a0\u00bb.vc_custom_1668679462601{margin-top: 1em !important;margin-right: 1em !important;margin-bottom: 1em !important;margin-left: 1em !important;border-top-width: 1em !important;border-right-width: 1em !important;border-bottom-width: 1em !important;border-left-width: 1em !important;padding-top: 1em !important;padding-right: 1em !important;padding-bottom: 1em !important;padding-left: 1em !important;background-color: #efefef !important;border-left-color: #efefef !important;border-right-color: #efefef !important;border-top-color: #efefef !important;border-bottom-color: #efefef !important;}\u00a0\u00bb]<strong>Von Montag, 28. November, bis Samstag, 3. Dezember, l\u00e4dt Sie der ALIGRO-Markt in Schlieren ein, sein 10-j\u00e4hriges Jubil\u00e4um zu feiern! Es wird einen Grillstand geben, sowie leckeren Gl\u00fchwein. Ausserdem gibt es Animationen, bei denen Sie sch\u00f6ne Geschenke gewinnen k\u00f6nnen. Wir freuen uns auf Ihren Besuch und darauf, dieses Jubil\u00e4um mit Ihnen zu feiern!<\/strong>[\/vc_column_text][vc_toggle title=\u00a0\u00bbDie Geschichte von ALIGRO Schlieren\u00a0\u00bb use_custom_heading=\u00a0\u00bbtrue\u00a0\u00bb]<strong>1860<\/strong>: Die Urgrossmutter der heutigen Besitzer \u00fcbernimmt den Lebensmittelladen im Dorf Gilly (VD) und gibt die Leidenschaft f\u00fcr Lebensmittel und Gesch\u00e4fte an zwei ihrer S\u00f6hne, Paul und Ernest, weiter.<\/p>\n<p><strong>1923<\/strong> Paul und Ernest Demaurex gr\u00fcnden die Firma \u00ab\u00a0Demaurex Fr\u00e8res\u00a0\u00bb.<\/p>\n<p><strong>1960<\/strong>: Es werden neue Verkaufsmethoden im Lebensmittelsektor entwickelt, insbesondere die Formel \u00ab\u00a0Cash &amp; Carry\u00a0\u00bb. Die Dynamik, die im Unternehmen stets im Vordergrund stand, f\u00fchrte dazu, dass man es in der Romandie, in Genf und sp\u00e4ter in Lausanne, versucht.<\/p>\n<p><strong>1966<\/strong>: Der erste ALIGRO-Markt wird in Les Vernets, Genf, er\u00f6ffnet.<\/p>\n<p><strong>1969<\/strong>: Der zweite Markt wird in Chavannes-Renens er\u00f6ffnet, dem heutigen Verwaltungssitz des Unternehmens.<\/p>\n<p><strong>1992<\/strong>: Etienne und Dominique, die S\u00f6hne von Pierre Demaurex, \u00fcbernehmen das Unternehmen, wobei sie das Familienmotto \u00ab\u00a0Wir sind immer f\u00fcr Sie da\u00a0\u00bb sorgf\u00e4ltig im Auge behalten. Unter ihrer Leitung modernisiert und vergr\u00f6ssert das Unternehmen die ALIGRO-M\u00e4rkte und baut den Bereich der Frischprodukte weiter aus.<\/p>\n<p><strong>2005<\/strong>: Ein dritter Markt wird in Sion (VS) gebaut.<\/p>\n<p><strong>2012<\/strong>: Zwei neue M\u00e4rkte werden in Matran (FR) und Schlieren (ZH) eingeweiht.<\/p>\n<p><strong>2017<\/strong>: ALIGRO, Marktf\u00fchrer in seinem Sektor in der Westschweiz, \u00fcbernimmt Ende 2017 das Unternehmen Cash&amp;Carry Angehrn. Durch die Integration der 360 Mitarbeitenden sowie der 9 Verkaufsstellen, die sich alle in der Deutschschweiz befinden, st\u00e4rkt ALIGRO seine Position auf dem Schweizer Markt.<\/p>\n<p><strong>2022<\/strong>: ALIGRO Schlieren feiert sein 10-j\u00e4hriges Bestehen![\/vc_toggle][\/vc_column][\/vc_row][vc_row][vc_column][vc_single_image image=\u00a0\u00bb58381&Prime; img_size=\u00a0\u00bbfull\u00a0\u00bb alignment=\u00a0\u00bbcenter\u00a0\u00bb][\/vc_column][\/vc_row]<\/p>\n<\/div>","protected":false},"excerpt":{"rendered":"<p>[vc_row][vc_column][vc_column_text]Zehn Jahre sind es her, dass ALIGRO seinen ersten Markt in der Deutschschweiz er\u00f6ffnete. Mit der \u00dcbernahme der<a class=\"moretag\" href=\"https:\/\/www.aligro.ch\/pages\/de\/news\/aligro-seit-zehn-jahren-erfolgreich-in-schlieren-gourmet\/\"> &#8230;<\/a><\/p>\n","protected":false},"author":9,"featured_media":58382,"comment_status":"closed","ping_status":"closed","sticky":false,"template":"","format":"standard","meta":{"_acf_changed":false,"footnotes":""},"categories":[7],"tags":[],"class_list":["post-58631","post","type-post","status-publish","format-standard","has-post-thumbnail","hentry","category-andere"],"acf":[],"yoast_head":"<!-- This site is optimized with the Yoast SEO plugin v27.4 - https:\/\/yoast.com\/product\/yoast-seo-wordpress\/ -->\n<title>ALIGRO \u2013 Seit zehn Jahren erfolgreich in Schlieren<\/title>\n<meta name=\"description\" content=\"Zehn Jahre sind es her, dass ALIGRO seinen ersten Markt in der Deutschschweiz er\u00f6ffnete.\" \/>\n<meta name=\"robots\" content=\"index, follow, max-snippet:-1, max-image-preview:large, max-video-preview:-1\" \/>\n<link rel=\"canonical\" href=\"https:\/\/www.aligro.ch\/pages\/de\/news\/aligro-seit-zehn-jahren-erfolgreich-in-schlieren-gourmet\/\" \/>\n<meta property=\"og:locale\" content=\"fr_FR\" \/>\n<meta property=\"og:type\" content=\"article\" \/>\n<meta property=\"og:title\" content=\"ALIGRO \u2013 Seit zehn Jahren erfolgreich in Schlieren\" \/>\n<meta property=\"og:description\" content=\"Zehn Jahre sind es her, dass ALIGRO seinen ersten Markt in der Deutschschweiz er\u00f6ffnete.\" \/>\n<meta property=\"og:url\" content=\"https:\/\/www.aligro.ch\/pages\/de\/news\/aligro-seit-zehn-jahren-erfolgreich-in-schlieren-gourmet\/\" \/>\n<meta property=\"og:site_name\" content=\"ALIGRO\" \/>\n<meta property=\"article:publisher\" content=\"https:\/\/fb.com\/aligrosuisse\" \/>\n<meta property=\"article:published_time\" content=\"2022-11-17T09:59:39+00:00\" \/>\n<meta property=\"article:modified_time\" content=\"2022-11-17T10:24:45+00:00\" \/>\n<meta property=\"og:image\" content=\"https:\/\/www.aligro.ch\/pages\/wp-content\/uploads\/2022\/11\/photo-de-groupe-Schlieren_redimensionne-1.jpg\" \/>\n\t<meta property=\"og:image:width\" content=\"1920\" \/>\n\t<meta property=\"og:image:height\" content=\"1223\" \/>\n\t<meta property=\"og:image:type\" content=\"image\/jpeg\" \/>\n<meta name=\"author\" content=\"Vincent Lavanchy\" \/>\n<meta name=\"twitter:card\" content=\"summary_large_image\" \/>\n<meta name=\"twitter:label1\" content=\"\u00c9crit par\" \/>\n\t<meta name=\"twitter:data1\" content=\"Vincent Lavanchy\" \/>\n\t<meta name=\"twitter:label2\" content=\"Dur\u00e9e de lecture estim\u00e9e\" \/>\n\t<meta name=\"twitter:data2\" content=\"5 minutes\" \/>\n<script type=\"application\/ld+json\" class=\"yoast-schema-graph\">{\"@context\":\"https:\\\/\\\/schema.org\",\"@graph\":[{\"@type\":\"Article\",\"@id\":\"https:\\\/\\\/www.aligro.ch\\\/pages\\\/de\\\/news\\\/aligro-seit-zehn-jahren-erfolgreich-in-schlieren-gourmet\\\/#article\",\"isPartOf\":{\"@id\":\"https:\\\/\\\/www.aligro.ch\\\/pages\\\/de\\\/news\\\/aligro-seit-zehn-jahren-erfolgreich-in-schlieren-gourmet\\\/\"},\"author\":{\"name\":\"Vincent Lavanchy\",\"@id\":\"https:\\\/\\\/www.aligro.ch\\\/pages\\\/#\\\/schema\\\/person\\\/abe4f4a53fec53a8dea10e43adbbe7e3\"},\"headline\":\"ALIGRO \u2013 Seit zehn Jahren erfolgreich in Schlieren\",\"datePublished\":\"2022-11-17T09:59:39+00:00\",\"dateModified\":\"2022-11-17T10:24:45+00:00\",\"mainEntityOfPage\":{\"@id\":\"https:\\\/\\\/www.aligro.ch\\\/pages\\\/de\\\/news\\\/aligro-seit-zehn-jahren-erfolgreich-in-schlieren-gourmet\\\/\"},\"wordCount\":893,\"publisher\":{\"@id\":\"https:\\\/\\\/www.aligro.ch\\\/pages\\\/#organization\"},\"image\":{\"@id\":\"https:\\\/\\\/www.aligro.ch\\\/pages\\\/de\\\/news\\\/aligro-seit-zehn-jahren-erfolgreich-in-schlieren-gourmet\\\/#primaryimage\"},\"thumbnailUrl\":\"https:\\\/\\\/www.aligro.ch\\\/pages\\\/wp-content\\\/uploads\\\/2022\\\/11\\\/photo-de-groupe-Schlieren_redimensionne-1.jpg\",\"articleSection\":[\"Andere\"],\"inLanguage\":\"fr-FR\"},{\"@type\":\"WebPage\",\"@id\":\"https:\\\/\\\/www.aligro.ch\\\/pages\\\/de\\\/news\\\/aligro-seit-zehn-jahren-erfolgreich-in-schlieren-gourmet\\\/\",\"url\":\"https:\\\/\\\/www.aligro.ch\\\/pages\\\/de\\\/news\\\/aligro-seit-zehn-jahren-erfolgreich-in-schlieren-gourmet\\\/\",\"name\":\"ALIGRO \u2013 Seit zehn Jahren erfolgreich in Schlieren\",\"isPartOf\":{\"@id\":\"https:\\\/\\\/www.aligro.ch\\\/pages\\\/#website\"},\"primaryImageOfPage\":{\"@id\":\"https:\\\/\\\/www.aligro.ch\\\/pages\\\/de\\\/news\\\/aligro-seit-zehn-jahren-erfolgreich-in-schlieren-gourmet\\\/#primaryimage\"},\"image\":{\"@id\":\"https:\\\/\\\/www.aligro.ch\\\/pages\\\/de\\\/news\\\/aligro-seit-zehn-jahren-erfolgreich-in-schlieren-gourmet\\\/#primaryimage\"},\"thumbnailUrl\":\"https:\\\/\\\/www.aligro.ch\\\/pages\\\/wp-content\\\/uploads\\\/2022\\\/11\\\/photo-de-groupe-Schlieren_redimensionne-1.jpg\",\"datePublished\":\"2022-11-17T09:59:39+00:00\",\"dateModified\":\"2022-11-17T10:24:45+00:00\",\"description\":\"Zehn Jahre sind es her, dass ALIGRO seinen ersten Markt in der Deutschschweiz er\u00f6ffnete.\",\"breadcrumb\":{\"@id\":\"https:\\\/\\\/www.aligro.ch\\\/pages\\\/de\\\/news\\\/aligro-seit-zehn-jahren-erfolgreich-in-schlieren-gourmet\\\/#breadcrumb\"},\"inLanguage\":\"fr-FR\",\"potentialAction\":[{\"@type\":\"ReadAction\",\"target\":[\"https:\\\/\\\/www.aligro.ch\\\/pages\\\/de\\\/news\\\/aligro-seit-zehn-jahren-erfolgreich-in-schlieren-gourmet\\\/\"]}]},{\"@type\":\"ImageObject\",\"inLanguage\":\"fr-FR\",\"@id\":\"https:\\\/\\\/www.aligro.ch\\\/pages\\\/de\\\/news\\\/aligro-seit-zehn-jahren-erfolgreich-in-schlieren-gourmet\\\/#primaryimage\",\"url\":\"https:\\\/\\\/www.aligro.ch\\\/pages\\\/wp-content\\\/uploads\\\/2022\\\/11\\\/photo-de-groupe-Schlieren_redimensionne-1.jpg\",\"contentUrl\":\"https:\\\/\\\/www.aligro.ch\\\/pages\\\/wp-content\\\/uploads\\\/2022\\\/11\\\/photo-de-groupe-Schlieren_redimensionne-1.jpg\",\"width\":1920,\"height\":1223},{\"@type\":\"BreadcrumbList\",\"@id\":\"https:\\\/\\\/www.aligro.ch\\\/pages\\\/de\\\/news\\\/aligro-seit-zehn-jahren-erfolgreich-in-schlieren-gourmet\\\/#breadcrumb\",\"itemListElement\":[{\"@type\":\"ListItem\",\"position\":1,\"name\":\"Accueil\",\"item\":\"https:\\\/\\\/www.aligro.ch\\\/pages\\\/de\\\/aligro-academy\\\/\"},{\"@type\":\"ListItem\",\"position\":2,\"name\":\"ALIGRO \u2013 Seit zehn Jahren erfolgreich in Schlieren\"}]},{\"@type\":\"WebSite\",\"@id\":\"https:\\\/\\\/www.aligro.ch\\\/pages\\\/#website\",\"url\":\"https:\\\/\\\/www.aligro.ch\\\/pages\\\/\",\"name\":\"ALIGRO\",\"description\":\"Fra\u00eecheur. Qualit\u00e9. Inspiration.\",\"publisher\":{\"@id\":\"https:\\\/\\\/www.aligro.ch\\\/pages\\\/#organization\"},\"potentialAction\":[{\"@type\":\"SearchAction\",\"target\":{\"@type\":\"EntryPoint\",\"urlTemplate\":\"https:\\\/\\\/www.aligro.ch\\\/pages\\\/?s={search_term_string}\"},\"query-input\":{\"@type\":\"PropertyValueSpecification\",\"valueRequired\":true,\"valueName\":\"search_term_string\"}}],\"inLanguage\":\"fr-FR\"},{\"@type\":\"Organization\",\"@id\":\"https:\\\/\\\/www.aligro.ch\\\/pages\\\/#organization\",\"name\":\"ALIGRO\",\"url\":\"https:\\\/\\\/www.aligro.ch\\\/pages\\\/\",\"logo\":{\"@type\":\"ImageObject\",\"inLanguage\":\"fr-FR\",\"@id\":\"https:\\\/\\\/www.aligro.ch\\\/pages\\\/#\\\/schema\\\/logo\\\/image\\\/\",\"url\":\"https:\\\/\\\/www.aligro.ch\\\/pages\\\/wp-content\\\/uploads\\\/2018\\\/10\\\/Logo@4x.png\",\"contentUrl\":\"https:\\\/\\\/www.aligro.ch\\\/pages\\\/wp-content\\\/uploads\\\/2018\\\/10\\\/Logo@4x.png\",\"width\":1831,\"height\":228,\"caption\":\"ALIGRO\"},\"image\":{\"@id\":\"https:\\\/\\\/www.aligro.ch\\\/pages\\\/#\\\/schema\\\/logo\\\/image\\\/\"},\"sameAs\":[\"https:\\\/\\\/fb.com\\\/aligrosuisse\"]},{\"@type\":\"Person\",\"@id\":\"https:\\\/\\\/www.aligro.ch\\\/pages\\\/#\\\/schema\\\/person\\\/abe4f4a53fec53a8dea10e43adbbe7e3\",\"name\":\"Vincent Lavanchy\",\"image\":{\"@type\":\"ImageObject\",\"inLanguage\":\"fr-FR\",\"@id\":\"https:\\\/\\\/secure.gravatar.com\\\/avatar\\\/0c26d4efb7d6ae3d3acfb21cea043eed07c8459ea7780b7c5d9d73543f0c4d2e?s=96&d=mm&r=g\",\"url\":\"https:\\\/\\\/secure.gravatar.com\\\/avatar\\\/0c26d4efb7d6ae3d3acfb21cea043eed07c8459ea7780b7c5d9d73543f0c4d2e?s=96&d=mm&r=g\",\"contentUrl\":\"https:\\\/\\\/secure.gravatar.com\\\/avatar\\\/0c26d4efb7d6ae3d3acfb21cea043eed07c8459ea7780b7c5d9d73543f0c4d2e?s=96&d=mm&r=g\",\"caption\":\"Vincent Lavanchy\"}}]}<\/script>\n<!-- \/ Yoast SEO plugin. -->","yoast_head_json":{"title":"ALIGRO \u2013 Seit zehn Jahren erfolgreich in Schlieren","description":"Zehn Jahre sind es her, dass ALIGRO seinen ersten Markt in der Deutschschweiz er\u00f6ffnete.","robots":{"index":"index","follow":"follow","max-snippet":"max-snippet:-1","max-image-preview":"max-image-preview:large","max-video-preview":"max-video-preview:-1"},"canonical":"https:\/\/www.aligro.ch\/pages\/de\/news\/aligro-seit-zehn-jahren-erfolgreich-in-schlieren-gourmet\/","og_locale":"fr_FR","og_type":"article","og_title":"ALIGRO \u2013 Seit zehn Jahren erfolgreich in Schlieren","og_description":"Zehn Jahre sind es her, dass ALIGRO seinen ersten Markt in der Deutschschweiz er\u00f6ffnete.","og_url":"https:\/\/www.aligro.ch\/pages\/de\/news\/aligro-seit-zehn-jahren-erfolgreich-in-schlieren-gourmet\/","og_site_name":"ALIGRO","article_publisher":"https:\/\/fb.com\/aligrosuisse","article_published_time":"2022-11-17T09:59:39+00:00","article_modified_time":"2022-11-17T10:24:45+00:00","og_image":[{"width":1920,"height":1223,"url":"https:\/\/www.aligro.ch\/pages\/wp-content\/uploads\/2022\/11\/photo-de-groupe-Schlieren_redimensionne-1.jpg","type":"image\/jpeg"}],"author":"Vincent Lavanchy","twitter_card":"summary_large_image","twitter_misc":{"\u00c9crit par":"Vincent Lavanchy","Dur\u00e9e de lecture estim\u00e9e":"5 minutes"},"schema":{"@context":"https:\/\/schema.org","@graph":[{"@type":"Article","@id":"https:\/\/www.aligro.ch\/pages\/de\/news\/aligro-seit-zehn-jahren-erfolgreich-in-schlieren-gourmet\/#article","isPartOf":{"@id":"https:\/\/www.aligro.ch\/pages\/de\/news\/aligro-seit-zehn-jahren-erfolgreich-in-schlieren-gourmet\/"},"author":{"name":"Vincent Lavanchy","@id":"https:\/\/www.aligro.ch\/pages\/#\/schema\/person\/abe4f4a53fec53a8dea10e43adbbe7e3"},"headline":"ALIGRO \u2013 Seit zehn Jahren erfolgreich in Schlieren","datePublished":"2022-11-17T09:59:39+00:00","dateModified":"2022-11-17T10:24:45+00:00","mainEntityOfPage":{"@id":"https:\/\/www.aligro.ch\/pages\/de\/news\/aligro-seit-zehn-jahren-erfolgreich-in-schlieren-gourmet\/"},"wordCount":893,"publisher":{"@id":"https:\/\/www.aligro.ch\/pages\/#organization"},"image":{"@id":"https:\/\/www.aligro.ch\/pages\/de\/news\/aligro-seit-zehn-jahren-erfolgreich-in-schlieren-gourmet\/#primaryimage"},"thumbnailUrl":"https:\/\/www.aligro.ch\/pages\/wp-content\/uploads\/2022\/11\/photo-de-groupe-Schlieren_redimensionne-1.jpg","articleSection":["Andere"],"inLanguage":"fr-FR"},{"@type":"WebPage","@id":"https:\/\/www.aligro.ch\/pages\/de\/news\/aligro-seit-zehn-jahren-erfolgreich-in-schlieren-gourmet\/","url":"https:\/\/www.aligro.ch\/pages\/de\/news\/aligro-seit-zehn-jahren-erfolgreich-in-schlieren-gourmet\/","name":"ALIGRO \u2013 Seit zehn Jahren erfolgreich in Schlieren","isPartOf":{"@id":"https:\/\/www.aligro.ch\/pages\/#website"},"primaryImageOfPage":{"@id":"https:\/\/www.aligro.ch\/pages\/de\/news\/aligro-seit-zehn-jahren-erfolgreich-in-schlieren-gourmet\/#primaryimage"},"image":{"@id":"https:\/\/www.aligro.ch\/pages\/de\/news\/aligro-seit-zehn-jahren-erfolgreich-in-schlieren-gourmet\/#primaryimage"},"thumbnailUrl":"https:\/\/www.aligro.ch\/pages\/wp-content\/uploads\/2022\/11\/photo-de-groupe-Schlieren_redimensionne-1.jpg","datePublished":"2022-11-17T09:59:39+00:00","dateModified":"2022-11-17T10:24:45+00:00","description":"Zehn Jahre sind es her, dass ALIGRO seinen ersten Markt in der Deutschschweiz er\u00f6ffnete.","breadcrumb":{"@id":"https:\/\/www.aligro.ch\/pages\/de\/news\/aligro-seit-zehn-jahren-erfolgreich-in-schlieren-gourmet\/#breadcrumb"},"inLanguage":"fr-FR","potentialAction":[{"@type":"ReadAction","target":["https:\/\/www.aligro.ch\/pages\/de\/news\/aligro-seit-zehn-jahren-erfolgreich-in-schlieren-gourmet\/"]}]},{"@type":"ImageObject","inLanguage":"fr-FR","@id":"https:\/\/www.aligro.ch\/pages\/de\/news\/aligro-seit-zehn-jahren-erfolgreich-in-schlieren-gourmet\/#primaryimage","url":"https:\/\/www.aligro.ch\/pages\/wp-content\/uploads\/2022\/11\/photo-de-groupe-Schlieren_redimensionne-1.jpg","contentUrl":"https:\/\/www.aligro.ch\/pages\/wp-content\/uploads\/2022\/11\/photo-de-groupe-Schlieren_redimensionne-1.jpg","width":1920,"height":1223},{"@type":"BreadcrumbList","@id":"https:\/\/www.aligro.ch\/pages\/de\/news\/aligro-seit-zehn-jahren-erfolgreich-in-schlieren-gourmet\/#breadcrumb","itemListElement":[{"@type":"ListItem","position":1,"name":"Accueil","item":"https:\/\/www.aligro.ch\/pages\/de\/aligro-academy\/"},{"@type":"ListItem","position":2,"name":"ALIGRO \u2013 Seit zehn Jahren erfolgreich in Schlieren"}]},{"@type":"WebSite","@id":"https:\/\/www.aligro.ch\/pages\/#website","url":"https:\/\/www.aligro.ch\/pages\/","name":"ALIGRO","description":"Fra\u00eecheur. Qualit\u00e9. Inspiration.","publisher":{"@id":"https:\/\/www.aligro.ch\/pages\/#organization"},"potentialAction":[{"@type":"SearchAction","target":{"@type":"EntryPoint","urlTemplate":"https:\/\/www.aligro.ch\/pages\/?s={search_term_string}"},"query-input":{"@type":"PropertyValueSpecification","valueRequired":true,"valueName":"search_term_string"}}],"inLanguage":"fr-FR"},{"@type":"Organization","@id":"https:\/\/www.aligro.ch\/pages\/#organization","name":"ALIGRO","url":"https:\/\/www.aligro.ch\/pages\/","logo":{"@type":"ImageObject","inLanguage":"fr-FR","@id":"https:\/\/www.aligro.ch\/pages\/#\/schema\/logo\/image\/","url":"https:\/\/www.aligro.ch\/pages\/wp-content\/uploads\/2018\/10\/Logo@4x.png","contentUrl":"https:\/\/www.aligro.ch\/pages\/wp-content\/uploads\/2018\/10\/Logo@4x.png","width":1831,"height":228,"caption":"ALIGRO"},"image":{"@id":"https:\/\/www.aligro.ch\/pages\/#\/schema\/logo\/image\/"},"sameAs":["https:\/\/fb.com\/aligrosuisse"]},{"@type":"Person","@id":"https:\/\/www.aligro.ch\/pages\/#\/schema\/person\/abe4f4a53fec53a8dea10e43adbbe7e3","name":"Vincent Lavanchy","image":{"@type":"ImageObject","inLanguage":"fr-FR","@id":"https:\/\/secure.gravatar.com\/avatar\/0c26d4efb7d6ae3d3acfb21cea043eed07c8459ea7780b7c5d9d73543f0c4d2e?s=96&d=mm&r=g","url":"https:\/\/secure.gravatar.com\/avatar\/0c26d4efb7d6ae3d3acfb21cea043eed07c8459ea7780b7c5d9d73543f0c4d2e?s=96&d=mm&r=g","contentUrl":"https:\/\/secure.gravatar.com\/avatar\/0c26d4efb7d6ae3d3acfb21cea043eed07c8459ea7780b7c5d9d73543f0c4d2e?s=96&d=mm&r=g","caption":"Vincent Lavanchy"}}]}},"_links":{"self":[{"href":"https:\/\/www.aligro.ch\/pages\/wp-json\/wp\/v2\/posts\/58631","targetHints":{"allow":["GET"]}}],"collection":[{"href":"https:\/\/www.aligro.ch\/pages\/wp-json\/wp\/v2\/posts"}],"about":[{"href":"https:\/\/www.aligro.ch\/pages\/wp-json\/wp\/v2\/types\/post"}],"author":[{"embeddable":true,"href":"https:\/\/www.aligro.ch\/pages\/wp-json\/wp\/v2\/users\/9"}],"replies":[{"embeddable":true,"href":"https:\/\/www.aligro.ch\/pages\/wp-json\/wp\/v2\/comments?post=58631"}],"version-history":[{"count":5,"href":"https:\/\/www.aligro.ch\/pages\/wp-json\/wp\/v2\/posts\/58631\/revisions"}],"predecessor-version":[{"id":58639,"href":"https:\/\/www.aligro.ch\/pages\/wp-json\/wp\/v2\/posts\/58631\/revisions\/58639"}],"wp:featuredmedia":[{"embeddable":true,"href":"https:\/\/www.aligro.ch\/pages\/wp-json\/wp\/v2\/media\/58382"}],"wp:attachment":[{"href":"https:\/\/www.aligro.ch\/pages\/wp-json\/wp\/v2\/media?parent=58631"}],"wp:term":[{"taxonomy":"category","embeddable":true,"href":"https:\/\/www.aligro.ch\/pages\/wp-json\/wp\/v2\/categories?post=58631"},{"taxonomy":"post_tag","embeddable":true,"href":"https:\/\/www.aligro.ch\/pages\/wp-json\/wp\/v2\/tags?post=58631"}],"curies":[{"name":"wp","href":"https:\/\/api.w.org\/{rel}","templated":true}]}}