{"id":57912,"date":"2022-11-03T11:57:34","date_gmt":"2022-11-03T10:57:34","guid":{"rendered":"https:\/\/www.aligro.ch\/pages\/?p=57912"},"modified":"2022-11-03T11:57:34","modified_gmt":"2022-11-03T10:57:34","slug":"astuces-pour-une-conservation-optimale-des-aliments","status":"publish","type":"post","link":"https:\/\/www.aligro.ch\/pages\/fr\/news\/astuces-pour-une-conservation-optimale-des-aliments\/","title":{"rendered":"Astuces pour une conservation optimale des aliments"},"content":{"rendered":"<div class=\"wpb-content-wrapper\"><p>[vc_row][vc_column][vc_column_text]ALIGRO s\u2019associe \u00e0 Too Good To Go pour lutter contre le gaspillage alimentaire. Chaque mois, nous vous pr\u00e9sentons une astuce \u00ab\u00a0anti-gaspi\u00a0\u00bb afin que nous puissions tous faire un geste pour le bien de la plan\u00e8te.[\/vc_column_text][vc_row_inner equal_height=\u00a0\u00bbyes\u00a0\u00bb content_placement=\u00a0\u00bbmiddle\u00a0\u00bb css=\u00a0\u00bb.vc_custom_1661333172574{margin-bottom: 1em !important;}\u00a0\u00bb][vc_column_inner width=\u00a0\u00bb1\/3&Prime;][vc_separator color=\u00a0\u00bbcustom\u00a0\u00bb style=\u00a0\u00bbdouble\u00a0\u00bb border_width=\u00a0\u00bb2&Prime; accent_color=\u00a0\u00bb#01ccc1&Prime;][\/vc_column_inner][vc_column_inner width=\u00a0\u00bb1\/3&Prime;][vc_single_image image=\u00a0\u00bb22249&Prime; img_size=\u00a0\u00bbfull\u00a0\u00bb alignment=\u00a0\u00bbcenter\u00a0\u00bb][\/vc_column_inner][vc_column_inner width=\u00a0\u00bb1\/3&Prime;][vc_separator color=\u00a0\u00bbcustom\u00a0\u00bb style=\u00a0\u00bbdouble\u00a0\u00bb border_width=\u00a0\u00bb2&Prime; accent_color=\u00a0\u00bb#01ccc1&Prime;][\/vc_column_inner][\/vc_row_inner][vc_column_text]<strong>Apr\u00e8s avoir fait ses courses, c\u2019est le moment de d\u00e9baller les sacs \u2013 mais il r\u00e8gne souvent une certaine confusion quant \u00e0 savoir o\u00f9 et comment les aliments doivent \u00eatre stock\u00e9s.\u00a0Par exemple, les \u0153ufs doivent-ils \u00eatre plac\u00e9s au r\u00e9frig\u00e9rateur ou non ?<\/strong><\/p>\n<h3><strong>Pain et p\u00e2tisseries<\/strong><\/h3>\n<p>\ud83d\udd58 Conservation : plus la proportion de seigle, de c\u00e9r\u00e9ales compl\u00e8tes ou de farine compl\u00e8te est \u00e9lev\u00e9e, plus un pain se conserve longtemps. Les pains au levain sont \u00e9galement en t\u00eate de liste. Ces types de pain restent en effet frais pendant sept \u00e0 neuf jours. En revanche, le pain blanc et les brioches ne se conservent qu&rsquo;un \u00e0 deux jours.<\/p>\n<p>\ud83c\udfe0 Stockage : l&rsquo;id\u00e9al est de conserver le pain \u00e0 temp\u00e9rature ambiante dans un pot en terre cuite ou une bo\u00eete \u00e0 pain, car la circulation de l&rsquo;air et la r\u00e9gulation de l&rsquo;humidit\u00e9 y sont optimales. Veillez \u00e0 enlever les miettes de votre bo\u00eete \u00e0 pain une fois par semaine et \u00e0 l&rsquo;essuyer avec du vinaigre &#8211; ainsi les moisissures n\u2019auront aucune chance.<\/p>\n<p>\ud83d\udca1 Conseil : toujours conserver le pain en le disposant sur le bord coup\u00e9. Et si vous en avez achet\u00e9 en trop grande quantit\u00e9, vous pouvez facilement le congeler en tranches puis mettre ces derni\u00e8res dans le grille-pain si n\u00e9cessaire.<\/p>\n<h3><strong>\u0152ufs<\/strong><\/h3>\n<p>\ud83d\udd58 Conservation : les \u0153ufs ont une DLC (date limite de consommation) de 28 jours apr\u00e8s la ponte, ils il est cependant souvent possible de les conserver plus longtemps. Les \u0153ufs plut\u00f4t anciens sont parfaits pour les p\u00e2tisseries et la cuisine, mais pas pour \u00eatre consomm\u00e9s crus. En cas de doute, cassez l&rsquo;\u0153uf et sentez-le. S&rsquo;il d\u00e9gage une odeur de soufre, il vaut mieux le jeter.<\/p>\n<p>\ud83c\udfe0 Stockage : les \u0153ufs ne doivent pas \u00eatre plac\u00e9s au r\u00e9frig\u00e9rateur, sauf s&rsquo;ils ont d\u00e9j\u00e0 \u00e9t\u00e9 r\u00e9frig\u00e9r\u00e9s au supermarch\u00e9 &#8211; dans ce cas, ne rompez surtout pas la cha\u00eene du froid ! Les \u0153ufs doivent toujours \u00eatre stock\u00e9s avec la pointe tourn\u00e9e vers le haut, afin que la bulle d&rsquo;air qui s&rsquo;y trouve ne se d\u00e9place pas et ne d\u00e9colle pas la peau de l&rsquo;\u0153uf, permettant ainsi aux bact\u00e9ries de p\u00e9n\u00e9trer.<\/p>\n<p>\ud83d\udca1 Conseil : ne pas laver les \u0153ufs, sinon la couche protectrice naturelle (cuticule) pourrait \u00eatre d\u00e9truite et les germes s&rsquo;infiltrer.<\/p>\n<h3><strong>Produits laitiers<\/strong><\/h3>\n<p>\ud83d\udd58 Conservation : une fois ouverts, tous les produits laitiers se conservent au r\u00e9frig\u00e9rateur pendant environ trois jours. Non entam\u00e9s, ils se conservent plus ou moins longtemps, le lait frais environ six jours. Les fromages entiers peuvent \u00eatre conserv\u00e9s jusqu&rsquo;\u00e0 trois semaines au r\u00e9frig\u00e9rateur. Les produits \u00e0 base de lait acidul\u00e9 (yaourt, k\u00e9fir, babeurre) se conservent souvent bien plus longtemps que la DLC indiqu\u00e9e.<\/p>\n<p>\ud83c\udfe0 Stockage : bien ferm\u00e9s et de pr\u00e9f\u00e9rence dans leur emballage d&rsquo;origine, les produits laitiers se sentent le mieux dans la partie centrale du r\u00e9frig\u00e9rateur. Le fromage devrait \u00eatre emball\u00e9 individuellement dans du papier \u00e0 sandwich ou dans une bo\u00eete de conservation.<\/p>\n<p>\ud83d\udca1 Conseil : faites confiance \u00e0 vos sens : en regardant, en sentant, en go\u00fbtant, vous pouvez d\u00e9terminer si un produit est encore bon.<\/p>\n<h3><strong>\u00a0<\/strong><strong>Viande &amp; poisson<\/strong><\/h3>\n<p>\ud83d\udd58 Dur\u00e9e de conservation : le poisson aussi bien que la viande sont p\u00e9rissables et doivent \u00eatre consomm\u00e9s ou transform\u00e9s dans les jours qui suivent leur achat. Il convient ici de faire attention \u00e0 la DLC des diff\u00e9rentes vari\u00e9t\u00e9s.<\/p>\n<p>\ud83c\udfe0 Stockage : la viande et le poisson crus, soigneusement emball\u00e9s, restent frais le plus longtemps dans le compartiment inf\u00e9rieur du r\u00e9frig\u00e9rateur.<\/p>\n<p>\ud83d\udca1 Conseil : veillez, surtout en \u00e9t\u00e9, \u00e0 transporter le poisson et la viande au frais (par exemple dans un sac isotherme).<\/p>\n<h3><strong>Produits secs &amp; conserves<\/strong><\/h3>\n<p>\ud83d\udd58 Dur\u00e9e de conservation : malgr\u00e9 la DLC indiqu\u00e9e, les produits secs et les conserves se conservent bien plus longtemps lorsqu&rsquo;ils ne sont pas ouverts &#8211; parfois plusieurs ann\u00e9es, voire des d\u00e9cennies.<\/p>\n<p>\ud83c\udfe0 Stockage : non entam\u00e9s, emball\u00e9s dans des bo\u00eetes fra\u00eecheur ou des bocaux \u00e0 repasser, les produits secs se stockent facilement dans le placard de la cuisine ou le garde-manger. Une fois ouverts, la confiture, la moutarde, le pesto, etc. doivent \u00eatre plac\u00e9s au r\u00e9frig\u00e9rateur. L&rsquo;huile et le vinaigre, m\u00eame ouverts, peuvent \u00eatre conserv\u00e9s \u00e0 temp\u00e9rature ambiante. Prot\u00e9gez toujours les \u00e9pices de la lumi\u00e8re pour qu&rsquo;elles conservent longtemps leur ar\u00f4me.<\/p>\n<p>\ud83d\udca1 Conseil : ici aussi, nous vous recommandons de vous fier \u00e0 votre bon sens et \u00e0 vos sens.[\/vc_column_text][vc_column_text]Retrouvez toutes les astuces anti-gaspillage sur <a href=\"https:\/\/toogoodtogo.ch\/fr-ch\/movement\" target=\"_blank\" rel=\"noopener\">le site de Too Good To Go<\/a>[\/vc_column_text][vc_single_image image=\u00a0\u00bb22249&Prime; img_size=\u00a0\u00bbfull\u00a0\u00bb alignment=\u00a0\u00bbcenter\u00a0\u00bb][\/vc_column][\/vc_row]<\/p>\n<\/div>","protected":false},"excerpt":{"rendered":"<p>[vc_row][vc_column][vc_column_text]ALIGRO s\u2019associe \u00e0 Too Good To Go pour lutter contre le gaspillage alimentaire. Chaque mois, nous vous pr\u00e9sentons<a class=\"moretag\" href=\"https:\/\/www.aligro.ch\/pages\/fr\/news\/astuces-pour-une-conservation-optimale-des-aliments\/\"> &#8230;<\/a><\/p>\n","protected":false},"author":9,"featured_media":57913,"comment_status":"closed","ping_status":"closed","sticky":false,"template":"","format":"standard","meta":{"_acf_changed":false,"footnotes":""},"categories":[81,298],"tags":[],"class_list":["post-57912","post","type-post","status-publish","format-standard","has-post-thumbnail","hentry","category-astuces","category-gaspillage-alimentaire"],"acf":[],"yoast_head":"<!-- This site is optimized with the Yoast SEO plugin v27.4 - https:\/\/yoast.com\/product\/yoast-seo-wordpress\/ -->\n<title>Astuces pour une conservation optimale des aliments<\/title>\n<meta name=\"description\" content=\"Apr\u00e8s avoir fait ses courses, c\u2019est le moment de d\u00e9baller les sacs \u2013 mais il r\u00e8gne souvent une certaine confusion quant \u00e0 savoir o\u00f9 et comment les aliments doivent \u00eatre stock\u00e9s.\" \/>\n<meta name=\"robots\" content=\"index, follow, max-snippet:-1, max-image-preview:large, max-video-preview:-1\" \/>\n<link rel=\"canonical\" href=\"https:\/\/www.aligro.ch\/pages\/fr\/news\/astuces-pour-une-conservation-optimale-des-aliments\/\" \/>\n<meta property=\"og:locale\" content=\"fr_FR\" \/>\n<meta property=\"og:type\" content=\"article\" \/>\n<meta property=\"og:title\" content=\"Astuces pour une conservation optimale des aliments\" \/>\n<meta property=\"og:description\" content=\"Apr\u00e8s avoir fait ses courses, c\u2019est le moment de d\u00e9baller les sacs \u2013 mais il r\u00e8gne souvent une certaine confusion quant \u00e0 savoir o\u00f9 et comment les aliments doivent \u00eatre stock\u00e9s.\" \/>\n<meta property=\"og:url\" content=\"https:\/\/www.aligro.ch\/pages\/fr\/news\/astuces-pour-une-conservation-optimale-des-aliments\/\" \/>\n<meta property=\"og:site_name\" content=\"ALIGRO\" \/>\n<meta property=\"article:publisher\" content=\"https:\/\/fb.com\/aligrosuisse\" \/>\n<meta property=\"article:published_time\" content=\"2022-11-03T10:57:34+00:00\" \/>\n<meta property=\"og:image\" content=\"https:\/\/www.aligro.ch\/pages\/wp-content\/uploads\/2022\/11\/BANDEAU_SITE.jpg\" \/>\n\t<meta property=\"og:image:width\" content=\"1920\" \/>\n\t<meta property=\"og:image:height\" content=\"1280\" \/>\n\t<meta property=\"og:image:type\" content=\"image\/jpeg\" \/>\n<meta name=\"author\" content=\"Vincent Lavanchy\" \/>\n<meta name=\"twitter:card\" content=\"summary_large_image\" \/>\n<meta name=\"twitter:label1\" content=\"\u00c9crit par\" \/>\n\t<meta name=\"twitter:data1\" content=\"Vincent Lavanchy\" \/>\n\t<meta name=\"twitter:label2\" content=\"Dur\u00e9e de lecture estim\u00e9e\" \/>\n\t<meta name=\"twitter:data2\" content=\"4 minutes\" \/>\n<script type=\"application\/ld+json\" class=\"yoast-schema-graph\">{\"@context\":\"https:\\\/\\\/schema.org\",\"@graph\":[{\"@type\":\"Article\",\"@id\":\"https:\\\/\\\/www.aligro.ch\\\/pages\\\/fr\\\/news\\\/astuces-pour-une-conservation-optimale-des-aliments\\\/#article\",\"isPartOf\":{\"@id\":\"https:\\\/\\\/www.aligro.ch\\\/pages\\\/fr\\\/news\\\/astuces-pour-une-conservation-optimale-des-aliments\\\/\"},\"author\":{\"name\":\"Vincent Lavanchy\",\"@id\":\"https:\\\/\\\/www.aligro.ch\\\/pages\\\/#\\\/schema\\\/person\\\/abe4f4a53fec53a8dea10e43adbbe7e3\"},\"headline\":\"Astuces pour une conservation optimale des aliments\",\"datePublished\":\"2022-11-03T10:57:34+00:00\",\"mainEntityOfPage\":{\"@id\":\"https:\\\/\\\/www.aligro.ch\\\/pages\\\/fr\\\/news\\\/astuces-pour-une-conservation-optimale-des-aliments\\\/\"},\"wordCount\":927,\"publisher\":{\"@id\":\"https:\\\/\\\/www.aligro.ch\\\/pages\\\/#organization\"},\"image\":{\"@id\":\"https:\\\/\\\/www.aligro.ch\\\/pages\\\/fr\\\/news\\\/astuces-pour-une-conservation-optimale-des-aliments\\\/#primaryimage\"},\"thumbnailUrl\":\"https:\\\/\\\/www.aligro.ch\\\/pages\\\/wp-content\\\/uploads\\\/2022\\\/11\\\/BANDEAU_SITE.jpg\",\"articleSection\":[\"Astuces\",\"Gaspillage alimentaire\"],\"inLanguage\":\"fr-FR\"},{\"@type\":\"WebPage\",\"@id\":\"https:\\\/\\\/www.aligro.ch\\\/pages\\\/fr\\\/news\\\/astuces-pour-une-conservation-optimale-des-aliments\\\/\",\"url\":\"https:\\\/\\\/www.aligro.ch\\\/pages\\\/fr\\\/news\\\/astuces-pour-une-conservation-optimale-des-aliments\\\/\",\"name\":\"Astuces pour une conservation optimale des aliments\",\"isPartOf\":{\"@id\":\"https:\\\/\\\/www.aligro.ch\\\/pages\\\/#website\"},\"primaryImageOfPage\":{\"@id\":\"https:\\\/\\\/www.aligro.ch\\\/pages\\\/fr\\\/news\\\/astuces-pour-une-conservation-optimale-des-aliments\\\/#primaryimage\"},\"image\":{\"@id\":\"https:\\\/\\\/www.aligro.ch\\\/pages\\\/fr\\\/news\\\/astuces-pour-une-conservation-optimale-des-aliments\\\/#primaryimage\"},\"thumbnailUrl\":\"https:\\\/\\\/www.aligro.ch\\\/pages\\\/wp-content\\\/uploads\\\/2022\\\/11\\\/BANDEAU_SITE.jpg\",\"datePublished\":\"2022-11-03T10:57:34+00:00\",\"description\":\"Apr\u00e8s avoir fait ses courses, c\u2019est le moment de d\u00e9baller les sacs \u2013 mais il r\u00e8gne souvent une certaine confusion quant \u00e0 savoir o\u00f9 et comment les aliments doivent \u00eatre stock\u00e9s.\",\"breadcrumb\":{\"@id\":\"https:\\\/\\\/www.aligro.ch\\\/pages\\\/fr\\\/news\\\/astuces-pour-une-conservation-optimale-des-aliments\\\/#breadcrumb\"},\"inLanguage\":\"fr-FR\",\"potentialAction\":[{\"@type\":\"ReadAction\",\"target\":[\"https:\\\/\\\/www.aligro.ch\\\/pages\\\/fr\\\/news\\\/astuces-pour-une-conservation-optimale-des-aliments\\\/\"]}]},{\"@type\":\"ImageObject\",\"inLanguage\":\"fr-FR\",\"@id\":\"https:\\\/\\\/www.aligro.ch\\\/pages\\\/fr\\\/news\\\/astuces-pour-une-conservation-optimale-des-aliments\\\/#primaryimage\",\"url\":\"https:\\\/\\\/www.aligro.ch\\\/pages\\\/wp-content\\\/uploads\\\/2022\\\/11\\\/BANDEAU_SITE.jpg\",\"contentUrl\":\"https:\\\/\\\/www.aligro.ch\\\/pages\\\/wp-content\\\/uploads\\\/2022\\\/11\\\/BANDEAU_SITE.jpg\",\"width\":1920,\"height\":1280},{\"@type\":\"BreadcrumbList\",\"@id\":\"https:\\\/\\\/www.aligro.ch\\\/pages\\\/fr\\\/news\\\/astuces-pour-une-conservation-optimale-des-aliments\\\/#breadcrumb\",\"itemListElement\":[{\"@type\":\"ListItem\",\"position\":1,\"name\":\"Accueil\",\"item\":\"https:\\\/\\\/www.aligro.ch\\\/pages\\\/de\\\/aligro-academy\\\/\"},{\"@type\":\"ListItem\",\"position\":2,\"name\":\"Astuces pour une conservation optimale des aliments\"}]},{\"@type\":\"WebSite\",\"@id\":\"https:\\\/\\\/www.aligro.ch\\\/pages\\\/#website\",\"url\":\"https:\\\/\\\/www.aligro.ch\\\/pages\\\/\",\"name\":\"ALIGRO\",\"description\":\"Fra\u00eecheur. Qualit\u00e9. Inspiration.\",\"publisher\":{\"@id\":\"https:\\\/\\\/www.aligro.ch\\\/pages\\\/#organization\"},\"potentialAction\":[{\"@type\":\"SearchAction\",\"target\":{\"@type\":\"EntryPoint\",\"urlTemplate\":\"https:\\\/\\\/www.aligro.ch\\\/pages\\\/?s={search_term_string}\"},\"query-input\":{\"@type\":\"PropertyValueSpecification\",\"valueRequired\":true,\"valueName\":\"search_term_string\"}}],\"inLanguage\":\"fr-FR\"},{\"@type\":\"Organization\",\"@id\":\"https:\\\/\\\/www.aligro.ch\\\/pages\\\/#organization\",\"name\":\"ALIGRO\",\"url\":\"https:\\\/\\\/www.aligro.ch\\\/pages\\\/\",\"logo\":{\"@type\":\"ImageObject\",\"inLanguage\":\"fr-FR\",\"@id\":\"https:\\\/\\\/www.aligro.ch\\\/pages\\\/#\\\/schema\\\/logo\\\/image\\\/\",\"url\":\"https:\\\/\\\/www.aligro.ch\\\/pages\\\/wp-content\\\/uploads\\\/2018\\\/10\\\/Logo@4x.png\",\"contentUrl\":\"https:\\\/\\\/www.aligro.ch\\\/pages\\\/wp-content\\\/uploads\\\/2018\\\/10\\\/Logo@4x.png\",\"width\":1831,\"height\":228,\"caption\":\"ALIGRO\"},\"image\":{\"@id\":\"https:\\\/\\\/www.aligro.ch\\\/pages\\\/#\\\/schema\\\/logo\\\/image\\\/\"},\"sameAs\":[\"https:\\\/\\\/fb.com\\\/aligrosuisse\"]},{\"@type\":\"Person\",\"@id\":\"https:\\\/\\\/www.aligro.ch\\\/pages\\\/#\\\/schema\\\/person\\\/abe4f4a53fec53a8dea10e43adbbe7e3\",\"name\":\"Vincent Lavanchy\",\"image\":{\"@type\":\"ImageObject\",\"inLanguage\":\"fr-FR\",\"@id\":\"https:\\\/\\\/secure.gravatar.com\\\/avatar\\\/0c26d4efb7d6ae3d3acfb21cea043eed07c8459ea7780b7c5d9d73543f0c4d2e?s=96&d=mm&r=g\",\"url\":\"https:\\\/\\\/secure.gravatar.com\\\/avatar\\\/0c26d4efb7d6ae3d3acfb21cea043eed07c8459ea7780b7c5d9d73543f0c4d2e?s=96&d=mm&r=g\",\"contentUrl\":\"https:\\\/\\\/secure.gravatar.com\\\/avatar\\\/0c26d4efb7d6ae3d3acfb21cea043eed07c8459ea7780b7c5d9d73543f0c4d2e?s=96&d=mm&r=g\",\"caption\":\"Vincent Lavanchy\"}}]}<\/script>\n<!-- \/ Yoast SEO plugin. -->","yoast_head_json":{"title":"Astuces pour une conservation optimale des aliments","description":"Apr\u00e8s avoir fait ses courses, c\u2019est le moment de d\u00e9baller les sacs \u2013 mais il r\u00e8gne souvent une certaine confusion quant \u00e0 savoir o\u00f9 et comment les aliments doivent \u00eatre stock\u00e9s.","robots":{"index":"index","follow":"follow","max-snippet":"max-snippet:-1","max-image-preview":"max-image-preview:large","max-video-preview":"max-video-preview:-1"},"canonical":"https:\/\/www.aligro.ch\/pages\/fr\/news\/astuces-pour-une-conservation-optimale-des-aliments\/","og_locale":"fr_FR","og_type":"article","og_title":"Astuces pour une conservation optimale des aliments","og_description":"Apr\u00e8s avoir fait ses courses, c\u2019est le moment de d\u00e9baller les sacs \u2013 mais il r\u00e8gne souvent une certaine confusion quant \u00e0 savoir o\u00f9 et comment les aliments doivent \u00eatre stock\u00e9s.","og_url":"https:\/\/www.aligro.ch\/pages\/fr\/news\/astuces-pour-une-conservation-optimale-des-aliments\/","og_site_name":"ALIGRO","article_publisher":"https:\/\/fb.com\/aligrosuisse","article_published_time":"2022-11-03T10:57:34+00:00","og_image":[{"width":1920,"height":1280,"url":"https:\/\/www.aligro.ch\/pages\/wp-content\/uploads\/2022\/11\/BANDEAU_SITE.jpg","type":"image\/jpeg"}],"author":"Vincent Lavanchy","twitter_card":"summary_large_image","twitter_misc":{"\u00c9crit par":"Vincent Lavanchy","Dur\u00e9e de lecture estim\u00e9e":"4 minutes"},"schema":{"@context":"https:\/\/schema.org","@graph":[{"@type":"Article","@id":"https:\/\/www.aligro.ch\/pages\/fr\/news\/astuces-pour-une-conservation-optimale-des-aliments\/#article","isPartOf":{"@id":"https:\/\/www.aligro.ch\/pages\/fr\/news\/astuces-pour-une-conservation-optimale-des-aliments\/"},"author":{"name":"Vincent Lavanchy","@id":"https:\/\/www.aligro.ch\/pages\/#\/schema\/person\/abe4f4a53fec53a8dea10e43adbbe7e3"},"headline":"Astuces pour une conservation optimale des aliments","datePublished":"2022-11-03T10:57:34+00:00","mainEntityOfPage":{"@id":"https:\/\/www.aligro.ch\/pages\/fr\/news\/astuces-pour-une-conservation-optimale-des-aliments\/"},"wordCount":927,"publisher":{"@id":"https:\/\/www.aligro.ch\/pages\/#organization"},"image":{"@id":"https:\/\/www.aligro.ch\/pages\/fr\/news\/astuces-pour-une-conservation-optimale-des-aliments\/#primaryimage"},"thumbnailUrl":"https:\/\/www.aligro.ch\/pages\/wp-content\/uploads\/2022\/11\/BANDEAU_SITE.jpg","articleSection":["Astuces","Gaspillage alimentaire"],"inLanguage":"fr-FR"},{"@type":"WebPage","@id":"https:\/\/www.aligro.ch\/pages\/fr\/news\/astuces-pour-une-conservation-optimale-des-aliments\/","url":"https:\/\/www.aligro.ch\/pages\/fr\/news\/astuces-pour-une-conservation-optimale-des-aliments\/","name":"Astuces pour une conservation optimale des aliments","isPartOf":{"@id":"https:\/\/www.aligro.ch\/pages\/#website"},"primaryImageOfPage":{"@id":"https:\/\/www.aligro.ch\/pages\/fr\/news\/astuces-pour-une-conservation-optimale-des-aliments\/#primaryimage"},"image":{"@id":"https:\/\/www.aligro.ch\/pages\/fr\/news\/astuces-pour-une-conservation-optimale-des-aliments\/#primaryimage"},"thumbnailUrl":"https:\/\/www.aligro.ch\/pages\/wp-content\/uploads\/2022\/11\/BANDEAU_SITE.jpg","datePublished":"2022-11-03T10:57:34+00:00","description":"Apr\u00e8s avoir fait ses courses, c\u2019est le moment de d\u00e9baller les sacs \u2013 mais il r\u00e8gne souvent une certaine confusion quant \u00e0 savoir o\u00f9 et comment les aliments doivent \u00eatre stock\u00e9s.","breadcrumb":{"@id":"https:\/\/www.aligro.ch\/pages\/fr\/news\/astuces-pour-une-conservation-optimale-des-aliments\/#breadcrumb"},"inLanguage":"fr-FR","potentialAction":[{"@type":"ReadAction","target":["https:\/\/www.aligro.ch\/pages\/fr\/news\/astuces-pour-une-conservation-optimale-des-aliments\/"]}]},{"@type":"ImageObject","inLanguage":"fr-FR","@id":"https:\/\/www.aligro.ch\/pages\/fr\/news\/astuces-pour-une-conservation-optimale-des-aliments\/#primaryimage","url":"https:\/\/www.aligro.ch\/pages\/wp-content\/uploads\/2022\/11\/BANDEAU_SITE.jpg","contentUrl":"https:\/\/www.aligro.ch\/pages\/wp-content\/uploads\/2022\/11\/BANDEAU_SITE.jpg","width":1920,"height":1280},{"@type":"BreadcrumbList","@id":"https:\/\/www.aligro.ch\/pages\/fr\/news\/astuces-pour-une-conservation-optimale-des-aliments\/#breadcrumb","itemListElement":[{"@type":"ListItem","position":1,"name":"Accueil","item":"https:\/\/www.aligro.ch\/pages\/de\/aligro-academy\/"},{"@type":"ListItem","position":2,"name":"Astuces pour une conservation optimale des aliments"}]},{"@type":"WebSite","@id":"https:\/\/www.aligro.ch\/pages\/#website","url":"https:\/\/www.aligro.ch\/pages\/","name":"ALIGRO","description":"Fra\u00eecheur. Qualit\u00e9. Inspiration.","publisher":{"@id":"https:\/\/www.aligro.ch\/pages\/#organization"},"potentialAction":[{"@type":"SearchAction","target":{"@type":"EntryPoint","urlTemplate":"https:\/\/www.aligro.ch\/pages\/?s={search_term_string}"},"query-input":{"@type":"PropertyValueSpecification","valueRequired":true,"valueName":"search_term_string"}}],"inLanguage":"fr-FR"},{"@type":"Organization","@id":"https:\/\/www.aligro.ch\/pages\/#organization","name":"ALIGRO","url":"https:\/\/www.aligro.ch\/pages\/","logo":{"@type":"ImageObject","inLanguage":"fr-FR","@id":"https:\/\/www.aligro.ch\/pages\/#\/schema\/logo\/image\/","url":"https:\/\/www.aligro.ch\/pages\/wp-content\/uploads\/2018\/10\/Logo@4x.png","contentUrl":"https:\/\/www.aligro.ch\/pages\/wp-content\/uploads\/2018\/10\/Logo@4x.png","width":1831,"height":228,"caption":"ALIGRO"},"image":{"@id":"https:\/\/www.aligro.ch\/pages\/#\/schema\/logo\/image\/"},"sameAs":["https:\/\/fb.com\/aligrosuisse"]},{"@type":"Person","@id":"https:\/\/www.aligro.ch\/pages\/#\/schema\/person\/abe4f4a53fec53a8dea10e43adbbe7e3","name":"Vincent Lavanchy","image":{"@type":"ImageObject","inLanguage":"fr-FR","@id":"https:\/\/secure.gravatar.com\/avatar\/0c26d4efb7d6ae3d3acfb21cea043eed07c8459ea7780b7c5d9d73543f0c4d2e?s=96&d=mm&r=g","url":"https:\/\/secure.gravatar.com\/avatar\/0c26d4efb7d6ae3d3acfb21cea043eed07c8459ea7780b7c5d9d73543f0c4d2e?s=96&d=mm&r=g","contentUrl":"https:\/\/secure.gravatar.com\/avatar\/0c26d4efb7d6ae3d3acfb21cea043eed07c8459ea7780b7c5d9d73543f0c4d2e?s=96&d=mm&r=g","caption":"Vincent Lavanchy"}}]}},"_links":{"self":[{"href":"https:\/\/www.aligro.ch\/pages\/wp-json\/wp\/v2\/posts\/57912","targetHints":{"allow":["GET"]}}],"collection":[{"href":"https:\/\/www.aligro.ch\/pages\/wp-json\/wp\/v2\/posts"}],"about":[{"href":"https:\/\/www.aligro.ch\/pages\/wp-json\/wp\/v2\/types\/post"}],"author":[{"embeddable":true,"href":"https:\/\/www.aligro.ch\/pages\/wp-json\/wp\/v2\/users\/9"}],"replies":[{"embeddable":true,"href":"https:\/\/www.aligro.ch\/pages\/wp-json\/wp\/v2\/comments?post=57912"}],"version-history":[{"count":3,"href":"https:\/\/www.aligro.ch\/pages\/wp-json\/wp\/v2\/posts\/57912\/revisions"}],"predecessor-version":[{"id":57917,"href":"https:\/\/www.aligro.ch\/pages\/wp-json\/wp\/v2\/posts\/57912\/revisions\/57917"}],"wp:featuredmedia":[{"embeddable":true,"href":"https:\/\/www.aligro.ch\/pages\/wp-json\/wp\/v2\/media\/57913"}],"wp:attachment":[{"href":"https:\/\/www.aligro.ch\/pages\/wp-json\/wp\/v2\/media?parent=57912"}],"wp:term":[{"taxonomy":"category","embeddable":true,"href":"https:\/\/www.aligro.ch\/pages\/wp-json\/wp\/v2\/categories?post=57912"},{"taxonomy":"post_tag","embeddable":true,"href":"https:\/\/www.aligro.ch\/pages\/wp-json\/wp\/v2\/tags?post=57912"}],"curies":[{"name":"wp","href":"https:\/\/api.w.org\/{rel}","templated":true}]}}