{"id":57812,"date":"2022-11-01T10:38:09","date_gmt":"2022-11-01T09:38:09","guid":{"rendered":"https:\/\/www.aligro.ch\/pages\/?p=57812"},"modified":"2022-11-01T10:38:09","modified_gmt":"2022-11-01T09:38:09","slug":"des-offres-exceptionnelles-pour-les-fetes-de-fin-dannee","status":"publish","type":"post","link":"https:\/\/www.aligro.ch\/pages\/fr\/news\/des-offres-exceptionnelles-pour-les-fetes-de-fin-dannee\/","title":{"rendered":"Des offres exceptionnelles pour les f\u00eates de fin d\u2019ann\u00e9e"},"content":{"rendered":"<div class=\"wpb-content-wrapper\"><p>[vc_row][vc_column][vc_column_text]Pour les f\u00eates de fin d\u2019ann\u00e9e, l\u2019assortiment d\u2019ALIGRO propose un grand choix de produits d\u2019exception, qu\u2019il s\u2019agisse de douceurs ou de coffrets, parfaits comme cadeaux, de grands crus et de mousseux ou encore de cigares et de cigarillos.<\/p>\n<p>Le cellier d\u2019ALIGRO comprend un grand choix de plus de 1000 vins et mousseux, dont des grands crus et des magnums, des vins locaux et \u00e9trangers, de grands et plus petites productions, qui sauront r\u00e9jouir les convives les plus exigeants. Plusieurs appellations sont \u00e9galement disponibles sous forme de coffrets.<\/p>\n<p>Les amateurs de spiritueux trouveront au rayon boissons plus de 540 bouteilles du monde entier, dont plus de 100 Whiskys diff\u00e9rents. L\u2019assortiment propose en outre une grande vari\u00e9t\u00e9 de chocolats et de douceurs, plus de 300 vari\u00e9t\u00e9s de cigares et cigarillos, dont un large choix de prestigieux cigares cubains.<\/p>\n<p>Le personnel sp\u00e9cialis\u00e9 se tient \u00e0 votre disposition pour vous pr\u00e9senter nos diff\u00e9rentes offres et vous conseiller.[\/vc_column_text][\/vc_column][\/vc_row]<\/p>\n<\/div>","protected":false},"excerpt":{"rendered":"<p>[vc_row][vc_column][vc_column_text]Pour les f\u00eates de fin d\u2019ann\u00e9e, l\u2019assortiment d\u2019ALIGRO propose un grand choix de produits d\u2019exception, qu\u2019il s\u2019agisse de<a class=\"moretag\" href=\"https:\/\/www.aligro.ch\/pages\/fr\/news\/des-offres-exceptionnelles-pour-les-fetes-de-fin-dannee\/\"> &#8230;<\/a><\/p>\n","protected":false},"author":9,"featured_media":57813,"comment_status":"closed","ping_status":"closed","sticky":false,"template":"","format":"standard","meta":{"_acf_changed":false,"footnotes":""},"categories":[1],"tags":[],"class_list":["post-57812","post","type-post","status-publish","format-standard","has-post-thumbnail","hentry","category-autre"],"acf":[],"yoast_head":"<!-- This site is optimized with the Yoast SEO plugin v27.4 - https:\/\/yoast.com\/product\/yoast-seo-wordpress\/ -->\n<title>Des offres exceptionnelles pour les f\u00eates de fin d\u2019ann\u00e9e<\/title>\n<meta name=\"description\" content=\"Pour les f\u00eates de fin d\u2019ann\u00e9e, l\u2019assortiment d\u2019ALIGRO propose un grand choix de produits d\u2019exception, qu\u2019il s\u2019agisse de douceurs ou de coffrets, parfaits comme cadeaux, de grands crus et de mousseux ou encore de cigares et de cigarillos.\" \/>\n<meta name=\"robots\" content=\"index, follow, max-snippet:-1, max-image-preview:large, max-video-preview:-1\" \/>\n<link rel=\"canonical\" href=\"https:\/\/www.aligro.ch\/pages\/fr\/news\/des-offres-exceptionnelles-pour-les-fetes-de-fin-dannee\/\" \/>\n<meta property=\"og:locale\" content=\"fr_FR\" \/>\n<meta property=\"og:type\" content=\"article\" \/>\n<meta property=\"og:title\" content=\"Des offres exceptionnelles pour les f\u00eates de fin d\u2019ann\u00e9e\" \/>\n<meta property=\"og:description\" content=\"Pour les f\u00eates de fin d\u2019ann\u00e9e, l\u2019assortiment d\u2019ALIGRO propose un grand choix de produits d\u2019exception, qu\u2019il s\u2019agisse de douceurs ou de coffrets, parfaits comme cadeaux, de grands crus et de mousseux ou encore de cigares et de cigarillos.\" \/>\n<meta property=\"og:url\" content=\"https:\/\/www.aligro.ch\/pages\/fr\/news\/des-offres-exceptionnelles-pour-les-fetes-de-fin-dannee\/\" \/>\n<meta property=\"og:site_name\" content=\"ALIGRO\" \/>\n<meta property=\"article:publisher\" content=\"https:\/\/fb.com\/aligrosuisse\" \/>\n<meta property=\"article:published_time\" content=\"2022-11-01T09:38:09+00:00\" \/>\n<meta property=\"og:image\" content=\"https:\/\/www.aligro.ch\/pages\/wp-content\/uploads\/2022\/11\/BANDEAU-SITE.jpg\" \/>\n\t<meta property=\"og:image:width\" content=\"1920\" \/>\n\t<meta property=\"og:image:height\" content=\"1280\" \/>\n\t<meta property=\"og:image:type\" content=\"image\/jpeg\" \/>\n<meta name=\"author\" content=\"Vincent Lavanchy\" \/>\n<meta name=\"twitter:card\" content=\"summary_large_image\" \/>\n<meta name=\"twitter:label1\" content=\"\u00c9crit par\" \/>\n\t<meta name=\"twitter:data1\" content=\"Vincent Lavanchy\" \/>\n\t<meta name=\"twitter:label2\" content=\"Dur\u00e9e de lecture estim\u00e9e\" \/>\n\t<meta name=\"twitter:data2\" content=\"1 minute\" \/>\n<script type=\"application\/ld+json\" class=\"yoast-schema-graph\">{\"@context\":\"https:\\\/\\\/schema.org\",\"@graph\":[{\"@type\":\"Article\",\"@id\":\"https:\\\/\\\/www.aligro.ch\\\/pages\\\/fr\\\/news\\\/des-offres-exceptionnelles-pour-les-fetes-de-fin-dannee\\\/#article\",\"isPartOf\":{\"@id\":\"https:\\\/\\\/www.aligro.ch\\\/pages\\\/fr\\\/news\\\/des-offres-exceptionnelles-pour-les-fetes-de-fin-dannee\\\/\"},\"author\":{\"name\":\"Vincent Lavanchy\",\"@id\":\"https:\\\/\\\/www.aligro.ch\\\/pages\\\/#\\\/schema\\\/person\\\/abe4f4a53fec53a8dea10e43adbbe7e3\"},\"headline\":\"Des offres exceptionnelles pour les f\u00eates de fin d\u2019ann\u00e9e\",\"datePublished\":\"2022-11-01T09:38:09+00:00\",\"mainEntityOfPage\":{\"@id\":\"https:\\\/\\\/www.aligro.ch\\\/pages\\\/fr\\\/news\\\/des-offres-exceptionnelles-pour-les-fetes-de-fin-dannee\\\/\"},\"wordCount\":192,\"publisher\":{\"@id\":\"https:\\\/\\\/www.aligro.ch\\\/pages\\\/#organization\"},\"image\":{\"@id\":\"https:\\\/\\\/www.aligro.ch\\\/pages\\\/fr\\\/news\\\/des-offres-exceptionnelles-pour-les-fetes-de-fin-dannee\\\/#primaryimage\"},\"thumbnailUrl\":\"https:\\\/\\\/www.aligro.ch\\\/pages\\\/wp-content\\\/uploads\\\/2022\\\/11\\\/BANDEAU-SITE.jpg\",\"articleSection\":[\"Autre\"],\"inLanguage\":\"fr-FR\"},{\"@type\":\"WebPage\",\"@id\":\"https:\\\/\\\/www.aligro.ch\\\/pages\\\/fr\\\/news\\\/des-offres-exceptionnelles-pour-les-fetes-de-fin-dannee\\\/\",\"url\":\"https:\\\/\\\/www.aligro.ch\\\/pages\\\/fr\\\/news\\\/des-offres-exceptionnelles-pour-les-fetes-de-fin-dannee\\\/\",\"name\":\"Des offres exceptionnelles pour les f\u00eates de fin d\u2019ann\u00e9e\",\"isPartOf\":{\"@id\":\"https:\\\/\\\/www.aligro.ch\\\/pages\\\/#website\"},\"primaryImageOfPage\":{\"@id\":\"https:\\\/\\\/www.aligro.ch\\\/pages\\\/fr\\\/news\\\/des-offres-exceptionnelles-pour-les-fetes-de-fin-dannee\\\/#primaryimage\"},\"image\":{\"@id\":\"https:\\\/\\\/www.aligro.ch\\\/pages\\\/fr\\\/news\\\/des-offres-exceptionnelles-pour-les-fetes-de-fin-dannee\\\/#primaryimage\"},\"thumbnailUrl\":\"https:\\\/\\\/www.aligro.ch\\\/pages\\\/wp-content\\\/uploads\\\/2022\\\/11\\\/BANDEAU-SITE.jpg\",\"datePublished\":\"2022-11-01T09:38:09+00:00\",\"description\":\"Pour les f\u00eates de fin d\u2019ann\u00e9e, l\u2019assortiment d\u2019ALIGRO propose un grand choix de produits d\u2019exception, qu\u2019il s\u2019agisse de douceurs ou de coffrets, parfaits comme cadeaux, de grands crus et de mousseux ou encore de cigares et de cigarillos.\",\"breadcrumb\":{\"@id\":\"https:\\\/\\\/www.aligro.ch\\\/pages\\\/fr\\\/news\\\/des-offres-exceptionnelles-pour-les-fetes-de-fin-dannee\\\/#breadcrumb\"},\"inLanguage\":\"fr-FR\",\"potentialAction\":[{\"@type\":\"ReadAction\",\"target\":[\"https:\\\/\\\/www.aligro.ch\\\/pages\\\/fr\\\/news\\\/des-offres-exceptionnelles-pour-les-fetes-de-fin-dannee\\\/\"]}]},{\"@type\":\"ImageObject\",\"inLanguage\":\"fr-FR\",\"@id\":\"https:\\\/\\\/www.aligro.ch\\\/pages\\\/fr\\\/news\\\/des-offres-exceptionnelles-pour-les-fetes-de-fin-dannee\\\/#primaryimage\",\"url\":\"https:\\\/\\\/www.aligro.ch\\\/pages\\\/wp-content\\\/uploads\\\/2022\\\/11\\\/BANDEAU-SITE.jpg\",\"contentUrl\":\"https:\\\/\\\/www.aligro.ch\\\/pages\\\/wp-content\\\/uploads\\\/2022\\\/11\\\/BANDEAU-SITE.jpg\",\"width\":1920,\"height\":1280},{\"@type\":\"BreadcrumbList\",\"@id\":\"https:\\\/\\\/www.aligro.ch\\\/pages\\\/fr\\\/news\\\/des-offres-exceptionnelles-pour-les-fetes-de-fin-dannee\\\/#breadcrumb\",\"itemListElement\":[{\"@type\":\"ListItem\",\"position\":1,\"name\":\"Accueil\",\"item\":\"https:\\\/\\\/www.aligro.ch\\\/pages\\\/de\\\/aligro-academy\\\/\"},{\"@type\":\"ListItem\",\"position\":2,\"name\":\"Des offres exceptionnelles pour les f\u00eates de fin d\u2019ann\u00e9e\"}]},{\"@type\":\"WebSite\",\"@id\":\"https:\\\/\\\/www.aligro.ch\\\/pages\\\/#website\",\"url\":\"https:\\\/\\\/www.aligro.ch\\\/pages\\\/\",\"name\":\"ALIGRO\",\"description\":\"Fra\u00eecheur. Qualit\u00e9. Inspiration.\",\"publisher\":{\"@id\":\"https:\\\/\\\/www.aligro.ch\\\/pages\\\/#organization\"},\"potentialAction\":[{\"@type\":\"SearchAction\",\"target\":{\"@type\":\"EntryPoint\",\"urlTemplate\":\"https:\\\/\\\/www.aligro.ch\\\/pages\\\/?s={search_term_string}\"},\"query-input\":{\"@type\":\"PropertyValueSpecification\",\"valueRequired\":true,\"valueName\":\"search_term_string\"}}],\"inLanguage\":\"fr-FR\"},{\"@type\":\"Organization\",\"@id\":\"https:\\\/\\\/www.aligro.ch\\\/pages\\\/#organization\",\"name\":\"ALIGRO\",\"url\":\"https:\\\/\\\/www.aligro.ch\\\/pages\\\/\",\"logo\":{\"@type\":\"ImageObject\",\"inLanguage\":\"fr-FR\",\"@id\":\"https:\\\/\\\/www.aligro.ch\\\/pages\\\/#\\\/schema\\\/logo\\\/image\\\/\",\"url\":\"https:\\\/\\\/www.aligro.ch\\\/pages\\\/wp-content\\\/uploads\\\/2018\\\/10\\\/Logo@4x.png\",\"contentUrl\":\"https:\\\/\\\/www.aligro.ch\\\/pages\\\/wp-content\\\/uploads\\\/2018\\\/10\\\/Logo@4x.png\",\"width\":1831,\"height\":228,\"caption\":\"ALIGRO\"},\"image\":{\"@id\":\"https:\\\/\\\/www.aligro.ch\\\/pages\\\/#\\\/schema\\\/logo\\\/image\\\/\"},\"sameAs\":[\"https:\\\/\\\/fb.com\\\/aligrosuisse\"]},{\"@type\":\"Person\",\"@id\":\"https:\\\/\\\/www.aligro.ch\\\/pages\\\/#\\\/schema\\\/person\\\/abe4f4a53fec53a8dea10e43adbbe7e3\",\"name\":\"Vincent Lavanchy\",\"image\":{\"@type\":\"ImageObject\",\"inLanguage\":\"fr-FR\",\"@id\":\"https:\\\/\\\/secure.gravatar.com\\\/avatar\\\/0c26d4efb7d6ae3d3acfb21cea043eed07c8459ea7780b7c5d9d73543f0c4d2e?s=96&d=mm&r=g\",\"url\":\"https:\\\/\\\/secure.gravatar.com\\\/avatar\\\/0c26d4efb7d6ae3d3acfb21cea043eed07c8459ea7780b7c5d9d73543f0c4d2e?s=96&d=mm&r=g\",\"contentUrl\":\"https:\\\/\\\/secure.gravatar.com\\\/avatar\\\/0c26d4efb7d6ae3d3acfb21cea043eed07c8459ea7780b7c5d9d73543f0c4d2e?s=96&d=mm&r=g\",\"caption\":\"Vincent Lavanchy\"}}]}<\/script>\n<!-- \/ Yoast SEO plugin. -->","yoast_head_json":{"title":"Des offres exceptionnelles pour les f\u00eates de fin d\u2019ann\u00e9e","description":"Pour les f\u00eates de fin d\u2019ann\u00e9e, l\u2019assortiment d\u2019ALIGRO propose un grand choix de produits d\u2019exception, qu\u2019il s\u2019agisse de douceurs ou de coffrets, parfaits comme cadeaux, de grands crus et de mousseux ou encore de cigares et de cigarillos.","robots":{"index":"index","follow":"follow","max-snippet":"max-snippet:-1","max-image-preview":"max-image-preview:large","max-video-preview":"max-video-preview:-1"},"canonical":"https:\/\/www.aligro.ch\/pages\/fr\/news\/des-offres-exceptionnelles-pour-les-fetes-de-fin-dannee\/","og_locale":"fr_FR","og_type":"article","og_title":"Des offres exceptionnelles pour les f\u00eates de fin d\u2019ann\u00e9e","og_description":"Pour les f\u00eates de fin d\u2019ann\u00e9e, l\u2019assortiment d\u2019ALIGRO propose un grand choix de produits d\u2019exception, qu\u2019il s\u2019agisse de douceurs ou de coffrets, parfaits comme cadeaux, de grands crus et de mousseux ou encore de cigares et de cigarillos.","og_url":"https:\/\/www.aligro.ch\/pages\/fr\/news\/des-offres-exceptionnelles-pour-les-fetes-de-fin-dannee\/","og_site_name":"ALIGRO","article_publisher":"https:\/\/fb.com\/aligrosuisse","article_published_time":"2022-11-01T09:38:09+00:00","og_image":[{"width":1920,"height":1280,"url":"https:\/\/www.aligro.ch\/pages\/wp-content\/uploads\/2022\/11\/BANDEAU-SITE.jpg","type":"image\/jpeg"}],"author":"Vincent Lavanchy","twitter_card":"summary_large_image","twitter_misc":{"\u00c9crit par":"Vincent Lavanchy","Dur\u00e9e de lecture estim\u00e9e":"1 minute"},"schema":{"@context":"https:\/\/schema.org","@graph":[{"@type":"Article","@id":"https:\/\/www.aligro.ch\/pages\/fr\/news\/des-offres-exceptionnelles-pour-les-fetes-de-fin-dannee\/#article","isPartOf":{"@id":"https:\/\/www.aligro.ch\/pages\/fr\/news\/des-offres-exceptionnelles-pour-les-fetes-de-fin-dannee\/"},"author":{"name":"Vincent Lavanchy","@id":"https:\/\/www.aligro.ch\/pages\/#\/schema\/person\/abe4f4a53fec53a8dea10e43adbbe7e3"},"headline":"Des offres exceptionnelles pour les f\u00eates de fin d\u2019ann\u00e9e","datePublished":"2022-11-01T09:38:09+00:00","mainEntityOfPage":{"@id":"https:\/\/www.aligro.ch\/pages\/fr\/news\/des-offres-exceptionnelles-pour-les-fetes-de-fin-dannee\/"},"wordCount":192,"publisher":{"@id":"https:\/\/www.aligro.ch\/pages\/#organization"},"image":{"@id":"https:\/\/www.aligro.ch\/pages\/fr\/news\/des-offres-exceptionnelles-pour-les-fetes-de-fin-dannee\/#primaryimage"},"thumbnailUrl":"https:\/\/www.aligro.ch\/pages\/wp-content\/uploads\/2022\/11\/BANDEAU-SITE.jpg","articleSection":["Autre"],"inLanguage":"fr-FR"},{"@type":"WebPage","@id":"https:\/\/www.aligro.ch\/pages\/fr\/news\/des-offres-exceptionnelles-pour-les-fetes-de-fin-dannee\/","url":"https:\/\/www.aligro.ch\/pages\/fr\/news\/des-offres-exceptionnelles-pour-les-fetes-de-fin-dannee\/","name":"Des offres exceptionnelles pour les f\u00eates de fin d\u2019ann\u00e9e","isPartOf":{"@id":"https:\/\/www.aligro.ch\/pages\/#website"},"primaryImageOfPage":{"@id":"https:\/\/www.aligro.ch\/pages\/fr\/news\/des-offres-exceptionnelles-pour-les-fetes-de-fin-dannee\/#primaryimage"},"image":{"@id":"https:\/\/www.aligro.ch\/pages\/fr\/news\/des-offres-exceptionnelles-pour-les-fetes-de-fin-dannee\/#primaryimage"},"thumbnailUrl":"https:\/\/www.aligro.ch\/pages\/wp-content\/uploads\/2022\/11\/BANDEAU-SITE.jpg","datePublished":"2022-11-01T09:38:09+00:00","description":"Pour les f\u00eates de fin d\u2019ann\u00e9e, l\u2019assortiment d\u2019ALIGRO propose un grand choix de produits d\u2019exception, qu\u2019il s\u2019agisse de douceurs ou de coffrets, parfaits comme cadeaux, de grands crus et de mousseux ou encore de cigares et de cigarillos.","breadcrumb":{"@id":"https:\/\/www.aligro.ch\/pages\/fr\/news\/des-offres-exceptionnelles-pour-les-fetes-de-fin-dannee\/#breadcrumb"},"inLanguage":"fr-FR","potentialAction":[{"@type":"ReadAction","target":["https:\/\/www.aligro.ch\/pages\/fr\/news\/des-offres-exceptionnelles-pour-les-fetes-de-fin-dannee\/"]}]},{"@type":"ImageObject","inLanguage":"fr-FR","@id":"https:\/\/www.aligro.ch\/pages\/fr\/news\/des-offres-exceptionnelles-pour-les-fetes-de-fin-dannee\/#primaryimage","url":"https:\/\/www.aligro.ch\/pages\/wp-content\/uploads\/2022\/11\/BANDEAU-SITE.jpg","contentUrl":"https:\/\/www.aligro.ch\/pages\/wp-content\/uploads\/2022\/11\/BANDEAU-SITE.jpg","width":1920,"height":1280},{"@type":"BreadcrumbList","@id":"https:\/\/www.aligro.ch\/pages\/fr\/news\/des-offres-exceptionnelles-pour-les-fetes-de-fin-dannee\/#breadcrumb","itemListElement":[{"@type":"ListItem","position":1,"name":"Accueil","item":"https:\/\/www.aligro.ch\/pages\/de\/aligro-academy\/"},{"@type":"ListItem","position":2,"name":"Des offres exceptionnelles pour les f\u00eates de fin d\u2019ann\u00e9e"}]},{"@type":"WebSite","@id":"https:\/\/www.aligro.ch\/pages\/#website","url":"https:\/\/www.aligro.ch\/pages\/","name":"ALIGRO","description":"Fra\u00eecheur. Qualit\u00e9. Inspiration.","publisher":{"@id":"https:\/\/www.aligro.ch\/pages\/#organization"},"potentialAction":[{"@type":"SearchAction","target":{"@type":"EntryPoint","urlTemplate":"https:\/\/www.aligro.ch\/pages\/?s={search_term_string}"},"query-input":{"@type":"PropertyValueSpecification","valueRequired":true,"valueName":"search_term_string"}}],"inLanguage":"fr-FR"},{"@type":"Organization","@id":"https:\/\/www.aligro.ch\/pages\/#organization","name":"ALIGRO","url":"https:\/\/www.aligro.ch\/pages\/","logo":{"@type":"ImageObject","inLanguage":"fr-FR","@id":"https:\/\/www.aligro.ch\/pages\/#\/schema\/logo\/image\/","url":"https:\/\/www.aligro.ch\/pages\/wp-content\/uploads\/2018\/10\/Logo@4x.png","contentUrl":"https:\/\/www.aligro.ch\/pages\/wp-content\/uploads\/2018\/10\/Logo@4x.png","width":1831,"height":228,"caption":"ALIGRO"},"image":{"@id":"https:\/\/www.aligro.ch\/pages\/#\/schema\/logo\/image\/"},"sameAs":["https:\/\/fb.com\/aligrosuisse"]},{"@type":"Person","@id":"https:\/\/www.aligro.ch\/pages\/#\/schema\/person\/abe4f4a53fec53a8dea10e43adbbe7e3","name":"Vincent Lavanchy","image":{"@type":"ImageObject","inLanguage":"fr-FR","@id":"https:\/\/secure.gravatar.com\/avatar\/0c26d4efb7d6ae3d3acfb21cea043eed07c8459ea7780b7c5d9d73543f0c4d2e?s=96&d=mm&r=g","url":"https:\/\/secure.gravatar.com\/avatar\/0c26d4efb7d6ae3d3acfb21cea043eed07c8459ea7780b7c5d9d73543f0c4d2e?s=96&d=mm&r=g","contentUrl":"https:\/\/secure.gravatar.com\/avatar\/0c26d4efb7d6ae3d3acfb21cea043eed07c8459ea7780b7c5d9d73543f0c4d2e?s=96&d=mm&r=g","caption":"Vincent Lavanchy"}}]}},"_links":{"self":[{"href":"https:\/\/www.aligro.ch\/pages\/wp-json\/wp\/v2\/posts\/57812","targetHints":{"allow":["GET"]}}],"collection":[{"href":"https:\/\/www.aligro.ch\/pages\/wp-json\/wp\/v2\/posts"}],"about":[{"href":"https:\/\/www.aligro.ch\/pages\/wp-json\/wp\/v2\/types\/post"}],"author":[{"embeddable":true,"href":"https:\/\/www.aligro.ch\/pages\/wp-json\/wp\/v2\/users\/9"}],"replies":[{"embeddable":true,"href":"https:\/\/www.aligro.ch\/pages\/wp-json\/wp\/v2\/comments?post=57812"}],"version-history":[{"count":1,"href":"https:\/\/www.aligro.ch\/pages\/wp-json\/wp\/v2\/posts\/57812\/revisions"}],"predecessor-version":[{"id":57814,"href":"https:\/\/www.aligro.ch\/pages\/wp-json\/wp\/v2\/posts\/57812\/revisions\/57814"}],"wp:featuredmedia":[{"embeddable":true,"href":"https:\/\/www.aligro.ch\/pages\/wp-json\/wp\/v2\/media\/57813"}],"wp:attachment":[{"href":"https:\/\/www.aligro.ch\/pages\/wp-json\/wp\/v2\/media?parent=57812"}],"wp:term":[{"taxonomy":"category","embeddable":true,"href":"https:\/\/www.aligro.ch\/pages\/wp-json\/wp\/v2\/categories?post=57812"},{"taxonomy":"post_tag","embeddable":true,"href":"https:\/\/www.aligro.ch\/pages\/wp-json\/wp\/v2\/tags?post=57812"}],"curies":[{"name":"wp","href":"https:\/\/api.w.org\/{rel}","templated":true}]}}