{"id":57706,"date":"2022-10-25T09:55:34","date_gmt":"2022-10-25T07:55:34","guid":{"rendered":"https:\/\/www.aligro.ch\/pages\/?p=57706"},"modified":"2022-10-25T09:55:34","modified_gmt":"2022-10-25T07:55:34","slug":"apres-la-victoire-aux-swissskills-en-route-pour-le-championnat-du-monde","status":"publish","type":"post","link":"https:\/\/www.aligro.ch\/pages\/fr\/news\/apres-la-victoire-aux-swissskills-en-route-pour-le-championnat-du-monde\/","title":{"rendered":"Apr\u00e8s la victoire aux SwissSkills, en route pour le championnat du monde"},"content":{"rendered":"<div class=\"wpb-content-wrapper\"><p>[vc_row][vc_column][vc_column_text]<strong>Le championnat suisse des m\u00e9tiers SwissSkills s\u2019est d\u00e9roul\u00e9 du 7 au 11 septembre \u00e0 Berne. Parmi les vainqueurs, Marc Gay et Markus Schmid s\u2019att\u00e8lent d\u00e9sormais \u00e0 la pr\u00e9paration pour les WorldSkills 2024 \u00e0 Lyon. Sponsor principal de la comp\u00e9tition dans les cat\u00e9gories Intendance, Restauration et Cuisine, ALIGRO se r\u00e9jouit de la participation des repr\u00e9sentants suisses au concours international.<\/strong><\/p>\n<p><strong>Apprendre \u00e0 g\u00e9rer la pression pour r\u00e9ussir<\/strong><\/p>\n<p>Marc Gay a remport\u00e9 le titre de champion dans la cat\u00e9gorie Restauration, Julia Fuchs dans celle de l\u2019Intendance et Markus Schmid dans la cat\u00e9gorie Cuisine.<\/p>\n<p>Les deux jeunes hommes entameront prochainement la pr\u00e9paration pour les WorldSkills 2024 \u00e0 Lyon, et Julia Fuchs poursuivra sa formation dans le domaine de la restauration. Les trois candidats se sont pr\u00e9par\u00e9s de mani\u00e8re intensive pour les diff\u00e9rentes \u00e9preuves des <a href=\"https:\/\/www.aligro.ch\/pages\/fr\/news\/travailler-sous-pression-huit-heures-durant-avec-du-plaisir-et-de-la-passion-cest-plus-simple\/\">SwissSkills<\/a>, qu\u2019ils ont remport\u00e9es avec brio. G\u00e9rer la pression et r\u00e9ussir les \u00e9preuves techniques, en particulier devant les juges et un public, font partie des d\u00e9fis qu\u2019ont d\u00fb relever les jeunes champions.<\/p>\n<p>\u00ab\u00a0Ma\u00eetriser ma nervosit\u00e9 a repr\u00e9sent\u00e9 un challenge. A l&rsquo;avenir, il sera plus simple de r\u00e9agir calmement dans une situation stressante. J\u2019ai pu m\u2019am\u00e9liorer et grandir sur le plan professionnel\u00a0\u00bb \u2013 Markus Schmid est fier de sa victoire et garde confiance pour la suite de l\u2019aventure.<\/p>\n<p>Julia Fuchs se f\u00e9licite \u00e9galement d\u2019avoir pu garder son sang-froid et d\u2019avoir su rebondir lors de chaque difficult\u00e9 avec ing\u00e9niosit\u00e9, spontan\u00e9it\u00e9 et professionnalisme. \u00ab\u00a0Les \u00e9changes avec les autres candidats me permettent \u00e9galement de faire grandir mon r\u00e9seau professionnel\u00a0\u00bb, se r\u00e9jouit-elle. La jeune championne avait suivi un programme de pr\u00e9paration intensif sur plusieurs mois sous l\u2019\u0153il expert de son coach.<\/p>\n<p><strong>\u00a0<\/strong><strong>En route pour les WorldSkills 2024<\/strong><\/p>\n<p>Marc Gay est fier de sa victoire aux SwissSkills, qui lui donne beaucoup d\u2019espoir pour le concours mondial. \u00ab Avec ma coach, Chlo\u00e9 Leininger,\u00a0nous avons travaill\u00e9 dur pour atteindre ce r\u00e9sultat, et cela a pay\u00e9\u00a0\u00bb. Le jeune laur\u00e9at est reconnaissant et pr\u00e9voit de se lancer sans tarder dans la pr\u00e9paration de cette comp\u00e9tition, et de planifier les entrainements de ces deux prochaines ann\u00e9es. Marc est enthousiaste\u00a0:\u00a0\u00ab\u00a0je veux une nouvelle fois me surprendre, me d\u00e9passer et faire vibrer les personnes qui croient en moi. Et bien s\u00fbr, pr\u00e9senter mes comp\u00e9tences au niveau mondial\u00a0! \u00bb<\/p>\n<p>De son c\u00f4t\u00e9, Markus Schmid a travaill\u00e9 chaque soir durant plusieurs mois pour relever le d\u00e9fi des SwissSkills. Parmi ses accomplissements, le jeune cuisinier avait pr\u00e9sent\u00e9 un menu de cinq plats. Il pr\u00e9voit de terminer son apprentissage et de reprendre le restaurant de ses parents \u00e0 Schwellbrunn (AR), le St\u00f6rchli. D\u2019ici l\u00e0, il se soumet \u00e0 un nouveau programme\u00a0: \u00ab\u00a0un entra\u00eenement intensif, sur le plan technique et mental, ainsi que de nombreux stages\u00a0\u00bb. Ceci dans le but de d\u00e9crocher un nouveau titre, cette fois-ci au niveau mondial. Le champion n\u2019a qu\u2019un objectif\u00a0pour le concours lyonnais : remporter la m\u00e9daille d\u2019or\u00a0![\/vc_column_text][\/vc_column][\/vc_row]<\/p>\n<\/div>","protected":false},"excerpt":{"rendered":"<p>[vc_row][vc_column][vc_column_text]Le championnat suisse des m\u00e9tiers SwissSkills s\u2019est d\u00e9roul\u00e9 du 7 au 11 septembre \u00e0 Berne. Parmi les vainqueurs,<a class=\"moretag\" href=\"https:\/\/www.aligro.ch\/pages\/fr\/news\/apres-la-victoire-aux-swissskills-en-route-pour-le-championnat-du-monde\/\"> &#8230;<\/a><\/p>\n","protected":false},"author":9,"featured_media":57708,"comment_status":"closed","ping_status":"closed","sticky":false,"template":"","format":"standard","meta":{"_acf_changed":false,"footnotes":""},"categories":[1],"tags":[],"class_list":["post-57706","post","type-post","status-publish","format-standard","has-post-thumbnail","hentry","category-autre"],"acf":[],"yoast_head":"<!-- This site is optimized with the Yoast SEO plugin v27.4 - https:\/\/yoast.com\/product\/yoast-seo-wordpress\/ -->\n<title>Apr\u00e8s la victoire aux SwissSkills, en route pour le championnat du monde<\/title>\n<meta name=\"description\" content=\"Sponsor principal des SwissSkills dans les cat\u00e9gories Intendance, Restauration et Cuisine, ALIGRO se r\u00e9jouit de la participation des repr\u00e9sentants suisses au concours international.\" \/>\n<meta name=\"robots\" content=\"index, follow, max-snippet:-1, max-image-preview:large, max-video-preview:-1\" \/>\n<link rel=\"canonical\" href=\"https:\/\/www.aligro.ch\/pages\/fr\/news\/apres-la-victoire-aux-swissskills-en-route-pour-le-championnat-du-monde\/\" \/>\n<meta property=\"og:locale\" content=\"fr_FR\" \/>\n<meta property=\"og:type\" content=\"article\" \/>\n<meta property=\"og:title\" content=\"Apr\u00e8s la victoire aux SwissSkills, en route pour le championnat du monde\" \/>\n<meta property=\"og:description\" content=\"Sponsor principal des SwissSkills dans les cat\u00e9gories Intendance, Restauration et Cuisine, ALIGRO se r\u00e9jouit de la participation des repr\u00e9sentants suisses au concours international.\" \/>\n<meta property=\"og:url\" content=\"https:\/\/www.aligro.ch\/pages\/fr\/news\/apres-la-victoire-aux-swissskills-en-route-pour-le-championnat-du-monde\/\" \/>\n<meta property=\"og:site_name\" content=\"ALIGRO\" \/>\n<meta property=\"article:publisher\" content=\"https:\/\/fb.com\/aligrosuisse\" \/>\n<meta property=\"article:published_time\" content=\"2022-10-25T07:55:34+00:00\" \/>\n<meta property=\"og:image\" content=\"https:\/\/www.aligro.ch\/pages\/wp-content\/uploads\/2022\/10\/IMG_0247.jpg\" \/>\n\t<meta property=\"og:image:width\" content=\"1920\" \/>\n\t<meta property=\"og:image:height\" content=\"1280\" \/>\n\t<meta property=\"og:image:type\" content=\"image\/jpeg\" \/>\n<meta name=\"author\" content=\"Vincent Lavanchy\" \/>\n<meta name=\"twitter:card\" content=\"summary_large_image\" \/>\n<meta name=\"twitter:label1\" content=\"\u00c9crit par\" \/>\n\t<meta name=\"twitter:data1\" content=\"Vincent Lavanchy\" \/>\n\t<meta name=\"twitter:label2\" content=\"Dur\u00e9e de lecture estim\u00e9e\" \/>\n\t<meta name=\"twitter:data2\" content=\"3 minutes\" \/>\n<script type=\"application\/ld+json\" class=\"yoast-schema-graph\">{\"@context\":\"https:\\\/\\\/schema.org\",\"@graph\":[{\"@type\":\"Article\",\"@id\":\"https:\\\/\\\/www.aligro.ch\\\/pages\\\/fr\\\/news\\\/apres-la-victoire-aux-swissskills-en-route-pour-le-championnat-du-monde\\\/#article\",\"isPartOf\":{\"@id\":\"https:\\\/\\\/www.aligro.ch\\\/pages\\\/fr\\\/news\\\/apres-la-victoire-aux-swissskills-en-route-pour-le-championnat-du-monde\\\/\"},\"author\":{\"name\":\"Vincent Lavanchy\",\"@id\":\"https:\\\/\\\/www.aligro.ch\\\/pages\\\/#\\\/schema\\\/person\\\/abe4f4a53fec53a8dea10e43adbbe7e3\"},\"headline\":\"Apr\u00e8s la victoire aux SwissSkills, en route pour le championnat du monde\",\"datePublished\":\"2022-10-25T07:55:34+00:00\",\"mainEntityOfPage\":{\"@id\":\"https:\\\/\\\/www.aligro.ch\\\/pages\\\/fr\\\/news\\\/apres-la-victoire-aux-swissskills-en-route-pour-le-championnat-du-monde\\\/\"},\"wordCount\":546,\"publisher\":{\"@id\":\"https:\\\/\\\/www.aligro.ch\\\/pages\\\/#organization\"},\"image\":{\"@id\":\"https:\\\/\\\/www.aligro.ch\\\/pages\\\/fr\\\/news\\\/apres-la-victoire-aux-swissskills-en-route-pour-le-championnat-du-monde\\\/#primaryimage\"},\"thumbnailUrl\":\"https:\\\/\\\/www.aligro.ch\\\/pages\\\/wp-content\\\/uploads\\\/2022\\\/10\\\/IMG_0247.jpg\",\"articleSection\":[\"Autre\"],\"inLanguage\":\"fr-FR\"},{\"@type\":\"WebPage\",\"@id\":\"https:\\\/\\\/www.aligro.ch\\\/pages\\\/fr\\\/news\\\/apres-la-victoire-aux-swissskills-en-route-pour-le-championnat-du-monde\\\/\",\"url\":\"https:\\\/\\\/www.aligro.ch\\\/pages\\\/fr\\\/news\\\/apres-la-victoire-aux-swissskills-en-route-pour-le-championnat-du-monde\\\/\",\"name\":\"Apr\u00e8s la victoire aux SwissSkills, en route pour le championnat du monde\",\"isPartOf\":{\"@id\":\"https:\\\/\\\/www.aligro.ch\\\/pages\\\/#website\"},\"primaryImageOfPage\":{\"@id\":\"https:\\\/\\\/www.aligro.ch\\\/pages\\\/fr\\\/news\\\/apres-la-victoire-aux-swissskills-en-route-pour-le-championnat-du-monde\\\/#primaryimage\"},\"image\":{\"@id\":\"https:\\\/\\\/www.aligro.ch\\\/pages\\\/fr\\\/news\\\/apres-la-victoire-aux-swissskills-en-route-pour-le-championnat-du-monde\\\/#primaryimage\"},\"thumbnailUrl\":\"https:\\\/\\\/www.aligro.ch\\\/pages\\\/wp-content\\\/uploads\\\/2022\\\/10\\\/IMG_0247.jpg\",\"datePublished\":\"2022-10-25T07:55:34+00:00\",\"description\":\"Sponsor principal des SwissSkills dans les cat\u00e9gories Intendance, Restauration et Cuisine, ALIGRO se r\u00e9jouit de la participation des repr\u00e9sentants suisses au concours international.\",\"breadcrumb\":{\"@id\":\"https:\\\/\\\/www.aligro.ch\\\/pages\\\/fr\\\/news\\\/apres-la-victoire-aux-swissskills-en-route-pour-le-championnat-du-monde\\\/#breadcrumb\"},\"inLanguage\":\"fr-FR\",\"potentialAction\":[{\"@type\":\"ReadAction\",\"target\":[\"https:\\\/\\\/www.aligro.ch\\\/pages\\\/fr\\\/news\\\/apres-la-victoire-aux-swissskills-en-route-pour-le-championnat-du-monde\\\/\"]}]},{\"@type\":\"ImageObject\",\"inLanguage\":\"fr-FR\",\"@id\":\"https:\\\/\\\/www.aligro.ch\\\/pages\\\/fr\\\/news\\\/apres-la-victoire-aux-swissskills-en-route-pour-le-championnat-du-monde\\\/#primaryimage\",\"url\":\"https:\\\/\\\/www.aligro.ch\\\/pages\\\/wp-content\\\/uploads\\\/2022\\\/10\\\/IMG_0247.jpg\",\"contentUrl\":\"https:\\\/\\\/www.aligro.ch\\\/pages\\\/wp-content\\\/uploads\\\/2022\\\/10\\\/IMG_0247.jpg\",\"width\":1920,\"height\":1280},{\"@type\":\"BreadcrumbList\",\"@id\":\"https:\\\/\\\/www.aligro.ch\\\/pages\\\/fr\\\/news\\\/apres-la-victoire-aux-swissskills-en-route-pour-le-championnat-du-monde\\\/#breadcrumb\",\"itemListElement\":[{\"@type\":\"ListItem\",\"position\":1,\"name\":\"Accueil\",\"item\":\"https:\\\/\\\/www.aligro.ch\\\/pages\\\/de\\\/aligro-academy\\\/\"},{\"@type\":\"ListItem\",\"position\":2,\"name\":\"Apr\u00e8s la victoire aux SwissSkills, en route pour le championnat du monde\"}]},{\"@type\":\"WebSite\",\"@id\":\"https:\\\/\\\/www.aligro.ch\\\/pages\\\/#website\",\"url\":\"https:\\\/\\\/www.aligro.ch\\\/pages\\\/\",\"name\":\"ALIGRO\",\"description\":\"Fra\u00eecheur. Qualit\u00e9. Inspiration.\",\"publisher\":{\"@id\":\"https:\\\/\\\/www.aligro.ch\\\/pages\\\/#organization\"},\"potentialAction\":[{\"@type\":\"SearchAction\",\"target\":{\"@type\":\"EntryPoint\",\"urlTemplate\":\"https:\\\/\\\/www.aligro.ch\\\/pages\\\/?s={search_term_string}\"},\"query-input\":{\"@type\":\"PropertyValueSpecification\",\"valueRequired\":true,\"valueName\":\"search_term_string\"}}],\"inLanguage\":\"fr-FR\"},{\"@type\":\"Organization\",\"@id\":\"https:\\\/\\\/www.aligro.ch\\\/pages\\\/#organization\",\"name\":\"ALIGRO\",\"url\":\"https:\\\/\\\/www.aligro.ch\\\/pages\\\/\",\"logo\":{\"@type\":\"ImageObject\",\"inLanguage\":\"fr-FR\",\"@id\":\"https:\\\/\\\/www.aligro.ch\\\/pages\\\/#\\\/schema\\\/logo\\\/image\\\/\",\"url\":\"https:\\\/\\\/www.aligro.ch\\\/pages\\\/wp-content\\\/uploads\\\/2018\\\/10\\\/Logo@4x.png\",\"contentUrl\":\"https:\\\/\\\/www.aligro.ch\\\/pages\\\/wp-content\\\/uploads\\\/2018\\\/10\\\/Logo@4x.png\",\"width\":1831,\"height\":228,\"caption\":\"ALIGRO\"},\"image\":{\"@id\":\"https:\\\/\\\/www.aligro.ch\\\/pages\\\/#\\\/schema\\\/logo\\\/image\\\/\"},\"sameAs\":[\"https:\\\/\\\/fb.com\\\/aligrosuisse\"]},{\"@type\":\"Person\",\"@id\":\"https:\\\/\\\/www.aligro.ch\\\/pages\\\/#\\\/schema\\\/person\\\/abe4f4a53fec53a8dea10e43adbbe7e3\",\"name\":\"Vincent Lavanchy\",\"image\":{\"@type\":\"ImageObject\",\"inLanguage\":\"fr-FR\",\"@id\":\"https:\\\/\\\/secure.gravatar.com\\\/avatar\\\/0c26d4efb7d6ae3d3acfb21cea043eed07c8459ea7780b7c5d9d73543f0c4d2e?s=96&d=mm&r=g\",\"url\":\"https:\\\/\\\/secure.gravatar.com\\\/avatar\\\/0c26d4efb7d6ae3d3acfb21cea043eed07c8459ea7780b7c5d9d73543f0c4d2e?s=96&d=mm&r=g\",\"contentUrl\":\"https:\\\/\\\/secure.gravatar.com\\\/avatar\\\/0c26d4efb7d6ae3d3acfb21cea043eed07c8459ea7780b7c5d9d73543f0c4d2e?s=96&d=mm&r=g\",\"caption\":\"Vincent Lavanchy\"}}]}<\/script>\n<!-- \/ Yoast SEO plugin. -->","yoast_head_json":{"title":"Apr\u00e8s la victoire aux SwissSkills, en route pour le championnat du monde","description":"Sponsor principal des SwissSkills dans les cat\u00e9gories Intendance, Restauration et Cuisine, ALIGRO se r\u00e9jouit de la participation des repr\u00e9sentants suisses au concours international.","robots":{"index":"index","follow":"follow","max-snippet":"max-snippet:-1","max-image-preview":"max-image-preview:large","max-video-preview":"max-video-preview:-1"},"canonical":"https:\/\/www.aligro.ch\/pages\/fr\/news\/apres-la-victoire-aux-swissskills-en-route-pour-le-championnat-du-monde\/","og_locale":"fr_FR","og_type":"article","og_title":"Apr\u00e8s la victoire aux SwissSkills, en route pour le championnat du monde","og_description":"Sponsor principal des SwissSkills dans les cat\u00e9gories Intendance, Restauration et Cuisine, ALIGRO se r\u00e9jouit de la participation des repr\u00e9sentants suisses au concours international.","og_url":"https:\/\/www.aligro.ch\/pages\/fr\/news\/apres-la-victoire-aux-swissskills-en-route-pour-le-championnat-du-monde\/","og_site_name":"ALIGRO","article_publisher":"https:\/\/fb.com\/aligrosuisse","article_published_time":"2022-10-25T07:55:34+00:00","og_image":[{"width":1920,"height":1280,"url":"https:\/\/www.aligro.ch\/pages\/wp-content\/uploads\/2022\/10\/IMG_0247.jpg","type":"image\/jpeg"}],"author":"Vincent Lavanchy","twitter_card":"summary_large_image","twitter_misc":{"\u00c9crit par":"Vincent Lavanchy","Dur\u00e9e de lecture estim\u00e9e":"3 minutes"},"schema":{"@context":"https:\/\/schema.org","@graph":[{"@type":"Article","@id":"https:\/\/www.aligro.ch\/pages\/fr\/news\/apres-la-victoire-aux-swissskills-en-route-pour-le-championnat-du-monde\/#article","isPartOf":{"@id":"https:\/\/www.aligro.ch\/pages\/fr\/news\/apres-la-victoire-aux-swissskills-en-route-pour-le-championnat-du-monde\/"},"author":{"name":"Vincent Lavanchy","@id":"https:\/\/www.aligro.ch\/pages\/#\/schema\/person\/abe4f4a53fec53a8dea10e43adbbe7e3"},"headline":"Apr\u00e8s la victoire aux SwissSkills, en route pour le championnat du monde","datePublished":"2022-10-25T07:55:34+00:00","mainEntityOfPage":{"@id":"https:\/\/www.aligro.ch\/pages\/fr\/news\/apres-la-victoire-aux-swissskills-en-route-pour-le-championnat-du-monde\/"},"wordCount":546,"publisher":{"@id":"https:\/\/www.aligro.ch\/pages\/#organization"},"image":{"@id":"https:\/\/www.aligro.ch\/pages\/fr\/news\/apres-la-victoire-aux-swissskills-en-route-pour-le-championnat-du-monde\/#primaryimage"},"thumbnailUrl":"https:\/\/www.aligro.ch\/pages\/wp-content\/uploads\/2022\/10\/IMG_0247.jpg","articleSection":["Autre"],"inLanguage":"fr-FR"},{"@type":"WebPage","@id":"https:\/\/www.aligro.ch\/pages\/fr\/news\/apres-la-victoire-aux-swissskills-en-route-pour-le-championnat-du-monde\/","url":"https:\/\/www.aligro.ch\/pages\/fr\/news\/apres-la-victoire-aux-swissskills-en-route-pour-le-championnat-du-monde\/","name":"Apr\u00e8s la victoire aux SwissSkills, en route pour le championnat du monde","isPartOf":{"@id":"https:\/\/www.aligro.ch\/pages\/#website"},"primaryImageOfPage":{"@id":"https:\/\/www.aligro.ch\/pages\/fr\/news\/apres-la-victoire-aux-swissskills-en-route-pour-le-championnat-du-monde\/#primaryimage"},"image":{"@id":"https:\/\/www.aligro.ch\/pages\/fr\/news\/apres-la-victoire-aux-swissskills-en-route-pour-le-championnat-du-monde\/#primaryimage"},"thumbnailUrl":"https:\/\/www.aligro.ch\/pages\/wp-content\/uploads\/2022\/10\/IMG_0247.jpg","datePublished":"2022-10-25T07:55:34+00:00","description":"Sponsor principal des SwissSkills dans les cat\u00e9gories Intendance, Restauration et Cuisine, ALIGRO se r\u00e9jouit de la participation des repr\u00e9sentants suisses au concours international.","breadcrumb":{"@id":"https:\/\/www.aligro.ch\/pages\/fr\/news\/apres-la-victoire-aux-swissskills-en-route-pour-le-championnat-du-monde\/#breadcrumb"},"inLanguage":"fr-FR","potentialAction":[{"@type":"ReadAction","target":["https:\/\/www.aligro.ch\/pages\/fr\/news\/apres-la-victoire-aux-swissskills-en-route-pour-le-championnat-du-monde\/"]}]},{"@type":"ImageObject","inLanguage":"fr-FR","@id":"https:\/\/www.aligro.ch\/pages\/fr\/news\/apres-la-victoire-aux-swissskills-en-route-pour-le-championnat-du-monde\/#primaryimage","url":"https:\/\/www.aligro.ch\/pages\/wp-content\/uploads\/2022\/10\/IMG_0247.jpg","contentUrl":"https:\/\/www.aligro.ch\/pages\/wp-content\/uploads\/2022\/10\/IMG_0247.jpg","width":1920,"height":1280},{"@type":"BreadcrumbList","@id":"https:\/\/www.aligro.ch\/pages\/fr\/news\/apres-la-victoire-aux-swissskills-en-route-pour-le-championnat-du-monde\/#breadcrumb","itemListElement":[{"@type":"ListItem","position":1,"name":"Accueil","item":"https:\/\/www.aligro.ch\/pages\/de\/aligro-academy\/"},{"@type":"ListItem","position":2,"name":"Apr\u00e8s la victoire aux SwissSkills, en route pour le championnat du monde"}]},{"@type":"WebSite","@id":"https:\/\/www.aligro.ch\/pages\/#website","url":"https:\/\/www.aligro.ch\/pages\/","name":"ALIGRO","description":"Fra\u00eecheur. Qualit\u00e9. Inspiration.","publisher":{"@id":"https:\/\/www.aligro.ch\/pages\/#organization"},"potentialAction":[{"@type":"SearchAction","target":{"@type":"EntryPoint","urlTemplate":"https:\/\/www.aligro.ch\/pages\/?s={search_term_string}"},"query-input":{"@type":"PropertyValueSpecification","valueRequired":true,"valueName":"search_term_string"}}],"inLanguage":"fr-FR"},{"@type":"Organization","@id":"https:\/\/www.aligro.ch\/pages\/#organization","name":"ALIGRO","url":"https:\/\/www.aligro.ch\/pages\/","logo":{"@type":"ImageObject","inLanguage":"fr-FR","@id":"https:\/\/www.aligro.ch\/pages\/#\/schema\/logo\/image\/","url":"https:\/\/www.aligro.ch\/pages\/wp-content\/uploads\/2018\/10\/Logo@4x.png","contentUrl":"https:\/\/www.aligro.ch\/pages\/wp-content\/uploads\/2018\/10\/Logo@4x.png","width":1831,"height":228,"caption":"ALIGRO"},"image":{"@id":"https:\/\/www.aligro.ch\/pages\/#\/schema\/logo\/image\/"},"sameAs":["https:\/\/fb.com\/aligrosuisse"]},{"@type":"Person","@id":"https:\/\/www.aligro.ch\/pages\/#\/schema\/person\/abe4f4a53fec53a8dea10e43adbbe7e3","name":"Vincent Lavanchy","image":{"@type":"ImageObject","inLanguage":"fr-FR","@id":"https:\/\/secure.gravatar.com\/avatar\/0c26d4efb7d6ae3d3acfb21cea043eed07c8459ea7780b7c5d9d73543f0c4d2e?s=96&d=mm&r=g","url":"https:\/\/secure.gravatar.com\/avatar\/0c26d4efb7d6ae3d3acfb21cea043eed07c8459ea7780b7c5d9d73543f0c4d2e?s=96&d=mm&r=g","contentUrl":"https:\/\/secure.gravatar.com\/avatar\/0c26d4efb7d6ae3d3acfb21cea043eed07c8459ea7780b7c5d9d73543f0c4d2e?s=96&d=mm&r=g","caption":"Vincent Lavanchy"}}]}},"_links":{"self":[{"href":"https:\/\/www.aligro.ch\/pages\/wp-json\/wp\/v2\/posts\/57706","targetHints":{"allow":["GET"]}}],"collection":[{"href":"https:\/\/www.aligro.ch\/pages\/wp-json\/wp\/v2\/posts"}],"about":[{"href":"https:\/\/www.aligro.ch\/pages\/wp-json\/wp\/v2\/types\/post"}],"author":[{"embeddable":true,"href":"https:\/\/www.aligro.ch\/pages\/wp-json\/wp\/v2\/users\/9"}],"replies":[{"embeddable":true,"href":"https:\/\/www.aligro.ch\/pages\/wp-json\/wp\/v2\/comments?post=57706"}],"version-history":[{"count":1,"href":"https:\/\/www.aligro.ch\/pages\/wp-json\/wp\/v2\/posts\/57706\/revisions"}],"predecessor-version":[{"id":57709,"href":"https:\/\/www.aligro.ch\/pages\/wp-json\/wp\/v2\/posts\/57706\/revisions\/57709"}],"wp:featuredmedia":[{"embeddable":true,"href":"https:\/\/www.aligro.ch\/pages\/wp-json\/wp\/v2\/media\/57708"}],"wp:attachment":[{"href":"https:\/\/www.aligro.ch\/pages\/wp-json\/wp\/v2\/media?parent=57706"}],"wp:term":[{"taxonomy":"category","embeddable":true,"href":"https:\/\/www.aligro.ch\/pages\/wp-json\/wp\/v2\/categories?post=57706"},{"taxonomy":"post_tag","embeddable":true,"href":"https:\/\/www.aligro.ch\/pages\/wp-json\/wp\/v2\/tags?post=57706"}],"curies":[{"name":"wp","href":"https:\/\/api.w.org\/{rel}","templated":true}]}}