{"id":57586,"date":"2022-10-18T12:30:35","date_gmt":"2022-10-18T10:30:35","guid":{"rendered":"https:\/\/www.aligro.ch\/pages\/?p=57586"},"modified":"2022-10-18T15:23:15","modified_gmt":"2022-10-18T13:23:15","slug":"aligro-unterstuetzt-die-rallye-international-du-valais","status":"publish","type":"post","link":"https:\/\/www.aligro.ch\/pages\/de\/news\/aligro-unterstuetzt-die-rallye-international-du-valais\/","title":{"rendered":"ALIGRO unterst\u00fctzt die Rallye International du Valais"},"content":{"rendered":"<div class=\"wpb-content-wrapper\"><p>[vc_row][vc_column][vc_column_text]<strong>ALIGRO unterst\u00fctzt die Rallye International du Valais<\/strong><\/p>\n<p><strong>Die 62. Ausgabe der Rallye International du Valais fand am 14. und 15. Oktober 2022 statt. Ein Event, das von der \u00d6ffentlichkeit mit Spannung erwartet <\/strong><strong>wurde<\/strong><strong>. Der Kundenservice des ALIGRO-Marktes in Sion lud zu diesem Anlass einige Kunden ein, um gemeinsam einen geselligen Moment zu verbringen. Das Unternehmen <\/strong><strong>freute <\/strong><strong>sich sehr, die Veranstaltung f\u00fcr eine weitere spannende Ausgabe zu unterst\u00fctzen.<\/strong><\/p>\n<p>Die Veranstaltung, die seit \u00fcber sechzig Jahren organisiert wird und zur DNA des Wallis geh\u00f6rt, fand zwischen den Thermal-B\u00e4dern von Saillon, Anz\u00e8re, Ayent, Champex, Lourtier, Nax und dem Val des Dix statt. Der Start erfolgte in den Thermal-B\u00e4dern von Saillon am Morgen des 13. Oktober, dem Ort, wo Mike Coppens am sp\u00e4ten Samstagabend des 15. Oktober zum Champion gek\u00fcrt wurde.<\/p>\n<p><strong>Eine abenteuerliche Reise in den Bergen<\/strong><\/p>\n<p>Der Kundendienstleiter des ALIGRO-Marktes in Sitten, Paul-Andr\u00e9 Anthamatten, und der Kundenberater, Julio Oubina, nahmen zusammen mit einigen Kunden an der Veranstaltung teil. Nach einem fr\u00fchen Fr\u00fchst\u00fcck verfolgten sie das Rennen, teilweise sogar vom Helikopter aus. Aperitifs und Mahlzeiten bestimmten ihren Tagesablauf am Rande der Rennstrecken in einer sonnigen Atmosph\u00e4re.<\/p>\n<p><strong>Privilegierte Erfahrung<\/strong><\/p>\n<p>Der Kundenbetreuer, Herr Anthamatten, hat eine sehr angenehme Erfahrung gemacht: \u00ab\u00a0Wir haben die Veranstaltung sehr genossen, da wir austauschen und uns kennenlernen konnten. Es war sehr bereichernd, und bei dem sch\u00f6nen Wetter konnten wir uns sogar br\u00e4unen [lacht]! Alle waren sehr zufrieden. Ausserdem hat das Organisationsteam hervorragende Arbeit geleistet\u00a0\u00bb.<\/p>\n<p><strong>Unterst\u00fctzung <\/strong><strong>der freiwilligen Helfer<\/strong><\/p>\n<p>Das Organisationskomitee der Rallye du Valais besteht aus freiwilligen Helfern. Zur Unterst\u00fctzung der Organisation stellte ALIGRO Lunchpakete zur Verf\u00fcgung, damit sich die Helfer w\u00e4hrend der zweit\u00e4gigen Veranstaltung verpflegen konnten. \u00ab\u00a0Ohne die Freiwilligen k\u00f6nnte die Veranstaltung gar nicht existieren\u00a0\u00bb, betonte der Leiter des Organisationskomitees.<\/p>\n<p>Einige Eindr\u00fccke von einem Tag bei der Rallye du Valais :[\/vc_column_text][\/vc_column][\/vc_row][vc_row][vc_column][vc_single_image image=\u00a0\u00bb57588&Prime; img_size=\u00a0\u00bbfull\u00a0\u00bb add_caption=\u00a0\u00bbyes\u00a0\u00bb][\/vc_column][\/vc_row][vc_row][vc_column][vc_single_image image=\u00a0\u00bb57589&Prime; img_size=\u00a0\u00bbfull\u00a0\u00bb][\/vc_column][\/vc_row]<\/p>\n<\/div>","protected":false},"excerpt":{"rendered":"<p>[vc_row][vc_column][vc_column_text]ALIGRO unterst\u00fctzt die Rallye International du Valais Die 62. Ausgabe der Rallye International du Valais fand am 14.<a class=\"moretag\" href=\"https:\/\/www.aligro.ch\/pages\/de\/news\/aligro-unterstuetzt-die-rallye-international-du-valais\/\"> &#8230;<\/a><\/p>\n","protected":false},"author":9,"featured_media":57592,"comment_status":"closed","ping_status":"closed","sticky":false,"template":"","format":"standard","meta":{"_acf_changed":false,"footnotes":""},"categories":[7,268],"tags":[],"class_list":["post-57586","post","type-post","status-publish","format-standard","has-post-thumbnail","hentry","category-andere","category-news-de"],"acf":[],"yoast_head":"<!-- This site is optimized with the Yoast SEO plugin v27.4 - https:\/\/yoast.com\/product\/yoast-seo-wordpress\/ -->\n<title>ALIGRO unterst\u00fctzt die Rallye International du Valais<\/title>\n<meta name=\"description\" content=\"Von Donnerstag, 13. bis Samstag, 15. Oktober fand die 62. Ausgabe der Internationalen Rallye im Wallis statt. ALIGRO freut sich sehr, die Veranstaltung zu unterst\u00fctzen.\" \/>\n<meta name=\"robots\" content=\"index, follow, max-snippet:-1, max-image-preview:large, max-video-preview:-1\" \/>\n<link rel=\"canonical\" href=\"https:\/\/www.aligro.ch\/pages\/de\/news\/aligro-unterstuetzt-die-rallye-international-du-valais\/\" \/>\n<meta property=\"og:locale\" content=\"fr_FR\" \/>\n<meta property=\"og:type\" content=\"article\" \/>\n<meta property=\"og:title\" content=\"ALIGRO unterst\u00fctzt die Rallye International du Valais\" \/>\n<meta property=\"og:description\" content=\"Von Donnerstag, 13. bis Samstag, 15. Oktober fand die 62. Ausgabe der Internationalen Rallye im Wallis statt. ALIGRO freut sich sehr, die Veranstaltung zu unterst\u00fctzen.\" \/>\n<meta property=\"og:url\" content=\"https:\/\/www.aligro.ch\/pages\/de\/news\/aligro-unterstuetzt-die-rallye-international-du-valais\/\" \/>\n<meta property=\"og:site_name\" content=\"ALIGRO\" \/>\n<meta property=\"article:publisher\" content=\"https:\/\/fb.com\/aligrosuisse\" \/>\n<meta property=\"article:published_time\" content=\"2022-10-18T10:30:35+00:00\" \/>\n<meta property=\"article:modified_time\" content=\"2022-10-18T13:23:15+00:00\" \/>\n<meta property=\"og:image\" content=\"https:\/\/www.aligro.ch\/pages\/wp-content\/uploads\/2022\/10\/BANDEAU-SITE-1.jpg\" \/>\n\t<meta property=\"og:image:width\" content=\"1920\" \/>\n\t<meta property=\"og:image:height\" content=\"1280\" \/>\n\t<meta property=\"og:image:type\" content=\"image\/jpeg\" \/>\n<meta name=\"author\" content=\"Vincent Lavanchy\" \/>\n<meta name=\"twitter:card\" content=\"summary_large_image\" \/>\n<meta name=\"twitter:label1\" content=\"\u00c9crit par\" \/>\n\t<meta name=\"twitter:data1\" content=\"Vincent Lavanchy\" \/>\n\t<meta name=\"twitter:label2\" content=\"Dur\u00e9e de lecture estim\u00e9e\" \/>\n\t<meta name=\"twitter:data2\" content=\"2 minutes\" \/>\n<script type=\"application\/ld+json\" class=\"yoast-schema-graph\">{\"@context\":\"https:\\\/\\\/schema.org\",\"@graph\":[{\"@type\":\"Article\",\"@id\":\"https:\\\/\\\/www.aligro.ch\\\/pages\\\/de\\\/news\\\/aligro-unterstuetzt-die-rallye-international-du-valais\\\/#article\",\"isPartOf\":{\"@id\":\"https:\\\/\\\/www.aligro.ch\\\/pages\\\/de\\\/news\\\/aligro-unterstuetzt-die-rallye-international-du-valais\\\/\"},\"author\":{\"name\":\"Vincent Lavanchy\",\"@id\":\"https:\\\/\\\/www.aligro.ch\\\/pages\\\/#\\\/schema\\\/person\\\/abe4f4a53fec53a8dea10e43adbbe7e3\"},\"headline\":\"ALIGRO unterst\u00fctzt die Rallye International du Valais\",\"datePublished\":\"2022-10-18T10:30:35+00:00\",\"dateModified\":\"2022-10-18T13:23:15+00:00\",\"mainEntityOfPage\":{\"@id\":\"https:\\\/\\\/www.aligro.ch\\\/pages\\\/de\\\/news\\\/aligro-unterstuetzt-die-rallye-international-du-valais\\\/\"},\"wordCount\":361,\"publisher\":{\"@id\":\"https:\\\/\\\/www.aligro.ch\\\/pages\\\/#organization\"},\"image\":{\"@id\":\"https:\\\/\\\/www.aligro.ch\\\/pages\\\/de\\\/news\\\/aligro-unterstuetzt-die-rallye-international-du-valais\\\/#primaryimage\"},\"thumbnailUrl\":\"https:\\\/\\\/www.aligro.ch\\\/pages\\\/wp-content\\\/uploads\\\/2022\\\/10\\\/BANDEAU-SITE-1.jpg\",\"articleSection\":[\"Andere\",\"News\"],\"inLanguage\":\"fr-FR\"},{\"@type\":\"WebPage\",\"@id\":\"https:\\\/\\\/www.aligro.ch\\\/pages\\\/de\\\/news\\\/aligro-unterstuetzt-die-rallye-international-du-valais\\\/\",\"url\":\"https:\\\/\\\/www.aligro.ch\\\/pages\\\/de\\\/news\\\/aligro-unterstuetzt-die-rallye-international-du-valais\\\/\",\"name\":\"ALIGRO unterst\u00fctzt die Rallye International du Valais\",\"isPartOf\":{\"@id\":\"https:\\\/\\\/www.aligro.ch\\\/pages\\\/#website\"},\"primaryImageOfPage\":{\"@id\":\"https:\\\/\\\/www.aligro.ch\\\/pages\\\/de\\\/news\\\/aligro-unterstuetzt-die-rallye-international-du-valais\\\/#primaryimage\"},\"image\":{\"@id\":\"https:\\\/\\\/www.aligro.ch\\\/pages\\\/de\\\/news\\\/aligro-unterstuetzt-die-rallye-international-du-valais\\\/#primaryimage\"},\"thumbnailUrl\":\"https:\\\/\\\/www.aligro.ch\\\/pages\\\/wp-content\\\/uploads\\\/2022\\\/10\\\/BANDEAU-SITE-1.jpg\",\"datePublished\":\"2022-10-18T10:30:35+00:00\",\"dateModified\":\"2022-10-18T13:23:15+00:00\",\"description\":\"Von Donnerstag, 13. bis Samstag, 15. Oktober fand die 62. Ausgabe der Internationalen Rallye im Wallis statt. ALIGRO freut sich sehr, die Veranstaltung zu unterst\u00fctzen.\",\"breadcrumb\":{\"@id\":\"https:\\\/\\\/www.aligro.ch\\\/pages\\\/de\\\/news\\\/aligro-unterstuetzt-die-rallye-international-du-valais\\\/#breadcrumb\"},\"inLanguage\":\"fr-FR\",\"potentialAction\":[{\"@type\":\"ReadAction\",\"target\":[\"https:\\\/\\\/www.aligro.ch\\\/pages\\\/de\\\/news\\\/aligro-unterstuetzt-die-rallye-international-du-valais\\\/\"]}]},{\"@type\":\"ImageObject\",\"inLanguage\":\"fr-FR\",\"@id\":\"https:\\\/\\\/www.aligro.ch\\\/pages\\\/de\\\/news\\\/aligro-unterstuetzt-die-rallye-international-du-valais\\\/#primaryimage\",\"url\":\"https:\\\/\\\/www.aligro.ch\\\/pages\\\/wp-content\\\/uploads\\\/2022\\\/10\\\/BANDEAU-SITE-1.jpg\",\"contentUrl\":\"https:\\\/\\\/www.aligro.ch\\\/pages\\\/wp-content\\\/uploads\\\/2022\\\/10\\\/BANDEAU-SITE-1.jpg\",\"width\":1920,\"height\":1280},{\"@type\":\"BreadcrumbList\",\"@id\":\"https:\\\/\\\/www.aligro.ch\\\/pages\\\/de\\\/news\\\/aligro-unterstuetzt-die-rallye-international-du-valais\\\/#breadcrumb\",\"itemListElement\":[{\"@type\":\"ListItem\",\"position\":1,\"name\":\"Accueil\",\"item\":\"https:\\\/\\\/www.aligro.ch\\\/pages\\\/de\\\/aligro-academy\\\/\"},{\"@type\":\"ListItem\",\"position\":2,\"name\":\"ALIGRO unterst\u00fctzt die Rallye International du Valais\"}]},{\"@type\":\"WebSite\",\"@id\":\"https:\\\/\\\/www.aligro.ch\\\/pages\\\/#website\",\"url\":\"https:\\\/\\\/www.aligro.ch\\\/pages\\\/\",\"name\":\"ALIGRO\",\"description\":\"Fra\u00eecheur. Qualit\u00e9. Inspiration.\",\"publisher\":{\"@id\":\"https:\\\/\\\/www.aligro.ch\\\/pages\\\/#organization\"},\"potentialAction\":[{\"@type\":\"SearchAction\",\"target\":{\"@type\":\"EntryPoint\",\"urlTemplate\":\"https:\\\/\\\/www.aligro.ch\\\/pages\\\/?s={search_term_string}\"},\"query-input\":{\"@type\":\"PropertyValueSpecification\",\"valueRequired\":true,\"valueName\":\"search_term_string\"}}],\"inLanguage\":\"fr-FR\"},{\"@type\":\"Organization\",\"@id\":\"https:\\\/\\\/www.aligro.ch\\\/pages\\\/#organization\",\"name\":\"ALIGRO\",\"url\":\"https:\\\/\\\/www.aligro.ch\\\/pages\\\/\",\"logo\":{\"@type\":\"ImageObject\",\"inLanguage\":\"fr-FR\",\"@id\":\"https:\\\/\\\/www.aligro.ch\\\/pages\\\/#\\\/schema\\\/logo\\\/image\\\/\",\"url\":\"https:\\\/\\\/www.aligro.ch\\\/pages\\\/wp-content\\\/uploads\\\/2018\\\/10\\\/Logo@4x.png\",\"contentUrl\":\"https:\\\/\\\/www.aligro.ch\\\/pages\\\/wp-content\\\/uploads\\\/2018\\\/10\\\/Logo@4x.png\",\"width\":1831,\"height\":228,\"caption\":\"ALIGRO\"},\"image\":{\"@id\":\"https:\\\/\\\/www.aligro.ch\\\/pages\\\/#\\\/schema\\\/logo\\\/image\\\/\"},\"sameAs\":[\"https:\\\/\\\/fb.com\\\/aligrosuisse\"]},{\"@type\":\"Person\",\"@id\":\"https:\\\/\\\/www.aligro.ch\\\/pages\\\/#\\\/schema\\\/person\\\/abe4f4a53fec53a8dea10e43adbbe7e3\",\"name\":\"Vincent Lavanchy\",\"image\":{\"@type\":\"ImageObject\",\"inLanguage\":\"fr-FR\",\"@id\":\"https:\\\/\\\/secure.gravatar.com\\\/avatar\\\/0c26d4efb7d6ae3d3acfb21cea043eed07c8459ea7780b7c5d9d73543f0c4d2e?s=96&d=mm&r=g\",\"url\":\"https:\\\/\\\/secure.gravatar.com\\\/avatar\\\/0c26d4efb7d6ae3d3acfb21cea043eed07c8459ea7780b7c5d9d73543f0c4d2e?s=96&d=mm&r=g\",\"contentUrl\":\"https:\\\/\\\/secure.gravatar.com\\\/avatar\\\/0c26d4efb7d6ae3d3acfb21cea043eed07c8459ea7780b7c5d9d73543f0c4d2e?s=96&d=mm&r=g\",\"caption\":\"Vincent Lavanchy\"}}]}<\/script>\n<!-- \/ Yoast SEO plugin. -->","yoast_head_json":{"title":"ALIGRO unterst\u00fctzt die Rallye International du Valais","description":"Von Donnerstag, 13. bis Samstag, 15. Oktober fand die 62. Ausgabe der Internationalen Rallye im Wallis statt. ALIGRO freut sich sehr, die Veranstaltung zu unterst\u00fctzen.","robots":{"index":"index","follow":"follow","max-snippet":"max-snippet:-1","max-image-preview":"max-image-preview:large","max-video-preview":"max-video-preview:-1"},"canonical":"https:\/\/www.aligro.ch\/pages\/de\/news\/aligro-unterstuetzt-die-rallye-international-du-valais\/","og_locale":"fr_FR","og_type":"article","og_title":"ALIGRO unterst\u00fctzt die Rallye International du Valais","og_description":"Von Donnerstag, 13. bis Samstag, 15. Oktober fand die 62. Ausgabe der Internationalen Rallye im Wallis statt. ALIGRO freut sich sehr, die Veranstaltung zu unterst\u00fctzen.","og_url":"https:\/\/www.aligro.ch\/pages\/de\/news\/aligro-unterstuetzt-die-rallye-international-du-valais\/","og_site_name":"ALIGRO","article_publisher":"https:\/\/fb.com\/aligrosuisse","article_published_time":"2022-10-18T10:30:35+00:00","article_modified_time":"2022-10-18T13:23:15+00:00","og_image":[{"width":1920,"height":1280,"url":"https:\/\/www.aligro.ch\/pages\/wp-content\/uploads\/2022\/10\/BANDEAU-SITE-1.jpg","type":"image\/jpeg"}],"author":"Vincent Lavanchy","twitter_card":"summary_large_image","twitter_misc":{"\u00c9crit par":"Vincent Lavanchy","Dur\u00e9e de lecture estim\u00e9e":"2 minutes"},"schema":{"@context":"https:\/\/schema.org","@graph":[{"@type":"Article","@id":"https:\/\/www.aligro.ch\/pages\/de\/news\/aligro-unterstuetzt-die-rallye-international-du-valais\/#article","isPartOf":{"@id":"https:\/\/www.aligro.ch\/pages\/de\/news\/aligro-unterstuetzt-die-rallye-international-du-valais\/"},"author":{"name":"Vincent Lavanchy","@id":"https:\/\/www.aligro.ch\/pages\/#\/schema\/person\/abe4f4a53fec53a8dea10e43adbbe7e3"},"headline":"ALIGRO unterst\u00fctzt die Rallye International du Valais","datePublished":"2022-10-18T10:30:35+00:00","dateModified":"2022-10-18T13:23:15+00:00","mainEntityOfPage":{"@id":"https:\/\/www.aligro.ch\/pages\/de\/news\/aligro-unterstuetzt-die-rallye-international-du-valais\/"},"wordCount":361,"publisher":{"@id":"https:\/\/www.aligro.ch\/pages\/#organization"},"image":{"@id":"https:\/\/www.aligro.ch\/pages\/de\/news\/aligro-unterstuetzt-die-rallye-international-du-valais\/#primaryimage"},"thumbnailUrl":"https:\/\/www.aligro.ch\/pages\/wp-content\/uploads\/2022\/10\/BANDEAU-SITE-1.jpg","articleSection":["Andere","News"],"inLanguage":"fr-FR"},{"@type":"WebPage","@id":"https:\/\/www.aligro.ch\/pages\/de\/news\/aligro-unterstuetzt-die-rallye-international-du-valais\/","url":"https:\/\/www.aligro.ch\/pages\/de\/news\/aligro-unterstuetzt-die-rallye-international-du-valais\/","name":"ALIGRO unterst\u00fctzt die Rallye International du Valais","isPartOf":{"@id":"https:\/\/www.aligro.ch\/pages\/#website"},"primaryImageOfPage":{"@id":"https:\/\/www.aligro.ch\/pages\/de\/news\/aligro-unterstuetzt-die-rallye-international-du-valais\/#primaryimage"},"image":{"@id":"https:\/\/www.aligro.ch\/pages\/de\/news\/aligro-unterstuetzt-die-rallye-international-du-valais\/#primaryimage"},"thumbnailUrl":"https:\/\/www.aligro.ch\/pages\/wp-content\/uploads\/2022\/10\/BANDEAU-SITE-1.jpg","datePublished":"2022-10-18T10:30:35+00:00","dateModified":"2022-10-18T13:23:15+00:00","description":"Von Donnerstag, 13. bis Samstag, 15. Oktober fand die 62. Ausgabe der Internationalen Rallye im Wallis statt. ALIGRO freut sich sehr, die Veranstaltung zu unterst\u00fctzen.","breadcrumb":{"@id":"https:\/\/www.aligro.ch\/pages\/de\/news\/aligro-unterstuetzt-die-rallye-international-du-valais\/#breadcrumb"},"inLanguage":"fr-FR","potentialAction":[{"@type":"ReadAction","target":["https:\/\/www.aligro.ch\/pages\/de\/news\/aligro-unterstuetzt-die-rallye-international-du-valais\/"]}]},{"@type":"ImageObject","inLanguage":"fr-FR","@id":"https:\/\/www.aligro.ch\/pages\/de\/news\/aligro-unterstuetzt-die-rallye-international-du-valais\/#primaryimage","url":"https:\/\/www.aligro.ch\/pages\/wp-content\/uploads\/2022\/10\/BANDEAU-SITE-1.jpg","contentUrl":"https:\/\/www.aligro.ch\/pages\/wp-content\/uploads\/2022\/10\/BANDEAU-SITE-1.jpg","width":1920,"height":1280},{"@type":"BreadcrumbList","@id":"https:\/\/www.aligro.ch\/pages\/de\/news\/aligro-unterstuetzt-die-rallye-international-du-valais\/#breadcrumb","itemListElement":[{"@type":"ListItem","position":1,"name":"Accueil","item":"https:\/\/www.aligro.ch\/pages\/de\/aligro-academy\/"},{"@type":"ListItem","position":2,"name":"ALIGRO unterst\u00fctzt die Rallye International du Valais"}]},{"@type":"WebSite","@id":"https:\/\/www.aligro.ch\/pages\/#website","url":"https:\/\/www.aligro.ch\/pages\/","name":"ALIGRO","description":"Fra\u00eecheur. Qualit\u00e9. Inspiration.","publisher":{"@id":"https:\/\/www.aligro.ch\/pages\/#organization"},"potentialAction":[{"@type":"SearchAction","target":{"@type":"EntryPoint","urlTemplate":"https:\/\/www.aligro.ch\/pages\/?s={search_term_string}"},"query-input":{"@type":"PropertyValueSpecification","valueRequired":true,"valueName":"search_term_string"}}],"inLanguage":"fr-FR"},{"@type":"Organization","@id":"https:\/\/www.aligro.ch\/pages\/#organization","name":"ALIGRO","url":"https:\/\/www.aligro.ch\/pages\/","logo":{"@type":"ImageObject","inLanguage":"fr-FR","@id":"https:\/\/www.aligro.ch\/pages\/#\/schema\/logo\/image\/","url":"https:\/\/www.aligro.ch\/pages\/wp-content\/uploads\/2018\/10\/Logo@4x.png","contentUrl":"https:\/\/www.aligro.ch\/pages\/wp-content\/uploads\/2018\/10\/Logo@4x.png","width":1831,"height":228,"caption":"ALIGRO"},"image":{"@id":"https:\/\/www.aligro.ch\/pages\/#\/schema\/logo\/image\/"},"sameAs":["https:\/\/fb.com\/aligrosuisse"]},{"@type":"Person","@id":"https:\/\/www.aligro.ch\/pages\/#\/schema\/person\/abe4f4a53fec53a8dea10e43adbbe7e3","name":"Vincent Lavanchy","image":{"@type":"ImageObject","inLanguage":"fr-FR","@id":"https:\/\/secure.gravatar.com\/avatar\/0c26d4efb7d6ae3d3acfb21cea043eed07c8459ea7780b7c5d9d73543f0c4d2e?s=96&d=mm&r=g","url":"https:\/\/secure.gravatar.com\/avatar\/0c26d4efb7d6ae3d3acfb21cea043eed07c8459ea7780b7c5d9d73543f0c4d2e?s=96&d=mm&r=g","contentUrl":"https:\/\/secure.gravatar.com\/avatar\/0c26d4efb7d6ae3d3acfb21cea043eed07c8459ea7780b7c5d9d73543f0c4d2e?s=96&d=mm&r=g","caption":"Vincent Lavanchy"}}]}},"_links":{"self":[{"href":"https:\/\/www.aligro.ch\/pages\/wp-json\/wp\/v2\/posts\/57586","targetHints":{"allow":["GET"]}}],"collection":[{"href":"https:\/\/www.aligro.ch\/pages\/wp-json\/wp\/v2\/posts"}],"about":[{"href":"https:\/\/www.aligro.ch\/pages\/wp-json\/wp\/v2\/types\/post"}],"author":[{"embeddable":true,"href":"https:\/\/www.aligro.ch\/pages\/wp-json\/wp\/v2\/users\/9"}],"replies":[{"embeddable":true,"href":"https:\/\/www.aligro.ch\/pages\/wp-json\/wp\/v2\/comments?post=57586"}],"version-history":[{"count":5,"href":"https:\/\/www.aligro.ch\/pages\/wp-json\/wp\/v2\/posts\/57586\/revisions"}],"predecessor-version":[{"id":57602,"href":"https:\/\/www.aligro.ch\/pages\/wp-json\/wp\/v2\/posts\/57586\/revisions\/57602"}],"wp:featuredmedia":[{"embeddable":true,"href":"https:\/\/www.aligro.ch\/pages\/wp-json\/wp\/v2\/media\/57592"}],"wp:attachment":[{"href":"https:\/\/www.aligro.ch\/pages\/wp-json\/wp\/v2\/media?parent=57586"}],"wp:term":[{"taxonomy":"category","embeddable":true,"href":"https:\/\/www.aligro.ch\/pages\/wp-json\/wp\/v2\/categories?post=57586"},{"taxonomy":"post_tag","embeddable":true,"href":"https:\/\/www.aligro.ch\/pages\/wp-json\/wp\/v2\/tags?post=57586"}],"curies":[{"name":"wp","href":"https:\/\/api.w.org\/{rel}","templated":true}]}}