{"id":57584,"date":"2022-10-18T12:30:39","date_gmt":"2022-10-18T10:30:39","guid":{"rendered":"https:\/\/www.aligro.ch\/pages\/?p=57584"},"modified":"2022-10-19T14:28:55","modified_gmt":"2022-10-19T12:28:55","slug":"aligro-soutient-le-rallye-international-du-valais","status":"publish","type":"post","link":"https:\/\/www.aligro.ch\/pages\/fr\/news\/aligro-soutient-le-rallye-international-du-valais\/","title":{"rendered":"ALIGRO soutient le Rallye International du Valais"},"content":{"rendered":"<div class=\"wpb-content-wrapper\"><p>[vc_row][vc_column][vc_column_text]<strong>La 62<sup>\u00e8me<\/sup> \u00e9dition du Rallye International du Valais, \u00e9v\u00e9nement tr\u00e8s attendu par le public, s\u2019est tenue les 14 et 15 octobre 2022. Le service client\u00e8le du march\u00e9 ALIGRO de Sion a invit\u00e9 \u00e0 cette occasion quelques clients pour partager un moment convivial. L\u2019entreprise a le grand plaisir de soutenir la manifestation pour une nouvelle \u00e9dition passionnante.<\/strong><\/p>\n<p>Organis\u00e9e depuis plus de soixante ans, la manifestation, qui fait partie de l\u2019ADN du Valais, s\u2019est d\u00e9roul\u00e9e entre les bains de Saillon, Anz\u00e8re, Ayent, Champex, Lourtier, Nax et le Val des Dix. Le d\u00e9part a \u00e9t\u00e9 donn\u00e9 aux bains de Saillon, le 14 octobre au matin, lieu o\u00f9 Mike Coppens a \u00e9t\u00e9 sacr\u00e9 champion le samedi 15 octobre en fin de journ\u00e9e.<\/p>\n<p><strong>Une aventure dans les montagnes<\/strong><\/p>\n<p>Le responsable du service client\u00e8le du march\u00e9 ALIGRO de Sion, Paul-Andr\u00e9 Anthamatten et le conseiller client\u00e8le, Julio Oubina, ont particip\u00e9 \u00e0 l\u2019\u00e9v\u00e9nement en compagnie de quelques clients. Apr\u00e8s un petit-d\u00e9jeuner de bonne heure, ils ont pu suivre la course, dont une partie en h\u00e9licopt\u00e8re. Ap\u00e9ritifs et repas ont rythm\u00e9 leurs journ\u00e9es aux abords des circuits, dans une ambiance ensoleill\u00e9e.<\/p>\n<p><strong>Une exp\u00e9rience privil\u00e9gi\u00e9e <\/strong><\/p>\n<p>Le responsable client\u00e8le, M. Anthamatten, a v\u00e9cu une exp\u00e9rience tr\u00e8s agr\u00e9able : \u00ab Nous avons beaucoup appr\u00e9ci\u00e9 cet \u00e9v\u00e9nement, qui nous a permis d\u2019\u00e9changer et d\u2019apprendre \u00e0 se conna\u00eetre. Cela a \u00e9t\u00e9 tr\u00e8s enrichissant, et avec le beau temps qu\u2019il a fait, nous avons m\u00eame pu bronzer [rires] ! Tout le monde a \u00e9t\u00e9 tr\u00e8s satisfait. De plus, l\u2019\u00e9quipe de l\u2019organisation a fait un excellent travail \u00bb.<\/p>\n<p><strong>Soutenir les b\u00e9n\u00e9voles<\/strong><\/p>\n<p>Le comit\u00e9 d\u2019organisation du Rallye du Valais est constitu\u00e9 de b\u00e9n\u00e9voles. En soutien \u00e0 l\u2019organisation, ALIGRO a fourni des paniers repas pour que les membres puissent se restaurer durant les 2 jours de la manifestation. \u00ab Sans les b\u00e9n\u00e9voles, la manifestation ne pourrait tout simplement pas exister \u00bb, a soulign\u00e9 le responsable du comit\u00e9 d\u2019organisation.<\/p>\n<p>Quelques impressions d\u2019une journ\u00e9e au Rallye du Valais\u00a0:[\/vc_column_text][\/vc_column][\/vc_row][vc_row][vc_column][vc_single_image image=\u00a0\u00bb57561&Prime; img_size=\u00a0\u00bbfull\u00a0\u00bb add_caption=\u00a0\u00bbyes\u00a0\u00bb][\/vc_column][\/vc_row][vc_row][vc_column][vc_single_image image=\u00a0\u00bb57576&Prime; img_size=\u00a0\u00bbfull\u00a0\u00bb][\/vc_column][\/vc_row]<\/p>\n<\/div>","protected":false},"excerpt":{"rendered":"<p>[vc_row][vc_column][vc_column_text]La 62\u00e8me \u00e9dition du Rallye International du Valais, \u00e9v\u00e9nement tr\u00e8s attendu par le public, s\u2019est tenue les 14<a class=\"moretag\" href=\"https:\/\/www.aligro.ch\/pages\/fr\/news\/aligro-soutient-le-rallye-international-du-valais\/\"> &#8230;<\/a><\/p>\n","protected":false},"author":9,"featured_media":57563,"comment_status":"closed","ping_status":"closed","sticky":false,"template":"","format":"standard","meta":{"_acf_changed":false,"footnotes":""},"categories":[1,266],"tags":[],"class_list":["post-57584","post","type-post","status-publish","format-standard","has-post-thumbnail","hentry","category-autre","category-news"],"acf":[],"yoast_head":"<!-- This site is optimized with the Yoast SEO plugin v27.4 - https:\/\/yoast.com\/product\/yoast-seo-wordpress\/ -->\n<title>ALIGRO soutient le Rallye International du Valais<\/title>\n<meta name=\"description\" content=\"Du jeudi 13 au samedi 15 octobre s\u2019est tenue la 62\u00e8me \u00e9dition du Rallye International du Valais, qu&#039;ALIGRO a le grand plaisir de soutenir.\" \/>\n<meta name=\"robots\" content=\"index, follow, max-snippet:-1, max-image-preview:large, max-video-preview:-1\" \/>\n<link rel=\"canonical\" href=\"https:\/\/www.aligro.ch\/pages\/fr\/news\/aligro-soutient-le-rallye-international-du-valais\/\" \/>\n<meta property=\"og:locale\" content=\"fr_FR\" \/>\n<meta property=\"og:type\" content=\"article\" \/>\n<meta property=\"og:title\" content=\"ALIGRO soutient le Rallye International du Valais\" \/>\n<meta property=\"og:description\" content=\"Du jeudi 13 au samedi 15 octobre s\u2019est tenue la 62\u00e8me \u00e9dition du Rallye International du Valais, qu&#039;ALIGRO a le grand plaisir de soutenir.\" \/>\n<meta property=\"og:url\" content=\"https:\/\/www.aligro.ch\/pages\/fr\/news\/aligro-soutient-le-rallye-international-du-valais\/\" \/>\n<meta property=\"og:site_name\" content=\"ALIGRO\" \/>\n<meta property=\"article:publisher\" content=\"https:\/\/fb.com\/aligrosuisse\" \/>\n<meta property=\"article:published_time\" content=\"2022-10-18T10:30:39+00:00\" \/>\n<meta property=\"article:modified_time\" content=\"2022-10-19T12:28:55+00:00\" \/>\n<meta property=\"og:image\" content=\"https:\/\/www.aligro.ch\/pages\/wp-content\/uploads\/2022\/10\/BANDEAU-SITE.jpg\" \/>\n\t<meta property=\"og:image:width\" content=\"1920\" \/>\n\t<meta property=\"og:image:height\" content=\"1280\" \/>\n\t<meta property=\"og:image:type\" content=\"image\/jpeg\" \/>\n<meta name=\"author\" content=\"Vincent Lavanchy\" \/>\n<meta name=\"twitter:card\" content=\"summary_large_image\" \/>\n<meta name=\"twitter:label1\" content=\"\u00c9crit par\" \/>\n\t<meta name=\"twitter:data1\" content=\"Vincent Lavanchy\" \/>\n\t<meta name=\"twitter:label2\" content=\"Dur\u00e9e de lecture estim\u00e9e\" \/>\n\t<meta name=\"twitter:data2\" content=\"2 minutes\" \/>\n<script type=\"application\/ld+json\" class=\"yoast-schema-graph\">{\"@context\":\"https:\\\/\\\/schema.org\",\"@graph\":[{\"@type\":\"Article\",\"@id\":\"https:\\\/\\\/www.aligro.ch\\\/pages\\\/fr\\\/news\\\/aligro-soutient-le-rallye-international-du-valais\\\/#article\",\"isPartOf\":{\"@id\":\"https:\\\/\\\/www.aligro.ch\\\/pages\\\/fr\\\/news\\\/aligro-soutient-le-rallye-international-du-valais\\\/\"},\"author\":{\"name\":\"Vincent Lavanchy\",\"@id\":\"https:\\\/\\\/www.aligro.ch\\\/pages\\\/#\\\/schema\\\/person\\\/abe4f4a53fec53a8dea10e43adbbe7e3\"},\"headline\":\"ALIGRO soutient le Rallye International du Valais\",\"datePublished\":\"2022-10-18T10:30:39+00:00\",\"dateModified\":\"2022-10-19T12:28:55+00:00\",\"mainEntityOfPage\":{\"@id\":\"https:\\\/\\\/www.aligro.ch\\\/pages\\\/fr\\\/news\\\/aligro-soutient-le-rallye-international-du-valais\\\/\"},\"wordCount\":410,\"publisher\":{\"@id\":\"https:\\\/\\\/www.aligro.ch\\\/pages\\\/#organization\"},\"image\":{\"@id\":\"https:\\\/\\\/www.aligro.ch\\\/pages\\\/fr\\\/news\\\/aligro-soutient-le-rallye-international-du-valais\\\/#primaryimage\"},\"thumbnailUrl\":\"https:\\\/\\\/www.aligro.ch\\\/pages\\\/wp-content\\\/uploads\\\/2022\\\/10\\\/BANDEAU-SITE.jpg\",\"articleSection\":[\"Autre\",\"News\"],\"inLanguage\":\"fr-FR\"},{\"@type\":\"WebPage\",\"@id\":\"https:\\\/\\\/www.aligro.ch\\\/pages\\\/fr\\\/news\\\/aligro-soutient-le-rallye-international-du-valais\\\/\",\"url\":\"https:\\\/\\\/www.aligro.ch\\\/pages\\\/fr\\\/news\\\/aligro-soutient-le-rallye-international-du-valais\\\/\",\"name\":\"ALIGRO soutient le Rallye International du Valais\",\"isPartOf\":{\"@id\":\"https:\\\/\\\/www.aligro.ch\\\/pages\\\/#website\"},\"primaryImageOfPage\":{\"@id\":\"https:\\\/\\\/www.aligro.ch\\\/pages\\\/fr\\\/news\\\/aligro-soutient-le-rallye-international-du-valais\\\/#primaryimage\"},\"image\":{\"@id\":\"https:\\\/\\\/www.aligro.ch\\\/pages\\\/fr\\\/news\\\/aligro-soutient-le-rallye-international-du-valais\\\/#primaryimage\"},\"thumbnailUrl\":\"https:\\\/\\\/www.aligro.ch\\\/pages\\\/wp-content\\\/uploads\\\/2022\\\/10\\\/BANDEAU-SITE.jpg\",\"datePublished\":\"2022-10-18T10:30:39+00:00\",\"dateModified\":\"2022-10-19T12:28:55+00:00\",\"description\":\"Du jeudi 13 au samedi 15 octobre s\u2019est tenue la 62\u00e8me \u00e9dition du Rallye International du Valais, qu'ALIGRO a le grand plaisir de soutenir.\",\"breadcrumb\":{\"@id\":\"https:\\\/\\\/www.aligro.ch\\\/pages\\\/fr\\\/news\\\/aligro-soutient-le-rallye-international-du-valais\\\/#breadcrumb\"},\"inLanguage\":\"fr-FR\",\"potentialAction\":[{\"@type\":\"ReadAction\",\"target\":[\"https:\\\/\\\/www.aligro.ch\\\/pages\\\/fr\\\/news\\\/aligro-soutient-le-rallye-international-du-valais\\\/\"]}]},{\"@type\":\"ImageObject\",\"inLanguage\":\"fr-FR\",\"@id\":\"https:\\\/\\\/www.aligro.ch\\\/pages\\\/fr\\\/news\\\/aligro-soutient-le-rallye-international-du-valais\\\/#primaryimage\",\"url\":\"https:\\\/\\\/www.aligro.ch\\\/pages\\\/wp-content\\\/uploads\\\/2022\\\/10\\\/BANDEAU-SITE.jpg\",\"contentUrl\":\"https:\\\/\\\/www.aligro.ch\\\/pages\\\/wp-content\\\/uploads\\\/2022\\\/10\\\/BANDEAU-SITE.jpg\",\"width\":1920,\"height\":1280},{\"@type\":\"BreadcrumbList\",\"@id\":\"https:\\\/\\\/www.aligro.ch\\\/pages\\\/fr\\\/news\\\/aligro-soutient-le-rallye-international-du-valais\\\/#breadcrumb\",\"itemListElement\":[{\"@type\":\"ListItem\",\"position\":1,\"name\":\"Accueil\",\"item\":\"https:\\\/\\\/www.aligro.ch\\\/pages\\\/de\\\/aligro-academy\\\/\"},{\"@type\":\"ListItem\",\"position\":2,\"name\":\"ALIGRO soutient le Rallye International du Valais\"}]},{\"@type\":\"WebSite\",\"@id\":\"https:\\\/\\\/www.aligro.ch\\\/pages\\\/#website\",\"url\":\"https:\\\/\\\/www.aligro.ch\\\/pages\\\/\",\"name\":\"ALIGRO\",\"description\":\"Fra\u00eecheur. Qualit\u00e9. Inspiration.\",\"publisher\":{\"@id\":\"https:\\\/\\\/www.aligro.ch\\\/pages\\\/#organization\"},\"potentialAction\":[{\"@type\":\"SearchAction\",\"target\":{\"@type\":\"EntryPoint\",\"urlTemplate\":\"https:\\\/\\\/www.aligro.ch\\\/pages\\\/?s={search_term_string}\"},\"query-input\":{\"@type\":\"PropertyValueSpecification\",\"valueRequired\":true,\"valueName\":\"search_term_string\"}}],\"inLanguage\":\"fr-FR\"},{\"@type\":\"Organization\",\"@id\":\"https:\\\/\\\/www.aligro.ch\\\/pages\\\/#organization\",\"name\":\"ALIGRO\",\"url\":\"https:\\\/\\\/www.aligro.ch\\\/pages\\\/\",\"logo\":{\"@type\":\"ImageObject\",\"inLanguage\":\"fr-FR\",\"@id\":\"https:\\\/\\\/www.aligro.ch\\\/pages\\\/#\\\/schema\\\/logo\\\/image\\\/\",\"url\":\"https:\\\/\\\/www.aligro.ch\\\/pages\\\/wp-content\\\/uploads\\\/2018\\\/10\\\/Logo@4x.png\",\"contentUrl\":\"https:\\\/\\\/www.aligro.ch\\\/pages\\\/wp-content\\\/uploads\\\/2018\\\/10\\\/Logo@4x.png\",\"width\":1831,\"height\":228,\"caption\":\"ALIGRO\"},\"image\":{\"@id\":\"https:\\\/\\\/www.aligro.ch\\\/pages\\\/#\\\/schema\\\/logo\\\/image\\\/\"},\"sameAs\":[\"https:\\\/\\\/fb.com\\\/aligrosuisse\"]},{\"@type\":\"Person\",\"@id\":\"https:\\\/\\\/www.aligro.ch\\\/pages\\\/#\\\/schema\\\/person\\\/abe4f4a53fec53a8dea10e43adbbe7e3\",\"name\":\"Vincent Lavanchy\",\"image\":{\"@type\":\"ImageObject\",\"inLanguage\":\"fr-FR\",\"@id\":\"https:\\\/\\\/secure.gravatar.com\\\/avatar\\\/0c26d4efb7d6ae3d3acfb21cea043eed07c8459ea7780b7c5d9d73543f0c4d2e?s=96&d=mm&r=g\",\"url\":\"https:\\\/\\\/secure.gravatar.com\\\/avatar\\\/0c26d4efb7d6ae3d3acfb21cea043eed07c8459ea7780b7c5d9d73543f0c4d2e?s=96&d=mm&r=g\",\"contentUrl\":\"https:\\\/\\\/secure.gravatar.com\\\/avatar\\\/0c26d4efb7d6ae3d3acfb21cea043eed07c8459ea7780b7c5d9d73543f0c4d2e?s=96&d=mm&r=g\",\"caption\":\"Vincent Lavanchy\"}}]}<\/script>\n<!-- \/ Yoast SEO plugin. -->","yoast_head_json":{"title":"ALIGRO soutient le Rallye International du Valais","description":"Du jeudi 13 au samedi 15 octobre s\u2019est tenue la 62\u00e8me \u00e9dition du Rallye International du Valais, qu'ALIGRO a le grand plaisir de soutenir.","robots":{"index":"index","follow":"follow","max-snippet":"max-snippet:-1","max-image-preview":"max-image-preview:large","max-video-preview":"max-video-preview:-1"},"canonical":"https:\/\/www.aligro.ch\/pages\/fr\/news\/aligro-soutient-le-rallye-international-du-valais\/","og_locale":"fr_FR","og_type":"article","og_title":"ALIGRO soutient le Rallye International du Valais","og_description":"Du jeudi 13 au samedi 15 octobre s\u2019est tenue la 62\u00e8me \u00e9dition du Rallye International du Valais, qu'ALIGRO a le grand plaisir de soutenir.","og_url":"https:\/\/www.aligro.ch\/pages\/fr\/news\/aligro-soutient-le-rallye-international-du-valais\/","og_site_name":"ALIGRO","article_publisher":"https:\/\/fb.com\/aligrosuisse","article_published_time":"2022-10-18T10:30:39+00:00","article_modified_time":"2022-10-19T12:28:55+00:00","og_image":[{"width":1920,"height":1280,"url":"https:\/\/www.aligro.ch\/pages\/wp-content\/uploads\/2022\/10\/BANDEAU-SITE.jpg","type":"image\/jpeg"}],"author":"Vincent Lavanchy","twitter_card":"summary_large_image","twitter_misc":{"\u00c9crit par":"Vincent Lavanchy","Dur\u00e9e de lecture estim\u00e9e":"2 minutes"},"schema":{"@context":"https:\/\/schema.org","@graph":[{"@type":"Article","@id":"https:\/\/www.aligro.ch\/pages\/fr\/news\/aligro-soutient-le-rallye-international-du-valais\/#article","isPartOf":{"@id":"https:\/\/www.aligro.ch\/pages\/fr\/news\/aligro-soutient-le-rallye-international-du-valais\/"},"author":{"name":"Vincent Lavanchy","@id":"https:\/\/www.aligro.ch\/pages\/#\/schema\/person\/abe4f4a53fec53a8dea10e43adbbe7e3"},"headline":"ALIGRO soutient le Rallye International du Valais","datePublished":"2022-10-18T10:30:39+00:00","dateModified":"2022-10-19T12:28:55+00:00","mainEntityOfPage":{"@id":"https:\/\/www.aligro.ch\/pages\/fr\/news\/aligro-soutient-le-rallye-international-du-valais\/"},"wordCount":410,"publisher":{"@id":"https:\/\/www.aligro.ch\/pages\/#organization"},"image":{"@id":"https:\/\/www.aligro.ch\/pages\/fr\/news\/aligro-soutient-le-rallye-international-du-valais\/#primaryimage"},"thumbnailUrl":"https:\/\/www.aligro.ch\/pages\/wp-content\/uploads\/2022\/10\/BANDEAU-SITE.jpg","articleSection":["Autre","News"],"inLanguage":"fr-FR"},{"@type":"WebPage","@id":"https:\/\/www.aligro.ch\/pages\/fr\/news\/aligro-soutient-le-rallye-international-du-valais\/","url":"https:\/\/www.aligro.ch\/pages\/fr\/news\/aligro-soutient-le-rallye-international-du-valais\/","name":"ALIGRO soutient le Rallye International du Valais","isPartOf":{"@id":"https:\/\/www.aligro.ch\/pages\/#website"},"primaryImageOfPage":{"@id":"https:\/\/www.aligro.ch\/pages\/fr\/news\/aligro-soutient-le-rallye-international-du-valais\/#primaryimage"},"image":{"@id":"https:\/\/www.aligro.ch\/pages\/fr\/news\/aligro-soutient-le-rallye-international-du-valais\/#primaryimage"},"thumbnailUrl":"https:\/\/www.aligro.ch\/pages\/wp-content\/uploads\/2022\/10\/BANDEAU-SITE.jpg","datePublished":"2022-10-18T10:30:39+00:00","dateModified":"2022-10-19T12:28:55+00:00","description":"Du jeudi 13 au samedi 15 octobre s\u2019est tenue la 62\u00e8me \u00e9dition du Rallye International du Valais, qu'ALIGRO a le grand plaisir de soutenir.","breadcrumb":{"@id":"https:\/\/www.aligro.ch\/pages\/fr\/news\/aligro-soutient-le-rallye-international-du-valais\/#breadcrumb"},"inLanguage":"fr-FR","potentialAction":[{"@type":"ReadAction","target":["https:\/\/www.aligro.ch\/pages\/fr\/news\/aligro-soutient-le-rallye-international-du-valais\/"]}]},{"@type":"ImageObject","inLanguage":"fr-FR","@id":"https:\/\/www.aligro.ch\/pages\/fr\/news\/aligro-soutient-le-rallye-international-du-valais\/#primaryimage","url":"https:\/\/www.aligro.ch\/pages\/wp-content\/uploads\/2022\/10\/BANDEAU-SITE.jpg","contentUrl":"https:\/\/www.aligro.ch\/pages\/wp-content\/uploads\/2022\/10\/BANDEAU-SITE.jpg","width":1920,"height":1280},{"@type":"BreadcrumbList","@id":"https:\/\/www.aligro.ch\/pages\/fr\/news\/aligro-soutient-le-rallye-international-du-valais\/#breadcrumb","itemListElement":[{"@type":"ListItem","position":1,"name":"Accueil","item":"https:\/\/www.aligro.ch\/pages\/de\/aligro-academy\/"},{"@type":"ListItem","position":2,"name":"ALIGRO soutient le Rallye International du Valais"}]},{"@type":"WebSite","@id":"https:\/\/www.aligro.ch\/pages\/#website","url":"https:\/\/www.aligro.ch\/pages\/","name":"ALIGRO","description":"Fra\u00eecheur. Qualit\u00e9. Inspiration.","publisher":{"@id":"https:\/\/www.aligro.ch\/pages\/#organization"},"potentialAction":[{"@type":"SearchAction","target":{"@type":"EntryPoint","urlTemplate":"https:\/\/www.aligro.ch\/pages\/?s={search_term_string}"},"query-input":{"@type":"PropertyValueSpecification","valueRequired":true,"valueName":"search_term_string"}}],"inLanguage":"fr-FR"},{"@type":"Organization","@id":"https:\/\/www.aligro.ch\/pages\/#organization","name":"ALIGRO","url":"https:\/\/www.aligro.ch\/pages\/","logo":{"@type":"ImageObject","inLanguage":"fr-FR","@id":"https:\/\/www.aligro.ch\/pages\/#\/schema\/logo\/image\/","url":"https:\/\/www.aligro.ch\/pages\/wp-content\/uploads\/2018\/10\/Logo@4x.png","contentUrl":"https:\/\/www.aligro.ch\/pages\/wp-content\/uploads\/2018\/10\/Logo@4x.png","width":1831,"height":228,"caption":"ALIGRO"},"image":{"@id":"https:\/\/www.aligro.ch\/pages\/#\/schema\/logo\/image\/"},"sameAs":["https:\/\/fb.com\/aligrosuisse"]},{"@type":"Person","@id":"https:\/\/www.aligro.ch\/pages\/#\/schema\/person\/abe4f4a53fec53a8dea10e43adbbe7e3","name":"Vincent Lavanchy","image":{"@type":"ImageObject","inLanguage":"fr-FR","@id":"https:\/\/secure.gravatar.com\/avatar\/0c26d4efb7d6ae3d3acfb21cea043eed07c8459ea7780b7c5d9d73543f0c4d2e?s=96&d=mm&r=g","url":"https:\/\/secure.gravatar.com\/avatar\/0c26d4efb7d6ae3d3acfb21cea043eed07c8459ea7780b7c5d9d73543f0c4d2e?s=96&d=mm&r=g","contentUrl":"https:\/\/secure.gravatar.com\/avatar\/0c26d4efb7d6ae3d3acfb21cea043eed07c8459ea7780b7c5d9d73543f0c4d2e?s=96&d=mm&r=g","caption":"Vincent Lavanchy"}}]}},"_links":{"self":[{"href":"https:\/\/www.aligro.ch\/pages\/wp-json\/wp\/v2\/posts\/57584","targetHints":{"allow":["GET"]}}],"collection":[{"href":"https:\/\/www.aligro.ch\/pages\/wp-json\/wp\/v2\/posts"}],"about":[{"href":"https:\/\/www.aligro.ch\/pages\/wp-json\/wp\/v2\/types\/post"}],"author":[{"embeddable":true,"href":"https:\/\/www.aligro.ch\/pages\/wp-json\/wp\/v2\/users\/9"}],"replies":[{"embeddable":true,"href":"https:\/\/www.aligro.ch\/pages\/wp-json\/wp\/v2\/comments?post=57584"}],"version-history":[{"count":5,"href":"https:\/\/www.aligro.ch\/pages\/wp-json\/wp\/v2\/posts\/57584\/revisions"}],"predecessor-version":[{"id":57634,"href":"https:\/\/www.aligro.ch\/pages\/wp-json\/wp\/v2\/posts\/57584\/revisions\/57634"}],"wp:featuredmedia":[{"embeddable":true,"href":"https:\/\/www.aligro.ch\/pages\/wp-json\/wp\/v2\/media\/57563"}],"wp:attachment":[{"href":"https:\/\/www.aligro.ch\/pages\/wp-json\/wp\/v2\/media?parent=57584"}],"wp:term":[{"taxonomy":"category","embeddable":true,"href":"https:\/\/www.aligro.ch\/pages\/wp-json\/wp\/v2\/categories?post=57584"},{"taxonomy":"post_tag","embeddable":true,"href":"https:\/\/www.aligro.ch\/pages\/wp-json\/wp\/v2\/tags?post=57584"}],"curies":[{"name":"wp","href":"https:\/\/api.w.org\/{rel}","templated":true}]}}