{"id":57477,"date":"2022-10-13T15:10:05","date_gmt":"2022-10-13T13:10:05","guid":{"rendered":"https:\/\/www.aligro.ch\/pages\/?p=57477"},"modified":"2022-10-13T15:10:05","modified_gmt":"2022-10-13T13:10:05","slug":"fondue-oder-raclette-isst-man-das-ganze-jahr-ueber","status":"publish","type":"post","link":"https:\/\/www.aligro.ch\/pages\/de\/news\/fondue-oder-raclette-isst-man-das-ganze-jahr-ueber\/","title":{"rendered":"Fondue oder Raclette isst man das ganze Jahr \u00fcber!"},"content":{"rendered":"<div class=\"wpb-content-wrapper\"><p>[vc_row][vc_column][vc_column_text]<strong><img decoding=\"async\" class=\"alignright wp-image-42130 size-full\" style=\"margin: 0 0 20px 20px;\" src=\"https:\/\/www.aligro.ch\/pages\/wp-content\/uploads\/2022\/09\/JR5B6713_web-1.jpg\" alt=\"Marc Gay\" width=\"300\" height=\"394\" srcset=\"https:\/\/www.aligro.ch\/pages\/wp-content\/uploads\/2022\/09\/JR5B6713_web-1.jpg 300w, https:\/\/www.aligro.ch\/pages\/wp-content\/uploads\/2022\/09\/JR5B6713_web-1-228x300.jpg 228w\" sizes=\"(max-width: 300px) 94vw, 300px\" \/>Das ganze Jahr \u00fcber bieten die vierzehn ALIGRO-M\u00e4rkte Aktionen auf ein umfangreiches K\u00e4sesortiment sowie auf Ausstattungsartikel an. Marc Gay, Gewinner der Schweizer Servicemeisterschaft, Goldmedaillengewinner an den SwissSkills 2022 und Mitglied der von ALIGRO unterst\u00fctzten Hotel &amp; Gastro Union, verr\u00e4t seine Tricks f\u00fcr ein herzhaftes und originelles K\u00e4segericht.<\/strong><\/p>\n<p>Als Marc an einem sch\u00f6nen Sonntag mit seinen Eltern in einem Restaurant isst, wird ihm klar, dass der Beruf des Restaurantfachmanns genau das Richtige f\u00fcr ihn ist. Er liebt es, die Produkte bis ins Detail zu kennen &#8211; seine Lernbegierde f\u00fchrt ihn zu einem erfolgreichen Werdegang. Der Kontakt mit den Kunden ist ihm am liebsten. Er gewinnt eine Goldmedaille an der Schweizer Servicemeisterschaft 2022 sowie eine Goldmedaille an den SwissSkills 2022 in der Kategorie Restauration. Der aus Martigny stammende junge Mann erh\u00e4lt 2021 sein EFZ und setzt seine Ausbildung mit einer 6-monatigen Berufsmaturit\u00e4t fort. Danach arbeitet er als Verantwortlicher im Hotel-Restaurant La Porte d&rsquo;Octodure (VS). Dieses Jahr wird er ein intensives Training im Hinblick auf die WorldSkills 2024 in Angriff nehmen.<\/p>\n<p><strong>Am Geschmack arbeiten<\/strong><\/p>\n<p>\u00ab\u00a0F\u00fcr mich gibt es keine vorgegebene Jahreszeit, um Raclette oder Fondue zu essen\u00a0\u00bb &#8211; abgesehen von Hitzeperioden im Flachland isst Marc die beiden K\u00e4segerichte gerne das ganze Jahr \u00fcber. Der junge Walliser besucht seit fast einem Jahr den ALIGRO-Markt in Sitten und sch\u00e4tzt vor allem die grosse Auswahl an Produkten.<\/p>\n<p>Um dem klassischen Fondue eine originelle Note zu verleihen, empfiehlt Marc, am Geschmack zu arbeiten. Man kann auf ein Kr\u00e4uterfondue setzen, oder auf ein Tr\u00fcffelfondue und Ziegen- oder Schafsk\u00e4se dazugeben. Man kann auch die Beilagen variieren, indem man z. B. Kartoffeln oder eine andere Art von Brot serviert. \u00ab\u00a0Dank dem neutralen Geschmack des Fondues kann man es wirklich gut bearbeiten\u00a0\u00bb, erkl\u00e4rt Marc.<\/p>\n<p>Bei Raclette ist ein Sandwich mit dem K\u00e4se darin eine k\u00f6stliche Kombination! \u00ab\u00a0Das ist eine tolle Idee, um das Gericht zu erneuern. Auch flambiertes Raclette ist sehr angesagt, vor allem wegen des Geschmacks und der spektakul\u00e4ren Seite, die diese Variante bietet. Eine M\u00f6glichkeit w\u00e4re auch, ein Raclette \u00fcber dem Holzfeuer anzubieten \u2013 da der Rauchgeschmack perfekt mit dem des K\u00e4ses harmoniert, wird diese Kombination dem klassischen Rezept zweifellos neuen Schwung verleihen. \u00ab\u00a0Ich w\u00fcrde zu diesem Raclette einen Chardonnay trinken, der gut mit dem Rauch des Holzes harmoniert\u00a0\u00bb, sagt der junge Experte.<\/p>\n<p><strong>Ein hochwertiger Service<\/strong><\/p>\n<p>\u00ab\u00a0F\u00fcr Originalit\u00e4t und mehr Professionalit\u00e4t w\u00fcrde ich also eher an der Art und Weise arbeiten, wie Brot und Wein serviert werden, oder auch am Tischgedeck\u00a0\u00bb, erkl\u00e4rt Marc. Nicht zu vergessen sind die Dekoration und das Ambiente des Raums!<\/p>\n<p>Der Tipp des jungen Fachmanns: \u00ab\u00a0Bei einem Raclette d\u00fcrfen auf keinen Fall die K\u00e4serinde und die Pfefferm\u00fchle fehlen; letztere ist auch beim Fondue unverzichtbar. Und der K\u00e4se sollte warm serviert werden!\u00a0\u00bb<\/p>\n<p>F\u00fcr die Reinigung gibt es keine Wunder: Am besten l\u00e4sst man das Geschirr \u00fcber Nacht in kaltem Wasser einweichen und verwendet dann am n\u00e4chsten Tag ein fettl\u00f6sendes Mittel.<\/p>\n<p><strong>Welche Robe f\u00fcr den Wein<\/strong><\/p>\n<p>Der junge Walliser empfiehlt, auf ein Gleichgewicht zwischen dem Geschmack des Weins und den verschiedenen Zutaten des Gerichts zu achten; bei Weisswein sind ein Fendant oder ein Chardonnay sichere Werte. Bei Rotwein empfiehlt er einen Pinot Noir oder Gamay; eventuell auch einen Gamay-Ros\u00e9. \u00ab\u00a0Man braucht Weine mit einer mittleren Komplexit\u00e4t und nicht zu f\u00fcllig, um ein Gleichgewicht mit dem K\u00e4se zu finden\u00a0\u00bb, erkl\u00e4rt er. F\u00fcr Raclette empfiehlt er die gleichen Weine &#8211; die Wahl kann auch von den gew\u00e4hlten Beilagen abh\u00e4ngen. Letztendlich sind die Vorlieben jedes einzelnen bestimmend f\u00fcr die Wahl der Weinsorte, daher soll man seiner Kreativit\u00e4t freien Lauf lassen.[\/vc_column_text][\/vc_column][\/vc_row]<\/p>\n<\/div>","protected":false},"excerpt":{"rendered":"<p>[vc_row][vc_column][vc_column_text]Das ganze Jahr \u00fcber bieten die vierzehn ALIGRO-M\u00e4rkte Aktionen auf ein umfangreiches K\u00e4sesortiment sowie auf Ausstattungsartikel an. Marc<a class=\"moretag\" href=\"https:\/\/www.aligro.ch\/pages\/de\/news\/fondue-oder-raclette-isst-man-das-ganze-jahr-ueber\/\"> &#8230;<\/a><\/p>\n","protected":false},"author":9,"featured_media":42133,"comment_status":"closed","ping_status":"closed","sticky":false,"template":"","format":"standard","meta":{"_acf_changed":false,"footnotes":""},"categories":[268],"tags":[],"class_list":["post-57477","post","type-post","status-publish","format-standard","has-post-thumbnail","hentry","category-news-de"],"acf":[],"yoast_head":"<!-- This site is optimized with the Yoast SEO plugin v27.4 - https:\/\/yoast.com\/product\/yoast-seo-wordpress\/ -->\n<title>Fondue oder Raclette isst man das ganze Jahr \u00fcber!<\/title>\n<meta name=\"description\" content=\"Das ganze Jahr \u00fcber bieten die vierzehn ALIGRO-M\u00e4rkte Aktionen auf ein umfangreiches K\u00e4sesortiment sowie auf Ausstattungsartikel an. Marc Gay, Gewinner der Schweizer Servicemeisterschaft, Goldmedaillengewinner an den SwissSkills 2022 und Mitglied der von ALIGRO unterst\u00fctzten Hotel &amp; Gastro Union, verr\u00e4t seine Tricks f\u00fcr ein herzhaftes und originelles K\u00e4segericht.\" \/>\n<meta name=\"robots\" content=\"index, follow, max-snippet:-1, max-image-preview:large, max-video-preview:-1\" \/>\n<link rel=\"canonical\" href=\"https:\/\/www.aligro.ch\/pages\/de\/news\/fondue-oder-raclette-isst-man-das-ganze-jahr-ueber\/\" \/>\n<meta property=\"og:locale\" content=\"fr_FR\" \/>\n<meta property=\"og:type\" content=\"article\" \/>\n<meta property=\"og:title\" content=\"Fondue oder Raclette isst man das ganze Jahr \u00fcber!\" \/>\n<meta property=\"og:description\" content=\"Das ganze Jahr \u00fcber bieten die vierzehn ALIGRO-M\u00e4rkte Aktionen auf ein umfangreiches K\u00e4sesortiment sowie auf Ausstattungsartikel an. Marc Gay, Gewinner der Schweizer Servicemeisterschaft, Goldmedaillengewinner an den SwissSkills 2022 und Mitglied der von ALIGRO unterst\u00fctzten Hotel &amp; Gastro Union, verr\u00e4t seine Tricks f\u00fcr ein herzhaftes und originelles K\u00e4segericht.\" \/>\n<meta property=\"og:url\" content=\"https:\/\/www.aligro.ch\/pages\/de\/news\/fondue-oder-raclette-isst-man-das-ganze-jahr-ueber\/\" \/>\n<meta property=\"og:site_name\" content=\"ALIGRO\" \/>\n<meta property=\"article:publisher\" content=\"https:\/\/fb.com\/aligrosuisse\" \/>\n<meta property=\"article:published_time\" content=\"2022-10-13T13:10:05+00:00\" \/>\n<meta property=\"og:image\" content=\"https:\/\/www.aligro.ch\/pages\/wp-content\/uploads\/2022\/09\/Bandeau_Site_PRO-1.jpg\" \/>\n\t<meta property=\"og:image:width\" content=\"1920\" \/>\n\t<meta property=\"og:image:height\" content=\"1280\" \/>\n\t<meta property=\"og:image:type\" content=\"image\/jpeg\" \/>\n<meta name=\"author\" content=\"Vincent Lavanchy\" \/>\n<meta name=\"twitter:card\" content=\"summary_large_image\" \/>\n<meta name=\"twitter:label1\" content=\"\u00c9crit par\" \/>\n\t<meta name=\"twitter:data1\" content=\"Vincent Lavanchy\" \/>\n\t<meta name=\"twitter:label2\" content=\"Dur\u00e9e de lecture estim\u00e9e\" \/>\n\t<meta name=\"twitter:data2\" content=\"4 minutes\" \/>\n<script type=\"application\/ld+json\" class=\"yoast-schema-graph\">{\"@context\":\"https:\\\/\\\/schema.org\",\"@graph\":[{\"@type\":\"Article\",\"@id\":\"https:\\\/\\\/www.aligro.ch\\\/pages\\\/de\\\/news\\\/fondue-oder-raclette-isst-man-das-ganze-jahr-ueber\\\/#article\",\"isPartOf\":{\"@id\":\"https:\\\/\\\/www.aligro.ch\\\/pages\\\/de\\\/news\\\/fondue-oder-raclette-isst-man-das-ganze-jahr-ueber\\\/\"},\"author\":{\"name\":\"Vincent Lavanchy\",\"@id\":\"https:\\\/\\\/www.aligro.ch\\\/pages\\\/#\\\/schema\\\/person\\\/abe4f4a53fec53a8dea10e43adbbe7e3\"},\"headline\":\"Fondue oder Raclette isst man das ganze Jahr \u00fcber!\",\"datePublished\":\"2022-10-13T13:10:05+00:00\",\"mainEntityOfPage\":{\"@id\":\"https:\\\/\\\/www.aligro.ch\\\/pages\\\/de\\\/news\\\/fondue-oder-raclette-isst-man-das-ganze-jahr-ueber\\\/\"},\"wordCount\":646,\"publisher\":{\"@id\":\"https:\\\/\\\/www.aligro.ch\\\/pages\\\/#organization\"},\"image\":{\"@id\":\"https:\\\/\\\/www.aligro.ch\\\/pages\\\/de\\\/news\\\/fondue-oder-raclette-isst-man-das-ganze-jahr-ueber\\\/#primaryimage\"},\"thumbnailUrl\":\"https:\\\/\\\/www.aligro.ch\\\/pages\\\/wp-content\\\/uploads\\\/2022\\\/09\\\/Bandeau_Site_PRO-1.jpg\",\"articleSection\":[\"News\"],\"inLanguage\":\"fr-FR\"},{\"@type\":\"WebPage\",\"@id\":\"https:\\\/\\\/www.aligro.ch\\\/pages\\\/de\\\/news\\\/fondue-oder-raclette-isst-man-das-ganze-jahr-ueber\\\/\",\"url\":\"https:\\\/\\\/www.aligro.ch\\\/pages\\\/de\\\/news\\\/fondue-oder-raclette-isst-man-das-ganze-jahr-ueber\\\/\",\"name\":\"Fondue oder Raclette isst man das ganze Jahr \u00fcber!\",\"isPartOf\":{\"@id\":\"https:\\\/\\\/www.aligro.ch\\\/pages\\\/#website\"},\"primaryImageOfPage\":{\"@id\":\"https:\\\/\\\/www.aligro.ch\\\/pages\\\/de\\\/news\\\/fondue-oder-raclette-isst-man-das-ganze-jahr-ueber\\\/#primaryimage\"},\"image\":{\"@id\":\"https:\\\/\\\/www.aligro.ch\\\/pages\\\/de\\\/news\\\/fondue-oder-raclette-isst-man-das-ganze-jahr-ueber\\\/#primaryimage\"},\"thumbnailUrl\":\"https:\\\/\\\/www.aligro.ch\\\/pages\\\/wp-content\\\/uploads\\\/2022\\\/09\\\/Bandeau_Site_PRO-1.jpg\",\"datePublished\":\"2022-10-13T13:10:05+00:00\",\"description\":\"Das ganze Jahr \u00fcber bieten die vierzehn ALIGRO-M\u00e4rkte Aktionen auf ein umfangreiches K\u00e4sesortiment sowie auf Ausstattungsartikel an. Marc Gay, Gewinner der Schweizer Servicemeisterschaft, Goldmedaillengewinner an den SwissSkills 2022 und Mitglied der von ALIGRO unterst\u00fctzten Hotel & Gastro Union, verr\u00e4t seine Tricks f\u00fcr ein herzhaftes und originelles K\u00e4segericht.\",\"breadcrumb\":{\"@id\":\"https:\\\/\\\/www.aligro.ch\\\/pages\\\/de\\\/news\\\/fondue-oder-raclette-isst-man-das-ganze-jahr-ueber\\\/#breadcrumb\"},\"inLanguage\":\"fr-FR\",\"potentialAction\":[{\"@type\":\"ReadAction\",\"target\":[\"https:\\\/\\\/www.aligro.ch\\\/pages\\\/de\\\/news\\\/fondue-oder-raclette-isst-man-das-ganze-jahr-ueber\\\/\"]}]},{\"@type\":\"ImageObject\",\"inLanguage\":\"fr-FR\",\"@id\":\"https:\\\/\\\/www.aligro.ch\\\/pages\\\/de\\\/news\\\/fondue-oder-raclette-isst-man-das-ganze-jahr-ueber\\\/#primaryimage\",\"url\":\"https:\\\/\\\/www.aligro.ch\\\/pages\\\/wp-content\\\/uploads\\\/2022\\\/09\\\/Bandeau_Site_PRO-1.jpg\",\"contentUrl\":\"https:\\\/\\\/www.aligro.ch\\\/pages\\\/wp-content\\\/uploads\\\/2022\\\/09\\\/Bandeau_Site_PRO-1.jpg\",\"width\":1920,\"height\":1280},{\"@type\":\"BreadcrumbList\",\"@id\":\"https:\\\/\\\/www.aligro.ch\\\/pages\\\/de\\\/news\\\/fondue-oder-raclette-isst-man-das-ganze-jahr-ueber\\\/#breadcrumb\",\"itemListElement\":[{\"@type\":\"ListItem\",\"position\":1,\"name\":\"Accueil\",\"item\":\"https:\\\/\\\/www.aligro.ch\\\/pages\\\/de\\\/aligro-academy\\\/\"},{\"@type\":\"ListItem\",\"position\":2,\"name\":\"Fondue oder Raclette isst man das ganze Jahr \u00fcber!\"}]},{\"@type\":\"WebSite\",\"@id\":\"https:\\\/\\\/www.aligro.ch\\\/pages\\\/#website\",\"url\":\"https:\\\/\\\/www.aligro.ch\\\/pages\\\/\",\"name\":\"ALIGRO\",\"description\":\"Fra\u00eecheur. Qualit\u00e9. Inspiration.\",\"publisher\":{\"@id\":\"https:\\\/\\\/www.aligro.ch\\\/pages\\\/#organization\"},\"potentialAction\":[{\"@type\":\"SearchAction\",\"target\":{\"@type\":\"EntryPoint\",\"urlTemplate\":\"https:\\\/\\\/www.aligro.ch\\\/pages\\\/?s={search_term_string}\"},\"query-input\":{\"@type\":\"PropertyValueSpecification\",\"valueRequired\":true,\"valueName\":\"search_term_string\"}}],\"inLanguage\":\"fr-FR\"},{\"@type\":\"Organization\",\"@id\":\"https:\\\/\\\/www.aligro.ch\\\/pages\\\/#organization\",\"name\":\"ALIGRO\",\"url\":\"https:\\\/\\\/www.aligro.ch\\\/pages\\\/\",\"logo\":{\"@type\":\"ImageObject\",\"inLanguage\":\"fr-FR\",\"@id\":\"https:\\\/\\\/www.aligro.ch\\\/pages\\\/#\\\/schema\\\/logo\\\/image\\\/\",\"url\":\"https:\\\/\\\/www.aligro.ch\\\/pages\\\/wp-content\\\/uploads\\\/2018\\\/10\\\/Logo@4x.png\",\"contentUrl\":\"https:\\\/\\\/www.aligro.ch\\\/pages\\\/wp-content\\\/uploads\\\/2018\\\/10\\\/Logo@4x.png\",\"width\":1831,\"height\":228,\"caption\":\"ALIGRO\"},\"image\":{\"@id\":\"https:\\\/\\\/www.aligro.ch\\\/pages\\\/#\\\/schema\\\/logo\\\/image\\\/\"},\"sameAs\":[\"https:\\\/\\\/fb.com\\\/aligrosuisse\"]},{\"@type\":\"Person\",\"@id\":\"https:\\\/\\\/www.aligro.ch\\\/pages\\\/#\\\/schema\\\/person\\\/abe4f4a53fec53a8dea10e43adbbe7e3\",\"name\":\"Vincent Lavanchy\",\"image\":{\"@type\":\"ImageObject\",\"inLanguage\":\"fr-FR\",\"@id\":\"https:\\\/\\\/secure.gravatar.com\\\/avatar\\\/0c26d4efb7d6ae3d3acfb21cea043eed07c8459ea7780b7c5d9d73543f0c4d2e?s=96&d=mm&r=g\",\"url\":\"https:\\\/\\\/secure.gravatar.com\\\/avatar\\\/0c26d4efb7d6ae3d3acfb21cea043eed07c8459ea7780b7c5d9d73543f0c4d2e?s=96&d=mm&r=g\",\"contentUrl\":\"https:\\\/\\\/secure.gravatar.com\\\/avatar\\\/0c26d4efb7d6ae3d3acfb21cea043eed07c8459ea7780b7c5d9d73543f0c4d2e?s=96&d=mm&r=g\",\"caption\":\"Vincent Lavanchy\"}}]}<\/script>\n<!-- \/ Yoast SEO plugin. -->","yoast_head_json":{"title":"Fondue oder Raclette isst man das ganze Jahr \u00fcber!","description":"Das ganze Jahr \u00fcber bieten die vierzehn ALIGRO-M\u00e4rkte Aktionen auf ein umfangreiches K\u00e4sesortiment sowie auf Ausstattungsartikel an. Marc Gay, Gewinner der Schweizer Servicemeisterschaft, Goldmedaillengewinner an den SwissSkills 2022 und Mitglied der von ALIGRO unterst\u00fctzten Hotel & Gastro Union, verr\u00e4t seine Tricks f\u00fcr ein herzhaftes und originelles K\u00e4segericht.","robots":{"index":"index","follow":"follow","max-snippet":"max-snippet:-1","max-image-preview":"max-image-preview:large","max-video-preview":"max-video-preview:-1"},"canonical":"https:\/\/www.aligro.ch\/pages\/de\/news\/fondue-oder-raclette-isst-man-das-ganze-jahr-ueber\/","og_locale":"fr_FR","og_type":"article","og_title":"Fondue oder Raclette isst man das ganze Jahr \u00fcber!","og_description":"Das ganze Jahr \u00fcber bieten die vierzehn ALIGRO-M\u00e4rkte Aktionen auf ein umfangreiches K\u00e4sesortiment sowie auf Ausstattungsartikel an. Marc Gay, Gewinner der Schweizer Servicemeisterschaft, Goldmedaillengewinner an den SwissSkills 2022 und Mitglied der von ALIGRO unterst\u00fctzten Hotel & Gastro Union, verr\u00e4t seine Tricks f\u00fcr ein herzhaftes und originelles K\u00e4segericht.","og_url":"https:\/\/www.aligro.ch\/pages\/de\/news\/fondue-oder-raclette-isst-man-das-ganze-jahr-ueber\/","og_site_name":"ALIGRO","article_publisher":"https:\/\/fb.com\/aligrosuisse","article_published_time":"2022-10-13T13:10:05+00:00","og_image":[{"width":1920,"height":1280,"url":"https:\/\/www.aligro.ch\/pages\/wp-content\/uploads\/2022\/09\/Bandeau_Site_PRO-1.jpg","type":"image\/jpeg"}],"author":"Vincent Lavanchy","twitter_card":"summary_large_image","twitter_misc":{"\u00c9crit par":"Vincent Lavanchy","Dur\u00e9e de lecture estim\u00e9e":"4 minutes"},"schema":{"@context":"https:\/\/schema.org","@graph":[{"@type":"Article","@id":"https:\/\/www.aligro.ch\/pages\/de\/news\/fondue-oder-raclette-isst-man-das-ganze-jahr-ueber\/#article","isPartOf":{"@id":"https:\/\/www.aligro.ch\/pages\/de\/news\/fondue-oder-raclette-isst-man-das-ganze-jahr-ueber\/"},"author":{"name":"Vincent Lavanchy","@id":"https:\/\/www.aligro.ch\/pages\/#\/schema\/person\/abe4f4a53fec53a8dea10e43adbbe7e3"},"headline":"Fondue oder Raclette isst man das ganze Jahr \u00fcber!","datePublished":"2022-10-13T13:10:05+00:00","mainEntityOfPage":{"@id":"https:\/\/www.aligro.ch\/pages\/de\/news\/fondue-oder-raclette-isst-man-das-ganze-jahr-ueber\/"},"wordCount":646,"publisher":{"@id":"https:\/\/www.aligro.ch\/pages\/#organization"},"image":{"@id":"https:\/\/www.aligro.ch\/pages\/de\/news\/fondue-oder-raclette-isst-man-das-ganze-jahr-ueber\/#primaryimage"},"thumbnailUrl":"https:\/\/www.aligro.ch\/pages\/wp-content\/uploads\/2022\/09\/Bandeau_Site_PRO-1.jpg","articleSection":["News"],"inLanguage":"fr-FR"},{"@type":"WebPage","@id":"https:\/\/www.aligro.ch\/pages\/de\/news\/fondue-oder-raclette-isst-man-das-ganze-jahr-ueber\/","url":"https:\/\/www.aligro.ch\/pages\/de\/news\/fondue-oder-raclette-isst-man-das-ganze-jahr-ueber\/","name":"Fondue oder Raclette isst man das ganze Jahr \u00fcber!","isPartOf":{"@id":"https:\/\/www.aligro.ch\/pages\/#website"},"primaryImageOfPage":{"@id":"https:\/\/www.aligro.ch\/pages\/de\/news\/fondue-oder-raclette-isst-man-das-ganze-jahr-ueber\/#primaryimage"},"image":{"@id":"https:\/\/www.aligro.ch\/pages\/de\/news\/fondue-oder-raclette-isst-man-das-ganze-jahr-ueber\/#primaryimage"},"thumbnailUrl":"https:\/\/www.aligro.ch\/pages\/wp-content\/uploads\/2022\/09\/Bandeau_Site_PRO-1.jpg","datePublished":"2022-10-13T13:10:05+00:00","description":"Das ganze Jahr \u00fcber bieten die vierzehn ALIGRO-M\u00e4rkte Aktionen auf ein umfangreiches K\u00e4sesortiment sowie auf Ausstattungsartikel an. Marc Gay, Gewinner der Schweizer Servicemeisterschaft, Goldmedaillengewinner an den SwissSkills 2022 und Mitglied der von ALIGRO unterst\u00fctzten Hotel & Gastro Union, verr\u00e4t seine Tricks f\u00fcr ein herzhaftes und originelles K\u00e4segericht.","breadcrumb":{"@id":"https:\/\/www.aligro.ch\/pages\/de\/news\/fondue-oder-raclette-isst-man-das-ganze-jahr-ueber\/#breadcrumb"},"inLanguage":"fr-FR","potentialAction":[{"@type":"ReadAction","target":["https:\/\/www.aligro.ch\/pages\/de\/news\/fondue-oder-raclette-isst-man-das-ganze-jahr-ueber\/"]}]},{"@type":"ImageObject","inLanguage":"fr-FR","@id":"https:\/\/www.aligro.ch\/pages\/de\/news\/fondue-oder-raclette-isst-man-das-ganze-jahr-ueber\/#primaryimage","url":"https:\/\/www.aligro.ch\/pages\/wp-content\/uploads\/2022\/09\/Bandeau_Site_PRO-1.jpg","contentUrl":"https:\/\/www.aligro.ch\/pages\/wp-content\/uploads\/2022\/09\/Bandeau_Site_PRO-1.jpg","width":1920,"height":1280},{"@type":"BreadcrumbList","@id":"https:\/\/www.aligro.ch\/pages\/de\/news\/fondue-oder-raclette-isst-man-das-ganze-jahr-ueber\/#breadcrumb","itemListElement":[{"@type":"ListItem","position":1,"name":"Accueil","item":"https:\/\/www.aligro.ch\/pages\/de\/aligro-academy\/"},{"@type":"ListItem","position":2,"name":"Fondue oder Raclette isst man das ganze Jahr \u00fcber!"}]},{"@type":"WebSite","@id":"https:\/\/www.aligro.ch\/pages\/#website","url":"https:\/\/www.aligro.ch\/pages\/","name":"ALIGRO","description":"Fra\u00eecheur. Qualit\u00e9. Inspiration.","publisher":{"@id":"https:\/\/www.aligro.ch\/pages\/#organization"},"potentialAction":[{"@type":"SearchAction","target":{"@type":"EntryPoint","urlTemplate":"https:\/\/www.aligro.ch\/pages\/?s={search_term_string}"},"query-input":{"@type":"PropertyValueSpecification","valueRequired":true,"valueName":"search_term_string"}}],"inLanguage":"fr-FR"},{"@type":"Organization","@id":"https:\/\/www.aligro.ch\/pages\/#organization","name":"ALIGRO","url":"https:\/\/www.aligro.ch\/pages\/","logo":{"@type":"ImageObject","inLanguage":"fr-FR","@id":"https:\/\/www.aligro.ch\/pages\/#\/schema\/logo\/image\/","url":"https:\/\/www.aligro.ch\/pages\/wp-content\/uploads\/2018\/10\/Logo@4x.png","contentUrl":"https:\/\/www.aligro.ch\/pages\/wp-content\/uploads\/2018\/10\/Logo@4x.png","width":1831,"height":228,"caption":"ALIGRO"},"image":{"@id":"https:\/\/www.aligro.ch\/pages\/#\/schema\/logo\/image\/"},"sameAs":["https:\/\/fb.com\/aligrosuisse"]},{"@type":"Person","@id":"https:\/\/www.aligro.ch\/pages\/#\/schema\/person\/abe4f4a53fec53a8dea10e43adbbe7e3","name":"Vincent Lavanchy","image":{"@type":"ImageObject","inLanguage":"fr-FR","@id":"https:\/\/secure.gravatar.com\/avatar\/0c26d4efb7d6ae3d3acfb21cea043eed07c8459ea7780b7c5d9d73543f0c4d2e?s=96&d=mm&r=g","url":"https:\/\/secure.gravatar.com\/avatar\/0c26d4efb7d6ae3d3acfb21cea043eed07c8459ea7780b7c5d9d73543f0c4d2e?s=96&d=mm&r=g","contentUrl":"https:\/\/secure.gravatar.com\/avatar\/0c26d4efb7d6ae3d3acfb21cea043eed07c8459ea7780b7c5d9d73543f0c4d2e?s=96&d=mm&r=g","caption":"Vincent Lavanchy"}}]}},"_links":{"self":[{"href":"https:\/\/www.aligro.ch\/pages\/wp-json\/wp\/v2\/posts\/57477","targetHints":{"allow":["GET"]}}],"collection":[{"href":"https:\/\/www.aligro.ch\/pages\/wp-json\/wp\/v2\/posts"}],"about":[{"href":"https:\/\/www.aligro.ch\/pages\/wp-json\/wp\/v2\/types\/post"}],"author":[{"embeddable":true,"href":"https:\/\/www.aligro.ch\/pages\/wp-json\/wp\/v2\/users\/9"}],"replies":[{"embeddable":true,"href":"https:\/\/www.aligro.ch\/pages\/wp-json\/wp\/v2\/comments?post=57477"}],"version-history":[{"count":1,"href":"https:\/\/www.aligro.ch\/pages\/wp-json\/wp\/v2\/posts\/57477\/revisions"}],"predecessor-version":[{"id":57479,"href":"https:\/\/www.aligro.ch\/pages\/wp-json\/wp\/v2\/posts\/57477\/revisions\/57479"}],"wp:featuredmedia":[{"embeddable":true,"href":"https:\/\/www.aligro.ch\/pages\/wp-json\/wp\/v2\/media\/42133"}],"wp:attachment":[{"href":"https:\/\/www.aligro.ch\/pages\/wp-json\/wp\/v2\/media?parent=57477"}],"wp:term":[{"taxonomy":"category","embeddable":true,"href":"https:\/\/www.aligro.ch\/pages\/wp-json\/wp\/v2\/categories?post=57477"},{"taxonomy":"post_tag","embeddable":true,"href":"https:\/\/www.aligro.ch\/pages\/wp-json\/wp\/v2\/tags?post=57477"}],"curies":[{"name":"wp","href":"https:\/\/api.w.org\/{rel}","templated":true}]}}