{"id":57456,"date":"2022-10-13T13:32:54","date_gmt":"2022-10-13T11:32:54","guid":{"rendered":"https:\/\/www.aligro.ch\/pages\/?p=57456"},"modified":"2022-10-14T10:17:26","modified_gmt":"2022-10-14T08:17:26","slug":"stocker-ses-aliments-de-maniere-optimale","status":"publish","type":"post","link":"https:\/\/www.aligro.ch\/pages\/fr\/news\/stocker-ses-aliments-de-maniere-optimale\/","title":{"rendered":"Stocker ses aliments de mani\u00e8re optimale"},"content":{"rendered":"<div class=\"wpb-content-wrapper\"><p>[vc_row][vc_column][vc_column_text]ALIGRO s\u2019associe \u00e0 Too Good To Go pour lutter contre le gaspillage alimentaire. Chaque mois, nous vous pr\u00e9sentons une astuce \u00ab\u00a0anti-gaspi\u00a0\u00bb afin que nous puissions tous faire un geste pour le bien de la plan\u00e8te.[\/vc_column_text][vc_row_inner equal_height=\u00a0\u00bbyes\u00a0\u00bb content_placement=\u00a0\u00bbmiddle\u00a0\u00bb css=\u00a0\u00bb.vc_custom_1661333172574{margin-bottom: 1em !important;}\u00a0\u00bb][vc_column_inner width=\u00a0\u00bb1\/3&Prime;][vc_separator color=\u00a0\u00bbcustom\u00a0\u00bb style=\u00a0\u00bbdouble\u00a0\u00bb border_width=\u00a0\u00bb2&Prime; accent_color=\u00a0\u00bb#01ccc1&Prime;][\/vc_column_inner][vc_column_inner width=\u00a0\u00bb1\/3&Prime;][vc_single_image image=\u00a0\u00bb22249&Prime; img_size=\u00a0\u00bbfull\u00a0\u00bb alignment=\u00a0\u00bbcenter\u00a0\u00bb][\/vc_column_inner][vc_column_inner width=\u00a0\u00bb1\/3&Prime;][vc_separator color=\u00a0\u00bbcustom\u00a0\u00bb style=\u00a0\u00bbdouble\u00a0\u00bb border_width=\u00a0\u00bb2&Prime; accent_color=\u00a0\u00bb#01ccc1&Prime;][\/vc_column_inner][\/vc_row_inner][vc_column_text]<strong>Apr\u00e8s avoir fait ses courses, c&rsquo;est le moment de d\u00e9baller les sacs \u2013 mais il r\u00e8gne souvent une certaine confusion quant \u00e0 savoir o\u00f9 et comment les aliments doivent \u00eatre stock\u00e9s.\u00a0Par exemple, les \u0153ufs doivent-ils \u00eatre plac\u00e9s au r\u00e9frig\u00e9rateur ou non ?<\/strong><\/p>\n<p>Avant d\u2019entamer d\u00e9ballage et rangement, l&rsquo;id\u00e9al est de lib\u00e9rer de la place pour vos aliments dans les lieux de stockage: r\u00e9frig\u00e9rateur, endroit sombre et frais (cave ou garde-manger), placard de cuisine, cong\u00e9lateur.<\/p>\n<p>Int\u00e9resserons-nous aux fruits et l\u00e9gumes, car c&rsquo;est souvent l\u00e0 que se situe la plus grande confusion, notamment en raison des nombreuses vari\u00e9t\u00e9s existantes. Par exemple, tant les fruits que les l\u00e9gumes continuent de m\u00fbrir apr\u00e8s la r\u00e9colte gr\u00e2ce \u00e0 un processus m\u00e9tabolique continu. Pour ralentir ce processus, certaines vari\u00e9t\u00e9s doivent \u00eatre plac\u00e9es au r\u00e9frig\u00e9rateur. Pas toutes cependant, loin de l\u00e0 ! En effet, les fruits et l\u00e9gumes sensibles au froid peuvent d\u00e9velopper des zones brunes ou aqueuses en cas de mauvais stockage. De plus, il se peut que le go\u00fbt change ou que la maturation ne se fasse pas du tout.<\/p>\n<p><strong>Les fruits<\/strong><\/p>\n<p>En r\u00e8gle g\u00e9n\u00e9rale, il faut veiller \u00e0 ne pas empiler les fruits les uns sur les autres, ni les stocker en rangs trop serr\u00e9s, car ils sont tr\u00e8s sensibles \u00e0 la pression. Vous pouvez par exemple suspendre les bananes \u00e0 un crochet. Il est pr\u00e9f\u00e9rable de ne laver les fruits que juste avant leur consommation, car ainsi vous n&rsquo;enl\u00e8verez pas la couche protectrice naturelle qui les recouvre et ils resteront frais plus longtemps. Il est \u00e9galement pr\u00e9f\u00e9rable de laisser les tiges pour \u00e9viter que de jus ne s&rsquo;\u00e9coule.<\/p>\n<p>Que stocker dans le bac \u00e0 fruits et l\u00e9gumes du r\u00e9frig\u00e9rateur :<\/p>\n<ul>\n<li>fruits locaux (p.ex. pommes, poires, prunes, abricots, baies, raisins, mais aussi kiwis)<\/li>\n<\/ul>\n<p>Que stocker dans le garde-manger \/ \u00e0 temp\u00e9rature ambiante :<\/p>\n<ul>\n<li>fruits exotiques (p. ex. bananes, mangues, avocats, agrumes)<\/li>\n<\/ul>\n<p>Que stocker au cong\u00e9lateur :<\/p>\n<ul>\n<li>les fruits trop m\u00fbrs, par exemple les bananes et les baies &#8211; tri\u00e9s, coup\u00e9s et en portions, ils sont parfaits pour votre prochain smoothie<\/li>\n<\/ul>\n<p>\ud83d\udca1 Conseil : stockez s\u00e9par\u00e9ment les fruits qui d\u00e9gagent de l\u2019\u00e9thyl\u00e8ne, un gaz de maturation (entre autres les pommes et les abricots), ou les utiliser de mani\u00e8re cibl\u00e9e pour faire m\u00fbrir des tomates ou des avocats par exemple.<\/p>\n<p>\u26a0\ufe0f Important \u00e0 savoir : de nombreux fruits, par exemple les kiwis, les poires et les abricots, n&rsquo;atteignent leur maturit\u00e9 gustative qu&rsquo;\u00e0 temp\u00e9rature ambiante.<\/p>\n<p><strong>Les l\u00e9gumes<\/strong><\/p>\n<p>Dans le r\u00e9frig\u00e9rateur, il est pr\u00e9f\u00e9rable de conserver les l\u00e9gumes dans un film perm\u00e9able \u00e0 l&rsquo;air, en les s\u00e9parant par vari\u00e9t\u00e9. Veillez toutefois \u00e0 ne pas laisser s&rsquo;accumuler trop d&rsquo;humidit\u00e9 et \u00e0 ne pas cr\u00e9er ce que l&rsquo;on appelle un biotope de d\u00e9composition. A l\u2019instar des fruits, il convient de laver les l\u00e9gumes juste avant de les consommer. Il est toutefois pr\u00e9f\u00e9rable d&rsquo;enlever les tiges et les feuilles (par exemple de carottes) directement apr\u00e8s l&rsquo;achat.<\/p>\n<p>Que stocker dans le bac \u00e0 fruits et l\u00e9gumes du r\u00e9frig\u00e9rateur\u00a0:<\/p>\n<ul>\n<li>salades vertes, choux-fleurs, brocolis, choux, carottes, \u00e9pinards, champignons<\/li>\n<\/ul>\n<p>Que stocker dans le garde-manger \/ \u00e0 temp\u00e9rature ambiante :<\/p>\n<ul>\n<li>aubergines, concombres, haricots verts, poivrons, courgettes, tomates, pommes de terre, oignons<\/li>\n<\/ul>\n<p>Que stocker dans le cong\u00e9lateur :<\/p>\n<ul>\n<li>si vous avez achet\u00e9 trop de l\u00e9gumes, vous pouvez les congeler en portions apr\u00e8s les avoir nettoy\u00e9s et blanchis.<\/li>\n<\/ul>\n<p>\ud83d\udca1 Conseil : enveloppez les carottes, les asperges, les oignons nouveaux et la salade dans un tissu en coton humide pour qu&rsquo;ils restent frais plus longtemps. Les herbes aromatiques se conservent mieux dans un peu d&rsquo;eau dans un bocal au r\u00e9frig\u00e9rateur.[\/vc_column_text][vc_column_text]Retrouvez toutes les astuces anti-gaspillage sur <a href=\"https:\/\/toogoodtogo.ch\/fr-ch\/movement\" target=\"_blank\" rel=\"noopener\">le site de Too Good To Go<\/a>[\/vc_column_text][vc_single_image image=\u00a0\u00bb22249&Prime; img_size=\u00a0\u00bbfull\u00a0\u00bb alignment=\u00a0\u00bbcenter\u00a0\u00bb][\/vc_column][\/vc_row]<\/p>\n<\/div>","protected":false},"excerpt":{"rendered":"<p>[vc_row][vc_column][vc_column_text]ALIGRO s\u2019associe \u00e0 Too Good To Go pour lutter contre le gaspillage alimentaire. Chaque mois, nous vous pr\u00e9sentons<a class=\"moretag\" href=\"https:\/\/www.aligro.ch\/pages\/fr\/news\/stocker-ses-aliments-de-maniere-optimale\/\"> &#8230;<\/a><\/p>\n","protected":false},"author":9,"featured_media":57459,"comment_status":"closed","ping_status":"closed","sticky":false,"template":"","format":"standard","meta":{"_acf_changed":false,"footnotes":""},"categories":[1],"tags":[],"class_list":["post-57456","post","type-post","status-publish","format-standard","has-post-thumbnail","hentry","category-autre"],"acf":[],"yoast_head":"<!-- This site is optimized with the Yoast SEO plugin v27.4 - https:\/\/yoast.com\/product\/yoast-seo-wordpress\/ -->\n<title>Stocker ses aliments de mani\u00e8re optimale<\/title>\n<meta name=\"description\" content=\"Apr\u00e8s avoir fait ses courses, c&#039;est le moment de d\u00e9baller les sacs \u2013 mais il r\u00e8gne souvent une certaine confusion quant \u00e0 savoir o\u00f9 et comment les aliments doivent \u00eatre stock\u00e9s. Par exemple, les \u0153ufs doivent-ils \u00eatre plac\u00e9s au r\u00e9frig\u00e9rateur ou non ?\" \/>\n<meta name=\"robots\" content=\"index, follow, max-snippet:-1, max-image-preview:large, max-video-preview:-1\" \/>\n<link rel=\"canonical\" href=\"https:\/\/www.aligro.ch\/pages\/fr\/news\/stocker-ses-aliments-de-maniere-optimale\/\" \/>\n<meta property=\"og:locale\" content=\"fr_FR\" \/>\n<meta property=\"og:type\" content=\"article\" \/>\n<meta property=\"og:title\" content=\"Stocker ses aliments de mani\u00e8re optimale\" \/>\n<meta property=\"og:description\" content=\"Apr\u00e8s avoir fait ses courses, c&#039;est le moment de d\u00e9baller les sacs \u2013 mais il r\u00e8gne souvent une certaine confusion quant \u00e0 savoir o\u00f9 et comment les aliments doivent \u00eatre stock\u00e9s. Par exemple, les \u0153ufs doivent-ils \u00eatre plac\u00e9s au r\u00e9frig\u00e9rateur ou non ?\" \/>\n<meta property=\"og:url\" content=\"https:\/\/www.aligro.ch\/pages\/fr\/news\/stocker-ses-aliments-de-maniere-optimale\/\" \/>\n<meta property=\"og:site_name\" content=\"ALIGRO\" \/>\n<meta property=\"article:publisher\" content=\"https:\/\/fb.com\/aligrosuisse\" \/>\n<meta property=\"article:published_time\" content=\"2022-10-13T11:32:54+00:00\" \/>\n<meta property=\"article:modified_time\" content=\"2022-10-14T08:17:26+00:00\" \/>\n<meta property=\"og:image\" content=\"https:\/\/www.aligro.ch\/pages\/wp-content\/uploads\/2022\/10\/Bandeau_Site.jpg\" \/>\n\t<meta property=\"og:image:width\" content=\"1920\" \/>\n\t<meta property=\"og:image:height\" content=\"1279\" \/>\n\t<meta property=\"og:image:type\" content=\"image\/jpeg\" \/>\n<meta name=\"author\" content=\"Vincent Lavanchy\" \/>\n<meta name=\"twitter:card\" content=\"summary_large_image\" \/>\n<meta name=\"twitter:label1\" content=\"\u00c9crit par\" \/>\n\t<meta name=\"twitter:data1\" content=\"Vincent Lavanchy\" \/>\n\t<meta name=\"twitter:label2\" content=\"Dur\u00e9e de lecture estim\u00e9e\" \/>\n\t<meta name=\"twitter:data2\" content=\"4 minutes\" \/>\n<script type=\"application\/ld+json\" class=\"yoast-schema-graph\">{\"@context\":\"https:\\\/\\\/schema.org\",\"@graph\":[{\"@type\":\"Article\",\"@id\":\"https:\\\/\\\/www.aligro.ch\\\/pages\\\/fr\\\/news\\\/stocker-ses-aliments-de-maniere-optimale\\\/#article\",\"isPartOf\":{\"@id\":\"https:\\\/\\\/www.aligro.ch\\\/pages\\\/fr\\\/news\\\/stocker-ses-aliments-de-maniere-optimale\\\/\"},\"author\":{\"name\":\"Vincent Lavanchy\",\"@id\":\"https:\\\/\\\/www.aligro.ch\\\/pages\\\/#\\\/schema\\\/person\\\/abe4f4a53fec53a8dea10e43adbbe7e3\"},\"headline\":\"Stocker ses aliments de mani\u00e8re optimale\",\"datePublished\":\"2022-10-13T11:32:54+00:00\",\"dateModified\":\"2022-10-14T08:17:26+00:00\",\"mainEntityOfPage\":{\"@id\":\"https:\\\/\\\/www.aligro.ch\\\/pages\\\/fr\\\/news\\\/stocker-ses-aliments-de-maniere-optimale\\\/\"},\"wordCount\":815,\"publisher\":{\"@id\":\"https:\\\/\\\/www.aligro.ch\\\/pages\\\/#organization\"},\"image\":{\"@id\":\"https:\\\/\\\/www.aligro.ch\\\/pages\\\/fr\\\/news\\\/stocker-ses-aliments-de-maniere-optimale\\\/#primaryimage\"},\"thumbnailUrl\":\"https:\\\/\\\/www.aligro.ch\\\/pages\\\/wp-content\\\/uploads\\\/2022\\\/10\\\/Bandeau_Site.jpg\",\"articleSection\":[\"Autre\"],\"inLanguage\":\"fr-FR\"},{\"@type\":\"WebPage\",\"@id\":\"https:\\\/\\\/www.aligro.ch\\\/pages\\\/fr\\\/news\\\/stocker-ses-aliments-de-maniere-optimale\\\/\",\"url\":\"https:\\\/\\\/www.aligro.ch\\\/pages\\\/fr\\\/news\\\/stocker-ses-aliments-de-maniere-optimale\\\/\",\"name\":\"Stocker ses aliments de mani\u00e8re optimale\",\"isPartOf\":{\"@id\":\"https:\\\/\\\/www.aligro.ch\\\/pages\\\/#website\"},\"primaryImageOfPage\":{\"@id\":\"https:\\\/\\\/www.aligro.ch\\\/pages\\\/fr\\\/news\\\/stocker-ses-aliments-de-maniere-optimale\\\/#primaryimage\"},\"image\":{\"@id\":\"https:\\\/\\\/www.aligro.ch\\\/pages\\\/fr\\\/news\\\/stocker-ses-aliments-de-maniere-optimale\\\/#primaryimage\"},\"thumbnailUrl\":\"https:\\\/\\\/www.aligro.ch\\\/pages\\\/wp-content\\\/uploads\\\/2022\\\/10\\\/Bandeau_Site.jpg\",\"datePublished\":\"2022-10-13T11:32:54+00:00\",\"dateModified\":\"2022-10-14T08:17:26+00:00\",\"description\":\"Apr\u00e8s avoir fait ses courses, c'est le moment de d\u00e9baller les sacs \u2013 mais il r\u00e8gne souvent une certaine confusion quant \u00e0 savoir o\u00f9 et comment les aliments doivent \u00eatre stock\u00e9s. Par exemple, les \u0153ufs doivent-ils \u00eatre plac\u00e9s au r\u00e9frig\u00e9rateur ou non ?\",\"breadcrumb\":{\"@id\":\"https:\\\/\\\/www.aligro.ch\\\/pages\\\/fr\\\/news\\\/stocker-ses-aliments-de-maniere-optimale\\\/#breadcrumb\"},\"inLanguage\":\"fr-FR\",\"potentialAction\":[{\"@type\":\"ReadAction\",\"target\":[\"https:\\\/\\\/www.aligro.ch\\\/pages\\\/fr\\\/news\\\/stocker-ses-aliments-de-maniere-optimale\\\/\"]}]},{\"@type\":\"ImageObject\",\"inLanguage\":\"fr-FR\",\"@id\":\"https:\\\/\\\/www.aligro.ch\\\/pages\\\/fr\\\/news\\\/stocker-ses-aliments-de-maniere-optimale\\\/#primaryimage\",\"url\":\"https:\\\/\\\/www.aligro.ch\\\/pages\\\/wp-content\\\/uploads\\\/2022\\\/10\\\/Bandeau_Site.jpg\",\"contentUrl\":\"https:\\\/\\\/www.aligro.ch\\\/pages\\\/wp-content\\\/uploads\\\/2022\\\/10\\\/Bandeau_Site.jpg\",\"width\":1920,\"height\":1279},{\"@type\":\"BreadcrumbList\",\"@id\":\"https:\\\/\\\/www.aligro.ch\\\/pages\\\/fr\\\/news\\\/stocker-ses-aliments-de-maniere-optimale\\\/#breadcrumb\",\"itemListElement\":[{\"@type\":\"ListItem\",\"position\":1,\"name\":\"Accueil\",\"item\":\"https:\\\/\\\/www.aligro.ch\\\/pages\\\/de\\\/aligro-academy\\\/\"},{\"@type\":\"ListItem\",\"position\":2,\"name\":\"Stocker ses aliments de mani\u00e8re optimale\"}]},{\"@type\":\"WebSite\",\"@id\":\"https:\\\/\\\/www.aligro.ch\\\/pages\\\/#website\",\"url\":\"https:\\\/\\\/www.aligro.ch\\\/pages\\\/\",\"name\":\"ALIGRO\",\"description\":\"Fra\u00eecheur. Qualit\u00e9. Inspiration.\",\"publisher\":{\"@id\":\"https:\\\/\\\/www.aligro.ch\\\/pages\\\/#organization\"},\"potentialAction\":[{\"@type\":\"SearchAction\",\"target\":{\"@type\":\"EntryPoint\",\"urlTemplate\":\"https:\\\/\\\/www.aligro.ch\\\/pages\\\/?s={search_term_string}\"},\"query-input\":{\"@type\":\"PropertyValueSpecification\",\"valueRequired\":true,\"valueName\":\"search_term_string\"}}],\"inLanguage\":\"fr-FR\"},{\"@type\":\"Organization\",\"@id\":\"https:\\\/\\\/www.aligro.ch\\\/pages\\\/#organization\",\"name\":\"ALIGRO\",\"url\":\"https:\\\/\\\/www.aligro.ch\\\/pages\\\/\",\"logo\":{\"@type\":\"ImageObject\",\"inLanguage\":\"fr-FR\",\"@id\":\"https:\\\/\\\/www.aligro.ch\\\/pages\\\/#\\\/schema\\\/logo\\\/image\\\/\",\"url\":\"https:\\\/\\\/www.aligro.ch\\\/pages\\\/wp-content\\\/uploads\\\/2018\\\/10\\\/Logo@4x.png\",\"contentUrl\":\"https:\\\/\\\/www.aligro.ch\\\/pages\\\/wp-content\\\/uploads\\\/2018\\\/10\\\/Logo@4x.png\",\"width\":1831,\"height\":228,\"caption\":\"ALIGRO\"},\"image\":{\"@id\":\"https:\\\/\\\/www.aligro.ch\\\/pages\\\/#\\\/schema\\\/logo\\\/image\\\/\"},\"sameAs\":[\"https:\\\/\\\/fb.com\\\/aligrosuisse\"]},{\"@type\":\"Person\",\"@id\":\"https:\\\/\\\/www.aligro.ch\\\/pages\\\/#\\\/schema\\\/person\\\/abe4f4a53fec53a8dea10e43adbbe7e3\",\"name\":\"Vincent Lavanchy\",\"image\":{\"@type\":\"ImageObject\",\"inLanguage\":\"fr-FR\",\"@id\":\"https:\\\/\\\/secure.gravatar.com\\\/avatar\\\/0c26d4efb7d6ae3d3acfb21cea043eed07c8459ea7780b7c5d9d73543f0c4d2e?s=96&d=mm&r=g\",\"url\":\"https:\\\/\\\/secure.gravatar.com\\\/avatar\\\/0c26d4efb7d6ae3d3acfb21cea043eed07c8459ea7780b7c5d9d73543f0c4d2e?s=96&d=mm&r=g\",\"contentUrl\":\"https:\\\/\\\/secure.gravatar.com\\\/avatar\\\/0c26d4efb7d6ae3d3acfb21cea043eed07c8459ea7780b7c5d9d73543f0c4d2e?s=96&d=mm&r=g\",\"caption\":\"Vincent Lavanchy\"}}]}<\/script>\n<!-- \/ Yoast SEO plugin. -->","yoast_head_json":{"title":"Stocker ses aliments de mani\u00e8re optimale","description":"Apr\u00e8s avoir fait ses courses, c'est le moment de d\u00e9baller les sacs \u2013 mais il r\u00e8gne souvent une certaine confusion quant \u00e0 savoir o\u00f9 et comment les aliments doivent \u00eatre stock\u00e9s. Par exemple, les \u0153ufs doivent-ils \u00eatre plac\u00e9s au r\u00e9frig\u00e9rateur ou non ?","robots":{"index":"index","follow":"follow","max-snippet":"max-snippet:-1","max-image-preview":"max-image-preview:large","max-video-preview":"max-video-preview:-1"},"canonical":"https:\/\/www.aligro.ch\/pages\/fr\/news\/stocker-ses-aliments-de-maniere-optimale\/","og_locale":"fr_FR","og_type":"article","og_title":"Stocker ses aliments de mani\u00e8re optimale","og_description":"Apr\u00e8s avoir fait ses courses, c'est le moment de d\u00e9baller les sacs \u2013 mais il r\u00e8gne souvent une certaine confusion quant \u00e0 savoir o\u00f9 et comment les aliments doivent \u00eatre stock\u00e9s. Par exemple, les \u0153ufs doivent-ils \u00eatre plac\u00e9s au r\u00e9frig\u00e9rateur ou non ?","og_url":"https:\/\/www.aligro.ch\/pages\/fr\/news\/stocker-ses-aliments-de-maniere-optimale\/","og_site_name":"ALIGRO","article_publisher":"https:\/\/fb.com\/aligrosuisse","article_published_time":"2022-10-13T11:32:54+00:00","article_modified_time":"2022-10-14T08:17:26+00:00","og_image":[{"width":1920,"height":1279,"url":"https:\/\/www.aligro.ch\/pages\/wp-content\/uploads\/2022\/10\/Bandeau_Site.jpg","type":"image\/jpeg"}],"author":"Vincent Lavanchy","twitter_card":"summary_large_image","twitter_misc":{"\u00c9crit par":"Vincent Lavanchy","Dur\u00e9e de lecture estim\u00e9e":"4 minutes"},"schema":{"@context":"https:\/\/schema.org","@graph":[{"@type":"Article","@id":"https:\/\/www.aligro.ch\/pages\/fr\/news\/stocker-ses-aliments-de-maniere-optimale\/#article","isPartOf":{"@id":"https:\/\/www.aligro.ch\/pages\/fr\/news\/stocker-ses-aliments-de-maniere-optimale\/"},"author":{"name":"Vincent Lavanchy","@id":"https:\/\/www.aligro.ch\/pages\/#\/schema\/person\/abe4f4a53fec53a8dea10e43adbbe7e3"},"headline":"Stocker ses aliments de mani\u00e8re optimale","datePublished":"2022-10-13T11:32:54+00:00","dateModified":"2022-10-14T08:17:26+00:00","mainEntityOfPage":{"@id":"https:\/\/www.aligro.ch\/pages\/fr\/news\/stocker-ses-aliments-de-maniere-optimale\/"},"wordCount":815,"publisher":{"@id":"https:\/\/www.aligro.ch\/pages\/#organization"},"image":{"@id":"https:\/\/www.aligro.ch\/pages\/fr\/news\/stocker-ses-aliments-de-maniere-optimale\/#primaryimage"},"thumbnailUrl":"https:\/\/www.aligro.ch\/pages\/wp-content\/uploads\/2022\/10\/Bandeau_Site.jpg","articleSection":["Autre"],"inLanguage":"fr-FR"},{"@type":"WebPage","@id":"https:\/\/www.aligro.ch\/pages\/fr\/news\/stocker-ses-aliments-de-maniere-optimale\/","url":"https:\/\/www.aligro.ch\/pages\/fr\/news\/stocker-ses-aliments-de-maniere-optimale\/","name":"Stocker ses aliments de mani\u00e8re optimale","isPartOf":{"@id":"https:\/\/www.aligro.ch\/pages\/#website"},"primaryImageOfPage":{"@id":"https:\/\/www.aligro.ch\/pages\/fr\/news\/stocker-ses-aliments-de-maniere-optimale\/#primaryimage"},"image":{"@id":"https:\/\/www.aligro.ch\/pages\/fr\/news\/stocker-ses-aliments-de-maniere-optimale\/#primaryimage"},"thumbnailUrl":"https:\/\/www.aligro.ch\/pages\/wp-content\/uploads\/2022\/10\/Bandeau_Site.jpg","datePublished":"2022-10-13T11:32:54+00:00","dateModified":"2022-10-14T08:17:26+00:00","description":"Apr\u00e8s avoir fait ses courses, c'est le moment de d\u00e9baller les sacs \u2013 mais il r\u00e8gne souvent une certaine confusion quant \u00e0 savoir o\u00f9 et comment les aliments doivent \u00eatre stock\u00e9s. Par exemple, les \u0153ufs doivent-ils \u00eatre plac\u00e9s au r\u00e9frig\u00e9rateur ou non ?","breadcrumb":{"@id":"https:\/\/www.aligro.ch\/pages\/fr\/news\/stocker-ses-aliments-de-maniere-optimale\/#breadcrumb"},"inLanguage":"fr-FR","potentialAction":[{"@type":"ReadAction","target":["https:\/\/www.aligro.ch\/pages\/fr\/news\/stocker-ses-aliments-de-maniere-optimale\/"]}]},{"@type":"ImageObject","inLanguage":"fr-FR","@id":"https:\/\/www.aligro.ch\/pages\/fr\/news\/stocker-ses-aliments-de-maniere-optimale\/#primaryimage","url":"https:\/\/www.aligro.ch\/pages\/wp-content\/uploads\/2022\/10\/Bandeau_Site.jpg","contentUrl":"https:\/\/www.aligro.ch\/pages\/wp-content\/uploads\/2022\/10\/Bandeau_Site.jpg","width":1920,"height":1279},{"@type":"BreadcrumbList","@id":"https:\/\/www.aligro.ch\/pages\/fr\/news\/stocker-ses-aliments-de-maniere-optimale\/#breadcrumb","itemListElement":[{"@type":"ListItem","position":1,"name":"Accueil","item":"https:\/\/www.aligro.ch\/pages\/de\/aligro-academy\/"},{"@type":"ListItem","position":2,"name":"Stocker ses aliments de mani\u00e8re optimale"}]},{"@type":"WebSite","@id":"https:\/\/www.aligro.ch\/pages\/#website","url":"https:\/\/www.aligro.ch\/pages\/","name":"ALIGRO","description":"Fra\u00eecheur. Qualit\u00e9. Inspiration.","publisher":{"@id":"https:\/\/www.aligro.ch\/pages\/#organization"},"potentialAction":[{"@type":"SearchAction","target":{"@type":"EntryPoint","urlTemplate":"https:\/\/www.aligro.ch\/pages\/?s={search_term_string}"},"query-input":{"@type":"PropertyValueSpecification","valueRequired":true,"valueName":"search_term_string"}}],"inLanguage":"fr-FR"},{"@type":"Organization","@id":"https:\/\/www.aligro.ch\/pages\/#organization","name":"ALIGRO","url":"https:\/\/www.aligro.ch\/pages\/","logo":{"@type":"ImageObject","inLanguage":"fr-FR","@id":"https:\/\/www.aligro.ch\/pages\/#\/schema\/logo\/image\/","url":"https:\/\/www.aligro.ch\/pages\/wp-content\/uploads\/2018\/10\/Logo@4x.png","contentUrl":"https:\/\/www.aligro.ch\/pages\/wp-content\/uploads\/2018\/10\/Logo@4x.png","width":1831,"height":228,"caption":"ALIGRO"},"image":{"@id":"https:\/\/www.aligro.ch\/pages\/#\/schema\/logo\/image\/"},"sameAs":["https:\/\/fb.com\/aligrosuisse"]},{"@type":"Person","@id":"https:\/\/www.aligro.ch\/pages\/#\/schema\/person\/abe4f4a53fec53a8dea10e43adbbe7e3","name":"Vincent Lavanchy","image":{"@type":"ImageObject","inLanguage":"fr-FR","@id":"https:\/\/secure.gravatar.com\/avatar\/0c26d4efb7d6ae3d3acfb21cea043eed07c8459ea7780b7c5d9d73543f0c4d2e?s=96&d=mm&r=g","url":"https:\/\/secure.gravatar.com\/avatar\/0c26d4efb7d6ae3d3acfb21cea043eed07c8459ea7780b7c5d9d73543f0c4d2e?s=96&d=mm&r=g","contentUrl":"https:\/\/secure.gravatar.com\/avatar\/0c26d4efb7d6ae3d3acfb21cea043eed07c8459ea7780b7c5d9d73543f0c4d2e?s=96&d=mm&r=g","caption":"Vincent Lavanchy"}}]}},"_links":{"self":[{"href":"https:\/\/www.aligro.ch\/pages\/wp-json\/wp\/v2\/posts\/57456","targetHints":{"allow":["GET"]}}],"collection":[{"href":"https:\/\/www.aligro.ch\/pages\/wp-json\/wp\/v2\/posts"}],"about":[{"href":"https:\/\/www.aligro.ch\/pages\/wp-json\/wp\/v2\/types\/post"}],"author":[{"embeddable":true,"href":"https:\/\/www.aligro.ch\/pages\/wp-json\/wp\/v2\/users\/9"}],"replies":[{"embeddable":true,"href":"https:\/\/www.aligro.ch\/pages\/wp-json\/wp\/v2\/comments?post=57456"}],"version-history":[{"count":4,"href":"https:\/\/www.aligro.ch\/pages\/wp-json\/wp\/v2\/posts\/57456\/revisions"}],"predecessor-version":[{"id":57485,"href":"https:\/\/www.aligro.ch\/pages\/wp-json\/wp\/v2\/posts\/57456\/revisions\/57485"}],"wp:featuredmedia":[{"embeddable":true,"href":"https:\/\/www.aligro.ch\/pages\/wp-json\/wp\/v2\/media\/57459"}],"wp:attachment":[{"href":"https:\/\/www.aligro.ch\/pages\/wp-json\/wp\/v2\/media?parent=57456"}],"wp:term":[{"taxonomy":"category","embeddable":true,"href":"https:\/\/www.aligro.ch\/pages\/wp-json\/wp\/v2\/categories?post=57456"},{"taxonomy":"post_tag","embeddable":true,"href":"https:\/\/www.aligro.ch\/pages\/wp-json\/wp\/v2\/tags?post=57456"}],"curies":[{"name":"wp","href":"https:\/\/api.w.org\/{rel}","templated":true}]}}