{"id":57279,"date":"2022-10-04T16:53:32","date_gmt":"2022-10-04T14:53:32","guid":{"rendered":"https:\/\/www.aligro.ch\/pages\/?p=57279"},"modified":"2024-06-26T08:24:16","modified_gmt":"2024-06-26T06:24:16","slug":"inauguration-daligro-sargans-une-nouvelle-page-souvre-pour-lentreprise-familiale","status":"publish","type":"post","link":"https:\/\/www.aligro.ch\/pages\/fr\/news\/inauguration-daligro-sargans-une-nouvelle-page-souvre-pour-lentreprise-familiale\/","title":{"rendered":"Inauguration d\u2019ALIGRO Sargans : une nouvelle page s\u2019ouvre pour l\u2019entreprise familiale"},"content":{"rendered":"<div class=\"wpb-content-wrapper\"><p>[vc_row][vc_column][vc_column_text]<strong>La soir\u00e9e d\u2019inauguration officielle du nouveau march\u00e9 ALIGRO de Sargans s\u2019est tenue lundi 3 octobre en pr\u00e9sence de plus de 500 invit\u00e9s, dont de nombreux clients, fournisseurs, repr\u00e9sentants des autorit\u00e9s locales et r\u00e9gionales et membres des associations fa\u00eeti\u00e8res. Dominique Demaurex, directeur g\u00e9n\u00e9ral, a pu couper le ruban entour\u00e9 de sa famille et accompagn\u00e9 de Fritz Thuner, Vice-Pr\u00e9sident de la commune de Vilters-Wangs, et de Jens J\u00e4ger, Pr\u00e9sident du Conseil cantonal. ALIGRO se r\u00e9jouit de cette r\u00e9ouverture dans une r\u00e9gion importante pour l\u2019entreprise.<\/strong><\/p>\n<p>Le coup\u00e9 du ruban marque le nouveau d\u00e9part pour le march\u00e9 ALIGRO Sargans, enti\u00e8rement r\u00e9nov\u00e9, consid\u00e9rablement agrandi et poss\u00e9dant d\u00e9sormais un assortiment \u00e9largi. Clients, fournisseurs, personnalit\u00e9s politiques et membres de la presse se sont rendus ce lundi 3 octobre \u00e0 l\u2019inauguration du nouveau march\u00e9 pour c\u00e9l\u00e9brer l\u2019\u00e9v\u00e9nement en compagnie du Directeur g\u00e9n\u00e9ral Dominique Demaurex et de sa famille, ainsi que des collaborateurs. Au total, plus de 500 convives ont f\u00eat\u00e9 ce nouveau d\u00e9part. Apr\u00e8s une visite du b\u00e2timent en compagnie de Reto Staub, le responsable du service client\u00e8le, les nombreux invit\u00e9s ont profit\u00e9 de d\u00e9guster et de trinquer dans une ambiance chaleureuse.[\/vc_column_text][vc_row_inner][vc_column_inner width=\u00a0\u00bb1\/2&Prime;][vc_column_text]La c\u00e9r\u00e9monie d\u2019inauguration a \u00e9t\u00e9 l\u2019occasion pour les diff\u00e9rents intervenants d\u2019exprimer l\u2019importance de ce projet et d\u2019expliquer les nombreux d\u00e9fis qu\u2019il a repr\u00e9sent\u00e9s \u2013 d\u00e9fis qui ont pu \u00eatre relev\u00e9s avec succ\u00e8s. Particuli\u00e8rement heureux d\u2019avoir pu conserver ses collaborateurs, y compris pendant la fermeture temporaire (un march\u00e9 provisoire \u00e9tait cependant ouvert pendant toute la dur\u00e9e des travaux),[\/vc_column_text][\/vc_column_inner][vc_column_inner width=\u00a0\u00bb1\/2&Prime;][vc_single_image image=\u00a0\u00bb57310&Prime; img_size=\u00a0\u00bbfull\u00a0\u00bb][\/vc_column_inner][\/vc_row_inner][\/vc_column][\/vc_row][vc_row][vc_column][vc_column_text]Dominique Demaurex a fait part de sa satisfaction face \u00e0 la r\u00e9ussite du projet dans un d\u00e9lai extraordinairement court (moins de 7 mois !). Le Directeur g\u00e9n\u00e9ral a \u00e9galement tenu \u00e0 relever l\u2019importance pour ALIGRO de disposer d\u2019un march\u00e9 dans la r\u00e9gion de Suisse orientale.[\/vc_column_text][vc_row_inner][vc_column_inner width=\u00a0\u00bb1\/2&Prime;][vc_single_image image=\u00a0\u00bb57309&Prime; img_size=\u00a0\u00bbfull\u00a0\u00bb][\/vc_column_inner][vc_column_inner width=\u00a0\u00bb1\/2&Prime;][vc_column_text]Cet aspect a \u00e9galement \u00e9t\u00e9 soulign\u00e9 par le Vice-Pr\u00e9sident de la commune, Fritz Thuner, qui s\u2019est r\u00e9joui de la pr\u00e9sence durable d\u2019ALIGRO, des valeurs promues par la soci\u00e9t\u00e9 et du recours \u00e0 des entreprises locales. Il est important \u00e0 ses yeux qu\u2019une entreprise familiale telle qu\u2019ALIGRO puisse se d\u00e9velopper de mani\u00e8re p\u00e9renne et prosp\u00e9rer dans la r\u00e9gion sur le long terme.[\/vc_column_text][\/vc_column_inner][\/vc_row_inner][vc_column_text]L\u2019aspect durable, notamment via l\u2019installation de panneaux photovolta\u00efques, a \u00e9t\u00e9 salu\u00e9 par Jens J\u00e4ger, Pr\u00e9sident du Conseil cantonal.<\/p>\n<p>Daniel K\u00fcpfer, architecte de la soci\u00e9t\u00e9 Schiess ITI en charge du projet, a soulign\u00e9 les d\u00e9fis repr\u00e9sent\u00e9s par la construction et notamment le v\u00e9ritable exploit qu\u2019a repr\u00e9sent\u00e9 l\u2019accomplissement de l\u2019ensemble des travaux en si peu de temps. Enfin, Darko Vogt, le responsable du march\u00e9, a \u00e9t\u00e9 fier de pouvoir pr\u00e9senter les collaborateurs aux convives \u2013 dont la mission sera de servir au mieux les clients.[\/vc_column_text][\/vc_column][\/vc_row]<\/p>\n<\/div>","protected":false},"excerpt":{"rendered":"<p>[vc_row][vc_column][vc_column_text]La soir\u00e9e d\u2019inauguration officielle du nouveau march\u00e9 ALIGRO de Sargans s\u2019est tenue lundi 3 octobre en pr\u00e9sence de<a class=\"moretag\" href=\"https:\/\/www.aligro.ch\/pages\/fr\/news\/inauguration-daligro-sargans-une-nouvelle-page-souvre-pour-lentreprise-familiale\/\"> &#8230;<\/a><\/p>\n","protected":false},"author":9,"featured_media":57301,"comment_status":"closed","ping_status":"closed","sticky":false,"template":"","format":"standard","meta":{"_acf_changed":false,"footnotes":""},"categories":[1],"tags":[],"class_list":["post-57279","post","type-post","status-publish","format-standard","has-post-thumbnail","hentry","category-autre"],"acf":[],"yoast_head":"<!-- This site is optimized with the Yoast SEO plugin v27.4 - https:\/\/yoast.com\/product\/yoast-seo-wordpress\/ -->\n<title>Inauguration d\u2019ALIGRO Sargans : une nouvelle page s\u2019ouvre pour l\u2019entreprise familiale<\/title>\n<meta name=\"description\" content=\"La soir\u00e9e d\u2019inauguration officielle du nouveau march\u00e9 ALIGRO de Sargans s\u2019est tenue lundi 3 octobre en pr\u00e9sence de plus de 500 invit\u00e9s, dont de nombreux clients, fournisseurs, repr\u00e9sentants des autorit\u00e9s locales et r\u00e9gionales et membres des associations fa\u00eeti\u00e8res.\" \/>\n<meta name=\"robots\" content=\"index, follow, max-snippet:-1, max-image-preview:large, max-video-preview:-1\" \/>\n<link rel=\"canonical\" href=\"https:\/\/www.aligro.ch\/pages\/fr\/news\/inauguration-daligro-sargans-une-nouvelle-page-souvre-pour-lentreprise-familiale\/\" \/>\n<meta property=\"og:locale\" content=\"fr_FR\" \/>\n<meta property=\"og:type\" content=\"article\" \/>\n<meta property=\"og:title\" content=\"Inauguration d\u2019ALIGRO Sargans : une nouvelle page s\u2019ouvre pour l\u2019entreprise familiale\" \/>\n<meta property=\"og:description\" content=\"La soir\u00e9e d\u2019inauguration officielle du nouveau march\u00e9 ALIGRO de Sargans s\u2019est tenue lundi 3 octobre en pr\u00e9sence de plus de 500 invit\u00e9s, dont de nombreux clients, fournisseurs, repr\u00e9sentants des autorit\u00e9s locales et r\u00e9gionales et membres des associations fa\u00eeti\u00e8res.\" \/>\n<meta property=\"og:url\" content=\"https:\/\/www.aligro.ch\/pages\/fr\/news\/inauguration-daligro-sargans-une-nouvelle-page-souvre-pour-lentreprise-familiale\/\" \/>\n<meta property=\"og:site_name\" content=\"ALIGRO\" \/>\n<meta property=\"article:publisher\" content=\"https:\/\/fb.com\/aligrosuisse\" \/>\n<meta property=\"article:published_time\" content=\"2022-10-04T14:53:32+00:00\" \/>\n<meta property=\"article:modified_time\" content=\"2024-06-26T06:24:16+00:00\" \/>\n<meta property=\"og:image\" content=\"https:\/\/www.aligro.ch\/pages\/wp-content\/uploads\/2022\/10\/Page-Header.jpg\" \/>\n\t<meta property=\"og:image:width\" content=\"1200\" \/>\n\t<meta property=\"og:image:height\" content=\"628\" \/>\n\t<meta property=\"og:image:type\" content=\"image\/jpeg\" \/>\n<meta name=\"author\" content=\"Vincent Lavanchy\" \/>\n<meta name=\"twitter:card\" content=\"summary_large_image\" \/>\n<meta name=\"twitter:label1\" content=\"\u00c9crit par\" \/>\n\t<meta name=\"twitter:data1\" content=\"Vincent Lavanchy\" \/>\n\t<meta name=\"twitter:label2\" content=\"Dur\u00e9e de lecture estim\u00e9e\" \/>\n\t<meta name=\"twitter:data2\" content=\"3 minutes\" \/>\n<script type=\"application\/ld+json\" class=\"yoast-schema-graph\">{\"@context\":\"https:\\\/\\\/schema.org\",\"@graph\":[{\"@type\":\"Article\",\"@id\":\"https:\\\/\\\/www.aligro.ch\\\/pages\\\/fr\\\/news\\\/inauguration-daligro-sargans-une-nouvelle-page-souvre-pour-lentreprise-familiale\\\/#article\",\"isPartOf\":{\"@id\":\"https:\\\/\\\/www.aligro.ch\\\/pages\\\/fr\\\/news\\\/inauguration-daligro-sargans-une-nouvelle-page-souvre-pour-lentreprise-familiale\\\/\"},\"author\":{\"name\":\"Vincent Lavanchy\",\"@id\":\"https:\\\/\\\/www.aligro.ch\\\/pages\\\/#\\\/schema\\\/person\\\/abe4f4a53fec53a8dea10e43adbbe7e3\"},\"headline\":\"Inauguration d\u2019ALIGRO Sargans : une nouvelle page s\u2019ouvre pour l\u2019entreprise familiale\",\"datePublished\":\"2022-10-04T14:53:32+00:00\",\"dateModified\":\"2024-06-26T06:24:16+00:00\",\"mainEntityOfPage\":{\"@id\":\"https:\\\/\\\/www.aligro.ch\\\/pages\\\/fr\\\/news\\\/inauguration-daligro-sargans-une-nouvelle-page-souvre-pour-lentreprise-familiale\\\/\"},\"wordCount\":624,\"publisher\":{\"@id\":\"https:\\\/\\\/www.aligro.ch\\\/pages\\\/#organization\"},\"image\":{\"@id\":\"https:\\\/\\\/www.aligro.ch\\\/pages\\\/fr\\\/news\\\/inauguration-daligro-sargans-une-nouvelle-page-souvre-pour-lentreprise-familiale\\\/#primaryimage\"},\"thumbnailUrl\":\"https:\\\/\\\/www.aligro.ch\\\/pages\\\/wp-content\\\/uploads\\\/2022\\\/10\\\/Page-Header.jpg\",\"articleSection\":[\"Autre\"],\"inLanguage\":\"fr-FR\"},{\"@type\":\"WebPage\",\"@id\":\"https:\\\/\\\/www.aligro.ch\\\/pages\\\/fr\\\/news\\\/inauguration-daligro-sargans-une-nouvelle-page-souvre-pour-lentreprise-familiale\\\/\",\"url\":\"https:\\\/\\\/www.aligro.ch\\\/pages\\\/fr\\\/news\\\/inauguration-daligro-sargans-une-nouvelle-page-souvre-pour-lentreprise-familiale\\\/\",\"name\":\"Inauguration d\u2019ALIGRO Sargans : une nouvelle page s\u2019ouvre pour l\u2019entreprise familiale\",\"isPartOf\":{\"@id\":\"https:\\\/\\\/www.aligro.ch\\\/pages\\\/#website\"},\"primaryImageOfPage\":{\"@id\":\"https:\\\/\\\/www.aligro.ch\\\/pages\\\/fr\\\/news\\\/inauguration-daligro-sargans-une-nouvelle-page-souvre-pour-lentreprise-familiale\\\/#primaryimage\"},\"image\":{\"@id\":\"https:\\\/\\\/www.aligro.ch\\\/pages\\\/fr\\\/news\\\/inauguration-daligro-sargans-une-nouvelle-page-souvre-pour-lentreprise-familiale\\\/#primaryimage\"},\"thumbnailUrl\":\"https:\\\/\\\/www.aligro.ch\\\/pages\\\/wp-content\\\/uploads\\\/2022\\\/10\\\/Page-Header.jpg\",\"datePublished\":\"2022-10-04T14:53:32+00:00\",\"dateModified\":\"2024-06-26T06:24:16+00:00\",\"description\":\"La soir\u00e9e d\u2019inauguration officielle du nouveau march\u00e9 ALIGRO de Sargans s\u2019est tenue lundi 3 octobre en pr\u00e9sence de plus de 500 invit\u00e9s, dont de nombreux clients, fournisseurs, repr\u00e9sentants des autorit\u00e9s locales et r\u00e9gionales et membres des associations fa\u00eeti\u00e8res.\",\"breadcrumb\":{\"@id\":\"https:\\\/\\\/www.aligro.ch\\\/pages\\\/fr\\\/news\\\/inauguration-daligro-sargans-une-nouvelle-page-souvre-pour-lentreprise-familiale\\\/#breadcrumb\"},\"inLanguage\":\"fr-FR\",\"potentialAction\":[{\"@type\":\"ReadAction\",\"target\":[\"https:\\\/\\\/www.aligro.ch\\\/pages\\\/fr\\\/news\\\/inauguration-daligro-sargans-une-nouvelle-page-souvre-pour-lentreprise-familiale\\\/\"]}]},{\"@type\":\"ImageObject\",\"inLanguage\":\"fr-FR\",\"@id\":\"https:\\\/\\\/www.aligro.ch\\\/pages\\\/fr\\\/news\\\/inauguration-daligro-sargans-une-nouvelle-page-souvre-pour-lentreprise-familiale\\\/#primaryimage\",\"url\":\"https:\\\/\\\/www.aligro.ch\\\/pages\\\/wp-content\\\/uploads\\\/2022\\\/10\\\/Page-Header.jpg\",\"contentUrl\":\"https:\\\/\\\/www.aligro.ch\\\/pages\\\/wp-content\\\/uploads\\\/2022\\\/10\\\/Page-Header.jpg\",\"width\":1200,\"height\":628},{\"@type\":\"BreadcrumbList\",\"@id\":\"https:\\\/\\\/www.aligro.ch\\\/pages\\\/fr\\\/news\\\/inauguration-daligro-sargans-une-nouvelle-page-souvre-pour-lentreprise-familiale\\\/#breadcrumb\",\"itemListElement\":[{\"@type\":\"ListItem\",\"position\":1,\"name\":\"Accueil\",\"item\":\"https:\\\/\\\/www.aligro.ch\\\/pages\\\/de\\\/aligro-academy\\\/\"},{\"@type\":\"ListItem\",\"position\":2,\"name\":\"Inauguration d\u2019ALIGRO Sargans : une nouvelle page s\u2019ouvre pour l\u2019entreprise familiale\"}]},{\"@type\":\"WebSite\",\"@id\":\"https:\\\/\\\/www.aligro.ch\\\/pages\\\/#website\",\"url\":\"https:\\\/\\\/www.aligro.ch\\\/pages\\\/\",\"name\":\"ALIGRO\",\"description\":\"Fra\u00eecheur. Qualit\u00e9. Inspiration.\",\"publisher\":{\"@id\":\"https:\\\/\\\/www.aligro.ch\\\/pages\\\/#organization\"},\"potentialAction\":[{\"@type\":\"SearchAction\",\"target\":{\"@type\":\"EntryPoint\",\"urlTemplate\":\"https:\\\/\\\/www.aligro.ch\\\/pages\\\/?s={search_term_string}\"},\"query-input\":{\"@type\":\"PropertyValueSpecification\",\"valueRequired\":true,\"valueName\":\"search_term_string\"}}],\"inLanguage\":\"fr-FR\"},{\"@type\":\"Organization\",\"@id\":\"https:\\\/\\\/www.aligro.ch\\\/pages\\\/#organization\",\"name\":\"ALIGRO\",\"url\":\"https:\\\/\\\/www.aligro.ch\\\/pages\\\/\",\"logo\":{\"@type\":\"ImageObject\",\"inLanguage\":\"fr-FR\",\"@id\":\"https:\\\/\\\/www.aligro.ch\\\/pages\\\/#\\\/schema\\\/logo\\\/image\\\/\",\"url\":\"https:\\\/\\\/www.aligro.ch\\\/pages\\\/wp-content\\\/uploads\\\/2018\\\/10\\\/Logo@4x.png\",\"contentUrl\":\"https:\\\/\\\/www.aligro.ch\\\/pages\\\/wp-content\\\/uploads\\\/2018\\\/10\\\/Logo@4x.png\",\"width\":1831,\"height\":228,\"caption\":\"ALIGRO\"},\"image\":{\"@id\":\"https:\\\/\\\/www.aligro.ch\\\/pages\\\/#\\\/schema\\\/logo\\\/image\\\/\"},\"sameAs\":[\"https:\\\/\\\/fb.com\\\/aligrosuisse\"]},{\"@type\":\"Person\",\"@id\":\"https:\\\/\\\/www.aligro.ch\\\/pages\\\/#\\\/schema\\\/person\\\/abe4f4a53fec53a8dea10e43adbbe7e3\",\"name\":\"Vincent Lavanchy\",\"image\":{\"@type\":\"ImageObject\",\"inLanguage\":\"fr-FR\",\"@id\":\"https:\\\/\\\/secure.gravatar.com\\\/avatar\\\/0c26d4efb7d6ae3d3acfb21cea043eed07c8459ea7780b7c5d9d73543f0c4d2e?s=96&d=mm&r=g\",\"url\":\"https:\\\/\\\/secure.gravatar.com\\\/avatar\\\/0c26d4efb7d6ae3d3acfb21cea043eed07c8459ea7780b7c5d9d73543f0c4d2e?s=96&d=mm&r=g\",\"contentUrl\":\"https:\\\/\\\/secure.gravatar.com\\\/avatar\\\/0c26d4efb7d6ae3d3acfb21cea043eed07c8459ea7780b7c5d9d73543f0c4d2e?s=96&d=mm&r=g\",\"caption\":\"Vincent Lavanchy\"}}]}<\/script>\n<!-- \/ Yoast SEO plugin. -->","yoast_head_json":{"title":"Inauguration d\u2019ALIGRO Sargans : une nouvelle page s\u2019ouvre pour l\u2019entreprise familiale","description":"La soir\u00e9e d\u2019inauguration officielle du nouveau march\u00e9 ALIGRO de Sargans s\u2019est tenue lundi 3 octobre en pr\u00e9sence de plus de 500 invit\u00e9s, dont de nombreux clients, fournisseurs, repr\u00e9sentants des autorit\u00e9s locales et r\u00e9gionales et membres des associations fa\u00eeti\u00e8res.","robots":{"index":"index","follow":"follow","max-snippet":"max-snippet:-1","max-image-preview":"max-image-preview:large","max-video-preview":"max-video-preview:-1"},"canonical":"https:\/\/www.aligro.ch\/pages\/fr\/news\/inauguration-daligro-sargans-une-nouvelle-page-souvre-pour-lentreprise-familiale\/","og_locale":"fr_FR","og_type":"article","og_title":"Inauguration d\u2019ALIGRO Sargans : une nouvelle page s\u2019ouvre pour l\u2019entreprise familiale","og_description":"La soir\u00e9e d\u2019inauguration officielle du nouveau march\u00e9 ALIGRO de Sargans s\u2019est tenue lundi 3 octobre en pr\u00e9sence de plus de 500 invit\u00e9s, dont de nombreux clients, fournisseurs, repr\u00e9sentants des autorit\u00e9s locales et r\u00e9gionales et membres des associations fa\u00eeti\u00e8res.","og_url":"https:\/\/www.aligro.ch\/pages\/fr\/news\/inauguration-daligro-sargans-une-nouvelle-page-souvre-pour-lentreprise-familiale\/","og_site_name":"ALIGRO","article_publisher":"https:\/\/fb.com\/aligrosuisse","article_published_time":"2022-10-04T14:53:32+00:00","article_modified_time":"2024-06-26T06:24:16+00:00","og_image":[{"width":1200,"height":628,"url":"https:\/\/www.aligro.ch\/pages\/wp-content\/uploads\/2022\/10\/Page-Header.jpg","type":"image\/jpeg"}],"author":"Vincent Lavanchy","twitter_card":"summary_large_image","twitter_misc":{"\u00c9crit par":"Vincent Lavanchy","Dur\u00e9e de lecture estim\u00e9e":"3 minutes"},"schema":{"@context":"https:\/\/schema.org","@graph":[{"@type":"Article","@id":"https:\/\/www.aligro.ch\/pages\/fr\/news\/inauguration-daligro-sargans-une-nouvelle-page-souvre-pour-lentreprise-familiale\/#article","isPartOf":{"@id":"https:\/\/www.aligro.ch\/pages\/fr\/news\/inauguration-daligro-sargans-une-nouvelle-page-souvre-pour-lentreprise-familiale\/"},"author":{"name":"Vincent Lavanchy","@id":"https:\/\/www.aligro.ch\/pages\/#\/schema\/person\/abe4f4a53fec53a8dea10e43adbbe7e3"},"headline":"Inauguration d\u2019ALIGRO Sargans : une nouvelle page s\u2019ouvre pour l\u2019entreprise familiale","datePublished":"2022-10-04T14:53:32+00:00","dateModified":"2024-06-26T06:24:16+00:00","mainEntityOfPage":{"@id":"https:\/\/www.aligro.ch\/pages\/fr\/news\/inauguration-daligro-sargans-une-nouvelle-page-souvre-pour-lentreprise-familiale\/"},"wordCount":624,"publisher":{"@id":"https:\/\/www.aligro.ch\/pages\/#organization"},"image":{"@id":"https:\/\/www.aligro.ch\/pages\/fr\/news\/inauguration-daligro-sargans-une-nouvelle-page-souvre-pour-lentreprise-familiale\/#primaryimage"},"thumbnailUrl":"https:\/\/www.aligro.ch\/pages\/wp-content\/uploads\/2022\/10\/Page-Header.jpg","articleSection":["Autre"],"inLanguage":"fr-FR"},{"@type":"WebPage","@id":"https:\/\/www.aligro.ch\/pages\/fr\/news\/inauguration-daligro-sargans-une-nouvelle-page-souvre-pour-lentreprise-familiale\/","url":"https:\/\/www.aligro.ch\/pages\/fr\/news\/inauguration-daligro-sargans-une-nouvelle-page-souvre-pour-lentreprise-familiale\/","name":"Inauguration d\u2019ALIGRO Sargans : une nouvelle page s\u2019ouvre pour l\u2019entreprise familiale","isPartOf":{"@id":"https:\/\/www.aligro.ch\/pages\/#website"},"primaryImageOfPage":{"@id":"https:\/\/www.aligro.ch\/pages\/fr\/news\/inauguration-daligro-sargans-une-nouvelle-page-souvre-pour-lentreprise-familiale\/#primaryimage"},"image":{"@id":"https:\/\/www.aligro.ch\/pages\/fr\/news\/inauguration-daligro-sargans-une-nouvelle-page-souvre-pour-lentreprise-familiale\/#primaryimage"},"thumbnailUrl":"https:\/\/www.aligro.ch\/pages\/wp-content\/uploads\/2022\/10\/Page-Header.jpg","datePublished":"2022-10-04T14:53:32+00:00","dateModified":"2024-06-26T06:24:16+00:00","description":"La soir\u00e9e d\u2019inauguration officielle du nouveau march\u00e9 ALIGRO de Sargans s\u2019est tenue lundi 3 octobre en pr\u00e9sence de plus de 500 invit\u00e9s, dont de nombreux clients, fournisseurs, repr\u00e9sentants des autorit\u00e9s locales et r\u00e9gionales et membres des associations fa\u00eeti\u00e8res.","breadcrumb":{"@id":"https:\/\/www.aligro.ch\/pages\/fr\/news\/inauguration-daligro-sargans-une-nouvelle-page-souvre-pour-lentreprise-familiale\/#breadcrumb"},"inLanguage":"fr-FR","potentialAction":[{"@type":"ReadAction","target":["https:\/\/www.aligro.ch\/pages\/fr\/news\/inauguration-daligro-sargans-une-nouvelle-page-souvre-pour-lentreprise-familiale\/"]}]},{"@type":"ImageObject","inLanguage":"fr-FR","@id":"https:\/\/www.aligro.ch\/pages\/fr\/news\/inauguration-daligro-sargans-une-nouvelle-page-souvre-pour-lentreprise-familiale\/#primaryimage","url":"https:\/\/www.aligro.ch\/pages\/wp-content\/uploads\/2022\/10\/Page-Header.jpg","contentUrl":"https:\/\/www.aligro.ch\/pages\/wp-content\/uploads\/2022\/10\/Page-Header.jpg","width":1200,"height":628},{"@type":"BreadcrumbList","@id":"https:\/\/www.aligro.ch\/pages\/fr\/news\/inauguration-daligro-sargans-une-nouvelle-page-souvre-pour-lentreprise-familiale\/#breadcrumb","itemListElement":[{"@type":"ListItem","position":1,"name":"Accueil","item":"https:\/\/www.aligro.ch\/pages\/de\/aligro-academy\/"},{"@type":"ListItem","position":2,"name":"Inauguration d\u2019ALIGRO Sargans : une nouvelle page s\u2019ouvre pour l\u2019entreprise familiale"}]},{"@type":"WebSite","@id":"https:\/\/www.aligro.ch\/pages\/#website","url":"https:\/\/www.aligro.ch\/pages\/","name":"ALIGRO","description":"Fra\u00eecheur. Qualit\u00e9. Inspiration.","publisher":{"@id":"https:\/\/www.aligro.ch\/pages\/#organization"},"potentialAction":[{"@type":"SearchAction","target":{"@type":"EntryPoint","urlTemplate":"https:\/\/www.aligro.ch\/pages\/?s={search_term_string}"},"query-input":{"@type":"PropertyValueSpecification","valueRequired":true,"valueName":"search_term_string"}}],"inLanguage":"fr-FR"},{"@type":"Organization","@id":"https:\/\/www.aligro.ch\/pages\/#organization","name":"ALIGRO","url":"https:\/\/www.aligro.ch\/pages\/","logo":{"@type":"ImageObject","inLanguage":"fr-FR","@id":"https:\/\/www.aligro.ch\/pages\/#\/schema\/logo\/image\/","url":"https:\/\/www.aligro.ch\/pages\/wp-content\/uploads\/2018\/10\/Logo@4x.png","contentUrl":"https:\/\/www.aligro.ch\/pages\/wp-content\/uploads\/2018\/10\/Logo@4x.png","width":1831,"height":228,"caption":"ALIGRO"},"image":{"@id":"https:\/\/www.aligro.ch\/pages\/#\/schema\/logo\/image\/"},"sameAs":["https:\/\/fb.com\/aligrosuisse"]},{"@type":"Person","@id":"https:\/\/www.aligro.ch\/pages\/#\/schema\/person\/abe4f4a53fec53a8dea10e43adbbe7e3","name":"Vincent Lavanchy","image":{"@type":"ImageObject","inLanguage":"fr-FR","@id":"https:\/\/secure.gravatar.com\/avatar\/0c26d4efb7d6ae3d3acfb21cea043eed07c8459ea7780b7c5d9d73543f0c4d2e?s=96&d=mm&r=g","url":"https:\/\/secure.gravatar.com\/avatar\/0c26d4efb7d6ae3d3acfb21cea043eed07c8459ea7780b7c5d9d73543f0c4d2e?s=96&d=mm&r=g","contentUrl":"https:\/\/secure.gravatar.com\/avatar\/0c26d4efb7d6ae3d3acfb21cea043eed07c8459ea7780b7c5d9d73543f0c4d2e?s=96&d=mm&r=g","caption":"Vincent Lavanchy"}}]}},"_links":{"self":[{"href":"https:\/\/www.aligro.ch\/pages\/wp-json\/wp\/v2\/posts\/57279","targetHints":{"allow":["GET"]}}],"collection":[{"href":"https:\/\/www.aligro.ch\/pages\/wp-json\/wp\/v2\/posts"}],"about":[{"href":"https:\/\/www.aligro.ch\/pages\/wp-json\/wp\/v2\/types\/post"}],"author":[{"embeddable":true,"href":"https:\/\/www.aligro.ch\/pages\/wp-json\/wp\/v2\/users\/9"}],"replies":[{"embeddable":true,"href":"https:\/\/www.aligro.ch\/pages\/wp-json\/wp\/v2\/comments?post=57279"}],"version-history":[{"count":5,"href":"https:\/\/www.aligro.ch\/pages\/wp-json\/wp\/v2\/posts\/57279\/revisions"}],"predecessor-version":[{"id":72667,"href":"https:\/\/www.aligro.ch\/pages\/wp-json\/wp\/v2\/posts\/57279\/revisions\/72667"}],"wp:featuredmedia":[{"embeddable":true,"href":"https:\/\/www.aligro.ch\/pages\/wp-json\/wp\/v2\/media\/57301"}],"wp:attachment":[{"href":"https:\/\/www.aligro.ch\/pages\/wp-json\/wp\/v2\/media?parent=57279"}],"wp:term":[{"taxonomy":"category","embeddable":true,"href":"https:\/\/www.aligro.ch\/pages\/wp-json\/wp\/v2\/categories?post=57279"},{"taxonomy":"post_tag","embeddable":true,"href":"https:\/\/www.aligro.ch\/pages\/wp-json\/wp\/v2\/tags?post=57279"}],"curies":[{"name":"wp","href":"https:\/\/api.w.org\/{rel}","templated":true}]}}