{"id":57234,"date":"2022-10-03T10:49:08","date_gmt":"2022-10-03T08:49:08","guid":{"rendered":"https:\/\/www.aligro.ch\/pages\/?p=57234"},"modified":"2022-10-03T10:49:08","modified_gmt":"2022-10-03T08:49:08","slug":"aligro-sponsor-principal-de-la-battle-of-zagg","status":"publish","type":"post","link":"https:\/\/www.aligro.ch\/pages\/fr\/news\/aligro-sponsor-principal-de-la-battle-of-zagg\/","title":{"rendered":"ALIGRO, sponsor principal de la \u00ab\u202fBattle of ZAGG\u202f\u00bb"},"content":{"rendered":"<div class=\"wpb-content-wrapper\"><p>[vc_row][vc_column][vc_column_text]<strong>L\u2019\u00e9dition 2022 de ZAGG \u2013 la Foire Suisse pour l\u2019Accueil, l\u2019H\u00f4tellerie et la Gastronomie \u2013 aura lieu \u00e0 Lucerne du dimanche 23 au mercredi 26 octobre. ALIGRO y accueillera les clients dans la Halle 1 au stand 135. L\u2019entreprise a en plus le plaisir de soutenir l\u2019un des grands moments de l\u2019\u00e9v\u00e9nement : la \u00ab Battle of ZAGG \u00bb.<\/strong><\/p>\n<p><a href=\"https:\/\/www.zagg.ch\/\" target=\"_blank\" rel=\"noopener\">La foire ZAGG<\/a> s\u2019est \u00e9tablie comme une des plus importantes plateformes de la branche. Depuis ses d\u00e9buts, elle n\u2019a cess\u00e9 de se d\u00e9velopper et d\u2019attirer un nombre croissant de visiteurs. Ce v\u00e9ritable salon de la gastronomie n\u2019est plus seulement le point de rencontre de la branche de la Suisse centrale, mais b\u00e9n\u00e9ficie d\u00e9sormais d&rsquo;un rayonnement \u00e0 l&rsquo;\u00e9chelle nationale. La qualit\u00e9 des expositions, l\u2019attractivit\u00e9 des manifestations annexes ainsi qu&rsquo;une gastronomie de premier choix sont les atouts incontest\u00e9s de l\u2019\u00e9v\u00e9nement. Mais elle reste en m\u00eame temps une plateforme d&rsquo;exposition \u00e0 taille humaine o\u00f9 exposants et visiteurs se sentent \u00e0 l&rsquo;aise et se rencontrent dans une atmosph\u00e8re agr\u00e9able.<\/p>\n<p><strong>Expositions de grande qualit\u00e9<br \/>\n<\/strong>Quelque 250 stands pr\u00e9senteront leurs produits et prestations dans les domaines de l&rsquo;alimentation et des boissons, des fournitures pour restaurants et h\u00f4tels, des \u00e9quipements et de la technique ainsi que de l&rsquo;organisation et des services. Un programme comprenant des shows et des expositions sp\u00e9ciales offre en outre un aper\u00e7u complet de la branche et pr\u00e9sente les diff\u00e9rentes tendances du moment.<\/p>\n<p><strong>Concours des restaurateurs<br \/>\n<\/strong>La \u00ab\u00a0Battle of ZAGG\u00a0\u00bb est l&rsquo;un des points forts de chaque \u00e9dition. Il s\u2019agit d\u2019un concours ouvert \u00e0 tous les gastronomes et qui permet \u00e0 des \u00e9quipes du domaine de la restauration collective, des h\u00f4tels, de l\u2019arm\u00e9e, des auberges et de la restauration gastronomique de s\u2019affronter. Chaque jour, deux \u00e9quipes de trois cuisiniers pr\u00e9pareront des repas pour leurs invit\u00e9s. Le service sera assur\u00e9 par une classe sp\u00e9cialis\u00e9e en restauration faisant \u00e9galement partie de la comp\u00e9tition. Pour plus de suspense, le concept du concours a \u00e9t\u00e9 l\u00e9g\u00e8rement adapt\u00e9 par rapport aux ann\u00e9es pr\u00e9c\u00e9dentes. Les \u00e9tablissements auront aussi plus de temps pour la pr\u00e9paration et la cuisine, ce qui permettra de miser encore davantage sur la qualit\u00e9 des prestations.<\/p>\n<p><strong>Produits impos\u00e9s et ingr\u00e9dients facultatifs<br \/>\n<\/strong>Dans un souci de professionnalisme et de transparence, toutes les \u00e9quipes sont soumises \u00e0 l\u2019utilisation de produits impos\u00e9s. En parall\u00e8le, les organisateurs fournissent aux candidats un panier de produits optionnels gr\u00e2ce auxquels ils peuvent compl\u00e9ter leurs plats.<\/p>\n<p><strong>Un menu complexe<br \/>\n<\/strong>Les \u00e9quipes sont charg\u00e9es de pr\u00e9parer une soupe et un plat sur assiette en guise d\u2019entr\u00e9e. Le plat principal est pour sa part plac\u00e9 sous le signe de la saison de la chasse, ce qui contribue grandement \u00e0 renforcer le d\u00e9fi, la pr\u00e9paration de cette viande \u00e9tant complexe. Mais cuite avec justesse et assortie des bons accompagnements, elle parvient \u00e0 convaincre les palais les plus exigeants. Les candidats doivent finalement \u00e9laborer un dessert v\u00e9g\u00e9talien, qui peut \u00eatre pr\u00e9par\u00e9 \u00e0 l\u2019avance et apport\u00e9 le jour de l\u2019\u00e9preuve. Les organisateurs souhaitent faire d\u00e9couvrir aux convives une forme d&rsquo;alimentation diff\u00e9rente et leur montrer que la cr\u00e9ativit\u00e9 culinaire n\u2019a pas de limite.<\/p>\n<p><strong>Billets pour les clients<br \/>\n<\/strong>Dans chaque march\u00e9 ALIGRO, les services-client\u00e8le mettent \u00e0 disposition des billets pour les clients professionnels qui souhaitent visiter le salon. ALIGRO est fier de soutenir la Battle of ZAGG en tant que sponsor principal et de participer ainsi au d\u00e9veloppement du domaine de la cuisine professionnelle.<\/p>\n<p><strong>World Skills Competition 2022 Special Edition<br \/>\n<\/strong>Outre les nombreuses activit\u00e9s propos\u00e9es par la manifestation, ZAGG peut se targuer d&rsquo;un autre highlight : la \u00ab\u00a0World Skills Competition 2022 Special Edition\u00a0\u00bb. Apr\u00e8s l\u2019annulation des WorldSkills 2022 \u00e0 Shanga\u00ef en raison de la crise sanitaire, le concours pour les cat\u00e9gories Cuisine et Restauration aura lieu \u00e0 ZAGG. Un champion ou une championne du monde sera donc d\u00e9sign\u00e9(e) parmi les meilleurs jeunes talents internationaux pendant la foire. Deux Suisses, Rino Zumbrunn (cuisinier) et Shania Colombo (sp\u00e9cialiste en restauration), seront en lice pour la victoire.<\/p>\n<p>ALIGRO se r\u00e9jouit d\u2019accueillir ses clients sur son stand (Halle 1, stand 135), ainsi qu\u2019\u00e0 la Battle of ZAGG. ALIGRO est pr\u00e9sent \u00e0 la manifestation, qui se d\u00e9roule toujours en alternance avec l\u2019IGEHO \u00e0 B\u00e2le, depuis de nombreuses ann\u00e9es.[\/vc_column_text][\/vc_column][\/vc_row][vc_row][vc_column][vc_single_image image=\u00a0\u00bb57243&Prime; img_size=\u00a0\u00bbfull\u00a0\u00bb alignment=\u00a0\u00bbcenter\u00a0\u00bb][\/vc_column][\/vc_row]<\/p>\n<\/div>","protected":false},"excerpt":{"rendered":"<p>[vc_row][vc_column][vc_column_text]L\u2019\u00e9dition 2022 de ZAGG \u2013 la Foire Suisse pour l\u2019Accueil, l\u2019H\u00f4tellerie et la Gastronomie \u2013 aura lieu \u00e0<a class=\"moretag\" href=\"https:\/\/www.aligro.ch\/pages\/fr\/news\/aligro-sponsor-principal-de-la-battle-of-zagg\/\"> &#8230;<\/a><\/p>\n","protected":false},"author":9,"featured_media":57242,"comment_status":"closed","ping_status":"closed","sticky":false,"template":"","format":"standard","meta":{"_acf_changed":false,"footnotes":""},"categories":[266],"tags":[],"class_list":["post-57234","post","type-post","status-publish","format-standard","has-post-thumbnail","hentry","category-news"],"acf":[],"yoast_head":"<!-- This site is optimized with the Yoast SEO plugin v27.4 - https:\/\/yoast.com\/product\/yoast-seo-wordpress\/ -->\n<title>ALIGRO, sponsor principal de la \u00ab\u202fBattle of ZAGG\u202f\u00bb<\/title>\n<meta name=\"description\" content=\"L\u2019\u00e9dition 2022 de ZAGG \u2013 la Foire Suisse pour l\u2019Accueil, l\u2019H\u00f4tellerie et la Gastronomie \u2013 aura lieu \u00e0 Lucerne du 23 au 26 octobre. ALIGRO y accueillera les clients dans la Halle 1 au stand 135. L\u2019entreprise a en plus le plaisir de soutenir l\u2019un des grands moments de l\u2019\u00e9v\u00e9nement : la \u00ab Battle of ZAGG \u00bb.\" \/>\n<meta name=\"robots\" content=\"index, follow, max-snippet:-1, max-image-preview:large, max-video-preview:-1\" \/>\n<link rel=\"canonical\" href=\"https:\/\/www.aligro.ch\/pages\/fr\/news\/aligro-sponsor-principal-de-la-battle-of-zagg\/\" \/>\n<meta property=\"og:locale\" content=\"fr_FR\" \/>\n<meta property=\"og:type\" content=\"article\" \/>\n<meta property=\"og:title\" content=\"ALIGRO, sponsor principal de la \u00ab\u202fBattle of ZAGG\u202f\u00bb\" \/>\n<meta property=\"og:description\" content=\"L\u2019\u00e9dition 2022 de ZAGG \u2013 la Foire Suisse pour l\u2019Accueil, l\u2019H\u00f4tellerie et la Gastronomie \u2013 aura lieu \u00e0 Lucerne du 23 au 26 octobre. ALIGRO y accueillera les clients dans la Halle 1 au stand 135. L\u2019entreprise a en plus le plaisir de soutenir l\u2019un des grands moments de l\u2019\u00e9v\u00e9nement : la \u00ab Battle of ZAGG \u00bb.\" \/>\n<meta property=\"og:url\" content=\"https:\/\/www.aligro.ch\/pages\/fr\/news\/aligro-sponsor-principal-de-la-battle-of-zagg\/\" \/>\n<meta property=\"og:site_name\" content=\"ALIGRO\" \/>\n<meta property=\"article:publisher\" content=\"https:\/\/fb.com\/aligrosuisse\" \/>\n<meta property=\"article:published_time\" content=\"2022-10-03T08:49:08+00:00\" \/>\n<meta property=\"og:image\" content=\"https:\/\/www.aligro.ch\/pages\/wp-content\/uploads\/2022\/10\/44621791425_56424e67cc_k-1.jpg\" \/>\n\t<meta property=\"og:image:width\" content=\"1920\" \/>\n\t<meta property=\"og:image:height\" content=\"1280\" \/>\n\t<meta property=\"og:image:type\" content=\"image\/jpeg\" \/>\n<meta name=\"author\" content=\"Vincent Lavanchy\" \/>\n<meta name=\"twitter:card\" content=\"summary_large_image\" \/>\n<meta name=\"twitter:label1\" content=\"\u00c9crit par\" \/>\n\t<meta name=\"twitter:data1\" content=\"Vincent Lavanchy\" \/>\n\t<meta name=\"twitter:label2\" content=\"Dur\u00e9e de lecture estim\u00e9e\" \/>\n\t<meta name=\"twitter:data2\" content=\"4 minutes\" \/>\n<script type=\"application\/ld+json\" class=\"yoast-schema-graph\">{\"@context\":\"https:\\\/\\\/schema.org\",\"@graph\":[{\"@type\":\"Article\",\"@id\":\"https:\\\/\\\/www.aligro.ch\\\/pages\\\/fr\\\/news\\\/aligro-sponsor-principal-de-la-battle-of-zagg\\\/#article\",\"isPartOf\":{\"@id\":\"https:\\\/\\\/www.aligro.ch\\\/pages\\\/fr\\\/news\\\/aligro-sponsor-principal-de-la-battle-of-zagg\\\/\"},\"author\":{\"name\":\"Vincent Lavanchy\",\"@id\":\"https:\\\/\\\/www.aligro.ch\\\/pages\\\/#\\\/schema\\\/person\\\/abe4f4a53fec53a8dea10e43adbbe7e3\"},\"headline\":\"ALIGRO, sponsor principal de la \u00ab\u202fBattle of ZAGG\u202f\u00bb\",\"datePublished\":\"2022-10-03T08:49:08+00:00\",\"mainEntityOfPage\":{\"@id\":\"https:\\\/\\\/www.aligro.ch\\\/pages\\\/fr\\\/news\\\/aligro-sponsor-principal-de-la-battle-of-zagg\\\/\"},\"wordCount\":784,\"publisher\":{\"@id\":\"https:\\\/\\\/www.aligro.ch\\\/pages\\\/#organization\"},\"image\":{\"@id\":\"https:\\\/\\\/www.aligro.ch\\\/pages\\\/fr\\\/news\\\/aligro-sponsor-principal-de-la-battle-of-zagg\\\/#primaryimage\"},\"thumbnailUrl\":\"https:\\\/\\\/www.aligro.ch\\\/pages\\\/wp-content\\\/uploads\\\/2022\\\/10\\\/44621791425_56424e67cc_k-1.jpg\",\"articleSection\":[\"News\"],\"inLanguage\":\"fr-FR\"},{\"@type\":\"WebPage\",\"@id\":\"https:\\\/\\\/www.aligro.ch\\\/pages\\\/fr\\\/news\\\/aligro-sponsor-principal-de-la-battle-of-zagg\\\/\",\"url\":\"https:\\\/\\\/www.aligro.ch\\\/pages\\\/fr\\\/news\\\/aligro-sponsor-principal-de-la-battle-of-zagg\\\/\",\"name\":\"ALIGRO, sponsor principal de la \u00ab\u202fBattle of ZAGG\u202f\u00bb\",\"isPartOf\":{\"@id\":\"https:\\\/\\\/www.aligro.ch\\\/pages\\\/#website\"},\"primaryImageOfPage\":{\"@id\":\"https:\\\/\\\/www.aligro.ch\\\/pages\\\/fr\\\/news\\\/aligro-sponsor-principal-de-la-battle-of-zagg\\\/#primaryimage\"},\"image\":{\"@id\":\"https:\\\/\\\/www.aligro.ch\\\/pages\\\/fr\\\/news\\\/aligro-sponsor-principal-de-la-battle-of-zagg\\\/#primaryimage\"},\"thumbnailUrl\":\"https:\\\/\\\/www.aligro.ch\\\/pages\\\/wp-content\\\/uploads\\\/2022\\\/10\\\/44621791425_56424e67cc_k-1.jpg\",\"datePublished\":\"2022-10-03T08:49:08+00:00\",\"description\":\"L\u2019\u00e9dition 2022 de ZAGG \u2013 la Foire Suisse pour l\u2019Accueil, l\u2019H\u00f4tellerie et la Gastronomie \u2013 aura lieu \u00e0 Lucerne du 23 au 26 octobre. ALIGRO y accueillera les clients dans la Halle 1 au stand 135. L\u2019entreprise a en plus le plaisir de soutenir l\u2019un des grands moments de l\u2019\u00e9v\u00e9nement : la \u00ab Battle of ZAGG \u00bb.\",\"breadcrumb\":{\"@id\":\"https:\\\/\\\/www.aligro.ch\\\/pages\\\/fr\\\/news\\\/aligro-sponsor-principal-de-la-battle-of-zagg\\\/#breadcrumb\"},\"inLanguage\":\"fr-FR\",\"potentialAction\":[{\"@type\":\"ReadAction\",\"target\":[\"https:\\\/\\\/www.aligro.ch\\\/pages\\\/fr\\\/news\\\/aligro-sponsor-principal-de-la-battle-of-zagg\\\/\"]}]},{\"@type\":\"ImageObject\",\"inLanguage\":\"fr-FR\",\"@id\":\"https:\\\/\\\/www.aligro.ch\\\/pages\\\/fr\\\/news\\\/aligro-sponsor-principal-de-la-battle-of-zagg\\\/#primaryimage\",\"url\":\"https:\\\/\\\/www.aligro.ch\\\/pages\\\/wp-content\\\/uploads\\\/2022\\\/10\\\/44621791425_56424e67cc_k-1.jpg\",\"contentUrl\":\"https:\\\/\\\/www.aligro.ch\\\/pages\\\/wp-content\\\/uploads\\\/2022\\\/10\\\/44621791425_56424e67cc_k-1.jpg\",\"width\":1920,\"height\":1280},{\"@type\":\"BreadcrumbList\",\"@id\":\"https:\\\/\\\/www.aligro.ch\\\/pages\\\/fr\\\/news\\\/aligro-sponsor-principal-de-la-battle-of-zagg\\\/#breadcrumb\",\"itemListElement\":[{\"@type\":\"ListItem\",\"position\":1,\"name\":\"Accueil\",\"item\":\"https:\\\/\\\/www.aligro.ch\\\/pages\\\/de\\\/aligro-academy\\\/\"},{\"@type\":\"ListItem\",\"position\":2,\"name\":\"ALIGRO, sponsor principal de la \u00ab\u202fBattle of ZAGG\u202f\u00bb\"}]},{\"@type\":\"WebSite\",\"@id\":\"https:\\\/\\\/www.aligro.ch\\\/pages\\\/#website\",\"url\":\"https:\\\/\\\/www.aligro.ch\\\/pages\\\/\",\"name\":\"ALIGRO\",\"description\":\"Fra\u00eecheur. Qualit\u00e9. Inspiration.\",\"publisher\":{\"@id\":\"https:\\\/\\\/www.aligro.ch\\\/pages\\\/#organization\"},\"potentialAction\":[{\"@type\":\"SearchAction\",\"target\":{\"@type\":\"EntryPoint\",\"urlTemplate\":\"https:\\\/\\\/www.aligro.ch\\\/pages\\\/?s={search_term_string}\"},\"query-input\":{\"@type\":\"PropertyValueSpecification\",\"valueRequired\":true,\"valueName\":\"search_term_string\"}}],\"inLanguage\":\"fr-FR\"},{\"@type\":\"Organization\",\"@id\":\"https:\\\/\\\/www.aligro.ch\\\/pages\\\/#organization\",\"name\":\"ALIGRO\",\"url\":\"https:\\\/\\\/www.aligro.ch\\\/pages\\\/\",\"logo\":{\"@type\":\"ImageObject\",\"inLanguage\":\"fr-FR\",\"@id\":\"https:\\\/\\\/www.aligro.ch\\\/pages\\\/#\\\/schema\\\/logo\\\/image\\\/\",\"url\":\"https:\\\/\\\/www.aligro.ch\\\/pages\\\/wp-content\\\/uploads\\\/2018\\\/10\\\/Logo@4x.png\",\"contentUrl\":\"https:\\\/\\\/www.aligro.ch\\\/pages\\\/wp-content\\\/uploads\\\/2018\\\/10\\\/Logo@4x.png\",\"width\":1831,\"height\":228,\"caption\":\"ALIGRO\"},\"image\":{\"@id\":\"https:\\\/\\\/www.aligro.ch\\\/pages\\\/#\\\/schema\\\/logo\\\/image\\\/\"},\"sameAs\":[\"https:\\\/\\\/fb.com\\\/aligrosuisse\"]},{\"@type\":\"Person\",\"@id\":\"https:\\\/\\\/www.aligro.ch\\\/pages\\\/#\\\/schema\\\/person\\\/abe4f4a53fec53a8dea10e43adbbe7e3\",\"name\":\"Vincent Lavanchy\",\"image\":{\"@type\":\"ImageObject\",\"inLanguage\":\"fr-FR\",\"@id\":\"https:\\\/\\\/secure.gravatar.com\\\/avatar\\\/0c26d4efb7d6ae3d3acfb21cea043eed07c8459ea7780b7c5d9d73543f0c4d2e?s=96&d=mm&r=g\",\"url\":\"https:\\\/\\\/secure.gravatar.com\\\/avatar\\\/0c26d4efb7d6ae3d3acfb21cea043eed07c8459ea7780b7c5d9d73543f0c4d2e?s=96&d=mm&r=g\",\"contentUrl\":\"https:\\\/\\\/secure.gravatar.com\\\/avatar\\\/0c26d4efb7d6ae3d3acfb21cea043eed07c8459ea7780b7c5d9d73543f0c4d2e?s=96&d=mm&r=g\",\"caption\":\"Vincent Lavanchy\"}}]}<\/script>\n<!-- \/ Yoast SEO plugin. -->","yoast_head_json":{"title":"ALIGRO, sponsor principal de la \u00ab\u202fBattle of ZAGG\u202f\u00bb","description":"L\u2019\u00e9dition 2022 de ZAGG \u2013 la Foire Suisse pour l\u2019Accueil, l\u2019H\u00f4tellerie et la Gastronomie \u2013 aura lieu \u00e0 Lucerne du 23 au 26 octobre. ALIGRO y accueillera les clients dans la Halle 1 au stand 135. L\u2019entreprise a en plus le plaisir de soutenir l\u2019un des grands moments de l\u2019\u00e9v\u00e9nement : la \u00ab Battle of ZAGG \u00bb.","robots":{"index":"index","follow":"follow","max-snippet":"max-snippet:-1","max-image-preview":"max-image-preview:large","max-video-preview":"max-video-preview:-1"},"canonical":"https:\/\/www.aligro.ch\/pages\/fr\/news\/aligro-sponsor-principal-de-la-battle-of-zagg\/","og_locale":"fr_FR","og_type":"article","og_title":"ALIGRO, sponsor principal de la \u00ab\u202fBattle of ZAGG\u202f\u00bb","og_description":"L\u2019\u00e9dition 2022 de ZAGG \u2013 la Foire Suisse pour l\u2019Accueil, l\u2019H\u00f4tellerie et la Gastronomie \u2013 aura lieu \u00e0 Lucerne du 23 au 26 octobre. ALIGRO y accueillera les clients dans la Halle 1 au stand 135. L\u2019entreprise a en plus le plaisir de soutenir l\u2019un des grands moments de l\u2019\u00e9v\u00e9nement : la \u00ab Battle of ZAGG \u00bb.","og_url":"https:\/\/www.aligro.ch\/pages\/fr\/news\/aligro-sponsor-principal-de-la-battle-of-zagg\/","og_site_name":"ALIGRO","article_publisher":"https:\/\/fb.com\/aligrosuisse","article_published_time":"2022-10-03T08:49:08+00:00","og_image":[{"width":1920,"height":1280,"url":"https:\/\/www.aligro.ch\/pages\/wp-content\/uploads\/2022\/10\/44621791425_56424e67cc_k-1.jpg","type":"image\/jpeg"}],"author":"Vincent Lavanchy","twitter_card":"summary_large_image","twitter_misc":{"\u00c9crit par":"Vincent Lavanchy","Dur\u00e9e de lecture estim\u00e9e":"4 minutes"},"schema":{"@context":"https:\/\/schema.org","@graph":[{"@type":"Article","@id":"https:\/\/www.aligro.ch\/pages\/fr\/news\/aligro-sponsor-principal-de-la-battle-of-zagg\/#article","isPartOf":{"@id":"https:\/\/www.aligro.ch\/pages\/fr\/news\/aligro-sponsor-principal-de-la-battle-of-zagg\/"},"author":{"name":"Vincent Lavanchy","@id":"https:\/\/www.aligro.ch\/pages\/#\/schema\/person\/abe4f4a53fec53a8dea10e43adbbe7e3"},"headline":"ALIGRO, sponsor principal de la \u00ab\u202fBattle of ZAGG\u202f\u00bb","datePublished":"2022-10-03T08:49:08+00:00","mainEntityOfPage":{"@id":"https:\/\/www.aligro.ch\/pages\/fr\/news\/aligro-sponsor-principal-de-la-battle-of-zagg\/"},"wordCount":784,"publisher":{"@id":"https:\/\/www.aligro.ch\/pages\/#organization"},"image":{"@id":"https:\/\/www.aligro.ch\/pages\/fr\/news\/aligro-sponsor-principal-de-la-battle-of-zagg\/#primaryimage"},"thumbnailUrl":"https:\/\/www.aligro.ch\/pages\/wp-content\/uploads\/2022\/10\/44621791425_56424e67cc_k-1.jpg","articleSection":["News"],"inLanguage":"fr-FR"},{"@type":"WebPage","@id":"https:\/\/www.aligro.ch\/pages\/fr\/news\/aligro-sponsor-principal-de-la-battle-of-zagg\/","url":"https:\/\/www.aligro.ch\/pages\/fr\/news\/aligro-sponsor-principal-de-la-battle-of-zagg\/","name":"ALIGRO, sponsor principal de la \u00ab\u202fBattle of ZAGG\u202f\u00bb","isPartOf":{"@id":"https:\/\/www.aligro.ch\/pages\/#website"},"primaryImageOfPage":{"@id":"https:\/\/www.aligro.ch\/pages\/fr\/news\/aligro-sponsor-principal-de-la-battle-of-zagg\/#primaryimage"},"image":{"@id":"https:\/\/www.aligro.ch\/pages\/fr\/news\/aligro-sponsor-principal-de-la-battle-of-zagg\/#primaryimage"},"thumbnailUrl":"https:\/\/www.aligro.ch\/pages\/wp-content\/uploads\/2022\/10\/44621791425_56424e67cc_k-1.jpg","datePublished":"2022-10-03T08:49:08+00:00","description":"L\u2019\u00e9dition 2022 de ZAGG \u2013 la Foire Suisse pour l\u2019Accueil, l\u2019H\u00f4tellerie et la Gastronomie \u2013 aura lieu \u00e0 Lucerne du 23 au 26 octobre. ALIGRO y accueillera les clients dans la Halle 1 au stand 135. L\u2019entreprise a en plus le plaisir de soutenir l\u2019un des grands moments de l\u2019\u00e9v\u00e9nement : la \u00ab Battle of ZAGG \u00bb.","breadcrumb":{"@id":"https:\/\/www.aligro.ch\/pages\/fr\/news\/aligro-sponsor-principal-de-la-battle-of-zagg\/#breadcrumb"},"inLanguage":"fr-FR","potentialAction":[{"@type":"ReadAction","target":["https:\/\/www.aligro.ch\/pages\/fr\/news\/aligro-sponsor-principal-de-la-battle-of-zagg\/"]}]},{"@type":"ImageObject","inLanguage":"fr-FR","@id":"https:\/\/www.aligro.ch\/pages\/fr\/news\/aligro-sponsor-principal-de-la-battle-of-zagg\/#primaryimage","url":"https:\/\/www.aligro.ch\/pages\/wp-content\/uploads\/2022\/10\/44621791425_56424e67cc_k-1.jpg","contentUrl":"https:\/\/www.aligro.ch\/pages\/wp-content\/uploads\/2022\/10\/44621791425_56424e67cc_k-1.jpg","width":1920,"height":1280},{"@type":"BreadcrumbList","@id":"https:\/\/www.aligro.ch\/pages\/fr\/news\/aligro-sponsor-principal-de-la-battle-of-zagg\/#breadcrumb","itemListElement":[{"@type":"ListItem","position":1,"name":"Accueil","item":"https:\/\/www.aligro.ch\/pages\/de\/aligro-academy\/"},{"@type":"ListItem","position":2,"name":"ALIGRO, sponsor principal de la \u00ab\u202fBattle of ZAGG\u202f\u00bb"}]},{"@type":"WebSite","@id":"https:\/\/www.aligro.ch\/pages\/#website","url":"https:\/\/www.aligro.ch\/pages\/","name":"ALIGRO","description":"Fra\u00eecheur. Qualit\u00e9. Inspiration.","publisher":{"@id":"https:\/\/www.aligro.ch\/pages\/#organization"},"potentialAction":[{"@type":"SearchAction","target":{"@type":"EntryPoint","urlTemplate":"https:\/\/www.aligro.ch\/pages\/?s={search_term_string}"},"query-input":{"@type":"PropertyValueSpecification","valueRequired":true,"valueName":"search_term_string"}}],"inLanguage":"fr-FR"},{"@type":"Organization","@id":"https:\/\/www.aligro.ch\/pages\/#organization","name":"ALIGRO","url":"https:\/\/www.aligro.ch\/pages\/","logo":{"@type":"ImageObject","inLanguage":"fr-FR","@id":"https:\/\/www.aligro.ch\/pages\/#\/schema\/logo\/image\/","url":"https:\/\/www.aligro.ch\/pages\/wp-content\/uploads\/2018\/10\/Logo@4x.png","contentUrl":"https:\/\/www.aligro.ch\/pages\/wp-content\/uploads\/2018\/10\/Logo@4x.png","width":1831,"height":228,"caption":"ALIGRO"},"image":{"@id":"https:\/\/www.aligro.ch\/pages\/#\/schema\/logo\/image\/"},"sameAs":["https:\/\/fb.com\/aligrosuisse"]},{"@type":"Person","@id":"https:\/\/www.aligro.ch\/pages\/#\/schema\/person\/abe4f4a53fec53a8dea10e43adbbe7e3","name":"Vincent Lavanchy","image":{"@type":"ImageObject","inLanguage":"fr-FR","@id":"https:\/\/secure.gravatar.com\/avatar\/0c26d4efb7d6ae3d3acfb21cea043eed07c8459ea7780b7c5d9d73543f0c4d2e?s=96&d=mm&r=g","url":"https:\/\/secure.gravatar.com\/avatar\/0c26d4efb7d6ae3d3acfb21cea043eed07c8459ea7780b7c5d9d73543f0c4d2e?s=96&d=mm&r=g","contentUrl":"https:\/\/secure.gravatar.com\/avatar\/0c26d4efb7d6ae3d3acfb21cea043eed07c8459ea7780b7c5d9d73543f0c4d2e?s=96&d=mm&r=g","caption":"Vincent Lavanchy"}}]}},"_links":{"self":[{"href":"https:\/\/www.aligro.ch\/pages\/wp-json\/wp\/v2\/posts\/57234","targetHints":{"allow":["GET"]}}],"collection":[{"href":"https:\/\/www.aligro.ch\/pages\/wp-json\/wp\/v2\/posts"}],"about":[{"href":"https:\/\/www.aligro.ch\/pages\/wp-json\/wp\/v2\/types\/post"}],"author":[{"embeddable":true,"href":"https:\/\/www.aligro.ch\/pages\/wp-json\/wp\/v2\/users\/9"}],"replies":[{"embeddable":true,"href":"https:\/\/www.aligro.ch\/pages\/wp-json\/wp\/v2\/comments?post=57234"}],"version-history":[{"count":5,"href":"https:\/\/www.aligro.ch\/pages\/wp-json\/wp\/v2\/posts\/57234\/revisions"}],"predecessor-version":[{"id":57248,"href":"https:\/\/www.aligro.ch\/pages\/wp-json\/wp\/v2\/posts\/57234\/revisions\/57248"}],"wp:featuredmedia":[{"embeddable":true,"href":"https:\/\/www.aligro.ch\/pages\/wp-json\/wp\/v2\/media\/57242"}],"wp:attachment":[{"href":"https:\/\/www.aligro.ch\/pages\/wp-json\/wp\/v2\/media?parent=57234"}],"wp:term":[{"taxonomy":"category","embeddable":true,"href":"https:\/\/www.aligro.ch\/pages\/wp-json\/wp\/v2\/categories?post=57234"},{"taxonomy":"post_tag","embeddable":true,"href":"https:\/\/www.aligro.ch\/pages\/wp-json\/wp\/v2\/tags?post=57234"}],"curies":[{"name":"wp","href":"https:\/\/api.w.org\/{rel}","templated":true}]}}