{"id":41878,"date":"2022-09-20T09:01:29","date_gmt":"2022-09-20T07:01:29","guid":{"rendered":"https:\/\/www.aligro.ch\/pages\/?p=41878"},"modified":"2022-09-28T09:13:04","modified_gmt":"2022-09-28T07:13:04","slug":"neubau-aligro-sargans-steht-prachtvoll-da","status":"publish","type":"post","link":"https:\/\/www.aligro.ch\/pages\/de\/news\/neubau-aligro-sargans-steht-prachtvoll-da\/","title":{"rendered":"Neubau ALIGRO Sargans steht prachtvoll da"},"content":{"rendered":"<div class=\"wpb-content-wrapper\"><p>[vc_row][vc_column][vc_column_text]<strong>Der ALIGRO-Neubau steht und ist bereit! Nachdem die Kundinnen und Kunden seit anfangs M\u00e4rz ihre Eink\u00e4ufe im Provisorium in der lokalen Markthalle t\u00e4tigen durften, k\u00f6nnen sie das volle Angebot wieder am bisherigen Standort beziehen. Zwei von den wichtigsten Neuerungen: Eine Frischfischabteilung und eine B\u00e4ckerei erg\u00e4nzen die bestehenden Abteilungen, deren Angebot deutlich ausgebaut wurde.<\/strong>[\/vc_column_text][\/vc_column][\/vc_row][vc_row][vc_column][vc_row_inner][vc_column_inner width=\u00a0\u00bb1\/2&Prime;][vc_column_text]Der Neubau des ALIGRO Sargans ist abgeschlossen, der Markt hat am 28. September seine T\u00fcren ge\u00f6ffnet. Das gesamte ALIGRO-Team freut sich riesig, Sie im funkelnagelneuen Markt mit vielen Verbesserungen begr\u00fcssen zu d\u00fcrfen. Damit hat es nur gerade knapp sieben Monate gedauert: Dank guter Planung und vollem Einsatz aller Beteiligten wurde am bisherigen Standort der Bau des modernen Marktes termingem\u00e4ss abgeschlossen.[\/vc_column_text][\/vc_column_inner][vc_column_inner width=\u00a0\u00bb1\/2&Prime;][vc_single_image image=\u00a0\u00bb41952&Prime; img_size=\u00a0\u00bbfull\u00a0\u00bb][\/vc_column_inner][\/vc_row_inner][vc_column_text]Der neue Markt pr\u00e4sentiert sich sehr kundenfreundlich und \u00fcbersichtlich. Im Neubau findet sich jetzt eine brandneue Hausb\u00e4ckerei, in welcher drei B\u00e4cker t\u00e4glich ab 5 Uhr das frische Brot backen. Die Kundinnen und Kunden k\u00f6nnen ihnen, dank der Gestaltung des Ortes, bei ihrer Arbeit \u00fcber die Schultern schauen. Ganz neu f\u00fcr ALIGRO Sargans ist auch die Frischfischabteilung, in der zwei bis drei Mitarbeiter die Kunden sowohl bei den S\u00fcss- als auch den Salzwasserfischen beraten, die im Angebot sind. Der Leiter der Fischabteilung erfreut: \u00abMit unserer in der Region einzigartigen Fischabteilung k\u00f6nnen wir ein Bed\u00fcrfnis vieler Kundinnen und Kunden abdecken. Die grosse Auswahl und die Frische der Produkte machen den Einkauf auch auf diesem Gebiet sehr spannend.\u00bb.<\/p>\n<p>Ausserdem erhalten die Kunden mit der ALIGRO PROFI-Karte einen permanenten Rabatt von 20% auf das gesamte Sortiment in unserer Hausb\u00e4ckerei und in der Fischabteilung.<\/p>\n<p>Aber auch sonst wurde die Frischeabteilung ausgebaut, der Sarganser Markt bietet eine noch einmal umfassendere Auswahl als fr\u00fcher: Stark ausgebaut wurde das Angebot an regionalen Produkten, wof\u00fcr ALIGRO mit lokalen Produzenten zusammenarbeitet. Gr\u00f6sser und vielf\u00e4ltiger pr\u00e4sentieren sich die Teile mit dem Frischgem\u00fcse und den Fr\u00fcchten, aber auch die Molkerei und die Fleischabteilung pr\u00e4sentieren noch einmal mehr als fr\u00fcher. Im neuen ALIGRO Sargans bieten wir Ihnen gesamthaft ein vergr\u00f6ssertes Sortiment mit 30&rsquo;000 Artikeln aus allen Sektoren, insbesondere im Bereich Frischprodukte, an und selbstverst\u00e4ndlich haben wir auch weiterhin w\u00f6chentlich \u00fcber 2000 Aktionen im Angebot.[\/vc_column_text][vc_row_inner][vc_column_inner width=\u00a0\u00bb1\/2&Prime;][vc_single_image image=\u00a0\u00bb41899&Prime; img_size=\u00a0\u00bbfull\u00a0\u00bb][\/vc_column_inner][vc_column_inner width=\u00a0\u00bb1\/2&Prime;][vc_column_text]Und auch die Wein-Welt wird sehr attraktiv und der Kundschaft mit ihrem riesigen Sortiment sofort auffallen. Die Food- und die Nonfood Abteilung werden \u00fcbersichtlich gestaltet, so dass man als Kunde oder Kundin die gew\u00fcnschten Produkte bestimmt auch immer schnell findet. Durch viele regionale Produkte erh\u00e4lt das Angebot eine perfekte Erg\u00e4nzung.[\/vc_column_text][\/vc_column_inner][\/vc_row_inner][\/vc_column][\/vc_row][vc_row][vc_column][vc_column_text]Energietechnisch ist der Neubau auf dem neusten Stand, ein Teil der verbrauchten Energie wird durch die Photovoltaikanlage auf dem Dach produziert: 1516 Photovoltaik-Module, eine Fl\u00e4che von ungef\u00e4hr 2900 Quadratmetern, produzieren elektrischen Strom, ihre Gesamtleistung betr\u00e4gt 606 Kilowatt Peak. Und auch sonst wurden f\u00fcr den Bau modernste Technologien genutzt. Das neue Geb\u00e4ude ist 104 Meter lang, der Kopfbau knapp 13 Meter und die Verkaufshalle ungef\u00e4hr 10,5 Meter hoch. Die gesamte Verkaufsfl\u00e4che betr\u00e4gt \u00fcber 5600 Quadratmeter. Die Nebenr\u00e4ume im Erdgeschoss und B\u00fcros sowie Fl\u00e4chen im Obergeschoss umfassen weitere 2600 Quadratmeter.[\/vc_column_text][\/vc_column][\/vc_row][vc_row][vc_column][vc_row_inner][vc_column_inner width=\u00a0\u00bb1\/2&Prime;][vc_column_text]Mit dem neuen Markt erh\u00e4lt Sargans auch einen neuen Marktleiter, der seine Arbeit am 1. Juni aufnahm: Darko Vogt bringt grosse Erfahrung mit und ist damit f\u00fcr seine Aufgabe bestens ger\u00fcstet. Mit seinem Hintergrund aus dem Gastgewerbe und mehr als zehn Jahren Erfahrung als Filialleiter im Detailhandel besitzt Darko nicht nur eine ausgepr\u00e4gte Dienstleistungsorientierung, sondern auch das fachliche R\u00fcstzeug f\u00fcr seine neue Verantwortung. Zudem verf\u00fcgt er \u00fcber ausgepr\u00e4gte St\u00e4rken in der Mitarbeiterf\u00fchrung. Darko Vogt freut sich sehr auf die neuen Herausforderungen.[\/vc_column_text][\/vc_column_inner][vc_column_inner width=\u00a0\u00bb1\/2&Prime;][vc_single_image image=\u00a0\u00bb41897&Prime; img_size=\u00a0\u00bbfull\u00a0\u00bb css=\u00a0\u00bb.vc_custom_1663762516334{margin-top: 2em !important;}\u00a0\u00bb][\/vc_column_inner][\/vc_row_inner][vc_column_text]Verantwortlich f\u00fcr die Kundinnen und Kunden ist das Team vom Kundenservice. Die Mitarbeitenden des Kundenservice legen grossen Wert darauf, m\u00f6glichst alle W\u00fcnsche erf\u00fcllen zu k\u00f6nnen. Und mit ihrem grossen Wissen und der langj\u00e4hrigen Erfahrung stehen selbstverst\u00e4ndlich auch die Rayonverantwortlichen wie alle anderen Mitarbeitenden gerne zur Verf\u00fcgung.<\/p>\n<p>Der neue Markt ist wieder er\u00f6ffnet \u2013 Darko Vogt und sein ganzes Team freuen sich darauf,\u00a0 viele Kunden im modernen ALIGRO Sargans begr\u00fcssen zu d\u00fcrfen.[\/vc_column_text][\/vc_column][\/vc_row]<\/p>\n<\/div>","protected":false},"excerpt":{"rendered":"<p>[vc_row][vc_column][vc_column_text]Der ALIGRO-Neubau steht und ist bereit! Nachdem die Kundinnen und Kunden seit anfangs M\u00e4rz ihre Eink\u00e4ufe im Provisorium<a class=\"moretag\" href=\"https:\/\/www.aligro.ch\/pages\/de\/news\/neubau-aligro-sargans-steht-prachtvoll-da\/\"> &#8230;<\/a><\/p>\n","protected":false},"author":9,"featured_media":41880,"comment_status":"closed","ping_status":"closed","sticky":false,"template":"","format":"standard","meta":{"_acf_changed":false,"footnotes":""},"categories":[7],"tags":[],"class_list":["post-41878","post","type-post","status-publish","format-standard","has-post-thumbnail","hentry","category-andere"],"acf":[],"yoast_head":"<!-- This site is optimized with the Yoast SEO plugin v27.4 - https:\/\/yoast.com\/product\/yoast-seo-wordpress\/ -->\n<title>Neubau ALIGRO Sargans steht prachtvoll da<\/title>\n<meta name=\"description\" content=\"Der ALIGRO-Neubau steht und ist bereit! Nachdem die Kundinnen und Kunden seit anfangs M\u00e4rz ihre Eink\u00e4ufe im Provisorium in der lokalen Markthalle t\u00e4tigen durften, k\u00f6nnen sie ab 28. September das volle Angebot wieder am bisherigen Standort beziehen.\" \/>\n<meta name=\"robots\" content=\"index, follow, max-snippet:-1, max-image-preview:large, max-video-preview:-1\" \/>\n<link rel=\"canonical\" href=\"https:\/\/www.aligro.ch\/pages\/de\/news\/neubau-aligro-sargans-steht-prachtvoll-da\/\" \/>\n<meta property=\"og:locale\" content=\"fr_FR\" \/>\n<meta property=\"og:type\" content=\"article\" \/>\n<meta property=\"og:title\" content=\"Neubau ALIGRO Sargans steht prachtvoll da\" \/>\n<meta property=\"og:description\" content=\"Der ALIGRO-Neubau steht und ist bereit! Nachdem die Kundinnen und Kunden seit anfangs M\u00e4rz ihre Eink\u00e4ufe im Provisorium in der lokalen Markthalle t\u00e4tigen durften, k\u00f6nnen sie ab 28. September das volle Angebot wieder am bisherigen Standort beziehen.\" \/>\n<meta property=\"og:url\" content=\"https:\/\/www.aligro.ch\/pages\/de\/news\/neubau-aligro-sargans-steht-prachtvoll-da\/\" \/>\n<meta property=\"og:site_name\" content=\"ALIGRO\" \/>\n<meta property=\"article:publisher\" content=\"https:\/\/fb.com\/aligrosuisse\" \/>\n<meta property=\"article:published_time\" content=\"2022-09-20T07:01:29+00:00\" \/>\n<meta property=\"article:modified_time\" content=\"2022-09-28T07:13:04+00:00\" \/>\n<meta property=\"og:image\" content=\"https:\/\/www.aligro.ch\/pages\/wp-content\/uploads\/2022\/09\/Facade-Neubau-2.jpg\" \/>\n\t<meta property=\"og:image:width\" content=\"1920\" \/>\n\t<meta property=\"og:image:height\" content=\"1080\" \/>\n\t<meta property=\"og:image:type\" content=\"image\/jpeg\" \/>\n<meta name=\"author\" content=\"Vincent Lavanchy\" \/>\n<meta name=\"twitter:card\" content=\"summary_large_image\" \/>\n<meta name=\"twitter:label1\" content=\"\u00c9crit par\" \/>\n\t<meta name=\"twitter:data1\" content=\"Vincent Lavanchy\" \/>\n\t<meta name=\"twitter:label2\" content=\"Dur\u00e9e de lecture estim\u00e9e\" \/>\n\t<meta name=\"twitter:data2\" content=\"4 minutes\" \/>\n<script type=\"application\/ld+json\" class=\"yoast-schema-graph\">{\"@context\":\"https:\\\/\\\/schema.org\",\"@graph\":[{\"@type\":\"Article\",\"@id\":\"https:\\\/\\\/www.aligro.ch\\\/pages\\\/de\\\/news\\\/neubau-aligro-sargans-steht-prachtvoll-da\\\/#article\",\"isPartOf\":{\"@id\":\"https:\\\/\\\/www.aligro.ch\\\/pages\\\/de\\\/news\\\/neubau-aligro-sargans-steht-prachtvoll-da\\\/\"},\"author\":{\"name\":\"Vincent Lavanchy\",\"@id\":\"https:\\\/\\\/www.aligro.ch\\\/pages\\\/#\\\/schema\\\/person\\\/abe4f4a53fec53a8dea10e43adbbe7e3\"},\"headline\":\"Neubau ALIGRO Sargans steht prachtvoll da\",\"datePublished\":\"2022-09-20T07:01:29+00:00\",\"dateModified\":\"2022-09-28T07:13:04+00:00\",\"mainEntityOfPage\":{\"@id\":\"https:\\\/\\\/www.aligro.ch\\\/pages\\\/de\\\/news\\\/neubau-aligro-sargans-steht-prachtvoll-da\\\/\"},\"wordCount\":854,\"publisher\":{\"@id\":\"https:\\\/\\\/www.aligro.ch\\\/pages\\\/#organization\"},\"image\":{\"@id\":\"https:\\\/\\\/www.aligro.ch\\\/pages\\\/de\\\/news\\\/neubau-aligro-sargans-steht-prachtvoll-da\\\/#primaryimage\"},\"thumbnailUrl\":\"https:\\\/\\\/www.aligro.ch\\\/pages\\\/wp-content\\\/uploads\\\/2022\\\/09\\\/Facade-Neubau-2.jpg\",\"articleSection\":[\"Andere\"],\"inLanguage\":\"fr-FR\"},{\"@type\":\"WebPage\",\"@id\":\"https:\\\/\\\/www.aligro.ch\\\/pages\\\/de\\\/news\\\/neubau-aligro-sargans-steht-prachtvoll-da\\\/\",\"url\":\"https:\\\/\\\/www.aligro.ch\\\/pages\\\/de\\\/news\\\/neubau-aligro-sargans-steht-prachtvoll-da\\\/\",\"name\":\"Neubau ALIGRO Sargans steht prachtvoll da\",\"isPartOf\":{\"@id\":\"https:\\\/\\\/www.aligro.ch\\\/pages\\\/#website\"},\"primaryImageOfPage\":{\"@id\":\"https:\\\/\\\/www.aligro.ch\\\/pages\\\/de\\\/news\\\/neubau-aligro-sargans-steht-prachtvoll-da\\\/#primaryimage\"},\"image\":{\"@id\":\"https:\\\/\\\/www.aligro.ch\\\/pages\\\/de\\\/news\\\/neubau-aligro-sargans-steht-prachtvoll-da\\\/#primaryimage\"},\"thumbnailUrl\":\"https:\\\/\\\/www.aligro.ch\\\/pages\\\/wp-content\\\/uploads\\\/2022\\\/09\\\/Facade-Neubau-2.jpg\",\"datePublished\":\"2022-09-20T07:01:29+00:00\",\"dateModified\":\"2022-09-28T07:13:04+00:00\",\"description\":\"Der ALIGRO-Neubau steht und ist bereit! Nachdem die Kundinnen und Kunden seit anfangs M\u00e4rz ihre Eink\u00e4ufe im Provisorium in der lokalen Markthalle t\u00e4tigen durften, k\u00f6nnen sie ab 28. September das volle Angebot wieder am bisherigen Standort beziehen.\",\"breadcrumb\":{\"@id\":\"https:\\\/\\\/www.aligro.ch\\\/pages\\\/de\\\/news\\\/neubau-aligro-sargans-steht-prachtvoll-da\\\/#breadcrumb\"},\"inLanguage\":\"fr-FR\",\"potentialAction\":[{\"@type\":\"ReadAction\",\"target\":[\"https:\\\/\\\/www.aligro.ch\\\/pages\\\/de\\\/news\\\/neubau-aligro-sargans-steht-prachtvoll-da\\\/\"]}]},{\"@type\":\"ImageObject\",\"inLanguage\":\"fr-FR\",\"@id\":\"https:\\\/\\\/www.aligro.ch\\\/pages\\\/de\\\/news\\\/neubau-aligro-sargans-steht-prachtvoll-da\\\/#primaryimage\",\"url\":\"https:\\\/\\\/www.aligro.ch\\\/pages\\\/wp-content\\\/uploads\\\/2022\\\/09\\\/Facade-Neubau-2.jpg\",\"contentUrl\":\"https:\\\/\\\/www.aligro.ch\\\/pages\\\/wp-content\\\/uploads\\\/2022\\\/09\\\/Facade-Neubau-2.jpg\",\"width\":1920,\"height\":1080},{\"@type\":\"BreadcrumbList\",\"@id\":\"https:\\\/\\\/www.aligro.ch\\\/pages\\\/de\\\/news\\\/neubau-aligro-sargans-steht-prachtvoll-da\\\/#breadcrumb\",\"itemListElement\":[{\"@type\":\"ListItem\",\"position\":1,\"name\":\"Accueil\",\"item\":\"https:\\\/\\\/www.aligro.ch\\\/pages\\\/de\\\/aligro-academy\\\/\"},{\"@type\":\"ListItem\",\"position\":2,\"name\":\"Neubau ALIGRO Sargans steht prachtvoll da\"}]},{\"@type\":\"WebSite\",\"@id\":\"https:\\\/\\\/www.aligro.ch\\\/pages\\\/#website\",\"url\":\"https:\\\/\\\/www.aligro.ch\\\/pages\\\/\",\"name\":\"ALIGRO\",\"description\":\"Fra\u00eecheur. Qualit\u00e9. Inspiration.\",\"publisher\":{\"@id\":\"https:\\\/\\\/www.aligro.ch\\\/pages\\\/#organization\"},\"potentialAction\":[{\"@type\":\"SearchAction\",\"target\":{\"@type\":\"EntryPoint\",\"urlTemplate\":\"https:\\\/\\\/www.aligro.ch\\\/pages\\\/?s={search_term_string}\"},\"query-input\":{\"@type\":\"PropertyValueSpecification\",\"valueRequired\":true,\"valueName\":\"search_term_string\"}}],\"inLanguage\":\"fr-FR\"},{\"@type\":\"Organization\",\"@id\":\"https:\\\/\\\/www.aligro.ch\\\/pages\\\/#organization\",\"name\":\"ALIGRO\",\"url\":\"https:\\\/\\\/www.aligro.ch\\\/pages\\\/\",\"logo\":{\"@type\":\"ImageObject\",\"inLanguage\":\"fr-FR\",\"@id\":\"https:\\\/\\\/www.aligro.ch\\\/pages\\\/#\\\/schema\\\/logo\\\/image\\\/\",\"url\":\"https:\\\/\\\/www.aligro.ch\\\/pages\\\/wp-content\\\/uploads\\\/2018\\\/10\\\/Logo@4x.png\",\"contentUrl\":\"https:\\\/\\\/www.aligro.ch\\\/pages\\\/wp-content\\\/uploads\\\/2018\\\/10\\\/Logo@4x.png\",\"width\":1831,\"height\":228,\"caption\":\"ALIGRO\"},\"image\":{\"@id\":\"https:\\\/\\\/www.aligro.ch\\\/pages\\\/#\\\/schema\\\/logo\\\/image\\\/\"},\"sameAs\":[\"https:\\\/\\\/fb.com\\\/aligrosuisse\"]},{\"@type\":\"Person\",\"@id\":\"https:\\\/\\\/www.aligro.ch\\\/pages\\\/#\\\/schema\\\/person\\\/abe4f4a53fec53a8dea10e43adbbe7e3\",\"name\":\"Vincent Lavanchy\",\"image\":{\"@type\":\"ImageObject\",\"inLanguage\":\"fr-FR\",\"@id\":\"https:\\\/\\\/secure.gravatar.com\\\/avatar\\\/0c26d4efb7d6ae3d3acfb21cea043eed07c8459ea7780b7c5d9d73543f0c4d2e?s=96&d=mm&r=g\",\"url\":\"https:\\\/\\\/secure.gravatar.com\\\/avatar\\\/0c26d4efb7d6ae3d3acfb21cea043eed07c8459ea7780b7c5d9d73543f0c4d2e?s=96&d=mm&r=g\",\"contentUrl\":\"https:\\\/\\\/secure.gravatar.com\\\/avatar\\\/0c26d4efb7d6ae3d3acfb21cea043eed07c8459ea7780b7c5d9d73543f0c4d2e?s=96&d=mm&r=g\",\"caption\":\"Vincent Lavanchy\"}}]}<\/script>\n<!-- \/ Yoast SEO plugin. -->","yoast_head_json":{"title":"Neubau ALIGRO Sargans steht prachtvoll da","description":"Der ALIGRO-Neubau steht und ist bereit! Nachdem die Kundinnen und Kunden seit anfangs M\u00e4rz ihre Eink\u00e4ufe im Provisorium in der lokalen Markthalle t\u00e4tigen durften, k\u00f6nnen sie ab 28. September das volle Angebot wieder am bisherigen Standort beziehen.","robots":{"index":"index","follow":"follow","max-snippet":"max-snippet:-1","max-image-preview":"max-image-preview:large","max-video-preview":"max-video-preview:-1"},"canonical":"https:\/\/www.aligro.ch\/pages\/de\/news\/neubau-aligro-sargans-steht-prachtvoll-da\/","og_locale":"fr_FR","og_type":"article","og_title":"Neubau ALIGRO Sargans steht prachtvoll da","og_description":"Der ALIGRO-Neubau steht und ist bereit! Nachdem die Kundinnen und Kunden seit anfangs M\u00e4rz ihre Eink\u00e4ufe im Provisorium in der lokalen Markthalle t\u00e4tigen durften, k\u00f6nnen sie ab 28. September das volle Angebot wieder am bisherigen Standort beziehen.","og_url":"https:\/\/www.aligro.ch\/pages\/de\/news\/neubau-aligro-sargans-steht-prachtvoll-da\/","og_site_name":"ALIGRO","article_publisher":"https:\/\/fb.com\/aligrosuisse","article_published_time":"2022-09-20T07:01:29+00:00","article_modified_time":"2022-09-28T07:13:04+00:00","og_image":[{"width":1920,"height":1080,"url":"https:\/\/www.aligro.ch\/pages\/wp-content\/uploads\/2022\/09\/Facade-Neubau-2.jpg","type":"image\/jpeg"}],"author":"Vincent Lavanchy","twitter_card":"summary_large_image","twitter_misc":{"\u00c9crit par":"Vincent Lavanchy","Dur\u00e9e de lecture estim\u00e9e":"4 minutes"},"schema":{"@context":"https:\/\/schema.org","@graph":[{"@type":"Article","@id":"https:\/\/www.aligro.ch\/pages\/de\/news\/neubau-aligro-sargans-steht-prachtvoll-da\/#article","isPartOf":{"@id":"https:\/\/www.aligro.ch\/pages\/de\/news\/neubau-aligro-sargans-steht-prachtvoll-da\/"},"author":{"name":"Vincent Lavanchy","@id":"https:\/\/www.aligro.ch\/pages\/#\/schema\/person\/abe4f4a53fec53a8dea10e43adbbe7e3"},"headline":"Neubau ALIGRO Sargans steht prachtvoll da","datePublished":"2022-09-20T07:01:29+00:00","dateModified":"2022-09-28T07:13:04+00:00","mainEntityOfPage":{"@id":"https:\/\/www.aligro.ch\/pages\/de\/news\/neubau-aligro-sargans-steht-prachtvoll-da\/"},"wordCount":854,"publisher":{"@id":"https:\/\/www.aligro.ch\/pages\/#organization"},"image":{"@id":"https:\/\/www.aligro.ch\/pages\/de\/news\/neubau-aligro-sargans-steht-prachtvoll-da\/#primaryimage"},"thumbnailUrl":"https:\/\/www.aligro.ch\/pages\/wp-content\/uploads\/2022\/09\/Facade-Neubau-2.jpg","articleSection":["Andere"],"inLanguage":"fr-FR"},{"@type":"WebPage","@id":"https:\/\/www.aligro.ch\/pages\/de\/news\/neubau-aligro-sargans-steht-prachtvoll-da\/","url":"https:\/\/www.aligro.ch\/pages\/de\/news\/neubau-aligro-sargans-steht-prachtvoll-da\/","name":"Neubau ALIGRO Sargans steht prachtvoll da","isPartOf":{"@id":"https:\/\/www.aligro.ch\/pages\/#website"},"primaryImageOfPage":{"@id":"https:\/\/www.aligro.ch\/pages\/de\/news\/neubau-aligro-sargans-steht-prachtvoll-da\/#primaryimage"},"image":{"@id":"https:\/\/www.aligro.ch\/pages\/de\/news\/neubau-aligro-sargans-steht-prachtvoll-da\/#primaryimage"},"thumbnailUrl":"https:\/\/www.aligro.ch\/pages\/wp-content\/uploads\/2022\/09\/Facade-Neubau-2.jpg","datePublished":"2022-09-20T07:01:29+00:00","dateModified":"2022-09-28T07:13:04+00:00","description":"Der ALIGRO-Neubau steht und ist bereit! Nachdem die Kundinnen und Kunden seit anfangs M\u00e4rz ihre Eink\u00e4ufe im Provisorium in der lokalen Markthalle t\u00e4tigen durften, k\u00f6nnen sie ab 28. September das volle Angebot wieder am bisherigen Standort beziehen.","breadcrumb":{"@id":"https:\/\/www.aligro.ch\/pages\/de\/news\/neubau-aligro-sargans-steht-prachtvoll-da\/#breadcrumb"},"inLanguage":"fr-FR","potentialAction":[{"@type":"ReadAction","target":["https:\/\/www.aligro.ch\/pages\/de\/news\/neubau-aligro-sargans-steht-prachtvoll-da\/"]}]},{"@type":"ImageObject","inLanguage":"fr-FR","@id":"https:\/\/www.aligro.ch\/pages\/de\/news\/neubau-aligro-sargans-steht-prachtvoll-da\/#primaryimage","url":"https:\/\/www.aligro.ch\/pages\/wp-content\/uploads\/2022\/09\/Facade-Neubau-2.jpg","contentUrl":"https:\/\/www.aligro.ch\/pages\/wp-content\/uploads\/2022\/09\/Facade-Neubau-2.jpg","width":1920,"height":1080},{"@type":"BreadcrumbList","@id":"https:\/\/www.aligro.ch\/pages\/de\/news\/neubau-aligro-sargans-steht-prachtvoll-da\/#breadcrumb","itemListElement":[{"@type":"ListItem","position":1,"name":"Accueil","item":"https:\/\/www.aligro.ch\/pages\/de\/aligro-academy\/"},{"@type":"ListItem","position":2,"name":"Neubau ALIGRO Sargans steht prachtvoll da"}]},{"@type":"WebSite","@id":"https:\/\/www.aligro.ch\/pages\/#website","url":"https:\/\/www.aligro.ch\/pages\/","name":"ALIGRO","description":"Fra\u00eecheur. Qualit\u00e9. Inspiration.","publisher":{"@id":"https:\/\/www.aligro.ch\/pages\/#organization"},"potentialAction":[{"@type":"SearchAction","target":{"@type":"EntryPoint","urlTemplate":"https:\/\/www.aligro.ch\/pages\/?s={search_term_string}"},"query-input":{"@type":"PropertyValueSpecification","valueRequired":true,"valueName":"search_term_string"}}],"inLanguage":"fr-FR"},{"@type":"Organization","@id":"https:\/\/www.aligro.ch\/pages\/#organization","name":"ALIGRO","url":"https:\/\/www.aligro.ch\/pages\/","logo":{"@type":"ImageObject","inLanguage":"fr-FR","@id":"https:\/\/www.aligro.ch\/pages\/#\/schema\/logo\/image\/","url":"https:\/\/www.aligro.ch\/pages\/wp-content\/uploads\/2018\/10\/Logo@4x.png","contentUrl":"https:\/\/www.aligro.ch\/pages\/wp-content\/uploads\/2018\/10\/Logo@4x.png","width":1831,"height":228,"caption":"ALIGRO"},"image":{"@id":"https:\/\/www.aligro.ch\/pages\/#\/schema\/logo\/image\/"},"sameAs":["https:\/\/fb.com\/aligrosuisse"]},{"@type":"Person","@id":"https:\/\/www.aligro.ch\/pages\/#\/schema\/person\/abe4f4a53fec53a8dea10e43adbbe7e3","name":"Vincent Lavanchy","image":{"@type":"ImageObject","inLanguage":"fr-FR","@id":"https:\/\/secure.gravatar.com\/avatar\/0c26d4efb7d6ae3d3acfb21cea043eed07c8459ea7780b7c5d9d73543f0c4d2e?s=96&d=mm&r=g","url":"https:\/\/secure.gravatar.com\/avatar\/0c26d4efb7d6ae3d3acfb21cea043eed07c8459ea7780b7c5d9d73543f0c4d2e?s=96&d=mm&r=g","contentUrl":"https:\/\/secure.gravatar.com\/avatar\/0c26d4efb7d6ae3d3acfb21cea043eed07c8459ea7780b7c5d9d73543f0c4d2e?s=96&d=mm&r=g","caption":"Vincent Lavanchy"}}]}},"_links":{"self":[{"href":"https:\/\/www.aligro.ch\/pages\/wp-json\/wp\/v2\/posts\/41878","targetHints":{"allow":["GET"]}}],"collection":[{"href":"https:\/\/www.aligro.ch\/pages\/wp-json\/wp\/v2\/posts"}],"about":[{"href":"https:\/\/www.aligro.ch\/pages\/wp-json\/wp\/v2\/types\/post"}],"author":[{"embeddable":true,"href":"https:\/\/www.aligro.ch\/pages\/wp-json\/wp\/v2\/users\/9"}],"replies":[{"embeddable":true,"href":"https:\/\/www.aligro.ch\/pages\/wp-json\/wp\/v2\/comments?post=41878"}],"version-history":[{"count":5,"href":"https:\/\/www.aligro.ch\/pages\/wp-json\/wp\/v2\/posts\/41878\/revisions"}],"predecessor-version":[{"id":42165,"href":"https:\/\/www.aligro.ch\/pages\/wp-json\/wp\/v2\/posts\/41878\/revisions\/42165"}],"wp:featuredmedia":[{"embeddable":true,"href":"https:\/\/www.aligro.ch\/pages\/wp-json\/wp\/v2\/media\/41880"}],"wp:attachment":[{"href":"https:\/\/www.aligro.ch\/pages\/wp-json\/wp\/v2\/media?parent=41878"}],"wp:term":[{"taxonomy":"category","embeddable":true,"href":"https:\/\/www.aligro.ch\/pages\/wp-json\/wp\/v2\/categories?post=41878"},{"taxonomy":"post_tag","embeddable":true,"href":"https:\/\/www.aligro.ch\/pages\/wp-json\/wp\/v2\/tags?post=41878"}],"curies":[{"name":"wp","href":"https:\/\/api.w.org\/{rel}","templated":true}]}}