{"id":40891,"date":"2022-08-02T10:48:37","date_gmt":"2022-08-02T08:48:37","guid":{"rendered":"https:\/\/www.aligro.ch\/pages\/?p=40891"},"modified":"2022-08-02T10:55:25","modified_gmt":"2022-08-02T08:55:25","slug":"erleben-sie-die-genusswoche-vom-15-bis-25-september-statt","status":"publish","type":"post","link":"https:\/\/www.aligro.ch\/pages\/de\/news\/erleben-sie-die-genusswoche-vom-15-bis-25-september-statt\/","title":{"rendered":"Erleben Sie die Genusswoche vom 15. bis 25. September"},"content":{"rendered":"<div class=\"wpb-content-wrapper\"><p>[vc_row][vc_column][vc_row_inner][vc_column_inner][vc_column_text]<strong>Diesen Herbst findet zum 22. Mal das gr\u00f6sste Gourmet-Event der Schweiz statt: die Genusswoche! Die Gelegenheit f\u00fcr alle, an zahlreichen kulinarischen Aktivit\u00e4ten teilzunehmen und f\u00fcr die Gastronomen, ihre G\u00e4ste mit k\u00f6stlichen Delikatessen zu verw\u00f6hnen. ALIGRO hat das Vergn\u00fcgen, die Genusswoche zu unterst\u00fctzen und freut sich schon jetzt auf die Veranstaltung.<\/strong><\/p>\n<p><strong>Ein umfangreiches Programm stellt den Geschmack in den Vordergrund<\/strong><\/p>\n<p>Die Genusswoche bietet seit vielen Jahren die Gelegenheit, an kulinarischen Veranstaltungen teilzunehmen, bei denen die Freude am Geschmack und der Respekt vor den Lebensmitteln im Mittelpunkt stehen.<\/p>\n<p>Die Teilnehmer erwartet ein reichhaltiges <a href=\"https:\/\/www.gout.ch\/de\/programme\/\">Programm<\/a>. Zun\u00e4chst ist es die Gelegenheit f\u00fcr zahlreiche Restaurants, das Publikum zu empfangen und ihre Spezialit\u00e4ten zu pr\u00e4sentieren. Bei den zahlreichen Degustationen k\u00f6nnen Sie von Fleisch und Wurstwaren, \u00fcber Obst und Gem\u00fcse bis hin zu Weinen und K\u00e4se, handwerkliche Produkte kosten.<\/p>\n<p>Die G\u00e4ste k\u00f6nnen die Produktionsprozesse handwerklicher Produkte entdecken, an Wurstseminaren und Flammkuchen-Workshops teilnehmen, die Geheimnisse des Rindfleischs entdecken, Basler Spezialit\u00e4ten probieren oder sich in die Kunst einf\u00fchren lassen, komplette vegetarische Men\u00fcs zu kreieren.<\/p>\n<p>Und noch vieles mehr! Insgesamt bieten mehr als <a href=\"https:\/\/www.gout.ch\/de\/programme\/\">3000 Orte<\/a> in der franz\u00f6sischen, deutschen und italienischen Schweiz die Gelegenheit, zahlreiche Aromen (wieder) zu entdecken und sich bei geselligen kulinarischen Aktivit\u00e4ten zu treffen. Die Stars der Veranstaltung sind die Geschm\u00e4cker der Regionen ![\/vc_column_text][\/vc_column_inner][\/vc_row_inner][vc_column_text]<strong>Basel im Herzen des Events<\/strong><\/p>\n<p>Dieses Jahr hat die Stadt Basel die Ehre, zur GenussStadt 2022 ernannt worden zu sein. Als Unterzeichnerin des Mail\u00e4nder Abkommens \u00fcber st\u00e4dtische Ern\u00e4hrungspolitik f\u00f6rdert die Stadt seit vielen Jahren eine nachhaltige Ern\u00e4hrung. In Basel befindet sich auch das \u00ab\u00a0Stucki\u00a0\u00bb, ein renommiertes Restaurant mit 19\/20 Punkten im Gault&amp;Millaut und 2 Sternen im Guide Michelin. Die K\u00fcchenchefin, Tanja Grandits, ist Schirmherrin der Ausgabe 2022. Die Basler Prestigek\u00f6chin wurde 2014 und 2020 zum \u00ab\u00a0Koch des Jahres\u00a0\u00bb gew\u00e4hlt und freut sich darauf, ihre Liebe zum Essen weitergeben zu k\u00f6nnen. \u00ab\u00a0Basel hat kulinarisch unglaublich viel zu bieten\u00a0\u00bb, sagt sie.<\/p>\n<p><strong>F\u00fcr junge Geniesser<\/strong><\/p>\n<p>In 12 Kantonen k\u00f6nnen 16- bis 25-J\u00e4hrige (18- bis 25-J\u00e4hrige im Tessin und in der Deutschschweiz) von Gourmet-Gutscheinen profitieren, mit denen sie f\u00fcr nur Fr. 60.- Spitzenrestaurants entdecken k\u00f6nnen. In den Kantonen Basel, Bern, Luzern, Zug, Z\u00fcrich, Tessin, Genf, Freiburg, Neuenburg, Wallis, Waadt und im Berner Jura werden Vier-G\u00e4nge-Men\u00fcs angeboten, die von speziell ausgew\u00e4hlten Weinen begleitet werden, welche den Geschmack des Men\u00fcs unterstreichen.[\/vc_column_text][\/vc_column][\/vc_row][vc_row][vc_column][vc_single_image image=\u00a0\u00bb38718&Prime; img_size=\u00a0\u00bb500&#215;500&Prime; alignment=\u00a0\u00bbcenter\u00a0\u00bb css=\u00a0\u00bb.vc_custom_1649066523726{padding-top: 2em !important;}\u00a0\u00bb][\/vc_column][\/vc_row]<\/p>\n<\/div>","protected":false},"excerpt":{"rendered":"<p>[vc_row][vc_column][vc_row_inner][vc_column_inner][vc_column_text]Diesen Herbst findet zum 22. Mal das gr\u00f6sste Gourmet-Event der Schweiz statt: die Genusswoche! Die Gelegenheit f\u00fcr alle,<a class=\"moretag\" href=\"https:\/\/www.aligro.ch\/pages\/de\/news\/erleben-sie-die-genusswoche-vom-15-bis-25-september-statt\/\"> &#8230;<\/a><\/p>\n","protected":false},"author":9,"featured_media":38720,"comment_status":"closed","ping_status":"closed","sticky":false,"template":"","format":"standard","meta":{"_acf_changed":false,"footnotes":""},"categories":[7],"tags":[],"class_list":["post-40891","post","type-post","status-publish","format-standard","has-post-thumbnail","hentry","category-andere"],"acf":[],"yoast_head":"<!-- This site is optimized with the Yoast SEO plugin v27.4 - https:\/\/yoast.com\/product\/yoast-seo-wordpress\/ -->\n<title>Erleben Sie die Genusswoche vom 15. bis 25. September<\/title>\n<meta name=\"description\" content=\"Diesen Herbst findet zum 22. Mal das gr\u00f6sste Gourmet-Event der Schweiz statt: die Genusswoche!\" \/>\n<meta name=\"robots\" content=\"index, follow, max-snippet:-1, max-image-preview:large, max-video-preview:-1\" \/>\n<link rel=\"canonical\" href=\"https:\/\/www.aligro.ch\/pages\/de\/news\/erleben-sie-die-genusswoche-vom-15-bis-25-september-statt\/\" \/>\n<meta property=\"og:locale\" content=\"fr_FR\" \/>\n<meta property=\"og:type\" content=\"article\" \/>\n<meta property=\"og:title\" content=\"Erleben Sie die Genusswoche vom 15. bis 25. September\" \/>\n<meta property=\"og:description\" content=\"Diesen Herbst findet zum 22. Mal das gr\u00f6sste Gourmet-Event der Schweiz statt: die Genusswoche!\" \/>\n<meta property=\"og:url\" content=\"https:\/\/www.aligro.ch\/pages\/de\/news\/erleben-sie-die-genusswoche-vom-15-bis-25-september-statt\/\" \/>\n<meta property=\"og:site_name\" content=\"ALIGRO\" \/>\n<meta property=\"article:publisher\" content=\"https:\/\/fb.com\/aligrosuisse\" \/>\n<meta property=\"article:published_time\" content=\"2022-08-02T08:48:37+00:00\" \/>\n<meta property=\"article:modified_time\" content=\"2022-08-02T08:55:25+00:00\" \/>\n<meta property=\"og:image\" content=\"https:\/\/www.aligro.ch\/pages\/wp-content\/uploads\/2022\/04\/OCo-SDG_2021_Logo_3langues_Noir_RVB-1.jpg\" \/>\n\t<meta property=\"og:image:width\" content=\"2415\" \/>\n\t<meta property=\"og:image:height\" content=\"1387\" \/>\n\t<meta property=\"og:image:type\" content=\"image\/jpeg\" \/>\n<meta name=\"author\" content=\"Vincent Lavanchy\" \/>\n<meta name=\"twitter:card\" content=\"summary_large_image\" \/>\n<meta name=\"twitter:label1\" content=\"\u00c9crit par\" \/>\n\t<meta name=\"twitter:data1\" content=\"Vincent Lavanchy\" \/>\n\t<meta name=\"twitter:label2\" content=\"Dur\u00e9e de lecture estim\u00e9e\" \/>\n\t<meta name=\"twitter:data2\" content=\"2 minutes\" \/>\n<script type=\"application\/ld+json\" class=\"yoast-schema-graph\">{\"@context\":\"https:\\\/\\\/schema.org\",\"@graph\":[{\"@type\":\"Article\",\"@id\":\"https:\\\/\\\/www.aligro.ch\\\/pages\\\/de\\\/news\\\/erleben-sie-die-genusswoche-vom-15-bis-25-september-statt\\\/#article\",\"isPartOf\":{\"@id\":\"https:\\\/\\\/www.aligro.ch\\\/pages\\\/de\\\/news\\\/erleben-sie-die-genusswoche-vom-15-bis-25-september-statt\\\/\"},\"author\":{\"name\":\"Vincent Lavanchy\",\"@id\":\"https:\\\/\\\/www.aligro.ch\\\/pages\\\/#\\\/schema\\\/person\\\/abe4f4a53fec53a8dea10e43adbbe7e3\"},\"headline\":\"Erleben Sie die Genusswoche vom 15. bis 25. September\",\"datePublished\":\"2022-08-02T08:48:37+00:00\",\"dateModified\":\"2022-08-02T08:55:25+00:00\",\"mainEntityOfPage\":{\"@id\":\"https:\\\/\\\/www.aligro.ch\\\/pages\\\/de\\\/news\\\/erleben-sie-die-genusswoche-vom-15-bis-25-september-statt\\\/\"},\"wordCount\":470,\"publisher\":{\"@id\":\"https:\\\/\\\/www.aligro.ch\\\/pages\\\/#organization\"},\"image\":{\"@id\":\"https:\\\/\\\/www.aligro.ch\\\/pages\\\/de\\\/news\\\/erleben-sie-die-genusswoche-vom-15-bis-25-september-statt\\\/#primaryimage\"},\"thumbnailUrl\":\"https:\\\/\\\/www.aligro.ch\\\/pages\\\/wp-content\\\/uploads\\\/2022\\\/04\\\/OCo-SDG_2021_Logo_3langues_Noir_RVB-1.jpg\",\"articleSection\":[\"Andere\"],\"inLanguage\":\"fr-FR\"},{\"@type\":\"WebPage\",\"@id\":\"https:\\\/\\\/www.aligro.ch\\\/pages\\\/de\\\/news\\\/erleben-sie-die-genusswoche-vom-15-bis-25-september-statt\\\/\",\"url\":\"https:\\\/\\\/www.aligro.ch\\\/pages\\\/de\\\/news\\\/erleben-sie-die-genusswoche-vom-15-bis-25-september-statt\\\/\",\"name\":\"Erleben Sie die Genusswoche vom 15. bis 25. September\",\"isPartOf\":{\"@id\":\"https:\\\/\\\/www.aligro.ch\\\/pages\\\/#website\"},\"primaryImageOfPage\":{\"@id\":\"https:\\\/\\\/www.aligro.ch\\\/pages\\\/de\\\/news\\\/erleben-sie-die-genusswoche-vom-15-bis-25-september-statt\\\/#primaryimage\"},\"image\":{\"@id\":\"https:\\\/\\\/www.aligro.ch\\\/pages\\\/de\\\/news\\\/erleben-sie-die-genusswoche-vom-15-bis-25-september-statt\\\/#primaryimage\"},\"thumbnailUrl\":\"https:\\\/\\\/www.aligro.ch\\\/pages\\\/wp-content\\\/uploads\\\/2022\\\/04\\\/OCo-SDG_2021_Logo_3langues_Noir_RVB-1.jpg\",\"datePublished\":\"2022-08-02T08:48:37+00:00\",\"dateModified\":\"2022-08-02T08:55:25+00:00\",\"description\":\"Diesen Herbst findet zum 22. Mal das gr\u00f6sste Gourmet-Event der Schweiz statt: die Genusswoche!\",\"breadcrumb\":{\"@id\":\"https:\\\/\\\/www.aligro.ch\\\/pages\\\/de\\\/news\\\/erleben-sie-die-genusswoche-vom-15-bis-25-september-statt\\\/#breadcrumb\"},\"inLanguage\":\"fr-FR\",\"potentialAction\":[{\"@type\":\"ReadAction\",\"target\":[\"https:\\\/\\\/www.aligro.ch\\\/pages\\\/de\\\/news\\\/erleben-sie-die-genusswoche-vom-15-bis-25-september-statt\\\/\"]}]},{\"@type\":\"ImageObject\",\"inLanguage\":\"fr-FR\",\"@id\":\"https:\\\/\\\/www.aligro.ch\\\/pages\\\/de\\\/news\\\/erleben-sie-die-genusswoche-vom-15-bis-25-september-statt\\\/#primaryimage\",\"url\":\"https:\\\/\\\/www.aligro.ch\\\/pages\\\/wp-content\\\/uploads\\\/2022\\\/04\\\/OCo-SDG_2021_Logo_3langues_Noir_RVB-1.jpg\",\"contentUrl\":\"https:\\\/\\\/www.aligro.ch\\\/pages\\\/wp-content\\\/uploads\\\/2022\\\/04\\\/OCo-SDG_2021_Logo_3langues_Noir_RVB-1.jpg\",\"width\":1920,\"height\":1103},{\"@type\":\"BreadcrumbList\",\"@id\":\"https:\\\/\\\/www.aligro.ch\\\/pages\\\/de\\\/news\\\/erleben-sie-die-genusswoche-vom-15-bis-25-september-statt\\\/#breadcrumb\",\"itemListElement\":[{\"@type\":\"ListItem\",\"position\":1,\"name\":\"Accueil\",\"item\":\"https:\\\/\\\/www.aligro.ch\\\/pages\\\/de\\\/aligro-academy\\\/\"},{\"@type\":\"ListItem\",\"position\":2,\"name\":\"Erleben Sie die Genusswoche vom 15. bis 25. September\"}]},{\"@type\":\"WebSite\",\"@id\":\"https:\\\/\\\/www.aligro.ch\\\/pages\\\/#website\",\"url\":\"https:\\\/\\\/www.aligro.ch\\\/pages\\\/\",\"name\":\"ALIGRO\",\"description\":\"Fra\u00eecheur. Qualit\u00e9. Inspiration.\",\"publisher\":{\"@id\":\"https:\\\/\\\/www.aligro.ch\\\/pages\\\/#organization\"},\"potentialAction\":[{\"@type\":\"SearchAction\",\"target\":{\"@type\":\"EntryPoint\",\"urlTemplate\":\"https:\\\/\\\/www.aligro.ch\\\/pages\\\/?s={search_term_string}\"},\"query-input\":{\"@type\":\"PropertyValueSpecification\",\"valueRequired\":true,\"valueName\":\"search_term_string\"}}],\"inLanguage\":\"fr-FR\"},{\"@type\":\"Organization\",\"@id\":\"https:\\\/\\\/www.aligro.ch\\\/pages\\\/#organization\",\"name\":\"ALIGRO\",\"url\":\"https:\\\/\\\/www.aligro.ch\\\/pages\\\/\",\"logo\":{\"@type\":\"ImageObject\",\"inLanguage\":\"fr-FR\",\"@id\":\"https:\\\/\\\/www.aligro.ch\\\/pages\\\/#\\\/schema\\\/logo\\\/image\\\/\",\"url\":\"https:\\\/\\\/www.aligro.ch\\\/pages\\\/wp-content\\\/uploads\\\/2018\\\/10\\\/Logo@4x.png\",\"contentUrl\":\"https:\\\/\\\/www.aligro.ch\\\/pages\\\/wp-content\\\/uploads\\\/2018\\\/10\\\/Logo@4x.png\",\"width\":1831,\"height\":228,\"caption\":\"ALIGRO\"},\"image\":{\"@id\":\"https:\\\/\\\/www.aligro.ch\\\/pages\\\/#\\\/schema\\\/logo\\\/image\\\/\"},\"sameAs\":[\"https:\\\/\\\/fb.com\\\/aligrosuisse\"]},{\"@type\":\"Person\",\"@id\":\"https:\\\/\\\/www.aligro.ch\\\/pages\\\/#\\\/schema\\\/person\\\/abe4f4a53fec53a8dea10e43adbbe7e3\",\"name\":\"Vincent Lavanchy\",\"image\":{\"@type\":\"ImageObject\",\"inLanguage\":\"fr-FR\",\"@id\":\"https:\\\/\\\/secure.gravatar.com\\\/avatar\\\/0c26d4efb7d6ae3d3acfb21cea043eed07c8459ea7780b7c5d9d73543f0c4d2e?s=96&d=mm&r=g\",\"url\":\"https:\\\/\\\/secure.gravatar.com\\\/avatar\\\/0c26d4efb7d6ae3d3acfb21cea043eed07c8459ea7780b7c5d9d73543f0c4d2e?s=96&d=mm&r=g\",\"contentUrl\":\"https:\\\/\\\/secure.gravatar.com\\\/avatar\\\/0c26d4efb7d6ae3d3acfb21cea043eed07c8459ea7780b7c5d9d73543f0c4d2e?s=96&d=mm&r=g\",\"caption\":\"Vincent Lavanchy\"}}]}<\/script>\n<!-- \/ Yoast SEO plugin. -->","yoast_head_json":{"title":"Erleben Sie die Genusswoche vom 15. bis 25. September","description":"Diesen Herbst findet zum 22. Mal das gr\u00f6sste Gourmet-Event der Schweiz statt: die Genusswoche!","robots":{"index":"index","follow":"follow","max-snippet":"max-snippet:-1","max-image-preview":"max-image-preview:large","max-video-preview":"max-video-preview:-1"},"canonical":"https:\/\/www.aligro.ch\/pages\/de\/news\/erleben-sie-die-genusswoche-vom-15-bis-25-september-statt\/","og_locale":"fr_FR","og_type":"article","og_title":"Erleben Sie die Genusswoche vom 15. bis 25. September","og_description":"Diesen Herbst findet zum 22. Mal das gr\u00f6sste Gourmet-Event der Schweiz statt: die Genusswoche!","og_url":"https:\/\/www.aligro.ch\/pages\/de\/news\/erleben-sie-die-genusswoche-vom-15-bis-25-september-statt\/","og_site_name":"ALIGRO","article_publisher":"https:\/\/fb.com\/aligrosuisse","article_published_time":"2022-08-02T08:48:37+00:00","article_modified_time":"2022-08-02T08:55:25+00:00","og_image":[{"width":2415,"height":1387,"url":"https:\/\/www.aligro.ch\/pages\/wp-content\/uploads\/2022\/04\/OCo-SDG_2021_Logo_3langues_Noir_RVB-1.jpg","type":"image\/jpeg"}],"author":"Vincent Lavanchy","twitter_card":"summary_large_image","twitter_misc":{"\u00c9crit par":"Vincent Lavanchy","Dur\u00e9e de lecture estim\u00e9e":"2 minutes"},"schema":{"@context":"https:\/\/schema.org","@graph":[{"@type":"Article","@id":"https:\/\/www.aligro.ch\/pages\/de\/news\/erleben-sie-die-genusswoche-vom-15-bis-25-september-statt\/#article","isPartOf":{"@id":"https:\/\/www.aligro.ch\/pages\/de\/news\/erleben-sie-die-genusswoche-vom-15-bis-25-september-statt\/"},"author":{"name":"Vincent Lavanchy","@id":"https:\/\/www.aligro.ch\/pages\/#\/schema\/person\/abe4f4a53fec53a8dea10e43adbbe7e3"},"headline":"Erleben Sie die Genusswoche vom 15. bis 25. September","datePublished":"2022-08-02T08:48:37+00:00","dateModified":"2022-08-02T08:55:25+00:00","mainEntityOfPage":{"@id":"https:\/\/www.aligro.ch\/pages\/de\/news\/erleben-sie-die-genusswoche-vom-15-bis-25-september-statt\/"},"wordCount":470,"publisher":{"@id":"https:\/\/www.aligro.ch\/pages\/#organization"},"image":{"@id":"https:\/\/www.aligro.ch\/pages\/de\/news\/erleben-sie-die-genusswoche-vom-15-bis-25-september-statt\/#primaryimage"},"thumbnailUrl":"https:\/\/www.aligro.ch\/pages\/wp-content\/uploads\/2022\/04\/OCo-SDG_2021_Logo_3langues_Noir_RVB-1.jpg","articleSection":["Andere"],"inLanguage":"fr-FR"},{"@type":"WebPage","@id":"https:\/\/www.aligro.ch\/pages\/de\/news\/erleben-sie-die-genusswoche-vom-15-bis-25-september-statt\/","url":"https:\/\/www.aligro.ch\/pages\/de\/news\/erleben-sie-die-genusswoche-vom-15-bis-25-september-statt\/","name":"Erleben Sie die Genusswoche vom 15. bis 25. September","isPartOf":{"@id":"https:\/\/www.aligro.ch\/pages\/#website"},"primaryImageOfPage":{"@id":"https:\/\/www.aligro.ch\/pages\/de\/news\/erleben-sie-die-genusswoche-vom-15-bis-25-september-statt\/#primaryimage"},"image":{"@id":"https:\/\/www.aligro.ch\/pages\/de\/news\/erleben-sie-die-genusswoche-vom-15-bis-25-september-statt\/#primaryimage"},"thumbnailUrl":"https:\/\/www.aligro.ch\/pages\/wp-content\/uploads\/2022\/04\/OCo-SDG_2021_Logo_3langues_Noir_RVB-1.jpg","datePublished":"2022-08-02T08:48:37+00:00","dateModified":"2022-08-02T08:55:25+00:00","description":"Diesen Herbst findet zum 22. Mal das gr\u00f6sste Gourmet-Event der Schweiz statt: die Genusswoche!","breadcrumb":{"@id":"https:\/\/www.aligro.ch\/pages\/de\/news\/erleben-sie-die-genusswoche-vom-15-bis-25-september-statt\/#breadcrumb"},"inLanguage":"fr-FR","potentialAction":[{"@type":"ReadAction","target":["https:\/\/www.aligro.ch\/pages\/de\/news\/erleben-sie-die-genusswoche-vom-15-bis-25-september-statt\/"]}]},{"@type":"ImageObject","inLanguage":"fr-FR","@id":"https:\/\/www.aligro.ch\/pages\/de\/news\/erleben-sie-die-genusswoche-vom-15-bis-25-september-statt\/#primaryimage","url":"https:\/\/www.aligro.ch\/pages\/wp-content\/uploads\/2022\/04\/OCo-SDG_2021_Logo_3langues_Noir_RVB-1.jpg","contentUrl":"https:\/\/www.aligro.ch\/pages\/wp-content\/uploads\/2022\/04\/OCo-SDG_2021_Logo_3langues_Noir_RVB-1.jpg","width":1920,"height":1103},{"@type":"BreadcrumbList","@id":"https:\/\/www.aligro.ch\/pages\/de\/news\/erleben-sie-die-genusswoche-vom-15-bis-25-september-statt\/#breadcrumb","itemListElement":[{"@type":"ListItem","position":1,"name":"Accueil","item":"https:\/\/www.aligro.ch\/pages\/de\/aligro-academy\/"},{"@type":"ListItem","position":2,"name":"Erleben Sie die Genusswoche vom 15. bis 25. September"}]},{"@type":"WebSite","@id":"https:\/\/www.aligro.ch\/pages\/#website","url":"https:\/\/www.aligro.ch\/pages\/","name":"ALIGRO","description":"Fra\u00eecheur. Qualit\u00e9. Inspiration.","publisher":{"@id":"https:\/\/www.aligro.ch\/pages\/#organization"},"potentialAction":[{"@type":"SearchAction","target":{"@type":"EntryPoint","urlTemplate":"https:\/\/www.aligro.ch\/pages\/?s={search_term_string}"},"query-input":{"@type":"PropertyValueSpecification","valueRequired":true,"valueName":"search_term_string"}}],"inLanguage":"fr-FR"},{"@type":"Organization","@id":"https:\/\/www.aligro.ch\/pages\/#organization","name":"ALIGRO","url":"https:\/\/www.aligro.ch\/pages\/","logo":{"@type":"ImageObject","inLanguage":"fr-FR","@id":"https:\/\/www.aligro.ch\/pages\/#\/schema\/logo\/image\/","url":"https:\/\/www.aligro.ch\/pages\/wp-content\/uploads\/2018\/10\/Logo@4x.png","contentUrl":"https:\/\/www.aligro.ch\/pages\/wp-content\/uploads\/2018\/10\/Logo@4x.png","width":1831,"height":228,"caption":"ALIGRO"},"image":{"@id":"https:\/\/www.aligro.ch\/pages\/#\/schema\/logo\/image\/"},"sameAs":["https:\/\/fb.com\/aligrosuisse"]},{"@type":"Person","@id":"https:\/\/www.aligro.ch\/pages\/#\/schema\/person\/abe4f4a53fec53a8dea10e43adbbe7e3","name":"Vincent Lavanchy","image":{"@type":"ImageObject","inLanguage":"fr-FR","@id":"https:\/\/secure.gravatar.com\/avatar\/0c26d4efb7d6ae3d3acfb21cea043eed07c8459ea7780b7c5d9d73543f0c4d2e?s=96&d=mm&r=g","url":"https:\/\/secure.gravatar.com\/avatar\/0c26d4efb7d6ae3d3acfb21cea043eed07c8459ea7780b7c5d9d73543f0c4d2e?s=96&d=mm&r=g","contentUrl":"https:\/\/secure.gravatar.com\/avatar\/0c26d4efb7d6ae3d3acfb21cea043eed07c8459ea7780b7c5d9d73543f0c4d2e?s=96&d=mm&r=g","caption":"Vincent Lavanchy"}}]}},"_links":{"self":[{"href":"https:\/\/www.aligro.ch\/pages\/wp-json\/wp\/v2\/posts\/40891","targetHints":{"allow":["GET"]}}],"collection":[{"href":"https:\/\/www.aligro.ch\/pages\/wp-json\/wp\/v2\/posts"}],"about":[{"href":"https:\/\/www.aligro.ch\/pages\/wp-json\/wp\/v2\/types\/post"}],"author":[{"embeddable":true,"href":"https:\/\/www.aligro.ch\/pages\/wp-json\/wp\/v2\/users\/9"}],"replies":[{"embeddable":true,"href":"https:\/\/www.aligro.ch\/pages\/wp-json\/wp\/v2\/comments?post=40891"}],"version-history":[{"count":4,"href":"https:\/\/www.aligro.ch\/pages\/wp-json\/wp\/v2\/posts\/40891\/revisions"}],"predecessor-version":[{"id":40907,"href":"https:\/\/www.aligro.ch\/pages\/wp-json\/wp\/v2\/posts\/40891\/revisions\/40907"}],"wp:featuredmedia":[{"embeddable":true,"href":"https:\/\/www.aligro.ch\/pages\/wp-json\/wp\/v2\/media\/38720"}],"wp:attachment":[{"href":"https:\/\/www.aligro.ch\/pages\/wp-json\/wp\/v2\/media?parent=40891"}],"wp:term":[{"taxonomy":"category","embeddable":true,"href":"https:\/\/www.aligro.ch\/pages\/wp-json\/wp\/v2\/categories?post=40891"},{"taxonomy":"post_tag","embeddable":true,"href":"https:\/\/www.aligro.ch\/pages\/wp-json\/wp\/v2\/tags?post=40891"}],"curies":[{"name":"wp","href":"https:\/\/api.w.org\/{rel}","templated":true}]}}