{"id":40889,"date":"2022-08-02T10:48:23","date_gmt":"2022-08-02T08:48:23","guid":{"rendered":"https:\/\/www.aligro.ch\/pages\/?p=40889"},"modified":"2022-08-02T10:54:04","modified_gmt":"2022-08-02T08:54:04","slug":"rendez-vous-a-la-semaine-du-gout-du-15-au-25-septembre-2022","status":"publish","type":"post","link":"https:\/\/www.aligro.ch\/pages\/fr\/news\/rendez-vous-a-la-semaine-du-gout-du-15-au-25-septembre-2022\/","title":{"rendered":"Rendez-vous \u00e0 la Semaine du Go\u00fbt du 15 au 25 septembre 2022"},"content":{"rendered":"<div class=\"wpb-content-wrapper\"><p>[vc_row][vc_column][vc_row_inner][vc_column_inner][vc_column_text]<strong>Cet automne se tiendra la 22<sup>\u00e8me<\/sup> \u00e9dition du plus grand \u00e9v\u00e9nement gourmand de Suisse\u00a0: la Semaine du Go\u00fbt\u00a0! C\u2019est l\u2019occasion pour toutes et tous de participer \u00e0 de nombreuses activit\u00e9s culinaires et pour les restaurateurs de faire d\u00e9couvrir de d\u00e9licieuses saveurs \u00e0 leurs clients.\u00a0 ALIGRO a le plaisir de soutenir la Semaine du Go\u00fbt et se r\u00e9jouit d\u2019ores et d\u00e9j\u00e0 de l\u2019\u00e9v\u00e9nement.<\/strong><\/p>\n<p><strong>Un vaste programme met le go\u00fbt \u00e0 l\u2019honneur<\/strong><\/p>\n<p>La Semaine du Go\u00fbt est l\u2019occasion depuis de nombreuses ann\u00e9es de participer \u00e0 des \u00e9v\u00e9nements culinaires qui mettent au centre le plaisir du go\u00fbt et le respect de l\u2019aliment.<\/p>\n<p>Un <a href=\"https:\/\/www.gout.ch\/programme\/\">programme<\/a> tr\u00e8s riche attend les participants. Ce sera tout d\u2019abord l\u2019occasion pour de nombreux restaurants d\u2019accueillir le public et de faire d\u00e9couvrir leurs sp\u00e9cialit\u00e9s. Des d\u00e9gustations de produits artisanaux sont organis\u00e9es, qu\u2019il s\u2019agisse de viande et charcuterie, de fruits et l\u00e9gumes, de vins ou encore de produits laitiers issus du commerce \u00e9quitable. Des cours de fermentation, des ateliers cueillette, des concours de d\u00e9gustation de sirops seront au rendez-vous et les convives ont \u00e9galement la possibilit\u00e9 d\u2019effectuer des visites gourmandes ou encore des escapades \u00e0 la d\u00e9couverte de produits r\u00e9gionaux.<\/p>\n<p>Et bien plus\u00a0! Au total, plus de\u00a0<a href=\"http:\/\/www.gout.ch\/programme\/\">3000 lieux<\/a> en Suisse romande, allemande et italienne, offrent l\u2019occasion de (re)d\u00e9couvrir de nombreuses saveurs et de se r\u00e9unir autour d\u2019activit\u00e9s culinaires conviviales. Les saveurs du terroir sont les stars de l\u2019\u00e9v\u00e9nement.[\/vc_column_text][\/vc_column_inner][\/vc_row_inner][vc_column_text]<strong>B\u00e2le au centre de l\u2019\u00e9v\u00e9nement<\/strong><\/p>\n<p>C\u2019est la ville de B\u00e2le qui, cette ann\u00e9e, a l\u2019honneur d\u2019avoir \u00e9t\u00e9 d\u00e9sign\u00e9e comme Ville du Go\u00fbt. Signataire du pacte de Milan sur la politique alimentaire urbaine, la ville al\u00e9manique promeut depuis de nombreuses ann\u00e9es une alimentation durable. B\u00e2le est \u00e9galement la ville qui abrite le \u00ab\u00a0Stucki\u00a0\u00bb, restaurant de renom affichant 19\/20 au Gault&amp;Millaut et 2 \u00e9toiles au Guide Michelin. Sa propri\u00e9taire, la cheffe Tanja Grandits, est la marraine prestigieuse de l\u2019\u00e9dition 2022. Elue \u00ab\u00a0Cuisinier de l\u2019ann\u00e9e\u00a0\u00bb en 2014 puis en 2020, la cheffe b\u00e2loise se r\u00e9jouit de pouvoir transmettre son amour de la nourriture. \u00ab\u00a0B\u00e2le a beaucoup \u00e0 offrir sur le plan culinaire\u00a0\u00bb dit-elle.<\/p>\n<p><strong>Pour les jeunes \u00e9picuriens<\/strong><\/p>\n<p>Dans 12 cantons, les 16-25 ans (18-25 pour le Tessin et la Suisse al\u00e9manique) pourront b\u00e9n\u00e9ficier de <a href=\"https:\/\/www.gout.ch\/bons-jeunes\/\">bons-repas gastronomiques<\/a> leur permettant d\u00e9couvrir des tables d\u2019exception pour seulement 60CHF. Ainsi, les cantons de Fribourg, Gen\u00e8ve, Jura Bernois, Neuch\u00e2tel, Valais, Vaud, B\u00e2le, Berne, Lucerne, Tessin, Zoug et Zurich proposeront des menus compos\u00e9s de quatre plats, accompagn\u00e9s de vins sp\u00e9cialement s\u00e9lectionn\u00e9s pour leur capacit\u00e9 \u00e0 sublimer les saveurs du menu.[\/vc_column_text][\/vc_column][\/vc_row][vc_row][vc_column][vc_single_image image=\u00a0\u00bb38710&Prime; img_size=\u00a0\u00bb500&#215;500&Prime; alignment=\u00a0\u00bbcenter\u00a0\u00bb css=\u00a0\u00bb.vc_custom_1649066111215{padding-top: 2em !important;}\u00a0\u00bb][\/vc_column][\/vc_row]<\/p>\n<\/div>","protected":false},"excerpt":{"rendered":"<p>[vc_row][vc_column][vc_row_inner][vc_column_inner][vc_column_text]Cet automne se tiendra la 22\u00e8me \u00e9dition du plus grand \u00e9v\u00e9nement gourmand de Suisse\u00a0: la Semaine du Go\u00fbt\u00a0!<a class=\"moretag\" href=\"https:\/\/www.aligro.ch\/pages\/fr\/news\/rendez-vous-a-la-semaine-du-gout-du-15-au-25-septembre-2022\/\"> &#8230;<\/a><\/p>\n","protected":false},"author":9,"featured_media":38711,"comment_status":"closed","ping_status":"closed","sticky":false,"template":"","format":"standard","meta":{"_acf_changed":false,"footnotes":""},"categories":[1],"tags":[],"class_list":["post-40889","post","type-post","status-publish","format-standard","has-post-thumbnail","hentry","category-autre"],"acf":[],"yoast_head":"<!-- This site is optimized with the Yoast SEO plugin v27.4 - https:\/\/yoast.com\/product\/yoast-seo-wordpress\/ -->\n<title>Rendez-vous \u00e0 la Semaine du Go\u00fbt du 15 au 25 septembre 2022<\/title>\n<meta name=\"description\" content=\"Cet automne se tiendra la 22\u00e8me \u00e9dition du plus grand \u00e9v\u00e9nement gourmand de Suisse : la Semaine du Go\u00fbt !\" \/>\n<meta name=\"robots\" content=\"index, follow, max-snippet:-1, max-image-preview:large, max-video-preview:-1\" \/>\n<link rel=\"canonical\" href=\"https:\/\/www.aligro.ch\/pages\/fr\/news\/rendez-vous-a-la-semaine-du-gout-du-15-au-25-septembre-2022\/\" \/>\n<meta property=\"og:locale\" content=\"fr_FR\" \/>\n<meta property=\"og:type\" content=\"article\" \/>\n<meta property=\"og:title\" content=\"Rendez-vous \u00e0 la Semaine du Go\u00fbt du 15 au 25 septembre 2022\" \/>\n<meta property=\"og:description\" content=\"Cet automne se tiendra la 22\u00e8me \u00e9dition du plus grand \u00e9v\u00e9nement gourmand de Suisse : la Semaine du Go\u00fbt !\" \/>\n<meta property=\"og:url\" content=\"https:\/\/www.aligro.ch\/pages\/fr\/news\/rendez-vous-a-la-semaine-du-gout-du-15-au-25-septembre-2022\/\" \/>\n<meta property=\"og:site_name\" content=\"ALIGRO\" \/>\n<meta property=\"article:publisher\" content=\"https:\/\/fb.com\/aligrosuisse\" \/>\n<meta property=\"article:published_time\" content=\"2022-08-02T08:48:23+00:00\" \/>\n<meta property=\"article:modified_time\" content=\"2022-08-02T08:54:04+00:00\" \/>\n<meta property=\"og:image\" content=\"https:\/\/www.aligro.ch\/pages\/wp-content\/uploads\/2022\/04\/OCo-SDG_2021_Logo_3langues_Noir_RVB.jpg\" \/>\n\t<meta property=\"og:image:width\" content=\"2415\" \/>\n\t<meta property=\"og:image:height\" content=\"1387\" \/>\n\t<meta property=\"og:image:type\" content=\"image\/jpeg\" \/>\n<meta name=\"author\" content=\"Vincent Lavanchy\" \/>\n<meta name=\"twitter:card\" content=\"summary_large_image\" \/>\n<meta name=\"twitter:label1\" content=\"\u00c9crit par\" \/>\n\t<meta name=\"twitter:data1\" content=\"Vincent Lavanchy\" \/>\n\t<meta name=\"twitter:label2\" content=\"Dur\u00e9e de lecture estim\u00e9e\" \/>\n\t<meta name=\"twitter:data2\" content=\"3 minutes\" \/>\n<script type=\"application\/ld+json\" class=\"yoast-schema-graph\">{\"@context\":\"https:\\\/\\\/schema.org\",\"@graph\":[{\"@type\":\"Article\",\"@id\":\"https:\\\/\\\/www.aligro.ch\\\/pages\\\/fr\\\/news\\\/rendez-vous-a-la-semaine-du-gout-du-15-au-25-septembre-2022\\\/#article\",\"isPartOf\":{\"@id\":\"https:\\\/\\\/www.aligro.ch\\\/pages\\\/fr\\\/news\\\/rendez-vous-a-la-semaine-du-gout-du-15-au-25-septembre-2022\\\/\"},\"author\":{\"name\":\"Vincent Lavanchy\",\"@id\":\"https:\\\/\\\/www.aligro.ch\\\/pages\\\/#\\\/schema\\\/person\\\/abe4f4a53fec53a8dea10e43adbbe7e3\"},\"headline\":\"Rendez-vous \u00e0 la Semaine du Go\u00fbt du 15 au 25 septembre 2022\",\"datePublished\":\"2022-08-02T08:48:23+00:00\",\"dateModified\":\"2022-08-02T08:54:04+00:00\",\"mainEntityOfPage\":{\"@id\":\"https:\\\/\\\/www.aligro.ch\\\/pages\\\/fr\\\/news\\\/rendez-vous-a-la-semaine-du-gout-du-15-au-25-septembre-2022\\\/\"},\"wordCount\":540,\"publisher\":{\"@id\":\"https:\\\/\\\/www.aligro.ch\\\/pages\\\/#organization\"},\"image\":{\"@id\":\"https:\\\/\\\/www.aligro.ch\\\/pages\\\/fr\\\/news\\\/rendez-vous-a-la-semaine-du-gout-du-15-au-25-septembre-2022\\\/#primaryimage\"},\"thumbnailUrl\":\"https:\\\/\\\/www.aligro.ch\\\/pages\\\/wp-content\\\/uploads\\\/2022\\\/04\\\/OCo-SDG_2021_Logo_3langues_Noir_RVB.jpg\",\"articleSection\":[\"Autre\"],\"inLanguage\":\"fr-FR\"},{\"@type\":\"WebPage\",\"@id\":\"https:\\\/\\\/www.aligro.ch\\\/pages\\\/fr\\\/news\\\/rendez-vous-a-la-semaine-du-gout-du-15-au-25-septembre-2022\\\/\",\"url\":\"https:\\\/\\\/www.aligro.ch\\\/pages\\\/fr\\\/news\\\/rendez-vous-a-la-semaine-du-gout-du-15-au-25-septembre-2022\\\/\",\"name\":\"Rendez-vous \u00e0 la Semaine du Go\u00fbt du 15 au 25 septembre 2022\",\"isPartOf\":{\"@id\":\"https:\\\/\\\/www.aligro.ch\\\/pages\\\/#website\"},\"primaryImageOfPage\":{\"@id\":\"https:\\\/\\\/www.aligro.ch\\\/pages\\\/fr\\\/news\\\/rendez-vous-a-la-semaine-du-gout-du-15-au-25-septembre-2022\\\/#primaryimage\"},\"image\":{\"@id\":\"https:\\\/\\\/www.aligro.ch\\\/pages\\\/fr\\\/news\\\/rendez-vous-a-la-semaine-du-gout-du-15-au-25-septembre-2022\\\/#primaryimage\"},\"thumbnailUrl\":\"https:\\\/\\\/www.aligro.ch\\\/pages\\\/wp-content\\\/uploads\\\/2022\\\/04\\\/OCo-SDG_2021_Logo_3langues_Noir_RVB.jpg\",\"datePublished\":\"2022-08-02T08:48:23+00:00\",\"dateModified\":\"2022-08-02T08:54:04+00:00\",\"description\":\"Cet automne se tiendra la 22\u00e8me \u00e9dition du plus grand \u00e9v\u00e9nement gourmand de Suisse : la Semaine du Go\u00fbt !\",\"breadcrumb\":{\"@id\":\"https:\\\/\\\/www.aligro.ch\\\/pages\\\/fr\\\/news\\\/rendez-vous-a-la-semaine-du-gout-du-15-au-25-septembre-2022\\\/#breadcrumb\"},\"inLanguage\":\"fr-FR\",\"potentialAction\":[{\"@type\":\"ReadAction\",\"target\":[\"https:\\\/\\\/www.aligro.ch\\\/pages\\\/fr\\\/news\\\/rendez-vous-a-la-semaine-du-gout-du-15-au-25-septembre-2022\\\/\"]}]},{\"@type\":\"ImageObject\",\"inLanguage\":\"fr-FR\",\"@id\":\"https:\\\/\\\/www.aligro.ch\\\/pages\\\/fr\\\/news\\\/rendez-vous-a-la-semaine-du-gout-du-15-au-25-septembre-2022\\\/#primaryimage\",\"url\":\"https:\\\/\\\/www.aligro.ch\\\/pages\\\/wp-content\\\/uploads\\\/2022\\\/04\\\/OCo-SDG_2021_Logo_3langues_Noir_RVB.jpg\",\"contentUrl\":\"https:\\\/\\\/www.aligro.ch\\\/pages\\\/wp-content\\\/uploads\\\/2022\\\/04\\\/OCo-SDG_2021_Logo_3langues_Noir_RVB.jpg\",\"width\":1920,\"height\":1103},{\"@type\":\"BreadcrumbList\",\"@id\":\"https:\\\/\\\/www.aligro.ch\\\/pages\\\/fr\\\/news\\\/rendez-vous-a-la-semaine-du-gout-du-15-au-25-septembre-2022\\\/#breadcrumb\",\"itemListElement\":[{\"@type\":\"ListItem\",\"position\":1,\"name\":\"Accueil\",\"item\":\"https:\\\/\\\/www.aligro.ch\\\/pages\\\/de\\\/aligro-academy\\\/\"},{\"@type\":\"ListItem\",\"position\":2,\"name\":\"Rendez-vous \u00e0 la Semaine du Go\u00fbt du 15 au 25 septembre 2022\"}]},{\"@type\":\"WebSite\",\"@id\":\"https:\\\/\\\/www.aligro.ch\\\/pages\\\/#website\",\"url\":\"https:\\\/\\\/www.aligro.ch\\\/pages\\\/\",\"name\":\"ALIGRO\",\"description\":\"Fra\u00eecheur. Qualit\u00e9. Inspiration.\",\"publisher\":{\"@id\":\"https:\\\/\\\/www.aligro.ch\\\/pages\\\/#organization\"},\"potentialAction\":[{\"@type\":\"SearchAction\",\"target\":{\"@type\":\"EntryPoint\",\"urlTemplate\":\"https:\\\/\\\/www.aligro.ch\\\/pages\\\/?s={search_term_string}\"},\"query-input\":{\"@type\":\"PropertyValueSpecification\",\"valueRequired\":true,\"valueName\":\"search_term_string\"}}],\"inLanguage\":\"fr-FR\"},{\"@type\":\"Organization\",\"@id\":\"https:\\\/\\\/www.aligro.ch\\\/pages\\\/#organization\",\"name\":\"ALIGRO\",\"url\":\"https:\\\/\\\/www.aligro.ch\\\/pages\\\/\",\"logo\":{\"@type\":\"ImageObject\",\"inLanguage\":\"fr-FR\",\"@id\":\"https:\\\/\\\/www.aligro.ch\\\/pages\\\/#\\\/schema\\\/logo\\\/image\\\/\",\"url\":\"https:\\\/\\\/www.aligro.ch\\\/pages\\\/wp-content\\\/uploads\\\/2018\\\/10\\\/Logo@4x.png\",\"contentUrl\":\"https:\\\/\\\/www.aligro.ch\\\/pages\\\/wp-content\\\/uploads\\\/2018\\\/10\\\/Logo@4x.png\",\"width\":1831,\"height\":228,\"caption\":\"ALIGRO\"},\"image\":{\"@id\":\"https:\\\/\\\/www.aligro.ch\\\/pages\\\/#\\\/schema\\\/logo\\\/image\\\/\"},\"sameAs\":[\"https:\\\/\\\/fb.com\\\/aligrosuisse\"]},{\"@type\":\"Person\",\"@id\":\"https:\\\/\\\/www.aligro.ch\\\/pages\\\/#\\\/schema\\\/person\\\/abe4f4a53fec53a8dea10e43adbbe7e3\",\"name\":\"Vincent Lavanchy\",\"image\":{\"@type\":\"ImageObject\",\"inLanguage\":\"fr-FR\",\"@id\":\"https:\\\/\\\/secure.gravatar.com\\\/avatar\\\/0c26d4efb7d6ae3d3acfb21cea043eed07c8459ea7780b7c5d9d73543f0c4d2e?s=96&d=mm&r=g\",\"url\":\"https:\\\/\\\/secure.gravatar.com\\\/avatar\\\/0c26d4efb7d6ae3d3acfb21cea043eed07c8459ea7780b7c5d9d73543f0c4d2e?s=96&d=mm&r=g\",\"contentUrl\":\"https:\\\/\\\/secure.gravatar.com\\\/avatar\\\/0c26d4efb7d6ae3d3acfb21cea043eed07c8459ea7780b7c5d9d73543f0c4d2e?s=96&d=mm&r=g\",\"caption\":\"Vincent Lavanchy\"}}]}<\/script>\n<!-- \/ Yoast SEO plugin. -->","yoast_head_json":{"title":"Rendez-vous \u00e0 la Semaine du Go\u00fbt du 15 au 25 septembre 2022","description":"Cet automne se tiendra la 22\u00e8me \u00e9dition du plus grand \u00e9v\u00e9nement gourmand de Suisse : la Semaine du Go\u00fbt !","robots":{"index":"index","follow":"follow","max-snippet":"max-snippet:-1","max-image-preview":"max-image-preview:large","max-video-preview":"max-video-preview:-1"},"canonical":"https:\/\/www.aligro.ch\/pages\/fr\/news\/rendez-vous-a-la-semaine-du-gout-du-15-au-25-septembre-2022\/","og_locale":"fr_FR","og_type":"article","og_title":"Rendez-vous \u00e0 la Semaine du Go\u00fbt du 15 au 25 septembre 2022","og_description":"Cet automne se tiendra la 22\u00e8me \u00e9dition du plus grand \u00e9v\u00e9nement gourmand de Suisse : la Semaine du Go\u00fbt !","og_url":"https:\/\/www.aligro.ch\/pages\/fr\/news\/rendez-vous-a-la-semaine-du-gout-du-15-au-25-septembre-2022\/","og_site_name":"ALIGRO","article_publisher":"https:\/\/fb.com\/aligrosuisse","article_published_time":"2022-08-02T08:48:23+00:00","article_modified_time":"2022-08-02T08:54:04+00:00","og_image":[{"width":2415,"height":1387,"url":"https:\/\/www.aligro.ch\/pages\/wp-content\/uploads\/2022\/04\/OCo-SDG_2021_Logo_3langues_Noir_RVB.jpg","type":"image\/jpeg"}],"author":"Vincent Lavanchy","twitter_card":"summary_large_image","twitter_misc":{"\u00c9crit par":"Vincent Lavanchy","Dur\u00e9e de lecture estim\u00e9e":"3 minutes"},"schema":{"@context":"https:\/\/schema.org","@graph":[{"@type":"Article","@id":"https:\/\/www.aligro.ch\/pages\/fr\/news\/rendez-vous-a-la-semaine-du-gout-du-15-au-25-septembre-2022\/#article","isPartOf":{"@id":"https:\/\/www.aligro.ch\/pages\/fr\/news\/rendez-vous-a-la-semaine-du-gout-du-15-au-25-septembre-2022\/"},"author":{"name":"Vincent Lavanchy","@id":"https:\/\/www.aligro.ch\/pages\/#\/schema\/person\/abe4f4a53fec53a8dea10e43adbbe7e3"},"headline":"Rendez-vous \u00e0 la Semaine du Go\u00fbt du 15 au 25 septembre 2022","datePublished":"2022-08-02T08:48:23+00:00","dateModified":"2022-08-02T08:54:04+00:00","mainEntityOfPage":{"@id":"https:\/\/www.aligro.ch\/pages\/fr\/news\/rendez-vous-a-la-semaine-du-gout-du-15-au-25-septembre-2022\/"},"wordCount":540,"publisher":{"@id":"https:\/\/www.aligro.ch\/pages\/#organization"},"image":{"@id":"https:\/\/www.aligro.ch\/pages\/fr\/news\/rendez-vous-a-la-semaine-du-gout-du-15-au-25-septembre-2022\/#primaryimage"},"thumbnailUrl":"https:\/\/www.aligro.ch\/pages\/wp-content\/uploads\/2022\/04\/OCo-SDG_2021_Logo_3langues_Noir_RVB.jpg","articleSection":["Autre"],"inLanguage":"fr-FR"},{"@type":"WebPage","@id":"https:\/\/www.aligro.ch\/pages\/fr\/news\/rendez-vous-a-la-semaine-du-gout-du-15-au-25-septembre-2022\/","url":"https:\/\/www.aligro.ch\/pages\/fr\/news\/rendez-vous-a-la-semaine-du-gout-du-15-au-25-septembre-2022\/","name":"Rendez-vous \u00e0 la Semaine du Go\u00fbt du 15 au 25 septembre 2022","isPartOf":{"@id":"https:\/\/www.aligro.ch\/pages\/#website"},"primaryImageOfPage":{"@id":"https:\/\/www.aligro.ch\/pages\/fr\/news\/rendez-vous-a-la-semaine-du-gout-du-15-au-25-septembre-2022\/#primaryimage"},"image":{"@id":"https:\/\/www.aligro.ch\/pages\/fr\/news\/rendez-vous-a-la-semaine-du-gout-du-15-au-25-septembre-2022\/#primaryimage"},"thumbnailUrl":"https:\/\/www.aligro.ch\/pages\/wp-content\/uploads\/2022\/04\/OCo-SDG_2021_Logo_3langues_Noir_RVB.jpg","datePublished":"2022-08-02T08:48:23+00:00","dateModified":"2022-08-02T08:54:04+00:00","description":"Cet automne se tiendra la 22\u00e8me \u00e9dition du plus grand \u00e9v\u00e9nement gourmand de Suisse : la Semaine du Go\u00fbt !","breadcrumb":{"@id":"https:\/\/www.aligro.ch\/pages\/fr\/news\/rendez-vous-a-la-semaine-du-gout-du-15-au-25-septembre-2022\/#breadcrumb"},"inLanguage":"fr-FR","potentialAction":[{"@type":"ReadAction","target":["https:\/\/www.aligro.ch\/pages\/fr\/news\/rendez-vous-a-la-semaine-du-gout-du-15-au-25-septembre-2022\/"]}]},{"@type":"ImageObject","inLanguage":"fr-FR","@id":"https:\/\/www.aligro.ch\/pages\/fr\/news\/rendez-vous-a-la-semaine-du-gout-du-15-au-25-septembre-2022\/#primaryimage","url":"https:\/\/www.aligro.ch\/pages\/wp-content\/uploads\/2022\/04\/OCo-SDG_2021_Logo_3langues_Noir_RVB.jpg","contentUrl":"https:\/\/www.aligro.ch\/pages\/wp-content\/uploads\/2022\/04\/OCo-SDG_2021_Logo_3langues_Noir_RVB.jpg","width":1920,"height":1103},{"@type":"BreadcrumbList","@id":"https:\/\/www.aligro.ch\/pages\/fr\/news\/rendez-vous-a-la-semaine-du-gout-du-15-au-25-septembre-2022\/#breadcrumb","itemListElement":[{"@type":"ListItem","position":1,"name":"Accueil","item":"https:\/\/www.aligro.ch\/pages\/de\/aligro-academy\/"},{"@type":"ListItem","position":2,"name":"Rendez-vous \u00e0 la Semaine du Go\u00fbt du 15 au 25 septembre 2022"}]},{"@type":"WebSite","@id":"https:\/\/www.aligro.ch\/pages\/#website","url":"https:\/\/www.aligro.ch\/pages\/","name":"ALIGRO","description":"Fra\u00eecheur. Qualit\u00e9. Inspiration.","publisher":{"@id":"https:\/\/www.aligro.ch\/pages\/#organization"},"potentialAction":[{"@type":"SearchAction","target":{"@type":"EntryPoint","urlTemplate":"https:\/\/www.aligro.ch\/pages\/?s={search_term_string}"},"query-input":{"@type":"PropertyValueSpecification","valueRequired":true,"valueName":"search_term_string"}}],"inLanguage":"fr-FR"},{"@type":"Organization","@id":"https:\/\/www.aligro.ch\/pages\/#organization","name":"ALIGRO","url":"https:\/\/www.aligro.ch\/pages\/","logo":{"@type":"ImageObject","inLanguage":"fr-FR","@id":"https:\/\/www.aligro.ch\/pages\/#\/schema\/logo\/image\/","url":"https:\/\/www.aligro.ch\/pages\/wp-content\/uploads\/2018\/10\/Logo@4x.png","contentUrl":"https:\/\/www.aligro.ch\/pages\/wp-content\/uploads\/2018\/10\/Logo@4x.png","width":1831,"height":228,"caption":"ALIGRO"},"image":{"@id":"https:\/\/www.aligro.ch\/pages\/#\/schema\/logo\/image\/"},"sameAs":["https:\/\/fb.com\/aligrosuisse"]},{"@type":"Person","@id":"https:\/\/www.aligro.ch\/pages\/#\/schema\/person\/abe4f4a53fec53a8dea10e43adbbe7e3","name":"Vincent Lavanchy","image":{"@type":"ImageObject","inLanguage":"fr-FR","@id":"https:\/\/secure.gravatar.com\/avatar\/0c26d4efb7d6ae3d3acfb21cea043eed07c8459ea7780b7c5d9d73543f0c4d2e?s=96&d=mm&r=g","url":"https:\/\/secure.gravatar.com\/avatar\/0c26d4efb7d6ae3d3acfb21cea043eed07c8459ea7780b7c5d9d73543f0c4d2e?s=96&d=mm&r=g","contentUrl":"https:\/\/secure.gravatar.com\/avatar\/0c26d4efb7d6ae3d3acfb21cea043eed07c8459ea7780b7c5d9d73543f0c4d2e?s=96&d=mm&r=g","caption":"Vincent Lavanchy"}}]}},"_links":{"self":[{"href":"https:\/\/www.aligro.ch\/pages\/wp-json\/wp\/v2\/posts\/40889","targetHints":{"allow":["GET"]}}],"collection":[{"href":"https:\/\/www.aligro.ch\/pages\/wp-json\/wp\/v2\/posts"}],"about":[{"href":"https:\/\/www.aligro.ch\/pages\/wp-json\/wp\/v2\/types\/post"}],"author":[{"embeddable":true,"href":"https:\/\/www.aligro.ch\/pages\/wp-json\/wp\/v2\/users\/9"}],"replies":[{"embeddable":true,"href":"https:\/\/www.aligro.ch\/pages\/wp-json\/wp\/v2\/comments?post=40889"}],"version-history":[{"count":5,"href":"https:\/\/www.aligro.ch\/pages\/wp-json\/wp\/v2\/posts\/40889\/revisions"}],"predecessor-version":[{"id":40904,"href":"https:\/\/www.aligro.ch\/pages\/wp-json\/wp\/v2\/posts\/40889\/revisions\/40904"}],"wp:featuredmedia":[{"embeddable":true,"href":"https:\/\/www.aligro.ch\/pages\/wp-json\/wp\/v2\/media\/38711"}],"wp:attachment":[{"href":"https:\/\/www.aligro.ch\/pages\/wp-json\/wp\/v2\/media?parent=40889"}],"wp:term":[{"taxonomy":"category","embeddable":true,"href":"https:\/\/www.aligro.ch\/pages\/wp-json\/wp\/v2\/categories?post=40889"},{"taxonomy":"post_tag","embeddable":true,"href":"https:\/\/www.aligro.ch\/pages\/wp-json\/wp\/v2\/tags?post=40889"}],"curies":[{"name":"wp","href":"https:\/\/api.w.org\/{rel}","templated":true}]}}