{"id":40808,"date":"2022-07-27T11:43:45","date_gmt":"2022-07-27T09:43:45","guid":{"rendered":"https:\/\/www.aligro.ch\/pages\/?p=40808"},"modified":"2022-07-28T14:44:18","modified_gmt":"2022-07-28T12:44:18","slug":"profitez-du-riche-assortiment-du-marche-demmen","status":"publish","type":"post","link":"https:\/\/www.aligro.ch\/pages\/fr\/news\/profitez-du-riche-assortiment-du-marche-demmen\/","title":{"rendered":"Le march\u00e9 ALIGRO d&rsquo;Emmen: un riche assortiment et un service client\u00e8le impeccable"},"content":{"rendered":"<div class=\"wpb-content-wrapper\"><p>[vc_row][vc_column][vc_column_text]<strong>Du rayon boucherie au stock de boissons en passant par les fruits et l\u00e9gumes, le vaste assortiment du march\u00e9 d\u2019Emmen offre un choix de qualit\u00e9. Le personnel expert se tient \u00e0 disposition des clients pour leur fournir ses meilleurs conseils.<\/strong><\/p>\n<p><strong>Un riche assortiment<\/strong><\/p>\n<p>ALIGRO, c\u2019est avant tout l\u2019histoire de 30&rsquo;000 articles r\u00e9unis sous un m\u00eame toit, dont plus de 2000 sont en action chaque semaine. L\u2019assortiment tr\u00e8s large propose des produits vari\u00e9s, disponibles en petites et en grandes quantit\u00e9s. Qu\u2019il s\u2019agisse des rayons boucherie, poissonnerie ou fruits et l\u00e9gumes, des articles de boulangerie, des aliments de base ou encore du mat\u00e9riel de cuisine, les clients b\u00e9n\u00e9ficient d\u2019un choix in\u00e9galable.<\/p>\n<p>Le rayon boucherie propose une vari\u00e9t\u00e9 tr\u00e8s importante de produits frais et surgel\u00e9s dans diff\u00e9rentes quantit\u00e9s et selon diff\u00e9rentes coupes. Le personnel dispose de connaissances professionnelles leur permettant de donner des conseils personnalis\u00e9s \u00e0 chaque client. On trouve de nombreuses boissons non-alcoolis\u00e9es, des spiritueux, pr\u00e8s de 1000 sortes de vins et de mousseux r\u00e9gionaux et \u00e9trangers, ainsi que de tr\u00e8s nombreuses sortes de bi\u00e8res, locales et r\u00e9gionales, artisanales et industrielles. Le march\u00e9 d\u2019Emmen &#8211; tout comme les 13 autres march\u00e9s \u2013 propose de plus des produits locaux et r\u00e9gionaux.<\/p>\n<p><strong>Un grand choix de viande<\/strong><\/p>\n<p>Au rayon boucherie du march\u00e9, on trouve de tr\u00e8s nombreux morceaux de viande \u00e0 prix attractifs. Qu\u2019il s\u2019agisse de tomahawk, de parisienne, de rumpsteak, d\u2019\u00e9minc\u00e9, de rago\u00fbt, de filet ou de faux-filet de b\u0153uf, de carr\u00e9, de filet, de grenadine ou de poitrine de porc, les clients ont un choix vaste. Le march\u00e9 propose un grand nombre de d\u00e9coupes qui permettent d\u2019\u00e9laborer des plats tr\u00e8s vari\u00e9s. On trouve \u00e9galement de nombreux morceaux de volaille, d\u2019agneau, de de lapin, de cheval et de gibier. Le march\u00e9 propose \u00e9galement de la charcuterie r\u00e9gionale, en provenance d\u2019une boucherie lucernoise.<\/p>\n<p>En termes de quantit\u00e9, on trouve des morceaux entiers ou en tranches\u00a0; le march\u00e9 propose \u00e9galement des d\u00e9coupes sp\u00e9ciales qui ne sont pas communes ailleurs, comme par exemple le foie de veau frais en tranches ou des steaks en tranches. Il y en aura ainsi pour toutes les occasions et pour tous les go\u00fbts.<\/p>\n<p>Le personnel sp\u00e9cialis\u00e9 se tient \u00e0 disposition des clients et se fera un plaisir de les aiguiller dans leur choix.[\/vc_column_text][\/vc_column][\/vc_row]<\/p>\n<\/div>","protected":false},"excerpt":{"rendered":"<p>[vc_row][vc_column][vc_column_text]Du rayon boucherie au stock de boissons en passant par les fruits et l\u00e9gumes, le vaste assortiment du<a class=\"moretag\" href=\"https:\/\/www.aligro.ch\/pages\/fr\/news\/profitez-du-riche-assortiment-du-marche-demmen\/\"> &#8230;<\/a><\/p>\n","protected":false},"author":9,"featured_media":40809,"comment_status":"closed","ping_status":"closed","sticky":false,"template":"","format":"standard","meta":{"_acf_changed":false,"footnotes":""},"categories":[1],"tags":[],"class_list":["post-40808","post","type-post","status-publish","format-standard","has-post-thumbnail","hentry","category-autre"],"acf":[],"yoast_head":"<!-- This site is optimized with the Yoast SEO plugin v27.4 - https:\/\/yoast.com\/product\/yoast-seo-wordpress\/ -->\n<title>Le march\u00e9 ALIGRO d&#039;Emmen: un riche assortiment et un service client\u00e8le impeccable<\/title>\n<meta name=\"description\" content=\"Du rayon boucherie au stock de boissons en passant par les fruits et l\u00e9gumes, le vaste assortiment du march\u00e9 d\u2019Emmen offre un choix de qualit\u00e9.\" \/>\n<meta name=\"robots\" content=\"index, follow, max-snippet:-1, max-image-preview:large, max-video-preview:-1\" \/>\n<link rel=\"canonical\" href=\"https:\/\/www.aligro.ch\/pages\/fr\/news\/profitez-du-riche-assortiment-du-marche-demmen\/\" \/>\n<meta property=\"og:locale\" content=\"fr_FR\" \/>\n<meta property=\"og:type\" content=\"article\" \/>\n<meta property=\"og:title\" content=\"Le march\u00e9 ALIGRO d&#039;Emmen: un riche assortiment et un service client\u00e8le impeccable\" \/>\n<meta property=\"og:description\" content=\"Du rayon boucherie au stock de boissons en passant par les fruits et l\u00e9gumes, le vaste assortiment du march\u00e9 d\u2019Emmen offre un choix de qualit\u00e9.\" \/>\n<meta property=\"og:url\" content=\"https:\/\/www.aligro.ch\/pages\/fr\/news\/profitez-du-riche-assortiment-du-marche-demmen\/\" \/>\n<meta property=\"og:site_name\" content=\"ALIGRO\" \/>\n<meta property=\"article:publisher\" content=\"https:\/\/fb.com\/aligrosuisse\" \/>\n<meta property=\"article:published_time\" content=\"2022-07-27T09:43:45+00:00\" \/>\n<meta property=\"article:modified_time\" content=\"2022-07-28T12:44:18+00:00\" \/>\n<meta property=\"og:image\" content=\"https:\/\/www.aligro.ch\/pages\/wp-content\/uploads\/2022\/07\/2022-07-27-11_21_53-ALIGRO_Luzern_modif-Logo_21.tif-Visionneuse-de-photos-Windows-2-1024x681.png\" \/>\n\t<meta property=\"og:image:width\" content=\"1024\" \/>\n\t<meta property=\"og:image:height\" content=\"681\" \/>\n\t<meta property=\"og:image:type\" content=\"image\/png\" \/>\n<meta name=\"author\" content=\"Vincent Lavanchy\" \/>\n<meta name=\"twitter:card\" content=\"summary_large_image\" \/>\n<meta name=\"twitter:label1\" content=\"\u00c9crit par\" \/>\n\t<meta name=\"twitter:data1\" content=\"Vincent Lavanchy\" \/>\n\t<meta name=\"twitter:label2\" content=\"Dur\u00e9e de lecture estim\u00e9e\" \/>\n\t<meta name=\"twitter:data2\" content=\"2 minutes\" \/>\n<script type=\"application\/ld+json\" class=\"yoast-schema-graph\">{\"@context\":\"https:\\\/\\\/schema.org\",\"@graph\":[{\"@type\":\"Article\",\"@id\":\"https:\\\/\\\/www.aligro.ch\\\/pages\\\/fr\\\/news\\\/profitez-du-riche-assortiment-du-marche-demmen\\\/#article\",\"isPartOf\":{\"@id\":\"https:\\\/\\\/www.aligro.ch\\\/pages\\\/fr\\\/news\\\/profitez-du-riche-assortiment-du-marche-demmen\\\/\"},\"author\":{\"name\":\"Vincent Lavanchy\",\"@id\":\"https:\\\/\\\/www.aligro.ch\\\/pages\\\/#\\\/schema\\\/person\\\/abe4f4a53fec53a8dea10e43adbbe7e3\"},\"headline\":\"Le march\u00e9 ALIGRO d&rsquo;Emmen: un riche assortiment et un service client\u00e8le impeccable\",\"datePublished\":\"2022-07-27T09:43:45+00:00\",\"dateModified\":\"2022-07-28T12:44:18+00:00\",\"mainEntityOfPage\":{\"@id\":\"https:\\\/\\\/www.aligro.ch\\\/pages\\\/fr\\\/news\\\/profitez-du-riche-assortiment-du-marche-demmen\\\/\"},\"wordCount\":443,\"publisher\":{\"@id\":\"https:\\\/\\\/www.aligro.ch\\\/pages\\\/#organization\"},\"image\":{\"@id\":\"https:\\\/\\\/www.aligro.ch\\\/pages\\\/fr\\\/news\\\/profitez-du-riche-assortiment-du-marche-demmen\\\/#primaryimage\"},\"thumbnailUrl\":\"https:\\\/\\\/www.aligro.ch\\\/pages\\\/wp-content\\\/uploads\\\/2022\\\/07\\\/2022-07-27-11_21_53-ALIGRO_Luzern_modif-Logo_21.tif-Visionneuse-de-photos-Windows-2.png\",\"articleSection\":[\"Autre\"],\"inLanguage\":\"fr-FR\"},{\"@type\":\"WebPage\",\"@id\":\"https:\\\/\\\/www.aligro.ch\\\/pages\\\/fr\\\/news\\\/profitez-du-riche-assortiment-du-marche-demmen\\\/\",\"url\":\"https:\\\/\\\/www.aligro.ch\\\/pages\\\/fr\\\/news\\\/profitez-du-riche-assortiment-du-marche-demmen\\\/\",\"name\":\"Le march\u00e9 ALIGRO d'Emmen: un riche assortiment et un service client\u00e8le impeccable\",\"isPartOf\":{\"@id\":\"https:\\\/\\\/www.aligro.ch\\\/pages\\\/#website\"},\"primaryImageOfPage\":{\"@id\":\"https:\\\/\\\/www.aligro.ch\\\/pages\\\/fr\\\/news\\\/profitez-du-riche-assortiment-du-marche-demmen\\\/#primaryimage\"},\"image\":{\"@id\":\"https:\\\/\\\/www.aligro.ch\\\/pages\\\/fr\\\/news\\\/profitez-du-riche-assortiment-du-marche-demmen\\\/#primaryimage\"},\"thumbnailUrl\":\"https:\\\/\\\/www.aligro.ch\\\/pages\\\/wp-content\\\/uploads\\\/2022\\\/07\\\/2022-07-27-11_21_53-ALIGRO_Luzern_modif-Logo_21.tif-Visionneuse-de-photos-Windows-2.png\",\"datePublished\":\"2022-07-27T09:43:45+00:00\",\"dateModified\":\"2022-07-28T12:44:18+00:00\",\"description\":\"Du rayon boucherie au stock de boissons en passant par les fruits et l\u00e9gumes, le vaste assortiment du march\u00e9 d\u2019Emmen offre un choix de qualit\u00e9.\",\"breadcrumb\":{\"@id\":\"https:\\\/\\\/www.aligro.ch\\\/pages\\\/fr\\\/news\\\/profitez-du-riche-assortiment-du-marche-demmen\\\/#breadcrumb\"},\"inLanguage\":\"fr-FR\",\"potentialAction\":[{\"@type\":\"ReadAction\",\"target\":[\"https:\\\/\\\/www.aligro.ch\\\/pages\\\/fr\\\/news\\\/profitez-du-riche-assortiment-du-marche-demmen\\\/\"]}]},{\"@type\":\"ImageObject\",\"inLanguage\":\"fr-FR\",\"@id\":\"https:\\\/\\\/www.aligro.ch\\\/pages\\\/fr\\\/news\\\/profitez-du-riche-assortiment-du-marche-demmen\\\/#primaryimage\",\"url\":\"https:\\\/\\\/www.aligro.ch\\\/pages\\\/wp-content\\\/uploads\\\/2022\\\/07\\\/2022-07-27-11_21_53-ALIGRO_Luzern_modif-Logo_21.tif-Visionneuse-de-photos-Windows-2.png\",\"contentUrl\":\"https:\\\/\\\/www.aligro.ch\\\/pages\\\/wp-content\\\/uploads\\\/2022\\\/07\\\/2022-07-27-11_21_53-ALIGRO_Luzern_modif-Logo_21.tif-Visionneuse-de-photos-Windows-2.png\",\"width\":1341,\"height\":892},{\"@type\":\"BreadcrumbList\",\"@id\":\"https:\\\/\\\/www.aligro.ch\\\/pages\\\/fr\\\/news\\\/profitez-du-riche-assortiment-du-marche-demmen\\\/#breadcrumb\",\"itemListElement\":[{\"@type\":\"ListItem\",\"position\":1,\"name\":\"Accueil\",\"item\":\"https:\\\/\\\/www.aligro.ch\\\/pages\\\/de\\\/aligro-academy\\\/\"},{\"@type\":\"ListItem\",\"position\":2,\"name\":\"Le march\u00e9 ALIGRO d&rsquo;Emmen: un riche assortiment et un service client\u00e8le impeccable\"}]},{\"@type\":\"WebSite\",\"@id\":\"https:\\\/\\\/www.aligro.ch\\\/pages\\\/#website\",\"url\":\"https:\\\/\\\/www.aligro.ch\\\/pages\\\/\",\"name\":\"ALIGRO\",\"description\":\"Fra\u00eecheur. Qualit\u00e9. Inspiration.\",\"publisher\":{\"@id\":\"https:\\\/\\\/www.aligro.ch\\\/pages\\\/#organization\"},\"potentialAction\":[{\"@type\":\"SearchAction\",\"target\":{\"@type\":\"EntryPoint\",\"urlTemplate\":\"https:\\\/\\\/www.aligro.ch\\\/pages\\\/?s={search_term_string}\"},\"query-input\":{\"@type\":\"PropertyValueSpecification\",\"valueRequired\":true,\"valueName\":\"search_term_string\"}}],\"inLanguage\":\"fr-FR\"},{\"@type\":\"Organization\",\"@id\":\"https:\\\/\\\/www.aligro.ch\\\/pages\\\/#organization\",\"name\":\"ALIGRO\",\"url\":\"https:\\\/\\\/www.aligro.ch\\\/pages\\\/\",\"logo\":{\"@type\":\"ImageObject\",\"inLanguage\":\"fr-FR\",\"@id\":\"https:\\\/\\\/www.aligro.ch\\\/pages\\\/#\\\/schema\\\/logo\\\/image\\\/\",\"url\":\"https:\\\/\\\/www.aligro.ch\\\/pages\\\/wp-content\\\/uploads\\\/2018\\\/10\\\/Logo@4x.png\",\"contentUrl\":\"https:\\\/\\\/www.aligro.ch\\\/pages\\\/wp-content\\\/uploads\\\/2018\\\/10\\\/Logo@4x.png\",\"width\":1831,\"height\":228,\"caption\":\"ALIGRO\"},\"image\":{\"@id\":\"https:\\\/\\\/www.aligro.ch\\\/pages\\\/#\\\/schema\\\/logo\\\/image\\\/\"},\"sameAs\":[\"https:\\\/\\\/fb.com\\\/aligrosuisse\"]},{\"@type\":\"Person\",\"@id\":\"https:\\\/\\\/www.aligro.ch\\\/pages\\\/#\\\/schema\\\/person\\\/abe4f4a53fec53a8dea10e43adbbe7e3\",\"name\":\"Vincent Lavanchy\",\"image\":{\"@type\":\"ImageObject\",\"inLanguage\":\"fr-FR\",\"@id\":\"https:\\\/\\\/secure.gravatar.com\\\/avatar\\\/0c26d4efb7d6ae3d3acfb21cea043eed07c8459ea7780b7c5d9d73543f0c4d2e?s=96&d=mm&r=g\",\"url\":\"https:\\\/\\\/secure.gravatar.com\\\/avatar\\\/0c26d4efb7d6ae3d3acfb21cea043eed07c8459ea7780b7c5d9d73543f0c4d2e?s=96&d=mm&r=g\",\"contentUrl\":\"https:\\\/\\\/secure.gravatar.com\\\/avatar\\\/0c26d4efb7d6ae3d3acfb21cea043eed07c8459ea7780b7c5d9d73543f0c4d2e?s=96&d=mm&r=g\",\"caption\":\"Vincent Lavanchy\"}}]}<\/script>\n<!-- \/ Yoast SEO plugin. -->","yoast_head_json":{"title":"Le march\u00e9 ALIGRO d'Emmen: un riche assortiment et un service client\u00e8le impeccable","description":"Du rayon boucherie au stock de boissons en passant par les fruits et l\u00e9gumes, le vaste assortiment du march\u00e9 d\u2019Emmen offre un choix de qualit\u00e9.","robots":{"index":"index","follow":"follow","max-snippet":"max-snippet:-1","max-image-preview":"max-image-preview:large","max-video-preview":"max-video-preview:-1"},"canonical":"https:\/\/www.aligro.ch\/pages\/fr\/news\/profitez-du-riche-assortiment-du-marche-demmen\/","og_locale":"fr_FR","og_type":"article","og_title":"Le march\u00e9 ALIGRO d'Emmen: un riche assortiment et un service client\u00e8le impeccable","og_description":"Du rayon boucherie au stock de boissons en passant par les fruits et l\u00e9gumes, le vaste assortiment du march\u00e9 d\u2019Emmen offre un choix de qualit\u00e9.","og_url":"https:\/\/www.aligro.ch\/pages\/fr\/news\/profitez-du-riche-assortiment-du-marche-demmen\/","og_site_name":"ALIGRO","article_publisher":"https:\/\/fb.com\/aligrosuisse","article_published_time":"2022-07-27T09:43:45+00:00","article_modified_time":"2022-07-28T12:44:18+00:00","og_image":[{"width":1024,"height":681,"url":"https:\/\/www.aligro.ch\/pages\/wp-content\/uploads\/2022\/07\/2022-07-27-11_21_53-ALIGRO_Luzern_modif-Logo_21.tif-Visionneuse-de-photos-Windows-2-1024x681.png","type":"image\/png"}],"author":"Vincent Lavanchy","twitter_card":"summary_large_image","twitter_misc":{"\u00c9crit par":"Vincent Lavanchy","Dur\u00e9e de lecture estim\u00e9e":"2 minutes"},"schema":{"@context":"https:\/\/schema.org","@graph":[{"@type":"Article","@id":"https:\/\/www.aligro.ch\/pages\/fr\/news\/profitez-du-riche-assortiment-du-marche-demmen\/#article","isPartOf":{"@id":"https:\/\/www.aligro.ch\/pages\/fr\/news\/profitez-du-riche-assortiment-du-marche-demmen\/"},"author":{"name":"Vincent Lavanchy","@id":"https:\/\/www.aligro.ch\/pages\/#\/schema\/person\/abe4f4a53fec53a8dea10e43adbbe7e3"},"headline":"Le march\u00e9 ALIGRO d&rsquo;Emmen: un riche assortiment et un service client\u00e8le impeccable","datePublished":"2022-07-27T09:43:45+00:00","dateModified":"2022-07-28T12:44:18+00:00","mainEntityOfPage":{"@id":"https:\/\/www.aligro.ch\/pages\/fr\/news\/profitez-du-riche-assortiment-du-marche-demmen\/"},"wordCount":443,"publisher":{"@id":"https:\/\/www.aligro.ch\/pages\/#organization"},"image":{"@id":"https:\/\/www.aligro.ch\/pages\/fr\/news\/profitez-du-riche-assortiment-du-marche-demmen\/#primaryimage"},"thumbnailUrl":"https:\/\/www.aligro.ch\/pages\/wp-content\/uploads\/2022\/07\/2022-07-27-11_21_53-ALIGRO_Luzern_modif-Logo_21.tif-Visionneuse-de-photos-Windows-2.png","articleSection":["Autre"],"inLanguage":"fr-FR"},{"@type":"WebPage","@id":"https:\/\/www.aligro.ch\/pages\/fr\/news\/profitez-du-riche-assortiment-du-marche-demmen\/","url":"https:\/\/www.aligro.ch\/pages\/fr\/news\/profitez-du-riche-assortiment-du-marche-demmen\/","name":"Le march\u00e9 ALIGRO d'Emmen: un riche assortiment et un service client\u00e8le impeccable","isPartOf":{"@id":"https:\/\/www.aligro.ch\/pages\/#website"},"primaryImageOfPage":{"@id":"https:\/\/www.aligro.ch\/pages\/fr\/news\/profitez-du-riche-assortiment-du-marche-demmen\/#primaryimage"},"image":{"@id":"https:\/\/www.aligro.ch\/pages\/fr\/news\/profitez-du-riche-assortiment-du-marche-demmen\/#primaryimage"},"thumbnailUrl":"https:\/\/www.aligro.ch\/pages\/wp-content\/uploads\/2022\/07\/2022-07-27-11_21_53-ALIGRO_Luzern_modif-Logo_21.tif-Visionneuse-de-photos-Windows-2.png","datePublished":"2022-07-27T09:43:45+00:00","dateModified":"2022-07-28T12:44:18+00:00","description":"Du rayon boucherie au stock de boissons en passant par les fruits et l\u00e9gumes, le vaste assortiment du march\u00e9 d\u2019Emmen offre un choix de qualit\u00e9.","breadcrumb":{"@id":"https:\/\/www.aligro.ch\/pages\/fr\/news\/profitez-du-riche-assortiment-du-marche-demmen\/#breadcrumb"},"inLanguage":"fr-FR","potentialAction":[{"@type":"ReadAction","target":["https:\/\/www.aligro.ch\/pages\/fr\/news\/profitez-du-riche-assortiment-du-marche-demmen\/"]}]},{"@type":"ImageObject","inLanguage":"fr-FR","@id":"https:\/\/www.aligro.ch\/pages\/fr\/news\/profitez-du-riche-assortiment-du-marche-demmen\/#primaryimage","url":"https:\/\/www.aligro.ch\/pages\/wp-content\/uploads\/2022\/07\/2022-07-27-11_21_53-ALIGRO_Luzern_modif-Logo_21.tif-Visionneuse-de-photos-Windows-2.png","contentUrl":"https:\/\/www.aligro.ch\/pages\/wp-content\/uploads\/2022\/07\/2022-07-27-11_21_53-ALIGRO_Luzern_modif-Logo_21.tif-Visionneuse-de-photos-Windows-2.png","width":1341,"height":892},{"@type":"BreadcrumbList","@id":"https:\/\/www.aligro.ch\/pages\/fr\/news\/profitez-du-riche-assortiment-du-marche-demmen\/#breadcrumb","itemListElement":[{"@type":"ListItem","position":1,"name":"Accueil","item":"https:\/\/www.aligro.ch\/pages\/de\/aligro-academy\/"},{"@type":"ListItem","position":2,"name":"Le march\u00e9 ALIGRO d&rsquo;Emmen: un riche assortiment et un service client\u00e8le impeccable"}]},{"@type":"WebSite","@id":"https:\/\/www.aligro.ch\/pages\/#website","url":"https:\/\/www.aligro.ch\/pages\/","name":"ALIGRO","description":"Fra\u00eecheur. Qualit\u00e9. Inspiration.","publisher":{"@id":"https:\/\/www.aligro.ch\/pages\/#organization"},"potentialAction":[{"@type":"SearchAction","target":{"@type":"EntryPoint","urlTemplate":"https:\/\/www.aligro.ch\/pages\/?s={search_term_string}"},"query-input":{"@type":"PropertyValueSpecification","valueRequired":true,"valueName":"search_term_string"}}],"inLanguage":"fr-FR"},{"@type":"Organization","@id":"https:\/\/www.aligro.ch\/pages\/#organization","name":"ALIGRO","url":"https:\/\/www.aligro.ch\/pages\/","logo":{"@type":"ImageObject","inLanguage":"fr-FR","@id":"https:\/\/www.aligro.ch\/pages\/#\/schema\/logo\/image\/","url":"https:\/\/www.aligro.ch\/pages\/wp-content\/uploads\/2018\/10\/Logo@4x.png","contentUrl":"https:\/\/www.aligro.ch\/pages\/wp-content\/uploads\/2018\/10\/Logo@4x.png","width":1831,"height":228,"caption":"ALIGRO"},"image":{"@id":"https:\/\/www.aligro.ch\/pages\/#\/schema\/logo\/image\/"},"sameAs":["https:\/\/fb.com\/aligrosuisse"]},{"@type":"Person","@id":"https:\/\/www.aligro.ch\/pages\/#\/schema\/person\/abe4f4a53fec53a8dea10e43adbbe7e3","name":"Vincent Lavanchy","image":{"@type":"ImageObject","inLanguage":"fr-FR","@id":"https:\/\/secure.gravatar.com\/avatar\/0c26d4efb7d6ae3d3acfb21cea043eed07c8459ea7780b7c5d9d73543f0c4d2e?s=96&d=mm&r=g","url":"https:\/\/secure.gravatar.com\/avatar\/0c26d4efb7d6ae3d3acfb21cea043eed07c8459ea7780b7c5d9d73543f0c4d2e?s=96&d=mm&r=g","contentUrl":"https:\/\/secure.gravatar.com\/avatar\/0c26d4efb7d6ae3d3acfb21cea043eed07c8459ea7780b7c5d9d73543f0c4d2e?s=96&d=mm&r=g","caption":"Vincent Lavanchy"}}]}},"_links":{"self":[{"href":"https:\/\/www.aligro.ch\/pages\/wp-json\/wp\/v2\/posts\/40808","targetHints":{"allow":["GET"]}}],"collection":[{"href":"https:\/\/www.aligro.ch\/pages\/wp-json\/wp\/v2\/posts"}],"about":[{"href":"https:\/\/www.aligro.ch\/pages\/wp-json\/wp\/v2\/types\/post"}],"author":[{"embeddable":true,"href":"https:\/\/www.aligro.ch\/pages\/wp-json\/wp\/v2\/users\/9"}],"replies":[{"embeddable":true,"href":"https:\/\/www.aligro.ch\/pages\/wp-json\/wp\/v2\/comments?post=40808"}],"version-history":[{"count":2,"href":"https:\/\/www.aligro.ch\/pages\/wp-json\/wp\/v2\/posts\/40808\/revisions"}],"predecessor-version":[{"id":40848,"href":"https:\/\/www.aligro.ch\/pages\/wp-json\/wp\/v2\/posts\/40808\/revisions\/40848"}],"wp:featuredmedia":[{"embeddable":true,"href":"https:\/\/www.aligro.ch\/pages\/wp-json\/wp\/v2\/media\/40809"}],"wp:attachment":[{"href":"https:\/\/www.aligro.ch\/pages\/wp-json\/wp\/v2\/media?parent=40808"}],"wp:term":[{"taxonomy":"category","embeddable":true,"href":"https:\/\/www.aligro.ch\/pages\/wp-json\/wp\/v2\/categories?post=40808"},{"taxonomy":"post_tag","embeddable":true,"href":"https:\/\/www.aligro.ch\/pages\/wp-json\/wp\/v2\/tags?post=40808"}],"curies":[{"name":"wp","href":"https:\/\/api.w.org\/{rel}","templated":true}]}}