{"id":40804,"date":"2022-07-27T11:26:22","date_gmt":"2022-07-27T09:26:22","guid":{"rendered":"https:\/\/www.aligro.ch\/pages\/?p=40804"},"modified":"2022-07-28T14:44:30","modified_gmt":"2022-07-28T12:44:30","slug":"profitieren-sie-vom-breiten-sortiment-des-marktes-emmen","status":"publish","type":"post","link":"https:\/\/www.aligro.ch\/pages\/de\/news\/profitieren-sie-vom-breiten-sortiment-des-marktes-emmen\/","title":{"rendered":"Der ALIGRO-Markt in Emmen: Breites Sortiment und ausgezeichneter Kundenservice"},"content":{"rendered":"<div class=\"wpb-content-wrapper\"><p>[vc_row][vc_column][vc_column_text]<strong>Von der Metzgerei \u00fcber die Obst- und Gem\u00fcseabteilung bis hin zum Getr\u00e4nkelager &#8211; das breite Sortiment des Marktes in Emmen bietet den Kunden eine erstklassige Auswahl. Das fachkundige Personal steht den Kunden mit kompetenter Beratung zur Seite.<\/strong><\/p>\n<p><strong>Eine breite Auswahl an Fleisch<\/strong><\/p>\n<p>In der Metzgerei des Marktes findet man sehr viele Fleischst\u00fccke zu attraktiven Preisen. Ob Tomahawk, Parisienne, Rumpsteak, Geschnetzeltes, Ragout, Filet oder Rib-Eye-Steak vom Rind, Karree, Schweinsfilet, Grenadine oder Schweinsbrust &#8211; die Kunden haben eine grosse Auswahl. Im Markt gibt es eine Vielzahl von Teilst\u00fccken, aus denen sich die unterschiedlichsten Gerichte zubereiten lassen. Es gibt auch zahlreiche St\u00fccke von Gefl\u00fcgel, Lamm, Kaninchen, Pferd und Wild. Im Bereich des regionalen Angebots bietet der Markt unter anderem Charcuterie aus einer Luzerner Metzgerei an.<\/p>\n<p>Das Fachpersonal steht den G\u00e4sten zur Verf\u00fcgung und ber\u00e4t sie gerne bei der Auswahl.<\/p>\n<p><strong>Erfrischende Getr\u00e4nke zum Men\u00fc <\/strong><\/p>\n<p>Das Getr\u00e4nkesortiment von ALIGRO umfasst eine Vielzahl von Artikeln, von alkoholfreien Getr\u00e4nken \u00fcber Spirituosen bis hin zu Wein, Bier und handgemachtem Sirup. Es gibt fast 1000 Weine aus der Schweiz (insbesondere aus dem Waadtland, dem Wallis und dem Tessin) und aus dem Ausland, mit verschiedenen Appellationen und Rebsorten, grossen Namen und weniger bekannten Referenzen. Das Biersortiment umfasst \u00fcber 150 verschiedene Sorten, mit lokalem Angebot wie Eichhof, Qu\u00f6llfrisch oder Feldschl\u00f6sschen.<\/p>\n<p>Das regionale Angebot an Softdrinks bietet unter anderem Knutwiler Sodawasser sowie Ramseier Fruchts\u00e4fte. Zu den Neuheiten in den alkoholfreien Rayons geh\u00f6ren die Tony Mate.[\/vc_column_text][\/vc_column][\/vc_row]<\/p>\n<\/div>","protected":false},"excerpt":{"rendered":"<p>[vc_row][vc_column][vc_column_text]Von der Metzgerei \u00fcber die Obst- und Gem\u00fcseabteilung bis hin zum Getr\u00e4nkelager &#8211; das breite Sortiment des Marktes<a class=\"moretag\" href=\"https:\/\/www.aligro.ch\/pages\/de\/news\/profitieren-sie-vom-breiten-sortiment-des-marktes-emmen\/\"> &#8230;<\/a><\/p>\n","protected":false},"author":9,"featured_media":40805,"comment_status":"closed","ping_status":"closed","sticky":false,"template":"","format":"standard","meta":{"_acf_changed":false,"footnotes":""},"categories":[7],"tags":[],"class_list":["post-40804","post","type-post","status-publish","format-standard","has-post-thumbnail","hentry","category-andere"],"acf":[],"yoast_head":"<!-- This site is optimized with the Yoast SEO plugin v27.4 - https:\/\/yoast.com\/product\/yoast-seo-wordpress\/ -->\n<title>Der ALIGRO-Markt in Emmen: Breites Sortiment und ausgezeichneter Kundenservice<\/title>\n<meta name=\"description\" content=\"Von der Metzgerei \u00fcber die Obst- und Gem\u00fcseabteilung bis hin zum Getr\u00e4nkelager - das breite Sortiment des Marktes in Emmen bietet den Kunden eine erstklassige Auswahl.\" \/>\n<meta name=\"robots\" content=\"index, follow, max-snippet:-1, max-image-preview:large, max-video-preview:-1\" \/>\n<link rel=\"canonical\" href=\"https:\/\/www.aligro.ch\/pages\/de\/news\/profitieren-sie-vom-breiten-sortiment-des-marktes-emmen\/\" \/>\n<meta property=\"og:locale\" content=\"fr_FR\" \/>\n<meta property=\"og:type\" content=\"article\" \/>\n<meta property=\"og:title\" content=\"Der ALIGRO-Markt in Emmen: Breites Sortiment und ausgezeichneter Kundenservice\" \/>\n<meta property=\"og:description\" content=\"Von der Metzgerei \u00fcber die Obst- und Gem\u00fcseabteilung bis hin zum Getr\u00e4nkelager - das breite Sortiment des Marktes in Emmen bietet den Kunden eine erstklassige Auswahl.\" \/>\n<meta property=\"og:url\" content=\"https:\/\/www.aligro.ch\/pages\/de\/news\/profitieren-sie-vom-breiten-sortiment-des-marktes-emmen\/\" \/>\n<meta property=\"og:site_name\" content=\"ALIGRO\" \/>\n<meta property=\"article:publisher\" content=\"https:\/\/fb.com\/aligrosuisse\" \/>\n<meta property=\"article:published_time\" content=\"2022-07-27T09:26:22+00:00\" \/>\n<meta property=\"article:modified_time\" content=\"2022-07-28T12:44:30+00:00\" \/>\n<meta property=\"og:image\" content=\"https:\/\/www.aligro.ch\/pages\/wp-content\/uploads\/2022\/07\/2022-07-27-11_21_53-ALIGRO_Luzern_modif-Logo_21.tif-Visionneuse-de-photos-Windows-1-1024x681.png\" \/>\n\t<meta property=\"og:image:width\" content=\"1024\" \/>\n\t<meta property=\"og:image:height\" content=\"681\" \/>\n\t<meta property=\"og:image:type\" content=\"image\/png\" \/>\n<meta name=\"author\" content=\"Vincent Lavanchy\" \/>\n<meta name=\"twitter:card\" content=\"summary_large_image\" \/>\n<meta name=\"twitter:label1\" content=\"\u00c9crit par\" \/>\n\t<meta name=\"twitter:data1\" content=\"Vincent Lavanchy\" \/>\n\t<meta name=\"twitter:label2\" content=\"Dur\u00e9e de lecture estim\u00e9e\" \/>\n\t<meta name=\"twitter:data2\" content=\"2 minutes\" \/>\n<script type=\"application\/ld+json\" class=\"yoast-schema-graph\">{\"@context\":\"https:\\\/\\\/schema.org\",\"@graph\":[{\"@type\":\"Article\",\"@id\":\"https:\\\/\\\/www.aligro.ch\\\/pages\\\/de\\\/news\\\/profitieren-sie-vom-breiten-sortiment-des-marktes-emmen\\\/#article\",\"isPartOf\":{\"@id\":\"https:\\\/\\\/www.aligro.ch\\\/pages\\\/de\\\/news\\\/profitieren-sie-vom-breiten-sortiment-des-marktes-emmen\\\/\"},\"author\":{\"name\":\"Vincent Lavanchy\",\"@id\":\"https:\\\/\\\/www.aligro.ch\\\/pages\\\/#\\\/schema\\\/person\\\/abe4f4a53fec53a8dea10e43adbbe7e3\"},\"headline\":\"Der ALIGRO-Markt in Emmen: Breites Sortiment und ausgezeichneter Kundenservice\",\"datePublished\":\"2022-07-27T09:26:22+00:00\",\"dateModified\":\"2022-07-28T12:44:30+00:00\",\"mainEntityOfPage\":{\"@id\":\"https:\\\/\\\/www.aligro.ch\\\/pages\\\/de\\\/news\\\/profitieren-sie-vom-breiten-sortiment-des-marktes-emmen\\\/\"},\"wordCount\":270,\"publisher\":{\"@id\":\"https:\\\/\\\/www.aligro.ch\\\/pages\\\/#organization\"},\"image\":{\"@id\":\"https:\\\/\\\/www.aligro.ch\\\/pages\\\/de\\\/news\\\/profitieren-sie-vom-breiten-sortiment-des-marktes-emmen\\\/#primaryimage\"},\"thumbnailUrl\":\"https:\\\/\\\/www.aligro.ch\\\/pages\\\/wp-content\\\/uploads\\\/2022\\\/07\\\/2022-07-27-11_21_53-ALIGRO_Luzern_modif-Logo_21.tif-Visionneuse-de-photos-Windows-1.png\",\"articleSection\":[\"Andere\"],\"inLanguage\":\"fr-FR\"},{\"@type\":\"WebPage\",\"@id\":\"https:\\\/\\\/www.aligro.ch\\\/pages\\\/de\\\/news\\\/profitieren-sie-vom-breiten-sortiment-des-marktes-emmen\\\/\",\"url\":\"https:\\\/\\\/www.aligro.ch\\\/pages\\\/de\\\/news\\\/profitieren-sie-vom-breiten-sortiment-des-marktes-emmen\\\/\",\"name\":\"Der ALIGRO-Markt in Emmen: Breites Sortiment und ausgezeichneter Kundenservice\",\"isPartOf\":{\"@id\":\"https:\\\/\\\/www.aligro.ch\\\/pages\\\/#website\"},\"primaryImageOfPage\":{\"@id\":\"https:\\\/\\\/www.aligro.ch\\\/pages\\\/de\\\/news\\\/profitieren-sie-vom-breiten-sortiment-des-marktes-emmen\\\/#primaryimage\"},\"image\":{\"@id\":\"https:\\\/\\\/www.aligro.ch\\\/pages\\\/de\\\/news\\\/profitieren-sie-vom-breiten-sortiment-des-marktes-emmen\\\/#primaryimage\"},\"thumbnailUrl\":\"https:\\\/\\\/www.aligro.ch\\\/pages\\\/wp-content\\\/uploads\\\/2022\\\/07\\\/2022-07-27-11_21_53-ALIGRO_Luzern_modif-Logo_21.tif-Visionneuse-de-photos-Windows-1.png\",\"datePublished\":\"2022-07-27T09:26:22+00:00\",\"dateModified\":\"2022-07-28T12:44:30+00:00\",\"description\":\"Von der Metzgerei \u00fcber die Obst- und Gem\u00fcseabteilung bis hin zum Getr\u00e4nkelager - das breite Sortiment des Marktes in Emmen bietet den Kunden eine erstklassige Auswahl.\",\"breadcrumb\":{\"@id\":\"https:\\\/\\\/www.aligro.ch\\\/pages\\\/de\\\/news\\\/profitieren-sie-vom-breiten-sortiment-des-marktes-emmen\\\/#breadcrumb\"},\"inLanguage\":\"fr-FR\",\"potentialAction\":[{\"@type\":\"ReadAction\",\"target\":[\"https:\\\/\\\/www.aligro.ch\\\/pages\\\/de\\\/news\\\/profitieren-sie-vom-breiten-sortiment-des-marktes-emmen\\\/\"]}]},{\"@type\":\"ImageObject\",\"inLanguage\":\"fr-FR\",\"@id\":\"https:\\\/\\\/www.aligro.ch\\\/pages\\\/de\\\/news\\\/profitieren-sie-vom-breiten-sortiment-des-marktes-emmen\\\/#primaryimage\",\"url\":\"https:\\\/\\\/www.aligro.ch\\\/pages\\\/wp-content\\\/uploads\\\/2022\\\/07\\\/2022-07-27-11_21_53-ALIGRO_Luzern_modif-Logo_21.tif-Visionneuse-de-photos-Windows-1.png\",\"contentUrl\":\"https:\\\/\\\/www.aligro.ch\\\/pages\\\/wp-content\\\/uploads\\\/2022\\\/07\\\/2022-07-27-11_21_53-ALIGRO_Luzern_modif-Logo_21.tif-Visionneuse-de-photos-Windows-1.png\",\"width\":1341,\"height\":892},{\"@type\":\"BreadcrumbList\",\"@id\":\"https:\\\/\\\/www.aligro.ch\\\/pages\\\/de\\\/news\\\/profitieren-sie-vom-breiten-sortiment-des-marktes-emmen\\\/#breadcrumb\",\"itemListElement\":[{\"@type\":\"ListItem\",\"position\":1,\"name\":\"Accueil\",\"item\":\"https:\\\/\\\/www.aligro.ch\\\/pages\\\/de\\\/aligro-academy\\\/\"},{\"@type\":\"ListItem\",\"position\":2,\"name\":\"Der ALIGRO-Markt in Emmen: Breites Sortiment und ausgezeichneter Kundenservice\"}]},{\"@type\":\"WebSite\",\"@id\":\"https:\\\/\\\/www.aligro.ch\\\/pages\\\/#website\",\"url\":\"https:\\\/\\\/www.aligro.ch\\\/pages\\\/\",\"name\":\"ALIGRO\",\"description\":\"Fra\u00eecheur. Qualit\u00e9. Inspiration.\",\"publisher\":{\"@id\":\"https:\\\/\\\/www.aligro.ch\\\/pages\\\/#organization\"},\"potentialAction\":[{\"@type\":\"SearchAction\",\"target\":{\"@type\":\"EntryPoint\",\"urlTemplate\":\"https:\\\/\\\/www.aligro.ch\\\/pages\\\/?s={search_term_string}\"},\"query-input\":{\"@type\":\"PropertyValueSpecification\",\"valueRequired\":true,\"valueName\":\"search_term_string\"}}],\"inLanguage\":\"fr-FR\"},{\"@type\":\"Organization\",\"@id\":\"https:\\\/\\\/www.aligro.ch\\\/pages\\\/#organization\",\"name\":\"ALIGRO\",\"url\":\"https:\\\/\\\/www.aligro.ch\\\/pages\\\/\",\"logo\":{\"@type\":\"ImageObject\",\"inLanguage\":\"fr-FR\",\"@id\":\"https:\\\/\\\/www.aligro.ch\\\/pages\\\/#\\\/schema\\\/logo\\\/image\\\/\",\"url\":\"https:\\\/\\\/www.aligro.ch\\\/pages\\\/wp-content\\\/uploads\\\/2018\\\/10\\\/Logo@4x.png\",\"contentUrl\":\"https:\\\/\\\/www.aligro.ch\\\/pages\\\/wp-content\\\/uploads\\\/2018\\\/10\\\/Logo@4x.png\",\"width\":1831,\"height\":228,\"caption\":\"ALIGRO\"},\"image\":{\"@id\":\"https:\\\/\\\/www.aligro.ch\\\/pages\\\/#\\\/schema\\\/logo\\\/image\\\/\"},\"sameAs\":[\"https:\\\/\\\/fb.com\\\/aligrosuisse\"]},{\"@type\":\"Person\",\"@id\":\"https:\\\/\\\/www.aligro.ch\\\/pages\\\/#\\\/schema\\\/person\\\/abe4f4a53fec53a8dea10e43adbbe7e3\",\"name\":\"Vincent Lavanchy\",\"image\":{\"@type\":\"ImageObject\",\"inLanguage\":\"fr-FR\",\"@id\":\"https:\\\/\\\/secure.gravatar.com\\\/avatar\\\/0c26d4efb7d6ae3d3acfb21cea043eed07c8459ea7780b7c5d9d73543f0c4d2e?s=96&d=mm&r=g\",\"url\":\"https:\\\/\\\/secure.gravatar.com\\\/avatar\\\/0c26d4efb7d6ae3d3acfb21cea043eed07c8459ea7780b7c5d9d73543f0c4d2e?s=96&d=mm&r=g\",\"contentUrl\":\"https:\\\/\\\/secure.gravatar.com\\\/avatar\\\/0c26d4efb7d6ae3d3acfb21cea043eed07c8459ea7780b7c5d9d73543f0c4d2e?s=96&d=mm&r=g\",\"caption\":\"Vincent Lavanchy\"}}]}<\/script>\n<!-- \/ Yoast SEO plugin. -->","yoast_head_json":{"title":"Der ALIGRO-Markt in Emmen: Breites Sortiment und ausgezeichneter Kundenservice","description":"Von der Metzgerei \u00fcber die Obst- und Gem\u00fcseabteilung bis hin zum Getr\u00e4nkelager - das breite Sortiment des Marktes in Emmen bietet den Kunden eine erstklassige Auswahl.","robots":{"index":"index","follow":"follow","max-snippet":"max-snippet:-1","max-image-preview":"max-image-preview:large","max-video-preview":"max-video-preview:-1"},"canonical":"https:\/\/www.aligro.ch\/pages\/de\/news\/profitieren-sie-vom-breiten-sortiment-des-marktes-emmen\/","og_locale":"fr_FR","og_type":"article","og_title":"Der ALIGRO-Markt in Emmen: Breites Sortiment und ausgezeichneter Kundenservice","og_description":"Von der Metzgerei \u00fcber die Obst- und Gem\u00fcseabteilung bis hin zum Getr\u00e4nkelager - das breite Sortiment des Marktes in Emmen bietet den Kunden eine erstklassige Auswahl.","og_url":"https:\/\/www.aligro.ch\/pages\/de\/news\/profitieren-sie-vom-breiten-sortiment-des-marktes-emmen\/","og_site_name":"ALIGRO","article_publisher":"https:\/\/fb.com\/aligrosuisse","article_published_time":"2022-07-27T09:26:22+00:00","article_modified_time":"2022-07-28T12:44:30+00:00","og_image":[{"width":1024,"height":681,"url":"https:\/\/www.aligro.ch\/pages\/wp-content\/uploads\/2022\/07\/2022-07-27-11_21_53-ALIGRO_Luzern_modif-Logo_21.tif-Visionneuse-de-photos-Windows-1-1024x681.png","type":"image\/png"}],"author":"Vincent Lavanchy","twitter_card":"summary_large_image","twitter_misc":{"\u00c9crit par":"Vincent Lavanchy","Dur\u00e9e de lecture estim\u00e9e":"2 minutes"},"schema":{"@context":"https:\/\/schema.org","@graph":[{"@type":"Article","@id":"https:\/\/www.aligro.ch\/pages\/de\/news\/profitieren-sie-vom-breiten-sortiment-des-marktes-emmen\/#article","isPartOf":{"@id":"https:\/\/www.aligro.ch\/pages\/de\/news\/profitieren-sie-vom-breiten-sortiment-des-marktes-emmen\/"},"author":{"name":"Vincent Lavanchy","@id":"https:\/\/www.aligro.ch\/pages\/#\/schema\/person\/abe4f4a53fec53a8dea10e43adbbe7e3"},"headline":"Der ALIGRO-Markt in Emmen: Breites Sortiment und ausgezeichneter Kundenservice","datePublished":"2022-07-27T09:26:22+00:00","dateModified":"2022-07-28T12:44:30+00:00","mainEntityOfPage":{"@id":"https:\/\/www.aligro.ch\/pages\/de\/news\/profitieren-sie-vom-breiten-sortiment-des-marktes-emmen\/"},"wordCount":270,"publisher":{"@id":"https:\/\/www.aligro.ch\/pages\/#organization"},"image":{"@id":"https:\/\/www.aligro.ch\/pages\/de\/news\/profitieren-sie-vom-breiten-sortiment-des-marktes-emmen\/#primaryimage"},"thumbnailUrl":"https:\/\/www.aligro.ch\/pages\/wp-content\/uploads\/2022\/07\/2022-07-27-11_21_53-ALIGRO_Luzern_modif-Logo_21.tif-Visionneuse-de-photos-Windows-1.png","articleSection":["Andere"],"inLanguage":"fr-FR"},{"@type":"WebPage","@id":"https:\/\/www.aligro.ch\/pages\/de\/news\/profitieren-sie-vom-breiten-sortiment-des-marktes-emmen\/","url":"https:\/\/www.aligro.ch\/pages\/de\/news\/profitieren-sie-vom-breiten-sortiment-des-marktes-emmen\/","name":"Der ALIGRO-Markt in Emmen: Breites Sortiment und ausgezeichneter Kundenservice","isPartOf":{"@id":"https:\/\/www.aligro.ch\/pages\/#website"},"primaryImageOfPage":{"@id":"https:\/\/www.aligro.ch\/pages\/de\/news\/profitieren-sie-vom-breiten-sortiment-des-marktes-emmen\/#primaryimage"},"image":{"@id":"https:\/\/www.aligro.ch\/pages\/de\/news\/profitieren-sie-vom-breiten-sortiment-des-marktes-emmen\/#primaryimage"},"thumbnailUrl":"https:\/\/www.aligro.ch\/pages\/wp-content\/uploads\/2022\/07\/2022-07-27-11_21_53-ALIGRO_Luzern_modif-Logo_21.tif-Visionneuse-de-photos-Windows-1.png","datePublished":"2022-07-27T09:26:22+00:00","dateModified":"2022-07-28T12:44:30+00:00","description":"Von der Metzgerei \u00fcber die Obst- und Gem\u00fcseabteilung bis hin zum Getr\u00e4nkelager - das breite Sortiment des Marktes in Emmen bietet den Kunden eine erstklassige Auswahl.","breadcrumb":{"@id":"https:\/\/www.aligro.ch\/pages\/de\/news\/profitieren-sie-vom-breiten-sortiment-des-marktes-emmen\/#breadcrumb"},"inLanguage":"fr-FR","potentialAction":[{"@type":"ReadAction","target":["https:\/\/www.aligro.ch\/pages\/de\/news\/profitieren-sie-vom-breiten-sortiment-des-marktes-emmen\/"]}]},{"@type":"ImageObject","inLanguage":"fr-FR","@id":"https:\/\/www.aligro.ch\/pages\/de\/news\/profitieren-sie-vom-breiten-sortiment-des-marktes-emmen\/#primaryimage","url":"https:\/\/www.aligro.ch\/pages\/wp-content\/uploads\/2022\/07\/2022-07-27-11_21_53-ALIGRO_Luzern_modif-Logo_21.tif-Visionneuse-de-photos-Windows-1.png","contentUrl":"https:\/\/www.aligro.ch\/pages\/wp-content\/uploads\/2022\/07\/2022-07-27-11_21_53-ALIGRO_Luzern_modif-Logo_21.tif-Visionneuse-de-photos-Windows-1.png","width":1341,"height":892},{"@type":"BreadcrumbList","@id":"https:\/\/www.aligro.ch\/pages\/de\/news\/profitieren-sie-vom-breiten-sortiment-des-marktes-emmen\/#breadcrumb","itemListElement":[{"@type":"ListItem","position":1,"name":"Accueil","item":"https:\/\/www.aligro.ch\/pages\/de\/aligro-academy\/"},{"@type":"ListItem","position":2,"name":"Der ALIGRO-Markt in Emmen: Breites Sortiment und ausgezeichneter Kundenservice"}]},{"@type":"WebSite","@id":"https:\/\/www.aligro.ch\/pages\/#website","url":"https:\/\/www.aligro.ch\/pages\/","name":"ALIGRO","description":"Fra\u00eecheur. Qualit\u00e9. Inspiration.","publisher":{"@id":"https:\/\/www.aligro.ch\/pages\/#organization"},"potentialAction":[{"@type":"SearchAction","target":{"@type":"EntryPoint","urlTemplate":"https:\/\/www.aligro.ch\/pages\/?s={search_term_string}"},"query-input":{"@type":"PropertyValueSpecification","valueRequired":true,"valueName":"search_term_string"}}],"inLanguage":"fr-FR"},{"@type":"Organization","@id":"https:\/\/www.aligro.ch\/pages\/#organization","name":"ALIGRO","url":"https:\/\/www.aligro.ch\/pages\/","logo":{"@type":"ImageObject","inLanguage":"fr-FR","@id":"https:\/\/www.aligro.ch\/pages\/#\/schema\/logo\/image\/","url":"https:\/\/www.aligro.ch\/pages\/wp-content\/uploads\/2018\/10\/Logo@4x.png","contentUrl":"https:\/\/www.aligro.ch\/pages\/wp-content\/uploads\/2018\/10\/Logo@4x.png","width":1831,"height":228,"caption":"ALIGRO"},"image":{"@id":"https:\/\/www.aligro.ch\/pages\/#\/schema\/logo\/image\/"},"sameAs":["https:\/\/fb.com\/aligrosuisse"]},{"@type":"Person","@id":"https:\/\/www.aligro.ch\/pages\/#\/schema\/person\/abe4f4a53fec53a8dea10e43adbbe7e3","name":"Vincent Lavanchy","image":{"@type":"ImageObject","inLanguage":"fr-FR","@id":"https:\/\/secure.gravatar.com\/avatar\/0c26d4efb7d6ae3d3acfb21cea043eed07c8459ea7780b7c5d9d73543f0c4d2e?s=96&d=mm&r=g","url":"https:\/\/secure.gravatar.com\/avatar\/0c26d4efb7d6ae3d3acfb21cea043eed07c8459ea7780b7c5d9d73543f0c4d2e?s=96&d=mm&r=g","contentUrl":"https:\/\/secure.gravatar.com\/avatar\/0c26d4efb7d6ae3d3acfb21cea043eed07c8459ea7780b7c5d9d73543f0c4d2e?s=96&d=mm&r=g","caption":"Vincent Lavanchy"}}]}},"_links":{"self":[{"href":"https:\/\/www.aligro.ch\/pages\/wp-json\/wp\/v2\/posts\/40804","targetHints":{"allow":["GET"]}}],"collection":[{"href":"https:\/\/www.aligro.ch\/pages\/wp-json\/wp\/v2\/posts"}],"about":[{"href":"https:\/\/www.aligro.ch\/pages\/wp-json\/wp\/v2\/types\/post"}],"author":[{"embeddable":true,"href":"https:\/\/www.aligro.ch\/pages\/wp-json\/wp\/v2\/users\/9"}],"replies":[{"embeddable":true,"href":"https:\/\/www.aligro.ch\/pages\/wp-json\/wp\/v2\/comments?post=40804"}],"version-history":[{"count":2,"href":"https:\/\/www.aligro.ch\/pages\/wp-json\/wp\/v2\/posts\/40804\/revisions"}],"predecessor-version":[{"id":40849,"href":"https:\/\/www.aligro.ch\/pages\/wp-json\/wp\/v2\/posts\/40804\/revisions\/40849"}],"wp:featuredmedia":[{"embeddable":true,"href":"https:\/\/www.aligro.ch\/pages\/wp-json\/wp\/v2\/media\/40805"}],"wp:attachment":[{"href":"https:\/\/www.aligro.ch\/pages\/wp-json\/wp\/v2\/media?parent=40804"}],"wp:term":[{"taxonomy":"category","embeddable":true,"href":"https:\/\/www.aligro.ch\/pages\/wp-json\/wp\/v2\/categories?post=40804"},{"taxonomy":"post_tag","embeddable":true,"href":"https:\/\/www.aligro.ch\/pages\/wp-json\/wp\/v2\/tags?post=40804"}],"curies":[{"name":"wp","href":"https:\/\/api.w.org\/{rel}","templated":true}]}}