{"id":40800,"date":"2022-07-27T11:26:20","date_gmt":"2022-07-27T09:26:20","guid":{"rendered":"https:\/\/www.aligro.ch\/pages\/?p=40800"},"modified":"2022-07-28T14:44:40","modified_gmt":"2022-07-28T12:44:40","slug":"profitez-du-vaste-assortiment-du-marche-demmen","status":"publish","type":"post","link":"https:\/\/www.aligro.ch\/pages\/fr\/news\/profitez-du-vaste-assortiment-du-marche-demmen\/","title":{"rendered":"Le march\u00e9 ALIGRO d&rsquo;Emmen: un vaste assortiment et un service client\u00e8le impeccable"},"content":{"rendered":"<div class=\"wpb-content-wrapper\"><p>[vc_row][vc_column][vc_column_text]<strong>Du rayon boucherie au stock de boissons en passant par les fruits et l\u00e9gumes, le vaste assortiment du march\u00e9 d\u2019Emmen propose un choix de qualit\u00e9 aux clients. Le personnel expert se tient \u00e0 disposition des clients pour leur fournir ses meilleurs conseils.<\/strong><\/p>\n<p><strong>Un grand choix de viande<\/strong><\/p>\n<p>Au rayon boucherie du march\u00e9, on trouve de tr\u00e8s nombreux morceaux de viande \u00e0 prix attractifs. Qu\u2019il s\u2019agisse de tomahawk, de parisienne, de rumpsteak, d\u2019\u00e9minc\u00e9, de rago\u00fbt, de filet ou de faux-filet de b\u0153uf, de carr\u00e9, de filet, de grenadine ou de poitrine de porc, les clients ont un choix vaste. Le march\u00e9 propose un grand nombre de d\u00e9coupes qui permettent d\u2019\u00e9laborer des plats tr\u00e8s vari\u00e9s. On trouve \u00e9galement de de nombreuses pi\u00e8ces de volaille, d\u2019agneau, de de lapin, de cheval et de gibier. En mati\u00e8re d\u2019offre r\u00e9gionale, le march\u00e9 propose notamment de la charcuterie en provenance d\u2019une boucherie lucernoise.<\/p>\n<p>Le personnel sp\u00e9cialis\u00e9 se tient \u00e0 disposition des clients et se fait un plaisir de les aiguiller dans leur choix.<\/p>\n<p><strong>Des boissons pour apporter de la fra\u00eecheur a menu<\/strong><\/p>\n<p>L\u2019assortiment de boissons d\u2019ALIGRO comprend une grande vari\u00e9t\u00e9 d\u2019articles, allant des boissons sans-alcool aux spiritueux, sans oublier les vins, les bi\u00e8res ou encore les sirops artisanaux.<\/p>\n<p>On trouve pr\u00e8s de 1000 vins suisses (notamment vaudois, valaisans et tessinois) et \u00e9trangers, d\u2019appellations et de c\u00e9pages diff\u00e9rents, de grands noms et de r\u00e9f\u00e9rences moins connues. L\u2019assortiment de bi\u00e8res comprend plus de 150 sortes diff\u00e9rentes, avec une offre locale comme l\u2019Eichhof, Qu\u00f6llfrisch ou la Feldschl\u00f6sschen.<\/p>\n<p>L\u2019offre r\u00e9gionale de soft drinks propose notamment l\u2019eau gazeuse Knutwiler ainsi que les jus de fruits Ramseier. Parmi les nouveaut\u00e9s aux rayons sans alcool, on peut mentionner les Tony Mate.[\/vc_column_text][\/vc_column][\/vc_row]<\/p>\n<\/div>","protected":false},"excerpt":{"rendered":"<p>[vc_row][vc_column][vc_column_text]Du rayon boucherie au stock de boissons en passant par les fruits et l\u00e9gumes, le vaste assortiment du<a class=\"moretag\" href=\"https:\/\/www.aligro.ch\/pages\/fr\/news\/profitez-du-vaste-assortiment-du-marche-demmen\/\"> &#8230;<\/a><\/p>\n","protected":false},"author":9,"featured_media":40802,"comment_status":"closed","ping_status":"closed","sticky":false,"template":"","format":"standard","meta":{"_acf_changed":false,"footnotes":""},"categories":[1],"tags":[],"class_list":["post-40800","post","type-post","status-publish","format-standard","has-post-thumbnail","hentry","category-autre"],"acf":[],"yoast_head":"<!-- This site is optimized with the Yoast SEO plugin v27.4 - https:\/\/yoast.com\/product\/yoast-seo-wordpress\/ -->\n<title>Le march\u00e9 ALIGRO d&#039;Emmen: un vaste assortiment et un service client\u00e8le impeccable<\/title>\n<meta name=\"description\" content=\"Du rayon boucherie au stock de boissons en passant par les fruits et l\u00e9gumes, le vaste assortiment du march\u00e9 d\u2019Emmen propose un choix de qualit\u00e9 aux clients.\" \/>\n<meta name=\"robots\" content=\"index, follow, max-snippet:-1, max-image-preview:large, max-video-preview:-1\" \/>\n<link rel=\"canonical\" href=\"https:\/\/www.aligro.ch\/pages\/fr\/news\/profitez-du-vaste-assortiment-du-marche-demmen\/\" \/>\n<meta property=\"og:locale\" content=\"fr_FR\" \/>\n<meta property=\"og:type\" content=\"article\" \/>\n<meta property=\"og:title\" content=\"Le march\u00e9 ALIGRO d&#039;Emmen: un vaste assortiment et un service client\u00e8le impeccable\" \/>\n<meta property=\"og:description\" content=\"Du rayon boucherie au stock de boissons en passant par les fruits et l\u00e9gumes, le vaste assortiment du march\u00e9 d\u2019Emmen propose un choix de qualit\u00e9 aux clients.\" \/>\n<meta property=\"og:url\" content=\"https:\/\/www.aligro.ch\/pages\/fr\/news\/profitez-du-vaste-assortiment-du-marche-demmen\/\" \/>\n<meta property=\"og:site_name\" content=\"ALIGRO\" \/>\n<meta property=\"article:publisher\" content=\"https:\/\/fb.com\/aligrosuisse\" \/>\n<meta property=\"article:published_time\" content=\"2022-07-27T09:26:20+00:00\" \/>\n<meta property=\"article:modified_time\" content=\"2022-07-28T12:44:40+00:00\" \/>\n<meta property=\"og:image\" content=\"https:\/\/www.aligro.ch\/pages\/wp-content\/uploads\/2022\/07\/2022-07-27-11_21_53-ALIGRO_Luzern_modif-Logo_21.tif-Visionneuse-de-photos-Windows-1024x681.png\" \/>\n\t<meta property=\"og:image:width\" content=\"1024\" \/>\n\t<meta property=\"og:image:height\" content=\"681\" \/>\n\t<meta property=\"og:image:type\" content=\"image\/png\" \/>\n<meta name=\"author\" content=\"Vincent Lavanchy\" \/>\n<meta name=\"twitter:card\" content=\"summary_large_image\" \/>\n<meta name=\"twitter:label1\" content=\"\u00c9crit par\" \/>\n\t<meta name=\"twitter:data1\" content=\"Vincent Lavanchy\" \/>\n\t<meta name=\"twitter:label2\" content=\"Dur\u00e9e de lecture estim\u00e9e\" \/>\n\t<meta name=\"twitter:data2\" content=\"2 minutes\" \/>\n<script type=\"application\/ld+json\" class=\"yoast-schema-graph\">{\"@context\":\"https:\\\/\\\/schema.org\",\"@graph\":[{\"@type\":\"Article\",\"@id\":\"https:\\\/\\\/www.aligro.ch\\\/pages\\\/fr\\\/news\\\/profitez-du-vaste-assortiment-du-marche-demmen\\\/#article\",\"isPartOf\":{\"@id\":\"https:\\\/\\\/www.aligro.ch\\\/pages\\\/fr\\\/news\\\/profitez-du-vaste-assortiment-du-marche-demmen\\\/\"},\"author\":{\"name\":\"Vincent Lavanchy\",\"@id\":\"https:\\\/\\\/www.aligro.ch\\\/pages\\\/#\\\/schema\\\/person\\\/abe4f4a53fec53a8dea10e43adbbe7e3\"},\"headline\":\"Le march\u00e9 ALIGRO d&rsquo;Emmen: un vaste assortiment et un service client\u00e8le impeccable\",\"datePublished\":\"2022-07-27T09:26:20+00:00\",\"dateModified\":\"2022-07-28T12:44:40+00:00\",\"mainEntityOfPage\":{\"@id\":\"https:\\\/\\\/www.aligro.ch\\\/pages\\\/fr\\\/news\\\/profitez-du-vaste-assortiment-du-marche-demmen\\\/\"},\"wordCount\":342,\"publisher\":{\"@id\":\"https:\\\/\\\/www.aligro.ch\\\/pages\\\/#organization\"},\"image\":{\"@id\":\"https:\\\/\\\/www.aligro.ch\\\/pages\\\/fr\\\/news\\\/profitez-du-vaste-assortiment-du-marche-demmen\\\/#primaryimage\"},\"thumbnailUrl\":\"https:\\\/\\\/www.aligro.ch\\\/pages\\\/wp-content\\\/uploads\\\/2022\\\/07\\\/2022-07-27-11_21_53-ALIGRO_Luzern_modif-Logo_21.tif-Visionneuse-de-photos-Windows.png\",\"articleSection\":[\"Autre\"],\"inLanguage\":\"fr-FR\"},{\"@type\":\"WebPage\",\"@id\":\"https:\\\/\\\/www.aligro.ch\\\/pages\\\/fr\\\/news\\\/profitez-du-vaste-assortiment-du-marche-demmen\\\/\",\"url\":\"https:\\\/\\\/www.aligro.ch\\\/pages\\\/fr\\\/news\\\/profitez-du-vaste-assortiment-du-marche-demmen\\\/\",\"name\":\"Le march\u00e9 ALIGRO d'Emmen: un vaste assortiment et un service client\u00e8le impeccable\",\"isPartOf\":{\"@id\":\"https:\\\/\\\/www.aligro.ch\\\/pages\\\/#website\"},\"primaryImageOfPage\":{\"@id\":\"https:\\\/\\\/www.aligro.ch\\\/pages\\\/fr\\\/news\\\/profitez-du-vaste-assortiment-du-marche-demmen\\\/#primaryimage\"},\"image\":{\"@id\":\"https:\\\/\\\/www.aligro.ch\\\/pages\\\/fr\\\/news\\\/profitez-du-vaste-assortiment-du-marche-demmen\\\/#primaryimage\"},\"thumbnailUrl\":\"https:\\\/\\\/www.aligro.ch\\\/pages\\\/wp-content\\\/uploads\\\/2022\\\/07\\\/2022-07-27-11_21_53-ALIGRO_Luzern_modif-Logo_21.tif-Visionneuse-de-photos-Windows.png\",\"datePublished\":\"2022-07-27T09:26:20+00:00\",\"dateModified\":\"2022-07-28T12:44:40+00:00\",\"description\":\"Du rayon boucherie au stock de boissons en passant par les fruits et l\u00e9gumes, le vaste assortiment du march\u00e9 d\u2019Emmen propose un choix de qualit\u00e9 aux clients.\",\"breadcrumb\":{\"@id\":\"https:\\\/\\\/www.aligro.ch\\\/pages\\\/fr\\\/news\\\/profitez-du-vaste-assortiment-du-marche-demmen\\\/#breadcrumb\"},\"inLanguage\":\"fr-FR\",\"potentialAction\":[{\"@type\":\"ReadAction\",\"target\":[\"https:\\\/\\\/www.aligro.ch\\\/pages\\\/fr\\\/news\\\/profitez-du-vaste-assortiment-du-marche-demmen\\\/\"]}]},{\"@type\":\"ImageObject\",\"inLanguage\":\"fr-FR\",\"@id\":\"https:\\\/\\\/www.aligro.ch\\\/pages\\\/fr\\\/news\\\/profitez-du-vaste-assortiment-du-marche-demmen\\\/#primaryimage\",\"url\":\"https:\\\/\\\/www.aligro.ch\\\/pages\\\/wp-content\\\/uploads\\\/2022\\\/07\\\/2022-07-27-11_21_53-ALIGRO_Luzern_modif-Logo_21.tif-Visionneuse-de-photos-Windows.png\",\"contentUrl\":\"https:\\\/\\\/www.aligro.ch\\\/pages\\\/wp-content\\\/uploads\\\/2022\\\/07\\\/2022-07-27-11_21_53-ALIGRO_Luzern_modif-Logo_21.tif-Visionneuse-de-photos-Windows.png\",\"width\":1341,\"height\":892},{\"@type\":\"BreadcrumbList\",\"@id\":\"https:\\\/\\\/www.aligro.ch\\\/pages\\\/fr\\\/news\\\/profitez-du-vaste-assortiment-du-marche-demmen\\\/#breadcrumb\",\"itemListElement\":[{\"@type\":\"ListItem\",\"position\":1,\"name\":\"Accueil\",\"item\":\"https:\\\/\\\/www.aligro.ch\\\/pages\\\/de\\\/aligro-academy\\\/\"},{\"@type\":\"ListItem\",\"position\":2,\"name\":\"Le march\u00e9 ALIGRO d&rsquo;Emmen: un vaste assortiment et un service client\u00e8le impeccable\"}]},{\"@type\":\"WebSite\",\"@id\":\"https:\\\/\\\/www.aligro.ch\\\/pages\\\/#website\",\"url\":\"https:\\\/\\\/www.aligro.ch\\\/pages\\\/\",\"name\":\"ALIGRO\",\"description\":\"Fra\u00eecheur. Qualit\u00e9. Inspiration.\",\"publisher\":{\"@id\":\"https:\\\/\\\/www.aligro.ch\\\/pages\\\/#organization\"},\"potentialAction\":[{\"@type\":\"SearchAction\",\"target\":{\"@type\":\"EntryPoint\",\"urlTemplate\":\"https:\\\/\\\/www.aligro.ch\\\/pages\\\/?s={search_term_string}\"},\"query-input\":{\"@type\":\"PropertyValueSpecification\",\"valueRequired\":true,\"valueName\":\"search_term_string\"}}],\"inLanguage\":\"fr-FR\"},{\"@type\":\"Organization\",\"@id\":\"https:\\\/\\\/www.aligro.ch\\\/pages\\\/#organization\",\"name\":\"ALIGRO\",\"url\":\"https:\\\/\\\/www.aligro.ch\\\/pages\\\/\",\"logo\":{\"@type\":\"ImageObject\",\"inLanguage\":\"fr-FR\",\"@id\":\"https:\\\/\\\/www.aligro.ch\\\/pages\\\/#\\\/schema\\\/logo\\\/image\\\/\",\"url\":\"https:\\\/\\\/www.aligro.ch\\\/pages\\\/wp-content\\\/uploads\\\/2018\\\/10\\\/Logo@4x.png\",\"contentUrl\":\"https:\\\/\\\/www.aligro.ch\\\/pages\\\/wp-content\\\/uploads\\\/2018\\\/10\\\/Logo@4x.png\",\"width\":1831,\"height\":228,\"caption\":\"ALIGRO\"},\"image\":{\"@id\":\"https:\\\/\\\/www.aligro.ch\\\/pages\\\/#\\\/schema\\\/logo\\\/image\\\/\"},\"sameAs\":[\"https:\\\/\\\/fb.com\\\/aligrosuisse\"]},{\"@type\":\"Person\",\"@id\":\"https:\\\/\\\/www.aligro.ch\\\/pages\\\/#\\\/schema\\\/person\\\/abe4f4a53fec53a8dea10e43adbbe7e3\",\"name\":\"Vincent Lavanchy\",\"image\":{\"@type\":\"ImageObject\",\"inLanguage\":\"fr-FR\",\"@id\":\"https:\\\/\\\/secure.gravatar.com\\\/avatar\\\/0c26d4efb7d6ae3d3acfb21cea043eed07c8459ea7780b7c5d9d73543f0c4d2e?s=96&d=mm&r=g\",\"url\":\"https:\\\/\\\/secure.gravatar.com\\\/avatar\\\/0c26d4efb7d6ae3d3acfb21cea043eed07c8459ea7780b7c5d9d73543f0c4d2e?s=96&d=mm&r=g\",\"contentUrl\":\"https:\\\/\\\/secure.gravatar.com\\\/avatar\\\/0c26d4efb7d6ae3d3acfb21cea043eed07c8459ea7780b7c5d9d73543f0c4d2e?s=96&d=mm&r=g\",\"caption\":\"Vincent Lavanchy\"}}]}<\/script>\n<!-- \/ Yoast SEO plugin. -->","yoast_head_json":{"title":"Le march\u00e9 ALIGRO d'Emmen: un vaste assortiment et un service client\u00e8le impeccable","description":"Du rayon boucherie au stock de boissons en passant par les fruits et l\u00e9gumes, le vaste assortiment du march\u00e9 d\u2019Emmen propose un choix de qualit\u00e9 aux clients.","robots":{"index":"index","follow":"follow","max-snippet":"max-snippet:-1","max-image-preview":"max-image-preview:large","max-video-preview":"max-video-preview:-1"},"canonical":"https:\/\/www.aligro.ch\/pages\/fr\/news\/profitez-du-vaste-assortiment-du-marche-demmen\/","og_locale":"fr_FR","og_type":"article","og_title":"Le march\u00e9 ALIGRO d'Emmen: un vaste assortiment et un service client\u00e8le impeccable","og_description":"Du rayon boucherie au stock de boissons en passant par les fruits et l\u00e9gumes, le vaste assortiment du march\u00e9 d\u2019Emmen propose un choix de qualit\u00e9 aux clients.","og_url":"https:\/\/www.aligro.ch\/pages\/fr\/news\/profitez-du-vaste-assortiment-du-marche-demmen\/","og_site_name":"ALIGRO","article_publisher":"https:\/\/fb.com\/aligrosuisse","article_published_time":"2022-07-27T09:26:20+00:00","article_modified_time":"2022-07-28T12:44:40+00:00","og_image":[{"width":1024,"height":681,"url":"https:\/\/www.aligro.ch\/pages\/wp-content\/uploads\/2022\/07\/2022-07-27-11_21_53-ALIGRO_Luzern_modif-Logo_21.tif-Visionneuse-de-photos-Windows-1024x681.png","type":"image\/png"}],"author":"Vincent Lavanchy","twitter_card":"summary_large_image","twitter_misc":{"\u00c9crit par":"Vincent Lavanchy","Dur\u00e9e de lecture estim\u00e9e":"2 minutes"},"schema":{"@context":"https:\/\/schema.org","@graph":[{"@type":"Article","@id":"https:\/\/www.aligro.ch\/pages\/fr\/news\/profitez-du-vaste-assortiment-du-marche-demmen\/#article","isPartOf":{"@id":"https:\/\/www.aligro.ch\/pages\/fr\/news\/profitez-du-vaste-assortiment-du-marche-demmen\/"},"author":{"name":"Vincent Lavanchy","@id":"https:\/\/www.aligro.ch\/pages\/#\/schema\/person\/abe4f4a53fec53a8dea10e43adbbe7e3"},"headline":"Le march\u00e9 ALIGRO d&rsquo;Emmen: un vaste assortiment et un service client\u00e8le impeccable","datePublished":"2022-07-27T09:26:20+00:00","dateModified":"2022-07-28T12:44:40+00:00","mainEntityOfPage":{"@id":"https:\/\/www.aligro.ch\/pages\/fr\/news\/profitez-du-vaste-assortiment-du-marche-demmen\/"},"wordCount":342,"publisher":{"@id":"https:\/\/www.aligro.ch\/pages\/#organization"},"image":{"@id":"https:\/\/www.aligro.ch\/pages\/fr\/news\/profitez-du-vaste-assortiment-du-marche-demmen\/#primaryimage"},"thumbnailUrl":"https:\/\/www.aligro.ch\/pages\/wp-content\/uploads\/2022\/07\/2022-07-27-11_21_53-ALIGRO_Luzern_modif-Logo_21.tif-Visionneuse-de-photos-Windows.png","articleSection":["Autre"],"inLanguage":"fr-FR"},{"@type":"WebPage","@id":"https:\/\/www.aligro.ch\/pages\/fr\/news\/profitez-du-vaste-assortiment-du-marche-demmen\/","url":"https:\/\/www.aligro.ch\/pages\/fr\/news\/profitez-du-vaste-assortiment-du-marche-demmen\/","name":"Le march\u00e9 ALIGRO d'Emmen: un vaste assortiment et un service client\u00e8le impeccable","isPartOf":{"@id":"https:\/\/www.aligro.ch\/pages\/#website"},"primaryImageOfPage":{"@id":"https:\/\/www.aligro.ch\/pages\/fr\/news\/profitez-du-vaste-assortiment-du-marche-demmen\/#primaryimage"},"image":{"@id":"https:\/\/www.aligro.ch\/pages\/fr\/news\/profitez-du-vaste-assortiment-du-marche-demmen\/#primaryimage"},"thumbnailUrl":"https:\/\/www.aligro.ch\/pages\/wp-content\/uploads\/2022\/07\/2022-07-27-11_21_53-ALIGRO_Luzern_modif-Logo_21.tif-Visionneuse-de-photos-Windows.png","datePublished":"2022-07-27T09:26:20+00:00","dateModified":"2022-07-28T12:44:40+00:00","description":"Du rayon boucherie au stock de boissons en passant par les fruits et l\u00e9gumes, le vaste assortiment du march\u00e9 d\u2019Emmen propose un choix de qualit\u00e9 aux clients.","breadcrumb":{"@id":"https:\/\/www.aligro.ch\/pages\/fr\/news\/profitez-du-vaste-assortiment-du-marche-demmen\/#breadcrumb"},"inLanguage":"fr-FR","potentialAction":[{"@type":"ReadAction","target":["https:\/\/www.aligro.ch\/pages\/fr\/news\/profitez-du-vaste-assortiment-du-marche-demmen\/"]}]},{"@type":"ImageObject","inLanguage":"fr-FR","@id":"https:\/\/www.aligro.ch\/pages\/fr\/news\/profitez-du-vaste-assortiment-du-marche-demmen\/#primaryimage","url":"https:\/\/www.aligro.ch\/pages\/wp-content\/uploads\/2022\/07\/2022-07-27-11_21_53-ALIGRO_Luzern_modif-Logo_21.tif-Visionneuse-de-photos-Windows.png","contentUrl":"https:\/\/www.aligro.ch\/pages\/wp-content\/uploads\/2022\/07\/2022-07-27-11_21_53-ALIGRO_Luzern_modif-Logo_21.tif-Visionneuse-de-photos-Windows.png","width":1341,"height":892},{"@type":"BreadcrumbList","@id":"https:\/\/www.aligro.ch\/pages\/fr\/news\/profitez-du-vaste-assortiment-du-marche-demmen\/#breadcrumb","itemListElement":[{"@type":"ListItem","position":1,"name":"Accueil","item":"https:\/\/www.aligro.ch\/pages\/de\/aligro-academy\/"},{"@type":"ListItem","position":2,"name":"Le march\u00e9 ALIGRO d&rsquo;Emmen: un vaste assortiment et un service client\u00e8le impeccable"}]},{"@type":"WebSite","@id":"https:\/\/www.aligro.ch\/pages\/#website","url":"https:\/\/www.aligro.ch\/pages\/","name":"ALIGRO","description":"Fra\u00eecheur. Qualit\u00e9. Inspiration.","publisher":{"@id":"https:\/\/www.aligro.ch\/pages\/#organization"},"potentialAction":[{"@type":"SearchAction","target":{"@type":"EntryPoint","urlTemplate":"https:\/\/www.aligro.ch\/pages\/?s={search_term_string}"},"query-input":{"@type":"PropertyValueSpecification","valueRequired":true,"valueName":"search_term_string"}}],"inLanguage":"fr-FR"},{"@type":"Organization","@id":"https:\/\/www.aligro.ch\/pages\/#organization","name":"ALIGRO","url":"https:\/\/www.aligro.ch\/pages\/","logo":{"@type":"ImageObject","inLanguage":"fr-FR","@id":"https:\/\/www.aligro.ch\/pages\/#\/schema\/logo\/image\/","url":"https:\/\/www.aligro.ch\/pages\/wp-content\/uploads\/2018\/10\/Logo@4x.png","contentUrl":"https:\/\/www.aligro.ch\/pages\/wp-content\/uploads\/2018\/10\/Logo@4x.png","width":1831,"height":228,"caption":"ALIGRO"},"image":{"@id":"https:\/\/www.aligro.ch\/pages\/#\/schema\/logo\/image\/"},"sameAs":["https:\/\/fb.com\/aligrosuisse"]},{"@type":"Person","@id":"https:\/\/www.aligro.ch\/pages\/#\/schema\/person\/abe4f4a53fec53a8dea10e43adbbe7e3","name":"Vincent Lavanchy","image":{"@type":"ImageObject","inLanguage":"fr-FR","@id":"https:\/\/secure.gravatar.com\/avatar\/0c26d4efb7d6ae3d3acfb21cea043eed07c8459ea7780b7c5d9d73543f0c4d2e?s=96&d=mm&r=g","url":"https:\/\/secure.gravatar.com\/avatar\/0c26d4efb7d6ae3d3acfb21cea043eed07c8459ea7780b7c5d9d73543f0c4d2e?s=96&d=mm&r=g","contentUrl":"https:\/\/secure.gravatar.com\/avatar\/0c26d4efb7d6ae3d3acfb21cea043eed07c8459ea7780b7c5d9d73543f0c4d2e?s=96&d=mm&r=g","caption":"Vincent Lavanchy"}}]}},"_links":{"self":[{"href":"https:\/\/www.aligro.ch\/pages\/wp-json\/wp\/v2\/posts\/40800","targetHints":{"allow":["GET"]}}],"collection":[{"href":"https:\/\/www.aligro.ch\/pages\/wp-json\/wp\/v2\/posts"}],"about":[{"href":"https:\/\/www.aligro.ch\/pages\/wp-json\/wp\/v2\/types\/post"}],"author":[{"embeddable":true,"href":"https:\/\/www.aligro.ch\/pages\/wp-json\/wp\/v2\/users\/9"}],"replies":[{"embeddable":true,"href":"https:\/\/www.aligro.ch\/pages\/wp-json\/wp\/v2\/comments?post=40800"}],"version-history":[{"count":3,"href":"https:\/\/www.aligro.ch\/pages\/wp-json\/wp\/v2\/posts\/40800\/revisions"}],"predecessor-version":[{"id":40852,"href":"https:\/\/www.aligro.ch\/pages\/wp-json\/wp\/v2\/posts\/40800\/revisions\/40852"}],"wp:featuredmedia":[{"embeddable":true,"href":"https:\/\/www.aligro.ch\/pages\/wp-json\/wp\/v2\/media\/40802"}],"wp:attachment":[{"href":"https:\/\/www.aligro.ch\/pages\/wp-json\/wp\/v2\/media?parent=40800"}],"wp:term":[{"taxonomy":"category","embeddable":true,"href":"https:\/\/www.aligro.ch\/pages\/wp-json\/wp\/v2\/categories?post=40800"},{"taxonomy":"post_tag","embeddable":true,"href":"https:\/\/www.aligro.ch\/pages\/wp-json\/wp\/v2\/tags?post=40800"}],"curies":[{"name":"wp","href":"https:\/\/api.w.org\/{rel}","templated":true}]}}