{"id":40681,"date":"2022-07-19T09:25:28","date_gmt":"2022-07-19T07:25:28","guid":{"rendered":"https:\/\/www.aligro.ch\/pages\/?p=40681"},"modified":"2022-07-19T10:02:39","modified_gmt":"2022-07-19T08:02:39","slug":"savourez-un-brunch-festif-pour-la-fete-nationale","status":"publish","type":"post","link":"https:\/\/www.aligro.ch\/pages\/fr\/news\/savourez-un-brunch-festif-pour-la-fete-nationale\/","title":{"rendered":"Savourez un brunch festif pour la F\u00eate nationale !"},"content":{"rendered":"<div class=\"wpb-content-wrapper\"><p>[vc_row][vc_column][vc_column_text]<strong>Le 1<sup>er<\/sup> ao\u00fbt prochain, la Suisse soufflera sa 731<sup>\u00e8me<\/sup> bougie et il sera temps de r\u00e9unir pain frais, charcuterie et fromage pour le brunch traditionnel ! Pour cette occasion, le chef \u00e9toil\u00e9 Mario Garcia, vainqueur du Bocuse d\u2019Or Suisse en 2018 et membre de la soci\u00e9t\u00e9 Hotel &amp; Gastro Union soutenue par ALIGRO, livre ses astuces pour organiser un brunch frais et convivial.<\/strong><\/p>\n<p>Membre de l\u2019\u00e9quipe nationale des cuisiniers, Mario Garcia compte \u00e0 son palmar\u00e8s de nombreux prix, notamment la premi\u00e8re place au Bocuse d\u2019Or Suisse en 2018 et la cinqui\u00e8me place \u00e0 la finale du prestigieux concours \u00e0 Lyon en 2019. Il s\u2019est \u00e9galement hiss\u00e9 \u00e0 la premi\u00e8re place au Gusto 09, le plus grand concours national d\u2019apprentis cuisiniers, et a remport\u00e9 la m\u00e9daille de bronze aux Olympiades des Cuisiniers. Il compte ainsi parmi les plus grands talents culinaires de Suisse. Auteur de plusieurs livres culinaires, il a cr\u00e9\u00e9 une \u00e9cole de cuisine, le <em>cre\/ate<\/em>, \u00e0 Horw (Lucerne).<\/p>\n<p><strong>Le temps du partage<\/strong><\/p>\n<p>Contraction des termes anglais <em>breakfast<\/em> (petit-d\u00e9jeuner) et <em>lunch<\/em> (d\u00eener), le brunch r\u00e9unit les convives autour de la table pour un moment chaleureux.<\/p>\n<p>Le concept de <em>sharing<\/em> (partage) a le vent en poupe dans le domaine de la gastronomie, explique le chef Garcia. La nourriture est plac\u00e9e au centre de la table de sorte que le repas soit partag\u00e9. Cela permet notamment de discuter des diff\u00e9rents plats et de cr\u00e9er un espace d&rsquo;\u00e9change. \u00ab\u00a0La tendance est aux brunches de plus en plus frais et l\u00e9gers, mais certains incontournables doivent tout de m\u00eame y figurer, tels que la tresse fra\u00eeche\u00a0\u00bb, poursuit-il.<\/p>\n<p><strong>Go\u00fbt, fraicheur et vari\u00e9t\u00e9<\/strong><\/p>\n<p>Pour un brunch r\u00e9ussi, le chef recommande l\u2019utilisation de produits frais et de bonne qualit\u00e9 qu\u2019il convient de travailler pour obtenir un go\u00fbt parfait. Pour que le menu soit int\u00e9ressant, il est \u00e9galement important, explique-t-il, que les plats soient vari\u00e9s. \u00ab On peut \u00e9galement allier le sal\u00e9 au sucr\u00e9, le mieux est de faire ce que l\u2019on mangerait soi-m\u00eame et de rester authentique. Moins, c\u2019est souvent plus\u00a0!\u00a0\u00bb<\/p>\n<p>L\u2019origine des produits peut jouer un r\u00f4le important, puisqu\u2019un nombre croissant de clients souhaite conna\u00eetre les conditions et le lieu production des produits \u2013 aspects faisant d\u00e9sormais partie int\u00e9grante du <em>storytelling<\/em> (narration, histoire) du plat.<\/p>\n<p>Et, pour accompagner le tout, rien de mieux qu\u2019un jus de fruits ou de l\u00e9gumes frais ou une coupe de champagne.<\/p>\n<p><strong>Tout ce dont vous avez besoin pour un brunch complet et d\u00e9licieux<\/strong><\/p>\n<p>Nos clients trouvent tous les ingr\u00e9dients pour les brunches classiques comme les plus originaux dans l\u2019assortiment des quatorze march\u00e9s ALIGRO. Ainsi, aux rayons frais par exemple, on trouve de nombreuses sortes de viandes, d\u2019\u0153ufs et de poissons, qu\u2019il s\u2019agisse des incontournables du brunch tels que le saumon fum\u00e9, le poulpe ou encore les \u0153ufs de saumon ou de truite\u00a0; on trouve \u00e9galement un grand choix de produits au rayon charcuterie. De nombreuses sortes de pains, ainsi que de p\u00e2tisseries sont \u00e9galement disponibles\u00a0: tartelettes sucr\u00e9es (et sal\u00e9es), cakes, cr\u00eapes, cookies ou gaufres\u00a0! Et pour les petits-fours faits maison, de nombreuses farines ainsi que tous les ingr\u00e9dients n\u00e9cessaires attendent les clients. Pour amener de la couleur dans l\u2019assiette, rendez-vous au rayons l\u00e9gumes\u00a0; les nombreux fruits de l\u2019assortiment permettront d\u2019\u00e9laborer les salades et desserts les plus frais et d\u00e9licieux. En compl\u00e9ment, l\u2019offre de boissons est \u00e9galement tr\u00e8s large, notamment avec des vins et des mousseux, ainsi que des jus de fruits. Diff\u00e9rents produits sans gluten\u00a0et vegan\u00a0sont \u00e9galement disponibles. De quoi concevoir un brunch vari\u00e9 qui satisfera tous les go\u00fbts. De plus, les clients b\u00e9n\u00e9ficient chaque semaine de plus de 2000 actions\u00a0![\/vc_column_text][\/vc_column][\/vc_row]<\/p>\n<\/div>","protected":false},"excerpt":{"rendered":"<p>[vc_row][vc_column][vc_column_text]Le 1er ao\u00fbt prochain, la Suisse soufflera sa 731\u00e8me bougie et il sera temps de r\u00e9unir pain frais,<a class=\"moretag\" href=\"https:\/\/www.aligro.ch\/pages\/fr\/news\/savourez-un-brunch-festif-pour-la-fete-nationale\/\"> &#8230;<\/a><\/p>\n","protected":false},"author":9,"featured_media":40691,"comment_status":"closed","ping_status":"closed","sticky":false,"template":"","format":"standard","meta":{"_acf_changed":false,"footnotes":""},"categories":[1],"tags":[],"class_list":["post-40681","post","type-post","status-publish","format-standard","has-post-thumbnail","hentry","category-autre"],"acf":[],"yoast_head":"<!-- This site is optimized with the Yoast SEO plugin v27.4 - https:\/\/yoast.com\/product\/yoast-seo-wordpress\/ -->\n<title>Savourez un brunch festif pour la F\u00eate nationale !<\/title>\n<meta name=\"description\" content=\"A l&#039;occasion de la F\u00eate Nationale, le chef \u00e9toil\u00e9 Mario Garcia, vainqueur du Bocuse d\u2019Or Suisse en 2018 et membre de la soci\u00e9t\u00e9 Hotel &amp; Gastro Union soutenue par ALIGRO, livre ses astuces pour organiser un brunch frais et convivial.\" \/>\n<meta name=\"robots\" content=\"index, follow, max-snippet:-1, max-image-preview:large, max-video-preview:-1\" \/>\n<link rel=\"canonical\" href=\"https:\/\/www.aligro.ch\/pages\/fr\/news\/savourez-un-brunch-festif-pour-la-fete-nationale\/\" \/>\n<meta property=\"og:locale\" content=\"fr_FR\" \/>\n<meta property=\"og:type\" content=\"article\" \/>\n<meta property=\"og:title\" content=\"Savourez un brunch festif pour la F\u00eate nationale !\" \/>\n<meta property=\"og:description\" content=\"A l&#039;occasion de la F\u00eate Nationale, le chef \u00e9toil\u00e9 Mario Garcia, vainqueur du Bocuse d\u2019Or Suisse en 2018 et membre de la soci\u00e9t\u00e9 Hotel &amp; Gastro Union soutenue par ALIGRO, livre ses astuces pour organiser un brunch frais et convivial.\" \/>\n<meta property=\"og:url\" content=\"https:\/\/www.aligro.ch\/pages\/fr\/news\/savourez-un-brunch-festif-pour-la-fete-nationale\/\" \/>\n<meta property=\"og:site_name\" content=\"ALIGRO\" \/>\n<meta property=\"article:publisher\" content=\"https:\/\/fb.com\/aligrosuisse\" \/>\n<meta property=\"article:published_time\" content=\"2022-07-19T07:25:28+00:00\" \/>\n<meta property=\"article:modified_time\" content=\"2022-07-19T08:02:39+00:00\" \/>\n<meta property=\"og:image\" content=\"https:\/\/www.aligro.ch\/pages\/wp-content\/uploads\/2022\/07\/iStock-1096109144-1024x683.jpg\" \/>\n\t<meta property=\"og:image:width\" content=\"1024\" \/>\n\t<meta property=\"og:image:height\" content=\"683\" \/>\n\t<meta property=\"og:image:type\" content=\"image\/jpeg\" \/>\n<meta name=\"author\" content=\"Vincent Lavanchy\" \/>\n<meta name=\"twitter:card\" content=\"summary_large_image\" \/>\n<meta name=\"twitter:label1\" content=\"\u00c9crit par\" \/>\n\t<meta name=\"twitter:data1\" content=\"Vincent Lavanchy\" \/>\n\t<meta name=\"twitter:label2\" content=\"Dur\u00e9e de lecture estim\u00e9e\" \/>\n\t<meta name=\"twitter:data2\" content=\"4 minutes\" \/>\n<script type=\"application\/ld+json\" class=\"yoast-schema-graph\">{\"@context\":\"https:\\\/\\\/schema.org\",\"@graph\":[{\"@type\":\"Article\",\"@id\":\"https:\\\/\\\/www.aligro.ch\\\/pages\\\/fr\\\/news\\\/savourez-un-brunch-festif-pour-la-fete-nationale\\\/#article\",\"isPartOf\":{\"@id\":\"https:\\\/\\\/www.aligro.ch\\\/pages\\\/fr\\\/news\\\/savourez-un-brunch-festif-pour-la-fete-nationale\\\/\"},\"author\":{\"name\":\"Vincent Lavanchy\",\"@id\":\"https:\\\/\\\/www.aligro.ch\\\/pages\\\/#\\\/schema\\\/person\\\/abe4f4a53fec53a8dea10e43adbbe7e3\"},\"headline\":\"Savourez un brunch festif pour la F\u00eate nationale !\",\"datePublished\":\"2022-07-19T07:25:28+00:00\",\"dateModified\":\"2022-07-19T08:02:39+00:00\",\"mainEntityOfPage\":{\"@id\":\"https:\\\/\\\/www.aligro.ch\\\/pages\\\/fr\\\/news\\\/savourez-un-brunch-festif-pour-la-fete-nationale\\\/\"},\"wordCount\":669,\"publisher\":{\"@id\":\"https:\\\/\\\/www.aligro.ch\\\/pages\\\/#organization\"},\"image\":{\"@id\":\"https:\\\/\\\/www.aligro.ch\\\/pages\\\/fr\\\/news\\\/savourez-un-brunch-festif-pour-la-fete-nationale\\\/#primaryimage\"},\"thumbnailUrl\":\"https:\\\/\\\/www.aligro.ch\\\/pages\\\/wp-content\\\/uploads\\\/2022\\\/07\\\/iStock-1096109144.jpg\",\"articleSection\":[\"Autre\"],\"inLanguage\":\"fr-FR\"},{\"@type\":\"WebPage\",\"@id\":\"https:\\\/\\\/www.aligro.ch\\\/pages\\\/fr\\\/news\\\/savourez-un-brunch-festif-pour-la-fete-nationale\\\/\",\"url\":\"https:\\\/\\\/www.aligro.ch\\\/pages\\\/fr\\\/news\\\/savourez-un-brunch-festif-pour-la-fete-nationale\\\/\",\"name\":\"Savourez un brunch festif pour la F\u00eate nationale !\",\"isPartOf\":{\"@id\":\"https:\\\/\\\/www.aligro.ch\\\/pages\\\/#website\"},\"primaryImageOfPage\":{\"@id\":\"https:\\\/\\\/www.aligro.ch\\\/pages\\\/fr\\\/news\\\/savourez-un-brunch-festif-pour-la-fete-nationale\\\/#primaryimage\"},\"image\":{\"@id\":\"https:\\\/\\\/www.aligro.ch\\\/pages\\\/fr\\\/news\\\/savourez-un-brunch-festif-pour-la-fete-nationale\\\/#primaryimage\"},\"thumbnailUrl\":\"https:\\\/\\\/www.aligro.ch\\\/pages\\\/wp-content\\\/uploads\\\/2022\\\/07\\\/iStock-1096109144.jpg\",\"datePublished\":\"2022-07-19T07:25:28+00:00\",\"dateModified\":\"2022-07-19T08:02:39+00:00\",\"description\":\"A l'occasion de la F\u00eate Nationale, le chef \u00e9toil\u00e9 Mario Garcia, vainqueur du Bocuse d\u2019Or Suisse en 2018 et membre de la soci\u00e9t\u00e9 Hotel & Gastro Union soutenue par ALIGRO, livre ses astuces pour organiser un brunch frais et convivial.\",\"breadcrumb\":{\"@id\":\"https:\\\/\\\/www.aligro.ch\\\/pages\\\/fr\\\/news\\\/savourez-un-brunch-festif-pour-la-fete-nationale\\\/#breadcrumb\"},\"inLanguage\":\"fr-FR\",\"potentialAction\":[{\"@type\":\"ReadAction\",\"target\":[\"https:\\\/\\\/www.aligro.ch\\\/pages\\\/fr\\\/news\\\/savourez-un-brunch-festif-pour-la-fete-nationale\\\/\"]}]},{\"@type\":\"ImageObject\",\"inLanguage\":\"fr-FR\",\"@id\":\"https:\\\/\\\/www.aligro.ch\\\/pages\\\/fr\\\/news\\\/savourez-un-brunch-festif-pour-la-fete-nationale\\\/#primaryimage\",\"url\":\"https:\\\/\\\/www.aligro.ch\\\/pages\\\/wp-content\\\/uploads\\\/2022\\\/07\\\/iStock-1096109144.jpg\",\"contentUrl\":\"https:\\\/\\\/www.aligro.ch\\\/pages\\\/wp-content\\\/uploads\\\/2022\\\/07\\\/iStock-1096109144.jpg\",\"width\":1920,\"height\":1280,\"caption\":\"Brunch. Family breakfast or brunch set served on rustic wooden table. Overhead view, copy space\"},{\"@type\":\"BreadcrumbList\",\"@id\":\"https:\\\/\\\/www.aligro.ch\\\/pages\\\/fr\\\/news\\\/savourez-un-brunch-festif-pour-la-fete-nationale\\\/#breadcrumb\",\"itemListElement\":[{\"@type\":\"ListItem\",\"position\":1,\"name\":\"Accueil\",\"item\":\"https:\\\/\\\/www.aligro.ch\\\/pages\\\/de\\\/aligro-academy\\\/\"},{\"@type\":\"ListItem\",\"position\":2,\"name\":\"Savourez un brunch festif pour la F\u00eate nationale !\"}]},{\"@type\":\"WebSite\",\"@id\":\"https:\\\/\\\/www.aligro.ch\\\/pages\\\/#website\",\"url\":\"https:\\\/\\\/www.aligro.ch\\\/pages\\\/\",\"name\":\"ALIGRO\",\"description\":\"Fra\u00eecheur. Qualit\u00e9. Inspiration.\",\"publisher\":{\"@id\":\"https:\\\/\\\/www.aligro.ch\\\/pages\\\/#organization\"},\"potentialAction\":[{\"@type\":\"SearchAction\",\"target\":{\"@type\":\"EntryPoint\",\"urlTemplate\":\"https:\\\/\\\/www.aligro.ch\\\/pages\\\/?s={search_term_string}\"},\"query-input\":{\"@type\":\"PropertyValueSpecification\",\"valueRequired\":true,\"valueName\":\"search_term_string\"}}],\"inLanguage\":\"fr-FR\"},{\"@type\":\"Organization\",\"@id\":\"https:\\\/\\\/www.aligro.ch\\\/pages\\\/#organization\",\"name\":\"ALIGRO\",\"url\":\"https:\\\/\\\/www.aligro.ch\\\/pages\\\/\",\"logo\":{\"@type\":\"ImageObject\",\"inLanguage\":\"fr-FR\",\"@id\":\"https:\\\/\\\/www.aligro.ch\\\/pages\\\/#\\\/schema\\\/logo\\\/image\\\/\",\"url\":\"https:\\\/\\\/www.aligro.ch\\\/pages\\\/wp-content\\\/uploads\\\/2018\\\/10\\\/Logo@4x.png\",\"contentUrl\":\"https:\\\/\\\/www.aligro.ch\\\/pages\\\/wp-content\\\/uploads\\\/2018\\\/10\\\/Logo@4x.png\",\"width\":1831,\"height\":228,\"caption\":\"ALIGRO\"},\"image\":{\"@id\":\"https:\\\/\\\/www.aligro.ch\\\/pages\\\/#\\\/schema\\\/logo\\\/image\\\/\"},\"sameAs\":[\"https:\\\/\\\/fb.com\\\/aligrosuisse\"]},{\"@type\":\"Person\",\"@id\":\"https:\\\/\\\/www.aligro.ch\\\/pages\\\/#\\\/schema\\\/person\\\/abe4f4a53fec53a8dea10e43adbbe7e3\",\"name\":\"Vincent Lavanchy\",\"image\":{\"@type\":\"ImageObject\",\"inLanguage\":\"fr-FR\",\"@id\":\"https:\\\/\\\/secure.gravatar.com\\\/avatar\\\/0c26d4efb7d6ae3d3acfb21cea043eed07c8459ea7780b7c5d9d73543f0c4d2e?s=96&d=mm&r=g\",\"url\":\"https:\\\/\\\/secure.gravatar.com\\\/avatar\\\/0c26d4efb7d6ae3d3acfb21cea043eed07c8459ea7780b7c5d9d73543f0c4d2e?s=96&d=mm&r=g\",\"contentUrl\":\"https:\\\/\\\/secure.gravatar.com\\\/avatar\\\/0c26d4efb7d6ae3d3acfb21cea043eed07c8459ea7780b7c5d9d73543f0c4d2e?s=96&d=mm&r=g\",\"caption\":\"Vincent Lavanchy\"}}]}<\/script>\n<!-- \/ Yoast SEO plugin. -->","yoast_head_json":{"title":"Savourez un brunch festif pour la F\u00eate nationale !","description":"A l'occasion de la F\u00eate Nationale, le chef \u00e9toil\u00e9 Mario Garcia, vainqueur du Bocuse d\u2019Or Suisse en 2018 et membre de la soci\u00e9t\u00e9 Hotel & Gastro Union soutenue par ALIGRO, livre ses astuces pour organiser un brunch frais et convivial.","robots":{"index":"index","follow":"follow","max-snippet":"max-snippet:-1","max-image-preview":"max-image-preview:large","max-video-preview":"max-video-preview:-1"},"canonical":"https:\/\/www.aligro.ch\/pages\/fr\/news\/savourez-un-brunch-festif-pour-la-fete-nationale\/","og_locale":"fr_FR","og_type":"article","og_title":"Savourez un brunch festif pour la F\u00eate nationale !","og_description":"A l'occasion de la F\u00eate Nationale, le chef \u00e9toil\u00e9 Mario Garcia, vainqueur du Bocuse d\u2019Or Suisse en 2018 et membre de la soci\u00e9t\u00e9 Hotel & Gastro Union soutenue par ALIGRO, livre ses astuces pour organiser un brunch frais et convivial.","og_url":"https:\/\/www.aligro.ch\/pages\/fr\/news\/savourez-un-brunch-festif-pour-la-fete-nationale\/","og_site_name":"ALIGRO","article_publisher":"https:\/\/fb.com\/aligrosuisse","article_published_time":"2022-07-19T07:25:28+00:00","article_modified_time":"2022-07-19T08:02:39+00:00","og_image":[{"width":1024,"height":683,"url":"https:\/\/www.aligro.ch\/pages\/wp-content\/uploads\/2022\/07\/iStock-1096109144-1024x683.jpg","type":"image\/jpeg"}],"author":"Vincent Lavanchy","twitter_card":"summary_large_image","twitter_misc":{"\u00c9crit par":"Vincent Lavanchy","Dur\u00e9e de lecture estim\u00e9e":"4 minutes"},"schema":{"@context":"https:\/\/schema.org","@graph":[{"@type":"Article","@id":"https:\/\/www.aligro.ch\/pages\/fr\/news\/savourez-un-brunch-festif-pour-la-fete-nationale\/#article","isPartOf":{"@id":"https:\/\/www.aligro.ch\/pages\/fr\/news\/savourez-un-brunch-festif-pour-la-fete-nationale\/"},"author":{"name":"Vincent Lavanchy","@id":"https:\/\/www.aligro.ch\/pages\/#\/schema\/person\/abe4f4a53fec53a8dea10e43adbbe7e3"},"headline":"Savourez un brunch festif pour la F\u00eate nationale !","datePublished":"2022-07-19T07:25:28+00:00","dateModified":"2022-07-19T08:02:39+00:00","mainEntityOfPage":{"@id":"https:\/\/www.aligro.ch\/pages\/fr\/news\/savourez-un-brunch-festif-pour-la-fete-nationale\/"},"wordCount":669,"publisher":{"@id":"https:\/\/www.aligro.ch\/pages\/#organization"},"image":{"@id":"https:\/\/www.aligro.ch\/pages\/fr\/news\/savourez-un-brunch-festif-pour-la-fete-nationale\/#primaryimage"},"thumbnailUrl":"https:\/\/www.aligro.ch\/pages\/wp-content\/uploads\/2022\/07\/iStock-1096109144.jpg","articleSection":["Autre"],"inLanguage":"fr-FR"},{"@type":"WebPage","@id":"https:\/\/www.aligro.ch\/pages\/fr\/news\/savourez-un-brunch-festif-pour-la-fete-nationale\/","url":"https:\/\/www.aligro.ch\/pages\/fr\/news\/savourez-un-brunch-festif-pour-la-fete-nationale\/","name":"Savourez un brunch festif pour la F\u00eate nationale !","isPartOf":{"@id":"https:\/\/www.aligro.ch\/pages\/#website"},"primaryImageOfPage":{"@id":"https:\/\/www.aligro.ch\/pages\/fr\/news\/savourez-un-brunch-festif-pour-la-fete-nationale\/#primaryimage"},"image":{"@id":"https:\/\/www.aligro.ch\/pages\/fr\/news\/savourez-un-brunch-festif-pour-la-fete-nationale\/#primaryimage"},"thumbnailUrl":"https:\/\/www.aligro.ch\/pages\/wp-content\/uploads\/2022\/07\/iStock-1096109144.jpg","datePublished":"2022-07-19T07:25:28+00:00","dateModified":"2022-07-19T08:02:39+00:00","description":"A l'occasion de la F\u00eate Nationale, le chef \u00e9toil\u00e9 Mario Garcia, vainqueur du Bocuse d\u2019Or Suisse en 2018 et membre de la soci\u00e9t\u00e9 Hotel & Gastro Union soutenue par ALIGRO, livre ses astuces pour organiser un brunch frais et convivial.","breadcrumb":{"@id":"https:\/\/www.aligro.ch\/pages\/fr\/news\/savourez-un-brunch-festif-pour-la-fete-nationale\/#breadcrumb"},"inLanguage":"fr-FR","potentialAction":[{"@type":"ReadAction","target":["https:\/\/www.aligro.ch\/pages\/fr\/news\/savourez-un-brunch-festif-pour-la-fete-nationale\/"]}]},{"@type":"ImageObject","inLanguage":"fr-FR","@id":"https:\/\/www.aligro.ch\/pages\/fr\/news\/savourez-un-brunch-festif-pour-la-fete-nationale\/#primaryimage","url":"https:\/\/www.aligro.ch\/pages\/wp-content\/uploads\/2022\/07\/iStock-1096109144.jpg","contentUrl":"https:\/\/www.aligro.ch\/pages\/wp-content\/uploads\/2022\/07\/iStock-1096109144.jpg","width":1920,"height":1280,"caption":"Brunch. Family breakfast or brunch set served on rustic wooden table. Overhead view, copy space"},{"@type":"BreadcrumbList","@id":"https:\/\/www.aligro.ch\/pages\/fr\/news\/savourez-un-brunch-festif-pour-la-fete-nationale\/#breadcrumb","itemListElement":[{"@type":"ListItem","position":1,"name":"Accueil","item":"https:\/\/www.aligro.ch\/pages\/de\/aligro-academy\/"},{"@type":"ListItem","position":2,"name":"Savourez un brunch festif pour la F\u00eate nationale !"}]},{"@type":"WebSite","@id":"https:\/\/www.aligro.ch\/pages\/#website","url":"https:\/\/www.aligro.ch\/pages\/","name":"ALIGRO","description":"Fra\u00eecheur. Qualit\u00e9. Inspiration.","publisher":{"@id":"https:\/\/www.aligro.ch\/pages\/#organization"},"potentialAction":[{"@type":"SearchAction","target":{"@type":"EntryPoint","urlTemplate":"https:\/\/www.aligro.ch\/pages\/?s={search_term_string}"},"query-input":{"@type":"PropertyValueSpecification","valueRequired":true,"valueName":"search_term_string"}}],"inLanguage":"fr-FR"},{"@type":"Organization","@id":"https:\/\/www.aligro.ch\/pages\/#organization","name":"ALIGRO","url":"https:\/\/www.aligro.ch\/pages\/","logo":{"@type":"ImageObject","inLanguage":"fr-FR","@id":"https:\/\/www.aligro.ch\/pages\/#\/schema\/logo\/image\/","url":"https:\/\/www.aligro.ch\/pages\/wp-content\/uploads\/2018\/10\/Logo@4x.png","contentUrl":"https:\/\/www.aligro.ch\/pages\/wp-content\/uploads\/2018\/10\/Logo@4x.png","width":1831,"height":228,"caption":"ALIGRO"},"image":{"@id":"https:\/\/www.aligro.ch\/pages\/#\/schema\/logo\/image\/"},"sameAs":["https:\/\/fb.com\/aligrosuisse"]},{"@type":"Person","@id":"https:\/\/www.aligro.ch\/pages\/#\/schema\/person\/abe4f4a53fec53a8dea10e43adbbe7e3","name":"Vincent Lavanchy","image":{"@type":"ImageObject","inLanguage":"fr-FR","@id":"https:\/\/secure.gravatar.com\/avatar\/0c26d4efb7d6ae3d3acfb21cea043eed07c8459ea7780b7c5d9d73543f0c4d2e?s=96&d=mm&r=g","url":"https:\/\/secure.gravatar.com\/avatar\/0c26d4efb7d6ae3d3acfb21cea043eed07c8459ea7780b7c5d9d73543f0c4d2e?s=96&d=mm&r=g","contentUrl":"https:\/\/secure.gravatar.com\/avatar\/0c26d4efb7d6ae3d3acfb21cea043eed07c8459ea7780b7c5d9d73543f0c4d2e?s=96&d=mm&r=g","caption":"Vincent Lavanchy"}}]}},"_links":{"self":[{"href":"https:\/\/www.aligro.ch\/pages\/wp-json\/wp\/v2\/posts\/40681","targetHints":{"allow":["GET"]}}],"collection":[{"href":"https:\/\/www.aligro.ch\/pages\/wp-json\/wp\/v2\/posts"}],"about":[{"href":"https:\/\/www.aligro.ch\/pages\/wp-json\/wp\/v2\/types\/post"}],"author":[{"embeddable":true,"href":"https:\/\/www.aligro.ch\/pages\/wp-json\/wp\/v2\/users\/9"}],"replies":[{"embeddable":true,"href":"https:\/\/www.aligro.ch\/pages\/wp-json\/wp\/v2\/comments?post=40681"}],"version-history":[{"count":2,"href":"https:\/\/www.aligro.ch\/pages\/wp-json\/wp\/v2\/posts\/40681\/revisions"}],"predecessor-version":[{"id":40689,"href":"https:\/\/www.aligro.ch\/pages\/wp-json\/wp\/v2\/posts\/40681\/revisions\/40689"}],"wp:featuredmedia":[{"embeddable":true,"href":"https:\/\/www.aligro.ch\/pages\/wp-json\/wp\/v2\/media\/40691"}],"wp:attachment":[{"href":"https:\/\/www.aligro.ch\/pages\/wp-json\/wp\/v2\/media?parent=40681"}],"wp:term":[{"taxonomy":"category","embeddable":true,"href":"https:\/\/www.aligro.ch\/pages\/wp-json\/wp\/v2\/categories?post=40681"},{"taxonomy":"post_tag","embeddable":true,"href":"https:\/\/www.aligro.ch\/pages\/wp-json\/wp\/v2\/tags?post=40681"}],"curies":[{"name":"wp","href":"https:\/\/api.w.org\/{rel}","templated":true}]}}